{"id":73262,"date":"2017-05-31T15:58:19","date_gmt":"2017-05-31T13:58:19","guid":{"rendered":"https:\/\/www.iemj.org\/musiques-liturgiques-de-la-synagogue-de-la-victoire\/"},"modified":"2025-10-30T15:29:40","modified_gmt":"2025-10-30T14:29:40","slug":"musiques-liturgiques-de-la-synagogue-de-la-victoire","status":"publish","type":"post","link":"https:\/\/www.iemj.org\/de\/musiques-liturgiques-de-la-synagogue-de-la-victoire\/","title":{"rendered":"LITURGISCHE MUSIK DER GRO\u00dfEN SYNAGOGE"},"content":{"rendered":"<p><strong>Diese Playlist widmet sich der Musik der Gro\u00dfen Synagoge und folgt den Fu\u00dftapfen gro\u00dfer musikalischer Pers\u00f6nlichkeiten, wie Shalom Berlinski, Adolphe Attia, Emile Kacman und Aron Hayoun, welche allesamt die Geschichte dieser Synagoge gepr\u00e4gt haben<\/strong><\/p>\n<p><!--more--><\/p>\n<p>Die Gro\u00dfe Synagoge wurde am 9. September 1874, nach sieben Jahren Bauzeit, eingeweiht. Sie befindet sich in der Rue de la Victoire 44, im 9. Pariser Arrondissement. Das imposante Geb\u00e4ude, welches bis zu 1800 Gl\u00e4ubige empfangen kann, wurde in wenigen Jahren zu einem Wahrzeichen eines anerkannten und integrierten franz\u00f6sischen Judaismus.<\/p>\n<p>Um dem Monument den Glanz zu verleihen, welcher diesem zusteht, bedachten die Konsistorialbeh\u00f6rden den musikalischen Teil des Gottesdiensts mit einer besonderen Aufmerksamkeit.\u00a0 Mit einem beachtlichen Chor, zwei Orgeln (einer tragbaren und einer gro\u00dfen Orgel) und stimmgewaltigen <em>Ministres officiants, <\/em>wurde die Musik zu einen wesentlichen Bestandteil des franz\u00f6sischen israelitischen Gottesdiensts, f\u00fcr welchen die Gro\u00dfe Synagoge als Ma\u00dfstab gilt.<\/p>\n<p><span style=\"font-size: inherit;\"><img fetchpriority=\"high\" decoding=\"async\" class=\" alignright size-full wp-image-73272\" src=\"https:\/\/www.iemj.org\/wp-content\/uploads\/2017\/05\/doc_victoire_500px65.jpg\" alt=\"doc_victoire_500px65.jpg\" width=\"281\" height=\"200\" align=\"right\" \/><\/span><\/p>\n<p>Anl\u00e4sslich der Ver\u00f6ffentlichung eines bedeutenden der Gro\u00dfen Synagoge gewidmeten Buches, nimmt uns diese Playlist mit auf eine Reise, auf den Fu\u00dfstapfen gro\u00dfer musikalischer Pers\u00f6nlichkeiten, welche die Geschichte der Synagoge und allgemein auch die des franz\u00f6sischen Judaismus gepr\u00e4gt haben.<\/p>\n<p>Es sind so die bewegenden Stimmen von <a href=\"https:\/\/www.iemj.org\/de\/berlinski-shalom-1918-2008\/\">Shalom Berlinski<\/a>, <a href=\"https:\/\/www.iemj.org\/de\/attia-adolphe-1937\/\" target=\"_blank\" rel=\"noopener\">Adolphe Attia<\/a>, Emile Ka\u00e7man und Aron Hayoun zu h\u00f6ren.<\/p>\n<ul>\n<li><a href=\"https:\/\/www.iemj.org\/la-victoire-en-chantant\/\" target=\"_blank\" rel=\"noopener\">H\u00f6ren Sie sich die von Herv\u00e9 pr\u00e4sentierte Radiosendung an:\u00a0<em>La Victoire en chantant<\/em><\/a><\/li>\n<li><a href=\"https:\/\/www.iemj.org\/de\/produit\/shalom-berlinski-la-voix-de-la-ferveur\/\" target=\"_blank\" rel=\"noopener\">H\u00f6ren Sie sich die CD von Shalom Berlinski an \u2013 La voix de la ferveur (double album)<\/a><\/li>\n<li><a href=\"https:\/\/www.iemj.org\/de\/produit\/musiques-de-la-synagogue-de-bordeaux\/\" target=\"_blank\" rel=\"noopener\">Kaufen Sie die CD von Adolphe Attia \u2013 Musiques jud\u00e9o-fran\u00e7aises des 18e et 19e si\u00e8cles<\/a><\/li>\n<li><a href=\"http:\/\/www.lavictoire.org\/English\/index.html\" target=\"_blank\" rel=\"noopener\">Besuchen Sie die Internetseite der Gro\u00dfen Synagoge<\/a><\/li>\n<li><a href=\"https:\/\/www.iemj.org\/de\/fonds-des-archives-musicales-de-la-grande-synagogue-de-la-victoire-paris\/\" target=\"_blank\" rel=\"noopener\">Greifen Sie auf die musikalischen Archive der Gro\u00dfen Synagoge zu<\/a><\/li>\n<\/ul>\n<div style=\"text-align: center;\">\n<div style=\"margin: 8px 0px 4px;\"><a href=\"http:\/\/www.calameo.com\/books\/004612749a28b0cd945e4\" target=\"_blank\" rel=\"noopener noreferrer\">Aschkiv\u00e9nu<\/a><\/div>\n<p><iframe style=\"margin: 0 auto;\" src=\"\/\/v.calameo.com\/?bkcode=004612749a28b0cd945e4&amp;mode=mini\" width=\"480\" height=\"300\" frameborder=\"0\" scrolling=\"no\" allowfullscreen=\"allowfullscreen\"><\/iframe><\/p>\n<div style=\"margin: 4px 0px 8px;\">\u00a0<\/div>\n<\/div>\n\n\n<figure class=\"wp-block-image alignwide size-large\"><img decoding=\"async\" width=\"1024\" height=\"133\" src=\"https:\/\/www.iemj.org\/wp-content\/uploads\/2024\/03\/AUDIO-PLAYER-1024x133.png\" alt=\"\" class=\"wp-image-110606\" srcset=\"https:\/\/www.iemj.org\/wp-content\/uploads\/2024\/03\/AUDIO-PLAYER-1024x133.png 1024w, https:\/\/www.iemj.org\/wp-content\/uploads\/2024\/03\/AUDIO-PLAYER-300x39.png 300w, https:\/\/www.iemj.org\/wp-content\/uploads\/2024\/03\/AUDIO-PLAYER-768x100.png 768w, https:\/\/www.iemj.org\/wp-content\/uploads\/2024\/03\/AUDIO-PLAYER-600x78.png 600w, https:\/\/www.iemj.org\/wp-content\/uploads\/2024\/03\/AUDIO-PLAYER.png 1210w\" sizes=\"(max-width: 1024px) 100vw, 1024px\" \/><\/figure>\n\n\n\n<div class=\"wp-block-file\"><a href=\"https:\/\/www.iemj.org\/wp-content\/uploads\/2017\/05\/mus1__veshomerou_-_shalom_berlinski.mp3\">Veshomerou &#8211; Shalom Berlinski<\/a><\/div>\n\n\n\n<div class=\"wp-block-file\"><a href=\"https:\/\/www.iemj.org\/wp-content\/uploads\/2017\/05\/mus3_kevakoras_-_adolphe_attia.mp3\">Kevakoras &#8211; Adolphe Attia<\/a><\/div>\n\n\n\n<div class=\"wp-block-file\"><a href=\"https:\/\/www.iemj.org\/wp-content\/uploads\/2017\/05\/mus4_col_nidre_-_leon_algazi.mp3\">Col nidre &#8211; L\u00e9on Algazi<\/a><\/div>\n\n\n\n<div class=\"wp-block-file\"><a href=\"https:\/\/www.iemj.org\/wp-content\/uploads\/2017\/05\/mus5_adirey_hayoumo_-_adolphe_attia.mp3\">Adirey hayoumo &#8211; Adolphe Attia<\/a><\/div>\n\n\n\n<div class=\"wp-block-file\"><a href=\"https:\/\/www.iemj.org\/wp-content\/uploads\/2017\/05\/mus7_ono_tovo_-_shalom_berlinski.mp3\">Ono tovo &#8211; Shalom Berlinski<\/a><\/div>\n\n\n\n<div class=\"wp-block-file\"><a href=\"https:\/\/www.iemj.org\/wp-content\/uploads\/2017\/05\/mus7_vehakohanim_-_leon_algazi.mp3\">Vehakohanim &#8211; Leon Algazi<\/a><\/div>\n\n\n\n<div class=\"wp-block-file\"><a href=\"https:\/\/www.iemj.org\/wp-content\/uploads\/2017\/05\/mus8_kidoush_-_shalom_berlinski_jules_franck_.mp3\">Kidoush &#8211; compos\u00e9 par Jules Franck, interpr\u00e9t\u00e9 par Shalom Berlinski<\/a><\/div>\n\n\n\n<div class=\"wp-block-file\"><a href=\"https:\/\/www.iemj.org\/wp-content\/uploads\/2017\/05\/mus9_veal_yede_avadeikha_zakharti_lakh_-_adolphe_attia_louis_lewandovski_.mp3\">Veal yede avadeikha, Zakharti lakh &#8211; compos\u00e9 par Louis Lewandovski et interpr\u00e9t\u00e9 par Adolphe Attia <\/a><\/div>\n\n\n\n<div class=\"wp-block-file\"><a href=\"https:\/\/www.iemj.org\/wp-content\/uploads\/2017\/05\/kadish_-_aron_david_hayoun_et_choeur_synagogue_victoire_2011.mp3\">Kadish &#8211; Aron David Hayoun et choeur synagogue victoire 2011<\/a><\/div>\n","protected":false},"excerpt":{"rendered":"<p>Diese Playlist widmet sich der Musik der Gro\u00dfen Synagoge und folgt den Fu\u00dftapfen gro\u00dfer musikalischer Pers\u00f6nlichkeiten, wie Shalom Berlinski, Adolphe Attia, Emile Kacman und Aron Hayoun, welche allesamt die Geschichte<\/p>\n","protected":false},"author":1052,"featured_media":73263,"comment_status":"closed","ping_status":"closed","sticky":false,"template":"","format":"standard","meta":{"_acf_changed":false,"footnotes":""},"categories":[1534],"tags":[],"technique":[],"squelettes":[],"sujet":[2111],"formation":[],"genre":[1891],"fonds":[],"tradition":[1983],"type-de-contenu":[],"interprete-compositeur":[],"frise":[],"type-devenement":[],"tableaux-liens-externes":[],"class_list":["post-73262","post","type-post","status-publish","format-standard","has-post-thumbnail","hentry","category-playlists-de","sujet-synagogenmusik-de","genre-liturgie-de","tradition-aschkenasischer-ritus-de"],"acf":[],"yoast_head":"<!-- This site is optimized with the Yoast SEO plugin v27.3 - https:\/\/yoast.com\/product\/yoast-seo-wordpress\/ -->\n<title>LITURGISCHE MUSIK DER GRO\u00dfEN SYNAGOGE - Institut Europ\u00e9en des Musiques Juives<\/title>\n<meta name=\"robots\" content=\"index, follow, max-snippet:-1, max-image-preview:large, max-video-preview:-1\" \/>\n<link rel=\"canonical\" href=\"https:\/\/www.iemj.org\/de\/musiques-liturgiques-de-la-synagogue-de-la-victoire\/\" \/>\n<meta property=\"og:locale\" content=\"de_DE\" \/>\n<meta property=\"og:type\" content=\"article\" \/>\n<meta property=\"og:title\" content=\"LITURGISCHE MUSIK DER GRO\u00dfEN SYNAGOGE - Institut Europ\u00e9en des Musiques Juives\" \/>\n<meta property=\"og:description\" content=\"Diese Playlist widmet sich der Musik der Gro\u00dfen Synagoge und folgt den Fu\u00dftapfen gro\u00dfer musikalischer Pers\u00f6nlichkeiten, wie Shalom Berlinski, Adolphe Attia, Emile Kacman und Aron Hayoun, welche allesamt die Geschichte\" \/>\n<meta property=\"og:url\" content=\"https:\/\/www.iemj.org\/de\/musiques-liturgiques-de-la-synagogue-de-la-victoire\/\" \/>\n<meta property=\"og:site_name\" content=\"Institut Europ\u00e9en des Musiques Juives\" \/>\n<meta property=\"article:publisher\" content=\"https:\/\/www.facebook.com\/MusiquesJuives\/\" \/>\n<meta property=\"article:published_time\" content=\"2017-05-31T13:58:19+00:00\" \/>\n<meta property=\"article:modified_time\" content=\"2025-10-30T14:29:40+00:00\" \/>\n<meta property=\"og:image\" content=\"https:\/\/www.iemj.org\/wp-content\/uploads\/2017\/05\/arton2333.jpg\" \/>\n\t<meta property=\"og:image:width\" content=\"350\" \/>\n\t<meta property=\"og:image:height\" content=\"502\" \/>\n\t<meta property=\"og:image:type\" content=\"image\/jpeg\" \/>\n<meta name=\"author\" content=\"Lea Couderc\" \/>\n<meta name=\"twitter:card\" content=\"summary_large_image\" \/>\n<meta name=\"twitter:label1\" content=\"Verfasst von\" \/>\n\t<meta name=\"twitter:data1\" content=\"Lea Couderc\" \/>\n\t<meta name=\"twitter:label2\" content=\"Gesch\u00e4tzte Lesezeit\" \/>\n\t<meta name=\"twitter:data2\" content=\"2\u00a0Minuten\" \/>\n<script type=\"application\/ld+json\" class=\"yoast-schema-graph\">{\"@context\":\"https:\\\/\\\/schema.org\",\"@graph\":[{\"@type\":\"Article\",\"@id\":\"https:\\\/\\\/www.iemj.org\\\/de\\\/musiques-liturgiques-de-la-synagogue-de-la-victoire\\\/#article\",\"isPartOf\":{\"@id\":\"https:\\\/\\\/www.iemj.org\\\/de\\\/musiques-liturgiques-de-la-synagogue-de-la-victoire\\\/\"},\"author\":{\"name\":\"Lea Couderc\",\"@id\":\"https:\\\/\\\/www.iemj.org\\\/de\\\/#\\\/schema\\\/person\\\/e2ad57f2c4be119c7ed8ab79036807a9\"},\"headline\":\"LITURGISCHE MUSIK DER GRO\u00dfEN SYNAGOGE\",\"datePublished\":\"2017-05-31T13:58:19+00:00\",\"dateModified\":\"2025-10-30T14:29:40+00:00\",\"mainEntityOfPage\":{\"@id\":\"https:\\\/\\\/www.iemj.org\\\/de\\\/musiques-liturgiques-de-la-synagogue-de-la-victoire\\\/\"},\"wordCount\":357,\"publisher\":{\"@id\":\"https:\\\/\\\/www.iemj.org\\\/de\\\/#organization\"},\"image\":{\"@id\":\"https:\\\/\\\/www.iemj.org\\\/de\\\/musiques-liturgiques-de-la-synagogue-de-la-victoire\\\/#primaryimage\"},\"thumbnailUrl\":\"https:\\\/\\\/www.iemj.org\\\/wp-content\\\/uploads\\\/2017\\\/05\\\/arton2333.jpg\",\"articleSection\":[\"Playlists\"],\"inLanguage\":\"de\"},{\"@type\":\"WebPage\",\"@id\":\"https:\\\/\\\/www.iemj.org\\\/de\\\/musiques-liturgiques-de-la-synagogue-de-la-victoire\\\/\",\"url\":\"https:\\\/\\\/www.iemj.org\\\/de\\\/musiques-liturgiques-de-la-synagogue-de-la-victoire\\\/\",\"name\":\"LITURGISCHE MUSIK DER GRO\u00dfEN SYNAGOGE - Institut Europ\u00e9en des Musiques Juives\",\"isPartOf\":{\"@id\":\"https:\\\/\\\/www.iemj.org\\\/de\\\/#website\"},\"primaryImageOfPage\":{\"@id\":\"https:\\\/\\\/www.iemj.org\\\/de\\\/musiques-liturgiques-de-la-synagogue-de-la-victoire\\\/#primaryimage\"},\"image\":{\"@id\":\"https:\\\/\\\/www.iemj.org\\\/de\\\/musiques-liturgiques-de-la-synagogue-de-la-victoire\\\/#primaryimage\"},\"thumbnailUrl\":\"https:\\\/\\\/www.iemj.org\\\/wp-content\\\/uploads\\\/2017\\\/05\\\/arton2333.jpg\",\"datePublished\":\"2017-05-31T13:58:19+00:00\",\"dateModified\":\"2025-10-30T14:29:40+00:00\",\"breadcrumb\":{\"@id\":\"https:\\\/\\\/www.iemj.org\\\/de\\\/musiques-liturgiques-de-la-synagogue-de-la-victoire\\\/#breadcrumb\"},\"inLanguage\":\"de\",\"potentialAction\":[{\"@type\":\"ReadAction\",\"target\":[\"https:\\\/\\\/www.iemj.org\\\/de\\\/musiques-liturgiques-de-la-synagogue-de-la-victoire\\\/\"]}]},{\"@type\":\"ImageObject\",\"inLanguage\":\"de\",\"@id\":\"https:\\\/\\\/www.iemj.org\\\/de\\\/musiques-liturgiques-de-la-synagogue-de-la-victoire\\\/#primaryimage\",\"url\":\"https:\\\/\\\/www.iemj.org\\\/wp-content\\\/uploads\\\/2017\\\/05\\\/arton2333.jpg\",\"contentUrl\":\"https:\\\/\\\/www.iemj.org\\\/wp-content\\\/uploads\\\/2017\\\/05\\\/arton2333.jpg\",\"width\":350,\"height\":502},{\"@type\":\"BreadcrumbList\",\"@id\":\"https:\\\/\\\/www.iemj.org\\\/de\\\/musiques-liturgiques-de-la-synagogue-de-la-victoire\\\/#breadcrumb\",\"itemListElement\":[{\"@type\":\"ListItem\",\"position\":1,\"name\":\"Accueil\",\"item\":\"https:\\\/\\\/www.iemj.org\\\/de\\\/\"},{\"@type\":\"ListItem\",\"position\":2,\"name\":\"LITURGISCHE MUSIK DER GRO\u00dfEN SYNAGOGE\"}]},{\"@type\":\"WebSite\",\"@id\":\"https:\\\/\\\/www.iemj.org\\\/de\\\/#website\",\"url\":\"https:\\\/\\\/www.iemj.org\\\/de\\\/\",\"name\":\"Institut Europ\u00e9en des Musiques Juives\",\"description\":\"Des traditions musicales \u00e0 la port\u00e9e de tous\",\"publisher\":{\"@id\":\"https:\\\/\\\/www.iemj.org\\\/de\\\/#organization\"},\"potentialAction\":[{\"@type\":\"SearchAction\",\"target\":{\"@type\":\"EntryPoint\",\"urlTemplate\":\"https:\\\/\\\/www.iemj.org\\\/de\\\/?s={search_term_string}\"},\"query-input\":{\"@type\":\"PropertyValueSpecification\",\"valueRequired\":true,\"valueName\":\"search_term_string\"}}],\"inLanguage\":\"de\"},{\"@type\":\"Organization\",\"@id\":\"https:\\\/\\\/www.iemj.org\\\/de\\\/#organization\",\"name\":\"Institut Europ\u00e9en des Musiques Juives\",\"url\":\"https:\\\/\\\/www.iemj.org\\\/de\\\/\",\"logo\":{\"@type\":\"ImageObject\",\"inLanguage\":\"de\",\"@id\":\"https:\\\/\\\/www.iemj.org\\\/de\\\/#\\\/schema\\\/logo\\\/image\\\/\",\"url\":\"https:\\\/\\\/www.iemj.org\\\/wp-content\\\/uploads\\\/2021\\\/09\\\/Logo-IEMJ-Paypal.jpg\",\"contentUrl\":\"https:\\\/\\\/www.iemj.org\\\/wp-content\\\/uploads\\\/2021\\\/09\\\/Logo-IEMJ-Paypal.jpg\",\"width\":150,\"height\":50,\"caption\":\"Institut Europ\u00e9en des Musiques Juives\"},\"image\":{\"@id\":\"https:\\\/\\\/www.iemj.org\\\/de\\\/#\\\/schema\\\/logo\\\/image\\\/\"},\"sameAs\":[\"https:\\\/\\\/www.facebook.com\\\/MusiquesJuives\\\/\",\"https:\\\/\\\/www.instagram.com\\\/musiquesjuives\\\/\",\"https:\\\/\\\/www.youtube.com\\\/user\\\/musiquesjuives\"]},{\"@type\":\"Person\",\"@id\":\"https:\\\/\\\/www.iemj.org\\\/de\\\/#\\\/schema\\\/person\\\/e2ad57f2c4be119c7ed8ab79036807a9\",\"name\":\"Lea Couderc\",\"image\":{\"@type\":\"ImageObject\",\"inLanguage\":\"de\",\"@id\":\"https:\\\/\\\/secure.gravatar.com\\\/avatar\\\/46ee021475d60aeff17a7e490b79dea5a5684bb392ab7fd1494027411df8ba23?s=96&d=mm&r=g\",\"url\":\"https:\\\/\\\/secure.gravatar.com\\\/avatar\\\/46ee021475d60aeff17a7e490b79dea5a5684bb392ab7fd1494027411df8ba23?s=96&d=mm&r=g\",\"contentUrl\":\"https:\\\/\\\/secure.gravatar.com\\\/avatar\\\/46ee021475d60aeff17a7e490b79dea5a5684bb392ab7fd1494027411df8ba23?s=96&d=mm&r=g\",\"caption\":\"Lea Couderc\"}}]}<\/script>\n<!-- \/ Yoast SEO plugin. -->","yoast_head_json":{"title":"LITURGISCHE MUSIK DER GRO\u00dfEN SYNAGOGE - Institut Europ\u00e9en des Musiques Juives","robots":{"index":"index","follow":"follow","max-snippet":"max-snippet:-1","max-image-preview":"max-image-preview:large","max-video-preview":"max-video-preview:-1"},"canonical":"https:\/\/www.iemj.org\/de\/musiques-liturgiques-de-la-synagogue-de-la-victoire\/","og_locale":"de_DE","og_type":"article","og_title":"LITURGISCHE MUSIK DER GRO\u00dfEN SYNAGOGE - Institut Europ\u00e9en des Musiques Juives","og_description":"Diese Playlist widmet sich der Musik der Gro\u00dfen Synagoge und folgt den Fu\u00dftapfen gro\u00dfer musikalischer Pers\u00f6nlichkeiten, wie Shalom Berlinski, Adolphe Attia, Emile Kacman und Aron Hayoun, welche allesamt die Geschichte","og_url":"https:\/\/www.iemj.org\/de\/musiques-liturgiques-de-la-synagogue-de-la-victoire\/","og_site_name":"Institut Europ\u00e9en des Musiques Juives","article_publisher":"https:\/\/www.facebook.com\/MusiquesJuives\/","article_published_time":"2017-05-31T13:58:19+00:00","article_modified_time":"2025-10-30T14:29:40+00:00","og_image":[{"width":350,"height":502,"url":"https:\/\/www.iemj.org\/wp-content\/uploads\/2017\/05\/arton2333.jpg","type":"image\/jpeg"}],"author":"Lea Couderc","twitter_card":"summary_large_image","twitter_misc":{"Verfasst von":"Lea Couderc","Gesch\u00e4tzte Lesezeit":"2\u00a0Minuten"},"schema":{"@context":"https:\/\/schema.org","@graph":[{"@type":"Article","@id":"https:\/\/www.iemj.org\/de\/musiques-liturgiques-de-la-synagogue-de-la-victoire\/#article","isPartOf":{"@id":"https:\/\/www.iemj.org\/de\/musiques-liturgiques-de-la-synagogue-de-la-victoire\/"},"author":{"name":"Lea Couderc","@id":"https:\/\/www.iemj.org\/de\/#\/schema\/person\/e2ad57f2c4be119c7ed8ab79036807a9"},"headline":"LITURGISCHE MUSIK DER GRO\u00dfEN SYNAGOGE","datePublished":"2017-05-31T13:58:19+00:00","dateModified":"2025-10-30T14:29:40+00:00","mainEntityOfPage":{"@id":"https:\/\/www.iemj.org\/de\/musiques-liturgiques-de-la-synagogue-de-la-victoire\/"},"wordCount":357,"publisher":{"@id":"https:\/\/www.iemj.org\/de\/#organization"},"image":{"@id":"https:\/\/www.iemj.org\/de\/musiques-liturgiques-de-la-synagogue-de-la-victoire\/#primaryimage"},"thumbnailUrl":"https:\/\/www.iemj.org\/wp-content\/uploads\/2017\/05\/arton2333.jpg","articleSection":["Playlists"],"inLanguage":"de"},{"@type":"WebPage","@id":"https:\/\/www.iemj.org\/de\/musiques-liturgiques-de-la-synagogue-de-la-victoire\/","url":"https:\/\/www.iemj.org\/de\/musiques-liturgiques-de-la-synagogue-de-la-victoire\/","name":"LITURGISCHE MUSIK DER GRO\u00dfEN SYNAGOGE - Institut Europ\u00e9en des Musiques Juives","isPartOf":{"@id":"https:\/\/www.iemj.org\/de\/#website"},"primaryImageOfPage":{"@id":"https:\/\/www.iemj.org\/de\/musiques-liturgiques-de-la-synagogue-de-la-victoire\/#primaryimage"},"image":{"@id":"https:\/\/www.iemj.org\/de\/musiques-liturgiques-de-la-synagogue-de-la-victoire\/#primaryimage"},"thumbnailUrl":"https:\/\/www.iemj.org\/wp-content\/uploads\/2017\/05\/arton2333.jpg","datePublished":"2017-05-31T13:58:19+00:00","dateModified":"2025-10-30T14:29:40+00:00","breadcrumb":{"@id":"https:\/\/www.iemj.org\/de\/musiques-liturgiques-de-la-synagogue-de-la-victoire\/#breadcrumb"},"inLanguage":"de","potentialAction":[{"@type":"ReadAction","target":["https:\/\/www.iemj.org\/de\/musiques-liturgiques-de-la-synagogue-de-la-victoire\/"]}]},{"@type":"ImageObject","inLanguage":"de","@id":"https:\/\/www.iemj.org\/de\/musiques-liturgiques-de-la-synagogue-de-la-victoire\/#primaryimage","url":"https:\/\/www.iemj.org\/wp-content\/uploads\/2017\/05\/arton2333.jpg","contentUrl":"https:\/\/www.iemj.org\/wp-content\/uploads\/2017\/05\/arton2333.jpg","width":350,"height":502},{"@type":"BreadcrumbList","@id":"https:\/\/www.iemj.org\/de\/musiques-liturgiques-de-la-synagogue-de-la-victoire\/#breadcrumb","itemListElement":[{"@type":"ListItem","position":1,"name":"Accueil","item":"https:\/\/www.iemj.org\/de\/"},{"@type":"ListItem","position":2,"name":"LITURGISCHE MUSIK DER GRO\u00dfEN SYNAGOGE"}]},{"@type":"WebSite","@id":"https:\/\/www.iemj.org\/de\/#website","url":"https:\/\/www.iemj.org\/de\/","name":"Institut Europ\u00e9en des Musiques Juives","description":"Des traditions musicales \u00e0 la port\u00e9e de tous","publisher":{"@id":"https:\/\/www.iemj.org\/de\/#organization"},"potentialAction":[{"@type":"SearchAction","target":{"@type":"EntryPoint","urlTemplate":"https:\/\/www.iemj.org\/de\/?s={search_term_string}"},"query-input":{"@type":"PropertyValueSpecification","valueRequired":true,"valueName":"search_term_string"}}],"inLanguage":"de"},{"@type":"Organization","@id":"https:\/\/www.iemj.org\/de\/#organization","name":"Institut Europ\u00e9en des Musiques Juives","url":"https:\/\/www.iemj.org\/de\/","logo":{"@type":"ImageObject","inLanguage":"de","@id":"https:\/\/www.iemj.org\/de\/#\/schema\/logo\/image\/","url":"https:\/\/www.iemj.org\/wp-content\/uploads\/2021\/09\/Logo-IEMJ-Paypal.jpg","contentUrl":"https:\/\/www.iemj.org\/wp-content\/uploads\/2021\/09\/Logo-IEMJ-Paypal.jpg","width":150,"height":50,"caption":"Institut Europ\u00e9en des Musiques Juives"},"image":{"@id":"https:\/\/www.iemj.org\/de\/#\/schema\/logo\/image\/"},"sameAs":["https:\/\/www.facebook.com\/MusiquesJuives\/","https:\/\/www.instagram.com\/musiquesjuives\/","https:\/\/www.youtube.com\/user\/musiquesjuives"]},{"@type":"Person","@id":"https:\/\/www.iemj.org\/de\/#\/schema\/person\/e2ad57f2c4be119c7ed8ab79036807a9","name":"Lea Couderc","image":{"@type":"ImageObject","inLanguage":"de","@id":"https:\/\/secure.gravatar.com\/avatar\/46ee021475d60aeff17a7e490b79dea5a5684bb392ab7fd1494027411df8ba23?s=96&d=mm&r=g","url":"https:\/\/secure.gravatar.com\/avatar\/46ee021475d60aeff17a7e490b79dea5a5684bb392ab7fd1494027411df8ba23?s=96&d=mm&r=g","contentUrl":"https:\/\/secure.gravatar.com\/avatar\/46ee021475d60aeff17a7e490b79dea5a5684bb392ab7fd1494027411df8ba23?s=96&d=mm&r=g","caption":"Lea Couderc"}}]}},"_links":{"self":[{"href":"https:\/\/www.iemj.org\/de\/wp-json\/wp\/v2\/posts\/73262","targetHints":{"allow":["GET"]}}],"collection":[{"href":"https:\/\/www.iemj.org\/de\/wp-json\/wp\/v2\/posts"}],"about":[{"href":"https:\/\/www.iemj.org\/de\/wp-json\/wp\/v2\/types\/post"}],"author":[{"embeddable":true,"href":"https:\/\/www.iemj.org\/de\/wp-json\/wp\/v2\/users\/1052"}],"replies":[{"embeddable":true,"href":"https:\/\/www.iemj.org\/de\/wp-json\/wp\/v2\/comments?post=73262"}],"version-history":[{"count":2,"href":"https:\/\/www.iemj.org\/de\/wp-json\/wp\/v2\/posts\/73262\/revisions"}],"predecessor-version":[{"id":127836,"href":"https:\/\/www.iemj.org\/de\/wp-json\/wp\/v2\/posts\/73262\/revisions\/127836"}],"wp:featuredmedia":[{"embeddable":true,"href":"https:\/\/www.iemj.org\/de\/wp-json\/wp\/v2\/media\/73263"}],"wp:attachment":[{"href":"https:\/\/www.iemj.org\/de\/wp-json\/wp\/v2\/media?parent=73262"}],"wp:term":[{"taxonomy":"category","embeddable":true,"href":"https:\/\/www.iemj.org\/de\/wp-json\/wp\/v2\/categories?post=73262"},{"taxonomy":"post_tag","embeddable":true,"href":"https:\/\/www.iemj.org\/de\/wp-json\/wp\/v2\/tags?post=73262"},{"taxonomy":"technique","embeddable":true,"href":"https:\/\/www.iemj.org\/de\/wp-json\/wp\/v2\/technique?post=73262"},{"taxonomy":"squelettes","embeddable":true,"href":"https:\/\/www.iemj.org\/de\/wp-json\/wp\/v2\/squelettes?post=73262"},{"taxonomy":"sujet","embeddable":true,"href":"https:\/\/www.iemj.org\/de\/wp-json\/wp\/v2\/sujet?post=73262"},{"taxonomy":"formation","embeddable":true,"href":"https:\/\/www.iemj.org\/de\/wp-json\/wp\/v2\/formation?post=73262"},{"taxonomy":"genre","embeddable":true,"href":"https:\/\/www.iemj.org\/de\/wp-json\/wp\/v2\/genre?post=73262"},{"taxonomy":"fonds","embeddable":true,"href":"https:\/\/www.iemj.org\/de\/wp-json\/wp\/v2\/fonds?post=73262"},{"taxonomy":"tradition","embeddable":true,"href":"https:\/\/www.iemj.org\/de\/wp-json\/wp\/v2\/tradition?post=73262"},{"taxonomy":"type-de-contenu","embeddable":true,"href":"https:\/\/www.iemj.org\/de\/wp-json\/wp\/v2\/type-de-contenu?post=73262"},{"taxonomy":"interprete-compositeur","embeddable":true,"href":"https:\/\/www.iemj.org\/de\/wp-json\/wp\/v2\/interprete-compositeur?post=73262"},{"taxonomy":"frise","embeddable":true,"href":"https:\/\/www.iemj.org\/de\/wp-json\/wp\/v2\/frise?post=73262"},{"taxonomy":"type-devenement","embeddable":true,"href":"https:\/\/www.iemj.org\/de\/wp-json\/wp\/v2\/type-devenement?post=73262"},{"taxonomy":"tableaux-liens-externes","embeddable":true,"href":"https:\/\/www.iemj.org\/de\/wp-json\/wp\/v2\/tableaux-liens-externes?post=73262"}],"curies":[{"name":"wp","href":"https:\/\/api.w.org\/{rel}","templated":true}]}}