{"id":73354,"date":"2016-03-30T16:25:35","date_gmt":"2016-03-30T14:25:35","guid":{"rendered":"https:\/\/www.iemj.org\/musiques-des-theatres-et-cabarets-yiddish-1\/"},"modified":"2025-05-27T10:58:52","modified_gmt":"2025-05-27T08:58:52","slug":"musiques-des-theatres-et-cabarets-yiddish-1","status":"publish","type":"post","link":"https:\/\/www.iemj.org\/de\/musiques-des-theatres-et-cabarets-yiddish-1\/","title":{"rendered":"MUSIK DES JIDDISCHEN THEATERS UND KABARETTS (1.TEIL)"},"content":{"rendered":"<p><strong>Ein \u00dcberblick der jiddischen kulturellen und musikalischen Aktivit\u00e4ten im Paris des fr\u00fchen 19. Jahrhunderts<\/strong><\/p>\n<p><!--more--><\/p>\n<p>\u00dcber mehrere Jahrzehnte hinweg besch\u00e4ftigten Caf\u00e9s, Theater und Kabaretts, welche oft nur kurze Zeit existierten, Schauspieler, S\u00e4nger und Musiker, welche ein \u00fcberwiegend jiddisch-sprachiges Klientel anlockten.<\/p>\n<p>Die S\u00e4nger boten Volkslieder und Parodien dar. Oft wanderten sie von Tisch zu Tisch und animierten das Publikum zum Lachen, Singen und Tanzen. So verbreiteten sie den Geist des jiddischen Liedes.<\/p>\n<p><a href=\"https:\/\/www.iemj.org\/de\/musiques-des-theatres-et-cabarets-yiddish-2eme-partie\/\" target=\"_blank\" rel=\"noopener\">H\u00f6ren Sie sich die Playlist an: Musik der jiddischen Theaters und Kabaretts (2. Teil)<\/a><br \/><a href=\"https:\/\/www.iemj.org\/les-cabarets-yiddish-a-paris-de-1948-a-1970\/\" target=\"_blank\" rel=\"noopener\">H\u00f6ren Sie sich die Radiosendung an: Les cabarets yiddish \u00e0 Paris, de 1948 \u00e0 1970<\/a><br \/><a href=\"https:\/\/www.iemj.org\/de\/produit\/casket-of-the-jewish-musics-in-paris-in-the-aftermath-of-ww-ii\/\" target=\"_blank\" rel=\"noopener\">Kaufen Sie die CD-Box: Musiques juives dans le Paris d\u2019apr\u00e8s-guerre \u2013 Elesdisc 1948-1953<\/a><\/p>\n<\/p>\n<p><img fetchpriority=\"high\" decoding=\"async\" class=\" aligncenter size-full wp-image-9911\" src=\"https:\/\/www.iemj.org\/wp-content\/uploads\/2016\/03\/doc_cabaret500px.jpg\" alt=\"doc_cabaret500px.jpg\" width=\"500\" height=\"270\" align=\"middle\" srcset=\"https:\/\/www.iemj.org\/wp-content\/uploads\/2016\/03\/doc_cabaret500px.jpg 500w, https:\/\/www.iemj.org\/wp-content\/uploads\/2016\/03\/doc_cabaret500px-300x162.jpg 300w\" sizes=\"(max-width: 500px) 100vw, 500px\" \/><\/p>\n\n\n<figure class=\"wp-block-image size-large\"><img decoding=\"async\" width=\"1024\" height=\"133\" src=\"https:\/\/www.iemj.org\/wp-content\/uploads\/2024\/03\/AUDIO-PLAYER-1024x133.png\" alt=\"\" class=\"wp-image-110606\" srcset=\"https:\/\/www.iemj.org\/wp-content\/uploads\/2024\/03\/AUDIO-PLAYER-1024x133.png 1024w, https:\/\/www.iemj.org\/wp-content\/uploads\/2024\/03\/AUDIO-PLAYER-300x39.png 300w, https:\/\/www.iemj.org\/wp-content\/uploads\/2024\/03\/AUDIO-PLAYER-768x100.png 768w, https:\/\/www.iemj.org\/wp-content\/uploads\/2024\/03\/AUDIO-PLAYER-600x78.png 600w, https:\/\/www.iemj.org\/wp-content\/uploads\/2024\/03\/AUDIO-PLAYER.png 1210w\" sizes=\"(max-width: 1024px) 100vw, 1024px\" \/><\/figure>\n\n\n\n<h2 class=\"wp-block-heading\"><\/h2>\n\n\n\n<div class=\"wp-block-file\"><a href=\"https:\/\/www.iemj.org\/wp-content\/uploads\/2016\/03\/a_finf_un_tsvantsiger_-_theodore_bikel.mp3\">A finf un tsvantsiger &#8211; Th\u00e9odore BIKEL<\/a><\/div>\n\n\n\n<div class=\"wp-block-file\"><a href=\"https:\/\/www.iemj.org\/wp-content\/uploads\/2016\/03\/a_nar_-_ludwig_satz.mp3\">A nar &#8211; Ludwig SATZ<\/a><\/div>\n\n\n\n<div class=\"wp-block-file\"><a href=\"https:\/\/www.iemj.org\/wp-content\/uploads\/2016\/03\/a_nigndl_in_yiddish_-_ben_zimet.mp3\">A Nigndl in Yiddish &#8211; Ben ZIMET<\/a><\/div>\n\n\n\n<div class=\"wp-block-file\"><a href=\"https:\/\/www.iemj.org\/wp-content\/uploads\/2016\/03\/a_pintale_-_theodore_bikel.mp3\">A Pintale &#8211; Th\u00e9odore BIKEL<\/a><\/div>\n\n\n\n<div class=\"wp-block-file\"><a href=\"https:\/\/www.iemj.org\/wp-content\/uploads\/2016\/03\/der_feuierlescher_-_dave_cash.mp3\">Der Feuierlescher &#8211; Dave CASH<\/a><\/div>\n\n\n\n<div class=\"wp-block-file\"><a href=\"https:\/\/www.iemj.org\/wp-content\/uploads\/2016\/03\/die_freiliche_kabtzounim_-_elvira_boczkowka_max_neufeld.mp3\">Die Freiliche Kabtzounim &#8211; Elvira BOCZKOWKA, Max NEUFELD<\/a><\/div>\n\n\n\n<div class=\"wp-block-file\"><a href=\"https:\/\/www.iemj.org\/wp-content\/uploads\/2016\/03\/die_pchoire_-_henri_gerro.mp3\">Die Pchoire &#8211; Henri GERRO<\/a><\/div>\n\n\n\n<div class=\"wp-block-file\"><a href=\"https:\/\/www.iemj.org\/wp-content\/uploads\/2016\/03\/mazel_tov_yiden_-_aaron_lebedeff.mp3\">Mazel tov yiden &#8211; Aaron LEBEDEFF<\/a><\/div>\n\n\n\n<div class=\"wp-block-file\"><a href=\"https:\/\/www.iemj.org\/wp-content\/uploads\/2016\/03\/nadir_meins_-_henri_gerro.mp3\">Nadir Meins &#8211; Henri GERRO<\/a><\/div>\n\n\n\n<div class=\"wp-block-file\"><a href=\"https:\/\/www.iemj.org\/wp-content\/uploads\/2016\/03\/perestroyke_-_jacques_grober.mp3\">Perestroyke &#8211; Jacques GROBER<\/a><\/div>\n\n\n\n<div class=\"wp-block-file\"><a href=\"https:\/\/www.iemj.org\/wp-content\/uploads\/2016\/03\/scha_schtill_-_lionel_rocheman.mp3\">Scha Schtill &#8211; Lionel ROCHEMAN<\/a><\/div>\n\n\n\n<div class=\"wp-block-file\"><a href=\"https:\/\/www.iemj.org\/wp-content\/uploads\/2016\/03\/yosel_und_zlate_-_sarah_gorby.mp3\">Yosel Und Zlate &#8211; Sarah GORBY<\/a><\/div>\n","protected":false},"excerpt":{"rendered":"<p>Ein \u00dcberblick der jiddischen kulturellen und musikalischen Aktivit\u00e4ten im Paris des fr\u00fchen 19. Jahrhunderts<\/p>\n","protected":false},"author":1052,"featured_media":73355,"comment_status":"closed","ping_status":"open","sticky":false,"template":"","format":"standard","meta":{"_acf_changed":false,"footnotes":""},"categories":[1534],"tags":[],"technique":[],"squelettes":[],"sujet":[],"formation":[],"genre":[],"fonds":[],"tradition":[],"type-de-contenu":[],"interprete-compositeur":[],"frise":[],"type-devenement":[],"tableaux-liens-externes":[],"class_list":["post-73354","post","type-post","status-publish","format-standard","has-post-thumbnail","hentry","category-playlists-de"],"acf":[],"yoast_head":"<!-- This site is optimized with the Yoast SEO plugin v27.3 - https:\/\/yoast.com\/product\/yoast-seo-wordpress\/ -->\n<title>MUSIK DES JIDDISCHEN THEATERS UND KABARETTS (1.TEIL) - Institut Europ\u00e9en des Musiques Juives<\/title>\n<meta name=\"robots\" content=\"index, follow, max-snippet:-1, max-image-preview:large, max-video-preview:-1\" \/>\n<link rel=\"canonical\" href=\"https:\/\/www.iemj.org\/de\/musiques-des-theatres-et-cabarets-yiddish-1\/\" \/>\n<meta property=\"og:locale\" content=\"de_DE\" \/>\n<meta property=\"og:type\" content=\"article\" \/>\n<meta property=\"og:title\" content=\"MUSIK DES JIDDISCHEN THEATERS UND KABARETTS (1.TEIL) - Institut Europ\u00e9en des Musiques Juives\" \/>\n<meta property=\"og:description\" content=\"Ein \u00dcberblick der jiddischen kulturellen und musikalischen Aktivit\u00e4ten im Paris des fr\u00fchen 19. Jahrhunderts\" \/>\n<meta property=\"og:url\" content=\"https:\/\/www.iemj.org\/de\/musiques-des-theatres-et-cabarets-yiddish-1\/\" \/>\n<meta property=\"og:site_name\" content=\"Institut Europ\u00e9en des Musiques Juives\" \/>\n<meta property=\"article:publisher\" content=\"https:\/\/www.facebook.com\/MusiquesJuives\/\" \/>\n<meta property=\"article:published_time\" content=\"2016-03-30T14:25:35+00:00\" \/>\n<meta property=\"article:modified_time\" content=\"2025-05-27T08:58:52+00:00\" \/>\n<meta property=\"og:image\" content=\"https:\/\/www.iemj.org\/wp-content\/uploads\/2016\/03\/arton1568.jpg\" \/>\n\t<meta property=\"og:image:width\" content=\"500\" \/>\n\t<meta property=\"og:image:height\" content=\"472\" \/>\n\t<meta property=\"og:image:type\" content=\"image\/jpeg\" \/>\n<meta name=\"author\" content=\"Lea Couderc\" \/>\n<meta name=\"twitter:card\" content=\"summary_large_image\" \/>\n<meta name=\"twitter:label1\" content=\"Verfasst von\" \/>\n\t<meta name=\"twitter:data1\" content=\"Lea Couderc\" \/>\n\t<meta name=\"twitter:label2\" content=\"Gesch\u00e4tzte Lesezeit\" \/>\n\t<meta name=\"twitter:data2\" content=\"2\u00a0Minuten\" \/>\n<script type=\"application\/ld+json\" class=\"yoast-schema-graph\">{\"@context\":\"https:\\\/\\\/schema.org\",\"@graph\":[{\"@type\":\"Article\",\"@id\":\"https:\\\/\\\/www.iemj.org\\\/de\\\/musiques-des-theatres-et-cabarets-yiddish-1\\\/#article\",\"isPartOf\":{\"@id\":\"https:\\\/\\\/www.iemj.org\\\/de\\\/musiques-des-theatres-et-cabarets-yiddish-1\\\/\"},\"author\":{\"name\":\"Lea Couderc\",\"@id\":\"https:\\\/\\\/www.iemj.org\\\/de\\\/#\\\/schema\\\/person\\\/e2ad57f2c4be119c7ed8ab79036807a9\"},\"headline\":\"MUSIK DES JIDDISCHEN THEATERS UND KABARETTS (1.TEIL)\",\"datePublished\":\"2016-03-30T14:25:35+00:00\",\"dateModified\":\"2025-05-27T08:58:52+00:00\",\"mainEntityOfPage\":{\"@id\":\"https:\\\/\\\/www.iemj.org\\\/de\\\/musiques-des-theatres-et-cabarets-yiddish-1\\\/\"},\"wordCount\":192,\"publisher\":{\"@id\":\"https:\\\/\\\/www.iemj.org\\\/de\\\/#organization\"},\"image\":{\"@id\":\"https:\\\/\\\/www.iemj.org\\\/de\\\/musiques-des-theatres-et-cabarets-yiddish-1\\\/#primaryimage\"},\"thumbnailUrl\":\"https:\\\/\\\/www.iemj.org\\\/wp-content\\\/uploads\\\/2016\\\/03\\\/arton1568.jpg\",\"articleSection\":[\"Playlists\"],\"inLanguage\":\"de\"},{\"@type\":\"WebPage\",\"@id\":\"https:\\\/\\\/www.iemj.org\\\/de\\\/musiques-des-theatres-et-cabarets-yiddish-1\\\/\",\"url\":\"https:\\\/\\\/www.iemj.org\\\/de\\\/musiques-des-theatres-et-cabarets-yiddish-1\\\/\",\"name\":\"MUSIK DES JIDDISCHEN THEATERS UND KABARETTS (1.TEIL) - Institut Europ\u00e9en des Musiques Juives\",\"isPartOf\":{\"@id\":\"https:\\\/\\\/www.iemj.org\\\/de\\\/#website\"},\"primaryImageOfPage\":{\"@id\":\"https:\\\/\\\/www.iemj.org\\\/de\\\/musiques-des-theatres-et-cabarets-yiddish-1\\\/#primaryimage\"},\"image\":{\"@id\":\"https:\\\/\\\/www.iemj.org\\\/de\\\/musiques-des-theatres-et-cabarets-yiddish-1\\\/#primaryimage\"},\"thumbnailUrl\":\"https:\\\/\\\/www.iemj.org\\\/wp-content\\\/uploads\\\/2016\\\/03\\\/arton1568.jpg\",\"datePublished\":\"2016-03-30T14:25:35+00:00\",\"dateModified\":\"2025-05-27T08:58:52+00:00\",\"breadcrumb\":{\"@id\":\"https:\\\/\\\/www.iemj.org\\\/de\\\/musiques-des-theatres-et-cabarets-yiddish-1\\\/#breadcrumb\"},\"inLanguage\":\"de\",\"potentialAction\":[{\"@type\":\"ReadAction\",\"target\":[\"https:\\\/\\\/www.iemj.org\\\/de\\\/musiques-des-theatres-et-cabarets-yiddish-1\\\/\"]}]},{\"@type\":\"ImageObject\",\"inLanguage\":\"de\",\"@id\":\"https:\\\/\\\/www.iemj.org\\\/de\\\/musiques-des-theatres-et-cabarets-yiddish-1\\\/#primaryimage\",\"url\":\"https:\\\/\\\/www.iemj.org\\\/wp-content\\\/uploads\\\/2016\\\/03\\\/arton1568.jpg\",\"contentUrl\":\"https:\\\/\\\/www.iemj.org\\\/wp-content\\\/uploads\\\/2016\\\/03\\\/arton1568.jpg\",\"width\":500,\"height\":472},{\"@type\":\"BreadcrumbList\",\"@id\":\"https:\\\/\\\/www.iemj.org\\\/de\\\/musiques-des-theatres-et-cabarets-yiddish-1\\\/#breadcrumb\",\"itemListElement\":[{\"@type\":\"ListItem\",\"position\":1,\"name\":\"Accueil\",\"item\":\"https:\\\/\\\/www.iemj.org\\\/de\\\/\"},{\"@type\":\"ListItem\",\"position\":2,\"name\":\"MUSIK DES JIDDISCHEN THEATERS UND KABARETTS (1.TEIL)\"}]},{\"@type\":\"WebSite\",\"@id\":\"https:\\\/\\\/www.iemj.org\\\/de\\\/#website\",\"url\":\"https:\\\/\\\/www.iemj.org\\\/de\\\/\",\"name\":\"Institut Europ\u00e9en des Musiques Juives\",\"description\":\"Des traditions musicales \u00e0 la port\u00e9e de tous\",\"publisher\":{\"@id\":\"https:\\\/\\\/www.iemj.org\\\/de\\\/#organization\"},\"potentialAction\":[{\"@type\":\"SearchAction\",\"target\":{\"@type\":\"EntryPoint\",\"urlTemplate\":\"https:\\\/\\\/www.iemj.org\\\/de\\\/?s={search_term_string}\"},\"query-input\":{\"@type\":\"PropertyValueSpecification\",\"valueRequired\":true,\"valueName\":\"search_term_string\"}}],\"inLanguage\":\"de\"},{\"@type\":\"Organization\",\"@id\":\"https:\\\/\\\/www.iemj.org\\\/de\\\/#organization\",\"name\":\"Institut Europ\u00e9en des Musiques Juives\",\"url\":\"https:\\\/\\\/www.iemj.org\\\/de\\\/\",\"logo\":{\"@type\":\"ImageObject\",\"inLanguage\":\"de\",\"@id\":\"https:\\\/\\\/www.iemj.org\\\/de\\\/#\\\/schema\\\/logo\\\/image\\\/\",\"url\":\"https:\\\/\\\/www.iemj.org\\\/wp-content\\\/uploads\\\/2021\\\/09\\\/Logo-IEMJ-Paypal.jpg\",\"contentUrl\":\"https:\\\/\\\/www.iemj.org\\\/wp-content\\\/uploads\\\/2021\\\/09\\\/Logo-IEMJ-Paypal.jpg\",\"width\":150,\"height\":50,\"caption\":\"Institut Europ\u00e9en des Musiques Juives\"},\"image\":{\"@id\":\"https:\\\/\\\/www.iemj.org\\\/de\\\/#\\\/schema\\\/logo\\\/image\\\/\"},\"sameAs\":[\"https:\\\/\\\/www.facebook.com\\\/MusiquesJuives\\\/\",\"https:\\\/\\\/www.instagram.com\\\/musiquesjuives\\\/\",\"https:\\\/\\\/www.youtube.com\\\/user\\\/musiquesjuives\"]},{\"@type\":\"Person\",\"@id\":\"https:\\\/\\\/www.iemj.org\\\/de\\\/#\\\/schema\\\/person\\\/e2ad57f2c4be119c7ed8ab79036807a9\",\"name\":\"Lea Couderc\",\"image\":{\"@type\":\"ImageObject\",\"inLanguage\":\"de\",\"@id\":\"https:\\\/\\\/secure.gravatar.com\\\/avatar\\\/46ee021475d60aeff17a7e490b79dea5a5684bb392ab7fd1494027411df8ba23?s=96&d=mm&r=g\",\"url\":\"https:\\\/\\\/secure.gravatar.com\\\/avatar\\\/46ee021475d60aeff17a7e490b79dea5a5684bb392ab7fd1494027411df8ba23?s=96&d=mm&r=g\",\"contentUrl\":\"https:\\\/\\\/secure.gravatar.com\\\/avatar\\\/46ee021475d60aeff17a7e490b79dea5a5684bb392ab7fd1494027411df8ba23?s=96&d=mm&r=g\",\"caption\":\"Lea Couderc\"}}]}<\/script>\n<!-- \/ Yoast SEO plugin. -->","yoast_head_json":{"title":"MUSIK DES JIDDISCHEN THEATERS UND KABARETTS (1.TEIL) - Institut Europ\u00e9en des Musiques Juives","robots":{"index":"index","follow":"follow","max-snippet":"max-snippet:-1","max-image-preview":"max-image-preview:large","max-video-preview":"max-video-preview:-1"},"canonical":"https:\/\/www.iemj.org\/de\/musiques-des-theatres-et-cabarets-yiddish-1\/","og_locale":"de_DE","og_type":"article","og_title":"MUSIK DES JIDDISCHEN THEATERS UND KABARETTS (1.TEIL) - Institut Europ\u00e9en des Musiques Juives","og_description":"Ein \u00dcberblick der jiddischen kulturellen und musikalischen Aktivit\u00e4ten im Paris des fr\u00fchen 19. Jahrhunderts","og_url":"https:\/\/www.iemj.org\/de\/musiques-des-theatres-et-cabarets-yiddish-1\/","og_site_name":"Institut Europ\u00e9en des Musiques Juives","article_publisher":"https:\/\/www.facebook.com\/MusiquesJuives\/","article_published_time":"2016-03-30T14:25:35+00:00","article_modified_time":"2025-05-27T08:58:52+00:00","og_image":[{"width":500,"height":472,"url":"https:\/\/www.iemj.org\/wp-content\/uploads\/2016\/03\/arton1568.jpg","type":"image\/jpeg"}],"author":"Lea Couderc","twitter_card":"summary_large_image","twitter_misc":{"Verfasst von":"Lea Couderc","Gesch\u00e4tzte Lesezeit":"2\u00a0Minuten"},"schema":{"@context":"https:\/\/schema.org","@graph":[{"@type":"Article","@id":"https:\/\/www.iemj.org\/de\/musiques-des-theatres-et-cabarets-yiddish-1\/#article","isPartOf":{"@id":"https:\/\/www.iemj.org\/de\/musiques-des-theatres-et-cabarets-yiddish-1\/"},"author":{"name":"Lea Couderc","@id":"https:\/\/www.iemj.org\/de\/#\/schema\/person\/e2ad57f2c4be119c7ed8ab79036807a9"},"headline":"MUSIK DES JIDDISCHEN THEATERS UND KABARETTS (1.TEIL)","datePublished":"2016-03-30T14:25:35+00:00","dateModified":"2025-05-27T08:58:52+00:00","mainEntityOfPage":{"@id":"https:\/\/www.iemj.org\/de\/musiques-des-theatres-et-cabarets-yiddish-1\/"},"wordCount":192,"publisher":{"@id":"https:\/\/www.iemj.org\/de\/#organization"},"image":{"@id":"https:\/\/www.iemj.org\/de\/musiques-des-theatres-et-cabarets-yiddish-1\/#primaryimage"},"thumbnailUrl":"https:\/\/www.iemj.org\/wp-content\/uploads\/2016\/03\/arton1568.jpg","articleSection":["Playlists"],"inLanguage":"de"},{"@type":"WebPage","@id":"https:\/\/www.iemj.org\/de\/musiques-des-theatres-et-cabarets-yiddish-1\/","url":"https:\/\/www.iemj.org\/de\/musiques-des-theatres-et-cabarets-yiddish-1\/","name":"MUSIK DES JIDDISCHEN THEATERS UND KABARETTS (1.TEIL) - Institut Europ\u00e9en des Musiques Juives","isPartOf":{"@id":"https:\/\/www.iemj.org\/de\/#website"},"primaryImageOfPage":{"@id":"https:\/\/www.iemj.org\/de\/musiques-des-theatres-et-cabarets-yiddish-1\/#primaryimage"},"image":{"@id":"https:\/\/www.iemj.org\/de\/musiques-des-theatres-et-cabarets-yiddish-1\/#primaryimage"},"thumbnailUrl":"https:\/\/www.iemj.org\/wp-content\/uploads\/2016\/03\/arton1568.jpg","datePublished":"2016-03-30T14:25:35+00:00","dateModified":"2025-05-27T08:58:52+00:00","breadcrumb":{"@id":"https:\/\/www.iemj.org\/de\/musiques-des-theatres-et-cabarets-yiddish-1\/#breadcrumb"},"inLanguage":"de","potentialAction":[{"@type":"ReadAction","target":["https:\/\/www.iemj.org\/de\/musiques-des-theatres-et-cabarets-yiddish-1\/"]}]},{"@type":"ImageObject","inLanguage":"de","@id":"https:\/\/www.iemj.org\/de\/musiques-des-theatres-et-cabarets-yiddish-1\/#primaryimage","url":"https:\/\/www.iemj.org\/wp-content\/uploads\/2016\/03\/arton1568.jpg","contentUrl":"https:\/\/www.iemj.org\/wp-content\/uploads\/2016\/03\/arton1568.jpg","width":500,"height":472},{"@type":"BreadcrumbList","@id":"https:\/\/www.iemj.org\/de\/musiques-des-theatres-et-cabarets-yiddish-1\/#breadcrumb","itemListElement":[{"@type":"ListItem","position":1,"name":"Accueil","item":"https:\/\/www.iemj.org\/de\/"},{"@type":"ListItem","position":2,"name":"MUSIK DES JIDDISCHEN THEATERS UND KABARETTS (1.TEIL)"}]},{"@type":"WebSite","@id":"https:\/\/www.iemj.org\/de\/#website","url":"https:\/\/www.iemj.org\/de\/","name":"Institut Europ\u00e9en des Musiques Juives","description":"Des traditions musicales \u00e0 la port\u00e9e de tous","publisher":{"@id":"https:\/\/www.iemj.org\/de\/#organization"},"potentialAction":[{"@type":"SearchAction","target":{"@type":"EntryPoint","urlTemplate":"https:\/\/www.iemj.org\/de\/?s={search_term_string}"},"query-input":{"@type":"PropertyValueSpecification","valueRequired":true,"valueName":"search_term_string"}}],"inLanguage":"de"},{"@type":"Organization","@id":"https:\/\/www.iemj.org\/de\/#organization","name":"Institut Europ\u00e9en des Musiques Juives","url":"https:\/\/www.iemj.org\/de\/","logo":{"@type":"ImageObject","inLanguage":"de","@id":"https:\/\/www.iemj.org\/de\/#\/schema\/logo\/image\/","url":"https:\/\/www.iemj.org\/wp-content\/uploads\/2021\/09\/Logo-IEMJ-Paypal.jpg","contentUrl":"https:\/\/www.iemj.org\/wp-content\/uploads\/2021\/09\/Logo-IEMJ-Paypal.jpg","width":150,"height":50,"caption":"Institut Europ\u00e9en des Musiques Juives"},"image":{"@id":"https:\/\/www.iemj.org\/de\/#\/schema\/logo\/image\/"},"sameAs":["https:\/\/www.facebook.com\/MusiquesJuives\/","https:\/\/www.instagram.com\/musiquesjuives\/","https:\/\/www.youtube.com\/user\/musiquesjuives"]},{"@type":"Person","@id":"https:\/\/www.iemj.org\/de\/#\/schema\/person\/e2ad57f2c4be119c7ed8ab79036807a9","name":"Lea Couderc","image":{"@type":"ImageObject","inLanguage":"de","@id":"https:\/\/secure.gravatar.com\/avatar\/46ee021475d60aeff17a7e490b79dea5a5684bb392ab7fd1494027411df8ba23?s=96&d=mm&r=g","url":"https:\/\/secure.gravatar.com\/avatar\/46ee021475d60aeff17a7e490b79dea5a5684bb392ab7fd1494027411df8ba23?s=96&d=mm&r=g","contentUrl":"https:\/\/secure.gravatar.com\/avatar\/46ee021475d60aeff17a7e490b79dea5a5684bb392ab7fd1494027411df8ba23?s=96&d=mm&r=g","caption":"Lea Couderc"}}]}},"_links":{"self":[{"href":"https:\/\/www.iemj.org\/de\/wp-json\/wp\/v2\/posts\/73354","targetHints":{"allow":["GET"]}}],"collection":[{"href":"https:\/\/www.iemj.org\/de\/wp-json\/wp\/v2\/posts"}],"about":[{"href":"https:\/\/www.iemj.org\/de\/wp-json\/wp\/v2\/types\/post"}],"author":[{"embeddable":true,"href":"https:\/\/www.iemj.org\/de\/wp-json\/wp\/v2\/users\/1052"}],"replies":[{"embeddable":true,"href":"https:\/\/www.iemj.org\/de\/wp-json\/wp\/v2\/comments?post=73354"}],"version-history":[{"count":0,"href":"https:\/\/www.iemj.org\/de\/wp-json\/wp\/v2\/posts\/73354\/revisions"}],"wp:featuredmedia":[{"embeddable":true,"href":"https:\/\/www.iemj.org\/de\/wp-json\/wp\/v2\/media\/73355"}],"wp:attachment":[{"href":"https:\/\/www.iemj.org\/de\/wp-json\/wp\/v2\/media?parent=73354"}],"wp:term":[{"taxonomy":"category","embeddable":true,"href":"https:\/\/www.iemj.org\/de\/wp-json\/wp\/v2\/categories?post=73354"},{"taxonomy":"post_tag","embeddable":true,"href":"https:\/\/www.iemj.org\/de\/wp-json\/wp\/v2\/tags?post=73354"},{"taxonomy":"technique","embeddable":true,"href":"https:\/\/www.iemj.org\/de\/wp-json\/wp\/v2\/technique?post=73354"},{"taxonomy":"squelettes","embeddable":true,"href":"https:\/\/www.iemj.org\/de\/wp-json\/wp\/v2\/squelettes?post=73354"},{"taxonomy":"sujet","embeddable":true,"href":"https:\/\/www.iemj.org\/de\/wp-json\/wp\/v2\/sujet?post=73354"},{"taxonomy":"formation","embeddable":true,"href":"https:\/\/www.iemj.org\/de\/wp-json\/wp\/v2\/formation?post=73354"},{"taxonomy":"genre","embeddable":true,"href":"https:\/\/www.iemj.org\/de\/wp-json\/wp\/v2\/genre?post=73354"},{"taxonomy":"fonds","embeddable":true,"href":"https:\/\/www.iemj.org\/de\/wp-json\/wp\/v2\/fonds?post=73354"},{"taxonomy":"tradition","embeddable":true,"href":"https:\/\/www.iemj.org\/de\/wp-json\/wp\/v2\/tradition?post=73354"},{"taxonomy":"type-de-contenu","embeddable":true,"href":"https:\/\/www.iemj.org\/de\/wp-json\/wp\/v2\/type-de-contenu?post=73354"},{"taxonomy":"interprete-compositeur","embeddable":true,"href":"https:\/\/www.iemj.org\/de\/wp-json\/wp\/v2\/interprete-compositeur?post=73354"},{"taxonomy":"frise","embeddable":true,"href":"https:\/\/www.iemj.org\/de\/wp-json\/wp\/v2\/frise?post=73354"},{"taxonomy":"type-devenement","embeddable":true,"href":"https:\/\/www.iemj.org\/de\/wp-json\/wp\/v2\/type-devenement?post=73354"},{"taxonomy":"tableaux-liens-externes","embeddable":true,"href":"https:\/\/www.iemj.org\/de\/wp-json\/wp\/v2\/tableaux-liens-externes?post=73354"}],"curies":[{"name":"wp","href":"https:\/\/api.w.org\/{rel}","templated":true}]}}