{"id":73427,"date":"2016-04-13T14:55:16","date_gmt":"2016-04-13T12:55:16","guid":{"rendered":"https:\/\/www.iemj.org\/les-traditions-musicales-des-juifs-dalsace-lorraine\/"},"modified":"2025-03-30T18:40:45","modified_gmt":"2025-03-30T16:40:45","slug":"les-traditions-musicales-des-juifs-dalsace-lorraine","status":"publish","type":"post","link":"https:\/\/www.iemj.org\/de\/les-traditions-musicales-des-juifs-dalsace-lorraine\/","title":{"rendered":"DIE MUSIKALISCHEN TRADITIONEN DER JUDEN IN Elsass-Lothringen"},"content":{"rendered":"<p><strong>Eine Auswahl an Liedern, typisch f\u00fcr die Tradition der Juden in Elsass-Lothringen, gesungen von bedeutenden Kantoren (Joseph Borin, Michel Heymann, Adolphe Attia, Andr\u00e9 Stora, Albert Kirch, Ren\u00e9 Jasner\u2026)<\/strong><\/p>\n<p><!--more--><\/p>\n<p>Jede Gemeinschaft besitzt ihre eigenen Minhagim (Br\u00e4uche). Der Hazan (<em>Kantor<\/em>) ist der Stimmf\u00fchrer der Gemeinschaft und f\u00fchrt die Gl\u00e4ubigen im Gebet\u2026<\/p>\n<p>Wir laden Sie ein, sich die Ges\u00e4nge von bedeutenden Kantoren der Tradition der Juden Elsass-Lothringens anzuh\u00f6ren.<\/p>\n<p><img fetchpriority=\"high\" decoding=\"async\" class=\" aligncenter size-full wp-image-10144\" src=\"https:\/\/www.iemj.org\/wp-content\/uploads\/2016\/04\/docu_alsalo600px.jpg\" alt=\"docu_alsalo600px.jpg\" width=\"600\" height=\"340\" align=\"middle\" srcset=\"https:\/\/www.iemj.org\/wp-content\/uploads\/2016\/04\/docu_alsalo600px.jpg 600w, https:\/\/www.iemj.org\/wp-content\/uploads\/2016\/04\/docu_alsalo600px-300x170.jpg 300w\" sizes=\"(max-width: 600px) 100vw, 600px\" \/><\/p>\n<p><a href=\"http:\/\/www.judaisme-alsalor.fr\/histoire\/rabbins\/hazanim\/borin.htm\" target=\"_blank\" rel=\"noopener\">Joseph Borin<\/a> wurde 1893 in einem kleinen Dorf in der N\u00e4he von Warschau geboren und wurde 1933 zum ersten <em>Ministre-officiant<\/em> in Strasburg ernannt. Auch wenn sich die els\u00e4ssische Liturgie stark von der osteurop\u00e4ischen Liturgie unterschied, gew\u00f6hnte er sich dennoch rasch an sie und diente, von Kriegsende an bis 1964, an der Synagogue de la Paix in Strasbourg.<\/p>\n<p><a href=\"https:\/\/www.iemj.org\/de\/kirch-albert-1918-2016\/\" target=\"_blank\" rel=\"noopener\">Albert Kirch<\/a> wiederum, stammte urspr\u00fcnglich aus Warschau und kam im Alter von 2 Jahren nach Metz. Dort wurde er 1950 zum Hazan ernannt und diente dort, gemeinsam mit Salomon Binn und Jules Ptachek.<\/p>\n<p><a href=\"http:\/\/www.judaisme-alsalor.fr\/histoire\/rabbins\/hazanim\/jasner.htm\" target=\"_blank\" rel=\"noopener\">Ren\u00e9 Jasner<\/a> begann Mitte ein Praktikum als <em>Ministre-officiant<\/em> an der Gro\u00dfen Synagoge von Paris, bevor er zehn Jahre sp\u00e4ter nach Strasbourg ging.<\/p>\n<p><a href=\"http:\/\/www.judaisme-alsalor.fr\/histoire\/rabbins\/hazanim\/stora.htm\" target=\"_blank\" rel=\"noopener\">Andr\u00e9 Stora<\/a> wurde 1933 in Paris geboren. Mit 18 Jahren erhielt er seine erste Anstellung als Kantor in der Synagoge von Saint-Etienne (1951-1956). Danach arbeitete er eineinhalb Jahre in der Synagoge des Victoire in Paris, bevor er 1957 in die Synagoge von Nancy wechselte. Dort bildete er einen Jugendchor aus, den er fast 40 Jahre lang leitete.<\/p>\n<p><a href=\"https:\/\/www.iemj.org\/de\/heymann-michel-1952\/\" target=\"_blank\" rel=\"noopener\">Michel Heymann<\/a>, geboren am 25. April 1952 in Stra\u00dfburg, war \u00fcber 50 Jahre lang Kantor in Haguenau, Mulhouse und Luxemburg.<\/p>\n<p>Die Sammlungen des IEMJ enthalten zahlreiche Tondokumente, Partituren, Fotos und andere Archive aus den Gemeinschaften Elsass-Lothringens, insbesondere aus Metz (der von Serge Binn gestiftete Fonds Salomon und <a href=\"https:\/\/www.iemj.org\/de\/binn-sylvain-1911-1999\/\" target=\"_blank\" rel=\"noopener\">Sylvain Binn<\/a>, der Fonds Albert Kirch, der Fonds der Gro\u00dfen Synagoge von Metz, usw.).<\/p>\n<p><a href=\"https:\/\/www.iemj.org\/de\/musiques-judeo-francaises-des-xviiie-et-xixe-siecles\/\" target=\"_blank\" rel=\"noopener\">Entdecken Sie die CD: Musiques jud\u00e9o-fran\u00e7aises des XVIIIe et XIXe si\u00e8cles<\/a><br \/><a href=\"http:\/\/www.judaisme-alsalor.fr\/\" target=\"_blank\" rel=\"noopener\">Erfahren Sie mehr \u00fcber die Geschichte und die musikalischen Traditionen des Judaismus aus dem Elsass und aus Lothringen<\/a><br \/><a href=\"http:\/\/www.rachelnet.net\/F\/?func=find-c&amp;ccl_term=WRD+%3D+binn+sylvain&amp;local_base=iemcg\" target=\"_blank\" rel=\"noopener\">Greifen Sie auf die Archive \u00fcber Sylvain Binn zu<\/a><\/p>\n<p><img decoding=\"async\" class=\" aligncenter size-full wp-image-10146\" src=\"https:\/\/www.iemj.org\/wp-content\/uploads\/2016\/04\/document_1_alsace_lorraine_500px.jpg\" alt=\"document_1_alsace_lorraine_500px.jpg\" width=\"500\" height=\"333\" align=\"middle\" srcset=\"https:\/\/www.iemj.org\/wp-content\/uploads\/2016\/04\/document_1_alsace_lorraine_500px.jpg 500w, https:\/\/www.iemj.org\/wp-content\/uploads\/2016\/04\/document_1_alsace_lorraine_500px-300x200.jpg 300w\" sizes=\"(max-width: 500px) 100vw, 500px\" \/><\/p>\n\n<div class=\"wp-block-image\">\n<figure class=\"aligncenter size-large\"><img decoding=\"async\" width=\"1024\" height=\"133\" src=\"https:\/\/www.iemj.org\/wp-content\/uploads\/2024\/03\/AUDIO-PLAYER-1024x133.png\" alt=\"\" class=\"wp-image-110606\" srcset=\"https:\/\/www.iemj.org\/wp-content\/uploads\/2024\/03\/AUDIO-PLAYER-1024x133.png 1024w, https:\/\/www.iemj.org\/wp-content\/uploads\/2024\/03\/AUDIO-PLAYER-300x39.png 300w, https:\/\/www.iemj.org\/wp-content\/uploads\/2024\/03\/AUDIO-PLAYER-768x100.png 768w, https:\/\/www.iemj.org\/wp-content\/uploads\/2024\/03\/AUDIO-PLAYER-600x78.png 600w, https:\/\/www.iemj.org\/wp-content\/uploads\/2024\/03\/AUDIO-PLAYER.png 1210w\" sizes=\"(max-width: 1024px) 100vw, 1024px\" \/><\/figure>\n<\/div>\n\n\n<div class=\"wp-block-file\"><a href=\"https:\/\/www.iemj.org\/wp-content\/uploads\/2016\/04\/ani_pourim_-_rene_jasner_t.mp3\">Ani Pourim &#8211; Ren\u00e9 JASNER<\/a><\/div>\n\n\n\n<div class=\"wp-block-file\"><a href=\"https:\/\/www.iemj.org\/wp-content\/uploads\/2016\/04\/enosh_ke_hotsir_-_andre_stora.mp3\">Enosh Ke&#8217;Hotsir &#8211; Andr\u00e9 STORA<\/a><\/div>\n\n\n\n<div class=\"wp-block-file\"><a href=\"https:\/\/www.iemj.org\/wp-content\/uploads\/2016\/04\/hamele_h_-_michel_heymann.mp3\">Ham\u00e9l\u00e8&#8217;h &#8211; Michel HEYMANN<\/a><\/div>\n\n\n\n<div class=\"wp-block-file\"><a href=\"https:\/\/www.iemj.org\/wp-content\/uploads\/2016\/04\/ki_vayom_haze_-_michel_haymann.mp3\">Ki Vayom Haz\u00e9 &#8211; Michel HEYMANN<\/a><\/div>\n\n\n\n<div class=\"wp-block-file\"><a href=\"https:\/\/www.iemj.org\/wp-content\/uploads\/2016\/04\/kiddouch_-_joseph_borin_t.mp3\">Kiddouch &#8211; Joseph BORIN<\/a><\/div>\n\n\n\n<div class=\"wp-block-file\"><a href=\"https:\/\/www.iemj.org\/wp-content\/uploads\/2016\/04\/ono_tovo_-_albert_kirch.mp3\">Ono Tovo &#8211; Albert KIRCH<\/a><\/div>\n\n\n\n<div class=\"wp-block-file\"><a href=\"https:\/\/www.iemj.org\/wp-content\/uploads\/2016\/04\/ossissi_-_michel_heymann.mp3\">Ossissi &#8211; Michel HEYMANN<\/a><\/div>\n\n\n\n<div class=\"wp-block-file\"><a href=\"https:\/\/www.iemj.org\/wp-content\/uploads\/2016\/04\/ovinou_malkeinou_-_michel_heymann.mp3\">Ovinou Malkeinou &#8211; Michel HEYMANN<\/a><\/div>\n\n\n\n<div class=\"wp-block-file\"><a href=\"https:\/\/www.iemj.org\/wp-content\/uploads\/2016\/04\/schnei_zetim_-_adolphe_attia.mp3\">Schnei zetim &#8211; Adolphe ATTIA<\/a><\/div>\n\n\n\n<div class=\"wp-block-file\"><a href=\"https:\/\/www.iemj.org\/wp-content\/uploads\/2016\/04\/seou_cheorim_-_albert_kirch.mp3\">Seou Cheorim &#8211; Albert KIRCH<\/a><\/div>\n\n\n\n<div class=\"wp-block-file\"><a href=\"https:\/\/www.iemj.org\/wp-content\/uploads\/2016\/04\/wehogen_baadenou_-_joseph_borin_t.mp3\">Wehogen Baadenou &#8211; Joseph BORIN<\/a><\/div>\n","protected":false},"excerpt":{"rendered":"<p>Eine Auswahl an Liedern, typisch f\u00fcr die Tradition der Juden in Elsass-Lothringen, gesungen von bedeutenden Kantoren (Joseph Borin, Michel Heymann, Adolphe Attia, Andr\u00e9 Stora, Albert Kirch, Ren\u00e9 Jasner\u2026)<\/p>\n","protected":false},"author":1052,"featured_media":73428,"comment_status":"closed","ping_status":"open","sticky":false,"template":"","format":"standard","meta":{"_acf_changed":false,"footnotes":""},"categories":[1534],"tags":[],"technique":[],"squelettes":[],"sujet":[2099],"formation":[],"genre":[1891],"fonds":[],"tradition":[],"type-de-contenu":[],"interprete-compositeur":[3268],"frise":[],"type-devenement":[],"tableaux-liens-externes":[],"class_list":["post-73427","post","type-post","status-publish","format-standard","has-post-thumbnail","hentry","category-playlists-de","sujet-elsass-lothringen-de","genre-liturgie-de","interprete-compositeur-michel-heymann-de"],"acf":[],"yoast_head":"<!-- This site is optimized with the Yoast SEO plugin v27.3 - https:\/\/yoast.com\/product\/yoast-seo-wordpress\/ -->\n<title>DIE MUSIKALISCHEN TRADITIONEN DER JUDEN IN Elsass-Lothringen - Institut Europ\u00e9en des Musiques Juives<\/title>\n<meta name=\"robots\" content=\"index, follow, max-snippet:-1, max-image-preview:large, max-video-preview:-1\" \/>\n<link rel=\"canonical\" href=\"https:\/\/www.iemj.org\/de\/les-traditions-musicales-des-juifs-dalsace-lorraine\/\" \/>\n<meta property=\"og:locale\" content=\"de_DE\" \/>\n<meta property=\"og:type\" content=\"article\" \/>\n<meta property=\"og:title\" content=\"DIE MUSIKALISCHEN TRADITIONEN DER JUDEN IN Elsass-Lothringen - Institut Europ\u00e9en des Musiques Juives\" \/>\n<meta property=\"og:description\" content=\"Eine Auswahl an Liedern, typisch f\u00fcr die Tradition der Juden in Elsass-Lothringen, gesungen von bedeutenden Kantoren (Joseph Borin, Michel Heymann, Adolphe Attia, Andr\u00e9 Stora, Albert Kirch, Ren\u00e9 Jasner\u2026)\" \/>\n<meta property=\"og:url\" content=\"https:\/\/www.iemj.org\/de\/les-traditions-musicales-des-juifs-dalsace-lorraine\/\" \/>\n<meta property=\"og:site_name\" content=\"Institut Europ\u00e9en des Musiques Juives\" \/>\n<meta property=\"article:publisher\" content=\"https:\/\/www.facebook.com\/MusiquesJuives\/\" \/>\n<meta property=\"article:published_time\" content=\"2016-04-13T12:55:16+00:00\" \/>\n<meta property=\"article:modified_time\" content=\"2025-03-30T16:40:45+00:00\" \/>\n<meta property=\"og:image\" content=\"https:\/\/www.iemj.org\/wp-content\/uploads\/2024\/12\/Logo-Playlist-Jufs-Alsace-Lo.png\" \/>\n\t<meta property=\"og:image:width\" content=\"500\" \/>\n\t<meta property=\"og:image:height\" content=\"340\" \/>\n\t<meta property=\"og:image:type\" content=\"image\/jpeg\" \/>\n<meta name=\"author\" content=\"Lea Couderc\" \/>\n<meta name=\"twitter:card\" content=\"summary_large_image\" \/>\n<meta name=\"twitter:label1\" content=\"Verfasst von\" \/>\n\t<meta name=\"twitter:data1\" content=\"Lea Couderc\" \/>\n\t<meta name=\"twitter:label2\" content=\"Gesch\u00e4tzte Lesezeit\" \/>\n\t<meta name=\"twitter:data2\" content=\"3\u00a0Minuten\" \/>\n<script type=\"application\/ld+json\" class=\"yoast-schema-graph\">{\"@context\":\"https:\\\/\\\/schema.org\",\"@graph\":[{\"@type\":\"Article\",\"@id\":\"https:\\\/\\\/www.iemj.org\\\/de\\\/les-traditions-musicales-des-juifs-dalsace-lorraine\\\/#article\",\"isPartOf\":{\"@id\":\"https:\\\/\\\/www.iemj.org\\\/de\\\/les-traditions-musicales-des-juifs-dalsace-lorraine\\\/\"},\"author\":{\"name\":\"Lea Couderc\",\"@id\":\"https:\\\/\\\/www.iemj.org\\\/de\\\/#\\\/schema\\\/person\\\/e2ad57f2c4be119c7ed8ab79036807a9\"},\"headline\":\"DIE MUSIKALISCHEN TRADITIONEN DER JUDEN IN Elsass-Lothringen\",\"datePublished\":\"2016-04-13T12:55:16+00:00\",\"dateModified\":\"2025-03-30T16:40:45+00:00\",\"mainEntityOfPage\":{\"@id\":\"https:\\\/\\\/www.iemj.org\\\/de\\\/les-traditions-musicales-des-juifs-dalsace-lorraine\\\/\"},\"wordCount\":403,\"publisher\":{\"@id\":\"https:\\\/\\\/www.iemj.org\\\/de\\\/#organization\"},\"image\":{\"@id\":\"https:\\\/\\\/www.iemj.org\\\/de\\\/les-traditions-musicales-des-juifs-dalsace-lorraine\\\/#primaryimage\"},\"thumbnailUrl\":\"https:\\\/\\\/www.iemj.org\\\/wp-content\\\/uploads\\\/2024\\\/12\\\/Logo-Playlist-Jufs-Alsace-Lo.png\",\"articleSection\":[\"Playlists\"],\"inLanguage\":\"de\"},{\"@type\":\"WebPage\",\"@id\":\"https:\\\/\\\/www.iemj.org\\\/de\\\/les-traditions-musicales-des-juifs-dalsace-lorraine\\\/\",\"url\":\"https:\\\/\\\/www.iemj.org\\\/de\\\/les-traditions-musicales-des-juifs-dalsace-lorraine\\\/\",\"name\":\"DIE MUSIKALISCHEN TRADITIONEN DER JUDEN IN Elsass-Lothringen - Institut Europ\u00e9en des Musiques Juives\",\"isPartOf\":{\"@id\":\"https:\\\/\\\/www.iemj.org\\\/de\\\/#website\"},\"primaryImageOfPage\":{\"@id\":\"https:\\\/\\\/www.iemj.org\\\/de\\\/les-traditions-musicales-des-juifs-dalsace-lorraine\\\/#primaryimage\"},\"image\":{\"@id\":\"https:\\\/\\\/www.iemj.org\\\/de\\\/les-traditions-musicales-des-juifs-dalsace-lorraine\\\/#primaryimage\"},\"thumbnailUrl\":\"https:\\\/\\\/www.iemj.org\\\/wp-content\\\/uploads\\\/2024\\\/12\\\/Logo-Playlist-Jufs-Alsace-Lo.png\",\"datePublished\":\"2016-04-13T12:55:16+00:00\",\"dateModified\":\"2025-03-30T16:40:45+00:00\",\"breadcrumb\":{\"@id\":\"https:\\\/\\\/www.iemj.org\\\/de\\\/les-traditions-musicales-des-juifs-dalsace-lorraine\\\/#breadcrumb\"},\"inLanguage\":\"de\",\"potentialAction\":[{\"@type\":\"ReadAction\",\"target\":[\"https:\\\/\\\/www.iemj.org\\\/de\\\/les-traditions-musicales-des-juifs-dalsace-lorraine\\\/\"]}]},{\"@type\":\"ImageObject\",\"inLanguage\":\"de\",\"@id\":\"https:\\\/\\\/www.iemj.org\\\/de\\\/les-traditions-musicales-des-juifs-dalsace-lorraine\\\/#primaryimage\",\"url\":\"https:\\\/\\\/www.iemj.org\\\/wp-content\\\/uploads\\\/2024\\\/12\\\/Logo-Playlist-Jufs-Alsace-Lo.png\",\"contentUrl\":\"https:\\\/\\\/www.iemj.org\\\/wp-content\\\/uploads\\\/2024\\\/12\\\/Logo-Playlist-Jufs-Alsace-Lo.png\",\"width\":500,\"height\":340},{\"@type\":\"BreadcrumbList\",\"@id\":\"https:\\\/\\\/www.iemj.org\\\/de\\\/les-traditions-musicales-des-juifs-dalsace-lorraine\\\/#breadcrumb\",\"itemListElement\":[{\"@type\":\"ListItem\",\"position\":1,\"name\":\"Accueil\",\"item\":\"https:\\\/\\\/www.iemj.org\\\/de\\\/\"},{\"@type\":\"ListItem\",\"position\":2,\"name\":\"DIE MUSIKALISCHEN TRADITIONEN DER JUDEN IN Elsass-Lothringen\"}]},{\"@type\":\"WebSite\",\"@id\":\"https:\\\/\\\/www.iemj.org\\\/de\\\/#website\",\"url\":\"https:\\\/\\\/www.iemj.org\\\/de\\\/\",\"name\":\"Institut Europ\u00e9en des Musiques Juives\",\"description\":\"Des traditions musicales \u00e0 la port\u00e9e de tous\",\"publisher\":{\"@id\":\"https:\\\/\\\/www.iemj.org\\\/de\\\/#organization\"},\"potentialAction\":[{\"@type\":\"SearchAction\",\"target\":{\"@type\":\"EntryPoint\",\"urlTemplate\":\"https:\\\/\\\/www.iemj.org\\\/de\\\/?s={search_term_string}\"},\"query-input\":{\"@type\":\"PropertyValueSpecification\",\"valueRequired\":true,\"valueName\":\"search_term_string\"}}],\"inLanguage\":\"de\"},{\"@type\":\"Organization\",\"@id\":\"https:\\\/\\\/www.iemj.org\\\/de\\\/#organization\",\"name\":\"Institut Europ\u00e9en des Musiques Juives\",\"url\":\"https:\\\/\\\/www.iemj.org\\\/de\\\/\",\"logo\":{\"@type\":\"ImageObject\",\"inLanguage\":\"de\",\"@id\":\"https:\\\/\\\/www.iemj.org\\\/de\\\/#\\\/schema\\\/logo\\\/image\\\/\",\"url\":\"https:\\\/\\\/www.iemj.org\\\/wp-content\\\/uploads\\\/2021\\\/09\\\/Logo-IEMJ-Paypal.jpg\",\"contentUrl\":\"https:\\\/\\\/www.iemj.org\\\/wp-content\\\/uploads\\\/2021\\\/09\\\/Logo-IEMJ-Paypal.jpg\",\"width\":150,\"height\":50,\"caption\":\"Institut Europ\u00e9en des Musiques Juives\"},\"image\":{\"@id\":\"https:\\\/\\\/www.iemj.org\\\/de\\\/#\\\/schema\\\/logo\\\/image\\\/\"},\"sameAs\":[\"https:\\\/\\\/www.facebook.com\\\/MusiquesJuives\\\/\",\"https:\\\/\\\/www.instagram.com\\\/musiquesjuives\\\/\",\"https:\\\/\\\/www.youtube.com\\\/user\\\/musiquesjuives\"]},{\"@type\":\"Person\",\"@id\":\"https:\\\/\\\/www.iemj.org\\\/de\\\/#\\\/schema\\\/person\\\/e2ad57f2c4be119c7ed8ab79036807a9\",\"name\":\"Lea Couderc\",\"image\":{\"@type\":\"ImageObject\",\"inLanguage\":\"de\",\"@id\":\"https:\\\/\\\/secure.gravatar.com\\\/avatar\\\/46ee021475d60aeff17a7e490b79dea5a5684bb392ab7fd1494027411df8ba23?s=96&d=mm&r=g\",\"url\":\"https:\\\/\\\/secure.gravatar.com\\\/avatar\\\/46ee021475d60aeff17a7e490b79dea5a5684bb392ab7fd1494027411df8ba23?s=96&d=mm&r=g\",\"contentUrl\":\"https:\\\/\\\/secure.gravatar.com\\\/avatar\\\/46ee021475d60aeff17a7e490b79dea5a5684bb392ab7fd1494027411df8ba23?s=96&d=mm&r=g\",\"caption\":\"Lea Couderc\"}}]}<\/script>\n<!-- \/ Yoast SEO plugin. -->","yoast_head_json":{"title":"DIE MUSIKALISCHEN TRADITIONEN DER JUDEN IN Elsass-Lothringen - Institut Europ\u00e9en des Musiques Juives","robots":{"index":"index","follow":"follow","max-snippet":"max-snippet:-1","max-image-preview":"max-image-preview:large","max-video-preview":"max-video-preview:-1"},"canonical":"https:\/\/www.iemj.org\/de\/les-traditions-musicales-des-juifs-dalsace-lorraine\/","og_locale":"de_DE","og_type":"article","og_title":"DIE MUSIKALISCHEN TRADITIONEN DER JUDEN IN Elsass-Lothringen - Institut Europ\u00e9en des Musiques Juives","og_description":"Eine Auswahl an Liedern, typisch f\u00fcr die Tradition der Juden in Elsass-Lothringen, gesungen von bedeutenden Kantoren (Joseph Borin, Michel Heymann, Adolphe Attia, Andr\u00e9 Stora, Albert Kirch, Ren\u00e9 Jasner\u2026)","og_url":"https:\/\/www.iemj.org\/de\/les-traditions-musicales-des-juifs-dalsace-lorraine\/","og_site_name":"Institut Europ\u00e9en des Musiques Juives","article_publisher":"https:\/\/www.facebook.com\/MusiquesJuives\/","article_published_time":"2016-04-13T12:55:16+00:00","article_modified_time":"2025-03-30T16:40:45+00:00","og_image":[{"width":500,"height":340,"url":"https:\/\/www.iemj.org\/wp-content\/uploads\/2024\/12\/Logo-Playlist-Jufs-Alsace-Lo.png","type":"image\/jpeg"}],"author":"Lea Couderc","twitter_card":"summary_large_image","twitter_misc":{"Verfasst von":"Lea Couderc","Gesch\u00e4tzte Lesezeit":"3\u00a0Minuten"},"schema":{"@context":"https:\/\/schema.org","@graph":[{"@type":"Article","@id":"https:\/\/www.iemj.org\/de\/les-traditions-musicales-des-juifs-dalsace-lorraine\/#article","isPartOf":{"@id":"https:\/\/www.iemj.org\/de\/les-traditions-musicales-des-juifs-dalsace-lorraine\/"},"author":{"name":"Lea Couderc","@id":"https:\/\/www.iemj.org\/de\/#\/schema\/person\/e2ad57f2c4be119c7ed8ab79036807a9"},"headline":"DIE MUSIKALISCHEN TRADITIONEN DER JUDEN IN Elsass-Lothringen","datePublished":"2016-04-13T12:55:16+00:00","dateModified":"2025-03-30T16:40:45+00:00","mainEntityOfPage":{"@id":"https:\/\/www.iemj.org\/de\/les-traditions-musicales-des-juifs-dalsace-lorraine\/"},"wordCount":403,"publisher":{"@id":"https:\/\/www.iemj.org\/de\/#organization"},"image":{"@id":"https:\/\/www.iemj.org\/de\/les-traditions-musicales-des-juifs-dalsace-lorraine\/#primaryimage"},"thumbnailUrl":"https:\/\/www.iemj.org\/wp-content\/uploads\/2024\/12\/Logo-Playlist-Jufs-Alsace-Lo.png","articleSection":["Playlists"],"inLanguage":"de"},{"@type":"WebPage","@id":"https:\/\/www.iemj.org\/de\/les-traditions-musicales-des-juifs-dalsace-lorraine\/","url":"https:\/\/www.iemj.org\/de\/les-traditions-musicales-des-juifs-dalsace-lorraine\/","name":"DIE MUSIKALISCHEN TRADITIONEN DER JUDEN IN Elsass-Lothringen - Institut Europ\u00e9en des Musiques Juives","isPartOf":{"@id":"https:\/\/www.iemj.org\/de\/#website"},"primaryImageOfPage":{"@id":"https:\/\/www.iemj.org\/de\/les-traditions-musicales-des-juifs-dalsace-lorraine\/#primaryimage"},"image":{"@id":"https:\/\/www.iemj.org\/de\/les-traditions-musicales-des-juifs-dalsace-lorraine\/#primaryimage"},"thumbnailUrl":"https:\/\/www.iemj.org\/wp-content\/uploads\/2024\/12\/Logo-Playlist-Jufs-Alsace-Lo.png","datePublished":"2016-04-13T12:55:16+00:00","dateModified":"2025-03-30T16:40:45+00:00","breadcrumb":{"@id":"https:\/\/www.iemj.org\/de\/les-traditions-musicales-des-juifs-dalsace-lorraine\/#breadcrumb"},"inLanguage":"de","potentialAction":[{"@type":"ReadAction","target":["https:\/\/www.iemj.org\/de\/les-traditions-musicales-des-juifs-dalsace-lorraine\/"]}]},{"@type":"ImageObject","inLanguage":"de","@id":"https:\/\/www.iemj.org\/de\/les-traditions-musicales-des-juifs-dalsace-lorraine\/#primaryimage","url":"https:\/\/www.iemj.org\/wp-content\/uploads\/2024\/12\/Logo-Playlist-Jufs-Alsace-Lo.png","contentUrl":"https:\/\/www.iemj.org\/wp-content\/uploads\/2024\/12\/Logo-Playlist-Jufs-Alsace-Lo.png","width":500,"height":340},{"@type":"BreadcrumbList","@id":"https:\/\/www.iemj.org\/de\/les-traditions-musicales-des-juifs-dalsace-lorraine\/#breadcrumb","itemListElement":[{"@type":"ListItem","position":1,"name":"Accueil","item":"https:\/\/www.iemj.org\/de\/"},{"@type":"ListItem","position":2,"name":"DIE MUSIKALISCHEN TRADITIONEN DER JUDEN IN Elsass-Lothringen"}]},{"@type":"WebSite","@id":"https:\/\/www.iemj.org\/de\/#website","url":"https:\/\/www.iemj.org\/de\/","name":"Institut Europ\u00e9en des Musiques Juives","description":"Des traditions musicales \u00e0 la port\u00e9e de tous","publisher":{"@id":"https:\/\/www.iemj.org\/de\/#organization"},"potentialAction":[{"@type":"SearchAction","target":{"@type":"EntryPoint","urlTemplate":"https:\/\/www.iemj.org\/de\/?s={search_term_string}"},"query-input":{"@type":"PropertyValueSpecification","valueRequired":true,"valueName":"search_term_string"}}],"inLanguage":"de"},{"@type":"Organization","@id":"https:\/\/www.iemj.org\/de\/#organization","name":"Institut Europ\u00e9en des Musiques Juives","url":"https:\/\/www.iemj.org\/de\/","logo":{"@type":"ImageObject","inLanguage":"de","@id":"https:\/\/www.iemj.org\/de\/#\/schema\/logo\/image\/","url":"https:\/\/www.iemj.org\/wp-content\/uploads\/2021\/09\/Logo-IEMJ-Paypal.jpg","contentUrl":"https:\/\/www.iemj.org\/wp-content\/uploads\/2021\/09\/Logo-IEMJ-Paypal.jpg","width":150,"height":50,"caption":"Institut Europ\u00e9en des Musiques Juives"},"image":{"@id":"https:\/\/www.iemj.org\/de\/#\/schema\/logo\/image\/"},"sameAs":["https:\/\/www.facebook.com\/MusiquesJuives\/","https:\/\/www.instagram.com\/musiquesjuives\/","https:\/\/www.youtube.com\/user\/musiquesjuives"]},{"@type":"Person","@id":"https:\/\/www.iemj.org\/de\/#\/schema\/person\/e2ad57f2c4be119c7ed8ab79036807a9","name":"Lea Couderc","image":{"@type":"ImageObject","inLanguage":"de","@id":"https:\/\/secure.gravatar.com\/avatar\/46ee021475d60aeff17a7e490b79dea5a5684bb392ab7fd1494027411df8ba23?s=96&d=mm&r=g","url":"https:\/\/secure.gravatar.com\/avatar\/46ee021475d60aeff17a7e490b79dea5a5684bb392ab7fd1494027411df8ba23?s=96&d=mm&r=g","contentUrl":"https:\/\/secure.gravatar.com\/avatar\/46ee021475d60aeff17a7e490b79dea5a5684bb392ab7fd1494027411df8ba23?s=96&d=mm&r=g","caption":"Lea Couderc"}}]}},"_links":{"self":[{"href":"https:\/\/www.iemj.org\/de\/wp-json\/wp\/v2\/posts\/73427","targetHints":{"allow":["GET"]}}],"collection":[{"href":"https:\/\/www.iemj.org\/de\/wp-json\/wp\/v2\/posts"}],"about":[{"href":"https:\/\/www.iemj.org\/de\/wp-json\/wp\/v2\/types\/post"}],"author":[{"embeddable":true,"href":"https:\/\/www.iemj.org\/de\/wp-json\/wp\/v2\/users\/1052"}],"replies":[{"embeddable":true,"href":"https:\/\/www.iemj.org\/de\/wp-json\/wp\/v2\/comments?post=73427"}],"version-history":[{"count":0,"href":"https:\/\/www.iemj.org\/de\/wp-json\/wp\/v2\/posts\/73427\/revisions"}],"wp:featuredmedia":[{"embeddable":true,"href":"https:\/\/www.iemj.org\/de\/wp-json\/wp\/v2\/media\/73428"}],"wp:attachment":[{"href":"https:\/\/www.iemj.org\/de\/wp-json\/wp\/v2\/media?parent=73427"}],"wp:term":[{"taxonomy":"category","embeddable":true,"href":"https:\/\/www.iemj.org\/de\/wp-json\/wp\/v2\/categories?post=73427"},{"taxonomy":"post_tag","embeddable":true,"href":"https:\/\/www.iemj.org\/de\/wp-json\/wp\/v2\/tags?post=73427"},{"taxonomy":"technique","embeddable":true,"href":"https:\/\/www.iemj.org\/de\/wp-json\/wp\/v2\/technique?post=73427"},{"taxonomy":"squelettes","embeddable":true,"href":"https:\/\/www.iemj.org\/de\/wp-json\/wp\/v2\/squelettes?post=73427"},{"taxonomy":"sujet","embeddable":true,"href":"https:\/\/www.iemj.org\/de\/wp-json\/wp\/v2\/sujet?post=73427"},{"taxonomy":"formation","embeddable":true,"href":"https:\/\/www.iemj.org\/de\/wp-json\/wp\/v2\/formation?post=73427"},{"taxonomy":"genre","embeddable":true,"href":"https:\/\/www.iemj.org\/de\/wp-json\/wp\/v2\/genre?post=73427"},{"taxonomy":"fonds","embeddable":true,"href":"https:\/\/www.iemj.org\/de\/wp-json\/wp\/v2\/fonds?post=73427"},{"taxonomy":"tradition","embeddable":true,"href":"https:\/\/www.iemj.org\/de\/wp-json\/wp\/v2\/tradition?post=73427"},{"taxonomy":"type-de-contenu","embeddable":true,"href":"https:\/\/www.iemj.org\/de\/wp-json\/wp\/v2\/type-de-contenu?post=73427"},{"taxonomy":"interprete-compositeur","embeddable":true,"href":"https:\/\/www.iemj.org\/de\/wp-json\/wp\/v2\/interprete-compositeur?post=73427"},{"taxonomy":"frise","embeddable":true,"href":"https:\/\/www.iemj.org\/de\/wp-json\/wp\/v2\/frise?post=73427"},{"taxonomy":"type-devenement","embeddable":true,"href":"https:\/\/www.iemj.org\/de\/wp-json\/wp\/v2\/type-devenement?post=73427"},{"taxonomy":"tableaux-liens-externes","embeddable":true,"href":"https:\/\/www.iemj.org\/de\/wp-json\/wp\/v2\/tableaux-liens-externes?post=73427"}],"curies":[{"name":"wp","href":"https:\/\/api.w.org\/{rel}","templated":true}]}}