{"id":73522,"date":"2015-12-23T11:35:00","date_gmt":"2015-12-23T10:35:00","guid":{"rendered":"https:\/\/www.iemj.org\/itineraire-de-la-chanson-juive-en-france\/"},"modified":"2025-04-16T19:43:59","modified_gmt":"2025-04-16T17:43:59","slug":"itineraire-de-la-chanson-juive-en-france","status":"publish","type":"post","link":"https:\/\/www.iemj.org\/de\/itineraire-de-la-chanson-juive-en-france\/","title":{"rendered":"Wegbeschreibung des j\u00fcdischen Liederguts in Frankreich"},"content":{"rendered":"<p><strong>Eine musikalische Reise durch eine Auswahl aussagekr\u00e4ftiger j\u00fcdischer Lieder, aus dem Zeitraum vom 13. Jahrhundert bis heute, welche in Frankreich gesungen oder herausgegeben wurden<\/strong><\/p>\n<p><!--more--><\/p>\n<p>Im 13. Jahrhundert war Frankreich ein bevorzugtes Land f\u00fcr Juden. Im S\u00fcden lebten die Juden der Langue d\u2018oc, im Norden die Juden der Langue d\u2019o\u00efl. Beeinflusst von der lokalen Musik und der Poesie der Troubadoure und der Trouv\u00e8res, passten die Juden die Lieder ihrer Zeit an und versahen sie mit Texten, welche von ihrem Leben handelten. Diese j\u00fcdischen Lieder wurden gelegentlich niedergeschrieben und waren in den letzten Jahren, der Forschungsgegenstand mehrerer faszinierender musikalischer Rekonstruktionen.<\/p>\n<p>Doch das j\u00fcdische Liedergut in Frankreich, h\u00f6rte nicht im Mittelalter auf. Trotz der zahlreichen Vertreibungen der Juden Frankreichs, fand sich das j\u00fcdische Liedergut im 18. Jahrhundert, im ehemaligen Comtat Venaissin und in den portugiesischen Gemeinden, im S\u00fcdwesten Frankreichs wieder. Doch besonders im 19. und 20. Jahrhundert, erlebte das j\u00fcdische Liedergut gro\u00dfen Erfolg: Jiddische Lieder von osteurop\u00e4ischen Juden, welche vor den Pogromen flohen, Lieder in jud\u00e4o-spanischer oder arabischer Sprache von Juden aus dem Osmanischen Reich oder dem Maghreb.<\/p>\n<p>Heute erlebt das j\u00fcdische Liedergut eine echte Renaissance. Zahlreiche K\u00fcnstlern versuchen ein Repertoire von unendlichem Reichtum zur\u00fcckzuerobern. Zwischen der Treue zur Vergangenheit und Kreativit\u00e4t, durchbrechen sie die Grenzen und speisen j\u00fcdische Lieder in den Strom der World Music ein.<\/p>\n<p><strong>Liste der Lieder:<\/strong><\/p>\n<ol>\n<li>Messies qu\u2019entendes, <a href=\"https:\/\/www.iemj.org\/de\/musiques-judeo-francaises-des-xviiie-et-xixe-siecles\/\" target=\"_blank\" rel=\"noopener\">Musiques Judeo-Francaises des XVIII\u00b0 et XIX\u00b0 Siecles, \u00e9d IEMJ<\/a><\/li>\n<li>El-givat ha-levona : Chanson de mariage, <a href=\"https:\/\/www.iemj.org\/de\/juifs-et-trouveres\/\" target=\"_blank\" rel=\"noopener\">Juifs et Trouv\u00e8res, \u00e9d IEMJ<\/a><\/li>\n<li>B\u00e9nissez-nous, Dieu de lumi\u00e8re, <a href=\"https:\/\/www.iemj.org\/de\/musiques-de-la-synagogue-de-bordeaux\/\" target=\"_blank\" rel=\"noopener\">Musiques de la Synagogue de Bordeaux, \u00e9d IEMJ<\/a><\/li>\n<li>Avre tu Puerta Cerrada, <a href=\"https:\/\/www.iemj.org\/de\/variations-ladino\/\" target=\"_blank\" rel=\"noopener\">Variations Ladino, \u00e9d IEMJ<\/a><\/li>\n<li>Ya Lahraymiya, Tr\u00e9sors de la Chanson Judeo Arabe. Vol. 2. Blond Blond, Buda Musique<\/li>\n<li>Ma Guitare et mon Pays, Tr\u00e9sors de la Chanson Judeo Arabe. Vol. 2. Line Monty, Buda Musique<\/li>\n<li>Les Bains de Chelm, <a href=\"https:\/\/www.iemj.org\/de\/jacques-grober-chansons-yiddish-dhier-et-daujourdhui\/\" target=\"_blank\" rel=\"noopener\">Jacques Grober Chansons Yiddish d\u2019Hier et d\u2019Aujourd\u2019hui, \u00e9d IEMJ<\/a><\/li>\n<li>Vacances ma petite folie, <a href=\"https:\/\/www.iemj.org\/de\/reedition-du-coffret-musiques-juives-dans-le-paris-dapres-guerre-elesdisc-1948-1953\/\" target=\"_blank\" rel=\"noopener\">Musiques Juives dans le Paris d\u2019Apr\u00e8s-Guerre Vol.1, \u00e9d IEMJ<\/a><\/li>\n<li>Ma petite maison de la rue des Rosiers, <a href=\"https:\/\/www.iemj.org\/de\/reedition-du-coffret-musiques-juives-dans-le-paris-dapres-guerre-elesdisc-1948-1953\/\" target=\"_blank\" rel=\"noopener\">Musiques Juives dans le Paris d\u2019Apr\u00e8s-Guerre Vol.6, \u00e9d IEMJ<\/a><\/li>\n<\/ol>\n\n<div class=\"wp-block-image\">\n<figure class=\"aligncenter size-large\"><img fetchpriority=\"high\" decoding=\"async\" width=\"1024\" height=\"133\" src=\"https:\/\/www.iemj.org\/wp-content\/uploads\/2024\/03\/AUDIO-PLAYER-1024x133.png\" alt=\"\" class=\"wp-image-110606\" srcset=\"https:\/\/www.iemj.org\/wp-content\/uploads\/2024\/03\/AUDIO-PLAYER-1024x133.png 1024w, https:\/\/www.iemj.org\/wp-content\/uploads\/2024\/03\/AUDIO-PLAYER-300x39.png 300w, https:\/\/www.iemj.org\/wp-content\/uploads\/2024\/03\/AUDIO-PLAYER-768x100.png 768w, https:\/\/www.iemj.org\/wp-content\/uploads\/2024\/03\/AUDIO-PLAYER-600x78.png 600w, https:\/\/www.iemj.org\/wp-content\/uploads\/2024\/03\/AUDIO-PLAYER.png 1210w\" sizes=\"(max-width: 1024px) 100vw, 1024px\" \/><\/figure>\n<\/div>\n\n\n<div class=\"wp-block-file\"><a id=\"wp-block-file--media-f1e49b38-e3a7-49ed-821e-d4c03aa93b83\" href=\"https:\/\/www.iemj.org\/wp-content\/uploads\/2015\/12\/cd_5_09.mp3\">Messies qu\u2019entendes, Musiques Judeo-Francaises des XVIII\u00b0 et XIX\u00b0 Siecles, ed IEMJ<\/a><\/div>\n\n\n\n<div class=\"wp-block-file\"><a id=\"wp-block-file--media-1ea1b0e9-c5c5-44e3-ab3f-2ac5219f7f68\" href=\"https:\/\/www.iemj.org\/wp-content\/uploads\/2015\/12\/cd_613_03.mp3\">El-givat ha-levona : Chanson de mariage, Juifs et Trouv\u00e8res, ed IEMJ<\/a><\/div>\n\n\n\n<div class=\"wp-block-file\"><a id=\"wp-block-file--media-1cb59c8b-b32e-4afe-98e8-f7a272f163e4\" href=\"https:\/\/www.iemj.org\/wp-content\/uploads\/2015\/12\/cd_6_19.mp3\">Benissez-nous, Dieu de lumi\u00e8re, Musiques de la Synagogue de Bordeaux, ed IEMJ<\/a><\/div>\n\n\n\n<div class=\"wp-block-file\"><a id=\"wp-block-file--media-377b26a7-9d23-4a20-bbed-c459d3a710d4\" href=\"https:\/\/www.iemj.org\/wp-content\/uploads\/2015\/12\/cd_228_01.mp3\">Avre tu Puerta Cerrada, Variations Ladino, ed IEMJ<\/a><\/div>\n\n\n\n<div class=\"wp-block-file\"><a id=\"wp-block-file--media-d24cd355-1622-4eb2-9ed6-60e5a95ea7ea\" href=\"https:\/\/www.iemj.org\/wp-content\/uploads\/2015\/12\/cd_171_07.mp3\">Ya Lahraymiya, Tresors de la Chanson Judeo Arabe. Vol. 2. Blond Blond, Buda Musique<\/a><\/div>\n\n\n\n<div class=\"wp-block-file\"><a id=\"wp-block-file--media-78b7970b-8f35-42e4-8229-85bcb0c24ed5\" href=\"https:\/\/www.iemj.org\/wp-content\/uploads\/2015\/12\/cd_186_06.mp3\">Ma Guitare et mon Pays, Tresors de la Chanson Judeo Arabe. Vol. 2. Line Monty, Buda Musique<\/a><\/div>\n\n\n\n<div class=\"wp-block-file\"><a id=\"wp-block-file--media-54bfaa10-b084-4aeb-a1bd-9159d70fe305\" href=\"https:\/\/www.iemj.org\/wp-content\/uploads\/2015\/12\/cd_229_15.mp3\">Les Bains de Chelm, Jacques Grober Chansons Yiddish d\u2019Hier et d\u2019Aujourd\u2019hui, ed IEMJ<\/a><\/div>\n\n\n\n<div class=\"wp-block-file\"><a id=\"wp-block-file--media-0b864367-bfd6-4202-94ec-49858e870394\" href=\"https:\/\/www.iemj.org\/wp-content\/uploads\/2015\/12\/cd_645a_20.mp3\">Vacances ma petite folie, Musiques Juives dans le Paris d\u2019Apr\u00e8s-Guerre Vol.1, ed IEMJ<\/a><\/div>\n\n\n\n<div class=\"wp-block-file\"><a id=\"wp-block-file--media-4a2eed1a-f5f7-481b-866b-496bb58f180e\" href=\"https:\/\/www.iemj.org\/wp-content\/uploads\/2015\/12\/cd_645f_21-2.mp3\">Ma petite maison de la rue des Rosiers, Musiques Juives dans le Paris d\u2019Apr\u00e8s-Guerre Vol.6, ed IEMJ<\/a><\/div>\n","protected":false},"excerpt":{"rendered":"<p>Eine musikalische Reise durch eine Auswahl aussagekr\u00e4ftiger j\u00fcdischer Lieder, aus dem Zeitraum vom 13. Jahrhundert bis heute, welche in Frankreich gesungen oder herausgegeben wurden<\/p>\n","protected":false},"author":1048,"featured_media":73523,"comment_status":"closed","ping_status":"open","sticky":false,"template":"","format":"standard","meta":{"_acf_changed":false,"footnotes":""},"categories":[1534],"tags":[],"technique":[],"squelettes":[],"sujet":[1822],"formation":[],"genre":[1877,1888,1910,1914,1864],"fonds":[],"tradition":[],"type-de-contenu":[],"interprete-compositeur":[],"frise":[],"type-devenement":[],"tableaux-liens-externes":[],"class_list":["post-73522","post","type-post","status-publish","format-standard","has-post-thumbnail","hentry","category-playlists-de","sujet-frankreich-de","genre-franzosisch-lied-de","genre-judaisch-spanisch-de","genre-mittelalterliche-musik-de","genre-oriental-de","genre-yiddish-de"],"acf":[],"yoast_head":"<!-- This site is optimized with the Yoast SEO plugin v27.3 - https:\/\/yoast.com\/product\/yoast-seo-wordpress\/ -->\n<title>Wegbeschreibung des j\u00fcdischen Liederguts in Frankreich - Institut Europ\u00e9en des Musiques Juives<\/title>\n<meta name=\"robots\" content=\"index, follow, max-snippet:-1, max-image-preview:large, max-video-preview:-1\" \/>\n<link rel=\"canonical\" href=\"https:\/\/www.iemj.org\/de\/itineraire-de-la-chanson-juive-en-france\/\" \/>\n<meta property=\"og:locale\" content=\"de_DE\" \/>\n<meta property=\"og:type\" content=\"article\" \/>\n<meta property=\"og:title\" content=\"Wegbeschreibung des j\u00fcdischen Liederguts in Frankreich - Institut Europ\u00e9en des Musiques Juives\" \/>\n<meta property=\"og:description\" content=\"Eine musikalische Reise durch eine Auswahl aussagekr\u00e4ftiger j\u00fcdischer Lieder, aus dem Zeitraum vom 13. Jahrhundert bis heute, welche in Frankreich gesungen oder herausgegeben wurden\" \/>\n<meta property=\"og:url\" content=\"https:\/\/www.iemj.org\/de\/itineraire-de-la-chanson-juive-en-france\/\" \/>\n<meta property=\"og:site_name\" content=\"Institut Europ\u00e9en des Musiques Juives\" \/>\n<meta property=\"article:publisher\" content=\"https:\/\/www.facebook.com\/MusiquesJuives\/\" \/>\n<meta property=\"article:published_time\" content=\"2015-12-23T10:35:00+00:00\" \/>\n<meta property=\"article:modified_time\" content=\"2025-04-16T17:43:59+00:00\" \/>\n<meta property=\"og:image\" content=\"https:\/\/www.iemj.org\/wp-content\/uploads\/2015\/12\/arton1294-e1677338526697.jpg\" \/>\n\t<meta property=\"og:image:width\" content=\"392\" \/>\n\t<meta property=\"og:image:height\" content=\"500\" \/>\n\t<meta property=\"og:image:type\" content=\"image\/jpeg\" \/>\n<meta name=\"author\" content=\"Jean-Gabriel Davis\" \/>\n<meta name=\"twitter:card\" content=\"summary_large_image\" \/>\n<meta name=\"twitter:label1\" content=\"Verfasst von\" \/>\n\t<meta name=\"twitter:data1\" content=\"Jean-Gabriel Davis\" \/>\n\t<meta name=\"twitter:label2\" content=\"Gesch\u00e4tzte Lesezeit\" \/>\n\t<meta name=\"twitter:data2\" content=\"3\u00a0Minuten\" \/>\n<script type=\"application\/ld+json\" class=\"yoast-schema-graph\">{\"@context\":\"https:\\\/\\\/schema.org\",\"@graph\":[{\"@type\":\"Article\",\"@id\":\"https:\\\/\\\/www.iemj.org\\\/de\\\/itineraire-de-la-chanson-juive-en-france\\\/#article\",\"isPartOf\":{\"@id\":\"https:\\\/\\\/www.iemj.org\\\/de\\\/itineraire-de-la-chanson-juive-en-france\\\/\"},\"author\":{\"name\":\"Jean-Gabriel Davis\",\"@id\":\"https:\\\/\\\/www.iemj.org\\\/de\\\/#\\\/schema\\\/person\\\/c9bc1c386a3749579a2d675e72a18666\"},\"headline\":\"Wegbeschreibung des j\u00fcdischen Liederguts in Frankreich\",\"datePublished\":\"2015-12-23T10:35:00+00:00\",\"dateModified\":\"2025-04-16T17:43:59+00:00\",\"mainEntityOfPage\":{\"@id\":\"https:\\\/\\\/www.iemj.org\\\/de\\\/itineraire-de-la-chanson-juive-en-france\\\/\"},\"wordCount\":490,\"publisher\":{\"@id\":\"https:\\\/\\\/www.iemj.org\\\/de\\\/#organization\"},\"image\":{\"@id\":\"https:\\\/\\\/www.iemj.org\\\/de\\\/itineraire-de-la-chanson-juive-en-france\\\/#primaryimage\"},\"thumbnailUrl\":\"https:\\\/\\\/www.iemj.org\\\/wp-content\\\/uploads\\\/2015\\\/12\\\/arton1294-e1677338526697.jpg\",\"articleSection\":[\"Playlists\"],\"inLanguage\":\"de\"},{\"@type\":\"WebPage\",\"@id\":\"https:\\\/\\\/www.iemj.org\\\/de\\\/itineraire-de-la-chanson-juive-en-france\\\/\",\"url\":\"https:\\\/\\\/www.iemj.org\\\/de\\\/itineraire-de-la-chanson-juive-en-france\\\/\",\"name\":\"Wegbeschreibung des j\u00fcdischen Liederguts in Frankreich - Institut Europ\u00e9en des Musiques Juives\",\"isPartOf\":{\"@id\":\"https:\\\/\\\/www.iemj.org\\\/de\\\/#website\"},\"primaryImageOfPage\":{\"@id\":\"https:\\\/\\\/www.iemj.org\\\/de\\\/itineraire-de-la-chanson-juive-en-france\\\/#primaryimage\"},\"image\":{\"@id\":\"https:\\\/\\\/www.iemj.org\\\/de\\\/itineraire-de-la-chanson-juive-en-france\\\/#primaryimage\"},\"thumbnailUrl\":\"https:\\\/\\\/www.iemj.org\\\/wp-content\\\/uploads\\\/2015\\\/12\\\/arton1294-e1677338526697.jpg\",\"datePublished\":\"2015-12-23T10:35:00+00:00\",\"dateModified\":\"2025-04-16T17:43:59+00:00\",\"breadcrumb\":{\"@id\":\"https:\\\/\\\/www.iemj.org\\\/de\\\/itineraire-de-la-chanson-juive-en-france\\\/#breadcrumb\"},\"inLanguage\":\"de\",\"potentialAction\":[{\"@type\":\"ReadAction\",\"target\":[\"https:\\\/\\\/www.iemj.org\\\/de\\\/itineraire-de-la-chanson-juive-en-france\\\/\"]}]},{\"@type\":\"ImageObject\",\"inLanguage\":\"de\",\"@id\":\"https:\\\/\\\/www.iemj.org\\\/de\\\/itineraire-de-la-chanson-juive-en-france\\\/#primaryimage\",\"url\":\"https:\\\/\\\/www.iemj.org\\\/wp-content\\\/uploads\\\/2015\\\/12\\\/arton1294-e1677338526697.jpg\",\"contentUrl\":\"https:\\\/\\\/www.iemj.org\\\/wp-content\\\/uploads\\\/2015\\\/12\\\/arton1294-e1677338526697.jpg\",\"width\":392,\"height\":500},{\"@type\":\"BreadcrumbList\",\"@id\":\"https:\\\/\\\/www.iemj.org\\\/de\\\/itineraire-de-la-chanson-juive-en-france\\\/#breadcrumb\",\"itemListElement\":[{\"@type\":\"ListItem\",\"position\":1,\"name\":\"Accueil\",\"item\":\"https:\\\/\\\/www.iemj.org\\\/de\\\/\"},{\"@type\":\"ListItem\",\"position\":2,\"name\":\"Wegbeschreibung des j\u00fcdischen Liederguts in Frankreich\"}]},{\"@type\":\"WebSite\",\"@id\":\"https:\\\/\\\/www.iemj.org\\\/de\\\/#website\",\"url\":\"https:\\\/\\\/www.iemj.org\\\/de\\\/\",\"name\":\"Institut Europ\u00e9en des Musiques Juives\",\"description\":\"Des traditions musicales \u00e0 la port\u00e9e de tous\",\"publisher\":{\"@id\":\"https:\\\/\\\/www.iemj.org\\\/de\\\/#organization\"},\"potentialAction\":[{\"@type\":\"SearchAction\",\"target\":{\"@type\":\"EntryPoint\",\"urlTemplate\":\"https:\\\/\\\/www.iemj.org\\\/de\\\/?s={search_term_string}\"},\"query-input\":{\"@type\":\"PropertyValueSpecification\",\"valueRequired\":true,\"valueName\":\"search_term_string\"}}],\"inLanguage\":\"de\"},{\"@type\":\"Organization\",\"@id\":\"https:\\\/\\\/www.iemj.org\\\/de\\\/#organization\",\"name\":\"Institut Europ\u00e9en des Musiques Juives\",\"url\":\"https:\\\/\\\/www.iemj.org\\\/de\\\/\",\"logo\":{\"@type\":\"ImageObject\",\"inLanguage\":\"de\",\"@id\":\"https:\\\/\\\/www.iemj.org\\\/de\\\/#\\\/schema\\\/logo\\\/image\\\/\",\"url\":\"https:\\\/\\\/www.iemj.org\\\/wp-content\\\/uploads\\\/2021\\\/09\\\/Logo-IEMJ-Paypal.jpg\",\"contentUrl\":\"https:\\\/\\\/www.iemj.org\\\/wp-content\\\/uploads\\\/2021\\\/09\\\/Logo-IEMJ-Paypal.jpg\",\"width\":150,\"height\":50,\"caption\":\"Institut Europ\u00e9en des Musiques Juives\"},\"image\":{\"@id\":\"https:\\\/\\\/www.iemj.org\\\/de\\\/#\\\/schema\\\/logo\\\/image\\\/\"},\"sameAs\":[\"https:\\\/\\\/www.facebook.com\\\/MusiquesJuives\\\/\",\"https:\\\/\\\/www.instagram.com\\\/musiquesjuives\\\/\",\"https:\\\/\\\/www.youtube.com\\\/user\\\/musiquesjuives\"]},{\"@type\":\"Person\",\"@id\":\"https:\\\/\\\/www.iemj.org\\\/de\\\/#\\\/schema\\\/person\\\/c9bc1c386a3749579a2d675e72a18666\",\"name\":\"Jean-Gabriel Davis\",\"image\":{\"@type\":\"ImageObject\",\"inLanguage\":\"de\",\"@id\":\"https:\\\/\\\/secure.gravatar.com\\\/avatar\\\/2b90d67bdf392c9b3a21fab87c0fa7edaf1fb3a058172a1ffd61033fcec7aec1?s=96&d=mm&r=g\",\"url\":\"https:\\\/\\\/secure.gravatar.com\\\/avatar\\\/2b90d67bdf392c9b3a21fab87c0fa7edaf1fb3a058172a1ffd61033fcec7aec1?s=96&d=mm&r=g\",\"contentUrl\":\"https:\\\/\\\/secure.gravatar.com\\\/avatar\\\/2b90d67bdf392c9b3a21fab87c0fa7edaf1fb3a058172a1ffd61033fcec7aec1?s=96&d=mm&r=g\",\"caption\":\"Jean-Gabriel Davis\"}}]}<\/script>\n<!-- \/ Yoast SEO plugin. -->","yoast_head_json":{"title":"Wegbeschreibung des j\u00fcdischen Liederguts in Frankreich - Institut Europ\u00e9en des Musiques Juives","robots":{"index":"index","follow":"follow","max-snippet":"max-snippet:-1","max-image-preview":"max-image-preview:large","max-video-preview":"max-video-preview:-1"},"canonical":"https:\/\/www.iemj.org\/de\/itineraire-de-la-chanson-juive-en-france\/","og_locale":"de_DE","og_type":"article","og_title":"Wegbeschreibung des j\u00fcdischen Liederguts in Frankreich - Institut Europ\u00e9en des Musiques Juives","og_description":"Eine musikalische Reise durch eine Auswahl aussagekr\u00e4ftiger j\u00fcdischer Lieder, aus dem Zeitraum vom 13. Jahrhundert bis heute, welche in Frankreich gesungen oder herausgegeben wurden","og_url":"https:\/\/www.iemj.org\/de\/itineraire-de-la-chanson-juive-en-france\/","og_site_name":"Institut Europ\u00e9en des Musiques Juives","article_publisher":"https:\/\/www.facebook.com\/MusiquesJuives\/","article_published_time":"2015-12-23T10:35:00+00:00","article_modified_time":"2025-04-16T17:43:59+00:00","og_image":[{"width":392,"height":500,"url":"https:\/\/www.iemj.org\/wp-content\/uploads\/2015\/12\/arton1294-e1677338526697.jpg","type":"image\/jpeg"}],"author":"Jean-Gabriel Davis","twitter_card":"summary_large_image","twitter_misc":{"Verfasst von":"Jean-Gabriel Davis","Gesch\u00e4tzte Lesezeit":"3\u00a0Minuten"},"schema":{"@context":"https:\/\/schema.org","@graph":[{"@type":"Article","@id":"https:\/\/www.iemj.org\/de\/itineraire-de-la-chanson-juive-en-france\/#article","isPartOf":{"@id":"https:\/\/www.iemj.org\/de\/itineraire-de-la-chanson-juive-en-france\/"},"author":{"name":"Jean-Gabriel Davis","@id":"https:\/\/www.iemj.org\/de\/#\/schema\/person\/c9bc1c386a3749579a2d675e72a18666"},"headline":"Wegbeschreibung des j\u00fcdischen Liederguts in Frankreich","datePublished":"2015-12-23T10:35:00+00:00","dateModified":"2025-04-16T17:43:59+00:00","mainEntityOfPage":{"@id":"https:\/\/www.iemj.org\/de\/itineraire-de-la-chanson-juive-en-france\/"},"wordCount":490,"publisher":{"@id":"https:\/\/www.iemj.org\/de\/#organization"},"image":{"@id":"https:\/\/www.iemj.org\/de\/itineraire-de-la-chanson-juive-en-france\/#primaryimage"},"thumbnailUrl":"https:\/\/www.iemj.org\/wp-content\/uploads\/2015\/12\/arton1294-e1677338526697.jpg","articleSection":["Playlists"],"inLanguage":"de"},{"@type":"WebPage","@id":"https:\/\/www.iemj.org\/de\/itineraire-de-la-chanson-juive-en-france\/","url":"https:\/\/www.iemj.org\/de\/itineraire-de-la-chanson-juive-en-france\/","name":"Wegbeschreibung des j\u00fcdischen Liederguts in Frankreich - Institut Europ\u00e9en des Musiques Juives","isPartOf":{"@id":"https:\/\/www.iemj.org\/de\/#website"},"primaryImageOfPage":{"@id":"https:\/\/www.iemj.org\/de\/itineraire-de-la-chanson-juive-en-france\/#primaryimage"},"image":{"@id":"https:\/\/www.iemj.org\/de\/itineraire-de-la-chanson-juive-en-france\/#primaryimage"},"thumbnailUrl":"https:\/\/www.iemj.org\/wp-content\/uploads\/2015\/12\/arton1294-e1677338526697.jpg","datePublished":"2015-12-23T10:35:00+00:00","dateModified":"2025-04-16T17:43:59+00:00","breadcrumb":{"@id":"https:\/\/www.iemj.org\/de\/itineraire-de-la-chanson-juive-en-france\/#breadcrumb"},"inLanguage":"de","potentialAction":[{"@type":"ReadAction","target":["https:\/\/www.iemj.org\/de\/itineraire-de-la-chanson-juive-en-france\/"]}]},{"@type":"ImageObject","inLanguage":"de","@id":"https:\/\/www.iemj.org\/de\/itineraire-de-la-chanson-juive-en-france\/#primaryimage","url":"https:\/\/www.iemj.org\/wp-content\/uploads\/2015\/12\/arton1294-e1677338526697.jpg","contentUrl":"https:\/\/www.iemj.org\/wp-content\/uploads\/2015\/12\/arton1294-e1677338526697.jpg","width":392,"height":500},{"@type":"BreadcrumbList","@id":"https:\/\/www.iemj.org\/de\/itineraire-de-la-chanson-juive-en-france\/#breadcrumb","itemListElement":[{"@type":"ListItem","position":1,"name":"Accueil","item":"https:\/\/www.iemj.org\/de\/"},{"@type":"ListItem","position":2,"name":"Wegbeschreibung des j\u00fcdischen Liederguts in Frankreich"}]},{"@type":"WebSite","@id":"https:\/\/www.iemj.org\/de\/#website","url":"https:\/\/www.iemj.org\/de\/","name":"Institut Europ\u00e9en des Musiques Juives","description":"Des traditions musicales \u00e0 la port\u00e9e de tous","publisher":{"@id":"https:\/\/www.iemj.org\/de\/#organization"},"potentialAction":[{"@type":"SearchAction","target":{"@type":"EntryPoint","urlTemplate":"https:\/\/www.iemj.org\/de\/?s={search_term_string}"},"query-input":{"@type":"PropertyValueSpecification","valueRequired":true,"valueName":"search_term_string"}}],"inLanguage":"de"},{"@type":"Organization","@id":"https:\/\/www.iemj.org\/de\/#organization","name":"Institut Europ\u00e9en des Musiques Juives","url":"https:\/\/www.iemj.org\/de\/","logo":{"@type":"ImageObject","inLanguage":"de","@id":"https:\/\/www.iemj.org\/de\/#\/schema\/logo\/image\/","url":"https:\/\/www.iemj.org\/wp-content\/uploads\/2021\/09\/Logo-IEMJ-Paypal.jpg","contentUrl":"https:\/\/www.iemj.org\/wp-content\/uploads\/2021\/09\/Logo-IEMJ-Paypal.jpg","width":150,"height":50,"caption":"Institut Europ\u00e9en des Musiques Juives"},"image":{"@id":"https:\/\/www.iemj.org\/de\/#\/schema\/logo\/image\/"},"sameAs":["https:\/\/www.facebook.com\/MusiquesJuives\/","https:\/\/www.instagram.com\/musiquesjuives\/","https:\/\/www.youtube.com\/user\/musiquesjuives"]},{"@type":"Person","@id":"https:\/\/www.iemj.org\/de\/#\/schema\/person\/c9bc1c386a3749579a2d675e72a18666","name":"Jean-Gabriel Davis","image":{"@type":"ImageObject","inLanguage":"de","@id":"https:\/\/secure.gravatar.com\/avatar\/2b90d67bdf392c9b3a21fab87c0fa7edaf1fb3a058172a1ffd61033fcec7aec1?s=96&d=mm&r=g","url":"https:\/\/secure.gravatar.com\/avatar\/2b90d67bdf392c9b3a21fab87c0fa7edaf1fb3a058172a1ffd61033fcec7aec1?s=96&d=mm&r=g","contentUrl":"https:\/\/secure.gravatar.com\/avatar\/2b90d67bdf392c9b3a21fab87c0fa7edaf1fb3a058172a1ffd61033fcec7aec1?s=96&d=mm&r=g","caption":"Jean-Gabriel Davis"}}]}},"_links":{"self":[{"href":"https:\/\/www.iemj.org\/de\/wp-json\/wp\/v2\/posts\/73522","targetHints":{"allow":["GET"]}}],"collection":[{"href":"https:\/\/www.iemj.org\/de\/wp-json\/wp\/v2\/posts"}],"about":[{"href":"https:\/\/www.iemj.org\/de\/wp-json\/wp\/v2\/types\/post"}],"author":[{"embeddable":true,"href":"https:\/\/www.iemj.org\/de\/wp-json\/wp\/v2\/users\/1048"}],"replies":[{"embeddable":true,"href":"https:\/\/www.iemj.org\/de\/wp-json\/wp\/v2\/comments?post=73522"}],"version-history":[{"count":0,"href":"https:\/\/www.iemj.org\/de\/wp-json\/wp\/v2\/posts\/73522\/revisions"}],"wp:featuredmedia":[{"embeddable":true,"href":"https:\/\/www.iemj.org\/de\/wp-json\/wp\/v2\/media\/73523"}],"wp:attachment":[{"href":"https:\/\/www.iemj.org\/de\/wp-json\/wp\/v2\/media?parent=73522"}],"wp:term":[{"taxonomy":"category","embeddable":true,"href":"https:\/\/www.iemj.org\/de\/wp-json\/wp\/v2\/categories?post=73522"},{"taxonomy":"post_tag","embeddable":true,"href":"https:\/\/www.iemj.org\/de\/wp-json\/wp\/v2\/tags?post=73522"},{"taxonomy":"technique","embeddable":true,"href":"https:\/\/www.iemj.org\/de\/wp-json\/wp\/v2\/technique?post=73522"},{"taxonomy":"squelettes","embeddable":true,"href":"https:\/\/www.iemj.org\/de\/wp-json\/wp\/v2\/squelettes?post=73522"},{"taxonomy":"sujet","embeddable":true,"href":"https:\/\/www.iemj.org\/de\/wp-json\/wp\/v2\/sujet?post=73522"},{"taxonomy":"formation","embeddable":true,"href":"https:\/\/www.iemj.org\/de\/wp-json\/wp\/v2\/formation?post=73522"},{"taxonomy":"genre","embeddable":true,"href":"https:\/\/www.iemj.org\/de\/wp-json\/wp\/v2\/genre?post=73522"},{"taxonomy":"fonds","embeddable":true,"href":"https:\/\/www.iemj.org\/de\/wp-json\/wp\/v2\/fonds?post=73522"},{"taxonomy":"tradition","embeddable":true,"href":"https:\/\/www.iemj.org\/de\/wp-json\/wp\/v2\/tradition?post=73522"},{"taxonomy":"type-de-contenu","embeddable":true,"href":"https:\/\/www.iemj.org\/de\/wp-json\/wp\/v2\/type-de-contenu?post=73522"},{"taxonomy":"interprete-compositeur","embeddable":true,"href":"https:\/\/www.iemj.org\/de\/wp-json\/wp\/v2\/interprete-compositeur?post=73522"},{"taxonomy":"frise","embeddable":true,"href":"https:\/\/www.iemj.org\/de\/wp-json\/wp\/v2\/frise?post=73522"},{"taxonomy":"type-devenement","embeddable":true,"href":"https:\/\/www.iemj.org\/de\/wp-json\/wp\/v2\/type-devenement?post=73522"},{"taxonomy":"tableaux-liens-externes","embeddable":true,"href":"https:\/\/www.iemj.org\/de\/wp-json\/wp\/v2\/tableaux-liens-externes?post=73522"}],"curies":[{"name":"wp","href":"https:\/\/api.w.org\/{rel}","templated":true}]}}