{"id":74896,"date":"2020-01-22T12:07:45","date_gmt":"2020-01-22T11:07:45","guid":{"rendered":"https:\/\/www.iemj.org\/metamorphose-des-melodies-2\/"},"modified":"2025-09-16T12:16:53","modified_gmt":"2025-09-16T10:16:53","slug":"metamorphose-des-melodies-2","status":"publish","type":"post","link":"https:\/\/www.iemj.org\/de\/metamorphose-des-melodies-2\/","title":{"rendered":"M\u00e9tamorphose des m\u00e9lodies"},"content":{"rendered":"<p>\u201eJiddisch und Hebr\u00e4isch sind wie Zwillinge, vereint unter demselben Dach\u201c, ein Zitat von Dov Sadan, das Aharon Appelfeld aufgegriffen hat und den langen Weg dieser beiden Sprachen zum Ausdruck bringt, die \u00fcber Jahrhunderte hinweg, durch dieselbe Kultur miteinander verbunden waren. Mich\u00e8le Tauber ist eng mit diesen beiden Sprachen und dieser Kultur verbunden, insbesondere mit ihrer Musik und Poesie.<\/p>\n<p>Dieses Doppelalbum bietet eine Auswahl hebr\u00e4ischer und jiddischer Poesie, welche von ber\u00fchmten Komponisten in hebr\u00e4ischer und in jiddischer Sprache vertont wurde.<\/p>\n<p>Zu den Dichtern und Komponisten geh\u00f6ren Natan Alterman, Lea Goldberg, Yehuda Amiha\u00ef, Mordekhay Gebirtig, ein Tischler aus Krakau, Itsik Mangher, Jacques Grober; Avrom Goldfaden, der Vater der jiddischen Operette, Sasha Argov, Bankangestellter und sp\u00e4ter Buchh\u00e4ndler in Tel Aviv, Moshe Wilensky, Autor von mehr als 150 Liedern, Dov Zelter, Komponist des ber\u00fchmten Musicals Di megile lider auf Gedichte von Itsik Manger, Kurt Weil, Charles Trenet, Naomi Shemer, emblematische Autorin und Komponistin Israels und viele weitere\u2026<\/p>\n<p>Ihre Musik sch\u00f6pft sowohl aus klassischen Quellen, slawischen, zigeunerischen und balkanischen Traditionen als auch aus Kl\u00e4ngen und Rhythmen des Ostens.<\/p>\n<p><strong><a href=\"https:\/\/www.iemj.org\/de\/produit\/m-tauber-l-grynszpan-metamorphose-des-melodies\/\" target=\"_blank\" rel=\"noopener\">Bestellen Sie die CD im Onlineshop des IEMJ<\/a><\/strong><\/p>\n<center><br \/><img fetchpriority=\"high\" decoding=\"async\" class=\" aligncenter size-full wp-image-26643\" src=\"https:\/\/www.iemj.org\/wp-content\/uploads\/2020\/01\/couv4_cd_metamorphose_des_melodies_pour_boutique_iemj.jpg\" alt=\"couv4_cd_metamorphose_des_melodies_pour_boutique_iemj.jpg\" width=\"600\" height=\"527\" align=\"middle\" srcset=\"https:\/\/www.iemj.org\/wp-content\/uploads\/2020\/01\/couv4_cd_metamorphose_des_melodies_pour_boutique_iemj.jpg 600w, https:\/\/www.iemj.org\/wp-content\/uploads\/2020\/01\/couv4_cd_metamorphose_des_melodies_pour_boutique_iemj-300x264.jpg 300w\" sizes=\"(max-width: 600px) 100vw, 600px\" \/><\/center>\n<p>\u00a0<\/p>\n\n<div class=\"wp-block-image\">\n<figure class=\"aligncenter size-large\"><img decoding=\"async\" width=\"1024\" height=\"133\" src=\"https:\/\/www.iemj.org\/wp-content\/uploads\/2024\/03\/AUDIO-PLAYER-1024x133.png\" alt=\"\" class=\"wp-image-110606\" srcset=\"https:\/\/www.iemj.org\/wp-content\/uploads\/2024\/03\/AUDIO-PLAYER-1024x133.png 1024w, https:\/\/www.iemj.org\/wp-content\/uploads\/2024\/03\/AUDIO-PLAYER-300x39.png 300w, https:\/\/www.iemj.org\/wp-content\/uploads\/2024\/03\/AUDIO-PLAYER-768x100.png 768w, https:\/\/www.iemj.org\/wp-content\/uploads\/2024\/03\/AUDIO-PLAYER-600x78.png 600w, https:\/\/www.iemj.org\/wp-content\/uploads\/2024\/03\/AUDIO-PLAYER.png 1210w\" sizes=\"(max-width: 1024px) 100vw, 1024px\" \/><\/figure>\n<\/div>\n\n\n<h2 class=\"wp-block-heading\"><\/h2>\n\n\n\n<div class=\"wp-block-file\"><a href=\"https:\/\/www.iemj.org\/wp-content\/uploads\/2020\/01\/cd1.1-dem_ba_al_shem_tovs_zemberl_-_moyshe_bassin_joseph_rumshinsky.mp3\">1 &#8211; Dem ba&#8217;al shem tovs zemberl &#8211; Moyshe Bassin, Joseph Rumshinsky (EXTRAIT CD1)<\/a><\/div>\n\n\n\n<div class=\"wp-block-file\"><a href=\"https:\/\/www.iemj.org\/wp-content\/uploads\/2020\/01\/cd1.2-in_a_feldele_-_jacques_grober.mp3\">2 &#8211; In a feldele &#8211; Jacques Grober (EXTRAIT CD1)<\/a><\/div>\n\n\n\n<div class=\"wp-block-file\"><a href=\"https:\/\/www.iemj.org\/wp-content\/uploads\/2020\/01\/cd1.3-eynzam_-_itsik_mangher_nurit_hirsch.mp3\">3 &#8211; Eynzam &#8211; Itsik Mangher, Nurit Hirsch (EXTRAIT CD1)<\/a><\/div>\n\n\n\n<div class=\"wp-block-file\"><a href=\"https:\/\/www.iemj.org\/wp-content\/uploads\/2020\/01\/cd1.4-di_zun_vet_aruntergeyn_-_moyshe_leyb_halpern_ben_yomen.mp3\">4 &#8211; Di zun vet aruntergeyn &#8211; Moyshe Leyb Halpern, Ben Yomen (EXTRAIT CD1)<\/a><\/div>\n\n\n\n<div class=\"wp-block-file\"><a href=\"https:\/\/www.iemj.org\/wp-content\/uploads\/2020\/01\/cd2.1-ete_ma-she_ratsiti_-_yoram_tehar-lev_sasha_argov.mp3\">5 &#8211; Ete ma-she ratsiti &#8211; Yoram Tehar-Lev, Sasha Argov (EXTRAIT CD2)<\/a><\/div>\n\n\n\n<div class=\"wp-block-file\"><a href=\"https:\/\/www.iemj.org\/wp-content\/uploads\/2020\/01\/cd2.2-lifnot_erev_-_aharon_shabtai_sasha_argov.mp3\">6 &#8211; Lifnot erev &#8211; Aharon Shabta\u00cf, Sasha Argov (EXTRAIT CD2)<\/a><\/div>\n\n\n\n<div class=\"wp-block-file\"><a href=\"https:\/\/www.iemj.org\/wp-content\/uploads\/2020\/01\/cd2.3-hu_lo_yada_et_shima_-_hayim_hefer_sasha_argov.mp3\">7 &#8211; Hu lo yada et shima &#8211; Hayim Hefer, Sasha Argov (EXTRAIT CD2)<\/a><\/div>\n\n\n\n<div class=\"wp-block-file\"><a href=\"https:\/\/www.iemj.org\/wp-content\/uploads\/2020\/01\/cd2.4-ha-simla_ha-segula_-_hayim_hefer_sasha_argov.mp3\">8 &#8211; Ha-simla ha-segula &#8211; Hayim Hefer, Sasha Argov (EXTRAIT CD2)<\/a><\/div>\n","protected":false},"excerpt":{"rendered":"<p>\u201eJiddisch und Hebr\u00e4isch sind wie Zwillinge, vereint unter demselben Dach\u201c, ein Zitat von Dov Sadan, das Aharon Appelfeld aufgegriffen hat und den langen Weg dieser beiden Sprachen zum Ausdruck bringt,<\/p>\n","protected":false},"author":1048,"featured_media":74898,"comment_status":"closed","ping_status":"closed","sticky":false,"template":"","format":"standard","meta":{"_acf_changed":false,"footnotes":""},"categories":[1571],"tags":[],"technique":[],"squelettes":[],"sujet":[],"formation":[],"genre":[],"fonds":[],"tradition":[],"type-de-contenu":[],"interprete-compositeur":[],"frise":[],"type-devenement":[],"tableaux-liens-externes":[],"class_list":["post-74896","post","type-post","status-publish","format-standard","has-post-thumbnail","hentry","category-cd-de"],"acf":[],"yoast_head":"<!-- This site is optimized with the Yoast SEO plugin v27.3 - https:\/\/yoast.com\/product\/yoast-seo-wordpress\/ -->\n<title>M\u00e9tamorphose des m\u00e9lodies - Institut Europ\u00e9en des Musiques Juives<\/title>\n<meta name=\"robots\" content=\"index, follow, max-snippet:-1, max-image-preview:large, max-video-preview:-1\" \/>\n<link rel=\"canonical\" href=\"https:\/\/www.iemj.org\/de\/metamorphose-des-melodies-2\/\" \/>\n<meta property=\"og:locale\" content=\"de_DE\" \/>\n<meta property=\"og:type\" content=\"article\" \/>\n<meta property=\"og:title\" content=\"M\u00e9tamorphose des m\u00e9lodies - Institut Europ\u00e9en des Musiques Juives\" \/>\n<meta property=\"og:description\" content=\"\u201eJiddisch und Hebr\u00e4isch sind wie Zwillinge, vereint unter demselben Dach\u201c, ein Zitat von Dov Sadan, das Aharon Appelfeld aufgegriffen hat und den langen Weg dieser beiden Sprachen zum Ausdruck bringt,\" \/>\n<meta property=\"og:url\" content=\"https:\/\/www.iemj.org\/de\/metamorphose-des-melodies-2\/\" \/>\n<meta property=\"og:site_name\" content=\"Institut Europ\u00e9en des Musiques Juives\" \/>\n<meta property=\"article:publisher\" content=\"https:\/\/www.facebook.com\/MusiquesJuives\/\" \/>\n<meta property=\"article:published_time\" content=\"2020-01-22T11:07:45+00:00\" \/>\n<meta property=\"article:modified_time\" content=\"2025-09-16T10:16:53+00:00\" \/>\n<meta property=\"og:image\" content=\"https:\/\/www.iemj.org\/wp-content\/uploads\/2020\/01\/arton4497.jpg\" \/>\n\t<meta property=\"og:image:width\" content=\"653\" \/>\n\t<meta property=\"og:image:height\" content=\"643\" \/>\n\t<meta property=\"og:image:type\" content=\"image\/jpeg\" \/>\n<meta name=\"author\" content=\"Jean-Gabriel Davis\" \/>\n<meta name=\"twitter:card\" content=\"summary_large_image\" \/>\n<meta name=\"twitter:label1\" content=\"Verfasst von\" \/>\n\t<meta name=\"twitter:data1\" content=\"Jean-Gabriel Davis\" \/>\n\t<meta name=\"twitter:label2\" content=\"Gesch\u00e4tzte Lesezeit\" \/>\n\t<meta name=\"twitter:data2\" content=\"2\u00a0Minuten\" \/>\n<script type=\"application\/ld+json\" class=\"yoast-schema-graph\">{\"@context\":\"https:\\\/\\\/schema.org\",\"@graph\":[{\"@type\":\"Article\",\"@id\":\"https:\\\/\\\/www.iemj.org\\\/de\\\/metamorphose-des-melodies-2\\\/#article\",\"isPartOf\":{\"@id\":\"https:\\\/\\\/www.iemj.org\\\/de\\\/metamorphose-des-melodies-2\\\/\"},\"author\":{\"name\":\"Jean-Gabriel Davis\",\"@id\":\"https:\\\/\\\/www.iemj.org\\\/de\\\/#\\\/schema\\\/person\\\/c9bc1c386a3749579a2d675e72a18666\"},\"headline\":\"M\u00e9tamorphose des m\u00e9lodies\",\"datePublished\":\"2020-01-22T11:07:45+00:00\",\"dateModified\":\"2025-09-16T10:16:53+00:00\",\"mainEntityOfPage\":{\"@id\":\"https:\\\/\\\/www.iemj.org\\\/de\\\/metamorphose-des-melodies-2\\\/\"},\"wordCount\":285,\"publisher\":{\"@id\":\"https:\\\/\\\/www.iemj.org\\\/de\\\/#organization\"},\"image\":{\"@id\":\"https:\\\/\\\/www.iemj.org\\\/de\\\/metamorphose-des-melodies-2\\\/#primaryimage\"},\"thumbnailUrl\":\"https:\\\/\\\/www.iemj.org\\\/wp-content\\\/uploads\\\/2020\\\/01\\\/arton4497.jpg\",\"articleSection\":[\"CD\"],\"inLanguage\":\"de\"},{\"@type\":\"WebPage\",\"@id\":\"https:\\\/\\\/www.iemj.org\\\/de\\\/metamorphose-des-melodies-2\\\/\",\"url\":\"https:\\\/\\\/www.iemj.org\\\/de\\\/metamorphose-des-melodies-2\\\/\",\"name\":\"M\u00e9tamorphose des m\u00e9lodies - Institut Europ\u00e9en des Musiques Juives\",\"isPartOf\":{\"@id\":\"https:\\\/\\\/www.iemj.org\\\/de\\\/#website\"},\"primaryImageOfPage\":{\"@id\":\"https:\\\/\\\/www.iemj.org\\\/de\\\/metamorphose-des-melodies-2\\\/#primaryimage\"},\"image\":{\"@id\":\"https:\\\/\\\/www.iemj.org\\\/de\\\/metamorphose-des-melodies-2\\\/#primaryimage\"},\"thumbnailUrl\":\"https:\\\/\\\/www.iemj.org\\\/wp-content\\\/uploads\\\/2020\\\/01\\\/arton4497.jpg\",\"datePublished\":\"2020-01-22T11:07:45+00:00\",\"dateModified\":\"2025-09-16T10:16:53+00:00\",\"breadcrumb\":{\"@id\":\"https:\\\/\\\/www.iemj.org\\\/de\\\/metamorphose-des-melodies-2\\\/#breadcrumb\"},\"inLanguage\":\"de\",\"potentialAction\":[{\"@type\":\"ReadAction\",\"target\":[\"https:\\\/\\\/www.iemj.org\\\/de\\\/metamorphose-des-melodies-2\\\/\"]}]},{\"@type\":\"ImageObject\",\"inLanguage\":\"de\",\"@id\":\"https:\\\/\\\/www.iemj.org\\\/de\\\/metamorphose-des-melodies-2\\\/#primaryimage\",\"url\":\"https:\\\/\\\/www.iemj.org\\\/wp-content\\\/uploads\\\/2020\\\/01\\\/arton4497.jpg\",\"contentUrl\":\"https:\\\/\\\/www.iemj.org\\\/wp-content\\\/uploads\\\/2020\\\/01\\\/arton4497.jpg\",\"width\":653,\"height\":643},{\"@type\":\"BreadcrumbList\",\"@id\":\"https:\\\/\\\/www.iemj.org\\\/de\\\/metamorphose-des-melodies-2\\\/#breadcrumb\",\"itemListElement\":[{\"@type\":\"ListItem\",\"position\":1,\"name\":\"Accueil\",\"item\":\"https:\\\/\\\/www.iemj.org\\\/de\\\/\"},{\"@type\":\"ListItem\",\"position\":2,\"name\":\"M\u00e9tamorphose des m\u00e9lodies\"}]},{\"@type\":\"WebSite\",\"@id\":\"https:\\\/\\\/www.iemj.org\\\/de\\\/#website\",\"url\":\"https:\\\/\\\/www.iemj.org\\\/de\\\/\",\"name\":\"Institut Europ\u00e9en des Musiques Juives\",\"description\":\"Des traditions musicales \u00e0 la port\u00e9e de tous\",\"publisher\":{\"@id\":\"https:\\\/\\\/www.iemj.org\\\/de\\\/#organization\"},\"potentialAction\":[{\"@type\":\"SearchAction\",\"target\":{\"@type\":\"EntryPoint\",\"urlTemplate\":\"https:\\\/\\\/www.iemj.org\\\/de\\\/?s={search_term_string}\"},\"query-input\":{\"@type\":\"PropertyValueSpecification\",\"valueRequired\":true,\"valueName\":\"search_term_string\"}}],\"inLanguage\":\"de\"},{\"@type\":\"Organization\",\"@id\":\"https:\\\/\\\/www.iemj.org\\\/de\\\/#organization\",\"name\":\"Institut Europ\u00e9en des Musiques Juives\",\"url\":\"https:\\\/\\\/www.iemj.org\\\/de\\\/\",\"logo\":{\"@type\":\"ImageObject\",\"inLanguage\":\"de\",\"@id\":\"https:\\\/\\\/www.iemj.org\\\/de\\\/#\\\/schema\\\/logo\\\/image\\\/\",\"url\":\"https:\\\/\\\/www.iemj.org\\\/wp-content\\\/uploads\\\/2021\\\/09\\\/Logo-IEMJ-Paypal.jpg\",\"contentUrl\":\"https:\\\/\\\/www.iemj.org\\\/wp-content\\\/uploads\\\/2021\\\/09\\\/Logo-IEMJ-Paypal.jpg\",\"width\":150,\"height\":50,\"caption\":\"Institut Europ\u00e9en des Musiques Juives\"},\"image\":{\"@id\":\"https:\\\/\\\/www.iemj.org\\\/de\\\/#\\\/schema\\\/logo\\\/image\\\/\"},\"sameAs\":[\"https:\\\/\\\/www.facebook.com\\\/MusiquesJuives\\\/\",\"https:\\\/\\\/www.instagram.com\\\/musiquesjuives\\\/\",\"https:\\\/\\\/www.youtube.com\\\/user\\\/musiquesjuives\"]},{\"@type\":\"Person\",\"@id\":\"https:\\\/\\\/www.iemj.org\\\/de\\\/#\\\/schema\\\/person\\\/c9bc1c386a3749579a2d675e72a18666\",\"name\":\"Jean-Gabriel Davis\",\"image\":{\"@type\":\"ImageObject\",\"inLanguage\":\"de\",\"@id\":\"https:\\\/\\\/secure.gravatar.com\\\/avatar\\\/2b90d67bdf392c9b3a21fab87c0fa7edaf1fb3a058172a1ffd61033fcec7aec1?s=96&d=mm&r=g\",\"url\":\"https:\\\/\\\/secure.gravatar.com\\\/avatar\\\/2b90d67bdf392c9b3a21fab87c0fa7edaf1fb3a058172a1ffd61033fcec7aec1?s=96&d=mm&r=g\",\"contentUrl\":\"https:\\\/\\\/secure.gravatar.com\\\/avatar\\\/2b90d67bdf392c9b3a21fab87c0fa7edaf1fb3a058172a1ffd61033fcec7aec1?s=96&d=mm&r=g\",\"caption\":\"Jean-Gabriel Davis\"}}]}<\/script>\n<!-- \/ Yoast SEO plugin. -->","yoast_head_json":{"title":"M\u00e9tamorphose des m\u00e9lodies - Institut Europ\u00e9en des Musiques Juives","robots":{"index":"index","follow":"follow","max-snippet":"max-snippet:-1","max-image-preview":"max-image-preview:large","max-video-preview":"max-video-preview:-1"},"canonical":"https:\/\/www.iemj.org\/de\/metamorphose-des-melodies-2\/","og_locale":"de_DE","og_type":"article","og_title":"M\u00e9tamorphose des m\u00e9lodies - Institut Europ\u00e9en des Musiques Juives","og_description":"\u201eJiddisch und Hebr\u00e4isch sind wie Zwillinge, vereint unter demselben Dach\u201c, ein Zitat von Dov Sadan, das Aharon Appelfeld aufgegriffen hat und den langen Weg dieser beiden Sprachen zum Ausdruck bringt,","og_url":"https:\/\/www.iemj.org\/de\/metamorphose-des-melodies-2\/","og_site_name":"Institut Europ\u00e9en des Musiques Juives","article_publisher":"https:\/\/www.facebook.com\/MusiquesJuives\/","article_published_time":"2020-01-22T11:07:45+00:00","article_modified_time":"2025-09-16T10:16:53+00:00","og_image":[{"width":653,"height":643,"url":"https:\/\/www.iemj.org\/wp-content\/uploads\/2020\/01\/arton4497.jpg","type":"image\/jpeg"}],"author":"Jean-Gabriel Davis","twitter_card":"summary_large_image","twitter_misc":{"Verfasst von":"Jean-Gabriel Davis","Gesch\u00e4tzte Lesezeit":"2\u00a0Minuten"},"schema":{"@context":"https:\/\/schema.org","@graph":[{"@type":"Article","@id":"https:\/\/www.iemj.org\/de\/metamorphose-des-melodies-2\/#article","isPartOf":{"@id":"https:\/\/www.iemj.org\/de\/metamorphose-des-melodies-2\/"},"author":{"name":"Jean-Gabriel Davis","@id":"https:\/\/www.iemj.org\/de\/#\/schema\/person\/c9bc1c386a3749579a2d675e72a18666"},"headline":"M\u00e9tamorphose des m\u00e9lodies","datePublished":"2020-01-22T11:07:45+00:00","dateModified":"2025-09-16T10:16:53+00:00","mainEntityOfPage":{"@id":"https:\/\/www.iemj.org\/de\/metamorphose-des-melodies-2\/"},"wordCount":285,"publisher":{"@id":"https:\/\/www.iemj.org\/de\/#organization"},"image":{"@id":"https:\/\/www.iemj.org\/de\/metamorphose-des-melodies-2\/#primaryimage"},"thumbnailUrl":"https:\/\/www.iemj.org\/wp-content\/uploads\/2020\/01\/arton4497.jpg","articleSection":["CD"],"inLanguage":"de"},{"@type":"WebPage","@id":"https:\/\/www.iemj.org\/de\/metamorphose-des-melodies-2\/","url":"https:\/\/www.iemj.org\/de\/metamorphose-des-melodies-2\/","name":"M\u00e9tamorphose des m\u00e9lodies - Institut Europ\u00e9en des Musiques Juives","isPartOf":{"@id":"https:\/\/www.iemj.org\/de\/#website"},"primaryImageOfPage":{"@id":"https:\/\/www.iemj.org\/de\/metamorphose-des-melodies-2\/#primaryimage"},"image":{"@id":"https:\/\/www.iemj.org\/de\/metamorphose-des-melodies-2\/#primaryimage"},"thumbnailUrl":"https:\/\/www.iemj.org\/wp-content\/uploads\/2020\/01\/arton4497.jpg","datePublished":"2020-01-22T11:07:45+00:00","dateModified":"2025-09-16T10:16:53+00:00","breadcrumb":{"@id":"https:\/\/www.iemj.org\/de\/metamorphose-des-melodies-2\/#breadcrumb"},"inLanguage":"de","potentialAction":[{"@type":"ReadAction","target":["https:\/\/www.iemj.org\/de\/metamorphose-des-melodies-2\/"]}]},{"@type":"ImageObject","inLanguage":"de","@id":"https:\/\/www.iemj.org\/de\/metamorphose-des-melodies-2\/#primaryimage","url":"https:\/\/www.iemj.org\/wp-content\/uploads\/2020\/01\/arton4497.jpg","contentUrl":"https:\/\/www.iemj.org\/wp-content\/uploads\/2020\/01\/arton4497.jpg","width":653,"height":643},{"@type":"BreadcrumbList","@id":"https:\/\/www.iemj.org\/de\/metamorphose-des-melodies-2\/#breadcrumb","itemListElement":[{"@type":"ListItem","position":1,"name":"Accueil","item":"https:\/\/www.iemj.org\/de\/"},{"@type":"ListItem","position":2,"name":"M\u00e9tamorphose des m\u00e9lodies"}]},{"@type":"WebSite","@id":"https:\/\/www.iemj.org\/de\/#website","url":"https:\/\/www.iemj.org\/de\/","name":"Institut Europ\u00e9en des Musiques Juives","description":"Des traditions musicales \u00e0 la port\u00e9e de tous","publisher":{"@id":"https:\/\/www.iemj.org\/de\/#organization"},"potentialAction":[{"@type":"SearchAction","target":{"@type":"EntryPoint","urlTemplate":"https:\/\/www.iemj.org\/de\/?s={search_term_string}"},"query-input":{"@type":"PropertyValueSpecification","valueRequired":true,"valueName":"search_term_string"}}],"inLanguage":"de"},{"@type":"Organization","@id":"https:\/\/www.iemj.org\/de\/#organization","name":"Institut Europ\u00e9en des Musiques Juives","url":"https:\/\/www.iemj.org\/de\/","logo":{"@type":"ImageObject","inLanguage":"de","@id":"https:\/\/www.iemj.org\/de\/#\/schema\/logo\/image\/","url":"https:\/\/www.iemj.org\/wp-content\/uploads\/2021\/09\/Logo-IEMJ-Paypal.jpg","contentUrl":"https:\/\/www.iemj.org\/wp-content\/uploads\/2021\/09\/Logo-IEMJ-Paypal.jpg","width":150,"height":50,"caption":"Institut Europ\u00e9en des Musiques Juives"},"image":{"@id":"https:\/\/www.iemj.org\/de\/#\/schema\/logo\/image\/"},"sameAs":["https:\/\/www.facebook.com\/MusiquesJuives\/","https:\/\/www.instagram.com\/musiquesjuives\/","https:\/\/www.youtube.com\/user\/musiquesjuives"]},{"@type":"Person","@id":"https:\/\/www.iemj.org\/de\/#\/schema\/person\/c9bc1c386a3749579a2d675e72a18666","name":"Jean-Gabriel Davis","image":{"@type":"ImageObject","inLanguage":"de","@id":"https:\/\/secure.gravatar.com\/avatar\/2b90d67bdf392c9b3a21fab87c0fa7edaf1fb3a058172a1ffd61033fcec7aec1?s=96&d=mm&r=g","url":"https:\/\/secure.gravatar.com\/avatar\/2b90d67bdf392c9b3a21fab87c0fa7edaf1fb3a058172a1ffd61033fcec7aec1?s=96&d=mm&r=g","contentUrl":"https:\/\/secure.gravatar.com\/avatar\/2b90d67bdf392c9b3a21fab87c0fa7edaf1fb3a058172a1ffd61033fcec7aec1?s=96&d=mm&r=g","caption":"Jean-Gabriel Davis"}}]}},"_links":{"self":[{"href":"https:\/\/www.iemj.org\/de\/wp-json\/wp\/v2\/posts\/74896","targetHints":{"allow":["GET"]}}],"collection":[{"href":"https:\/\/www.iemj.org\/de\/wp-json\/wp\/v2\/posts"}],"about":[{"href":"https:\/\/www.iemj.org\/de\/wp-json\/wp\/v2\/types\/post"}],"author":[{"embeddable":true,"href":"https:\/\/www.iemj.org\/de\/wp-json\/wp\/v2\/users\/1048"}],"replies":[{"embeddable":true,"href":"https:\/\/www.iemj.org\/de\/wp-json\/wp\/v2\/comments?post=74896"}],"version-history":[{"count":0,"href":"https:\/\/www.iemj.org\/de\/wp-json\/wp\/v2\/posts\/74896\/revisions"}],"wp:featuredmedia":[{"embeddable":true,"href":"https:\/\/www.iemj.org\/de\/wp-json\/wp\/v2\/media\/74898"}],"wp:attachment":[{"href":"https:\/\/www.iemj.org\/de\/wp-json\/wp\/v2\/media?parent=74896"}],"wp:term":[{"taxonomy":"category","embeddable":true,"href":"https:\/\/www.iemj.org\/de\/wp-json\/wp\/v2\/categories?post=74896"},{"taxonomy":"post_tag","embeddable":true,"href":"https:\/\/www.iemj.org\/de\/wp-json\/wp\/v2\/tags?post=74896"},{"taxonomy":"technique","embeddable":true,"href":"https:\/\/www.iemj.org\/de\/wp-json\/wp\/v2\/technique?post=74896"},{"taxonomy":"squelettes","embeddable":true,"href":"https:\/\/www.iemj.org\/de\/wp-json\/wp\/v2\/squelettes?post=74896"},{"taxonomy":"sujet","embeddable":true,"href":"https:\/\/www.iemj.org\/de\/wp-json\/wp\/v2\/sujet?post=74896"},{"taxonomy":"formation","embeddable":true,"href":"https:\/\/www.iemj.org\/de\/wp-json\/wp\/v2\/formation?post=74896"},{"taxonomy":"genre","embeddable":true,"href":"https:\/\/www.iemj.org\/de\/wp-json\/wp\/v2\/genre?post=74896"},{"taxonomy":"fonds","embeddable":true,"href":"https:\/\/www.iemj.org\/de\/wp-json\/wp\/v2\/fonds?post=74896"},{"taxonomy":"tradition","embeddable":true,"href":"https:\/\/www.iemj.org\/de\/wp-json\/wp\/v2\/tradition?post=74896"},{"taxonomy":"type-de-contenu","embeddable":true,"href":"https:\/\/www.iemj.org\/de\/wp-json\/wp\/v2\/type-de-contenu?post=74896"},{"taxonomy":"interprete-compositeur","embeddable":true,"href":"https:\/\/www.iemj.org\/de\/wp-json\/wp\/v2\/interprete-compositeur?post=74896"},{"taxonomy":"frise","embeddable":true,"href":"https:\/\/www.iemj.org\/de\/wp-json\/wp\/v2\/frise?post=74896"},{"taxonomy":"type-devenement","embeddable":true,"href":"https:\/\/www.iemj.org\/de\/wp-json\/wp\/v2\/type-devenement?post=74896"},{"taxonomy":"tableaux-liens-externes","embeddable":true,"href":"https:\/\/www.iemj.org\/de\/wp-json\/wp\/v2\/tableaux-liens-externes?post=74896"}],"curies":[{"name":"wp","href":"https:\/\/api.w.org\/{rel}","templated":true}]}}