{"id":74920,"date":"2019-12-03T14:52:13","date_gmt":"2019-12-03T13:52:13","guid":{"rendered":"https:\/\/www.iemj.org\/sofia-falkovitch-2\/"},"modified":"2025-09-16T18:07:18","modified_gmt":"2025-09-16T16:07:18","slug":"sofia-falkovitch-2","status":"publish","type":"post","link":"https:\/\/www.iemj.org\/de\/sofia-falkovitch-2\/","title":{"rendered":"Sofia Falkovitch"},"content":{"rendered":"<p>Das zweite Album von <strong>Sofia Falkovitch*<\/strong> wurde im Juli 2019 in Paris aufgenommen und enth\u00e4lt eine Reihe von Liedern, Gebeten und Psalmen der gr\u00f6\u00dften Komponisten von Synagogenmusik, aus dem Europa und den Vereinigten Staaten (Lewandowski, Naumbourg, Alter, Jules, Franck, usw.) der Vorkriegszeit&#8230;<\/p>\n<p>W\u00e4hrend Sofia Falkovitchs Stimme die j\u00fcdischen Wurzeln und die j\u00fcdische F\u00e4rbung der Musik betont, beweist Rapha\u00ebl Tabyeffs Orgelspiel die Musikalit\u00e4t der westlichen religi\u00f6sen Musik.<\/p>\n<p>Mit ihrer kraftvollen und warmen Stimmfarbe hebt Sofia Falkovitch meisterhaft sowohl die Bedeutung des hebr\u00e4ischen Texts als auch die Modalit\u00e4t und Nuancen, des aschkenasischen Gebets hervor.<\/p>\n<p>Bemerkenswert ist zudem, dass alle Gebete, welche hier von Sofia Falkovitch dargeboten werden, eigentlich urspr\u00fcnglich f\u00fcr M\u00e4nnerstimmen geschrieben wurden. Dennoch ver\u00e4ndert ihre Darbietung keinesfalls den Geist des Gebets, sondern macht ihn ganz im Gegenteil noch nachdr\u00fccklicher und verleiht dem Gebet zugleich durch den Klang ihrer weiblichen Stimme, eine gewisse Sanftheit.<\/p>\n<p>*<em>Bei Sofia Falkovitch handelt es sich um die erste diplomierte Mezzo-Sopran singende Kantorin Europas und die einzige Frankreichs. Sie wurde in Moskau geboren, studierte in Israel, Deutschland und Kanada, bei bekannten Gesangslehrern und Meistern der j\u00fcdischen Musik. Zu ihren Lehrern z\u00e4hlen Reine D\u00e9carie (\u00c9cole de musique Vincent d\u2019Indy), Madeleine Th\u00e9riault (Jazz-Gesangslehrerin an der McGill University \u2013 Schulich School of Music), Marina Levitt und Penina Schartz (Jerusalem Academy of Music and Dance), Eliyahu Schleifer (Hebrew Union College Jerusalem), Nino Sandow (Hochschule f\u00fcr Musik Hanns Eisler Berlin) und Verena Rein (Universit\u00e4t der K\u00fcnste Berlin). Der interkulturelle und interreligi\u00f6se Dialog, steht im Zentrum ihrer kreativen Arbeit.<\/em><\/p>\n<h2><strong><a href=\"https:\/\/www.iemj.org\/de\/produit\/sofia-falkovitch-the-voice-of-sacred-heritage\/\" target=\"_blank\" rel=\"noopener\">Bestellen Sie die CD im Onlineshop des IEMJ<\/a><\/strong><\/h2>\n<p><img fetchpriority=\"high\" decoding=\"async\" class=\" aligncenter size-full wp-image-26253\" src=\"https:\/\/www.iemj.org\/wp-content\/uploads\/2019\/12\/cd_1424_couv4.jpg\" alt=\"cd_1424_couv4.jpg\" width=\"610\" height=\"518\" align=\"middle\" srcset=\"https:\/\/www.iemj.org\/wp-content\/uploads\/2019\/12\/cd_1424_couv4.jpg 610w, https:\/\/www.iemj.org\/wp-content\/uploads\/2019\/12\/cd_1424_couv4-300x255.jpg 300w, https:\/\/www.iemj.org\/wp-content\/uploads\/2019\/12\/cd_1424_couv4-600x510.jpg 600w\" sizes=\"(max-width: 610px) 100vw, 610px\" \/><\/p>\n\n<div class=\"wp-block-image\">\n<figure class=\"aligncenter size-large\"><img decoding=\"async\" width=\"1024\" height=\"133\" src=\"https:\/\/www.iemj.org\/wp-content\/uploads\/2024\/03\/AUDIO-PLAYER-1024x133.png\" alt=\"\" class=\"wp-image-110606\" srcset=\"https:\/\/www.iemj.org\/wp-content\/uploads\/2024\/03\/AUDIO-PLAYER-1024x133.png 1024w, https:\/\/www.iemj.org\/wp-content\/uploads\/2024\/03\/AUDIO-PLAYER-300x39.png 300w, https:\/\/www.iemj.org\/wp-content\/uploads\/2024\/03\/AUDIO-PLAYER-768x100.png 768w, https:\/\/www.iemj.org\/wp-content\/uploads\/2024\/03\/AUDIO-PLAYER-600x78.png 600w, https:\/\/www.iemj.org\/wp-content\/uploads\/2024\/03\/AUDIO-PLAYER.png 1210w\" sizes=\"(max-width: 1024px) 100vw, 1024px\" \/><\/figure>\n<\/div>\n\n\n<div class=\"wp-block-file\"><a id=\"wp-block-file--media-7a0b2b11-b443-4b78-98d8-d2b1c7897cb7\" href=\"https:\/\/www.iemj.org\/wp-content\/uploads\/2019\/12\/cd_1424_01.mp3\">Barchenu &#8211; Avihu Medina, harmonisation : Raphael Tambyeff &#8211; (Extrait)<\/a><\/div>\n\n\n\n<div class=\"wp-block-file\"><a id=\"wp-block-file--media-021cfe18-f974-4260-bc04-c9cda9f21d95\" href=\"https:\/\/www.iemj.org\/wp-content\/uploads\/2019\/12\/cd_1424_02.mp3\">Kol Nidre &#8211; trad. chant (in Aramaic) &#8211; (Extrait)<\/a><\/div>\n\n\n\n<div class=\"wp-block-file\"><a id=\"wp-block-file--media-780cbb59-9877-4a63-9c1e-61cc54c7e8a3\" href=\"https:\/\/www.iemj.org\/wp-content\/uploads\/2019\/12\/cd_1424_03.mp3\">Great Aleinu &#8211; Samuel Naumbourg, arr : L\u00e9on Algazi &#8211; (Extrait)<\/a><\/div>\n\n\n\n<div class=\"wp-block-file\"><a id=\"wp-block-file--media-6409132c-04f3-4a60-b4e3-e8cab03eb901\" href=\"https:\/\/www.iemj.org\/wp-content\/uploads\/2019\/12\/cd_1424_04.mp3\"> Hineni &#8211; Israel Alter (a cappella) &#8211; (Extrait)<\/a><\/div>\n\n\n\n<div class=\"wp-block-file\"><a id=\"wp-block-file--media-c7cc9cf3-db89-44cd-b89b-ea984182e36e\" href=\"https:\/\/www.iemj.org\/wp-content\/uploads\/2019\/12\/cd_1424_05.mp3\">Finale of sonata #6 (Our Father), Op.65 &#8211; Felix Mendelssohn &#8211; (Extrait)<\/a><\/div>\n\n\n\n<div class=\"wp-block-file\"><a id=\"wp-block-file--media-133b1cdb-9457-4b5e-a8df-5129149cb676\" href=\"https:\/\/www.iemj.org\/wp-content\/uploads\/2019\/12\/cd_1424_06.mp3\">Enosh (ps. 103) &#8211; Ben Steinberg &#8211; (Extrait)<\/a><\/div>\n\n\n\n<div class=\"wp-block-file\"><a id=\"wp-block-file--media-3adbc484-e636-44b2-bcab-5cd3ffc63d32\" href=\"https:\/\/www.iemj.org\/wp-content\/uploads\/2019\/12\/cd_1424_07.mp3\">Mi Haish (ps. 34) &#8211; Baruch Chayit &#8211; (Extrait)<\/a><\/div>\n\n\n\n<div class=\"wp-block-file\"><a id=\"wp-block-file--media-f57a42cf-076d-4fce-8468-976d7fb7436a\" href=\"https:\/\/www.iemj.org\/wp-content\/uploads\/2019\/12\/cd_1424_08.mp3\">Tzadik Katamar (ps. 92) &#8211; Louis Lewandowski &#8211; (Extrait)<\/a><\/div>\n","protected":false},"excerpt":{"rendered":"<p>Das zweite Album von Sofia Falkovitch* wurde im Juli 2019 in Paris aufgenommen und enth\u00e4lt eine Reihe von Liedern, Gebeten und Psalmen der gr\u00f6\u00dften Komponisten von Synagogenmusik, aus dem Europa<\/p>\n","protected":false},"author":1048,"featured_media":74922,"comment_status":"closed","ping_status":"closed","sticky":false,"template":"","format":"standard","meta":{"_acf_changed":false,"footnotes":""},"categories":[1571],"tags":[],"technique":[],"squelettes":[],"sujet":[],"formation":[],"genre":[1891],"fonds":[],"tradition":[],"type-de-contenu":[],"interprete-compositeur":[],"frise":[],"type-devenement":[],"tableaux-liens-externes":[],"class_list":["post-74920","post","type-post","status-publish","format-standard","has-post-thumbnail","hentry","category-cd-de","genre-liturgie-de"],"acf":[],"yoast_head":"<!-- This site is optimized with the Yoast SEO plugin v27.3 - https:\/\/yoast.com\/product\/yoast-seo-wordpress\/ -->\n<title>Sofia Falkovitch - Institut Europ\u00e9en des Musiques Juives<\/title>\n<meta name=\"robots\" content=\"index, follow, max-snippet:-1, max-image-preview:large, max-video-preview:-1\" \/>\n<link rel=\"canonical\" href=\"https:\/\/www.iemj.org\/de\/sofia-falkovitch-2\/\" \/>\n<meta property=\"og:locale\" content=\"de_DE\" \/>\n<meta property=\"og:type\" content=\"article\" \/>\n<meta property=\"og:title\" content=\"Sofia Falkovitch - Institut Europ\u00e9en des Musiques Juives\" \/>\n<meta property=\"og:description\" content=\"Das zweite Album von Sofia Falkovitch* wurde im Juli 2019 in Paris aufgenommen und enth\u00e4lt eine Reihe von Liedern, Gebeten und Psalmen der gr\u00f6\u00dften Komponisten von Synagogenmusik, aus dem Europa\" \/>\n<meta property=\"og:url\" content=\"https:\/\/www.iemj.org\/de\/sofia-falkovitch-2\/\" \/>\n<meta property=\"og:site_name\" content=\"Institut Europ\u00e9en des Musiques Juives\" \/>\n<meta property=\"article:publisher\" content=\"https:\/\/www.facebook.com\/MusiquesJuives\/\" \/>\n<meta property=\"article:published_time\" content=\"2019-12-03T13:52:13+00:00\" \/>\n<meta property=\"article:modified_time\" content=\"2025-09-16T16:07:18+00:00\" \/>\n<meta property=\"og:image\" content=\"https:\/\/www.iemj.org\/wp-content\/uploads\/2019\/12\/arton4416.jpg\" \/>\n\t<meta property=\"og:image:width\" content=\"336\" \/>\n\t<meta property=\"og:image:height\" content=\"336\" \/>\n\t<meta property=\"og:image:type\" content=\"image\/jpeg\" \/>\n<meta name=\"author\" content=\"Jean-Gabriel Davis\" \/>\n<meta name=\"twitter:card\" content=\"summary_large_image\" \/>\n<meta name=\"twitter:label1\" content=\"Verfasst von\" \/>\n\t<meta name=\"twitter:data1\" content=\"Jean-Gabriel Davis\" \/>\n\t<meta name=\"twitter:label2\" content=\"Gesch\u00e4tzte Lesezeit\" \/>\n\t<meta name=\"twitter:data2\" content=\"3\u00a0Minuten\" \/>\n<script type=\"application\/ld+json\" class=\"yoast-schema-graph\">{\"@context\":\"https:\\\/\\\/schema.org\",\"@graph\":[{\"@type\":\"Article\",\"@id\":\"https:\\\/\\\/www.iemj.org\\\/de\\\/sofia-falkovitch-2\\\/#article\",\"isPartOf\":{\"@id\":\"https:\\\/\\\/www.iemj.org\\\/de\\\/sofia-falkovitch-2\\\/\"},\"author\":{\"name\":\"Jean-Gabriel Davis\",\"@id\":\"https:\\\/\\\/www.iemj.org\\\/de\\\/#\\\/schema\\\/person\\\/c9bc1c386a3749579a2d675e72a18666\"},\"headline\":\"Sofia Falkovitch\",\"datePublished\":\"2019-12-03T13:52:13+00:00\",\"dateModified\":\"2025-09-16T16:07:18+00:00\",\"mainEntityOfPage\":{\"@id\":\"https:\\\/\\\/www.iemj.org\\\/de\\\/sofia-falkovitch-2\\\/\"},\"wordCount\":349,\"publisher\":{\"@id\":\"https:\\\/\\\/www.iemj.org\\\/de\\\/#organization\"},\"image\":{\"@id\":\"https:\\\/\\\/www.iemj.org\\\/de\\\/sofia-falkovitch-2\\\/#primaryimage\"},\"thumbnailUrl\":\"https:\\\/\\\/www.iemj.org\\\/wp-content\\\/uploads\\\/2019\\\/12\\\/arton4416.jpg\",\"articleSection\":[\"CD\"],\"inLanguage\":\"de\"},{\"@type\":\"WebPage\",\"@id\":\"https:\\\/\\\/www.iemj.org\\\/de\\\/sofia-falkovitch-2\\\/\",\"url\":\"https:\\\/\\\/www.iemj.org\\\/de\\\/sofia-falkovitch-2\\\/\",\"name\":\"Sofia Falkovitch - Institut Europ\u00e9en des Musiques Juives\",\"isPartOf\":{\"@id\":\"https:\\\/\\\/www.iemj.org\\\/de\\\/#website\"},\"primaryImageOfPage\":{\"@id\":\"https:\\\/\\\/www.iemj.org\\\/de\\\/sofia-falkovitch-2\\\/#primaryimage\"},\"image\":{\"@id\":\"https:\\\/\\\/www.iemj.org\\\/de\\\/sofia-falkovitch-2\\\/#primaryimage\"},\"thumbnailUrl\":\"https:\\\/\\\/www.iemj.org\\\/wp-content\\\/uploads\\\/2019\\\/12\\\/arton4416.jpg\",\"datePublished\":\"2019-12-03T13:52:13+00:00\",\"dateModified\":\"2025-09-16T16:07:18+00:00\",\"breadcrumb\":{\"@id\":\"https:\\\/\\\/www.iemj.org\\\/de\\\/sofia-falkovitch-2\\\/#breadcrumb\"},\"inLanguage\":\"de\",\"potentialAction\":[{\"@type\":\"ReadAction\",\"target\":[\"https:\\\/\\\/www.iemj.org\\\/de\\\/sofia-falkovitch-2\\\/\"]}]},{\"@type\":\"ImageObject\",\"inLanguage\":\"de\",\"@id\":\"https:\\\/\\\/www.iemj.org\\\/de\\\/sofia-falkovitch-2\\\/#primaryimage\",\"url\":\"https:\\\/\\\/www.iemj.org\\\/wp-content\\\/uploads\\\/2019\\\/12\\\/arton4416.jpg\",\"contentUrl\":\"https:\\\/\\\/www.iemj.org\\\/wp-content\\\/uploads\\\/2019\\\/12\\\/arton4416.jpg\",\"width\":336,\"height\":336},{\"@type\":\"BreadcrumbList\",\"@id\":\"https:\\\/\\\/www.iemj.org\\\/de\\\/sofia-falkovitch-2\\\/#breadcrumb\",\"itemListElement\":[{\"@type\":\"ListItem\",\"position\":1,\"name\":\"Accueil\",\"item\":\"https:\\\/\\\/www.iemj.org\\\/de\\\/\"},{\"@type\":\"ListItem\",\"position\":2,\"name\":\"Sofia Falkovitch\"}]},{\"@type\":\"WebSite\",\"@id\":\"https:\\\/\\\/www.iemj.org\\\/de\\\/#website\",\"url\":\"https:\\\/\\\/www.iemj.org\\\/de\\\/\",\"name\":\"Institut Europ\u00e9en des Musiques Juives\",\"description\":\"Des traditions musicales \u00e0 la port\u00e9e de tous\",\"publisher\":{\"@id\":\"https:\\\/\\\/www.iemj.org\\\/de\\\/#organization\"},\"potentialAction\":[{\"@type\":\"SearchAction\",\"target\":{\"@type\":\"EntryPoint\",\"urlTemplate\":\"https:\\\/\\\/www.iemj.org\\\/de\\\/?s={search_term_string}\"},\"query-input\":{\"@type\":\"PropertyValueSpecification\",\"valueRequired\":true,\"valueName\":\"search_term_string\"}}],\"inLanguage\":\"de\"},{\"@type\":\"Organization\",\"@id\":\"https:\\\/\\\/www.iemj.org\\\/de\\\/#organization\",\"name\":\"Institut Europ\u00e9en des Musiques Juives\",\"url\":\"https:\\\/\\\/www.iemj.org\\\/de\\\/\",\"logo\":{\"@type\":\"ImageObject\",\"inLanguage\":\"de\",\"@id\":\"https:\\\/\\\/www.iemj.org\\\/de\\\/#\\\/schema\\\/logo\\\/image\\\/\",\"url\":\"https:\\\/\\\/www.iemj.org\\\/wp-content\\\/uploads\\\/2021\\\/09\\\/Logo-IEMJ-Paypal.jpg\",\"contentUrl\":\"https:\\\/\\\/www.iemj.org\\\/wp-content\\\/uploads\\\/2021\\\/09\\\/Logo-IEMJ-Paypal.jpg\",\"width\":150,\"height\":50,\"caption\":\"Institut Europ\u00e9en des Musiques Juives\"},\"image\":{\"@id\":\"https:\\\/\\\/www.iemj.org\\\/de\\\/#\\\/schema\\\/logo\\\/image\\\/\"},\"sameAs\":[\"https:\\\/\\\/www.facebook.com\\\/MusiquesJuives\\\/\",\"https:\\\/\\\/www.instagram.com\\\/musiquesjuives\\\/\",\"https:\\\/\\\/www.youtube.com\\\/user\\\/musiquesjuives\"]},{\"@type\":\"Person\",\"@id\":\"https:\\\/\\\/www.iemj.org\\\/de\\\/#\\\/schema\\\/person\\\/c9bc1c386a3749579a2d675e72a18666\",\"name\":\"Jean-Gabriel Davis\",\"image\":{\"@type\":\"ImageObject\",\"inLanguage\":\"de\",\"@id\":\"https:\\\/\\\/secure.gravatar.com\\\/avatar\\\/2b90d67bdf392c9b3a21fab87c0fa7edaf1fb3a058172a1ffd61033fcec7aec1?s=96&d=mm&r=g\",\"url\":\"https:\\\/\\\/secure.gravatar.com\\\/avatar\\\/2b90d67bdf392c9b3a21fab87c0fa7edaf1fb3a058172a1ffd61033fcec7aec1?s=96&d=mm&r=g\",\"contentUrl\":\"https:\\\/\\\/secure.gravatar.com\\\/avatar\\\/2b90d67bdf392c9b3a21fab87c0fa7edaf1fb3a058172a1ffd61033fcec7aec1?s=96&d=mm&r=g\",\"caption\":\"Jean-Gabriel Davis\"}}]}<\/script>\n<!-- \/ Yoast SEO plugin. -->","yoast_head_json":{"title":"Sofia Falkovitch - Institut Europ\u00e9en des Musiques Juives","robots":{"index":"index","follow":"follow","max-snippet":"max-snippet:-1","max-image-preview":"max-image-preview:large","max-video-preview":"max-video-preview:-1"},"canonical":"https:\/\/www.iemj.org\/de\/sofia-falkovitch-2\/","og_locale":"de_DE","og_type":"article","og_title":"Sofia Falkovitch - Institut Europ\u00e9en des Musiques Juives","og_description":"Das zweite Album von Sofia Falkovitch* wurde im Juli 2019 in Paris aufgenommen und enth\u00e4lt eine Reihe von Liedern, Gebeten und Psalmen der gr\u00f6\u00dften Komponisten von Synagogenmusik, aus dem Europa","og_url":"https:\/\/www.iemj.org\/de\/sofia-falkovitch-2\/","og_site_name":"Institut Europ\u00e9en des Musiques Juives","article_publisher":"https:\/\/www.facebook.com\/MusiquesJuives\/","article_published_time":"2019-12-03T13:52:13+00:00","article_modified_time":"2025-09-16T16:07:18+00:00","og_image":[{"width":336,"height":336,"url":"https:\/\/www.iemj.org\/wp-content\/uploads\/2019\/12\/arton4416.jpg","type":"image\/jpeg"}],"author":"Jean-Gabriel Davis","twitter_card":"summary_large_image","twitter_misc":{"Verfasst von":"Jean-Gabriel Davis","Gesch\u00e4tzte Lesezeit":"3\u00a0Minuten"},"schema":{"@context":"https:\/\/schema.org","@graph":[{"@type":"Article","@id":"https:\/\/www.iemj.org\/de\/sofia-falkovitch-2\/#article","isPartOf":{"@id":"https:\/\/www.iemj.org\/de\/sofia-falkovitch-2\/"},"author":{"name":"Jean-Gabriel Davis","@id":"https:\/\/www.iemj.org\/de\/#\/schema\/person\/c9bc1c386a3749579a2d675e72a18666"},"headline":"Sofia Falkovitch","datePublished":"2019-12-03T13:52:13+00:00","dateModified":"2025-09-16T16:07:18+00:00","mainEntityOfPage":{"@id":"https:\/\/www.iemj.org\/de\/sofia-falkovitch-2\/"},"wordCount":349,"publisher":{"@id":"https:\/\/www.iemj.org\/de\/#organization"},"image":{"@id":"https:\/\/www.iemj.org\/de\/sofia-falkovitch-2\/#primaryimage"},"thumbnailUrl":"https:\/\/www.iemj.org\/wp-content\/uploads\/2019\/12\/arton4416.jpg","articleSection":["CD"],"inLanguage":"de"},{"@type":"WebPage","@id":"https:\/\/www.iemj.org\/de\/sofia-falkovitch-2\/","url":"https:\/\/www.iemj.org\/de\/sofia-falkovitch-2\/","name":"Sofia Falkovitch - Institut Europ\u00e9en des Musiques Juives","isPartOf":{"@id":"https:\/\/www.iemj.org\/de\/#website"},"primaryImageOfPage":{"@id":"https:\/\/www.iemj.org\/de\/sofia-falkovitch-2\/#primaryimage"},"image":{"@id":"https:\/\/www.iemj.org\/de\/sofia-falkovitch-2\/#primaryimage"},"thumbnailUrl":"https:\/\/www.iemj.org\/wp-content\/uploads\/2019\/12\/arton4416.jpg","datePublished":"2019-12-03T13:52:13+00:00","dateModified":"2025-09-16T16:07:18+00:00","breadcrumb":{"@id":"https:\/\/www.iemj.org\/de\/sofia-falkovitch-2\/#breadcrumb"},"inLanguage":"de","potentialAction":[{"@type":"ReadAction","target":["https:\/\/www.iemj.org\/de\/sofia-falkovitch-2\/"]}]},{"@type":"ImageObject","inLanguage":"de","@id":"https:\/\/www.iemj.org\/de\/sofia-falkovitch-2\/#primaryimage","url":"https:\/\/www.iemj.org\/wp-content\/uploads\/2019\/12\/arton4416.jpg","contentUrl":"https:\/\/www.iemj.org\/wp-content\/uploads\/2019\/12\/arton4416.jpg","width":336,"height":336},{"@type":"BreadcrumbList","@id":"https:\/\/www.iemj.org\/de\/sofia-falkovitch-2\/#breadcrumb","itemListElement":[{"@type":"ListItem","position":1,"name":"Accueil","item":"https:\/\/www.iemj.org\/de\/"},{"@type":"ListItem","position":2,"name":"Sofia Falkovitch"}]},{"@type":"WebSite","@id":"https:\/\/www.iemj.org\/de\/#website","url":"https:\/\/www.iemj.org\/de\/","name":"Institut Europ\u00e9en des Musiques Juives","description":"Des traditions musicales \u00e0 la port\u00e9e de tous","publisher":{"@id":"https:\/\/www.iemj.org\/de\/#organization"},"potentialAction":[{"@type":"SearchAction","target":{"@type":"EntryPoint","urlTemplate":"https:\/\/www.iemj.org\/de\/?s={search_term_string}"},"query-input":{"@type":"PropertyValueSpecification","valueRequired":true,"valueName":"search_term_string"}}],"inLanguage":"de"},{"@type":"Organization","@id":"https:\/\/www.iemj.org\/de\/#organization","name":"Institut Europ\u00e9en des Musiques Juives","url":"https:\/\/www.iemj.org\/de\/","logo":{"@type":"ImageObject","inLanguage":"de","@id":"https:\/\/www.iemj.org\/de\/#\/schema\/logo\/image\/","url":"https:\/\/www.iemj.org\/wp-content\/uploads\/2021\/09\/Logo-IEMJ-Paypal.jpg","contentUrl":"https:\/\/www.iemj.org\/wp-content\/uploads\/2021\/09\/Logo-IEMJ-Paypal.jpg","width":150,"height":50,"caption":"Institut Europ\u00e9en des Musiques Juives"},"image":{"@id":"https:\/\/www.iemj.org\/de\/#\/schema\/logo\/image\/"},"sameAs":["https:\/\/www.facebook.com\/MusiquesJuives\/","https:\/\/www.instagram.com\/musiquesjuives\/","https:\/\/www.youtube.com\/user\/musiquesjuives"]},{"@type":"Person","@id":"https:\/\/www.iemj.org\/de\/#\/schema\/person\/c9bc1c386a3749579a2d675e72a18666","name":"Jean-Gabriel Davis","image":{"@type":"ImageObject","inLanguage":"de","@id":"https:\/\/secure.gravatar.com\/avatar\/2b90d67bdf392c9b3a21fab87c0fa7edaf1fb3a058172a1ffd61033fcec7aec1?s=96&d=mm&r=g","url":"https:\/\/secure.gravatar.com\/avatar\/2b90d67bdf392c9b3a21fab87c0fa7edaf1fb3a058172a1ffd61033fcec7aec1?s=96&d=mm&r=g","contentUrl":"https:\/\/secure.gravatar.com\/avatar\/2b90d67bdf392c9b3a21fab87c0fa7edaf1fb3a058172a1ffd61033fcec7aec1?s=96&d=mm&r=g","caption":"Jean-Gabriel Davis"}}]}},"_links":{"self":[{"href":"https:\/\/www.iemj.org\/de\/wp-json\/wp\/v2\/posts\/74920","targetHints":{"allow":["GET"]}}],"collection":[{"href":"https:\/\/www.iemj.org\/de\/wp-json\/wp\/v2\/posts"}],"about":[{"href":"https:\/\/www.iemj.org\/de\/wp-json\/wp\/v2\/types\/post"}],"author":[{"embeddable":true,"href":"https:\/\/www.iemj.org\/de\/wp-json\/wp\/v2\/users\/1048"}],"replies":[{"embeddable":true,"href":"https:\/\/www.iemj.org\/de\/wp-json\/wp\/v2\/comments?post=74920"}],"version-history":[{"count":0,"href":"https:\/\/www.iemj.org\/de\/wp-json\/wp\/v2\/posts\/74920\/revisions"}],"wp:featuredmedia":[{"embeddable":true,"href":"https:\/\/www.iemj.org\/de\/wp-json\/wp\/v2\/media\/74922"}],"wp:attachment":[{"href":"https:\/\/www.iemj.org\/de\/wp-json\/wp\/v2\/media?parent=74920"}],"wp:term":[{"taxonomy":"category","embeddable":true,"href":"https:\/\/www.iemj.org\/de\/wp-json\/wp\/v2\/categories?post=74920"},{"taxonomy":"post_tag","embeddable":true,"href":"https:\/\/www.iemj.org\/de\/wp-json\/wp\/v2\/tags?post=74920"},{"taxonomy":"technique","embeddable":true,"href":"https:\/\/www.iemj.org\/de\/wp-json\/wp\/v2\/technique?post=74920"},{"taxonomy":"squelettes","embeddable":true,"href":"https:\/\/www.iemj.org\/de\/wp-json\/wp\/v2\/squelettes?post=74920"},{"taxonomy":"sujet","embeddable":true,"href":"https:\/\/www.iemj.org\/de\/wp-json\/wp\/v2\/sujet?post=74920"},{"taxonomy":"formation","embeddable":true,"href":"https:\/\/www.iemj.org\/de\/wp-json\/wp\/v2\/formation?post=74920"},{"taxonomy":"genre","embeddable":true,"href":"https:\/\/www.iemj.org\/de\/wp-json\/wp\/v2\/genre?post=74920"},{"taxonomy":"fonds","embeddable":true,"href":"https:\/\/www.iemj.org\/de\/wp-json\/wp\/v2\/fonds?post=74920"},{"taxonomy":"tradition","embeddable":true,"href":"https:\/\/www.iemj.org\/de\/wp-json\/wp\/v2\/tradition?post=74920"},{"taxonomy":"type-de-contenu","embeddable":true,"href":"https:\/\/www.iemj.org\/de\/wp-json\/wp\/v2\/type-de-contenu?post=74920"},{"taxonomy":"interprete-compositeur","embeddable":true,"href":"https:\/\/www.iemj.org\/de\/wp-json\/wp\/v2\/interprete-compositeur?post=74920"},{"taxonomy":"frise","embeddable":true,"href":"https:\/\/www.iemj.org\/de\/wp-json\/wp\/v2\/frise?post=74920"},{"taxonomy":"type-devenement","embeddable":true,"href":"https:\/\/www.iemj.org\/de\/wp-json\/wp\/v2\/type-devenement?post=74920"},{"taxonomy":"tableaux-liens-externes","embeddable":true,"href":"https:\/\/www.iemj.org\/de\/wp-json\/wp\/v2\/tableaux-liens-externes?post=74920"}],"curies":[{"name":"wp","href":"https:\/\/api.w.org\/{rel}","templated":true}]}}