{"id":74929,"date":"2019-12-02T18:06:00","date_gmt":"2019-12-02T17:06:00","guid":{"rendered":"https:\/\/www.iemj.org\/judeo-spanish-from-the-balkans-series-12\/"},"modified":"2025-09-16T17:46:08","modified_gmt":"2025-09-16T15:46:08","slug":"judeo-spanish-from-the-balkans-series-12","status":"publish","type":"post","link":"https:\/\/www.iemj.org\/de\/judeo-spanish-from-the-balkans-series-12\/","title":{"rendered":"Judeo-Spanish from the Balkans &#8211; Series 12"},"content":{"rendered":"<h3>The Recordings by Julius Subak (1908) and Max A. Luria (1927)<\/h3>\n<p><!--more--><\/p>\n<p><strong>CD\/DVD-Box \u2013 2009 in der Sammlung der Sammlung audiovisueller und fonografischer Dokumente der \u00f6sterreichischen Akademie der Wissenschaften erschienen<\/strong><\/p>\n<p>Diese CD\/DVD-Box mit einem umfangreichen Begleitheft, enth\u00e4lt historische jud\u00e4o-spanische Aufnahmen aus dem Balkan. Die Box erschien 2009 in der Sammlung audiovisueller und fonografischer Dokumente der \u00f6sterreichischen Akademie der Wissenschaften \u2013 Historische Gesamtsammlung 1899 \u2013 1950 und wurde von Christian Liebl herausgegeben.<\/p>\n<p>Enthalten sind einerseits 15 1908\/1909 entstandene Aufnahmen von Julius Subak, einem \u00f6sterreichischen Dozenten und Forscher; und andererseits 26 Aufnahmen, welche 1927 von dem Amerikaner Max A. Luria gesammelt wurden. Es ist anzumerken, dass die Aufnahmen in erster Linie vielmehr musikethnologischen als k\u00fcnstlerischen Zwecken dienen.<\/p>\n<p>Im Jahr 1908\/1909 wurde <strong>Julius Subak<\/strong> (1872-1936), Dozent, Forscher und Spezialist f\u00fcr romanische Sprachen, von der Balkankommission der Kaiserlichen Akademie der Wissenschaften gebeten, Aufnahmen des auf dem Balkan gesprochenen Jud\u00e4o-Spanischen zu erstellen. Er sammelte so das \u00c4quivalent von 15 Tontr\u00e4gern, wobei es sich um die ersten Aufnahmen des Jud\u00e4o-Spanischen (oder Ladino) handelte, welche zu wissenschaftlichen Zwecken gemacht wurden. Diese Aufnahmen, welche auch die bekanntesten Vertreter der sephardischen Gemeinschaft in Sarajevo, wie Abraham A. Cappon beinhalten, enthalten haupts\u00e4chlich Gedichte und Romanzen (Balladen, welche urspr\u00fcnglich aus dem mittelalterlichen Spanien \u00fcberliefert wurden).<\/p>\n<p>Im Jahr 1927 f\u00fchrte der Amerikaner <strong>Max A. Luria<\/strong> (1891-1966) im Rahmen seiner Dissertation, linguistische Untersuchungen in Monastir (heute Bitola, Republik Nordmazedonien) durch. Er erstellte insgesamt 26 Aufnahmen von Sprichw\u00f6rtern und Dialogen, vor allem aber von etlichen Konse\u017eas (Volksm\u00e4rchen), welche diese besonders traditionelle und authentische jud\u00e4o-spanische Sprache wieder aufleben lassen.<\/p>\n<p>Die Beitr\u00e4ge von <strong>Aldina Quintana Rodr\u00edguez<\/strong>, <strong>Edwin Seroussi<\/strong> und <strong>Rivka Havassy<\/strong> sowie <strong>Paloma D\u00edaz-Mas<\/strong> im Begleitheft der Box, unterstreichen die Bedeutung dieser einzigartigen Tondokumente, im Besonderen f\u00fcr die jud\u00e4o-spanische Sprache, aber auch f\u00fcr das Studium der sephardischen Musik und Literatur. Die Beitr\u00e4ge werden durch Transkriptionen der Lieder begleitet und stellen eine wertvolle Erg\u00e4nzung zu den Tonaufnahmen, einer einst florierender und heute allm\u00e4hlich aussterbenden Kultur dar.<\/p>\n<p><a class=\"spip_out\" href=\"https:\/\/verlag.oeaw.ac.at\/judeo-spanish-from-the-balkans\" target=\"_blank\" rel=\"external noopener\">Kaufen Sie die CD<\/a><\/p>\n<p><a class=\"spip_out\" href=\"https:\/\/austriaca.at\/6601-6?frames=yes\" target=\"_blank\" rel=\"external noopener\">Erfahren Sie mehr<\/a><\/p>\n<p><img fetchpriority=\"high\" decoding=\"async\" class=\"alignnone wp-image-38543\" src=\"https:\/\/www.iemj.org\/wp-content\/uploads\/2021\/04\/COUV4-CD-Judeo-Spanish-from-the-Balkans_redim-nv-site-295x300.jpg\" alt=\"\" width=\"631\" height=\"642\" srcset=\"https:\/\/www.iemj.org\/wp-content\/uploads\/2021\/04\/COUV4-CD-Judeo-Spanish-from-the-Balkans_redim-nv-site-295x300.jpg 295w, https:\/\/www.iemj.org\/wp-content\/uploads\/2021\/04\/COUV4-CD-Judeo-Spanish-from-the-Balkans_redim-nv-site-600x610.jpg 600w, https:\/\/www.iemj.org\/wp-content\/uploads\/2021\/04\/COUV4-CD-Judeo-Spanish-from-the-Balkans_redim-nv-site.jpg 680w\" sizes=\"(max-width: 631px) 100vw, 631px\" \/><\/p>\n<p><img decoding=\"async\" class=\"alignnone  wp-image-110606\" src=\"https:\/\/www.iemj.org\/wp-content\/uploads\/2024\/03\/AUDIO-PLAYER-300x39.png\" alt=\"\" width=\"631\" height=\"82\" srcset=\"https:\/\/www.iemj.org\/wp-content\/uploads\/2024\/03\/AUDIO-PLAYER-300x39.png 300w, https:\/\/www.iemj.org\/wp-content\/uploads\/2024\/03\/AUDIO-PLAYER-1024x133.png 1024w, https:\/\/www.iemj.org\/wp-content\/uploads\/2024\/03\/AUDIO-PLAYER-768x100.png 768w, https:\/\/www.iemj.org\/wp-content\/uploads\/2024\/03\/AUDIO-PLAYER-600x78.png 600w, https:\/\/www.iemj.org\/wp-content\/uploads\/2024\/03\/AUDIO-PLAYER.png 1210w\" sizes=\"(max-width: 631px) 100vw, 631px\" \/><\/p>\n","protected":false},"excerpt":{"rendered":"<p>The Recordings by Julius Subak (1908) and Max A. Luria (1927)<\/p>\n","protected":false},"author":1045,"featured_media":38550,"comment_status":"closed","ping_status":"closed","sticky":false,"template":"","format":"standard","meta":{"_acf_changed":false,"footnotes":""},"categories":[1571,1561],"tags":[],"technique":[],"squelettes":[],"sujet":[2103],"formation":[],"genre":[1888],"fonds":[],"tradition":[],"type-de-contenu":[],"interprete-compositeur":[],"frise":[],"type-devenement":[],"tableaux-liens-externes":[],"class_list":["post-74929","post","type-post","status-publish","format-standard","has-post-thumbnail","hentry","category-cd-de","category-letzte-neuerwerbungen-de","sujet-balkan-de","genre-judaisch-spanisch-de"],"acf":[],"yoast_head":"<!-- This site is optimized with the Yoast SEO plugin v27.3 - https:\/\/yoast.com\/product\/yoast-seo-wordpress\/ -->\n<title>Judeo-Spanish from the Balkans - Series 12 - Institut Europ\u00e9en des Musiques Juives<\/title>\n<meta name=\"robots\" content=\"index, follow, max-snippet:-1, max-image-preview:large, max-video-preview:-1\" \/>\n<link rel=\"canonical\" href=\"https:\/\/www.iemj.org\/de\/judeo-spanish-from-the-balkans-series-12\/\" \/>\n<meta property=\"og:locale\" content=\"de_DE\" \/>\n<meta property=\"og:type\" content=\"article\" \/>\n<meta property=\"og:title\" content=\"Judeo-Spanish from the Balkans - Series 12 - Institut Europ\u00e9en des Musiques Juives\" \/>\n<meta property=\"og:description\" content=\"The Recordings by Julius Subak (1908) and Max A. Luria (1927)\" \/>\n<meta property=\"og:url\" content=\"https:\/\/www.iemj.org\/de\/judeo-spanish-from-the-balkans-series-12\/\" \/>\n<meta property=\"og:site_name\" content=\"Institut Europ\u00e9en des Musiques Juives\" \/>\n<meta property=\"article:publisher\" content=\"https:\/\/www.facebook.com\/MusiquesJuives\/\" \/>\n<meta property=\"article:published_time\" content=\"2019-12-02T17:06:00+00:00\" \/>\n<meta property=\"article:modified_time\" content=\"2025-09-16T15:46:08+00:00\" \/>\n<meta property=\"og:image\" content=\"https:\/\/www.iemj.org\/wp-content\/uploads\/2021\/04\/COUV-CD-Judeo-Spanish-from-the-Balkans_350x354px.jpg\" \/>\n\t<meta property=\"og:image:width\" content=\"350\" \/>\n\t<meta property=\"og:image:height\" content=\"354\" \/>\n\t<meta property=\"og:image:type\" content=\"image\/jpeg\" \/>\n<meta name=\"author\" content=\"Herv\u00e9 Roten\" \/>\n<meta name=\"twitter:card\" content=\"summary_large_image\" \/>\n<meta name=\"twitter:label1\" content=\"Verfasst von\" \/>\n\t<meta name=\"twitter:data1\" content=\"Herv\u00e9 Roten\" \/>\n\t<meta name=\"twitter:label2\" content=\"Gesch\u00e4tzte Lesezeit\" \/>\n\t<meta name=\"twitter:data2\" content=\"3\u00a0Minuten\" \/>\n<script type=\"application\/ld+json\" class=\"yoast-schema-graph\">{\"@context\":\"https:\\\/\\\/schema.org\",\"@graph\":[{\"@type\":\"Article\",\"@id\":\"https:\\\/\\\/www.iemj.org\\\/de\\\/judeo-spanish-from-the-balkans-series-12\\\/#article\",\"isPartOf\":{\"@id\":\"https:\\\/\\\/www.iemj.org\\\/de\\\/judeo-spanish-from-the-balkans-series-12\\\/\"},\"author\":{\"name\":\"Herv\u00e9 Roten\",\"@id\":\"https:\\\/\\\/www.iemj.org\\\/de\\\/#\\\/schema\\\/person\\\/906134402c29d5c76e7b726261dd4bbd\"},\"headline\":\"Judeo-Spanish from the Balkans &#8211; Series 12\",\"datePublished\":\"2019-12-02T17:06:00+00:00\",\"dateModified\":\"2025-09-16T15:46:08+00:00\",\"mainEntityOfPage\":{\"@id\":\"https:\\\/\\\/www.iemj.org\\\/de\\\/judeo-spanish-from-the-balkans-series-12\\\/\"},\"wordCount\":339,\"publisher\":{\"@id\":\"https:\\\/\\\/www.iemj.org\\\/de\\\/#organization\"},\"image\":{\"@id\":\"https:\\\/\\\/www.iemj.org\\\/de\\\/judeo-spanish-from-the-balkans-series-12\\\/#primaryimage\"},\"thumbnailUrl\":\"https:\\\/\\\/www.iemj.org\\\/wp-content\\\/uploads\\\/2021\\\/04\\\/COUV-CD-Judeo-Spanish-from-the-Balkans_350x354px.jpg\",\"articleSection\":[\"CD\",\"Letzte Neuerwerbungen\"],\"inLanguage\":\"de\"},{\"@type\":\"WebPage\",\"@id\":\"https:\\\/\\\/www.iemj.org\\\/de\\\/judeo-spanish-from-the-balkans-series-12\\\/\",\"url\":\"https:\\\/\\\/www.iemj.org\\\/de\\\/judeo-spanish-from-the-balkans-series-12\\\/\",\"name\":\"Judeo-Spanish from the Balkans - Series 12 - Institut Europ\u00e9en des Musiques Juives\",\"isPartOf\":{\"@id\":\"https:\\\/\\\/www.iemj.org\\\/de\\\/#website\"},\"primaryImageOfPage\":{\"@id\":\"https:\\\/\\\/www.iemj.org\\\/de\\\/judeo-spanish-from-the-balkans-series-12\\\/#primaryimage\"},\"image\":{\"@id\":\"https:\\\/\\\/www.iemj.org\\\/de\\\/judeo-spanish-from-the-balkans-series-12\\\/#primaryimage\"},\"thumbnailUrl\":\"https:\\\/\\\/www.iemj.org\\\/wp-content\\\/uploads\\\/2021\\\/04\\\/COUV-CD-Judeo-Spanish-from-the-Balkans_350x354px.jpg\",\"datePublished\":\"2019-12-02T17:06:00+00:00\",\"dateModified\":\"2025-09-16T15:46:08+00:00\",\"breadcrumb\":{\"@id\":\"https:\\\/\\\/www.iemj.org\\\/de\\\/judeo-spanish-from-the-balkans-series-12\\\/#breadcrumb\"},\"inLanguage\":\"de\",\"potentialAction\":[{\"@type\":\"ReadAction\",\"target\":[\"https:\\\/\\\/www.iemj.org\\\/de\\\/judeo-spanish-from-the-balkans-series-12\\\/\"]}]},{\"@type\":\"ImageObject\",\"inLanguage\":\"de\",\"@id\":\"https:\\\/\\\/www.iemj.org\\\/de\\\/judeo-spanish-from-the-balkans-series-12\\\/#primaryimage\",\"url\":\"https:\\\/\\\/www.iemj.org\\\/wp-content\\\/uploads\\\/2021\\\/04\\\/COUV-CD-Judeo-Spanish-from-the-Balkans_350x354px.jpg\",\"contentUrl\":\"https:\\\/\\\/www.iemj.org\\\/wp-content\\\/uploads\\\/2021\\\/04\\\/COUV-CD-Judeo-Spanish-from-the-Balkans_350x354px.jpg\",\"width\":350,\"height\":354},{\"@type\":\"BreadcrumbList\",\"@id\":\"https:\\\/\\\/www.iemj.org\\\/de\\\/judeo-spanish-from-the-balkans-series-12\\\/#breadcrumb\",\"itemListElement\":[{\"@type\":\"ListItem\",\"position\":1,\"name\":\"Accueil\",\"item\":\"https:\\\/\\\/www.iemj.org\\\/de\\\/\"},{\"@type\":\"ListItem\",\"position\":2,\"name\":\"Judeo-Spanish from the Balkans &#8211; Series 12\"}]},{\"@type\":\"WebSite\",\"@id\":\"https:\\\/\\\/www.iemj.org\\\/de\\\/#website\",\"url\":\"https:\\\/\\\/www.iemj.org\\\/de\\\/\",\"name\":\"Institut Europ\u00e9en des Musiques Juives\",\"description\":\"Des traditions musicales \u00e0 la port\u00e9e de tous\",\"publisher\":{\"@id\":\"https:\\\/\\\/www.iemj.org\\\/de\\\/#organization\"},\"potentialAction\":[{\"@type\":\"SearchAction\",\"target\":{\"@type\":\"EntryPoint\",\"urlTemplate\":\"https:\\\/\\\/www.iemj.org\\\/de\\\/?s={search_term_string}\"},\"query-input\":{\"@type\":\"PropertyValueSpecification\",\"valueRequired\":true,\"valueName\":\"search_term_string\"}}],\"inLanguage\":\"de\"},{\"@type\":\"Organization\",\"@id\":\"https:\\\/\\\/www.iemj.org\\\/de\\\/#organization\",\"name\":\"Institut Europ\u00e9en des Musiques Juives\",\"url\":\"https:\\\/\\\/www.iemj.org\\\/de\\\/\",\"logo\":{\"@type\":\"ImageObject\",\"inLanguage\":\"de\",\"@id\":\"https:\\\/\\\/www.iemj.org\\\/de\\\/#\\\/schema\\\/logo\\\/image\\\/\",\"url\":\"https:\\\/\\\/www.iemj.org\\\/wp-content\\\/uploads\\\/2021\\\/09\\\/Logo-IEMJ-Paypal.jpg\",\"contentUrl\":\"https:\\\/\\\/www.iemj.org\\\/wp-content\\\/uploads\\\/2021\\\/09\\\/Logo-IEMJ-Paypal.jpg\",\"width\":150,\"height\":50,\"caption\":\"Institut Europ\u00e9en des Musiques Juives\"},\"image\":{\"@id\":\"https:\\\/\\\/www.iemj.org\\\/de\\\/#\\\/schema\\\/logo\\\/image\\\/\"},\"sameAs\":[\"https:\\\/\\\/www.facebook.com\\\/MusiquesJuives\\\/\",\"https:\\\/\\\/www.instagram.com\\\/musiquesjuives\\\/\",\"https:\\\/\\\/www.youtube.com\\\/user\\\/musiquesjuives\"]},{\"@type\":\"Person\",\"@id\":\"https:\\\/\\\/www.iemj.org\\\/de\\\/#\\\/schema\\\/person\\\/906134402c29d5c76e7b726261dd4bbd\",\"name\":\"Herv\u00e9 Roten\",\"image\":{\"@type\":\"ImageObject\",\"inLanguage\":\"de\",\"@id\":\"https:\\\/\\\/secure.gravatar.com\\\/avatar\\\/f96ad2db538a26481f18384936b5cd0610c92d390c4dc382209216d455f685ff?s=96&d=mm&r=g\",\"url\":\"https:\\\/\\\/secure.gravatar.com\\\/avatar\\\/f96ad2db538a26481f18384936b5cd0610c92d390c4dc382209216d455f685ff?s=96&d=mm&r=g\",\"contentUrl\":\"https:\\\/\\\/secure.gravatar.com\\\/avatar\\\/f96ad2db538a26481f18384936b5cd0610c92d390c4dc382209216d455f685ff?s=96&d=mm&r=g\",\"caption\":\"Herv\u00e9 Roten\"}}]}<\/script>\n<!-- \/ Yoast SEO plugin. -->","yoast_head_json":{"title":"Judeo-Spanish from the Balkans - Series 12 - Institut Europ\u00e9en des Musiques Juives","robots":{"index":"index","follow":"follow","max-snippet":"max-snippet:-1","max-image-preview":"max-image-preview:large","max-video-preview":"max-video-preview:-1"},"canonical":"https:\/\/www.iemj.org\/de\/judeo-spanish-from-the-balkans-series-12\/","og_locale":"de_DE","og_type":"article","og_title":"Judeo-Spanish from the Balkans - Series 12 - Institut Europ\u00e9en des Musiques Juives","og_description":"The Recordings by Julius Subak (1908) and Max A. Luria (1927)","og_url":"https:\/\/www.iemj.org\/de\/judeo-spanish-from-the-balkans-series-12\/","og_site_name":"Institut Europ\u00e9en des Musiques Juives","article_publisher":"https:\/\/www.facebook.com\/MusiquesJuives\/","article_published_time":"2019-12-02T17:06:00+00:00","article_modified_time":"2025-09-16T15:46:08+00:00","og_image":[{"width":350,"height":354,"url":"https:\/\/www.iemj.org\/wp-content\/uploads\/2021\/04\/COUV-CD-Judeo-Spanish-from-the-Balkans_350x354px.jpg","type":"image\/jpeg"}],"author":"Herv\u00e9 Roten","twitter_card":"summary_large_image","twitter_misc":{"Verfasst von":"Herv\u00e9 Roten","Gesch\u00e4tzte Lesezeit":"3\u00a0Minuten"},"schema":{"@context":"https:\/\/schema.org","@graph":[{"@type":"Article","@id":"https:\/\/www.iemj.org\/de\/judeo-spanish-from-the-balkans-series-12\/#article","isPartOf":{"@id":"https:\/\/www.iemj.org\/de\/judeo-spanish-from-the-balkans-series-12\/"},"author":{"name":"Herv\u00e9 Roten","@id":"https:\/\/www.iemj.org\/de\/#\/schema\/person\/906134402c29d5c76e7b726261dd4bbd"},"headline":"Judeo-Spanish from the Balkans &#8211; Series 12","datePublished":"2019-12-02T17:06:00+00:00","dateModified":"2025-09-16T15:46:08+00:00","mainEntityOfPage":{"@id":"https:\/\/www.iemj.org\/de\/judeo-spanish-from-the-balkans-series-12\/"},"wordCount":339,"publisher":{"@id":"https:\/\/www.iemj.org\/de\/#organization"},"image":{"@id":"https:\/\/www.iemj.org\/de\/judeo-spanish-from-the-balkans-series-12\/#primaryimage"},"thumbnailUrl":"https:\/\/www.iemj.org\/wp-content\/uploads\/2021\/04\/COUV-CD-Judeo-Spanish-from-the-Balkans_350x354px.jpg","articleSection":["CD","Letzte Neuerwerbungen"],"inLanguage":"de"},{"@type":"WebPage","@id":"https:\/\/www.iemj.org\/de\/judeo-spanish-from-the-balkans-series-12\/","url":"https:\/\/www.iemj.org\/de\/judeo-spanish-from-the-balkans-series-12\/","name":"Judeo-Spanish from the Balkans - Series 12 - Institut Europ\u00e9en des Musiques Juives","isPartOf":{"@id":"https:\/\/www.iemj.org\/de\/#website"},"primaryImageOfPage":{"@id":"https:\/\/www.iemj.org\/de\/judeo-spanish-from-the-balkans-series-12\/#primaryimage"},"image":{"@id":"https:\/\/www.iemj.org\/de\/judeo-spanish-from-the-balkans-series-12\/#primaryimage"},"thumbnailUrl":"https:\/\/www.iemj.org\/wp-content\/uploads\/2021\/04\/COUV-CD-Judeo-Spanish-from-the-Balkans_350x354px.jpg","datePublished":"2019-12-02T17:06:00+00:00","dateModified":"2025-09-16T15:46:08+00:00","breadcrumb":{"@id":"https:\/\/www.iemj.org\/de\/judeo-spanish-from-the-balkans-series-12\/#breadcrumb"},"inLanguage":"de","potentialAction":[{"@type":"ReadAction","target":["https:\/\/www.iemj.org\/de\/judeo-spanish-from-the-balkans-series-12\/"]}]},{"@type":"ImageObject","inLanguage":"de","@id":"https:\/\/www.iemj.org\/de\/judeo-spanish-from-the-balkans-series-12\/#primaryimage","url":"https:\/\/www.iemj.org\/wp-content\/uploads\/2021\/04\/COUV-CD-Judeo-Spanish-from-the-Balkans_350x354px.jpg","contentUrl":"https:\/\/www.iemj.org\/wp-content\/uploads\/2021\/04\/COUV-CD-Judeo-Spanish-from-the-Balkans_350x354px.jpg","width":350,"height":354},{"@type":"BreadcrumbList","@id":"https:\/\/www.iemj.org\/de\/judeo-spanish-from-the-balkans-series-12\/#breadcrumb","itemListElement":[{"@type":"ListItem","position":1,"name":"Accueil","item":"https:\/\/www.iemj.org\/de\/"},{"@type":"ListItem","position":2,"name":"Judeo-Spanish from the Balkans &#8211; Series 12"}]},{"@type":"WebSite","@id":"https:\/\/www.iemj.org\/de\/#website","url":"https:\/\/www.iemj.org\/de\/","name":"Institut Europ\u00e9en des Musiques Juives","description":"Des traditions musicales \u00e0 la port\u00e9e de tous","publisher":{"@id":"https:\/\/www.iemj.org\/de\/#organization"},"potentialAction":[{"@type":"SearchAction","target":{"@type":"EntryPoint","urlTemplate":"https:\/\/www.iemj.org\/de\/?s={search_term_string}"},"query-input":{"@type":"PropertyValueSpecification","valueRequired":true,"valueName":"search_term_string"}}],"inLanguage":"de"},{"@type":"Organization","@id":"https:\/\/www.iemj.org\/de\/#organization","name":"Institut Europ\u00e9en des Musiques Juives","url":"https:\/\/www.iemj.org\/de\/","logo":{"@type":"ImageObject","inLanguage":"de","@id":"https:\/\/www.iemj.org\/de\/#\/schema\/logo\/image\/","url":"https:\/\/www.iemj.org\/wp-content\/uploads\/2021\/09\/Logo-IEMJ-Paypal.jpg","contentUrl":"https:\/\/www.iemj.org\/wp-content\/uploads\/2021\/09\/Logo-IEMJ-Paypal.jpg","width":150,"height":50,"caption":"Institut Europ\u00e9en des Musiques Juives"},"image":{"@id":"https:\/\/www.iemj.org\/de\/#\/schema\/logo\/image\/"},"sameAs":["https:\/\/www.facebook.com\/MusiquesJuives\/","https:\/\/www.instagram.com\/musiquesjuives\/","https:\/\/www.youtube.com\/user\/musiquesjuives"]},{"@type":"Person","@id":"https:\/\/www.iemj.org\/de\/#\/schema\/person\/906134402c29d5c76e7b726261dd4bbd","name":"Herv\u00e9 Roten","image":{"@type":"ImageObject","inLanguage":"de","@id":"https:\/\/secure.gravatar.com\/avatar\/f96ad2db538a26481f18384936b5cd0610c92d390c4dc382209216d455f685ff?s=96&d=mm&r=g","url":"https:\/\/secure.gravatar.com\/avatar\/f96ad2db538a26481f18384936b5cd0610c92d390c4dc382209216d455f685ff?s=96&d=mm&r=g","contentUrl":"https:\/\/secure.gravatar.com\/avatar\/f96ad2db538a26481f18384936b5cd0610c92d390c4dc382209216d455f685ff?s=96&d=mm&r=g","caption":"Herv\u00e9 Roten"}}]}},"_links":{"self":[{"href":"https:\/\/www.iemj.org\/de\/wp-json\/wp\/v2\/posts\/74929","targetHints":{"allow":["GET"]}}],"collection":[{"href":"https:\/\/www.iemj.org\/de\/wp-json\/wp\/v2\/posts"}],"about":[{"href":"https:\/\/www.iemj.org\/de\/wp-json\/wp\/v2\/types\/post"}],"author":[{"embeddable":true,"href":"https:\/\/www.iemj.org\/de\/wp-json\/wp\/v2\/users\/1045"}],"replies":[{"embeddable":true,"href":"https:\/\/www.iemj.org\/de\/wp-json\/wp\/v2\/comments?post=74929"}],"version-history":[{"count":0,"href":"https:\/\/www.iemj.org\/de\/wp-json\/wp\/v2\/posts\/74929\/revisions"}],"wp:featuredmedia":[{"embeddable":true,"href":"https:\/\/www.iemj.org\/de\/wp-json\/wp\/v2\/media\/38550"}],"wp:attachment":[{"href":"https:\/\/www.iemj.org\/de\/wp-json\/wp\/v2\/media?parent=74929"}],"wp:term":[{"taxonomy":"category","embeddable":true,"href":"https:\/\/www.iemj.org\/de\/wp-json\/wp\/v2\/categories?post=74929"},{"taxonomy":"post_tag","embeddable":true,"href":"https:\/\/www.iemj.org\/de\/wp-json\/wp\/v2\/tags?post=74929"},{"taxonomy":"technique","embeddable":true,"href":"https:\/\/www.iemj.org\/de\/wp-json\/wp\/v2\/technique?post=74929"},{"taxonomy":"squelettes","embeddable":true,"href":"https:\/\/www.iemj.org\/de\/wp-json\/wp\/v2\/squelettes?post=74929"},{"taxonomy":"sujet","embeddable":true,"href":"https:\/\/www.iemj.org\/de\/wp-json\/wp\/v2\/sujet?post=74929"},{"taxonomy":"formation","embeddable":true,"href":"https:\/\/www.iemj.org\/de\/wp-json\/wp\/v2\/formation?post=74929"},{"taxonomy":"genre","embeddable":true,"href":"https:\/\/www.iemj.org\/de\/wp-json\/wp\/v2\/genre?post=74929"},{"taxonomy":"fonds","embeddable":true,"href":"https:\/\/www.iemj.org\/de\/wp-json\/wp\/v2\/fonds?post=74929"},{"taxonomy":"tradition","embeddable":true,"href":"https:\/\/www.iemj.org\/de\/wp-json\/wp\/v2\/tradition?post=74929"},{"taxonomy":"type-de-contenu","embeddable":true,"href":"https:\/\/www.iemj.org\/de\/wp-json\/wp\/v2\/type-de-contenu?post=74929"},{"taxonomy":"interprete-compositeur","embeddable":true,"href":"https:\/\/www.iemj.org\/de\/wp-json\/wp\/v2\/interprete-compositeur?post=74929"},{"taxonomy":"frise","embeddable":true,"href":"https:\/\/www.iemj.org\/de\/wp-json\/wp\/v2\/frise?post=74929"},{"taxonomy":"type-devenement","embeddable":true,"href":"https:\/\/www.iemj.org\/de\/wp-json\/wp\/v2\/type-devenement?post=74929"},{"taxonomy":"tableaux-liens-externes","embeddable":true,"href":"https:\/\/www.iemj.org\/de\/wp-json\/wp\/v2\/tableaux-liens-externes?post=74929"}],"curies":[{"name":"wp","href":"https:\/\/api.w.org\/{rel}","templated":true}]}}