{"id":74946,"date":"2019-10-24T09:54:49","date_gmt":"2019-10-24T07:54:49","guid":{"rendered":"https:\/\/www.iemj.org\/giacomo-meyerbeer-hallelujah-the-choral-works-2\/"},"modified":"2025-10-20T11:18:33","modified_gmt":"2025-10-20T09:18:33","slug":"giacomo-meyerbeer-hallelujah-the-choral-works-2","status":"publish","type":"post","link":"https:\/\/www.iemj.org\/de\/giacomo-meyerbeer-hallelujah-the-choral-works-2\/","title":{"rendered":"Giacomo Meyerbeer &#8211; Hallelujah &#8211; The Choral Works"},"content":{"rendered":"<p>Auf diesem Album sind bedeutende Werke der geistlichen Musik von <a href=\"https:\/\/www.iemj.org\/de\/meyerbeer-giacomo-1791-1864\/\" target=\"_blank\" rel=\"noopener\">Giacomo Meyerbeer (1791-1864)<\/a> enthalten, insbesondere sein \u201eHallelujah\u201c, eine kleine ca. 1815 komponierte Kantate f\u00fcr M\u00e4nnerstimmen, Orgel und <em>Ad-libitum<\/em>-Chor.<\/p>\n<p>Diese Kantate war f\u00fcr den Gottesdienst der J\u00fcdischen Reformgemeinde zu Berlin bestimmt, da sich der Vater von Giacomo Meyerbeer, Juda Herz Beer (1769-1825) besonders f\u00fcr die Emanzipation und Integration der preu\u00dfischen Juden eingesetzt hatte.<\/p>\n<p>Es handelt sich um eine einzigartige Aufnahme, ein nie zuvor ver\u00f6ffentlichtes Werk. Ein Manuskript wird in der Musikabteilung der Library of Congress (Kongressbibliothek) in den Vereinigten Staaten aufbewahrt\u2026<\/p>\n<p><strong>Auf der CD enthaltene Werke:<\/strong><br \/>\n\u201eHallelujah\u201c &#8211; kleine Kantate f\u00fcr vier M\u00e4nnerstimmen, Orgel und Ad-libitum-Chor<br \/>\n\u201ePsalm 91\u201c &#8211; Motette f\u00fcr Solisten und den achtstimmigen Chor<br \/>\n\u201eCantique\u201c &#8211; f\u00fcr Solo-Bassstimme, den gemischten sechsstimmigen Chor und Orgel<br \/>\n\u201ePater Noster\u201c &#8211; f\u00fcr den vierstimmigen A-cappella-Chor<br \/>\n\u201eSieben Geistliche Ges\u00e4nge\u201c &#8211; f\u00fcr vier Solo-Stimmen und den vierstimmigen gemischten A-cappella-Chor<br \/>\n\u201eAm Mozart\u201c &#8211; f\u00fcr den Chor und den vierstimmigen A-cappella-Chor<\/p>\n<p><a href=\"https:\/\/www.fr.fnac.be\/a10178748\/Giacomo-Meyerbeer-Hallelujah-oeuvres-chorales-CD-album\" target=\"_blank\" rel=\"noopener\">Kaufen Sie die CD<\/a><br \/>\n<a href=\"https:\/\/www.iemj.org\/de\/meyerbeer-giacomo-1791-1864\/\" target=\"_blank\" rel=\"noopener\">Lesen Sie die Biografie von Giacomo Meyerbeer<\/a><\/p>\n<p><img fetchpriority=\"high\" decoding=\"async\" class=\"wp-image-110606 aligncenter\" src=\"https:\/\/www.iemj.org\/wp-content\/uploads\/2024\/03\/AUDIO-PLAYER-300x39.png\" alt=\"\" width=\"900\" height=\"117\" srcset=\"https:\/\/www.iemj.org\/wp-content\/uploads\/2024\/03\/AUDIO-PLAYER-300x39.png 300w, https:\/\/www.iemj.org\/wp-content\/uploads\/2024\/03\/AUDIO-PLAYER-1024x133.png 1024w, https:\/\/www.iemj.org\/wp-content\/uploads\/2024\/03\/AUDIO-PLAYER-768x100.png 768w, https:\/\/www.iemj.org\/wp-content\/uploads\/2024\/03\/AUDIO-PLAYER-600x78.png 600w, https:\/\/www.iemj.org\/wp-content\/uploads\/2024\/03\/AUDIO-PLAYER.png 1210w\" sizes=\"(max-width: 900px) 100vw, 900px\" \/><\/p>\n","protected":false},"excerpt":{"rendered":"<p>Auf diesem Album sind bedeutende Werke der geistlichen Musik von Giacomo Meyerbeer (1791-1864) enthalten, insbesondere sein \u201eHallelujah\u201c, eine kleine ca. 1815 komponierte Kantate f\u00fcr M\u00e4nnerstimmen, Orgel und Ad-libitum-Chor. Diese Kantate<\/p>\n","protected":false},"author":1048,"featured_media":74948,"comment_status":"closed","ping_status":"closed","sticky":false,"template":"","format":"standard","meta":{"_acf_changed":false,"footnotes":""},"categories":[1571],"tags":[],"technique":[],"squelettes":[],"sujet":[],"formation":[],"genre":[],"fonds":[],"tradition":[],"type-de-contenu":[],"interprete-compositeur":[],"frise":[],"type-devenement":[],"tableaux-liens-externes":[],"class_list":["post-74946","post","type-post","status-publish","format-standard","has-post-thumbnail","hentry","category-cd-de"],"acf":[],"yoast_head":"<!-- This site is optimized with the Yoast SEO plugin v27.3 - https:\/\/yoast.com\/product\/yoast-seo-wordpress\/ -->\n<title>Giacomo Meyerbeer - Hallelujah - The Choral Works - Institut Europ\u00e9en des Musiques Juives<\/title>\n<meta name=\"robots\" content=\"index, follow, max-snippet:-1, max-image-preview:large, max-video-preview:-1\" \/>\n<link rel=\"canonical\" href=\"https:\/\/www.iemj.org\/de\/giacomo-meyerbeer-hallelujah-the-choral-works-2\/\" \/>\n<meta property=\"og:locale\" content=\"de_DE\" \/>\n<meta property=\"og:type\" content=\"article\" \/>\n<meta property=\"og:title\" content=\"Giacomo Meyerbeer - Hallelujah - The Choral Works - Institut Europ\u00e9en des Musiques Juives\" \/>\n<meta property=\"og:description\" content=\"Auf diesem Album sind bedeutende Werke der geistlichen Musik von Giacomo Meyerbeer (1791-1864) enthalten, insbesondere sein \u201eHallelujah\u201c, eine kleine ca. 1815 komponierte Kantate f\u00fcr M\u00e4nnerstimmen, Orgel und Ad-libitum-Chor. Diese Kantate\" \/>\n<meta property=\"og:url\" content=\"https:\/\/www.iemj.org\/de\/giacomo-meyerbeer-hallelujah-the-choral-works-2\/\" \/>\n<meta property=\"og:site_name\" content=\"Institut Europ\u00e9en des Musiques Juives\" \/>\n<meta property=\"article:publisher\" content=\"https:\/\/www.facebook.com\/MusiquesJuives\/\" \/>\n<meta property=\"article:published_time\" content=\"2019-10-24T07:54:49+00:00\" \/>\n<meta property=\"article:modified_time\" content=\"2025-10-20T09:18:33+00:00\" \/>\n<meta property=\"og:image\" content=\"https:\/\/www.iemj.org\/wp-content\/uploads\/2019\/10\/arton4356.jpg\" \/>\n\t<meta property=\"og:image:width\" content=\"322\" \/>\n\t<meta property=\"og:image:height\" content=\"327\" \/>\n\t<meta property=\"og:image:type\" content=\"image\/jpeg\" \/>\n<meta name=\"author\" content=\"Jean-Gabriel Davis\" \/>\n<meta name=\"twitter:card\" content=\"summary_large_image\" \/>\n<meta name=\"twitter:label1\" content=\"Verfasst von\" \/>\n\t<meta name=\"twitter:data1\" content=\"Jean-Gabriel Davis\" \/>\n\t<meta name=\"twitter:label2\" content=\"Gesch\u00e4tzte Lesezeit\" \/>\n\t<meta name=\"twitter:data2\" content=\"2\u00a0Minuten\" \/>\n<script type=\"application\/ld+json\" class=\"yoast-schema-graph\">{\"@context\":\"https:\\\/\\\/schema.org\",\"@graph\":[{\"@type\":\"Article\",\"@id\":\"https:\\\/\\\/www.iemj.org\\\/de\\\/giacomo-meyerbeer-hallelujah-the-choral-works-2\\\/#article\",\"isPartOf\":{\"@id\":\"https:\\\/\\\/www.iemj.org\\\/de\\\/giacomo-meyerbeer-hallelujah-the-choral-works-2\\\/\"},\"author\":{\"name\":\"Jean-Gabriel Davis\",\"@id\":\"https:\\\/\\\/www.iemj.org\\\/de\\\/#\\\/schema\\\/person\\\/c9bc1c386a3749579a2d675e72a18666\"},\"headline\":\"Giacomo Meyerbeer &#8211; Hallelujah &#8211; The Choral Works\",\"datePublished\":\"2019-10-24T07:54:49+00:00\",\"dateModified\":\"2025-10-20T09:18:33+00:00\",\"mainEntityOfPage\":{\"@id\":\"https:\\\/\\\/www.iemj.org\\\/de\\\/giacomo-meyerbeer-hallelujah-the-choral-works-2\\\/\"},\"wordCount\":186,\"publisher\":{\"@id\":\"https:\\\/\\\/www.iemj.org\\\/de\\\/#organization\"},\"image\":{\"@id\":\"https:\\\/\\\/www.iemj.org\\\/de\\\/giacomo-meyerbeer-hallelujah-the-choral-works-2\\\/#primaryimage\"},\"thumbnailUrl\":\"https:\\\/\\\/www.iemj.org\\\/wp-content\\\/uploads\\\/2019\\\/10\\\/arton4356.jpg\",\"articleSection\":[\"CD\"],\"inLanguage\":\"de\"},{\"@type\":\"WebPage\",\"@id\":\"https:\\\/\\\/www.iemj.org\\\/de\\\/giacomo-meyerbeer-hallelujah-the-choral-works-2\\\/\",\"url\":\"https:\\\/\\\/www.iemj.org\\\/de\\\/giacomo-meyerbeer-hallelujah-the-choral-works-2\\\/\",\"name\":\"Giacomo Meyerbeer - Hallelujah - The Choral Works - Institut Europ\u00e9en des Musiques Juives\",\"isPartOf\":{\"@id\":\"https:\\\/\\\/www.iemj.org\\\/de\\\/#website\"},\"primaryImageOfPage\":{\"@id\":\"https:\\\/\\\/www.iemj.org\\\/de\\\/giacomo-meyerbeer-hallelujah-the-choral-works-2\\\/#primaryimage\"},\"image\":{\"@id\":\"https:\\\/\\\/www.iemj.org\\\/de\\\/giacomo-meyerbeer-hallelujah-the-choral-works-2\\\/#primaryimage\"},\"thumbnailUrl\":\"https:\\\/\\\/www.iemj.org\\\/wp-content\\\/uploads\\\/2019\\\/10\\\/arton4356.jpg\",\"datePublished\":\"2019-10-24T07:54:49+00:00\",\"dateModified\":\"2025-10-20T09:18:33+00:00\",\"breadcrumb\":{\"@id\":\"https:\\\/\\\/www.iemj.org\\\/de\\\/giacomo-meyerbeer-hallelujah-the-choral-works-2\\\/#breadcrumb\"},\"inLanguage\":\"de\",\"potentialAction\":[{\"@type\":\"ReadAction\",\"target\":[\"https:\\\/\\\/www.iemj.org\\\/de\\\/giacomo-meyerbeer-hallelujah-the-choral-works-2\\\/\"]}]},{\"@type\":\"ImageObject\",\"inLanguage\":\"de\",\"@id\":\"https:\\\/\\\/www.iemj.org\\\/de\\\/giacomo-meyerbeer-hallelujah-the-choral-works-2\\\/#primaryimage\",\"url\":\"https:\\\/\\\/www.iemj.org\\\/wp-content\\\/uploads\\\/2019\\\/10\\\/arton4356.jpg\",\"contentUrl\":\"https:\\\/\\\/www.iemj.org\\\/wp-content\\\/uploads\\\/2019\\\/10\\\/arton4356.jpg\",\"width\":322,\"height\":327},{\"@type\":\"BreadcrumbList\",\"@id\":\"https:\\\/\\\/www.iemj.org\\\/de\\\/giacomo-meyerbeer-hallelujah-the-choral-works-2\\\/#breadcrumb\",\"itemListElement\":[{\"@type\":\"ListItem\",\"position\":1,\"name\":\"Accueil\",\"item\":\"https:\\\/\\\/www.iemj.org\\\/de\\\/\"},{\"@type\":\"ListItem\",\"position\":2,\"name\":\"Giacomo Meyerbeer &#8211; Hallelujah &#8211; The Choral Works\"}]},{\"@type\":\"WebSite\",\"@id\":\"https:\\\/\\\/www.iemj.org\\\/de\\\/#website\",\"url\":\"https:\\\/\\\/www.iemj.org\\\/de\\\/\",\"name\":\"Institut Europ\u00e9en des Musiques Juives\",\"description\":\"Des traditions musicales \u00e0 la port\u00e9e de tous\",\"publisher\":{\"@id\":\"https:\\\/\\\/www.iemj.org\\\/de\\\/#organization\"},\"potentialAction\":[{\"@type\":\"SearchAction\",\"target\":{\"@type\":\"EntryPoint\",\"urlTemplate\":\"https:\\\/\\\/www.iemj.org\\\/de\\\/?s={search_term_string}\"},\"query-input\":{\"@type\":\"PropertyValueSpecification\",\"valueRequired\":true,\"valueName\":\"search_term_string\"}}],\"inLanguage\":\"de\"},{\"@type\":\"Organization\",\"@id\":\"https:\\\/\\\/www.iemj.org\\\/de\\\/#organization\",\"name\":\"Institut Europ\u00e9en des Musiques Juives\",\"url\":\"https:\\\/\\\/www.iemj.org\\\/de\\\/\",\"logo\":{\"@type\":\"ImageObject\",\"inLanguage\":\"de\",\"@id\":\"https:\\\/\\\/www.iemj.org\\\/de\\\/#\\\/schema\\\/logo\\\/image\\\/\",\"url\":\"https:\\\/\\\/www.iemj.org\\\/wp-content\\\/uploads\\\/2021\\\/09\\\/Logo-IEMJ-Paypal.jpg\",\"contentUrl\":\"https:\\\/\\\/www.iemj.org\\\/wp-content\\\/uploads\\\/2021\\\/09\\\/Logo-IEMJ-Paypal.jpg\",\"width\":150,\"height\":50,\"caption\":\"Institut Europ\u00e9en des Musiques Juives\"},\"image\":{\"@id\":\"https:\\\/\\\/www.iemj.org\\\/de\\\/#\\\/schema\\\/logo\\\/image\\\/\"},\"sameAs\":[\"https:\\\/\\\/www.facebook.com\\\/MusiquesJuives\\\/\",\"https:\\\/\\\/www.instagram.com\\\/musiquesjuives\\\/\",\"https:\\\/\\\/www.youtube.com\\\/user\\\/musiquesjuives\"]},{\"@type\":\"Person\",\"@id\":\"https:\\\/\\\/www.iemj.org\\\/de\\\/#\\\/schema\\\/person\\\/c9bc1c386a3749579a2d675e72a18666\",\"name\":\"Jean-Gabriel Davis\",\"image\":{\"@type\":\"ImageObject\",\"inLanguage\":\"de\",\"@id\":\"https:\\\/\\\/secure.gravatar.com\\\/avatar\\\/2b90d67bdf392c9b3a21fab87c0fa7edaf1fb3a058172a1ffd61033fcec7aec1?s=96&d=mm&r=g\",\"url\":\"https:\\\/\\\/secure.gravatar.com\\\/avatar\\\/2b90d67bdf392c9b3a21fab87c0fa7edaf1fb3a058172a1ffd61033fcec7aec1?s=96&d=mm&r=g\",\"contentUrl\":\"https:\\\/\\\/secure.gravatar.com\\\/avatar\\\/2b90d67bdf392c9b3a21fab87c0fa7edaf1fb3a058172a1ffd61033fcec7aec1?s=96&d=mm&r=g\",\"caption\":\"Jean-Gabriel Davis\"}}]}<\/script>\n<!-- \/ Yoast SEO plugin. -->","yoast_head_json":{"title":"Giacomo Meyerbeer - Hallelujah - The Choral Works - Institut Europ\u00e9en des Musiques Juives","robots":{"index":"index","follow":"follow","max-snippet":"max-snippet:-1","max-image-preview":"max-image-preview:large","max-video-preview":"max-video-preview:-1"},"canonical":"https:\/\/www.iemj.org\/de\/giacomo-meyerbeer-hallelujah-the-choral-works-2\/","og_locale":"de_DE","og_type":"article","og_title":"Giacomo Meyerbeer - Hallelujah - The Choral Works - Institut Europ\u00e9en des Musiques Juives","og_description":"Auf diesem Album sind bedeutende Werke der geistlichen Musik von Giacomo Meyerbeer (1791-1864) enthalten, insbesondere sein \u201eHallelujah\u201c, eine kleine ca. 1815 komponierte Kantate f\u00fcr M\u00e4nnerstimmen, Orgel und Ad-libitum-Chor. Diese Kantate","og_url":"https:\/\/www.iemj.org\/de\/giacomo-meyerbeer-hallelujah-the-choral-works-2\/","og_site_name":"Institut Europ\u00e9en des Musiques Juives","article_publisher":"https:\/\/www.facebook.com\/MusiquesJuives\/","article_published_time":"2019-10-24T07:54:49+00:00","article_modified_time":"2025-10-20T09:18:33+00:00","og_image":[{"width":322,"height":327,"url":"https:\/\/www.iemj.org\/wp-content\/uploads\/2019\/10\/arton4356.jpg","type":"image\/jpeg"}],"author":"Jean-Gabriel Davis","twitter_card":"summary_large_image","twitter_misc":{"Verfasst von":"Jean-Gabriel Davis","Gesch\u00e4tzte Lesezeit":"2\u00a0Minuten"},"schema":{"@context":"https:\/\/schema.org","@graph":[{"@type":"Article","@id":"https:\/\/www.iemj.org\/de\/giacomo-meyerbeer-hallelujah-the-choral-works-2\/#article","isPartOf":{"@id":"https:\/\/www.iemj.org\/de\/giacomo-meyerbeer-hallelujah-the-choral-works-2\/"},"author":{"name":"Jean-Gabriel Davis","@id":"https:\/\/www.iemj.org\/de\/#\/schema\/person\/c9bc1c386a3749579a2d675e72a18666"},"headline":"Giacomo Meyerbeer &#8211; Hallelujah &#8211; The Choral Works","datePublished":"2019-10-24T07:54:49+00:00","dateModified":"2025-10-20T09:18:33+00:00","mainEntityOfPage":{"@id":"https:\/\/www.iemj.org\/de\/giacomo-meyerbeer-hallelujah-the-choral-works-2\/"},"wordCount":186,"publisher":{"@id":"https:\/\/www.iemj.org\/de\/#organization"},"image":{"@id":"https:\/\/www.iemj.org\/de\/giacomo-meyerbeer-hallelujah-the-choral-works-2\/#primaryimage"},"thumbnailUrl":"https:\/\/www.iemj.org\/wp-content\/uploads\/2019\/10\/arton4356.jpg","articleSection":["CD"],"inLanguage":"de"},{"@type":"WebPage","@id":"https:\/\/www.iemj.org\/de\/giacomo-meyerbeer-hallelujah-the-choral-works-2\/","url":"https:\/\/www.iemj.org\/de\/giacomo-meyerbeer-hallelujah-the-choral-works-2\/","name":"Giacomo Meyerbeer - Hallelujah - The Choral Works - Institut Europ\u00e9en des Musiques Juives","isPartOf":{"@id":"https:\/\/www.iemj.org\/de\/#website"},"primaryImageOfPage":{"@id":"https:\/\/www.iemj.org\/de\/giacomo-meyerbeer-hallelujah-the-choral-works-2\/#primaryimage"},"image":{"@id":"https:\/\/www.iemj.org\/de\/giacomo-meyerbeer-hallelujah-the-choral-works-2\/#primaryimage"},"thumbnailUrl":"https:\/\/www.iemj.org\/wp-content\/uploads\/2019\/10\/arton4356.jpg","datePublished":"2019-10-24T07:54:49+00:00","dateModified":"2025-10-20T09:18:33+00:00","breadcrumb":{"@id":"https:\/\/www.iemj.org\/de\/giacomo-meyerbeer-hallelujah-the-choral-works-2\/#breadcrumb"},"inLanguage":"de","potentialAction":[{"@type":"ReadAction","target":["https:\/\/www.iemj.org\/de\/giacomo-meyerbeer-hallelujah-the-choral-works-2\/"]}]},{"@type":"ImageObject","inLanguage":"de","@id":"https:\/\/www.iemj.org\/de\/giacomo-meyerbeer-hallelujah-the-choral-works-2\/#primaryimage","url":"https:\/\/www.iemj.org\/wp-content\/uploads\/2019\/10\/arton4356.jpg","contentUrl":"https:\/\/www.iemj.org\/wp-content\/uploads\/2019\/10\/arton4356.jpg","width":322,"height":327},{"@type":"BreadcrumbList","@id":"https:\/\/www.iemj.org\/de\/giacomo-meyerbeer-hallelujah-the-choral-works-2\/#breadcrumb","itemListElement":[{"@type":"ListItem","position":1,"name":"Accueil","item":"https:\/\/www.iemj.org\/de\/"},{"@type":"ListItem","position":2,"name":"Giacomo Meyerbeer &#8211; Hallelujah &#8211; The Choral Works"}]},{"@type":"WebSite","@id":"https:\/\/www.iemj.org\/de\/#website","url":"https:\/\/www.iemj.org\/de\/","name":"Institut Europ\u00e9en des Musiques Juives","description":"Des traditions musicales \u00e0 la port\u00e9e de tous","publisher":{"@id":"https:\/\/www.iemj.org\/de\/#organization"},"potentialAction":[{"@type":"SearchAction","target":{"@type":"EntryPoint","urlTemplate":"https:\/\/www.iemj.org\/de\/?s={search_term_string}"},"query-input":{"@type":"PropertyValueSpecification","valueRequired":true,"valueName":"search_term_string"}}],"inLanguage":"de"},{"@type":"Organization","@id":"https:\/\/www.iemj.org\/de\/#organization","name":"Institut Europ\u00e9en des Musiques Juives","url":"https:\/\/www.iemj.org\/de\/","logo":{"@type":"ImageObject","inLanguage":"de","@id":"https:\/\/www.iemj.org\/de\/#\/schema\/logo\/image\/","url":"https:\/\/www.iemj.org\/wp-content\/uploads\/2021\/09\/Logo-IEMJ-Paypal.jpg","contentUrl":"https:\/\/www.iemj.org\/wp-content\/uploads\/2021\/09\/Logo-IEMJ-Paypal.jpg","width":150,"height":50,"caption":"Institut Europ\u00e9en des Musiques Juives"},"image":{"@id":"https:\/\/www.iemj.org\/de\/#\/schema\/logo\/image\/"},"sameAs":["https:\/\/www.facebook.com\/MusiquesJuives\/","https:\/\/www.instagram.com\/musiquesjuives\/","https:\/\/www.youtube.com\/user\/musiquesjuives"]},{"@type":"Person","@id":"https:\/\/www.iemj.org\/de\/#\/schema\/person\/c9bc1c386a3749579a2d675e72a18666","name":"Jean-Gabriel Davis","image":{"@type":"ImageObject","inLanguage":"de","@id":"https:\/\/secure.gravatar.com\/avatar\/2b90d67bdf392c9b3a21fab87c0fa7edaf1fb3a058172a1ffd61033fcec7aec1?s=96&d=mm&r=g","url":"https:\/\/secure.gravatar.com\/avatar\/2b90d67bdf392c9b3a21fab87c0fa7edaf1fb3a058172a1ffd61033fcec7aec1?s=96&d=mm&r=g","contentUrl":"https:\/\/secure.gravatar.com\/avatar\/2b90d67bdf392c9b3a21fab87c0fa7edaf1fb3a058172a1ffd61033fcec7aec1?s=96&d=mm&r=g","caption":"Jean-Gabriel Davis"}}]}},"_links":{"self":[{"href":"https:\/\/www.iemj.org\/de\/wp-json\/wp\/v2\/posts\/74946","targetHints":{"allow":["GET"]}}],"collection":[{"href":"https:\/\/www.iemj.org\/de\/wp-json\/wp\/v2\/posts"}],"about":[{"href":"https:\/\/www.iemj.org\/de\/wp-json\/wp\/v2\/types\/post"}],"author":[{"embeddable":true,"href":"https:\/\/www.iemj.org\/de\/wp-json\/wp\/v2\/users\/1048"}],"replies":[{"embeddable":true,"href":"https:\/\/www.iemj.org\/de\/wp-json\/wp\/v2\/comments?post=74946"}],"version-history":[{"count":1,"href":"https:\/\/www.iemj.org\/de\/wp-json\/wp\/v2\/posts\/74946\/revisions"}],"predecessor-version":[{"id":127243,"href":"https:\/\/www.iemj.org\/de\/wp-json\/wp\/v2\/posts\/74946\/revisions\/127243"}],"wp:featuredmedia":[{"embeddable":true,"href":"https:\/\/www.iemj.org\/de\/wp-json\/wp\/v2\/media\/74948"}],"wp:attachment":[{"href":"https:\/\/www.iemj.org\/de\/wp-json\/wp\/v2\/media?parent=74946"}],"wp:term":[{"taxonomy":"category","embeddable":true,"href":"https:\/\/www.iemj.org\/de\/wp-json\/wp\/v2\/categories?post=74946"},{"taxonomy":"post_tag","embeddable":true,"href":"https:\/\/www.iemj.org\/de\/wp-json\/wp\/v2\/tags?post=74946"},{"taxonomy":"technique","embeddable":true,"href":"https:\/\/www.iemj.org\/de\/wp-json\/wp\/v2\/technique?post=74946"},{"taxonomy":"squelettes","embeddable":true,"href":"https:\/\/www.iemj.org\/de\/wp-json\/wp\/v2\/squelettes?post=74946"},{"taxonomy":"sujet","embeddable":true,"href":"https:\/\/www.iemj.org\/de\/wp-json\/wp\/v2\/sujet?post=74946"},{"taxonomy":"formation","embeddable":true,"href":"https:\/\/www.iemj.org\/de\/wp-json\/wp\/v2\/formation?post=74946"},{"taxonomy":"genre","embeddable":true,"href":"https:\/\/www.iemj.org\/de\/wp-json\/wp\/v2\/genre?post=74946"},{"taxonomy":"fonds","embeddable":true,"href":"https:\/\/www.iemj.org\/de\/wp-json\/wp\/v2\/fonds?post=74946"},{"taxonomy":"tradition","embeddable":true,"href":"https:\/\/www.iemj.org\/de\/wp-json\/wp\/v2\/tradition?post=74946"},{"taxonomy":"type-de-contenu","embeddable":true,"href":"https:\/\/www.iemj.org\/de\/wp-json\/wp\/v2\/type-de-contenu?post=74946"},{"taxonomy":"interprete-compositeur","embeddable":true,"href":"https:\/\/www.iemj.org\/de\/wp-json\/wp\/v2\/interprete-compositeur?post=74946"},{"taxonomy":"frise","embeddable":true,"href":"https:\/\/www.iemj.org\/de\/wp-json\/wp\/v2\/frise?post=74946"},{"taxonomy":"type-devenement","embeddable":true,"href":"https:\/\/www.iemj.org\/de\/wp-json\/wp\/v2\/type-devenement?post=74946"},{"taxonomy":"tableaux-liens-externes","embeddable":true,"href":"https:\/\/www.iemj.org\/de\/wp-json\/wp\/v2\/tableaux-liens-externes?post=74946"}],"curies":[{"name":"wp","href":"https:\/\/api.w.org\/{rel}","templated":true}]}}