{"id":74970,"date":"2019-09-02T16:31:39","date_gmt":"2019-09-02T14:31:39","guid":{"rendered":"https:\/\/www.iemj.org\/3-cd-du-groupe-ventanas-avec-tamar-ilana\/"},"modified":"2025-09-17T17:14:48","modified_gmt":"2025-09-17T15:14:48","slug":"3-cd-du-groupe-ventanas-avec-tamar-ilana","status":"publish","type":"post","link":"https:\/\/www.iemj.org\/de\/3-cd-du-groupe-ventanas-avec-tamar-ilana\/","title":{"rendered":"3 CDS DER GRUPPE VENTANAS, MIT TAMAR ILANA"},"content":{"rendered":"\n<p><a href=\"http:\/\/ventanasmusic.com\"><strong>Tamar Ilana &amp; Ventanas<\/strong><\/a> ist ein in Toronto ans\u00e4ssiges Ensemble der World-Music, das von der charismatischen S\u00e4ngerin und T\u00e4nzerin Tamar Ilana geleitet wird und die besten Musiker der World-Music der Stadt vereint. Inspiriert von legend\u00e4ren K\u00fcnstlern, wie dem Silk Road Ensemble, Paco de Luc\u00eda oder Yasmin Levy, reinterpretieren sie gemeinsam mediterrane Melodien und Flamenco-Rhythmen, indem sie zeitgen\u00f6ssische Interpretationen alter Balladen, mit eigenen Kompositionen verbinden.<\/p>\n\n\n\n<p>Ihre erste 2013 ver\u00f6ffentlichte CD <strong>Ventanas<\/strong>, enth\u00e4lt haupts\u00e4chlich Kompositionen auf Melodien aus der T\u00fcrkei, doch ebenso auch, aus dem Kosovo, Griechenland und Bulgarien.<\/p>\n\n\n\n<div class=\"wp-block-columns are-vertically-aligned-center is-layout-flex wp-container-core-columns-is-layout-9d6595d7 wp-block-columns-is-layout-flex\">\n<div class=\"wp-block-column is-vertically-aligned-center is-layout-flow wp-block-column-is-layout-flow\" style=\"flex-basis:50%\"><div class=\"wp-block-image\">\n<figure class=\"aligncenter is-resized\"><img fetchpriority=\"high\" decoding=\"async\" width=\"250\" height=\"252\" src=\"https:\/\/www.iemj.org\/wp-content\/uploads\/2019\/09\/couv_cd_ventanas_250_px_vertic.jpg\" alt=\"couv_cd_ventanas_250_px_vertic.jpg\" class=\"wp-image-24612\" style=\"width:468px\"\/><\/figure>\n<\/div><\/div>\n\n\n\n<div class=\"wp-block-column is-vertically-aligned-center is-layout-flow wp-block-column-is-layout-flow\" style=\"flex-basis:50%\"><div class=\"wp-block-image\">\n<figure class=\"aligncenter is-resized\"><img decoding=\"async\" width=\"496\" height=\"500\" src=\"https:\/\/www.iemj.org\/wp-content\/uploads\/2019\/09\/couv4_cd_ventanas_500_px_vertic.jpg\" alt=\"couv4_cd_ventanas_500_px_vertic.jpg\" class=\"wp-image-24614\" style=\"width:466px;height:auto\"\/><\/figure>\n<\/div><\/div>\n<\/div>\n\n\n\n<p>Die zweite 2015 erschienene CD <strong>Arrelumbre<\/strong> besteht ebenfalls aus sephardischen Liedern aus der T\u00fcrkei und aus Mazedonien, welche allerdings mit Flamenco-Rhythmen gespickt sind, was sie besonders lebendig und tanzbar macht.<\/p>\n\n\n\n<div class=\"wp-block-columns are-vertically-aligned-center is-layout-flex wp-container-core-columns-is-layout-9d6595d7 wp-block-columns-is-layout-flex\">\n<div class=\"wp-block-column is-vertically-aligned-center is-layout-flow wp-block-column-is-layout-flow\" style=\"flex-basis:50%\"><div class=\"wp-block-image\">\n<figure class=\"aligncenter is-resized\"><img decoding=\"async\" width=\"254\" height=\"250\" src=\"https:\/\/www.iemj.org\/wp-content\/uploads\/2019\/09\/couv_cd_ventanas-arrelumbre_250_px_vertic.jpg\" alt=\"couv_cd_ventanas-arrelumbre_250_px_vertic.jpg\" class=\"wp-image-24616\" style=\"width:468px\"\/><\/figure>\n<\/div><\/div>\n\n\n\n<div class=\"wp-block-column is-vertically-aligned-center is-layout-flow wp-block-column-is-layout-flow\" style=\"flex-basis:50%\"><div class=\"wp-block-image\">\n<figure class=\"aligncenter is-resized\"><img loading=\"lazy\" decoding=\"async\" width=\"508\" height=\"500\" src=\"https:\/\/www.iemj.org\/wp-content\/uploads\/2019\/09\/couv4_cd_ventanas-arrelumbre_500_px_vertic.jpg\" alt=\"couv4_cd_ventanas-arrelumbre_500_px_vertic.jpg\" class=\"wp-image-24618\" style=\"width:468px\"\/><\/figure>\n<\/div><\/div>\n<\/div>\n\n\n\n<p>Schlie\u00dflich ist die letzte CD <strong>Mistr\u00e1l <\/strong>2019 ver\u00f6ffentlicht worden. Sie ist ebenso vielf\u00e4ltig, wahrscheinlich aber mehr dem Nahen Osten zugewandt, bewahrt sich dabei jedoch die Flamenco-Einfl\u00fcsse und die osmanischen Melodien.<\/p>\n\n\n\n<div class=\"wp-block-columns are-vertically-aligned-center is-layout-flex wp-container-core-columns-is-layout-9d6595d7 wp-block-columns-is-layout-flex\">\n<div class=\"wp-block-column is-vertically-aligned-center is-layout-flow wp-block-column-is-layout-flow\" style=\"flex-basis:50%\"><div class=\"wp-block-image\">\n<figure class=\"aligncenter is-resized\"><img loading=\"lazy\" decoding=\"async\" width=\"250\" height=\"276\" src=\"https:\/\/www.iemj.org\/wp-content\/uploads\/2019\/09\/couv_cd_ventanas-mitral_250_px_vertic-r90.jpg\" alt=\"couv_cd_ventanas-mitral_250_px_vertic-r90.jpg\" class=\"wp-image-24620\" style=\"width:450px;height:auto\"\/><\/figure>\n<\/div><\/div>\n\n\n\n<div class=\"wp-block-column is-vertically-aligned-center is-layout-flow wp-block-column-is-layout-flow\" style=\"flex-basis:50%\"><div class=\"wp-block-image\">\n<figure class=\"aligncenter\"><img loading=\"lazy\" decoding=\"async\" width=\"554\" height=\"500\" src=\"https:\/\/www.iemj.org\/wp-content\/uploads\/2019\/09\/couv4_cd_ventanas-mitral_500_px_vertic.jpg\" alt=\"couv4_cd_ventanas-mitral_500_px_vertic.jpg\" class=\"wp-image-24622\"\/><\/figure>\n<\/div><\/div>\n<\/div>\n\n\n\n<h2 class=\"wp-block-heading\"><a href=\"http:\/\/www.tamarilana.com\/music.html\" target=\"_blank\" rel=\"noopener\">Bestellen Sie die CDs von Tamar Ilana &amp; Ventanas<\/a><\/h2>\n\n\n<div class=\"wp-block-image\">\n<figure class=\"aligncenter size-large\"><img loading=\"lazy\" decoding=\"async\" width=\"1024\" height=\"133\" src=\"https:\/\/www.iemj.org\/wp-content\/uploads\/2024\/03\/AUDIO-PLAYER-1024x133.png\" alt=\"\" class=\"wp-image-110606\" srcset=\"https:\/\/www.iemj.org\/wp-content\/uploads\/2024\/03\/AUDIO-PLAYER-1024x133.png 1024w, https:\/\/www.iemj.org\/wp-content\/uploads\/2024\/03\/AUDIO-PLAYER-300x39.png 300w, https:\/\/www.iemj.org\/wp-content\/uploads\/2024\/03\/AUDIO-PLAYER-768x100.png 768w, https:\/\/www.iemj.org\/wp-content\/uploads\/2024\/03\/AUDIO-PLAYER-600x78.png 600w, https:\/\/www.iemj.org\/wp-content\/uploads\/2024\/03\/AUDIO-PLAYER.png 1210w\" sizes=\"(max-width: 1024px) 100vw, 1024px\" \/><\/figure>\n<\/div>\n\n\n<div class=\"wp-block-file\"><a id=\"wp-block-file--media-0b354889-1150-45ce-9931-c73901e52ecc\" href=\"https:\/\/www.iemj.org\/wp-content\/uploads\/2019\/07\/ventanas_01_tha_spaso_kupes_greece_.mp3\">Album Ventanas &#8211; 1 &#8211; Tha Spaso Kupes, Greece (Extrait)<\/a><\/div>\n\n\n\n<div class=\"wp-block-file\"><a id=\"wp-block-file--media-e9c2ad0c-4ce1-4512-8aa6-c13620312df5\" href=\"https:\/\/www.iemj.org\/wp-content\/uploads\/2019\/07\/ventanas_03_gusta_mi_magla_kosovo_.mp3\">Album Ventanas &#8211; 3 &#8211; Gusta mi magla, Kosovo (Extrait)<\/a><\/div>\n\n\n\n<div class=\"wp-block-file\"><a id=\"wp-block-file--media-5b6e80de-58f1-4efb-87c5-66d427657ffe\" href=\"https:\/\/www.iemj.org\/wp-content\/uploads\/2019\/07\/ventanas_04_oy_que_buena_bulgarian_sephardic_.mp3\">Album Ventanas &#8211; 4 &#8211; Oy que buena, Bulgarian Sephardic (Extrait)<\/a><\/div>\n\n\n\n<div class=\"wp-block-file\"><a id=\"wp-block-file--media-18b0b2dc-eef9-491f-ae92-ba73172efbc0\" href=\"https:\/\/www.iemj.org\/wp-content\/uploads\/2019\/07\/ventanas_08_frog_song_si_veriash_a_la_rana_turkish_sephardic_.mp3\">Album Ventanas &#8211; 8 &#8211; Frog song si veriash a la rana, Turkish sephardic (Extrait)<\/a><\/div>\n\n\n\n<div class=\"wp-block-file\"><a id=\"wp-block-file--media-a15724d3-68e9-4044-a0a2-772949d251ea\" href=\"https:\/\/www.iemj.org\/wp-content\/uploads\/2019\/07\/arrelumbre_01_primavera.mp3\">Album Arrelumbre &#8211; 1 &#8211; Primavera (Extrait)<\/a><\/div>\n\n\n\n<div class=\"wp-block-file\"><a id=\"wp-block-file--media-d980555a-aa9b-4144-8758-711c5c19ec83\" href=\"https:\/\/www.iemj.org\/wp-content\/uploads\/2019\/07\/arrelumbre_03_arrelumbre_moroccan_sephardic_.mp3\">Album Arrelumbre &#8211; 3 &#8211; Arrelumbre, Moroccan Sephardic (Extrait)<\/a><\/div>\n\n\n\n<div class=\"wp-block-file\"><a id=\"wp-block-file--media-908b8d7c-2b62-416e-9363-12bd523519f6\" href=\"https:\/\/www.iemj.org\/wp-content\/uploads\/2019\/07\/arrelumbre_08_la_sala_del_crimen_cana_.mp3\">Album Arrelumbre &#8211; 8 La sala del crimen, Ca\u00f1a (Extrait)<\/a><\/div>\n\n\n\n<div class=\"wp-block-file\"><a id=\"wp-block-file--media-71816db9-e585-40a6-b29e-3a62e627884d\" href=\"https:\/\/www.iemj.org\/wp-content\/uploads\/2019\/07\/arrelumbre_11_ven_a_mi_colombianas_.mp3\">Album Arrelumbre &#8211; 11 &#8211; Ven a mi, Colombianas (Extrait)<\/a><\/div>\n\n\n\n<div class=\"wp-block-file\"><a id=\"wp-block-file--media-0d9d166e-0ba9-4d3f-b6d3-f170d640bf0d\" href=\"https:\/\/www.iemj.org\/wp-content\/uploads\/2019\/07\/mistral_01_witirhal.mp3\">Album Mistr\u00e1l &#8211; 1 &#8211; Witirhal, Saudi Arabia &#8211; Maddah (Extrait)<\/a><\/div>\n\n\n\n<div class=\"wp-block-file\"><a id=\"wp-block-file--media-5048fdc3-e3b4-4e80-b6f2-b3478758deab\" href=\"https:\/\/www.iemj.org\/wp-content\/uploads\/2019\/07\/mistral_02_toward_the_light.mp3\">Album Mistr\u00e1l &#8211; 2 &#8211; Toward the light, Moroccan Sephardic &#8211; Levy (Extrait)<\/a><\/div>\n\n\n\n<div class=\"wp-block-file\"><a id=\"wp-block-file--media-174140da-d99f-46e7-b55d-c9b90e36215b\" href=\"https:\/\/www.iemj.org\/wp-content\/uploads\/2019\/07\/mistral_05_asfour.mp3\">Album Mistr\u00e1l &#8211; 5 &#8211; Asfour, Lebanon &#8211; Khalife (Extrait)<\/a><\/div>\n\n\n\n<div class=\"wp-block-file\"><a id=\"wp-block-file--media-0b00cba7-60dc-46c4-b316-acbf22c387a6\" href=\"https:\/\/www.iemj.org\/wp-content\/uploads\/2019\/07\/mistral_08_sueno.mp3\">Album Mistr\u00e1l &#8211; 8 &#8211; Sue\u00f1o, Deutsch (Extrait)<\/a><\/div>\n","protected":false},"excerpt":{"rendered":"<p>Tamar Ilana &amp; Ventanas ist ein in Toronto ans\u00e4ssiges Ensemble der World-Music, das von der charismatischen S\u00e4ngerin und T\u00e4nzerin Tamar Ilana geleitet wird und die besten Musiker der World-Music der<\/p>\n","protected":false},"author":5,"featured_media":74971,"comment_status":"closed","ping_status":"closed","sticky":false,"template":"","format":"standard","meta":{"_acf_changed":false,"footnotes":""},"categories":[1571,1561],"tags":[],"technique":[],"squelettes":[],"sujet":[],"formation":[],"genre":[1888],"fonds":[],"tradition":[],"type-de-contenu":[],"interprete-compositeur":[],"frise":[],"type-devenement":[],"tableaux-liens-externes":[],"class_list":["post-74970","post","type-post","status-publish","format-standard","has-post-thumbnail","hentry","category-cd-de","category-letzte-neuerwerbungen-de","genre-judaisch-spanisch-de"],"acf":[],"yoast_head":"<!-- This site is optimized with the Yoast SEO plugin v27.3 - https:\/\/yoast.com\/product\/yoast-seo-wordpress\/ -->\n<title>3 CDS DER GRUPPE VENTANAS, MIT TAMAR ILANA - Institut Europ\u00e9en des Musiques Juives<\/title>\n<meta name=\"robots\" content=\"index, follow, max-snippet:-1, max-image-preview:large, max-video-preview:-1\" \/>\n<link rel=\"canonical\" href=\"https:\/\/www.iemj.org\/de\/3-cd-du-groupe-ventanas-avec-tamar-ilana\/\" \/>\n<meta property=\"og:locale\" content=\"de_DE\" \/>\n<meta property=\"og:type\" content=\"article\" \/>\n<meta property=\"og:title\" content=\"3 CDS DER GRUPPE VENTANAS, MIT TAMAR ILANA - Institut Europ\u00e9en des Musiques Juives\" \/>\n<meta property=\"og:description\" content=\"Tamar Ilana &amp; Ventanas ist ein in Toronto ans\u00e4ssiges Ensemble der World-Music, das von der charismatischen S\u00e4ngerin und T\u00e4nzerin Tamar Ilana geleitet wird und die besten Musiker der World-Music der\" \/>\n<meta property=\"og:url\" content=\"https:\/\/www.iemj.org\/de\/3-cd-du-groupe-ventanas-avec-tamar-ilana\/\" \/>\n<meta property=\"og:site_name\" content=\"Institut Europ\u00e9en des Musiques Juives\" \/>\n<meta property=\"article:publisher\" content=\"https:\/\/www.facebook.com\/MusiquesJuives\/\" \/>\n<meta property=\"article:published_time\" content=\"2019-09-02T14:31:39+00:00\" \/>\n<meta property=\"article:modified_time\" content=\"2025-09-17T15:14:48+00:00\" \/>\n<meta property=\"og:image\" content=\"https:\/\/www.iemj.org\/wp-content\/uploads\/2019\/09\/arton4268-e1619086895539.jpg\" \/>\n\t<meta property=\"og:image:width\" content=\"350\" \/>\n\t<meta property=\"og:image:height\" content=\"367\" \/>\n\t<meta property=\"og:image:type\" content=\"image\/jpeg\" \/>\n<meta name=\"author\" content=\"Jacqueline ROTEN\" \/>\n<meta name=\"twitter:card\" content=\"summary_large_image\" \/>\n<meta name=\"twitter:label1\" content=\"Verfasst von\" \/>\n\t<meta name=\"twitter:data1\" content=\"Jacqueline ROTEN\" \/>\n\t<meta name=\"twitter:label2\" content=\"Gesch\u00e4tzte Lesezeit\" \/>\n\t<meta name=\"twitter:data2\" content=\"3\u00a0Minuten\" \/>\n<script type=\"application\/ld+json\" class=\"yoast-schema-graph\">{\"@context\":\"https:\\\/\\\/schema.org\",\"@graph\":[{\"@type\":\"Article\",\"@id\":\"https:\\\/\\\/www.iemj.org\\\/de\\\/3-cd-du-groupe-ventanas-avec-tamar-ilana\\\/#article\",\"isPartOf\":{\"@id\":\"https:\\\/\\\/www.iemj.org\\\/de\\\/3-cd-du-groupe-ventanas-avec-tamar-ilana\\\/\"},\"author\":{\"name\":\"Jacqueline ROTEN\",\"@id\":\"https:\\\/\\\/www.iemj.org\\\/de\\\/#\\\/schema\\\/person\\\/358e26c18aca017fcc4cc15437f7279c\"},\"headline\":\"3 CDS DER GRUPPE VENTANAS, MIT TAMAR ILANA\",\"datePublished\":\"2019-09-02T14:31:39+00:00\",\"dateModified\":\"2025-09-17T15:14:48+00:00\",\"mainEntityOfPage\":{\"@id\":\"https:\\\/\\\/www.iemj.org\\\/de\\\/3-cd-du-groupe-ventanas-avec-tamar-ilana\\\/\"},\"wordCount\":295,\"publisher\":{\"@id\":\"https:\\\/\\\/www.iemj.org\\\/de\\\/#organization\"},\"image\":{\"@id\":\"https:\\\/\\\/www.iemj.org\\\/de\\\/3-cd-du-groupe-ventanas-avec-tamar-ilana\\\/#primaryimage\"},\"thumbnailUrl\":\"https:\\\/\\\/www.iemj.org\\\/wp-content\\\/uploads\\\/2019\\\/09\\\/arton4268-e1619086895539.jpg\",\"articleSection\":[\"CD\",\"Letzte Neuerwerbungen\"],\"inLanguage\":\"de\"},{\"@type\":\"WebPage\",\"@id\":\"https:\\\/\\\/www.iemj.org\\\/de\\\/3-cd-du-groupe-ventanas-avec-tamar-ilana\\\/\",\"url\":\"https:\\\/\\\/www.iemj.org\\\/de\\\/3-cd-du-groupe-ventanas-avec-tamar-ilana\\\/\",\"name\":\"3 CDS DER GRUPPE VENTANAS, MIT TAMAR ILANA - Institut Europ\u00e9en des Musiques Juives\",\"isPartOf\":{\"@id\":\"https:\\\/\\\/www.iemj.org\\\/de\\\/#website\"},\"primaryImageOfPage\":{\"@id\":\"https:\\\/\\\/www.iemj.org\\\/de\\\/3-cd-du-groupe-ventanas-avec-tamar-ilana\\\/#primaryimage\"},\"image\":{\"@id\":\"https:\\\/\\\/www.iemj.org\\\/de\\\/3-cd-du-groupe-ventanas-avec-tamar-ilana\\\/#primaryimage\"},\"thumbnailUrl\":\"https:\\\/\\\/www.iemj.org\\\/wp-content\\\/uploads\\\/2019\\\/09\\\/arton4268-e1619086895539.jpg\",\"datePublished\":\"2019-09-02T14:31:39+00:00\",\"dateModified\":\"2025-09-17T15:14:48+00:00\",\"breadcrumb\":{\"@id\":\"https:\\\/\\\/www.iemj.org\\\/de\\\/3-cd-du-groupe-ventanas-avec-tamar-ilana\\\/#breadcrumb\"},\"inLanguage\":\"de\",\"potentialAction\":[{\"@type\":\"ReadAction\",\"target\":[\"https:\\\/\\\/www.iemj.org\\\/de\\\/3-cd-du-groupe-ventanas-avec-tamar-ilana\\\/\"]}]},{\"@type\":\"ImageObject\",\"inLanguage\":\"de\",\"@id\":\"https:\\\/\\\/www.iemj.org\\\/de\\\/3-cd-du-groupe-ventanas-avec-tamar-ilana\\\/#primaryimage\",\"url\":\"https:\\\/\\\/www.iemj.org\\\/wp-content\\\/uploads\\\/2019\\\/09\\\/arton4268-e1619086895539.jpg\",\"contentUrl\":\"https:\\\/\\\/www.iemj.org\\\/wp-content\\\/uploads\\\/2019\\\/09\\\/arton4268-e1619086895539.jpg\",\"width\":350,\"height\":367},{\"@type\":\"BreadcrumbList\",\"@id\":\"https:\\\/\\\/www.iemj.org\\\/de\\\/3-cd-du-groupe-ventanas-avec-tamar-ilana\\\/#breadcrumb\",\"itemListElement\":[{\"@type\":\"ListItem\",\"position\":1,\"name\":\"Accueil\",\"item\":\"https:\\\/\\\/www.iemj.org\\\/de\\\/\"},{\"@type\":\"ListItem\",\"position\":2,\"name\":\"3 CDS DER GRUPPE VENTANAS, MIT TAMAR ILANA\"}]},{\"@type\":\"WebSite\",\"@id\":\"https:\\\/\\\/www.iemj.org\\\/de\\\/#website\",\"url\":\"https:\\\/\\\/www.iemj.org\\\/de\\\/\",\"name\":\"Institut Europ\u00e9en des Musiques Juives\",\"description\":\"Des traditions musicales \u00e0 la port\u00e9e de tous\",\"publisher\":{\"@id\":\"https:\\\/\\\/www.iemj.org\\\/de\\\/#organization\"},\"potentialAction\":[{\"@type\":\"SearchAction\",\"target\":{\"@type\":\"EntryPoint\",\"urlTemplate\":\"https:\\\/\\\/www.iemj.org\\\/de\\\/?s={search_term_string}\"},\"query-input\":{\"@type\":\"PropertyValueSpecification\",\"valueRequired\":true,\"valueName\":\"search_term_string\"}}],\"inLanguage\":\"de\"},{\"@type\":\"Organization\",\"@id\":\"https:\\\/\\\/www.iemj.org\\\/de\\\/#organization\",\"name\":\"Institut Europ\u00e9en des Musiques Juives\",\"url\":\"https:\\\/\\\/www.iemj.org\\\/de\\\/\",\"logo\":{\"@type\":\"ImageObject\",\"inLanguage\":\"de\",\"@id\":\"https:\\\/\\\/www.iemj.org\\\/de\\\/#\\\/schema\\\/logo\\\/image\\\/\",\"url\":\"https:\\\/\\\/www.iemj.org\\\/wp-content\\\/uploads\\\/2021\\\/09\\\/Logo-IEMJ-Paypal.jpg\",\"contentUrl\":\"https:\\\/\\\/www.iemj.org\\\/wp-content\\\/uploads\\\/2021\\\/09\\\/Logo-IEMJ-Paypal.jpg\",\"width\":150,\"height\":50,\"caption\":\"Institut Europ\u00e9en des Musiques Juives\"},\"image\":{\"@id\":\"https:\\\/\\\/www.iemj.org\\\/de\\\/#\\\/schema\\\/logo\\\/image\\\/\"},\"sameAs\":[\"https:\\\/\\\/www.facebook.com\\\/MusiquesJuives\\\/\",\"https:\\\/\\\/www.instagram.com\\\/musiquesjuives\\\/\",\"https:\\\/\\\/www.youtube.com\\\/user\\\/musiquesjuives\"]},{\"@type\":\"Person\",\"@id\":\"https:\\\/\\\/www.iemj.org\\\/de\\\/#\\\/schema\\\/person\\\/358e26c18aca017fcc4cc15437f7279c\",\"name\":\"Jacqueline ROTEN\",\"image\":{\"@type\":\"ImageObject\",\"inLanguage\":\"de\",\"@id\":\"https:\\\/\\\/secure.gravatar.com\\\/avatar\\\/5964256d6c6957de3a3505278957e0fb2a35119ac47ea41827a65301213c810b?s=96&d=mm&r=g\",\"url\":\"https:\\\/\\\/secure.gravatar.com\\\/avatar\\\/5964256d6c6957de3a3505278957e0fb2a35119ac47ea41827a65301213c810b?s=96&d=mm&r=g\",\"contentUrl\":\"https:\\\/\\\/secure.gravatar.com\\\/avatar\\\/5964256d6c6957de3a3505278957e0fb2a35119ac47ea41827a65301213c810b?s=96&d=mm&r=g\",\"caption\":\"Jacqueline ROTEN\"}}]}<\/script>\n<!-- \/ Yoast SEO plugin. -->","yoast_head_json":{"title":"3 CDS DER GRUPPE VENTANAS, MIT TAMAR ILANA - Institut Europ\u00e9en des Musiques Juives","robots":{"index":"index","follow":"follow","max-snippet":"max-snippet:-1","max-image-preview":"max-image-preview:large","max-video-preview":"max-video-preview:-1"},"canonical":"https:\/\/www.iemj.org\/de\/3-cd-du-groupe-ventanas-avec-tamar-ilana\/","og_locale":"de_DE","og_type":"article","og_title":"3 CDS DER GRUPPE VENTANAS, MIT TAMAR ILANA - Institut Europ\u00e9en des Musiques Juives","og_description":"Tamar Ilana &amp; Ventanas ist ein in Toronto ans\u00e4ssiges Ensemble der World-Music, das von der charismatischen S\u00e4ngerin und T\u00e4nzerin Tamar Ilana geleitet wird und die besten Musiker der World-Music der","og_url":"https:\/\/www.iemj.org\/de\/3-cd-du-groupe-ventanas-avec-tamar-ilana\/","og_site_name":"Institut Europ\u00e9en des Musiques Juives","article_publisher":"https:\/\/www.facebook.com\/MusiquesJuives\/","article_published_time":"2019-09-02T14:31:39+00:00","article_modified_time":"2025-09-17T15:14:48+00:00","og_image":[{"width":350,"height":367,"url":"https:\/\/www.iemj.org\/wp-content\/uploads\/2019\/09\/arton4268-e1619086895539.jpg","type":"image\/jpeg"}],"author":"Jacqueline ROTEN","twitter_card":"summary_large_image","twitter_misc":{"Verfasst von":"Jacqueline ROTEN","Gesch\u00e4tzte Lesezeit":"3\u00a0Minuten"},"schema":{"@context":"https:\/\/schema.org","@graph":[{"@type":"Article","@id":"https:\/\/www.iemj.org\/de\/3-cd-du-groupe-ventanas-avec-tamar-ilana\/#article","isPartOf":{"@id":"https:\/\/www.iemj.org\/de\/3-cd-du-groupe-ventanas-avec-tamar-ilana\/"},"author":{"name":"Jacqueline ROTEN","@id":"https:\/\/www.iemj.org\/de\/#\/schema\/person\/358e26c18aca017fcc4cc15437f7279c"},"headline":"3 CDS DER GRUPPE VENTANAS, MIT TAMAR ILANA","datePublished":"2019-09-02T14:31:39+00:00","dateModified":"2025-09-17T15:14:48+00:00","mainEntityOfPage":{"@id":"https:\/\/www.iemj.org\/de\/3-cd-du-groupe-ventanas-avec-tamar-ilana\/"},"wordCount":295,"publisher":{"@id":"https:\/\/www.iemj.org\/de\/#organization"},"image":{"@id":"https:\/\/www.iemj.org\/de\/3-cd-du-groupe-ventanas-avec-tamar-ilana\/#primaryimage"},"thumbnailUrl":"https:\/\/www.iemj.org\/wp-content\/uploads\/2019\/09\/arton4268-e1619086895539.jpg","articleSection":["CD","Letzte Neuerwerbungen"],"inLanguage":"de"},{"@type":"WebPage","@id":"https:\/\/www.iemj.org\/de\/3-cd-du-groupe-ventanas-avec-tamar-ilana\/","url":"https:\/\/www.iemj.org\/de\/3-cd-du-groupe-ventanas-avec-tamar-ilana\/","name":"3 CDS DER GRUPPE VENTANAS, MIT TAMAR ILANA - Institut Europ\u00e9en des Musiques Juives","isPartOf":{"@id":"https:\/\/www.iemj.org\/de\/#website"},"primaryImageOfPage":{"@id":"https:\/\/www.iemj.org\/de\/3-cd-du-groupe-ventanas-avec-tamar-ilana\/#primaryimage"},"image":{"@id":"https:\/\/www.iemj.org\/de\/3-cd-du-groupe-ventanas-avec-tamar-ilana\/#primaryimage"},"thumbnailUrl":"https:\/\/www.iemj.org\/wp-content\/uploads\/2019\/09\/arton4268-e1619086895539.jpg","datePublished":"2019-09-02T14:31:39+00:00","dateModified":"2025-09-17T15:14:48+00:00","breadcrumb":{"@id":"https:\/\/www.iemj.org\/de\/3-cd-du-groupe-ventanas-avec-tamar-ilana\/#breadcrumb"},"inLanguage":"de","potentialAction":[{"@type":"ReadAction","target":["https:\/\/www.iemj.org\/de\/3-cd-du-groupe-ventanas-avec-tamar-ilana\/"]}]},{"@type":"ImageObject","inLanguage":"de","@id":"https:\/\/www.iemj.org\/de\/3-cd-du-groupe-ventanas-avec-tamar-ilana\/#primaryimage","url":"https:\/\/www.iemj.org\/wp-content\/uploads\/2019\/09\/arton4268-e1619086895539.jpg","contentUrl":"https:\/\/www.iemj.org\/wp-content\/uploads\/2019\/09\/arton4268-e1619086895539.jpg","width":350,"height":367},{"@type":"BreadcrumbList","@id":"https:\/\/www.iemj.org\/de\/3-cd-du-groupe-ventanas-avec-tamar-ilana\/#breadcrumb","itemListElement":[{"@type":"ListItem","position":1,"name":"Accueil","item":"https:\/\/www.iemj.org\/de\/"},{"@type":"ListItem","position":2,"name":"3 CDS DER GRUPPE VENTANAS, MIT TAMAR ILANA"}]},{"@type":"WebSite","@id":"https:\/\/www.iemj.org\/de\/#website","url":"https:\/\/www.iemj.org\/de\/","name":"Institut Europ\u00e9en des Musiques Juives","description":"Des traditions musicales \u00e0 la port\u00e9e de tous","publisher":{"@id":"https:\/\/www.iemj.org\/de\/#organization"},"potentialAction":[{"@type":"SearchAction","target":{"@type":"EntryPoint","urlTemplate":"https:\/\/www.iemj.org\/de\/?s={search_term_string}"},"query-input":{"@type":"PropertyValueSpecification","valueRequired":true,"valueName":"search_term_string"}}],"inLanguage":"de"},{"@type":"Organization","@id":"https:\/\/www.iemj.org\/de\/#organization","name":"Institut Europ\u00e9en des Musiques Juives","url":"https:\/\/www.iemj.org\/de\/","logo":{"@type":"ImageObject","inLanguage":"de","@id":"https:\/\/www.iemj.org\/de\/#\/schema\/logo\/image\/","url":"https:\/\/www.iemj.org\/wp-content\/uploads\/2021\/09\/Logo-IEMJ-Paypal.jpg","contentUrl":"https:\/\/www.iemj.org\/wp-content\/uploads\/2021\/09\/Logo-IEMJ-Paypal.jpg","width":150,"height":50,"caption":"Institut Europ\u00e9en des Musiques Juives"},"image":{"@id":"https:\/\/www.iemj.org\/de\/#\/schema\/logo\/image\/"},"sameAs":["https:\/\/www.facebook.com\/MusiquesJuives\/","https:\/\/www.instagram.com\/musiquesjuives\/","https:\/\/www.youtube.com\/user\/musiquesjuives"]},{"@type":"Person","@id":"https:\/\/www.iemj.org\/de\/#\/schema\/person\/358e26c18aca017fcc4cc15437f7279c","name":"Jacqueline ROTEN","image":{"@type":"ImageObject","inLanguage":"de","@id":"https:\/\/secure.gravatar.com\/avatar\/5964256d6c6957de3a3505278957e0fb2a35119ac47ea41827a65301213c810b?s=96&d=mm&r=g","url":"https:\/\/secure.gravatar.com\/avatar\/5964256d6c6957de3a3505278957e0fb2a35119ac47ea41827a65301213c810b?s=96&d=mm&r=g","contentUrl":"https:\/\/secure.gravatar.com\/avatar\/5964256d6c6957de3a3505278957e0fb2a35119ac47ea41827a65301213c810b?s=96&d=mm&r=g","caption":"Jacqueline ROTEN"}}]}},"_links":{"self":[{"href":"https:\/\/www.iemj.org\/de\/wp-json\/wp\/v2\/posts\/74970","targetHints":{"allow":["GET"]}}],"collection":[{"href":"https:\/\/www.iemj.org\/de\/wp-json\/wp\/v2\/posts"}],"about":[{"href":"https:\/\/www.iemj.org\/de\/wp-json\/wp\/v2\/types\/post"}],"author":[{"embeddable":true,"href":"https:\/\/www.iemj.org\/de\/wp-json\/wp\/v2\/users\/5"}],"replies":[{"embeddable":true,"href":"https:\/\/www.iemj.org\/de\/wp-json\/wp\/v2\/comments?post=74970"}],"version-history":[{"count":0,"href":"https:\/\/www.iemj.org\/de\/wp-json\/wp\/v2\/posts\/74970\/revisions"}],"wp:featuredmedia":[{"embeddable":true,"href":"https:\/\/www.iemj.org\/de\/wp-json\/wp\/v2\/media\/74971"}],"wp:attachment":[{"href":"https:\/\/www.iemj.org\/de\/wp-json\/wp\/v2\/media?parent=74970"}],"wp:term":[{"taxonomy":"category","embeddable":true,"href":"https:\/\/www.iemj.org\/de\/wp-json\/wp\/v2\/categories?post=74970"},{"taxonomy":"post_tag","embeddable":true,"href":"https:\/\/www.iemj.org\/de\/wp-json\/wp\/v2\/tags?post=74970"},{"taxonomy":"technique","embeddable":true,"href":"https:\/\/www.iemj.org\/de\/wp-json\/wp\/v2\/technique?post=74970"},{"taxonomy":"squelettes","embeddable":true,"href":"https:\/\/www.iemj.org\/de\/wp-json\/wp\/v2\/squelettes?post=74970"},{"taxonomy":"sujet","embeddable":true,"href":"https:\/\/www.iemj.org\/de\/wp-json\/wp\/v2\/sujet?post=74970"},{"taxonomy":"formation","embeddable":true,"href":"https:\/\/www.iemj.org\/de\/wp-json\/wp\/v2\/formation?post=74970"},{"taxonomy":"genre","embeddable":true,"href":"https:\/\/www.iemj.org\/de\/wp-json\/wp\/v2\/genre?post=74970"},{"taxonomy":"fonds","embeddable":true,"href":"https:\/\/www.iemj.org\/de\/wp-json\/wp\/v2\/fonds?post=74970"},{"taxonomy":"tradition","embeddable":true,"href":"https:\/\/www.iemj.org\/de\/wp-json\/wp\/v2\/tradition?post=74970"},{"taxonomy":"type-de-contenu","embeddable":true,"href":"https:\/\/www.iemj.org\/de\/wp-json\/wp\/v2\/type-de-contenu?post=74970"},{"taxonomy":"interprete-compositeur","embeddable":true,"href":"https:\/\/www.iemj.org\/de\/wp-json\/wp\/v2\/interprete-compositeur?post=74970"},{"taxonomy":"frise","embeddable":true,"href":"https:\/\/www.iemj.org\/de\/wp-json\/wp\/v2\/frise?post=74970"},{"taxonomy":"type-devenement","embeddable":true,"href":"https:\/\/www.iemj.org\/de\/wp-json\/wp\/v2\/type-devenement?post=74970"},{"taxonomy":"tableaux-liens-externes","embeddable":true,"href":"https:\/\/www.iemj.org\/de\/wp-json\/wp\/v2\/tableaux-liens-externes?post=74970"}],"curies":[{"name":"wp","href":"https:\/\/api.w.org\/{rel}","templated":true}]}}