{"id":74990,"date":"2019-06-05T16:50:54","date_gmt":"2019-06-05T14:50:54","guid":{"rendered":"https:\/\/www.iemj.org\/la-chorale-le-chant-sacre-2\/"},"modified":"2025-03-30T14:03:53","modified_gmt":"2025-03-30T12:03:53","slug":"la-chorale-le-chant-sacre-2","status":"publish","type":"post","link":"https:\/\/www.iemj.org\/de\/la-chorale-le-chant-sacre-2\/","title":{"rendered":"La Chorale le Chant Sacr\u00e9"},"content":{"rendered":"<p>Der 1951 gegr\u00fcndete <a href=\"https:\/\/www.iemj.org\/en\/choir-le-chant-sacre\/\" target=\"_blank\" rel=\"noopener\">Chor <strong>Le Chant Sacr\u00e9<\/strong><\/a> ist ein M\u00e4nnerchor, der aus rund zwanzig leidenschaftlichen Amateuren besteht und dessen Repertoire haupts\u00e4chlich j\u00fcdisch-aschkenasische Liturgie, sowie traditionelle Lieder aus Mitteleuropa und Deutschland umfasst.<\/p>\n<p>Der Chor wurde seit 2012 von Roi Azoulay geleitet, einem professionellen Chorleiter mit einem Abschluss der Jerusalemer Musikakademie. 2015 wurde er von R\u00e9mi Studer, einem vielseitigen Musiker, abgel\u00f6st.<\/p>\n<p>Es handelt sich bei dem Chor um einen der letzten Synagogench\u00f6re Frankreichs, der am w\u00f6chentlichen Sabbatgottesdienst und an anderen Festen teilnimmt. Der Synagogenchor begleitet den professionellen Hazzan (Kantor), Issac Ouaknine in der Gro\u00dfen Synagoge von Stra\u00dfburg. So wird die aschkenasische-j\u00fcdische Liturgie und insbesondere die els\u00e4ssische Liturgie bewahrt. Der Chor tr\u00e4gt somit auf seine Weise, zur Bewahrung des j\u00fcdischen liturgischen Erbes im Rheintal bei.<\/p>\n<p>Im Jahr 2012 wurde der Chor zusammen mit sechs anderen Vokalensembles aus Jerusalem, Paris, Johannesburg, Warschau und Berlin ausgew\u00e4hlt, um an der zweiten Ausgabe des Louis Lewandowski Festivals in Berlin teilzunehmen.<\/p>\n<p>Die Erfahrung und der Beitrag eines jeden Chorleiters haben es dem Chor Le Chant Sacr\u00e9 erm\u00f6glicht, sein Repertoire um die \u2018Hazanut aus Ost- und Mitteleuropa, die j\u00fcdisch-sephardische Liturgie Nordafrikas sowie die j\u00fcdische Barockmusik und die israelische Folklore zu erweitern.<\/p>\n<p>Die Aufnahme enth\u00e4lt Werke der folgenden Komponisten:<br \/>&#8211; <a href=\"https:\/\/www.iemj.org\/de\/lewandowski-louis-lazarus-1821-1894\/\" target=\"_blank\" rel=\"noopener\">Louis Lewandowski (1821-1894)<\/a><br \/>&#8211; <a href=\"https:\/\/www.iemj.org\/de\/gerovitch-eliezer-1844-1914\/\" target=\"_blank\" rel=\"noopener\">Eliezer Gerovitch (1844-1914)<\/a><br \/>&#8211; <a href=\"https:\/\/www.iemj.org\/de\/naumbourg-samuel-1817-1880\/\" target=\"_blank\" rel=\"noopener\">Samuel Naumbourg (1815-1880)<\/a><br \/>&#8211; <a href=\"https:\/\/www.iemj.org\/de\/lovy-israel-1773-1832\/\" target=\"_blank\" rel=\"noopener\">Isra\u00ebl Lowy (1773-1832)<\/a><br \/>&#8211; Emanuel Kirchner (1857-1938)<br \/>&#8211; <a href=\"https:\/\/www.iemj.org\/de\/sulzer-salomon-1804-1890\/\" target=\"_blank\" rel=\"noopener\">Salomon Sulzer (1804-1890)<\/a><\/p>\n<p><a href=\"http:\/\/www.judaisme-alsalor.fr\/today\/chorale.htm\" target=\"_blank\" rel=\"noopener\">Mehr \u00fcber den Chor Le Chant Sacr\u00e9<\/a><\/p>\n\n<div class=\"wp-block-image\">\n<figure class=\"aligncenter size-large\"><img fetchpriority=\"high\" decoding=\"async\" width=\"1024\" height=\"133\" src=\"https:\/\/www.iemj.org\/wp-content\/uploads\/2024\/03\/AUDIO-PLAYER-1024x133.png\" alt=\"\" class=\"wp-image-110606\" srcset=\"https:\/\/www.iemj.org\/wp-content\/uploads\/2024\/03\/AUDIO-PLAYER-1024x133.png 1024w, https:\/\/www.iemj.org\/wp-content\/uploads\/2024\/03\/AUDIO-PLAYER-300x39.png 300w, https:\/\/www.iemj.org\/wp-content\/uploads\/2024\/03\/AUDIO-PLAYER-768x100.png 768w, https:\/\/www.iemj.org\/wp-content\/uploads\/2024\/03\/AUDIO-PLAYER-600x78.png 600w, https:\/\/www.iemj.org\/wp-content\/uploads\/2024\/03\/AUDIO-PLAYER.png 1210w\" sizes=\"(max-width: 1024px) 100vw, 1024px\" \/><\/figure>\n<\/div>\n\n\n<div class=\"wp-block-file\"><a id=\"wp-block-file--media-18937039-c536-48a3-9ebc-68dba1f5b998\" href=\"https:\/\/www.iemj.org\/wp-content\/uploads\/2019\/06\/1_louis_lewandowski_-_yaale_-_extrait_.mp3\">Louis Lewandowski &#8211; Yaal\u00e9 (Extrait)<\/a><\/div>\n\n\n\n<div class=\"wp-block-file\"><a id=\"wp-block-file--media-f28558c7-0bc3-4a75-8efc-9c0bf1b23ff3\" href=\"https:\/\/www.iemj.org\/wp-content\/uploads\/2019\/06\/2_eliezer_gerovitch_-_ounessane_tokef_-_extrait_.mp3\">Eliezer Gerovitch &#8211; Ounessan\u00e9 Tokef (Extrait)<\/a><\/div>\n\n\n\n<div class=\"wp-block-file\"><a id=\"wp-block-file--media-dc8d9e2a-ae9c-4edf-afa2-18365947cabf\" href=\"https:\/\/www.iemj.org\/wp-content\/uploads\/2019\/06\/3_samuel_naumbourg_-_berach_hachono_-_extrait_.mp3\">Samuel Naumbourg &#8211; Beroch Hachono (Extrait)<\/a><\/div>\n\n\n\n<div class=\"wp-block-file\"><a id=\"wp-block-file--media-3a9d0dfa-6eee-40a9-8546-81777528f620\" href=\"https:\/\/www.iemj.org\/wp-content\/uploads\/2019\/06\/4_israel_lowy_-_ki_kechime_ho_-_extrait_.mp3\">Isra\u00ebl Lowy  &#8211; Ki Kechime&#8217;ho (Extrait)<\/a><\/div>\n\n\n\n<div class=\"wp-block-file\"><a id=\"wp-block-file--media-37e317db-7b15-456b-b5bd-bd34581d5b68\" href=\"https:\/\/www.iemj.org\/wp-content\/uploads\/2019\/06\/5_louis_lewandowski_-_tovo_lefone_ho_-_extrait_.mp3\">Louis Lewandowski  &#8211; Tovo Lefon\u00e9&#8217;ho (Extrait)<\/a><\/div>\n\n\n\n<div class=\"wp-block-file\"><a id=\"wp-block-file--media-1cc3aa71-14de-430d-bfa7-8c851e46765d\" href=\"https:\/\/www.iemj.org\/wp-content\/uploads\/2019\/06\/6_louis_lewandowski_-_vehogen_baadeinou_-_extrait_.mp3\">Louis Lewandowski  &#8211; Vehogen Baadeinou (Extrait)<\/a><\/div>\n\n\n\n<div class=\"wp-block-file\"><a id=\"wp-block-file--media-5179a5d5-e0ae-476d-bc34-0abffd3675e9\" href=\"https:\/\/www.iemj.org\/wp-content\/uploads\/2019\/06\/7_emanuel_kirchner_-_tal_-_extrait_.mp3\">Emanuel Kirchner &#8211; Tal (Extrait)<\/a><\/div>\n\n\n\n<div class=\"wp-block-file\"><a id=\"wp-block-file--media-1bf73256-5f19-4673-bb12-88373e76d388\" href=\"https:\/\/www.iemj.org\/wp-content\/uploads\/2019\/06\/8_samuel_naumbourg_-_ahouvim_-_extrait_.mp3\">Samuel Naumbourg &#8211; Ahouvim (Extrait)<\/a><\/div>\n\n\n\n<div class=\"wp-block-file\"><a id=\"wp-block-file--media-fd134bc3-4001-4351-84d8-aefc366e3d94\" href=\"https:\/\/www.iemj.org\/wp-content\/uploads\/2019\/06\/9_samuel_naumbourg_dedie_a_gioachino_rossini_-_vayehi_binsoa_hooron_-_extrait_.mp3\">Samuel Naumbourg, d\u00e9di\u00e9 \u00e0 Gioachino Rossini &#8211; Vayehi Binsoa Hooron (Extrait)<\/a><\/div>\n\n\n\n<div class=\"wp-block-file\"><a id=\"wp-block-file--media-70fedbb1-e097-427f-a66b-dd87886e92b8\" href=\"https:\/\/www.iemj.org\/wp-content\/uploads\/2019\/06\/10_samuel_naumbourg_dedie_a_gioachino_rossini_-_etz_hayim_-_extrait_.mp3\">Samuel Naumbourg, d\u00e9di\u00e9 \u00e0 Gioachino Rossini &#8211; Etz &#8218;Hayim (Extrait)<\/a><\/div>\n\n\n\n<div class=\"wp-block-file\"><a id=\"wp-block-file--media-4ca3224b-2aa1-46fb-9cc9-7219997daeb8\" href=\"https:\/\/www.iemj.org\/wp-content\/uploads\/2019\/06\/11_samuel_naumbourg_-_ma_tovou_-_extrait_.mp3\">Samuel Naumbourg &#8211; Ma Tovou (Extrait)<\/a><\/div>\n\n\n\n<div class=\"wp-block-file\"><a id=\"wp-block-file--media-3f8e36e4-91fd-435b-849a-cab23bed3eb2\" href=\"https:\/\/www.iemj.org\/wp-content\/uploads\/2019\/06\/12_louis_lewandowski_-_adon_olom_-_extrait_.mp3\">Louis Lewandowski &#8211; Adon Olom (Extrait)<\/a><\/div>\n\n\n\n<div class=\"wp-block-file\"><a id=\"wp-block-file--media-645b9ee4-7bd8-4f8f-9dc3-149d3c49f382\" href=\"https:\/\/www.iemj.org\/wp-content\/uploads\/2019\/06\/13_salomon_sulzer_-_hine_ma_tov_-_extrait_.mp3\">Salomon Sulzer &#8211; Hin\u00e9 Ma Tov (Extrait)<\/a><\/div>\n\n\n\n<div class=\"wp-block-file\"><a id=\"wp-block-file--media-0d9424b3-5977-4879-8233-db4147044f99\" href=\"https:\/\/www.iemj.org\/wp-content\/uploads\/2019\/06\/14_louis_lewandowski_-_hallelouyoh_-_extrait_.mp3\">Louis Lewandowski  &#8211; Hallelouyoh (Extrait)<\/a><\/div>\n","protected":false},"excerpt":{"rendered":"<p>Der 1951 gegr\u00fcndete Chor Le Chant Sacr\u00e9 ist ein M\u00e4nnerchor, der aus rund zwanzig leidenschaftlichen Amateuren besteht und dessen Repertoire haupts\u00e4chlich j\u00fcdisch-aschkenasische Liturgie, sowie traditionelle Lieder aus Mitteleuropa und Deutschland<\/p>\n","protected":false},"author":1048,"featured_media":74992,"comment_status":"closed","ping_status":"open","sticky":false,"template":"","format":"standard","meta":{"_acf_changed":false,"footnotes":""},"categories":[1571,1561],"tags":[],"technique":[],"squelettes":[],"sujet":[],"formation":[],"genre":[1891],"fonds":[],"tradition":[1983],"type-de-contenu":[],"interprete-compositeur":[],"frise":[],"type-devenement":[],"tableaux-liens-externes":[],"class_list":["post-74990","post","type-post","status-publish","format-standard","has-post-thumbnail","hentry","category-cd-de","category-letzte-neuerwerbungen-de","genre-liturgie-de","tradition-aschkenasischer-ritus-de"],"acf":[],"yoast_head":"<!-- This site is optimized with the Yoast SEO plugin v27.3 - https:\/\/yoast.com\/product\/yoast-seo-wordpress\/ -->\n<title>La Chorale le Chant Sacr\u00e9 - Institut Europ\u00e9en des Musiques Juives<\/title>\n<meta name=\"robots\" content=\"index, follow, max-snippet:-1, max-image-preview:large, max-video-preview:-1\" \/>\n<link rel=\"canonical\" href=\"https:\/\/www.iemj.org\/de\/la-chorale-le-chant-sacre-2\/\" \/>\n<meta property=\"og:locale\" content=\"de_DE\" \/>\n<meta property=\"og:type\" content=\"article\" \/>\n<meta property=\"og:title\" content=\"La Chorale le Chant Sacr\u00e9 - Institut Europ\u00e9en des Musiques Juives\" \/>\n<meta property=\"og:description\" content=\"Der 1951 gegr\u00fcndete Chor Le Chant Sacr\u00e9 ist ein M\u00e4nnerchor, der aus rund zwanzig leidenschaftlichen Amateuren besteht und dessen Repertoire haupts\u00e4chlich j\u00fcdisch-aschkenasische Liturgie, sowie traditionelle Lieder aus Mitteleuropa und Deutschland\" \/>\n<meta property=\"og:url\" content=\"https:\/\/www.iemj.org\/de\/la-chorale-le-chant-sacre-2\/\" \/>\n<meta property=\"og:site_name\" content=\"Institut Europ\u00e9en des Musiques Juives\" \/>\n<meta property=\"article:publisher\" content=\"https:\/\/www.facebook.com\/MusiquesJuives\/\" \/>\n<meta property=\"article:published_time\" content=\"2019-06-05T14:50:54+00:00\" \/>\n<meta property=\"article:modified_time\" content=\"2025-03-30T12:03:53+00:00\" \/>\n<meta property=\"og:image\" content=\"https:\/\/www.iemj.org\/wp-content\/uploads\/2019\/06\/arton4200.jpg\" \/>\n\t<meta property=\"og:image:width\" content=\"872\" \/>\n\t<meta property=\"og:image:height\" content=\"768\" \/>\n\t<meta property=\"og:image:type\" content=\"image\/jpeg\" \/>\n<meta name=\"author\" content=\"Jean-Gabriel Davis\" \/>\n<meta name=\"twitter:card\" content=\"summary_large_image\" \/>\n<meta name=\"twitter:label1\" content=\"Verfasst von\" \/>\n\t<meta name=\"twitter:data1\" content=\"Jean-Gabriel Davis\" \/>\n\t<meta name=\"twitter:label2\" content=\"Gesch\u00e4tzte Lesezeit\" \/>\n\t<meta name=\"twitter:data2\" content=\"2\u00a0Minuten\" \/>\n<script type=\"application\/ld+json\" class=\"yoast-schema-graph\">{\"@context\":\"https:\\\/\\\/schema.org\",\"@graph\":[{\"@type\":\"Article\",\"@id\":\"https:\\\/\\\/www.iemj.org\\\/de\\\/la-chorale-le-chant-sacre-2\\\/#article\",\"isPartOf\":{\"@id\":\"https:\\\/\\\/www.iemj.org\\\/de\\\/la-chorale-le-chant-sacre-2\\\/\"},\"author\":{\"name\":\"Jean-Gabriel Davis\",\"@id\":\"https:\\\/\\\/www.iemj.org\\\/de\\\/#\\\/schema\\\/person\\\/c9bc1c386a3749579a2d675e72a18666\"},\"headline\":\"La Chorale le Chant Sacr\u00e9\",\"datePublished\":\"2019-06-05T14:50:54+00:00\",\"dateModified\":\"2025-03-30T12:03:53+00:00\",\"mainEntityOfPage\":{\"@id\":\"https:\\\/\\\/www.iemj.org\\\/de\\\/la-chorale-le-chant-sacre-2\\\/\"},\"wordCount\":344,\"publisher\":{\"@id\":\"https:\\\/\\\/www.iemj.org\\\/de\\\/#organization\"},\"image\":{\"@id\":\"https:\\\/\\\/www.iemj.org\\\/de\\\/la-chorale-le-chant-sacre-2\\\/#primaryimage\"},\"thumbnailUrl\":\"https:\\\/\\\/www.iemj.org\\\/wp-content\\\/uploads\\\/2019\\\/06\\\/arton4200.jpg\",\"articleSection\":[\"CD\",\"Letzte Neuerwerbungen\"],\"inLanguage\":\"de\"},{\"@type\":\"WebPage\",\"@id\":\"https:\\\/\\\/www.iemj.org\\\/de\\\/la-chorale-le-chant-sacre-2\\\/\",\"url\":\"https:\\\/\\\/www.iemj.org\\\/de\\\/la-chorale-le-chant-sacre-2\\\/\",\"name\":\"La Chorale le Chant Sacr\u00e9 - Institut Europ\u00e9en des Musiques Juives\",\"isPartOf\":{\"@id\":\"https:\\\/\\\/www.iemj.org\\\/de\\\/#website\"},\"primaryImageOfPage\":{\"@id\":\"https:\\\/\\\/www.iemj.org\\\/de\\\/la-chorale-le-chant-sacre-2\\\/#primaryimage\"},\"image\":{\"@id\":\"https:\\\/\\\/www.iemj.org\\\/de\\\/la-chorale-le-chant-sacre-2\\\/#primaryimage\"},\"thumbnailUrl\":\"https:\\\/\\\/www.iemj.org\\\/wp-content\\\/uploads\\\/2019\\\/06\\\/arton4200.jpg\",\"datePublished\":\"2019-06-05T14:50:54+00:00\",\"dateModified\":\"2025-03-30T12:03:53+00:00\",\"breadcrumb\":{\"@id\":\"https:\\\/\\\/www.iemj.org\\\/de\\\/la-chorale-le-chant-sacre-2\\\/#breadcrumb\"},\"inLanguage\":\"de\",\"potentialAction\":[{\"@type\":\"ReadAction\",\"target\":[\"https:\\\/\\\/www.iemj.org\\\/de\\\/la-chorale-le-chant-sacre-2\\\/\"]}]},{\"@type\":\"ImageObject\",\"inLanguage\":\"de\",\"@id\":\"https:\\\/\\\/www.iemj.org\\\/de\\\/la-chorale-le-chant-sacre-2\\\/#primaryimage\",\"url\":\"https:\\\/\\\/www.iemj.org\\\/wp-content\\\/uploads\\\/2019\\\/06\\\/arton4200.jpg\",\"contentUrl\":\"https:\\\/\\\/www.iemj.org\\\/wp-content\\\/uploads\\\/2019\\\/06\\\/arton4200.jpg\",\"width\":872,\"height\":768},{\"@type\":\"BreadcrumbList\",\"@id\":\"https:\\\/\\\/www.iemj.org\\\/de\\\/la-chorale-le-chant-sacre-2\\\/#breadcrumb\",\"itemListElement\":[{\"@type\":\"ListItem\",\"position\":1,\"name\":\"Accueil\",\"item\":\"https:\\\/\\\/www.iemj.org\\\/de\\\/\"},{\"@type\":\"ListItem\",\"position\":2,\"name\":\"La Chorale le Chant Sacr\u00e9\"}]},{\"@type\":\"WebSite\",\"@id\":\"https:\\\/\\\/www.iemj.org\\\/de\\\/#website\",\"url\":\"https:\\\/\\\/www.iemj.org\\\/de\\\/\",\"name\":\"Institut Europ\u00e9en des Musiques Juives\",\"description\":\"Des traditions musicales \u00e0 la port\u00e9e de tous\",\"publisher\":{\"@id\":\"https:\\\/\\\/www.iemj.org\\\/de\\\/#organization\"},\"potentialAction\":[{\"@type\":\"SearchAction\",\"target\":{\"@type\":\"EntryPoint\",\"urlTemplate\":\"https:\\\/\\\/www.iemj.org\\\/de\\\/?s={search_term_string}\"},\"query-input\":{\"@type\":\"PropertyValueSpecification\",\"valueRequired\":true,\"valueName\":\"search_term_string\"}}],\"inLanguage\":\"de\"},{\"@type\":\"Organization\",\"@id\":\"https:\\\/\\\/www.iemj.org\\\/de\\\/#organization\",\"name\":\"Institut Europ\u00e9en des Musiques Juives\",\"url\":\"https:\\\/\\\/www.iemj.org\\\/de\\\/\",\"logo\":{\"@type\":\"ImageObject\",\"inLanguage\":\"de\",\"@id\":\"https:\\\/\\\/www.iemj.org\\\/de\\\/#\\\/schema\\\/logo\\\/image\\\/\",\"url\":\"https:\\\/\\\/www.iemj.org\\\/wp-content\\\/uploads\\\/2021\\\/09\\\/Logo-IEMJ-Paypal.jpg\",\"contentUrl\":\"https:\\\/\\\/www.iemj.org\\\/wp-content\\\/uploads\\\/2021\\\/09\\\/Logo-IEMJ-Paypal.jpg\",\"width\":150,\"height\":50,\"caption\":\"Institut Europ\u00e9en des Musiques Juives\"},\"image\":{\"@id\":\"https:\\\/\\\/www.iemj.org\\\/de\\\/#\\\/schema\\\/logo\\\/image\\\/\"},\"sameAs\":[\"https:\\\/\\\/www.facebook.com\\\/MusiquesJuives\\\/\",\"https:\\\/\\\/www.instagram.com\\\/musiquesjuives\\\/\",\"https:\\\/\\\/www.youtube.com\\\/user\\\/musiquesjuives\"]},{\"@type\":\"Person\",\"@id\":\"https:\\\/\\\/www.iemj.org\\\/de\\\/#\\\/schema\\\/person\\\/c9bc1c386a3749579a2d675e72a18666\",\"name\":\"Jean-Gabriel Davis\",\"image\":{\"@type\":\"ImageObject\",\"inLanguage\":\"de\",\"@id\":\"https:\\\/\\\/secure.gravatar.com\\\/avatar\\\/2b90d67bdf392c9b3a21fab87c0fa7edaf1fb3a058172a1ffd61033fcec7aec1?s=96&d=mm&r=g\",\"url\":\"https:\\\/\\\/secure.gravatar.com\\\/avatar\\\/2b90d67bdf392c9b3a21fab87c0fa7edaf1fb3a058172a1ffd61033fcec7aec1?s=96&d=mm&r=g\",\"contentUrl\":\"https:\\\/\\\/secure.gravatar.com\\\/avatar\\\/2b90d67bdf392c9b3a21fab87c0fa7edaf1fb3a058172a1ffd61033fcec7aec1?s=96&d=mm&r=g\",\"caption\":\"Jean-Gabriel Davis\"}}]}<\/script>\n<!-- \/ Yoast SEO plugin. -->","yoast_head_json":{"title":"La Chorale le Chant Sacr\u00e9 - Institut Europ\u00e9en des Musiques Juives","robots":{"index":"index","follow":"follow","max-snippet":"max-snippet:-1","max-image-preview":"max-image-preview:large","max-video-preview":"max-video-preview:-1"},"canonical":"https:\/\/www.iemj.org\/de\/la-chorale-le-chant-sacre-2\/","og_locale":"de_DE","og_type":"article","og_title":"La Chorale le Chant Sacr\u00e9 - Institut Europ\u00e9en des Musiques Juives","og_description":"Der 1951 gegr\u00fcndete Chor Le Chant Sacr\u00e9 ist ein M\u00e4nnerchor, der aus rund zwanzig leidenschaftlichen Amateuren besteht und dessen Repertoire haupts\u00e4chlich j\u00fcdisch-aschkenasische Liturgie, sowie traditionelle Lieder aus Mitteleuropa und Deutschland","og_url":"https:\/\/www.iemj.org\/de\/la-chorale-le-chant-sacre-2\/","og_site_name":"Institut Europ\u00e9en des Musiques Juives","article_publisher":"https:\/\/www.facebook.com\/MusiquesJuives\/","article_published_time":"2019-06-05T14:50:54+00:00","article_modified_time":"2025-03-30T12:03:53+00:00","og_image":[{"width":872,"height":768,"url":"https:\/\/www.iemj.org\/wp-content\/uploads\/2019\/06\/arton4200.jpg","type":"image\/jpeg"}],"author":"Jean-Gabriel Davis","twitter_card":"summary_large_image","twitter_misc":{"Verfasst von":"Jean-Gabriel Davis","Gesch\u00e4tzte Lesezeit":"2\u00a0Minuten"},"schema":{"@context":"https:\/\/schema.org","@graph":[{"@type":"Article","@id":"https:\/\/www.iemj.org\/de\/la-chorale-le-chant-sacre-2\/#article","isPartOf":{"@id":"https:\/\/www.iemj.org\/de\/la-chorale-le-chant-sacre-2\/"},"author":{"name":"Jean-Gabriel Davis","@id":"https:\/\/www.iemj.org\/de\/#\/schema\/person\/c9bc1c386a3749579a2d675e72a18666"},"headline":"La Chorale le Chant Sacr\u00e9","datePublished":"2019-06-05T14:50:54+00:00","dateModified":"2025-03-30T12:03:53+00:00","mainEntityOfPage":{"@id":"https:\/\/www.iemj.org\/de\/la-chorale-le-chant-sacre-2\/"},"wordCount":344,"publisher":{"@id":"https:\/\/www.iemj.org\/de\/#organization"},"image":{"@id":"https:\/\/www.iemj.org\/de\/la-chorale-le-chant-sacre-2\/#primaryimage"},"thumbnailUrl":"https:\/\/www.iemj.org\/wp-content\/uploads\/2019\/06\/arton4200.jpg","articleSection":["CD","Letzte Neuerwerbungen"],"inLanguage":"de"},{"@type":"WebPage","@id":"https:\/\/www.iemj.org\/de\/la-chorale-le-chant-sacre-2\/","url":"https:\/\/www.iemj.org\/de\/la-chorale-le-chant-sacre-2\/","name":"La Chorale le Chant Sacr\u00e9 - Institut Europ\u00e9en des Musiques Juives","isPartOf":{"@id":"https:\/\/www.iemj.org\/de\/#website"},"primaryImageOfPage":{"@id":"https:\/\/www.iemj.org\/de\/la-chorale-le-chant-sacre-2\/#primaryimage"},"image":{"@id":"https:\/\/www.iemj.org\/de\/la-chorale-le-chant-sacre-2\/#primaryimage"},"thumbnailUrl":"https:\/\/www.iemj.org\/wp-content\/uploads\/2019\/06\/arton4200.jpg","datePublished":"2019-06-05T14:50:54+00:00","dateModified":"2025-03-30T12:03:53+00:00","breadcrumb":{"@id":"https:\/\/www.iemj.org\/de\/la-chorale-le-chant-sacre-2\/#breadcrumb"},"inLanguage":"de","potentialAction":[{"@type":"ReadAction","target":["https:\/\/www.iemj.org\/de\/la-chorale-le-chant-sacre-2\/"]}]},{"@type":"ImageObject","inLanguage":"de","@id":"https:\/\/www.iemj.org\/de\/la-chorale-le-chant-sacre-2\/#primaryimage","url":"https:\/\/www.iemj.org\/wp-content\/uploads\/2019\/06\/arton4200.jpg","contentUrl":"https:\/\/www.iemj.org\/wp-content\/uploads\/2019\/06\/arton4200.jpg","width":872,"height":768},{"@type":"BreadcrumbList","@id":"https:\/\/www.iemj.org\/de\/la-chorale-le-chant-sacre-2\/#breadcrumb","itemListElement":[{"@type":"ListItem","position":1,"name":"Accueil","item":"https:\/\/www.iemj.org\/de\/"},{"@type":"ListItem","position":2,"name":"La Chorale le Chant Sacr\u00e9"}]},{"@type":"WebSite","@id":"https:\/\/www.iemj.org\/de\/#website","url":"https:\/\/www.iemj.org\/de\/","name":"Institut Europ\u00e9en des Musiques Juives","description":"Des traditions musicales \u00e0 la port\u00e9e de tous","publisher":{"@id":"https:\/\/www.iemj.org\/de\/#organization"},"potentialAction":[{"@type":"SearchAction","target":{"@type":"EntryPoint","urlTemplate":"https:\/\/www.iemj.org\/de\/?s={search_term_string}"},"query-input":{"@type":"PropertyValueSpecification","valueRequired":true,"valueName":"search_term_string"}}],"inLanguage":"de"},{"@type":"Organization","@id":"https:\/\/www.iemj.org\/de\/#organization","name":"Institut Europ\u00e9en des Musiques Juives","url":"https:\/\/www.iemj.org\/de\/","logo":{"@type":"ImageObject","inLanguage":"de","@id":"https:\/\/www.iemj.org\/de\/#\/schema\/logo\/image\/","url":"https:\/\/www.iemj.org\/wp-content\/uploads\/2021\/09\/Logo-IEMJ-Paypal.jpg","contentUrl":"https:\/\/www.iemj.org\/wp-content\/uploads\/2021\/09\/Logo-IEMJ-Paypal.jpg","width":150,"height":50,"caption":"Institut Europ\u00e9en des Musiques Juives"},"image":{"@id":"https:\/\/www.iemj.org\/de\/#\/schema\/logo\/image\/"},"sameAs":["https:\/\/www.facebook.com\/MusiquesJuives\/","https:\/\/www.instagram.com\/musiquesjuives\/","https:\/\/www.youtube.com\/user\/musiquesjuives"]},{"@type":"Person","@id":"https:\/\/www.iemj.org\/de\/#\/schema\/person\/c9bc1c386a3749579a2d675e72a18666","name":"Jean-Gabriel Davis","image":{"@type":"ImageObject","inLanguage":"de","@id":"https:\/\/secure.gravatar.com\/avatar\/2b90d67bdf392c9b3a21fab87c0fa7edaf1fb3a058172a1ffd61033fcec7aec1?s=96&d=mm&r=g","url":"https:\/\/secure.gravatar.com\/avatar\/2b90d67bdf392c9b3a21fab87c0fa7edaf1fb3a058172a1ffd61033fcec7aec1?s=96&d=mm&r=g","contentUrl":"https:\/\/secure.gravatar.com\/avatar\/2b90d67bdf392c9b3a21fab87c0fa7edaf1fb3a058172a1ffd61033fcec7aec1?s=96&d=mm&r=g","caption":"Jean-Gabriel Davis"}}]}},"_links":{"self":[{"href":"https:\/\/www.iemj.org\/de\/wp-json\/wp\/v2\/posts\/74990","targetHints":{"allow":["GET"]}}],"collection":[{"href":"https:\/\/www.iemj.org\/de\/wp-json\/wp\/v2\/posts"}],"about":[{"href":"https:\/\/www.iemj.org\/de\/wp-json\/wp\/v2\/types\/post"}],"author":[{"embeddable":true,"href":"https:\/\/www.iemj.org\/de\/wp-json\/wp\/v2\/users\/1048"}],"replies":[{"embeddable":true,"href":"https:\/\/www.iemj.org\/de\/wp-json\/wp\/v2\/comments?post=74990"}],"version-history":[{"count":0,"href":"https:\/\/www.iemj.org\/de\/wp-json\/wp\/v2\/posts\/74990\/revisions"}],"wp:featuredmedia":[{"embeddable":true,"href":"https:\/\/www.iemj.org\/de\/wp-json\/wp\/v2\/media\/74992"}],"wp:attachment":[{"href":"https:\/\/www.iemj.org\/de\/wp-json\/wp\/v2\/media?parent=74990"}],"wp:term":[{"taxonomy":"category","embeddable":true,"href":"https:\/\/www.iemj.org\/de\/wp-json\/wp\/v2\/categories?post=74990"},{"taxonomy":"post_tag","embeddable":true,"href":"https:\/\/www.iemj.org\/de\/wp-json\/wp\/v2\/tags?post=74990"},{"taxonomy":"technique","embeddable":true,"href":"https:\/\/www.iemj.org\/de\/wp-json\/wp\/v2\/technique?post=74990"},{"taxonomy":"squelettes","embeddable":true,"href":"https:\/\/www.iemj.org\/de\/wp-json\/wp\/v2\/squelettes?post=74990"},{"taxonomy":"sujet","embeddable":true,"href":"https:\/\/www.iemj.org\/de\/wp-json\/wp\/v2\/sujet?post=74990"},{"taxonomy":"formation","embeddable":true,"href":"https:\/\/www.iemj.org\/de\/wp-json\/wp\/v2\/formation?post=74990"},{"taxonomy":"genre","embeddable":true,"href":"https:\/\/www.iemj.org\/de\/wp-json\/wp\/v2\/genre?post=74990"},{"taxonomy":"fonds","embeddable":true,"href":"https:\/\/www.iemj.org\/de\/wp-json\/wp\/v2\/fonds?post=74990"},{"taxonomy":"tradition","embeddable":true,"href":"https:\/\/www.iemj.org\/de\/wp-json\/wp\/v2\/tradition?post=74990"},{"taxonomy":"type-de-contenu","embeddable":true,"href":"https:\/\/www.iemj.org\/de\/wp-json\/wp\/v2\/type-de-contenu?post=74990"},{"taxonomy":"interprete-compositeur","embeddable":true,"href":"https:\/\/www.iemj.org\/de\/wp-json\/wp\/v2\/interprete-compositeur?post=74990"},{"taxonomy":"frise","embeddable":true,"href":"https:\/\/www.iemj.org\/de\/wp-json\/wp\/v2\/frise?post=74990"},{"taxonomy":"type-devenement","embeddable":true,"href":"https:\/\/www.iemj.org\/de\/wp-json\/wp\/v2\/type-devenement?post=74990"},{"taxonomy":"tableaux-liens-externes","embeddable":true,"href":"https:\/\/www.iemj.org\/de\/wp-json\/wp\/v2\/tableaux-liens-externes?post=74990"}],"curies":[{"name":"wp","href":"https:\/\/api.w.org\/{rel}","templated":true}]}}