{"id":75062,"date":"2019-05-21T16:56:36","date_gmt":"2019-05-21T14:56:36","guid":{"rendered":"https:\/\/www.iemj.org\/cantor-haim-ischakis\/"},"modified":"2025-09-17T10:11:03","modified_gmt":"2025-09-17T08:11:03","slug":"cantor-haim-ischakis","status":"publish","type":"post","link":"https:\/\/www.iemj.org\/de\/cantor-haim-ischakis\/","title":{"rendered":"Cantor Haim Ischakis"},"content":{"rendered":"<p>Diese 4 CDs umfassende Box, die 2018 vom <a href=\"https:\/\/www.ezjm.hmtm-hannover.de\/de\/start\/\">Europ\u00e4ischen Zentrum f\u00fcr J\u00fcdische Musik (EZJM)<\/a> in Hannover ver\u00f6ffentlicht wurde, bietet einen umfassenden \u00dcberblick \u00fcber die Musiktraditionen der romaniotischen Juden Griechenlands.<\/p>\n<p><!--more--><\/p>\n<p>Bei den Romanioten (Begriff, der die ehemaligen Bewohner des Ostr\u00f6mischen oder des Byzantinischen Reichs bezeichnet) handelt es sich um hellenisierte Juden, welche seit mehr als 2000 Jahren im \u00f6stlichen Mittelmeerraum und am Schwarzen Meer leben. Manche Quellen datieren ihre fr\u00fchste Anwesenheit sogar auf die Zeit des babylonischen Exils. Dieses hellenisierten Juden lie\u00dfen sich in den k\u00f6niglichen Staaten des Alexanderreichs, insbesondere im ptolem\u00e4ischen \u00c4gypten, nieder. Sie \u00fcbernahmen die griechische Sprache und Kultur, behielten dabei aber ihren Glauben bei und brachten ein bedeutendes Werk jud\u00e4o-hellenistischer Literatur hervor, darunter die erste \u00dcbersetzung der hebr\u00e4ischen Bibel (einschlie\u00dflich der Septuaginta), die deuterokanonischen B\u00fccher, welche nicht in den Tanach aufgenommen wurden, die intertestamentarischen B\u00fccher und die ersten Versuche, Philosophie und Judaismus miteinander zu verbinden, deren brillantester Vertreter, Philo von Alexandria war.\u00a0<\/p>\n<figure id=\"attachment_24038\" aria-describedby=\"caption-attachment-24038\" style=\"width: 252px\" class=\"wp-caption alignright\"><img fetchpriority=\"high\" decoding=\"async\" class=\"wp-image-24038\" src=\"https:\/\/www.iemj.org\/wp-content\/uploads\/2019\/05\/rabbi_moshe_pesach_juif_romaniote_wikipedia_-_redim-196x300.jpg\" alt=\"rabbi_moshe_pesach_juif_romaniote_wikipedia_-_redim.jpg\" width=\"252\" height=\"386\" srcset=\"https:\/\/www.iemj.org\/wp-content\/uploads\/2019\/05\/rabbi_moshe_pesach_juif_romaniote_wikipedia_-_redim-196x300.jpg 196w, https:\/\/www.iemj.org\/wp-content\/uploads\/2019\/05\/rabbi_moshe_pesach_juif_romaniote_wikipedia_-_redim.jpg 252w\" sizes=\"(max-width: 252px) 100vw, 252px\" \/><figcaption id=\"caption-attachment-24038\" class=\"wp-caption-text\"><strong>Mo<\/strong><strong>\u00ef<\/strong><strong>se-Sim\u00e9on Pessah, Rabbiner der romaniotischen Gemeinschaft von Volos, 1939<\/strong><\/figcaption><\/figure>\n<p>W\u00e4hrend des Mittelalters verbreiteten die Romanioten ihre Kultur, in den neuen in Westeuropa entstehenden aschkenasischen (d.h. \u201edeutschen\u201c), sarfatischen (d.h. \u201efranz\u00f6sischen\u201c) und sephardischen (d.h. \u201espanischen\u201c) Gemeinschaften. So kann die Anwesenheit von Romanioten in Venedig, im Rheintal und im Languedoc belegt werden.<\/p>\n<p>Mit dem Untergang des Byzantinischen Reichs im Jahr 1453, wurden die Romanioten der osmanischen Herrschaft unterstellt. Sie praktizierten weiterhin ihren eigenen Ritus, sprachen ihre eigene Sprache (jud\u00e4o-griechisch) und behielten bestimmte Eigenheiten bei (sie \u00fcbernahmen den Jerusalemer Talmud, w\u00e4hrend der Gro\u00dfteil der j\u00fcdischen Welt den babylonischen Talmud \u00fcbernommen hat). Doch mit der Ankunft der von der iberischen Halbinsel vertriebenen Juden, l\u00f6ste sich die romaniotische Kultur allm\u00e4hlich in der sephardischen Kultur auf.<\/p>\n<p>Die infolge der Shoah dezimierte Gemeinschaft, z\u00e4hlt heute nur noch rund zehntausend Mitglieder in Griechenland und hat sich in Israel und den Vereinigten Staaten teilweise neu gebildet. Zu Beginn des 21. Jahrhunderts existieren nur noch vier kleine aktive romaniotische Gemeinschaften in Thessaloniki und in Ioannina in Griechenland, sowie in New York und in Jerusalem.<\/p>\n<p>Diese Kompilation von Feldaufnahmen, welche zwischen 2016 und 2017 von <strong>Sarah Ross<\/strong>, der Direktorin des EZJM und von <strong>Miranda L. Crowdus<\/strong>, einer Forschungsassistentin, gemacht wurden, soll dieses Repertoire k\u00fcnftigen Generationen zug\u00e4nglich machen. Siebzig Gebete aus den verschiedenen Gottesdiensten des j\u00fcdischen Jahres wurden mit Kantor Haim Ischakis, einem der letzten verbliebenen Kenner des romaniotischen Ritus aufgenommen.<\/p>\n<p>Haim Ischakis wurde 1959 in Athen geboren. Seine Eltern stammen aus Ioannina und aus Chalkis, zwei St\u00e4dte, in denen vor dem Krieg, eine florierende romaniotische Gemeinschaft angesiedelt war. Haim Ischakis studierte am franz\u00f6sisch-griechischen Leonin-Gymnasium und studierte anschlie\u00dfend an der Hebrew University von Jerusalem. Nachdem er im Jahr 1981 nach Griechenland zur\u00fcckgekehrt war, widmete er sich, nach dem Tod seines Vaters im Jahr 1966, der Bewahrung der romaniotischen j\u00fcdischen Kultur, insbesondere der Musiktradition, welche er mitunter durch neue Melodien bereicherte.<\/p>\n<p>Demnach entstammt, entgegen der Behauptung im Begleitheft, dass es ein urspr\u00fcngliches Repertoire an romaniotischer Synagogenmusik g\u00e4be, ein Gro\u00dfteil der in dieser Box enthaltenen Lieder unterschiedlichen Kontexten. Wenn auch der Gesangsstil und einige Verzierungen typisch f\u00fcr den romaniotischen Ritus zu sein scheinen, sind dennoch viele Melodien des portugiesischen-sephardischen Ritus Frankreichs enthalten (h\u00f6ren Sie sich dazu in der untenstehenden Playlist die Lieder Nr. 2 [<em>Rau vanim<\/em> des Komponisten <a href=\"https:\/\/www.iemj.org\/de\/jonas-emile-1827-1905\/\" target=\"_blank\" rel=\"noopener\">Emile Jonas<\/a>, Nr. 7 [<em>Et Shaarei ratson<\/em>: ein in den meisten sephardischen Traditionen verbreitetes Lied] und Nr. 8 [<em>Lemaancha Elokai<\/em>] an. Es finden sich auch aschkenasische Melodien wieder (9. <em>Uvenucho Yomar<\/em> des Komponisten <a href=\"https:\/\/www.iemj.org\/de\/lewandowski-louis-lazarus-1821-1894\/\" target=\"_blank\" rel=\"noopener\">Louis Lewandowski<\/a>, 10. <em>Maoz Tzur<\/em> [klassische aschkenasische Melodie] und 11. <em>Echad Mi Yodea<\/em> [ein Pessach-Lied, mit einer traditionellen aschkenasischen Melodie]). Schlie\u00dflich sind auch jud\u00e4o-spanische Lieder (4. <em>Befi Yesharim<\/em> auf die Melodie von <a href=\"https:\/\/www.iemj.org\/de\/uskudara-fel-shara-terk-in-america-et-cetera\/\" target=\"_blank\" rel=\"noopener\"><em>\u00dcsk\u00fcdara<\/em><\/a>, 5. <em>Kedusha<\/em> auf <em>La rosa enflorece<\/em>) und israelische Lieder (3. <em>Nishmat<\/em> auf die Melodie von <a href=\"https:\/\/www.iemj.org\/de\/yeroushalayim-shel-zahav-jerusalem-dor\/\" target=\"_blank\" rel=\"noopener\"><em>Yerushalayim Shel Zahav<\/em><\/a>) enthalten.<\/p>\n<p>Dieses Patchwork ist typisch f\u00fcr j\u00fcdische Traditionen. Es ist jedoch bedauerlich, dass dieser Versuch, eine aussterbende Tradition wiederzubeleben, auf der Aufnahme einer einzigen Person basiert. Denn das macht es schwierig, zu unterscheiden was individuell und was kollektiv, was Tradition und was Anpassung ist.<\/p>\n<p><a href=\"https:\/\/www.ezjm.hmtm-hannover.de\/en\/research\/cd-project-romaniote-tradition\/\" target=\"_blank\" rel=\"noopener\">Bestellen Sie die Box des Kantoren Haim Ischakis<\/a><br \/><a href=\"https:\/\/en.wikipedia.org\/wiki\/Romaniote_Jews\" target=\"_blank\" rel=\"noopener\">Lesen Sie hier den Wikipedia-Artikel \u00fcber die romaniotischen Juden<\/a><\/p>\n\n\n<h2 class=\"wp-block-heading\"><\/h2>\n\n\n<div class=\"wp-block-image\">\n<figure class=\"aligncenter size-large\"><img decoding=\"async\" width=\"1024\" height=\"133\" src=\"https:\/\/www.iemj.org\/wp-content\/uploads\/2024\/03\/AUDIO-PLAYER-1024x133.png\" alt=\"\" class=\"wp-image-110606\" srcset=\"https:\/\/www.iemj.org\/wp-content\/uploads\/2024\/03\/AUDIO-PLAYER-1024x133.png 1024w, https:\/\/www.iemj.org\/wp-content\/uploads\/2024\/03\/AUDIO-PLAYER-300x39.png 300w, https:\/\/www.iemj.org\/wp-content\/uploads\/2024\/03\/AUDIO-PLAYER-768x100.png 768w, https:\/\/www.iemj.org\/wp-content\/uploads\/2024\/03\/AUDIO-PLAYER-600x78.png 600w, https:\/\/www.iemj.org\/wp-content\/uploads\/2024\/03\/AUDIO-PLAYER.png 1210w\" sizes=\"(max-width: 1024px) 100vw, 1024px\" \/><\/figure>\n<\/div>\n\n\n<div class=\"wp-block-file\"><a href=\"https:\/\/www.iemj.org\/wp-content\/uploads\/2019\/05\/1_kaddish_de_shabbat_extrait_.mp3\">1) Kaddish de Shabbat (Extrait)<\/a><\/div>\n\n\n\n<div class=\"wp-block-file\"><a href=\"https:\/\/www.iemj.org\/wp-content\/uploads\/2019\/05\/2_rau_vanim_extrait_.mp3\">2) Rau vanim (Extrait)<\/a><\/div>\n\n\n\n<div class=\"wp-block-file\"><a href=\"https:\/\/www.iemj.org\/wp-content\/uploads\/2019\/05\/3_nishmat_kol_chai_extrait_.mp3\">3) Nishmat kol Chai (Extrait)<\/a><\/div>\n\n\n\n<div class=\"wp-block-file\"><a href=\"https:\/\/www.iemj.org\/wp-content\/uploads\/2019\/05\/4_befi_yesharim_titromam_extrait_.mp3\">4) Befi Yesharim Titromam (Extrait)<\/a><\/div>\n\n\n\n<div class=\"wp-block-file\"><a href=\"https:\/\/www.iemj.org\/wp-content\/uploads\/2019\/05\/5_kedusha_nakdishach_venaaritsach_extrait_.mp3\">5) Kedusha Nakdishach Venaaritsach (Extrait)<\/a><\/div>\n\n\n\n<div class=\"wp-block-file\"><a href=\"https:\/\/www.iemj.org\/wp-content\/uploads\/2019\/05\/6_achot_ketana_extrait_.mp3\">6) Achot Ketana (Extrait)<\/a><\/div>\n\n\n\n<div class=\"wp-block-file\"><a href=\"https:\/\/www.iemj.org\/wp-content\/uploads\/2019\/05\/7_et_shaare_ratson_extrait_.mp3\">7) Et  Shaare Ratson (Extrait)<\/a><\/div>\n\n\n\n<div class=\"wp-block-file\"><a href=\"https:\/\/www.iemj.org\/wp-content\/uploads\/2019\/05\/8_lemaancha_elokai_extrait_.mp3\">8) Lemaancha Elokai (Extrait)<\/a><\/div>\n\n\n\n<div class=\"wp-block-file\"><a href=\"https:\/\/www.iemj.org\/wp-content\/uploads\/2019\/05\/9_uvnucho_yomar_extrait_.mp3\">9) Uvnucho Yomar (Extrait)<\/a><\/div>\n\n\n\n<div class=\"wp-block-file\"><a href=\"https:\/\/www.iemj.org\/wp-content\/uploads\/2019\/05\/10_maoz_tsur_extrait_.mp3\">10) Maoz Tsur (Extrait)<\/a><\/div>\n\n\n\n<div class=\"wp-block-file\"><a href=\"https:\/\/www.iemj.org\/wp-content\/uploads\/2019\/05\/11_echad_mi_yodea_extrait_.mp3\">11) Echad Mi Yodea (Extrait)<\/a><\/div>\n","protected":false},"excerpt":{"rendered":"<p>Diese 4 CDs umfassende Box, die 2018 vom Europ\u00e4ischen Zentrum f\u00fcr J\u00fcdische Musik (EZJM) in Hannover ver\u00f6ffentlicht wurde, bietet einen umfassenden \u00dcberblick \u00fcber die Musiktraditionen der romaniotischen Juden Griechenlands.<\/p>\n","protected":false},"author":1045,"featured_media":75063,"comment_status":"closed","ping_status":"closed","sticky":false,"template":"","format":"standard","meta":{"_acf_changed":false,"footnotes":""},"categories":[1571,1561],"tags":[4044],"technique":[],"squelettes":[],"sujet":[],"formation":[],"genre":[1891],"fonds":[],"tradition":[1967],"type-de-contenu":[],"interprete-compositeur":[],"frise":[],"type-devenement":[],"tableaux-liens-externes":[],"class_list":["post-75062","post","type-post","status-publish","format-standard","has-post-thumbnail","hentry","category-cd-de","category-letzte-neuerwerbungen-de","tag-griechenland","genre-liturgie-de","tradition-romanitischer-ritus-de"],"acf":[],"yoast_head":"<!-- This site is optimized with the Yoast SEO plugin v27.3 - https:\/\/yoast.com\/product\/yoast-seo-wordpress\/ -->\n<title>Cantor Haim Ischakis - Institut Europ\u00e9en des Musiques Juives<\/title>\n<meta name=\"robots\" content=\"index, follow, max-snippet:-1, max-image-preview:large, max-video-preview:-1\" \/>\n<link rel=\"canonical\" href=\"https:\/\/www.iemj.org\/de\/cantor-haim-ischakis\/\" \/>\n<meta property=\"og:locale\" content=\"de_DE\" \/>\n<meta property=\"og:type\" content=\"article\" \/>\n<meta property=\"og:title\" content=\"Cantor Haim Ischakis - Institut Europ\u00e9en des Musiques Juives\" \/>\n<meta property=\"og:description\" content=\"Diese 4 CDs umfassende Box, die 2018 vom Europ\u00e4ischen Zentrum f\u00fcr J\u00fcdische Musik (EZJM) in Hannover ver\u00f6ffentlicht wurde, bietet einen umfassenden \u00dcberblick \u00fcber die Musiktraditionen der romaniotischen Juden Griechenlands.\" \/>\n<meta property=\"og:url\" content=\"https:\/\/www.iemj.org\/de\/cantor-haim-ischakis\/\" \/>\n<meta property=\"og:site_name\" content=\"Institut Europ\u00e9en des Musiques Juives\" \/>\n<meta property=\"article:publisher\" content=\"https:\/\/www.facebook.com\/MusiquesJuives\/\" \/>\n<meta property=\"article:published_time\" content=\"2019-05-21T14:56:36+00:00\" \/>\n<meta property=\"article:modified_time\" content=\"2025-09-17T08:11:03+00:00\" \/>\n<meta property=\"og:image\" content=\"https:\/\/www.iemj.org\/wp-content\/uploads\/2019\/05\/arton4169-e1619095324361.jpg\" \/>\n\t<meta property=\"og:image:width\" content=\"350\" \/>\n\t<meta property=\"og:image:height\" content=\"325\" \/>\n\t<meta property=\"og:image:type\" content=\"image\/jpeg\" \/>\n<meta name=\"author\" content=\"Herv\u00e9 Roten\" \/>\n<meta name=\"twitter:card\" content=\"summary_large_image\" \/>\n<meta name=\"twitter:label1\" content=\"Verfasst von\" \/>\n\t<meta name=\"twitter:data1\" content=\"Herv\u00e9 Roten\" \/>\n\t<meta name=\"twitter:label2\" content=\"Gesch\u00e4tzte Lesezeit\" \/>\n\t<meta name=\"twitter:data2\" content=\"5\u00a0Minuten\" \/>\n<script type=\"application\/ld+json\" class=\"yoast-schema-graph\">{\"@context\":\"https:\\\/\\\/schema.org\",\"@graph\":[{\"@type\":\"Article\",\"@id\":\"https:\\\/\\\/www.iemj.org\\\/de\\\/cantor-haim-ischakis\\\/#article\",\"isPartOf\":{\"@id\":\"https:\\\/\\\/www.iemj.org\\\/de\\\/cantor-haim-ischakis\\\/\"},\"author\":{\"name\":\"Herv\u00e9 Roten\",\"@id\":\"https:\\\/\\\/www.iemj.org\\\/de\\\/#\\\/schema\\\/person\\\/906134402c29d5c76e7b726261dd4bbd\"},\"headline\":\"Cantor Haim Ischakis\",\"datePublished\":\"2019-05-21T14:56:36+00:00\",\"dateModified\":\"2025-09-17T08:11:03+00:00\",\"mainEntityOfPage\":{\"@id\":\"https:\\\/\\\/www.iemj.org\\\/de\\\/cantor-haim-ischakis\\\/\"},\"wordCount\":747,\"publisher\":{\"@id\":\"https:\\\/\\\/www.iemj.org\\\/de\\\/#organization\"},\"image\":{\"@id\":\"https:\\\/\\\/www.iemj.org\\\/de\\\/cantor-haim-ischakis\\\/#primaryimage\"},\"thumbnailUrl\":\"https:\\\/\\\/www.iemj.org\\\/wp-content\\\/uploads\\\/2019\\\/05\\\/arton4169-e1619095324361.jpg\",\"keywords\":[\"Griechenland\"],\"articleSection\":[\"CD\",\"Letzte Neuerwerbungen\"],\"inLanguage\":\"de\"},{\"@type\":\"WebPage\",\"@id\":\"https:\\\/\\\/www.iemj.org\\\/de\\\/cantor-haim-ischakis\\\/\",\"url\":\"https:\\\/\\\/www.iemj.org\\\/de\\\/cantor-haim-ischakis\\\/\",\"name\":\"Cantor Haim Ischakis - Institut Europ\u00e9en des Musiques Juives\",\"isPartOf\":{\"@id\":\"https:\\\/\\\/www.iemj.org\\\/de\\\/#website\"},\"primaryImageOfPage\":{\"@id\":\"https:\\\/\\\/www.iemj.org\\\/de\\\/cantor-haim-ischakis\\\/#primaryimage\"},\"image\":{\"@id\":\"https:\\\/\\\/www.iemj.org\\\/de\\\/cantor-haim-ischakis\\\/#primaryimage\"},\"thumbnailUrl\":\"https:\\\/\\\/www.iemj.org\\\/wp-content\\\/uploads\\\/2019\\\/05\\\/arton4169-e1619095324361.jpg\",\"datePublished\":\"2019-05-21T14:56:36+00:00\",\"dateModified\":\"2025-09-17T08:11:03+00:00\",\"breadcrumb\":{\"@id\":\"https:\\\/\\\/www.iemj.org\\\/de\\\/cantor-haim-ischakis\\\/#breadcrumb\"},\"inLanguage\":\"de\",\"potentialAction\":[{\"@type\":\"ReadAction\",\"target\":[\"https:\\\/\\\/www.iemj.org\\\/de\\\/cantor-haim-ischakis\\\/\"]}]},{\"@type\":\"ImageObject\",\"inLanguage\":\"de\",\"@id\":\"https:\\\/\\\/www.iemj.org\\\/de\\\/cantor-haim-ischakis\\\/#primaryimage\",\"url\":\"https:\\\/\\\/www.iemj.org\\\/wp-content\\\/uploads\\\/2019\\\/05\\\/arton4169-e1619095324361.jpg\",\"contentUrl\":\"https:\\\/\\\/www.iemj.org\\\/wp-content\\\/uploads\\\/2019\\\/05\\\/arton4169-e1619095324361.jpg\",\"width\":350,\"height\":325},{\"@type\":\"BreadcrumbList\",\"@id\":\"https:\\\/\\\/www.iemj.org\\\/de\\\/cantor-haim-ischakis\\\/#breadcrumb\",\"itemListElement\":[{\"@type\":\"ListItem\",\"position\":1,\"name\":\"Accueil\",\"item\":\"https:\\\/\\\/www.iemj.org\\\/de\\\/\"},{\"@type\":\"ListItem\",\"position\":2,\"name\":\"Cantor Haim Ischakis\"}]},{\"@type\":\"WebSite\",\"@id\":\"https:\\\/\\\/www.iemj.org\\\/de\\\/#website\",\"url\":\"https:\\\/\\\/www.iemj.org\\\/de\\\/\",\"name\":\"Institut Europ\u00e9en des Musiques Juives\",\"description\":\"Des traditions musicales \u00e0 la port\u00e9e de tous\",\"publisher\":{\"@id\":\"https:\\\/\\\/www.iemj.org\\\/de\\\/#organization\"},\"potentialAction\":[{\"@type\":\"SearchAction\",\"target\":{\"@type\":\"EntryPoint\",\"urlTemplate\":\"https:\\\/\\\/www.iemj.org\\\/de\\\/?s={search_term_string}\"},\"query-input\":{\"@type\":\"PropertyValueSpecification\",\"valueRequired\":true,\"valueName\":\"search_term_string\"}}],\"inLanguage\":\"de\"},{\"@type\":\"Organization\",\"@id\":\"https:\\\/\\\/www.iemj.org\\\/de\\\/#organization\",\"name\":\"Institut Europ\u00e9en des Musiques Juives\",\"url\":\"https:\\\/\\\/www.iemj.org\\\/de\\\/\",\"logo\":{\"@type\":\"ImageObject\",\"inLanguage\":\"de\",\"@id\":\"https:\\\/\\\/www.iemj.org\\\/de\\\/#\\\/schema\\\/logo\\\/image\\\/\",\"url\":\"https:\\\/\\\/www.iemj.org\\\/wp-content\\\/uploads\\\/2021\\\/09\\\/Logo-IEMJ-Paypal.jpg\",\"contentUrl\":\"https:\\\/\\\/www.iemj.org\\\/wp-content\\\/uploads\\\/2021\\\/09\\\/Logo-IEMJ-Paypal.jpg\",\"width\":150,\"height\":50,\"caption\":\"Institut Europ\u00e9en des Musiques Juives\"},\"image\":{\"@id\":\"https:\\\/\\\/www.iemj.org\\\/de\\\/#\\\/schema\\\/logo\\\/image\\\/\"},\"sameAs\":[\"https:\\\/\\\/www.facebook.com\\\/MusiquesJuives\\\/\",\"https:\\\/\\\/www.instagram.com\\\/musiquesjuives\\\/\",\"https:\\\/\\\/www.youtube.com\\\/user\\\/musiquesjuives\"]},{\"@type\":\"Person\",\"@id\":\"https:\\\/\\\/www.iemj.org\\\/de\\\/#\\\/schema\\\/person\\\/906134402c29d5c76e7b726261dd4bbd\",\"name\":\"Herv\u00e9 Roten\",\"image\":{\"@type\":\"ImageObject\",\"inLanguage\":\"de\",\"@id\":\"https:\\\/\\\/secure.gravatar.com\\\/avatar\\\/f96ad2db538a26481f18384936b5cd0610c92d390c4dc382209216d455f685ff?s=96&d=mm&r=g\",\"url\":\"https:\\\/\\\/secure.gravatar.com\\\/avatar\\\/f96ad2db538a26481f18384936b5cd0610c92d390c4dc382209216d455f685ff?s=96&d=mm&r=g\",\"contentUrl\":\"https:\\\/\\\/secure.gravatar.com\\\/avatar\\\/f96ad2db538a26481f18384936b5cd0610c92d390c4dc382209216d455f685ff?s=96&d=mm&r=g\",\"caption\":\"Herv\u00e9 Roten\"}}]}<\/script>\n<!-- \/ Yoast SEO plugin. -->","yoast_head_json":{"title":"Cantor Haim Ischakis - Institut Europ\u00e9en des Musiques Juives","robots":{"index":"index","follow":"follow","max-snippet":"max-snippet:-1","max-image-preview":"max-image-preview:large","max-video-preview":"max-video-preview:-1"},"canonical":"https:\/\/www.iemj.org\/de\/cantor-haim-ischakis\/","og_locale":"de_DE","og_type":"article","og_title":"Cantor Haim Ischakis - Institut Europ\u00e9en des Musiques Juives","og_description":"Diese 4 CDs umfassende Box, die 2018 vom Europ\u00e4ischen Zentrum f\u00fcr J\u00fcdische Musik (EZJM) in Hannover ver\u00f6ffentlicht wurde, bietet einen umfassenden \u00dcberblick \u00fcber die Musiktraditionen der romaniotischen Juden Griechenlands.","og_url":"https:\/\/www.iemj.org\/de\/cantor-haim-ischakis\/","og_site_name":"Institut Europ\u00e9en des Musiques Juives","article_publisher":"https:\/\/www.facebook.com\/MusiquesJuives\/","article_published_time":"2019-05-21T14:56:36+00:00","article_modified_time":"2025-09-17T08:11:03+00:00","og_image":[{"width":350,"height":325,"url":"https:\/\/www.iemj.org\/wp-content\/uploads\/2019\/05\/arton4169-e1619095324361.jpg","type":"image\/jpeg"}],"author":"Herv\u00e9 Roten","twitter_card":"summary_large_image","twitter_misc":{"Verfasst von":"Herv\u00e9 Roten","Gesch\u00e4tzte Lesezeit":"5\u00a0Minuten"},"schema":{"@context":"https:\/\/schema.org","@graph":[{"@type":"Article","@id":"https:\/\/www.iemj.org\/de\/cantor-haim-ischakis\/#article","isPartOf":{"@id":"https:\/\/www.iemj.org\/de\/cantor-haim-ischakis\/"},"author":{"name":"Herv\u00e9 Roten","@id":"https:\/\/www.iemj.org\/de\/#\/schema\/person\/906134402c29d5c76e7b726261dd4bbd"},"headline":"Cantor Haim Ischakis","datePublished":"2019-05-21T14:56:36+00:00","dateModified":"2025-09-17T08:11:03+00:00","mainEntityOfPage":{"@id":"https:\/\/www.iemj.org\/de\/cantor-haim-ischakis\/"},"wordCount":747,"publisher":{"@id":"https:\/\/www.iemj.org\/de\/#organization"},"image":{"@id":"https:\/\/www.iemj.org\/de\/cantor-haim-ischakis\/#primaryimage"},"thumbnailUrl":"https:\/\/www.iemj.org\/wp-content\/uploads\/2019\/05\/arton4169-e1619095324361.jpg","keywords":["Griechenland"],"articleSection":["CD","Letzte Neuerwerbungen"],"inLanguage":"de"},{"@type":"WebPage","@id":"https:\/\/www.iemj.org\/de\/cantor-haim-ischakis\/","url":"https:\/\/www.iemj.org\/de\/cantor-haim-ischakis\/","name":"Cantor Haim Ischakis - Institut Europ\u00e9en des Musiques Juives","isPartOf":{"@id":"https:\/\/www.iemj.org\/de\/#website"},"primaryImageOfPage":{"@id":"https:\/\/www.iemj.org\/de\/cantor-haim-ischakis\/#primaryimage"},"image":{"@id":"https:\/\/www.iemj.org\/de\/cantor-haim-ischakis\/#primaryimage"},"thumbnailUrl":"https:\/\/www.iemj.org\/wp-content\/uploads\/2019\/05\/arton4169-e1619095324361.jpg","datePublished":"2019-05-21T14:56:36+00:00","dateModified":"2025-09-17T08:11:03+00:00","breadcrumb":{"@id":"https:\/\/www.iemj.org\/de\/cantor-haim-ischakis\/#breadcrumb"},"inLanguage":"de","potentialAction":[{"@type":"ReadAction","target":["https:\/\/www.iemj.org\/de\/cantor-haim-ischakis\/"]}]},{"@type":"ImageObject","inLanguage":"de","@id":"https:\/\/www.iemj.org\/de\/cantor-haim-ischakis\/#primaryimage","url":"https:\/\/www.iemj.org\/wp-content\/uploads\/2019\/05\/arton4169-e1619095324361.jpg","contentUrl":"https:\/\/www.iemj.org\/wp-content\/uploads\/2019\/05\/arton4169-e1619095324361.jpg","width":350,"height":325},{"@type":"BreadcrumbList","@id":"https:\/\/www.iemj.org\/de\/cantor-haim-ischakis\/#breadcrumb","itemListElement":[{"@type":"ListItem","position":1,"name":"Accueil","item":"https:\/\/www.iemj.org\/de\/"},{"@type":"ListItem","position":2,"name":"Cantor Haim Ischakis"}]},{"@type":"WebSite","@id":"https:\/\/www.iemj.org\/de\/#website","url":"https:\/\/www.iemj.org\/de\/","name":"Institut Europ\u00e9en des Musiques Juives","description":"Des traditions musicales \u00e0 la port\u00e9e de tous","publisher":{"@id":"https:\/\/www.iemj.org\/de\/#organization"},"potentialAction":[{"@type":"SearchAction","target":{"@type":"EntryPoint","urlTemplate":"https:\/\/www.iemj.org\/de\/?s={search_term_string}"},"query-input":{"@type":"PropertyValueSpecification","valueRequired":true,"valueName":"search_term_string"}}],"inLanguage":"de"},{"@type":"Organization","@id":"https:\/\/www.iemj.org\/de\/#organization","name":"Institut Europ\u00e9en des Musiques Juives","url":"https:\/\/www.iemj.org\/de\/","logo":{"@type":"ImageObject","inLanguage":"de","@id":"https:\/\/www.iemj.org\/de\/#\/schema\/logo\/image\/","url":"https:\/\/www.iemj.org\/wp-content\/uploads\/2021\/09\/Logo-IEMJ-Paypal.jpg","contentUrl":"https:\/\/www.iemj.org\/wp-content\/uploads\/2021\/09\/Logo-IEMJ-Paypal.jpg","width":150,"height":50,"caption":"Institut Europ\u00e9en des Musiques Juives"},"image":{"@id":"https:\/\/www.iemj.org\/de\/#\/schema\/logo\/image\/"},"sameAs":["https:\/\/www.facebook.com\/MusiquesJuives\/","https:\/\/www.instagram.com\/musiquesjuives\/","https:\/\/www.youtube.com\/user\/musiquesjuives"]},{"@type":"Person","@id":"https:\/\/www.iemj.org\/de\/#\/schema\/person\/906134402c29d5c76e7b726261dd4bbd","name":"Herv\u00e9 Roten","image":{"@type":"ImageObject","inLanguage":"de","@id":"https:\/\/secure.gravatar.com\/avatar\/f96ad2db538a26481f18384936b5cd0610c92d390c4dc382209216d455f685ff?s=96&d=mm&r=g","url":"https:\/\/secure.gravatar.com\/avatar\/f96ad2db538a26481f18384936b5cd0610c92d390c4dc382209216d455f685ff?s=96&d=mm&r=g","contentUrl":"https:\/\/secure.gravatar.com\/avatar\/f96ad2db538a26481f18384936b5cd0610c92d390c4dc382209216d455f685ff?s=96&d=mm&r=g","caption":"Herv\u00e9 Roten"}}]}},"_links":{"self":[{"href":"https:\/\/www.iemj.org\/de\/wp-json\/wp\/v2\/posts\/75062","targetHints":{"allow":["GET"]}}],"collection":[{"href":"https:\/\/www.iemj.org\/de\/wp-json\/wp\/v2\/posts"}],"about":[{"href":"https:\/\/www.iemj.org\/de\/wp-json\/wp\/v2\/types\/post"}],"author":[{"embeddable":true,"href":"https:\/\/www.iemj.org\/de\/wp-json\/wp\/v2\/users\/1045"}],"replies":[{"embeddable":true,"href":"https:\/\/www.iemj.org\/de\/wp-json\/wp\/v2\/comments?post=75062"}],"version-history":[{"count":0,"href":"https:\/\/www.iemj.org\/de\/wp-json\/wp\/v2\/posts\/75062\/revisions"}],"wp:featuredmedia":[{"embeddable":true,"href":"https:\/\/www.iemj.org\/de\/wp-json\/wp\/v2\/media\/75063"}],"wp:attachment":[{"href":"https:\/\/www.iemj.org\/de\/wp-json\/wp\/v2\/media?parent=75062"}],"wp:term":[{"taxonomy":"category","embeddable":true,"href":"https:\/\/www.iemj.org\/de\/wp-json\/wp\/v2\/categories?post=75062"},{"taxonomy":"post_tag","embeddable":true,"href":"https:\/\/www.iemj.org\/de\/wp-json\/wp\/v2\/tags?post=75062"},{"taxonomy":"technique","embeddable":true,"href":"https:\/\/www.iemj.org\/de\/wp-json\/wp\/v2\/technique?post=75062"},{"taxonomy":"squelettes","embeddable":true,"href":"https:\/\/www.iemj.org\/de\/wp-json\/wp\/v2\/squelettes?post=75062"},{"taxonomy":"sujet","embeddable":true,"href":"https:\/\/www.iemj.org\/de\/wp-json\/wp\/v2\/sujet?post=75062"},{"taxonomy":"formation","embeddable":true,"href":"https:\/\/www.iemj.org\/de\/wp-json\/wp\/v2\/formation?post=75062"},{"taxonomy":"genre","embeddable":true,"href":"https:\/\/www.iemj.org\/de\/wp-json\/wp\/v2\/genre?post=75062"},{"taxonomy":"fonds","embeddable":true,"href":"https:\/\/www.iemj.org\/de\/wp-json\/wp\/v2\/fonds?post=75062"},{"taxonomy":"tradition","embeddable":true,"href":"https:\/\/www.iemj.org\/de\/wp-json\/wp\/v2\/tradition?post=75062"},{"taxonomy":"type-de-contenu","embeddable":true,"href":"https:\/\/www.iemj.org\/de\/wp-json\/wp\/v2\/type-de-contenu?post=75062"},{"taxonomy":"interprete-compositeur","embeddable":true,"href":"https:\/\/www.iemj.org\/de\/wp-json\/wp\/v2\/interprete-compositeur?post=75062"},{"taxonomy":"frise","embeddable":true,"href":"https:\/\/www.iemj.org\/de\/wp-json\/wp\/v2\/frise?post=75062"},{"taxonomy":"type-devenement","embeddable":true,"href":"https:\/\/www.iemj.org\/de\/wp-json\/wp\/v2\/type-devenement?post=75062"},{"taxonomy":"tableaux-liens-externes","embeddable":true,"href":"https:\/\/www.iemj.org\/de\/wp-json\/wp\/v2\/tableaux-liens-externes?post=75062"}],"curies":[{"name":"wp","href":"https:\/\/api.w.org\/{rel}","templated":true}]}}