{"id":75070,"date":"2019-05-14T17:45:03","date_gmt":"2019-05-14T15:45:03","guid":{"rendered":"https:\/\/www.iemj.org\/the-yiddish-cabaret-korngold-schulhoff-desyatnikov\/"},"modified":"2025-09-09T17:35:33","modified_gmt":"2025-09-09T15:35:33","slug":"the-yiddish-cabaret-korngold-schulhoff-desyatnikov","status":"publish","type":"post","link":"https:\/\/www.iemj.org\/de\/the-yiddish-cabaret-korngold-schulhoff-desyatnikov\/","title":{"rendered":"The yiddish cabaret &#8211; Korngold \/ Schulhoff \/ Desyatnikov"},"content":{"rendered":"<p class=\"post_excerpt\">Harmonia Mundi, 2019<\/p>\n<p><!--more--><\/p>\n<p>Das Programm dieser CD, ist das Ergebnis der Bestreben des Jerusalemer Quartetts, \u00fcber die Musik des jiddischen Kabaretts im Polen der Zwischenkriegszeit. Fast zwei Jahre lang recherchierten die vier Musiker, mit der Unterst\u00fctzung der Musikwissenschaftlerin <a href=\"https:\/\/www.jewish-music.huji.ac.il\/content\/gila-flam\" target=\"_blank\" rel=\"noopener\">Gila Flam<\/a>, in den Archiven der Nationalbibliothek von Jerusalem. Nach einem langen Auswahlprozess, entschieden sie sich f\u00fcr f\u00fcnf jiddische Lieder, welche in den j\u00fcdischen Kabaretts von Warschau und Lodz, zwischen 1919 und 1939 in Umlauf waren. Das erste Lied, ist ein nostalgisches Lied \u00fcber die Stadt Warschau (Varshe); bei dem zweiten Lied, handelt es sich um eine Parodie eines amerikanischen Liedes, \u00fcber das Schicksal einer j\u00fcdischen Prostituierten (<em>In a hoyz vu men veynt un men lakht<\/em>). Das dritte (<em>Ikh ganve in der nakht<\/em>) und der f\u00fcnfte Lied (<em>Ikh vel shoyn mer nit ganvenen<\/em>) entstammen dem Repertoire der jiddischen \u201eDiebesliedern\u201c der j\u00fcdischen Unterwelt. Das vierte Lied (<em>Yosl und Sore-Dvoshe<\/em>) ist ein Duett zwischen einem Mann und einer Frau, die in Armut leben, dennoch aber davon tr\u00e4umen, eine gro\u00dfe Familie zu haben und gl\u00fccklich in einer gro\u00dfen Stadt zu leben.<\/p>\n<p>Diese f\u00fcnf Lieder dienten dem israelischen Komponisten <strong>Leonid Desyatnikov<\/strong> (1955) als \u201eRohmaterial\u201c. Er adaptierte die St\u00fccke f\u00fcr Gesang (hier auf Jiddisch von der israelischen Sopranistin Hila Baggio gesungen) und Streichquartett. Desyatnikov erkl\u00e4rt, in dem von Gila Flam verfassten Begleitheft der CD: \u201eMein Zyklus besteht aus einer Reihe freier Transkriptionen dieser gemeinhin f\u00fcr qualitativ \u201eminderwertig\u201c befundenen Musik. Es handelt sich um die eklektische Kultur des Proletariats und der Ausl\u00e4nder, die Kultur des billigen Schicks und gleichzeitig \u2013 auf die beste Weise \u2013 um eine kesse und talentierte Kultur, voller Selbstironie und latenter Verzweiflung.\u201c Gila Flam erg\u00e4nzt, dass \u201ej\u00fcdische Musiker und S\u00e4nger, eine f\u00fchrende Rolle in der popul\u00e4ren polnischen Musik gespielt hatten und dazu beitrugen, das Repertoire an polnischen und jiddischen Liedern, zu erweitern. Sie nahmen somit Einfluss auf die gesamte Musik des europ\u00e4ischen Kabaretts wie auch die Musik des Hollywood-Films und die des Broadway-Theaters in Amerika.\u201c<\/p>\n<p>Und gerade in Hollywood verbrachte der j\u00fcdische Komponist <strong>Erich Wolfgang Korngold<\/strong> (1897-1957), den Gro\u00dfteil seiner Karriere. Das am 29. Mai 1897 in Br\u00fcnn, in \u00d6sterreich-Ungarn geborene Wunderkind, welches manchmal mit Mozart verglichen wurde, war einer der letzten Vertreter der Wiener Romantik. 1925 war er nach Richard Strauss, einer der am h\u00e4ufigsten aufgef\u00fchrten Komponisten des deutschsprachigen Raums. 1934 kam er zum ersten Mal in die USA, wo er vor allem Filmmusik f\u00fcr Warner Bros komponierte. Nach einer kurzen R\u00fcckkehr nach Wien, im Jahr 1937, emigrierte er 1938 schlie\u00dflich endg\u00fcltig. In zw\u00f6lf Jahren schrieb er achtzehn St\u00fccke der Filmmusik, von denen zwei (<em>Anthony Adverse<\/em> und <em>Robin Hood<\/em>) mit dem Oscar ausgezeichnet wurden. Das <em>Streichquartett Nr. 2, op. 26<\/em>, in vier S\u00e4tzen komponierte er im Jahr 1933 und am 16. M\u00e4rz 1934 wurde es in Wien vom Rosenquartett uraufgef\u00fchrt, kurz bevor der Komponist in die USA auswanderte. Laut dem Jerusalemer Streichquartett spiegelt dieses Werk, Korngolds tiefe Sehnsucht nach den musikalischen Traditionen Mitteleuropas wider.<\/p>\n<p>Das letzte St\u00fcck auf dieser \u2013 leicht eklektischen \u2013 CD stammt von dem tschechischen Komponisten <strong>Erwin Schulhoff<\/strong> (1894-1942). Er wurde 1894 in Prag, als Sohn einer j\u00fcdischen Familie geboren und wurde schon fr\u00fch von Dvo\u0159\u00e1k entdeckt und gef\u00f6rdert. Sein Stil zeichnet sich durch eine Mischung aus Atonalit\u00e4t, Surrealismus und popul\u00e4re Repertoires aus. Am 22.\u00a0 Juni 1941 wurde er von den Nazis festgenommen und in der Festung W\u00fclzburg in Bayern interniert, wo er am 28. August 1942 an Tuberkulose starb.<\/p>\n<p>Seine <em>F\u00fcnf St\u00fccke f\u00fcr das Streichquartett <\/em>(1923), welche Darius Milhaud gewidmet waren, wurden erstmals am 8. August 1924 in Salzburg aufgef\u00fchrt. Sie bestehen aus einer Reihe von T\u00e4nzen (Walzer, Tango, Tarantella, usw.), welche sich an der popul\u00e4ren Musik der damaligen Zeit inspirierten.<\/p>\n<p><a href=\"http:\/\/www.jerusalem-quartet.com\/index.php\/news\/1258-yiddish-a-new-project-celebrating-jewish-influence-on-xx-century-music\" target=\"_blank\" rel=\"noopener\">Erfahren Sie mehr \u00fcber das Jerusalemer Quartett<\/a><br \/><a href=\"https:\/\/musique.fnac.com\/a13475634\/Erich-Wolfgang-Korngold-The-Yiddish-Cabaret-CD-album\" target=\"_blank\" rel=\"noopener\">Bestellen Sie die CD<\/a><\/p>\n\n\n<h2 class=\"wp-block-heading\"><\/h2>\n\n\n<div class=\"wp-block-image\">\n<figure class=\"aligncenter size-large\"><img fetchpriority=\"high\" decoding=\"async\" width=\"1024\" height=\"133\" src=\"https:\/\/www.iemj.org\/wp-content\/uploads\/2024\/03\/AUDIO-PLAYER-1024x133.png\" alt=\"\" class=\"wp-image-110606\" srcset=\"https:\/\/www.iemj.org\/wp-content\/uploads\/2024\/03\/AUDIO-PLAYER-1024x133.png 1024w, https:\/\/www.iemj.org\/wp-content\/uploads\/2024\/03\/AUDIO-PLAYER-300x39.png 300w, https:\/\/www.iemj.org\/wp-content\/uploads\/2024\/03\/AUDIO-PLAYER-768x100.png 768w, https:\/\/www.iemj.org\/wp-content\/uploads\/2024\/03\/AUDIO-PLAYER-600x78.png 600w, https:\/\/www.iemj.org\/wp-content\/uploads\/2024\/03\/AUDIO-PLAYER.png 1210w\" sizes=\"(max-width: 1024px) 100vw, 1024px\" \/><\/figure>\n<\/div>\n\n\n<div class=\"wp-block-file\"><a href=\"https:\/\/www.iemj.org\/wp-content\/uploads\/2019\/05\/1_korngold_quatuor_cordes_n_2_2_intermezzo_siteiemj.mp3\">Korngold &#8211; Intermezzo (Quatuor \u00e0 cordes n\u00b0 2) (Extrait)<\/a><\/div>\n\n\n\n<div class=\"wp-block-file\"><a href=\"https:\/\/www.iemj.org\/wp-content\/uploads\/2019\/05\/2_schulhoff_cinq_pi_ces_pour_quatuor_cordes_5_alla_tarantella_siteiemj.mp3\">Schulhoff &#8211; Alla Tarantella (Cinq pi\u00e8ces pour quatuor \u00e0 cordes) (Extrait)<\/a><\/div>\n\n\n\n<div class=\"wp-block-file\"><a href=\"https:\/\/www.iemj.org\/wp-content\/uploads\/2019\/05\/3_desyatnikov_5_chansons_de_cabaret_yiddish_pour_voix_et_quatuor_cordes_1_varshe_siteiemj.mp3\">Desyatnikov &#8211; Varshe (5 chansons de cabaret yiddish pour voix et quatuor \u00e0 cordes) (Extrait)<\/a><\/div>\n\n\n\n<div class=\"wp-block-file\"><a href=\"https:\/\/www.iemj.org\/wp-content\/uploads\/2019\/05\/4_desyatnikov_5_chansons_de_cabaret_yiddish_pour_voix_et_quatuor_cordes_2_in_a_hoyz_siteiemj.mp3\">Desyatnikov &#8211; In a hoyz (5 chansons de cabaret yiddish pour voix et quatuor \u00e0 cordes) (Extrait)<\/a><\/div>\n\n\n\n<div class=\"wp-block-file\"><a href=\"https:\/\/www.iemj.org\/wp-content\/uploads\/2019\/05\/5_desyatnikov_5_chansons_de_cabaret_yiddish_pour_voix_et_quatuor_cordes_3_ikh_ganve_in_der_nakht_siteiemj.mp3\">Desyatnikov &#8211; Ikh ganve in der nakht (5 chansons de cabaret yiddish pour voix et quatuor \u00e0 cordes) (Extrait)<\/a><\/div>\n\n\n\n<div class=\"wp-block-file\"><a href=\"https:\/\/www.iemj.org\/wp-content\/uploads\/2019\/05\/6_desyatnikov_5_chansons_de_cabaret_yiddish_pour_voix_et_quatuor_cordes_4_yosl_und_sore-dvoshe_siteiemj.mp3\">Desyatnikov &#8211; Yosl und Sore, Dvoshe (5 chansons de cabaret yiddish pour voix et quatuor \u00e0 cordes) (Extrait)<\/a><\/div>\n\n\n\n<div class=\"wp-block-file\"><a href=\"https:\/\/www.iemj.org\/wp-content\/uploads\/2019\/05\/7_desyatnikov_5_chansons_de_cabaret_yiddish_pour_voix_et_quatuor_cordes_5_ikh_vel_shoyn_mer_nit_ganvenen_siteiemj.mp3\">Desyatnikov &#8211; Ikh vel shoyn mer nit ganvenen (5 chansons de cabaret yiddish pour voix et quatuor \u00e0 cordes) (Extrait)<\/a><\/div>\n","protected":false},"excerpt":{"rendered":"<p>Harmonia Mundi, 2019<\/p>\n","protected":false},"author":1045,"featured_media":75071,"comment_status":"closed","ping_status":"closed","sticky":false,"template":"","format":"standard","meta":{"_acf_changed":false,"footnotes":""},"categories":[1571,1561],"tags":[],"technique":[],"squelettes":[],"sujet":[],"formation":[],"genre":[1900,1864],"fonds":[],"tradition":[],"type-de-contenu":[],"interprete-compositeur":[],"frise":[],"type-devenement":[],"tableaux-liens-externes":[],"class_list":["post-75070","post","type-post","status-publish","format-standard","has-post-thumbnail","hentry","category-cd-de","category-letzte-neuerwerbungen-de","genre-klassische-musik-de","genre-yiddish-de"],"acf":[],"yoast_head":"<!-- This site is optimized with the Yoast SEO plugin v27.3 - https:\/\/yoast.com\/product\/yoast-seo-wordpress\/ -->\n<title>The yiddish cabaret - Korngold \/ Schulhoff \/ Desyatnikov - Institut Europ\u00e9en des Musiques Juives<\/title>\n<meta name=\"robots\" content=\"index, follow, max-snippet:-1, max-image-preview:large, max-video-preview:-1\" \/>\n<link rel=\"canonical\" href=\"https:\/\/www.iemj.org\/de\/the-yiddish-cabaret-korngold-schulhoff-desyatnikov\/\" \/>\n<meta property=\"og:locale\" content=\"de_DE\" \/>\n<meta property=\"og:type\" content=\"article\" \/>\n<meta property=\"og:title\" content=\"The yiddish cabaret - Korngold \/ Schulhoff \/ Desyatnikov - Institut Europ\u00e9en des Musiques Juives\" \/>\n<meta property=\"og:description\" content=\"Harmonia Mundi, 2019\" \/>\n<meta property=\"og:url\" content=\"https:\/\/www.iemj.org\/de\/the-yiddish-cabaret-korngold-schulhoff-desyatnikov\/\" \/>\n<meta property=\"og:site_name\" content=\"Institut Europ\u00e9en des Musiques Juives\" \/>\n<meta property=\"article:publisher\" content=\"https:\/\/www.facebook.com\/MusiquesJuives\/\" \/>\n<meta property=\"article:published_time\" content=\"2019-05-14T15:45:03+00:00\" \/>\n<meta property=\"article:modified_time\" content=\"2025-09-09T15:35:33+00:00\" \/>\n<meta property=\"og:image\" content=\"https:\/\/www.iemj.org\/wp-content\/uploads\/2019\/05\/arton4152-e1619097026872.jpg\" \/>\n\t<meta property=\"og:image:width\" content=\"350\" \/>\n\t<meta property=\"og:image:height\" content=\"350\" \/>\n\t<meta property=\"og:image:type\" content=\"image\/jpeg\" \/>\n<meta name=\"author\" content=\"Herv\u00e9 Roten\" \/>\n<meta name=\"twitter:card\" content=\"summary_large_image\" \/>\n<meta name=\"twitter:label1\" content=\"Verfasst von\" \/>\n\t<meta name=\"twitter:data1\" content=\"Herv\u00e9 Roten\" \/>\n\t<meta name=\"twitter:label2\" content=\"Gesch\u00e4tzte Lesezeit\" \/>\n\t<meta name=\"twitter:data2\" content=\"5\u00a0Minuten\" \/>\n<script type=\"application\/ld+json\" class=\"yoast-schema-graph\">{\"@context\":\"https:\\\/\\\/schema.org\",\"@graph\":[{\"@type\":\"Article\",\"@id\":\"https:\\\/\\\/www.iemj.org\\\/de\\\/the-yiddish-cabaret-korngold-schulhoff-desyatnikov\\\/#article\",\"isPartOf\":{\"@id\":\"https:\\\/\\\/www.iemj.org\\\/de\\\/the-yiddish-cabaret-korngold-schulhoff-desyatnikov\\\/\"},\"author\":{\"name\":\"Herv\u00e9 Roten\",\"@id\":\"https:\\\/\\\/www.iemj.org\\\/de\\\/#\\\/schema\\\/person\\\/906134402c29d5c76e7b726261dd4bbd\"},\"headline\":\"The yiddish cabaret &#8211; Korngold \\\/ Schulhoff \\\/ Desyatnikov\",\"datePublished\":\"2019-05-14T15:45:03+00:00\",\"dateModified\":\"2025-09-09T15:35:33+00:00\",\"mainEntityOfPage\":{\"@id\":\"https:\\\/\\\/www.iemj.org\\\/de\\\/the-yiddish-cabaret-korngold-schulhoff-desyatnikov\\\/\"},\"wordCount\":741,\"publisher\":{\"@id\":\"https:\\\/\\\/www.iemj.org\\\/de\\\/#organization\"},\"image\":{\"@id\":\"https:\\\/\\\/www.iemj.org\\\/de\\\/the-yiddish-cabaret-korngold-schulhoff-desyatnikov\\\/#primaryimage\"},\"thumbnailUrl\":\"https:\\\/\\\/www.iemj.org\\\/wp-content\\\/uploads\\\/2019\\\/05\\\/arton4152-e1619097026872.jpg\",\"articleSection\":[\"CD\",\"Letzte Neuerwerbungen\"],\"inLanguage\":\"de\"},{\"@type\":\"WebPage\",\"@id\":\"https:\\\/\\\/www.iemj.org\\\/de\\\/the-yiddish-cabaret-korngold-schulhoff-desyatnikov\\\/\",\"url\":\"https:\\\/\\\/www.iemj.org\\\/de\\\/the-yiddish-cabaret-korngold-schulhoff-desyatnikov\\\/\",\"name\":\"The yiddish cabaret - Korngold \\\/ Schulhoff \\\/ Desyatnikov - Institut Europ\u00e9en des Musiques Juives\",\"isPartOf\":{\"@id\":\"https:\\\/\\\/www.iemj.org\\\/de\\\/#website\"},\"primaryImageOfPage\":{\"@id\":\"https:\\\/\\\/www.iemj.org\\\/de\\\/the-yiddish-cabaret-korngold-schulhoff-desyatnikov\\\/#primaryimage\"},\"image\":{\"@id\":\"https:\\\/\\\/www.iemj.org\\\/de\\\/the-yiddish-cabaret-korngold-schulhoff-desyatnikov\\\/#primaryimage\"},\"thumbnailUrl\":\"https:\\\/\\\/www.iemj.org\\\/wp-content\\\/uploads\\\/2019\\\/05\\\/arton4152-e1619097026872.jpg\",\"datePublished\":\"2019-05-14T15:45:03+00:00\",\"dateModified\":\"2025-09-09T15:35:33+00:00\",\"breadcrumb\":{\"@id\":\"https:\\\/\\\/www.iemj.org\\\/de\\\/the-yiddish-cabaret-korngold-schulhoff-desyatnikov\\\/#breadcrumb\"},\"inLanguage\":\"de\",\"potentialAction\":[{\"@type\":\"ReadAction\",\"target\":[\"https:\\\/\\\/www.iemj.org\\\/de\\\/the-yiddish-cabaret-korngold-schulhoff-desyatnikov\\\/\"]}]},{\"@type\":\"ImageObject\",\"inLanguage\":\"de\",\"@id\":\"https:\\\/\\\/www.iemj.org\\\/de\\\/the-yiddish-cabaret-korngold-schulhoff-desyatnikov\\\/#primaryimage\",\"url\":\"https:\\\/\\\/www.iemj.org\\\/wp-content\\\/uploads\\\/2019\\\/05\\\/arton4152-e1619097026872.jpg\",\"contentUrl\":\"https:\\\/\\\/www.iemj.org\\\/wp-content\\\/uploads\\\/2019\\\/05\\\/arton4152-e1619097026872.jpg\",\"width\":350,\"height\":350},{\"@type\":\"BreadcrumbList\",\"@id\":\"https:\\\/\\\/www.iemj.org\\\/de\\\/the-yiddish-cabaret-korngold-schulhoff-desyatnikov\\\/#breadcrumb\",\"itemListElement\":[{\"@type\":\"ListItem\",\"position\":1,\"name\":\"Accueil\",\"item\":\"https:\\\/\\\/www.iemj.org\\\/de\\\/\"},{\"@type\":\"ListItem\",\"position\":2,\"name\":\"The yiddish cabaret &#8211; Korngold \\\/ Schulhoff \\\/ Desyatnikov\"}]},{\"@type\":\"WebSite\",\"@id\":\"https:\\\/\\\/www.iemj.org\\\/de\\\/#website\",\"url\":\"https:\\\/\\\/www.iemj.org\\\/de\\\/\",\"name\":\"Institut Europ\u00e9en des Musiques Juives\",\"description\":\"Des traditions musicales \u00e0 la port\u00e9e de tous\",\"publisher\":{\"@id\":\"https:\\\/\\\/www.iemj.org\\\/de\\\/#organization\"},\"potentialAction\":[{\"@type\":\"SearchAction\",\"target\":{\"@type\":\"EntryPoint\",\"urlTemplate\":\"https:\\\/\\\/www.iemj.org\\\/de\\\/?s={search_term_string}\"},\"query-input\":{\"@type\":\"PropertyValueSpecification\",\"valueRequired\":true,\"valueName\":\"search_term_string\"}}],\"inLanguage\":\"de\"},{\"@type\":\"Organization\",\"@id\":\"https:\\\/\\\/www.iemj.org\\\/de\\\/#organization\",\"name\":\"Institut Europ\u00e9en des Musiques Juives\",\"url\":\"https:\\\/\\\/www.iemj.org\\\/de\\\/\",\"logo\":{\"@type\":\"ImageObject\",\"inLanguage\":\"de\",\"@id\":\"https:\\\/\\\/www.iemj.org\\\/de\\\/#\\\/schema\\\/logo\\\/image\\\/\",\"url\":\"https:\\\/\\\/www.iemj.org\\\/wp-content\\\/uploads\\\/2021\\\/09\\\/Logo-IEMJ-Paypal.jpg\",\"contentUrl\":\"https:\\\/\\\/www.iemj.org\\\/wp-content\\\/uploads\\\/2021\\\/09\\\/Logo-IEMJ-Paypal.jpg\",\"width\":150,\"height\":50,\"caption\":\"Institut Europ\u00e9en des Musiques Juives\"},\"image\":{\"@id\":\"https:\\\/\\\/www.iemj.org\\\/de\\\/#\\\/schema\\\/logo\\\/image\\\/\"},\"sameAs\":[\"https:\\\/\\\/www.facebook.com\\\/MusiquesJuives\\\/\",\"https:\\\/\\\/www.instagram.com\\\/musiquesjuives\\\/\",\"https:\\\/\\\/www.youtube.com\\\/user\\\/musiquesjuives\"]},{\"@type\":\"Person\",\"@id\":\"https:\\\/\\\/www.iemj.org\\\/de\\\/#\\\/schema\\\/person\\\/906134402c29d5c76e7b726261dd4bbd\",\"name\":\"Herv\u00e9 Roten\",\"image\":{\"@type\":\"ImageObject\",\"inLanguage\":\"de\",\"@id\":\"https:\\\/\\\/secure.gravatar.com\\\/avatar\\\/f96ad2db538a26481f18384936b5cd0610c92d390c4dc382209216d455f685ff?s=96&d=mm&r=g\",\"url\":\"https:\\\/\\\/secure.gravatar.com\\\/avatar\\\/f96ad2db538a26481f18384936b5cd0610c92d390c4dc382209216d455f685ff?s=96&d=mm&r=g\",\"contentUrl\":\"https:\\\/\\\/secure.gravatar.com\\\/avatar\\\/f96ad2db538a26481f18384936b5cd0610c92d390c4dc382209216d455f685ff?s=96&d=mm&r=g\",\"caption\":\"Herv\u00e9 Roten\"}}]}<\/script>\n<!-- \/ Yoast SEO plugin. -->","yoast_head_json":{"title":"The yiddish cabaret - Korngold \/ Schulhoff \/ Desyatnikov - Institut Europ\u00e9en des Musiques Juives","robots":{"index":"index","follow":"follow","max-snippet":"max-snippet:-1","max-image-preview":"max-image-preview:large","max-video-preview":"max-video-preview:-1"},"canonical":"https:\/\/www.iemj.org\/de\/the-yiddish-cabaret-korngold-schulhoff-desyatnikov\/","og_locale":"de_DE","og_type":"article","og_title":"The yiddish cabaret - Korngold \/ Schulhoff \/ Desyatnikov - Institut Europ\u00e9en des Musiques Juives","og_description":"Harmonia Mundi, 2019","og_url":"https:\/\/www.iemj.org\/de\/the-yiddish-cabaret-korngold-schulhoff-desyatnikov\/","og_site_name":"Institut Europ\u00e9en des Musiques Juives","article_publisher":"https:\/\/www.facebook.com\/MusiquesJuives\/","article_published_time":"2019-05-14T15:45:03+00:00","article_modified_time":"2025-09-09T15:35:33+00:00","og_image":[{"width":350,"height":350,"url":"https:\/\/www.iemj.org\/wp-content\/uploads\/2019\/05\/arton4152-e1619097026872.jpg","type":"image\/jpeg"}],"author":"Herv\u00e9 Roten","twitter_card":"summary_large_image","twitter_misc":{"Verfasst von":"Herv\u00e9 Roten","Gesch\u00e4tzte Lesezeit":"5\u00a0Minuten"},"schema":{"@context":"https:\/\/schema.org","@graph":[{"@type":"Article","@id":"https:\/\/www.iemj.org\/de\/the-yiddish-cabaret-korngold-schulhoff-desyatnikov\/#article","isPartOf":{"@id":"https:\/\/www.iemj.org\/de\/the-yiddish-cabaret-korngold-schulhoff-desyatnikov\/"},"author":{"name":"Herv\u00e9 Roten","@id":"https:\/\/www.iemj.org\/de\/#\/schema\/person\/906134402c29d5c76e7b726261dd4bbd"},"headline":"The yiddish cabaret &#8211; Korngold \/ Schulhoff \/ Desyatnikov","datePublished":"2019-05-14T15:45:03+00:00","dateModified":"2025-09-09T15:35:33+00:00","mainEntityOfPage":{"@id":"https:\/\/www.iemj.org\/de\/the-yiddish-cabaret-korngold-schulhoff-desyatnikov\/"},"wordCount":741,"publisher":{"@id":"https:\/\/www.iemj.org\/de\/#organization"},"image":{"@id":"https:\/\/www.iemj.org\/de\/the-yiddish-cabaret-korngold-schulhoff-desyatnikov\/#primaryimage"},"thumbnailUrl":"https:\/\/www.iemj.org\/wp-content\/uploads\/2019\/05\/arton4152-e1619097026872.jpg","articleSection":["CD","Letzte Neuerwerbungen"],"inLanguage":"de"},{"@type":"WebPage","@id":"https:\/\/www.iemj.org\/de\/the-yiddish-cabaret-korngold-schulhoff-desyatnikov\/","url":"https:\/\/www.iemj.org\/de\/the-yiddish-cabaret-korngold-schulhoff-desyatnikov\/","name":"The yiddish cabaret - Korngold \/ Schulhoff \/ Desyatnikov - Institut Europ\u00e9en des Musiques Juives","isPartOf":{"@id":"https:\/\/www.iemj.org\/de\/#website"},"primaryImageOfPage":{"@id":"https:\/\/www.iemj.org\/de\/the-yiddish-cabaret-korngold-schulhoff-desyatnikov\/#primaryimage"},"image":{"@id":"https:\/\/www.iemj.org\/de\/the-yiddish-cabaret-korngold-schulhoff-desyatnikov\/#primaryimage"},"thumbnailUrl":"https:\/\/www.iemj.org\/wp-content\/uploads\/2019\/05\/arton4152-e1619097026872.jpg","datePublished":"2019-05-14T15:45:03+00:00","dateModified":"2025-09-09T15:35:33+00:00","breadcrumb":{"@id":"https:\/\/www.iemj.org\/de\/the-yiddish-cabaret-korngold-schulhoff-desyatnikov\/#breadcrumb"},"inLanguage":"de","potentialAction":[{"@type":"ReadAction","target":["https:\/\/www.iemj.org\/de\/the-yiddish-cabaret-korngold-schulhoff-desyatnikov\/"]}]},{"@type":"ImageObject","inLanguage":"de","@id":"https:\/\/www.iemj.org\/de\/the-yiddish-cabaret-korngold-schulhoff-desyatnikov\/#primaryimage","url":"https:\/\/www.iemj.org\/wp-content\/uploads\/2019\/05\/arton4152-e1619097026872.jpg","contentUrl":"https:\/\/www.iemj.org\/wp-content\/uploads\/2019\/05\/arton4152-e1619097026872.jpg","width":350,"height":350},{"@type":"BreadcrumbList","@id":"https:\/\/www.iemj.org\/de\/the-yiddish-cabaret-korngold-schulhoff-desyatnikov\/#breadcrumb","itemListElement":[{"@type":"ListItem","position":1,"name":"Accueil","item":"https:\/\/www.iemj.org\/de\/"},{"@type":"ListItem","position":2,"name":"The yiddish cabaret &#8211; Korngold \/ Schulhoff \/ Desyatnikov"}]},{"@type":"WebSite","@id":"https:\/\/www.iemj.org\/de\/#website","url":"https:\/\/www.iemj.org\/de\/","name":"Institut Europ\u00e9en des Musiques Juives","description":"Des traditions musicales \u00e0 la port\u00e9e de tous","publisher":{"@id":"https:\/\/www.iemj.org\/de\/#organization"},"potentialAction":[{"@type":"SearchAction","target":{"@type":"EntryPoint","urlTemplate":"https:\/\/www.iemj.org\/de\/?s={search_term_string}"},"query-input":{"@type":"PropertyValueSpecification","valueRequired":true,"valueName":"search_term_string"}}],"inLanguage":"de"},{"@type":"Organization","@id":"https:\/\/www.iemj.org\/de\/#organization","name":"Institut Europ\u00e9en des Musiques Juives","url":"https:\/\/www.iemj.org\/de\/","logo":{"@type":"ImageObject","inLanguage":"de","@id":"https:\/\/www.iemj.org\/de\/#\/schema\/logo\/image\/","url":"https:\/\/www.iemj.org\/wp-content\/uploads\/2021\/09\/Logo-IEMJ-Paypal.jpg","contentUrl":"https:\/\/www.iemj.org\/wp-content\/uploads\/2021\/09\/Logo-IEMJ-Paypal.jpg","width":150,"height":50,"caption":"Institut Europ\u00e9en des Musiques Juives"},"image":{"@id":"https:\/\/www.iemj.org\/de\/#\/schema\/logo\/image\/"},"sameAs":["https:\/\/www.facebook.com\/MusiquesJuives\/","https:\/\/www.instagram.com\/musiquesjuives\/","https:\/\/www.youtube.com\/user\/musiquesjuives"]},{"@type":"Person","@id":"https:\/\/www.iemj.org\/de\/#\/schema\/person\/906134402c29d5c76e7b726261dd4bbd","name":"Herv\u00e9 Roten","image":{"@type":"ImageObject","inLanguage":"de","@id":"https:\/\/secure.gravatar.com\/avatar\/f96ad2db538a26481f18384936b5cd0610c92d390c4dc382209216d455f685ff?s=96&d=mm&r=g","url":"https:\/\/secure.gravatar.com\/avatar\/f96ad2db538a26481f18384936b5cd0610c92d390c4dc382209216d455f685ff?s=96&d=mm&r=g","contentUrl":"https:\/\/secure.gravatar.com\/avatar\/f96ad2db538a26481f18384936b5cd0610c92d390c4dc382209216d455f685ff?s=96&d=mm&r=g","caption":"Herv\u00e9 Roten"}}]}},"_links":{"self":[{"href":"https:\/\/www.iemj.org\/de\/wp-json\/wp\/v2\/posts\/75070","targetHints":{"allow":["GET"]}}],"collection":[{"href":"https:\/\/www.iemj.org\/de\/wp-json\/wp\/v2\/posts"}],"about":[{"href":"https:\/\/www.iemj.org\/de\/wp-json\/wp\/v2\/types\/post"}],"author":[{"embeddable":true,"href":"https:\/\/www.iemj.org\/de\/wp-json\/wp\/v2\/users\/1045"}],"replies":[{"embeddable":true,"href":"https:\/\/www.iemj.org\/de\/wp-json\/wp\/v2\/comments?post=75070"}],"version-history":[{"count":0,"href":"https:\/\/www.iemj.org\/de\/wp-json\/wp\/v2\/posts\/75070\/revisions"}],"wp:featuredmedia":[{"embeddable":true,"href":"https:\/\/www.iemj.org\/de\/wp-json\/wp\/v2\/media\/75071"}],"wp:attachment":[{"href":"https:\/\/www.iemj.org\/de\/wp-json\/wp\/v2\/media?parent=75070"}],"wp:term":[{"taxonomy":"category","embeddable":true,"href":"https:\/\/www.iemj.org\/de\/wp-json\/wp\/v2\/categories?post=75070"},{"taxonomy":"post_tag","embeddable":true,"href":"https:\/\/www.iemj.org\/de\/wp-json\/wp\/v2\/tags?post=75070"},{"taxonomy":"technique","embeddable":true,"href":"https:\/\/www.iemj.org\/de\/wp-json\/wp\/v2\/technique?post=75070"},{"taxonomy":"squelettes","embeddable":true,"href":"https:\/\/www.iemj.org\/de\/wp-json\/wp\/v2\/squelettes?post=75070"},{"taxonomy":"sujet","embeddable":true,"href":"https:\/\/www.iemj.org\/de\/wp-json\/wp\/v2\/sujet?post=75070"},{"taxonomy":"formation","embeddable":true,"href":"https:\/\/www.iemj.org\/de\/wp-json\/wp\/v2\/formation?post=75070"},{"taxonomy":"genre","embeddable":true,"href":"https:\/\/www.iemj.org\/de\/wp-json\/wp\/v2\/genre?post=75070"},{"taxonomy":"fonds","embeddable":true,"href":"https:\/\/www.iemj.org\/de\/wp-json\/wp\/v2\/fonds?post=75070"},{"taxonomy":"tradition","embeddable":true,"href":"https:\/\/www.iemj.org\/de\/wp-json\/wp\/v2\/tradition?post=75070"},{"taxonomy":"type-de-contenu","embeddable":true,"href":"https:\/\/www.iemj.org\/de\/wp-json\/wp\/v2\/type-de-contenu?post=75070"},{"taxonomy":"interprete-compositeur","embeddable":true,"href":"https:\/\/www.iemj.org\/de\/wp-json\/wp\/v2\/interprete-compositeur?post=75070"},{"taxonomy":"frise","embeddable":true,"href":"https:\/\/www.iemj.org\/de\/wp-json\/wp\/v2\/frise?post=75070"},{"taxonomy":"type-devenement","embeddable":true,"href":"https:\/\/www.iemj.org\/de\/wp-json\/wp\/v2\/type-devenement?post=75070"},{"taxonomy":"tableaux-liens-externes","embeddable":true,"href":"https:\/\/www.iemj.org\/de\/wp-json\/wp\/v2\/tableaux-liens-externes?post=75070"}],"curies":[{"name":"wp","href":"https:\/\/api.w.org\/{rel}","templated":true}]}}