{"id":75076,"date":"2019-04-18T09:02:20","date_gmt":"2019-04-18T07:02:20","guid":{"rendered":"https:\/\/www.iemj.org\/horse-raddish-haskalah\/"},"modified":"2025-09-17T10:16:19","modified_gmt":"2025-09-17T08:16:19","slug":"horse-raddish-haskalah","status":"publish","type":"post","link":"https:\/\/www.iemj.org\/de\/horse-raddish-haskalah\/","title":{"rendered":"Horse Raddish &#8211; Haskalah"},"content":{"rendered":"<p><strong>HASKALAH<\/strong><br \/>Der Albumtitel ist\u00a0der gleichnamigen Bewegung entlehnt, welche von Moses Mendelsohn Mitte des 18. Jahrhunderts initiiert wurde. Der Titel erinnert an die Zeit der Aufkl\u00e4rung, durch den Filter der j\u00fcdischen Identit\u00e4t, in einer modernistischen Version, einem reformierten Denken auf der Suche nach einer utopischen und humanistischen Gesellschaft. Ein mehr heidnischer als frommer Wunsch, welcher uns an den Rand eines fantastischen Universums voller leuchtender Farben und einem Potpourri der Kulturen reisen l\u00e4sst. Man kann sich leicht entwaffnete Superhelden vorstellen, Figuren auf der Suche nach universeller oder intimer Liebe, welche sich f\u00fcr profane Bereiche wie Literatur, Philosophie, Musik und Mathematik interessieren. Diese Universen sind das Ergebnis mehrj\u00e4hriger Konzerte, bei denen die erz\u00e4hlerische Kraft eine wichtigen Platz einnahm und fordern eine Folklore von morgen ein.<\/p>\n<p><strong>Horse Raddish<\/strong><br \/>In Zeiten, in denen das Fremde Angst macht, in denen das Ferne keine Sehns\u00fcchte mehr weckt, freuen wir, Horse Raddish, uns diese nomadische Musik dieser ausgesto\u00dfenen V\u00f6lker \u2013 JA \u2013 voller Gier zu kosten. Mal melancholisch, mal rasend, reich an Geschichte, an Liebe und an Mischmasch an Traditionen. Kommen und wagen Sie die Reise\u2026 . \u201eFrag niemanden nach dem Weg, der ihn kennt, denn du riskierst sonst, dich nicht zu verirren\u201c\u2026 Horse Raddish hat dieses hebr\u00e4ische Sprichwort zu ihrem Manifest erkl\u00e4rt, die Gruppe bewegt sich in den Urspr\u00fcngen der Klezmer-Musik und ist darauf bedacht, sich auf den Pfaden zu verirren, auf denen sich \u201eknackiger\u201c Rock\u2019n\u2019Roll und avantgardistischer wie auch verspielter Jazz kreuzen. Horse Raddish ist eine Gruppe von Improvisatoren, deren einziges Ziel die Freude am Spielen ist und hat so bereits einen bestimmten Bekanntheitsgrad erlangt. Musik, die aus dem Herzen kommt und uns zum Zuh\u00f6ren und zum Tanzen anregt, egal ob im Sitzen oder im Stehen.<\/p>\n<p><strong>Mit:<\/strong><br \/>C\u00e9dric Chatelain: Fl\u00f6te, Sopransaxofon<br \/>Alexandre Leitao: Akkordeon<br \/>Michel Schick: Klarinette, Bassklarinette<br \/>Michel Ta\u00efeb: E-Gitarre, Gesang<br \/>Simon Clavel: Schlagzeug<br \/>Fran\u00e7ois Puyalto: E-Bass<\/p>\n<p><a href=\"https:\/\/horse-raddish.com\/\">Besuchen Sie die Internetseite von Horse-Raddish<\/a><br \/><a href=\"https:\/\/www.iemj.org\/le-yiddish-electrique-du-jazz-rock-au-punk\/\" target=\"_blank\" rel=\"noopener\">H\u00f6ren Sie sich die Radiosendung \u201cLe yiddish \u00e9lectrique : du jazz rock au punk\u201d, mit Michel Schick von Horse Raddish an<\/a><\/p>\n<h2><a href=\"https:\/\/www.iemj.org\/de\/produit\/horse-raddish-haskalah\/\" target=\"_blank\" rel=\"noopener\">Bestellen Sie die CD Haskalah im Onlineshop des \u2019IEMJ<\/a><\/h2>\n<p>\u00a0<\/p>\n<p><img fetchpriority=\"high\" decoding=\"async\" class=\" aligncenter size-full wp-image-23150\" src=\"https:\/\/www.iemj.org\/wp-content\/uploads\/2019\/04\/couv4_haskalah_compressed.jpg\" alt=\"couv4_haskalah_compressed.jpg\" width=\"490\" height=\"432\" align=\"middle\" srcset=\"https:\/\/www.iemj.org\/wp-content\/uploads\/2019\/04\/couv4_haskalah_compressed.jpg 490w, https:\/\/www.iemj.org\/wp-content\/uploads\/2019\/04\/couv4_haskalah_compressed-300x264.jpg 300w\" sizes=\"(max-width: 490px) 100vw, 490px\" \/><\/p>\n\n\n<h2 class=\"wp-block-heading\"><\/h2>\n\n\n<div class=\"wp-block-image\">\n<figure class=\"aligncenter size-large\"><img decoding=\"async\" width=\"1024\" height=\"133\" src=\"https:\/\/www.iemj.org\/wp-content\/uploads\/2024\/03\/AUDIO-PLAYER-1024x133.png\" alt=\"\" class=\"wp-image-110606\" srcset=\"https:\/\/www.iemj.org\/wp-content\/uploads\/2024\/03\/AUDIO-PLAYER-1024x133.png 1024w, https:\/\/www.iemj.org\/wp-content\/uploads\/2024\/03\/AUDIO-PLAYER-300x39.png 300w, https:\/\/www.iemj.org\/wp-content\/uploads\/2024\/03\/AUDIO-PLAYER-768x100.png 768w, https:\/\/www.iemj.org\/wp-content\/uploads\/2024\/03\/AUDIO-PLAYER-600x78.png 600w, https:\/\/www.iemj.org\/wp-content\/uploads\/2024\/03\/AUDIO-PLAYER.png 1210w\" sizes=\"(max-width: 1024px) 100vw, 1024px\" \/><\/figure>\n<\/div>\n\n\n<div class=\"wp-block-file\"><a href=\"https:\/\/www.iemj.org\/wp-content\/uploads\/2019\/03\/01_-_golem_comics_-_michel_schick_.mp3\">01 &#8211; Golem &amp; Comics &#8211; (Michel Schick) &#8211; Extrait<\/a><\/div>\n\n\n\n<div class=\"wp-block-file\"><a href=\"https:\/\/www.iemj.org\/wp-content\/uploads\/2019\/03\/02_-_shtetl_-_michel_taieb_.mp3\">02 &#8211; Shtetl &#8211; (Michel Ta\u00efeb) &#8211; Extrait<\/a><\/div>\n\n\n\n<div class=\"wp-block-file\"><a href=\"https:\/\/www.iemj.org\/wp-content\/uploads\/2019\/03\/03_-_klezmer_de_chine_-_michel_schick_.mp3\">03 &#8211; Klezmer de Chine &#8211; (Michel Schick) &#8211; Extrait<\/a><\/div>\n\n\n\n<div class=\"wp-block-file\"><a href=\"https:\/\/www.iemj.org\/wp-content\/uploads\/2019\/03\/04_-_d_hiver_souhaits_1_-_cedric_chatelain_.mp3\">04 &#8211; D&#8217;Hiver Souhaits 1 &#8211; (Cedric Chatelain) &#8211; Extrait<\/a><\/div>\n\n\n\n<div class=\"wp-block-file\"><a href=\"https:\/\/www.iemj.org\/wp-content\/uploads\/2019\/03\/05_-_nadia_a_la_poutre_-_michel_schick_.mp3\">05 &#8211; Nadia \u00e0 la poutre &#8211; (Michel Schick) &#8211; Extrait<\/a><\/div>\n\n\n\n<div class=\"wp-block-file\"><a href=\"https:\/\/www.iemj.org\/wp-content\/uploads\/2019\/03\/06_-_la_haskalah_des_cachinski_-_michel_schick_.mp3\">06 &#8211; La Haskalah des Cachinski &#8211; (Michel Schick) &#8211; Extrait<\/a><\/div>\n\n\n\n<div class=\"wp-block-file\"><a href=\"https:\/\/www.iemj.org\/wp-content\/uploads\/2019\/03\/07_-_buenos_aires_-_traditionnel_collection_ruth_rubin_.mp3\">07 &#8211; Buenos Aires &#8211; (Traditionnel, Collection Ruth Rubin) &#8211; Extrait<\/a><\/div>\n\n\n\n<div class=\"wp-block-file\"><a href=\"https:\/\/www.iemj.org\/wp-content\/uploads\/2019\/03\/08_-_brooklin_peanuts_-_michel_taieb_.mp3\">08 &#8211; Brooklin Peanuts &#8211; (Michel Ta\u00cfeb) &#8211; Extrait<\/a><\/div>\n","protected":false},"excerpt":{"rendered":"<p>HASKALAHDer Albumtitel ist\u00a0der gleichnamigen Bewegung entlehnt, welche von Moses Mendelsohn Mitte des 18. Jahrhunderts initiiert wurde. Der Titel erinnert an die Zeit der Aufkl\u00e4rung, durch den Filter der j\u00fcdischen Identit\u00e4t,<\/p>\n","protected":false},"author":5,"featured_media":75077,"comment_status":"closed","ping_status":"closed","sticky":false,"template":"","format":"standard","meta":{"_acf_changed":false,"footnotes":""},"categories":[1571,1561],"tags":[],"technique":[],"squelettes":[],"sujet":[],"formation":[],"genre":[1885,1865,1864],"fonds":[],"tradition":[],"type-de-contenu":[],"interprete-compositeur":[],"frise":[],"type-devenement":[],"tableaux-liens-externes":[],"class_list":["post-75076","post","type-post","status-publish","format-standard","has-post-thumbnail","hentry","category-cd-de","category-letzte-neuerwerbungen-de","genre-jazz-de","genre-rock-de","genre-yiddish-de"],"acf":[],"yoast_head":"<!-- This site is optimized with the Yoast SEO plugin v27.3 - https:\/\/yoast.com\/product\/yoast-seo-wordpress\/ -->\n<title>Horse Raddish - Haskalah - Institut Europ\u00e9en des Musiques Juives<\/title>\n<meta name=\"robots\" content=\"index, follow, max-snippet:-1, max-image-preview:large, max-video-preview:-1\" \/>\n<link rel=\"canonical\" href=\"https:\/\/www.iemj.org\/de\/horse-raddish-haskalah\/\" \/>\n<meta property=\"og:locale\" content=\"de_DE\" \/>\n<meta property=\"og:type\" content=\"article\" \/>\n<meta property=\"og:title\" content=\"Horse Raddish - Haskalah - Institut Europ\u00e9en des Musiques Juives\" \/>\n<meta property=\"og:description\" content=\"HASKALAHDer Albumtitel ist\u00a0der gleichnamigen Bewegung entlehnt, welche von Moses Mendelsohn Mitte des 18. Jahrhunderts initiiert wurde. Der Titel erinnert an die Zeit der Aufkl\u00e4rung, durch den Filter der j\u00fcdischen Identit\u00e4t,\" \/>\n<meta property=\"og:url\" content=\"https:\/\/www.iemj.org\/de\/horse-raddish-haskalah\/\" \/>\n<meta property=\"og:site_name\" content=\"Institut Europ\u00e9en des Musiques Juives\" \/>\n<meta property=\"article:publisher\" content=\"https:\/\/www.facebook.com\/MusiquesJuives\/\" \/>\n<meta property=\"article:published_time\" content=\"2019-04-18T07:02:20+00:00\" \/>\n<meta property=\"article:modified_time\" content=\"2025-09-17T08:16:19+00:00\" \/>\n<meta property=\"og:image\" content=\"https:\/\/www.iemj.org\/wp-content\/uploads\/2019\/04\/arton4025-e1619097128678.jpg\" \/>\n\t<meta property=\"og:image:width\" content=\"350\" \/>\n\t<meta property=\"og:image:height\" content=\"350\" \/>\n\t<meta property=\"og:image:type\" content=\"image\/jpeg\" \/>\n<meta name=\"author\" content=\"Jacqueline ROTEN\" \/>\n<meta name=\"twitter:card\" content=\"summary_large_image\" \/>\n<meta name=\"twitter:label1\" content=\"Verfasst von\" \/>\n\t<meta name=\"twitter:data1\" content=\"Jacqueline ROTEN\" \/>\n\t<meta name=\"twitter:label2\" content=\"Gesch\u00e4tzte Lesezeit\" \/>\n\t<meta name=\"twitter:data2\" content=\"3\u00a0Minuten\" \/>\n<script type=\"application\/ld+json\" class=\"yoast-schema-graph\">{\"@context\":\"https:\\\/\\\/schema.org\",\"@graph\":[{\"@type\":\"Article\",\"@id\":\"https:\\\/\\\/www.iemj.org\\\/de\\\/horse-raddish-haskalah\\\/#article\",\"isPartOf\":{\"@id\":\"https:\\\/\\\/www.iemj.org\\\/de\\\/horse-raddish-haskalah\\\/\"},\"author\":{\"name\":\"Jacqueline ROTEN\",\"@id\":\"https:\\\/\\\/www.iemj.org\\\/de\\\/#\\\/schema\\\/person\\\/358e26c18aca017fcc4cc15437f7279c\"},\"headline\":\"Horse Raddish &#8211; Haskalah\",\"datePublished\":\"2019-04-18T07:02:20+00:00\",\"dateModified\":\"2025-09-17T08:16:19+00:00\",\"mainEntityOfPage\":{\"@id\":\"https:\\\/\\\/www.iemj.org\\\/de\\\/horse-raddish-haskalah\\\/\"},\"wordCount\":427,\"publisher\":{\"@id\":\"https:\\\/\\\/www.iemj.org\\\/de\\\/#organization\"},\"image\":{\"@id\":\"https:\\\/\\\/www.iemj.org\\\/de\\\/horse-raddish-haskalah\\\/#primaryimage\"},\"thumbnailUrl\":\"https:\\\/\\\/www.iemj.org\\\/wp-content\\\/uploads\\\/2019\\\/04\\\/arton4025-e1619097128678.jpg\",\"articleSection\":[\"CD\",\"Letzte Neuerwerbungen\"],\"inLanguage\":\"de\"},{\"@type\":\"WebPage\",\"@id\":\"https:\\\/\\\/www.iemj.org\\\/de\\\/horse-raddish-haskalah\\\/\",\"url\":\"https:\\\/\\\/www.iemj.org\\\/de\\\/horse-raddish-haskalah\\\/\",\"name\":\"Horse Raddish - Haskalah - Institut Europ\u00e9en des Musiques Juives\",\"isPartOf\":{\"@id\":\"https:\\\/\\\/www.iemj.org\\\/de\\\/#website\"},\"primaryImageOfPage\":{\"@id\":\"https:\\\/\\\/www.iemj.org\\\/de\\\/horse-raddish-haskalah\\\/#primaryimage\"},\"image\":{\"@id\":\"https:\\\/\\\/www.iemj.org\\\/de\\\/horse-raddish-haskalah\\\/#primaryimage\"},\"thumbnailUrl\":\"https:\\\/\\\/www.iemj.org\\\/wp-content\\\/uploads\\\/2019\\\/04\\\/arton4025-e1619097128678.jpg\",\"datePublished\":\"2019-04-18T07:02:20+00:00\",\"dateModified\":\"2025-09-17T08:16:19+00:00\",\"breadcrumb\":{\"@id\":\"https:\\\/\\\/www.iemj.org\\\/de\\\/horse-raddish-haskalah\\\/#breadcrumb\"},\"inLanguage\":\"de\",\"potentialAction\":[{\"@type\":\"ReadAction\",\"target\":[\"https:\\\/\\\/www.iemj.org\\\/de\\\/horse-raddish-haskalah\\\/\"]}]},{\"@type\":\"ImageObject\",\"inLanguage\":\"de\",\"@id\":\"https:\\\/\\\/www.iemj.org\\\/de\\\/horse-raddish-haskalah\\\/#primaryimage\",\"url\":\"https:\\\/\\\/www.iemj.org\\\/wp-content\\\/uploads\\\/2019\\\/04\\\/arton4025-e1619097128678.jpg\",\"contentUrl\":\"https:\\\/\\\/www.iemj.org\\\/wp-content\\\/uploads\\\/2019\\\/04\\\/arton4025-e1619097128678.jpg\",\"width\":350,\"height\":350},{\"@type\":\"BreadcrumbList\",\"@id\":\"https:\\\/\\\/www.iemj.org\\\/de\\\/horse-raddish-haskalah\\\/#breadcrumb\",\"itemListElement\":[{\"@type\":\"ListItem\",\"position\":1,\"name\":\"Accueil\",\"item\":\"https:\\\/\\\/www.iemj.org\\\/de\\\/\"},{\"@type\":\"ListItem\",\"position\":2,\"name\":\"Horse Raddish &#8211; Haskalah\"}]},{\"@type\":\"WebSite\",\"@id\":\"https:\\\/\\\/www.iemj.org\\\/de\\\/#website\",\"url\":\"https:\\\/\\\/www.iemj.org\\\/de\\\/\",\"name\":\"Institut Europ\u00e9en des Musiques Juives\",\"description\":\"Des traditions musicales \u00e0 la port\u00e9e de tous\",\"publisher\":{\"@id\":\"https:\\\/\\\/www.iemj.org\\\/de\\\/#organization\"},\"potentialAction\":[{\"@type\":\"SearchAction\",\"target\":{\"@type\":\"EntryPoint\",\"urlTemplate\":\"https:\\\/\\\/www.iemj.org\\\/de\\\/?s={search_term_string}\"},\"query-input\":{\"@type\":\"PropertyValueSpecification\",\"valueRequired\":true,\"valueName\":\"search_term_string\"}}],\"inLanguage\":\"de\"},{\"@type\":\"Organization\",\"@id\":\"https:\\\/\\\/www.iemj.org\\\/de\\\/#organization\",\"name\":\"Institut Europ\u00e9en des Musiques Juives\",\"url\":\"https:\\\/\\\/www.iemj.org\\\/de\\\/\",\"logo\":{\"@type\":\"ImageObject\",\"inLanguage\":\"de\",\"@id\":\"https:\\\/\\\/www.iemj.org\\\/de\\\/#\\\/schema\\\/logo\\\/image\\\/\",\"url\":\"https:\\\/\\\/www.iemj.org\\\/wp-content\\\/uploads\\\/2021\\\/09\\\/Logo-IEMJ-Paypal.jpg\",\"contentUrl\":\"https:\\\/\\\/www.iemj.org\\\/wp-content\\\/uploads\\\/2021\\\/09\\\/Logo-IEMJ-Paypal.jpg\",\"width\":150,\"height\":50,\"caption\":\"Institut Europ\u00e9en des Musiques Juives\"},\"image\":{\"@id\":\"https:\\\/\\\/www.iemj.org\\\/de\\\/#\\\/schema\\\/logo\\\/image\\\/\"},\"sameAs\":[\"https:\\\/\\\/www.facebook.com\\\/MusiquesJuives\\\/\",\"https:\\\/\\\/www.instagram.com\\\/musiquesjuives\\\/\",\"https:\\\/\\\/www.youtube.com\\\/user\\\/musiquesjuives\"]},{\"@type\":\"Person\",\"@id\":\"https:\\\/\\\/www.iemj.org\\\/de\\\/#\\\/schema\\\/person\\\/358e26c18aca017fcc4cc15437f7279c\",\"name\":\"Jacqueline ROTEN\",\"image\":{\"@type\":\"ImageObject\",\"inLanguage\":\"de\",\"@id\":\"https:\\\/\\\/secure.gravatar.com\\\/avatar\\\/5964256d6c6957de3a3505278957e0fb2a35119ac47ea41827a65301213c810b?s=96&d=mm&r=g\",\"url\":\"https:\\\/\\\/secure.gravatar.com\\\/avatar\\\/5964256d6c6957de3a3505278957e0fb2a35119ac47ea41827a65301213c810b?s=96&d=mm&r=g\",\"contentUrl\":\"https:\\\/\\\/secure.gravatar.com\\\/avatar\\\/5964256d6c6957de3a3505278957e0fb2a35119ac47ea41827a65301213c810b?s=96&d=mm&r=g\",\"caption\":\"Jacqueline ROTEN\"}}]}<\/script>\n<!-- \/ Yoast SEO plugin. -->","yoast_head_json":{"title":"Horse Raddish - Haskalah - Institut Europ\u00e9en des Musiques Juives","robots":{"index":"index","follow":"follow","max-snippet":"max-snippet:-1","max-image-preview":"max-image-preview:large","max-video-preview":"max-video-preview:-1"},"canonical":"https:\/\/www.iemj.org\/de\/horse-raddish-haskalah\/","og_locale":"de_DE","og_type":"article","og_title":"Horse Raddish - Haskalah - Institut Europ\u00e9en des Musiques Juives","og_description":"HASKALAHDer Albumtitel ist\u00a0der gleichnamigen Bewegung entlehnt, welche von Moses Mendelsohn Mitte des 18. Jahrhunderts initiiert wurde. Der Titel erinnert an die Zeit der Aufkl\u00e4rung, durch den Filter der j\u00fcdischen Identit\u00e4t,","og_url":"https:\/\/www.iemj.org\/de\/horse-raddish-haskalah\/","og_site_name":"Institut Europ\u00e9en des Musiques Juives","article_publisher":"https:\/\/www.facebook.com\/MusiquesJuives\/","article_published_time":"2019-04-18T07:02:20+00:00","article_modified_time":"2025-09-17T08:16:19+00:00","og_image":[{"width":350,"height":350,"url":"https:\/\/www.iemj.org\/wp-content\/uploads\/2019\/04\/arton4025-e1619097128678.jpg","type":"image\/jpeg"}],"author":"Jacqueline ROTEN","twitter_card":"summary_large_image","twitter_misc":{"Verfasst von":"Jacqueline ROTEN","Gesch\u00e4tzte Lesezeit":"3\u00a0Minuten"},"schema":{"@context":"https:\/\/schema.org","@graph":[{"@type":"Article","@id":"https:\/\/www.iemj.org\/de\/horse-raddish-haskalah\/#article","isPartOf":{"@id":"https:\/\/www.iemj.org\/de\/horse-raddish-haskalah\/"},"author":{"name":"Jacqueline ROTEN","@id":"https:\/\/www.iemj.org\/de\/#\/schema\/person\/358e26c18aca017fcc4cc15437f7279c"},"headline":"Horse Raddish &#8211; Haskalah","datePublished":"2019-04-18T07:02:20+00:00","dateModified":"2025-09-17T08:16:19+00:00","mainEntityOfPage":{"@id":"https:\/\/www.iemj.org\/de\/horse-raddish-haskalah\/"},"wordCount":427,"publisher":{"@id":"https:\/\/www.iemj.org\/de\/#organization"},"image":{"@id":"https:\/\/www.iemj.org\/de\/horse-raddish-haskalah\/#primaryimage"},"thumbnailUrl":"https:\/\/www.iemj.org\/wp-content\/uploads\/2019\/04\/arton4025-e1619097128678.jpg","articleSection":["CD","Letzte Neuerwerbungen"],"inLanguage":"de"},{"@type":"WebPage","@id":"https:\/\/www.iemj.org\/de\/horse-raddish-haskalah\/","url":"https:\/\/www.iemj.org\/de\/horse-raddish-haskalah\/","name":"Horse Raddish - Haskalah - Institut Europ\u00e9en des Musiques Juives","isPartOf":{"@id":"https:\/\/www.iemj.org\/de\/#website"},"primaryImageOfPage":{"@id":"https:\/\/www.iemj.org\/de\/horse-raddish-haskalah\/#primaryimage"},"image":{"@id":"https:\/\/www.iemj.org\/de\/horse-raddish-haskalah\/#primaryimage"},"thumbnailUrl":"https:\/\/www.iemj.org\/wp-content\/uploads\/2019\/04\/arton4025-e1619097128678.jpg","datePublished":"2019-04-18T07:02:20+00:00","dateModified":"2025-09-17T08:16:19+00:00","breadcrumb":{"@id":"https:\/\/www.iemj.org\/de\/horse-raddish-haskalah\/#breadcrumb"},"inLanguage":"de","potentialAction":[{"@type":"ReadAction","target":["https:\/\/www.iemj.org\/de\/horse-raddish-haskalah\/"]}]},{"@type":"ImageObject","inLanguage":"de","@id":"https:\/\/www.iemj.org\/de\/horse-raddish-haskalah\/#primaryimage","url":"https:\/\/www.iemj.org\/wp-content\/uploads\/2019\/04\/arton4025-e1619097128678.jpg","contentUrl":"https:\/\/www.iemj.org\/wp-content\/uploads\/2019\/04\/arton4025-e1619097128678.jpg","width":350,"height":350},{"@type":"BreadcrumbList","@id":"https:\/\/www.iemj.org\/de\/horse-raddish-haskalah\/#breadcrumb","itemListElement":[{"@type":"ListItem","position":1,"name":"Accueil","item":"https:\/\/www.iemj.org\/de\/"},{"@type":"ListItem","position":2,"name":"Horse Raddish &#8211; Haskalah"}]},{"@type":"WebSite","@id":"https:\/\/www.iemj.org\/de\/#website","url":"https:\/\/www.iemj.org\/de\/","name":"Institut Europ\u00e9en des Musiques Juives","description":"Des traditions musicales \u00e0 la port\u00e9e de tous","publisher":{"@id":"https:\/\/www.iemj.org\/de\/#organization"},"potentialAction":[{"@type":"SearchAction","target":{"@type":"EntryPoint","urlTemplate":"https:\/\/www.iemj.org\/de\/?s={search_term_string}"},"query-input":{"@type":"PropertyValueSpecification","valueRequired":true,"valueName":"search_term_string"}}],"inLanguage":"de"},{"@type":"Organization","@id":"https:\/\/www.iemj.org\/de\/#organization","name":"Institut Europ\u00e9en des Musiques Juives","url":"https:\/\/www.iemj.org\/de\/","logo":{"@type":"ImageObject","inLanguage":"de","@id":"https:\/\/www.iemj.org\/de\/#\/schema\/logo\/image\/","url":"https:\/\/www.iemj.org\/wp-content\/uploads\/2021\/09\/Logo-IEMJ-Paypal.jpg","contentUrl":"https:\/\/www.iemj.org\/wp-content\/uploads\/2021\/09\/Logo-IEMJ-Paypal.jpg","width":150,"height":50,"caption":"Institut Europ\u00e9en des Musiques Juives"},"image":{"@id":"https:\/\/www.iemj.org\/de\/#\/schema\/logo\/image\/"},"sameAs":["https:\/\/www.facebook.com\/MusiquesJuives\/","https:\/\/www.instagram.com\/musiquesjuives\/","https:\/\/www.youtube.com\/user\/musiquesjuives"]},{"@type":"Person","@id":"https:\/\/www.iemj.org\/de\/#\/schema\/person\/358e26c18aca017fcc4cc15437f7279c","name":"Jacqueline ROTEN","image":{"@type":"ImageObject","inLanguage":"de","@id":"https:\/\/secure.gravatar.com\/avatar\/5964256d6c6957de3a3505278957e0fb2a35119ac47ea41827a65301213c810b?s=96&d=mm&r=g","url":"https:\/\/secure.gravatar.com\/avatar\/5964256d6c6957de3a3505278957e0fb2a35119ac47ea41827a65301213c810b?s=96&d=mm&r=g","contentUrl":"https:\/\/secure.gravatar.com\/avatar\/5964256d6c6957de3a3505278957e0fb2a35119ac47ea41827a65301213c810b?s=96&d=mm&r=g","caption":"Jacqueline ROTEN"}}]}},"_links":{"self":[{"href":"https:\/\/www.iemj.org\/de\/wp-json\/wp\/v2\/posts\/75076","targetHints":{"allow":["GET"]}}],"collection":[{"href":"https:\/\/www.iemj.org\/de\/wp-json\/wp\/v2\/posts"}],"about":[{"href":"https:\/\/www.iemj.org\/de\/wp-json\/wp\/v2\/types\/post"}],"author":[{"embeddable":true,"href":"https:\/\/www.iemj.org\/de\/wp-json\/wp\/v2\/users\/5"}],"replies":[{"embeddable":true,"href":"https:\/\/www.iemj.org\/de\/wp-json\/wp\/v2\/comments?post=75076"}],"version-history":[{"count":0,"href":"https:\/\/www.iemj.org\/de\/wp-json\/wp\/v2\/posts\/75076\/revisions"}],"wp:featuredmedia":[{"embeddable":true,"href":"https:\/\/www.iemj.org\/de\/wp-json\/wp\/v2\/media\/75077"}],"wp:attachment":[{"href":"https:\/\/www.iemj.org\/de\/wp-json\/wp\/v2\/media?parent=75076"}],"wp:term":[{"taxonomy":"category","embeddable":true,"href":"https:\/\/www.iemj.org\/de\/wp-json\/wp\/v2\/categories?post=75076"},{"taxonomy":"post_tag","embeddable":true,"href":"https:\/\/www.iemj.org\/de\/wp-json\/wp\/v2\/tags?post=75076"},{"taxonomy":"technique","embeddable":true,"href":"https:\/\/www.iemj.org\/de\/wp-json\/wp\/v2\/technique?post=75076"},{"taxonomy":"squelettes","embeddable":true,"href":"https:\/\/www.iemj.org\/de\/wp-json\/wp\/v2\/squelettes?post=75076"},{"taxonomy":"sujet","embeddable":true,"href":"https:\/\/www.iemj.org\/de\/wp-json\/wp\/v2\/sujet?post=75076"},{"taxonomy":"formation","embeddable":true,"href":"https:\/\/www.iemj.org\/de\/wp-json\/wp\/v2\/formation?post=75076"},{"taxonomy":"genre","embeddable":true,"href":"https:\/\/www.iemj.org\/de\/wp-json\/wp\/v2\/genre?post=75076"},{"taxonomy":"fonds","embeddable":true,"href":"https:\/\/www.iemj.org\/de\/wp-json\/wp\/v2\/fonds?post=75076"},{"taxonomy":"tradition","embeddable":true,"href":"https:\/\/www.iemj.org\/de\/wp-json\/wp\/v2\/tradition?post=75076"},{"taxonomy":"type-de-contenu","embeddable":true,"href":"https:\/\/www.iemj.org\/de\/wp-json\/wp\/v2\/type-de-contenu?post=75076"},{"taxonomy":"interprete-compositeur","embeddable":true,"href":"https:\/\/www.iemj.org\/de\/wp-json\/wp\/v2\/interprete-compositeur?post=75076"},{"taxonomy":"frise","embeddable":true,"href":"https:\/\/www.iemj.org\/de\/wp-json\/wp\/v2\/frise?post=75076"},{"taxonomy":"type-devenement","embeddable":true,"href":"https:\/\/www.iemj.org\/de\/wp-json\/wp\/v2\/type-devenement?post=75076"},{"taxonomy":"tableaux-liens-externes","embeddable":true,"href":"https:\/\/www.iemj.org\/de\/wp-json\/wp\/v2\/tableaux-liens-externes?post=75076"}],"curies":[{"name":"wp","href":"https:\/\/api.w.org\/{rel}","templated":true}]}}