{"id":75096,"date":"2019-02-12T18:21:32","date_gmt":"2019-02-12T17:21:32","guid":{"rendered":"https:\/\/www.iemj.org\/sutzkever-project-2\/"},"modified":"2025-09-17T10:29:27","modified_gmt":"2025-09-17T08:29:27","slug":"sutzkever-project-2","status":"publish","type":"post","link":"https:\/\/www.iemj.org\/de\/sutzkever-project-2\/","title":{"rendered":"Sutzkever Project"},"content":{"rendered":"<p>Die CD <em>Sutzkever Project<\/em> entstand 2010 aus der Begegnung des Komponisten, des Gro\u00dfneffen des Komponisten Olivier Milhaud, mit der Jiddisch-Lehrerin und \u00dcbersetzerin Batia Baum. Im Laufe des Treffens, erw\u00e4hnte Batia Baum die Pers\u00f6nlichkeit und das faszinierende Werk des Dichters Avrom Sutzkever. Ein beeindruckendes Werk, in welchem der Dichter die Sterne in der Kanalisation des Wilnaer Ghettos aufgehen sieht oder sich einen Sonnenuntergang in seinem eigenen, mit Kalk vermischten Blut vorstellt. Sutzkevers jiddische Poesie vereitelt somit die Gr\u00e4ueltaten, indem sie die Welt mit etwas Leben und Sch\u00f6nheit neu entstehen l\u00e4sst\u2026<\/p>\n<p>Verf\u00fchrt von den Texten dieses gro\u00dfen Dichters, versp\u00fcrte Olivier Milhaud das Verlangen, sie musikalisch zu vertonen. Aus den Begegnungen, 2015 mit der S\u00e4ngerin Melanie Gardyn und 2016 mit der Pianistin Natacha Medvedeva, entstand das Sutzkever Project. Dieses gewann 2017 den ersten Preis des <em>Internationalen Festivals f\u00fcr J\u00fcdische Musik in Amsterdam<\/em>, sowie den <em>Mira-Rafalowicz-Preis<\/em> f\u00fcr die beste jiddische Darbietung.<\/p>\n<p><img fetchpriority=\"high\" decoding=\"async\" class=\" alignright size-full wp-image-22739\" src=\"https:\/\/www.iemj.org\/wp-content\/uploads\/2019\/02\/cd_1140_couv4_-_redim.jpg\" alt=\"cd_1140_couv4_-_redim.jpg\" width=\"341\" height=\"300\" align=\"right\" srcset=\"https:\/\/www.iemj.org\/wp-content\/uploads\/2019\/02\/cd_1140_couv4_-_redim.jpg 341w, https:\/\/www.iemj.org\/wp-content\/uploads\/2019\/02\/cd_1140_couv4_-_redim-300x264.jpg 300w\" sizes=\"(max-width: 341px) 100vw, 341px\" \/><\/p>\n<p>Die CD <em>Sutzkever Project<\/em> wurde 2018 ver\u00f6ffentlicht und enth\u00e4lt 12 Gedichte von Avrom Sutzkever, welche ganz unterschiedliche Themen und Welten behandeln:\u00a0 Die siberische Natur, verbunden mit dem Tod des Vaters (<em>Sibir<\/em>), die Natur, welche durch zwei verliebte und miteinander verwachsene B\u00e4ume dargestellt wird (<em>Tsvey beymer<\/em>), ein verlassenes Nest (<em>Di farloyrene nest<\/em>), das Gebet und die Erinnerung an den Gro\u00dfvater (<em>Tikn os<\/em>), die Genesis und das Ende des Paradieses (<em>Der boym fun leben, Der boym fun visn<\/em>), das zu einer Art Bildgedicht verkl\u00e4rte Grauen einer Vision (<em>Farfroyrene yidn, ikh lig in an orn<\/em>), das Grauen wiedermal in einer zynischen Melodie (<em>A vogn shikh<\/em>), die Vorstellung eines Sonnenuntergangs in Kalk als Gedichtverse (<em>Di sturmisten<\/em>) oder die Desillusionierung einer \u00c4ra (<em>Penemer in zumpn<\/em>), eine mystische Befragung (<em>Tsou vemen geher ikh<\/em>?), zum Leben erweckte Worte \u2013 die Fiedelrose (<em>Di fidlroyz<\/em>), eine Erscheinung oder ein Traum?\u00a0 &#8211; die T\u00e4nzerin (<em>Di tentserin<\/em>).<\/p>\n<p>Jedes Lied geht von einem musikalischen Ausgangspunkt aus (wie etwa einem Wort, einem Leitmotiv f\u00fcr Sutzkever), d.h. einem harmonischen, melodischen und\/oder rhythmischen Motiv, aus dem der restliche Text entflie\u00dft.<\/p>\n<p>Olivier Milahuds Musik, welche von der j\u00fcdischen Liturgie inspiriert ist und von M\u00e9lanie Gardyn und Natacha Medvedeva gro\u00dfartig dargeboten wird, reiht sich ein, in die Tradition von Bloch, Ravel, Eisler, Schostakowitsch\u2026<\/p>\n<p>Ein voller Erfolg!<\/p>\n<p><a href=\"https:\/\/www.iemj.org\/wp-content\/uploads\/2019\/02\/bio_sutzkever-dossier-anima.pdf\" target=\"_blank\" rel=\"noopener\">Biografie von Avrom Sutzkever<\/a><\/p>\n<h2><a href=\"https:\/\/www.iemj.org\/de\/produit\/sutzkever-project\/\" target=\"_blank\" rel=\"noopener\">Bestellen Sie die CD Sutzkever Project im Onlineshop des IEMJ<\/a><\/h2>\n\n\n<h2 class=\"wp-block-heading\"><\/h2>\n\n\n<div class=\"wp-block-image\">\n<figure class=\"aligncenter size-large\"><img decoding=\"async\" width=\"1024\" height=\"133\" src=\"https:\/\/www.iemj.org\/wp-content\/uploads\/2024\/03\/AUDIO-PLAYER-1024x133.png\" alt=\"\" class=\"wp-image-110606\" srcset=\"https:\/\/www.iemj.org\/wp-content\/uploads\/2024\/03\/AUDIO-PLAYER-1024x133.png 1024w, https:\/\/www.iemj.org\/wp-content\/uploads\/2024\/03\/AUDIO-PLAYER-300x39.png 300w, https:\/\/www.iemj.org\/wp-content\/uploads\/2024\/03\/AUDIO-PLAYER-768x100.png 768w, https:\/\/www.iemj.org\/wp-content\/uploads\/2024\/03\/AUDIO-PLAYER-600x78.png 600w, https:\/\/www.iemj.org\/wp-content\/uploads\/2024\/03\/AUDIO-PLAYER.png 1210w\" sizes=\"(max-width: 1024px) 100vw, 1024px\" \/><\/figure>\n<\/div>\n\n\n<div class=\"wp-block-file\"><a href=\"https:\/\/www.iemj.org\/wp-content\/uploads\/2019\/02\/01_petit_soleil_ex.mp3\">01 Petit soleil EX<\/a><\/div>\n\n\n\n<div class=\"wp-block-file\"><a href=\"https:\/\/www.iemj.org\/wp-content\/uploads\/2019\/02\/02_juifs_gel_s_ex.mp3\">02 Juifs gel\u00e9s EX<\/a><\/div>\n\n\n\n<div class=\"wp-block-file\"><a href=\"https:\/\/www.iemj.org\/wp-content\/uploads\/2019\/02\/03_a_qui_j_appartiens_ex.mp3\">03 A qui j appartiens EX<\/a><\/div>\n\n\n\n<div class=\"wp-block-file\"><a href=\"https:\/\/www.iemj.org\/wp-content\/uploads\/2019\/02\/04_visages_dans_les_mar_cages_ex.mp3\">04 Un visage dans les mar\u00e9cages EX<\/a><\/div>\n\n\n\n<div class=\"wp-block-file\"><a href=\"https:\/\/www.iemj.org\/wp-content\/uploads\/2019\/02\/05_deux_arbres_ex.mp3\">05 Deux arbres EX<\/a><\/div>\n\n\n\n<div class=\"wp-block-file\"><a href=\"https:\/\/www.iemj.org\/wp-content\/uploads\/2019\/02\/06_un_wagon_de_chaussures_ex.mp3\">06 Un wagon de chaussures EX<\/a><\/div>\n\n\n\n<div class=\"wp-block-file\"><a href=\"https:\/\/www.iemj.org\/wp-content\/uploads\/2019\/02\/07_au_bord_du_lac_narotch_ex.mp3\">07 Au bord du lac Narotch EX<\/a><\/div>\n\n\n\n<div class=\"wp-block-file\"><a href=\"https:\/\/www.iemj.org\/wp-content\/uploads\/2019\/02\/08_je_gis_dans_un_cercueil_ex.mp3\">08 Je gis dans un cercueil EX<\/a><\/div>\n\n\n\n<div class=\"wp-block-file\"><a href=\"https:\/\/www.iemj.org\/wp-content\/uploads\/2019\/02\/09_nid_perdu_ex.mp3\">09 Nid perdu EX<\/a><\/div>\n\n\n\n<div class=\"wp-block-file\"><a href=\"https:\/\/www.iemj.org\/wp-content\/uploads\/2019\/02\/10_qui_restera_ex.mp3\">10 Qui restera EX<\/a><\/div>\n\n\n\n<div class=\"wp-block-file\"><a href=\"https:\/\/www.iemj.org\/wp-content\/uploads\/2019\/02\/11_chant_de_r_paration_ex.mp3\">11 Chant de r\u00e9paration EX<\/a><\/div>\n\n\n\n<div class=\"wp-block-file\"><a href=\"https:\/\/www.iemj.org\/wp-content\/uploads\/2019\/02\/12_a_travers_les_nuits_ensoleill_es_ex.mp3\">12 A travers les nuits ensoleill\u00e9es EX<\/a><\/div>\n","protected":false},"excerpt":{"rendered":"<p>Die CD Sutzkever Project entstand 2010 aus der Begegnung des Komponisten, des Gro\u00dfneffen des Komponisten Olivier Milhaud, mit der Jiddisch-Lehrerin und \u00dcbersetzerin Batia Baum. Im Laufe des Treffens, erw\u00e4hnte Batia<\/p>\n","protected":false},"author":1045,"featured_media":75097,"comment_status":"closed","ping_status":"closed","sticky":false,"template":"","format":"standard","meta":{"_acf_changed":false,"footnotes":""},"categories":[1571,1561],"tags":[],"technique":[],"squelettes":[],"sujet":[],"formation":[],"genre":[1900,1864],"fonds":[],"tradition":[],"type-de-contenu":[],"interprete-compositeur":[],"frise":[],"type-devenement":[],"tableaux-liens-externes":[],"class_list":["post-75096","post","type-post","status-publish","format-standard","has-post-thumbnail","hentry","category-cd-de","category-letzte-neuerwerbungen-de","genre-klassische-musik-de","genre-yiddish-de"],"acf":[],"yoast_head":"<!-- This site is optimized with the Yoast SEO plugin v27.3 - https:\/\/yoast.com\/product\/yoast-seo-wordpress\/ -->\n<title>Sutzkever Project - Institut Europ\u00e9en des Musiques Juives<\/title>\n<meta name=\"robots\" content=\"index, follow, max-snippet:-1, max-image-preview:large, max-video-preview:-1\" \/>\n<link rel=\"canonical\" href=\"https:\/\/www.iemj.org\/de\/sutzkever-project-2\/\" \/>\n<meta property=\"og:locale\" content=\"de_DE\" \/>\n<meta property=\"og:type\" content=\"article\" \/>\n<meta property=\"og:title\" content=\"Sutzkever Project - Institut Europ\u00e9en des Musiques Juives\" \/>\n<meta property=\"og:description\" content=\"Die CD Sutzkever Project entstand 2010 aus der Begegnung des Komponisten, des Gro\u00dfneffen des Komponisten Olivier Milhaud, mit der Jiddisch-Lehrerin und \u00dcbersetzerin Batia Baum. Im Laufe des Treffens, erw\u00e4hnte Batia\" \/>\n<meta property=\"og:url\" content=\"https:\/\/www.iemj.org\/de\/sutzkever-project-2\/\" \/>\n<meta property=\"og:site_name\" content=\"Institut Europ\u00e9en des Musiques Juives\" \/>\n<meta property=\"article:publisher\" content=\"https:\/\/www.facebook.com\/MusiquesJuives\/\" \/>\n<meta property=\"article:published_time\" content=\"2019-02-12T17:21:32+00:00\" \/>\n<meta property=\"article:modified_time\" content=\"2025-09-17T08:29:27+00:00\" \/>\n<meta property=\"og:image\" content=\"https:\/\/www.iemj.org\/wp-content\/uploads\/2019\/02\/arton3946-e1619099731992.jpg\" \/>\n\t<meta property=\"og:image:width\" content=\"350\" \/>\n\t<meta property=\"og:image:height\" content=\"308\" \/>\n\t<meta property=\"og:image:type\" content=\"image\/jpeg\" \/>\n<meta name=\"author\" content=\"Herv\u00e9 Roten\" \/>\n<meta name=\"twitter:card\" content=\"summary_large_image\" \/>\n<meta name=\"twitter:label1\" content=\"Verfasst von\" \/>\n\t<meta name=\"twitter:data1\" content=\"Herv\u00e9 Roten\" \/>\n\t<meta name=\"twitter:label2\" content=\"Gesch\u00e4tzte Lesezeit\" \/>\n\t<meta name=\"twitter:data2\" content=\"3\u00a0Minuten\" \/>\n<script type=\"application\/ld+json\" class=\"yoast-schema-graph\">{\"@context\":\"https:\\\/\\\/schema.org\",\"@graph\":[{\"@type\":\"Article\",\"@id\":\"https:\\\/\\\/www.iemj.org\\\/de\\\/sutzkever-project-2\\\/#article\",\"isPartOf\":{\"@id\":\"https:\\\/\\\/www.iemj.org\\\/de\\\/sutzkever-project-2\\\/\"},\"author\":{\"name\":\"Herv\u00e9 Roten\",\"@id\":\"https:\\\/\\\/www.iemj.org\\\/de\\\/#\\\/schema\\\/person\\\/906134402c29d5c76e7b726261dd4bbd\"},\"headline\":\"Sutzkever Project\",\"datePublished\":\"2019-02-12T17:21:32+00:00\",\"dateModified\":\"2025-09-17T08:29:27+00:00\",\"mainEntityOfPage\":{\"@id\":\"https:\\\/\\\/www.iemj.org\\\/de\\\/sutzkever-project-2\\\/\"},\"wordCount\":448,\"publisher\":{\"@id\":\"https:\\\/\\\/www.iemj.org\\\/de\\\/#organization\"},\"image\":{\"@id\":\"https:\\\/\\\/www.iemj.org\\\/de\\\/sutzkever-project-2\\\/#primaryimage\"},\"thumbnailUrl\":\"https:\\\/\\\/www.iemj.org\\\/wp-content\\\/uploads\\\/2019\\\/02\\\/arton3946-e1619099731992.jpg\",\"articleSection\":[\"CD\",\"Letzte Neuerwerbungen\"],\"inLanguage\":\"de\"},{\"@type\":\"WebPage\",\"@id\":\"https:\\\/\\\/www.iemj.org\\\/de\\\/sutzkever-project-2\\\/\",\"url\":\"https:\\\/\\\/www.iemj.org\\\/de\\\/sutzkever-project-2\\\/\",\"name\":\"Sutzkever Project - Institut Europ\u00e9en des Musiques Juives\",\"isPartOf\":{\"@id\":\"https:\\\/\\\/www.iemj.org\\\/de\\\/#website\"},\"primaryImageOfPage\":{\"@id\":\"https:\\\/\\\/www.iemj.org\\\/de\\\/sutzkever-project-2\\\/#primaryimage\"},\"image\":{\"@id\":\"https:\\\/\\\/www.iemj.org\\\/de\\\/sutzkever-project-2\\\/#primaryimage\"},\"thumbnailUrl\":\"https:\\\/\\\/www.iemj.org\\\/wp-content\\\/uploads\\\/2019\\\/02\\\/arton3946-e1619099731992.jpg\",\"datePublished\":\"2019-02-12T17:21:32+00:00\",\"dateModified\":\"2025-09-17T08:29:27+00:00\",\"breadcrumb\":{\"@id\":\"https:\\\/\\\/www.iemj.org\\\/de\\\/sutzkever-project-2\\\/#breadcrumb\"},\"inLanguage\":\"de\",\"potentialAction\":[{\"@type\":\"ReadAction\",\"target\":[\"https:\\\/\\\/www.iemj.org\\\/de\\\/sutzkever-project-2\\\/\"]}]},{\"@type\":\"ImageObject\",\"inLanguage\":\"de\",\"@id\":\"https:\\\/\\\/www.iemj.org\\\/de\\\/sutzkever-project-2\\\/#primaryimage\",\"url\":\"https:\\\/\\\/www.iemj.org\\\/wp-content\\\/uploads\\\/2019\\\/02\\\/arton3946-e1619099731992.jpg\",\"contentUrl\":\"https:\\\/\\\/www.iemj.org\\\/wp-content\\\/uploads\\\/2019\\\/02\\\/arton3946-e1619099731992.jpg\",\"width\":350,\"height\":308},{\"@type\":\"BreadcrumbList\",\"@id\":\"https:\\\/\\\/www.iemj.org\\\/de\\\/sutzkever-project-2\\\/#breadcrumb\",\"itemListElement\":[{\"@type\":\"ListItem\",\"position\":1,\"name\":\"Accueil\",\"item\":\"https:\\\/\\\/www.iemj.org\\\/de\\\/\"},{\"@type\":\"ListItem\",\"position\":2,\"name\":\"Sutzkever Project\"}]},{\"@type\":\"WebSite\",\"@id\":\"https:\\\/\\\/www.iemj.org\\\/de\\\/#website\",\"url\":\"https:\\\/\\\/www.iemj.org\\\/de\\\/\",\"name\":\"Institut Europ\u00e9en des Musiques Juives\",\"description\":\"Des traditions musicales \u00e0 la port\u00e9e de tous\",\"publisher\":{\"@id\":\"https:\\\/\\\/www.iemj.org\\\/de\\\/#organization\"},\"potentialAction\":[{\"@type\":\"SearchAction\",\"target\":{\"@type\":\"EntryPoint\",\"urlTemplate\":\"https:\\\/\\\/www.iemj.org\\\/de\\\/?s={search_term_string}\"},\"query-input\":{\"@type\":\"PropertyValueSpecification\",\"valueRequired\":true,\"valueName\":\"search_term_string\"}}],\"inLanguage\":\"de\"},{\"@type\":\"Organization\",\"@id\":\"https:\\\/\\\/www.iemj.org\\\/de\\\/#organization\",\"name\":\"Institut Europ\u00e9en des Musiques Juives\",\"url\":\"https:\\\/\\\/www.iemj.org\\\/de\\\/\",\"logo\":{\"@type\":\"ImageObject\",\"inLanguage\":\"de\",\"@id\":\"https:\\\/\\\/www.iemj.org\\\/de\\\/#\\\/schema\\\/logo\\\/image\\\/\",\"url\":\"https:\\\/\\\/www.iemj.org\\\/wp-content\\\/uploads\\\/2021\\\/09\\\/Logo-IEMJ-Paypal.jpg\",\"contentUrl\":\"https:\\\/\\\/www.iemj.org\\\/wp-content\\\/uploads\\\/2021\\\/09\\\/Logo-IEMJ-Paypal.jpg\",\"width\":150,\"height\":50,\"caption\":\"Institut Europ\u00e9en des Musiques Juives\"},\"image\":{\"@id\":\"https:\\\/\\\/www.iemj.org\\\/de\\\/#\\\/schema\\\/logo\\\/image\\\/\"},\"sameAs\":[\"https:\\\/\\\/www.facebook.com\\\/MusiquesJuives\\\/\",\"https:\\\/\\\/www.instagram.com\\\/musiquesjuives\\\/\",\"https:\\\/\\\/www.youtube.com\\\/user\\\/musiquesjuives\"]},{\"@type\":\"Person\",\"@id\":\"https:\\\/\\\/www.iemj.org\\\/de\\\/#\\\/schema\\\/person\\\/906134402c29d5c76e7b726261dd4bbd\",\"name\":\"Herv\u00e9 Roten\",\"image\":{\"@type\":\"ImageObject\",\"inLanguage\":\"de\",\"@id\":\"https:\\\/\\\/secure.gravatar.com\\\/avatar\\\/f96ad2db538a26481f18384936b5cd0610c92d390c4dc382209216d455f685ff?s=96&d=mm&r=g\",\"url\":\"https:\\\/\\\/secure.gravatar.com\\\/avatar\\\/f96ad2db538a26481f18384936b5cd0610c92d390c4dc382209216d455f685ff?s=96&d=mm&r=g\",\"contentUrl\":\"https:\\\/\\\/secure.gravatar.com\\\/avatar\\\/f96ad2db538a26481f18384936b5cd0610c92d390c4dc382209216d455f685ff?s=96&d=mm&r=g\",\"caption\":\"Herv\u00e9 Roten\"}}]}<\/script>\n<!-- \/ Yoast SEO plugin. -->","yoast_head_json":{"title":"Sutzkever Project - Institut Europ\u00e9en des Musiques Juives","robots":{"index":"index","follow":"follow","max-snippet":"max-snippet:-1","max-image-preview":"max-image-preview:large","max-video-preview":"max-video-preview:-1"},"canonical":"https:\/\/www.iemj.org\/de\/sutzkever-project-2\/","og_locale":"de_DE","og_type":"article","og_title":"Sutzkever Project - Institut Europ\u00e9en des Musiques Juives","og_description":"Die CD Sutzkever Project entstand 2010 aus der Begegnung des Komponisten, des Gro\u00dfneffen des Komponisten Olivier Milhaud, mit der Jiddisch-Lehrerin und \u00dcbersetzerin Batia Baum. Im Laufe des Treffens, erw\u00e4hnte Batia","og_url":"https:\/\/www.iemj.org\/de\/sutzkever-project-2\/","og_site_name":"Institut Europ\u00e9en des Musiques Juives","article_publisher":"https:\/\/www.facebook.com\/MusiquesJuives\/","article_published_time":"2019-02-12T17:21:32+00:00","article_modified_time":"2025-09-17T08:29:27+00:00","og_image":[{"width":350,"height":308,"url":"https:\/\/www.iemj.org\/wp-content\/uploads\/2019\/02\/arton3946-e1619099731992.jpg","type":"image\/jpeg"}],"author":"Herv\u00e9 Roten","twitter_card":"summary_large_image","twitter_misc":{"Verfasst von":"Herv\u00e9 Roten","Gesch\u00e4tzte Lesezeit":"3\u00a0Minuten"},"schema":{"@context":"https:\/\/schema.org","@graph":[{"@type":"Article","@id":"https:\/\/www.iemj.org\/de\/sutzkever-project-2\/#article","isPartOf":{"@id":"https:\/\/www.iemj.org\/de\/sutzkever-project-2\/"},"author":{"name":"Herv\u00e9 Roten","@id":"https:\/\/www.iemj.org\/de\/#\/schema\/person\/906134402c29d5c76e7b726261dd4bbd"},"headline":"Sutzkever Project","datePublished":"2019-02-12T17:21:32+00:00","dateModified":"2025-09-17T08:29:27+00:00","mainEntityOfPage":{"@id":"https:\/\/www.iemj.org\/de\/sutzkever-project-2\/"},"wordCount":448,"publisher":{"@id":"https:\/\/www.iemj.org\/de\/#organization"},"image":{"@id":"https:\/\/www.iemj.org\/de\/sutzkever-project-2\/#primaryimage"},"thumbnailUrl":"https:\/\/www.iemj.org\/wp-content\/uploads\/2019\/02\/arton3946-e1619099731992.jpg","articleSection":["CD","Letzte Neuerwerbungen"],"inLanguage":"de"},{"@type":"WebPage","@id":"https:\/\/www.iemj.org\/de\/sutzkever-project-2\/","url":"https:\/\/www.iemj.org\/de\/sutzkever-project-2\/","name":"Sutzkever Project - Institut Europ\u00e9en des Musiques Juives","isPartOf":{"@id":"https:\/\/www.iemj.org\/de\/#website"},"primaryImageOfPage":{"@id":"https:\/\/www.iemj.org\/de\/sutzkever-project-2\/#primaryimage"},"image":{"@id":"https:\/\/www.iemj.org\/de\/sutzkever-project-2\/#primaryimage"},"thumbnailUrl":"https:\/\/www.iemj.org\/wp-content\/uploads\/2019\/02\/arton3946-e1619099731992.jpg","datePublished":"2019-02-12T17:21:32+00:00","dateModified":"2025-09-17T08:29:27+00:00","breadcrumb":{"@id":"https:\/\/www.iemj.org\/de\/sutzkever-project-2\/#breadcrumb"},"inLanguage":"de","potentialAction":[{"@type":"ReadAction","target":["https:\/\/www.iemj.org\/de\/sutzkever-project-2\/"]}]},{"@type":"ImageObject","inLanguage":"de","@id":"https:\/\/www.iemj.org\/de\/sutzkever-project-2\/#primaryimage","url":"https:\/\/www.iemj.org\/wp-content\/uploads\/2019\/02\/arton3946-e1619099731992.jpg","contentUrl":"https:\/\/www.iemj.org\/wp-content\/uploads\/2019\/02\/arton3946-e1619099731992.jpg","width":350,"height":308},{"@type":"BreadcrumbList","@id":"https:\/\/www.iemj.org\/de\/sutzkever-project-2\/#breadcrumb","itemListElement":[{"@type":"ListItem","position":1,"name":"Accueil","item":"https:\/\/www.iemj.org\/de\/"},{"@type":"ListItem","position":2,"name":"Sutzkever Project"}]},{"@type":"WebSite","@id":"https:\/\/www.iemj.org\/de\/#website","url":"https:\/\/www.iemj.org\/de\/","name":"Institut Europ\u00e9en des Musiques Juives","description":"Des traditions musicales \u00e0 la port\u00e9e de tous","publisher":{"@id":"https:\/\/www.iemj.org\/de\/#organization"},"potentialAction":[{"@type":"SearchAction","target":{"@type":"EntryPoint","urlTemplate":"https:\/\/www.iemj.org\/de\/?s={search_term_string}"},"query-input":{"@type":"PropertyValueSpecification","valueRequired":true,"valueName":"search_term_string"}}],"inLanguage":"de"},{"@type":"Organization","@id":"https:\/\/www.iemj.org\/de\/#organization","name":"Institut Europ\u00e9en des Musiques Juives","url":"https:\/\/www.iemj.org\/de\/","logo":{"@type":"ImageObject","inLanguage":"de","@id":"https:\/\/www.iemj.org\/de\/#\/schema\/logo\/image\/","url":"https:\/\/www.iemj.org\/wp-content\/uploads\/2021\/09\/Logo-IEMJ-Paypal.jpg","contentUrl":"https:\/\/www.iemj.org\/wp-content\/uploads\/2021\/09\/Logo-IEMJ-Paypal.jpg","width":150,"height":50,"caption":"Institut Europ\u00e9en des Musiques Juives"},"image":{"@id":"https:\/\/www.iemj.org\/de\/#\/schema\/logo\/image\/"},"sameAs":["https:\/\/www.facebook.com\/MusiquesJuives\/","https:\/\/www.instagram.com\/musiquesjuives\/","https:\/\/www.youtube.com\/user\/musiquesjuives"]},{"@type":"Person","@id":"https:\/\/www.iemj.org\/de\/#\/schema\/person\/906134402c29d5c76e7b726261dd4bbd","name":"Herv\u00e9 Roten","image":{"@type":"ImageObject","inLanguage":"de","@id":"https:\/\/secure.gravatar.com\/avatar\/f96ad2db538a26481f18384936b5cd0610c92d390c4dc382209216d455f685ff?s=96&d=mm&r=g","url":"https:\/\/secure.gravatar.com\/avatar\/f96ad2db538a26481f18384936b5cd0610c92d390c4dc382209216d455f685ff?s=96&d=mm&r=g","contentUrl":"https:\/\/secure.gravatar.com\/avatar\/f96ad2db538a26481f18384936b5cd0610c92d390c4dc382209216d455f685ff?s=96&d=mm&r=g","caption":"Herv\u00e9 Roten"}}]}},"_links":{"self":[{"href":"https:\/\/www.iemj.org\/de\/wp-json\/wp\/v2\/posts\/75096","targetHints":{"allow":["GET"]}}],"collection":[{"href":"https:\/\/www.iemj.org\/de\/wp-json\/wp\/v2\/posts"}],"about":[{"href":"https:\/\/www.iemj.org\/de\/wp-json\/wp\/v2\/types\/post"}],"author":[{"embeddable":true,"href":"https:\/\/www.iemj.org\/de\/wp-json\/wp\/v2\/users\/1045"}],"replies":[{"embeddable":true,"href":"https:\/\/www.iemj.org\/de\/wp-json\/wp\/v2\/comments?post=75096"}],"version-history":[{"count":0,"href":"https:\/\/www.iemj.org\/de\/wp-json\/wp\/v2\/posts\/75096\/revisions"}],"wp:featuredmedia":[{"embeddable":true,"href":"https:\/\/www.iemj.org\/de\/wp-json\/wp\/v2\/media\/75097"}],"wp:attachment":[{"href":"https:\/\/www.iemj.org\/de\/wp-json\/wp\/v2\/media?parent=75096"}],"wp:term":[{"taxonomy":"category","embeddable":true,"href":"https:\/\/www.iemj.org\/de\/wp-json\/wp\/v2\/categories?post=75096"},{"taxonomy":"post_tag","embeddable":true,"href":"https:\/\/www.iemj.org\/de\/wp-json\/wp\/v2\/tags?post=75096"},{"taxonomy":"technique","embeddable":true,"href":"https:\/\/www.iemj.org\/de\/wp-json\/wp\/v2\/technique?post=75096"},{"taxonomy":"squelettes","embeddable":true,"href":"https:\/\/www.iemj.org\/de\/wp-json\/wp\/v2\/squelettes?post=75096"},{"taxonomy":"sujet","embeddable":true,"href":"https:\/\/www.iemj.org\/de\/wp-json\/wp\/v2\/sujet?post=75096"},{"taxonomy":"formation","embeddable":true,"href":"https:\/\/www.iemj.org\/de\/wp-json\/wp\/v2\/formation?post=75096"},{"taxonomy":"genre","embeddable":true,"href":"https:\/\/www.iemj.org\/de\/wp-json\/wp\/v2\/genre?post=75096"},{"taxonomy":"fonds","embeddable":true,"href":"https:\/\/www.iemj.org\/de\/wp-json\/wp\/v2\/fonds?post=75096"},{"taxonomy":"tradition","embeddable":true,"href":"https:\/\/www.iemj.org\/de\/wp-json\/wp\/v2\/tradition?post=75096"},{"taxonomy":"type-de-contenu","embeddable":true,"href":"https:\/\/www.iemj.org\/de\/wp-json\/wp\/v2\/type-de-contenu?post=75096"},{"taxonomy":"interprete-compositeur","embeddable":true,"href":"https:\/\/www.iemj.org\/de\/wp-json\/wp\/v2\/interprete-compositeur?post=75096"},{"taxonomy":"frise","embeddable":true,"href":"https:\/\/www.iemj.org\/de\/wp-json\/wp\/v2\/frise?post=75096"},{"taxonomy":"type-devenement","embeddable":true,"href":"https:\/\/www.iemj.org\/de\/wp-json\/wp\/v2\/type-devenement?post=75096"},{"taxonomy":"tableaux-liens-externes","embeddable":true,"href":"https:\/\/www.iemj.org\/de\/wp-json\/wp\/v2\/tableaux-liens-externes?post=75096"}],"curies":[{"name":"wp","href":"https:\/\/api.w.org\/{rel}","templated":true}]}}