{"id":75109,"date":"2018-11-26T11:01:08","date_gmt":"2018-11-26T10:01:08","guid":{"rendered":"https:\/\/www.iemj.org\/chants-sefarades-de-lex-empire-ottoman-romances-sefardies\/"},"modified":"2025-09-18T18:04:39","modified_gmt":"2025-09-18T16:04:39","slug":"chants-sefarades-de-lex-empire-ottoman-romances-sefardies","status":"publish","type":"post","link":"https:\/\/www.iemj.org\/de\/chants-sefarades-de-lex-empire-ottoman-romances-sefardies\/","title":{"rendered":"SEPHARDISCHE LIEDER AUS DEM EHEMALIGEN OSMANISCHEN REICH \/ SEPHARDISCHE ROMANZEN"},"content":{"rendered":"<p>Das Album <em>Aman! Sefarad\u2026<\/em> wurde 2015 bei Buda Musique ver\u00f6ffentlicht\u2026, aufgenommen von Fran\u00e7oise Atlan mit dem Ensemble En Chordais und enth\u00e4lt 15 Titel sephardischer Musik in den verschiedenen j\u00fcdischen Gemeinschaften des \u00f6stlichen Mittelmeerraums des Balkans\u2026<\/p>\n<p>Fran\u00e7oise Atlan und das Ensemble En Chordais setzen die sephardische Musik der verschiedenen j\u00fcdischen Gemeinschaften des \u00f6stlichen Mittelmeerraums und des Balkans in ihren historischen, geografischen und kulturellen Kontext und stellen die Frage, nach dem Einfluss der Musik des nichtj\u00fcdischen Umfelds auf das j\u00fcdische Musikerbe. Wie dieses einzigartige Musikerbe mit der Geschichte und den Wegen des Exils dieser Gemeinschaften verwoben ist, zeigen sie anhand eines von Saloniki (dem ehemaligen Thessaloniki) und Istanbul inspirierten Programms. Enthalten sind die wichtigsten Gattungen des jud\u00e4o-spanischen Repertoires: <em>Romanzen<\/em> (mittelalterliche Balladen), <em>Coplas <\/em>(hebr\u00e4ische religi\u00f6s gepr\u00e4gte Lieder), <em>Kantigas<\/em> (Lieder des allt\u00e4glichen Lebens) und <em>Pijjutim<\/em> (liturgische Gedichte\/ Lieder).<\/p>\n<p><img fetchpriority=\"high\" decoding=\"async\" class=\"wp-image-21830 alignright\" src=\"https:\/\/www.iemj.org\/wp-content\/uploads\/2018\/11\/romances._redim2.jpg\" alt=\"romances._redim2.jpg\" width=\"313\" height=\"304\" align=\"left\" \/><\/p>\n<p>Buda Musique hat die ersten drei CDs von Fran\u00e7oise Atlan (ebenfalls in den Sammlungen des IEMJ enthalten), anl\u00e4sslich ihrer 25-j\u00e4hrigen Berufst\u00e4tigkeit, als Doppelalbum unter dem Titel <em>\u201eRomances Sefardies\u201c<\/em> neu ver\u00f6ffentlicht. Enthalten sind mehr als 2,5 Stunden Musikvergn\u00fcgen.<\/p>\n<p>Diese beiden CDS sind ab sofort im Onlineshop des IEMJ erh\u00e4ltlich!<\/p>\n<p><a href=\"https:\/\/www.iemj.org\/de\/atlan-francoise\/\" target=\"_blank\" rel=\"noopener\">Erfahren Sie mehr \u00fcber Fran\u00e7oise Atlan<\/a><br \/><a href=\"https:\/\/youtu.be\/d0PpIyL6A7o\" target=\"_blank\" rel=\"noopener\">Schauen Sie sich Ausschnitte eines Konzerts von Fran\u00e7oise Atlan an, welches im Rahmen der Gala 2018 des Institut Europ\u00e9en des Musiques Juives gegeben wurde<\/a><\/p>\n<h3>\u00a0<\/h3>\n<h3><a href=\"https:\/\/www.iemj.org\/de\/produit\/francoise-atlan-aman-sefarad\/\" target=\"_blank\" rel=\"noopener\">Bestellen Sie die CD\u00a0<em>Aman! <\/em><em>Sefarad\u2026 Chants s\u00e9farades de l\u2019ex-Empire ottoman<\/em>\u00a0im Onlineshop des IEMJ<\/a><\/h3>\n<h3>\u00a0<\/h3>\n<h3><a href=\"https:\/\/www.iemj.org\/de\/produit\/francoise-atlan-double-cd-sephardic-songs\/\" target=\"_blank\" rel=\"noopener\">Bestellen Sie das Doppelalbum\u00a0<em>Romances S\u00e9fardies<\/em>\u00a0im Onlineshop des IEMJ<\/a><\/h3>\n\n\n<h2 class=\"wp-block-heading\"><\/h2>\n\n\n<div class=\"wp-block-image\">\n<figure class=\"aligncenter size-large\"><img decoding=\"async\" width=\"1024\" height=\"133\" src=\"https:\/\/www.iemj.org\/wp-content\/uploads\/2024\/03\/AUDIO-PLAYER-1024x133.png\" alt=\"\" class=\"wp-image-110606\" srcset=\"https:\/\/www.iemj.org\/wp-content\/uploads\/2024\/03\/AUDIO-PLAYER-1024x133.png 1024w, https:\/\/www.iemj.org\/wp-content\/uploads\/2024\/03\/AUDIO-PLAYER-300x39.png 300w, https:\/\/www.iemj.org\/wp-content\/uploads\/2024\/03\/AUDIO-PLAYER-768x100.png 768w, https:\/\/www.iemj.org\/wp-content\/uploads\/2024\/03\/AUDIO-PLAYER-600x78.png 600w, https:\/\/www.iemj.org\/wp-content\/uploads\/2024\/03\/AUDIO-PLAYER.png 1210w\" sizes=\"(max-width: 1024px) 100vw, 1024px\" \/><\/figure>\n<\/div>\n\n\n<div class=\"wp-block-file\"><a href=\"https:\/\/www.iemj.org\/wp-content\/uploads\/2018\/11\/01_triste_esta_el_rey_david.mp3\">Triste esta el rey David<\/a><\/div>\n\n\n\n<div class=\"wp-block-file\"><a href=\"https:\/\/www.iemj.org\/wp-content\/uploads\/2018\/11\/02_los_guisados_de_berenjena.mp3\">Los guisados de berenjena<\/a><\/div>\n\n\n\n<div class=\"wp-block-file\"><a href=\"https:\/\/www.iemj.org\/wp-content\/uploads\/2018\/11\/04_cien_drahmas.mp3\">Cien drahmas<\/a><\/div>\n\n\n\n<div class=\"wp-block-file\"><a href=\"https:\/\/www.iemj.org\/wp-content\/uploads\/2018\/11\/05_en_la_prision.mp3\">En la prision<\/a><\/div>\n\n\n\n<div class=\"wp-block-file\"><a href=\"https:\/\/www.iemj.org\/wp-content\/uploads\/2018\/11\/06_al_dio_alto.mp3\">Al Dio alto<\/a><\/div>\n","protected":false},"excerpt":{"rendered":"<p>Das Album Aman! Sefarad\u2026 wurde 2015 bei Buda Musique ver\u00f6ffentlicht\u2026, aufgenommen von Fran\u00e7oise Atlan mit dem Ensemble En Chordais und enth\u00e4lt 15 Titel sephardischer Musik in den verschiedenen j\u00fcdischen Gemeinschaften<\/p>\n","protected":false},"author":1048,"featured_media":75111,"comment_status":"closed","ping_status":"closed","sticky":false,"template":"","format":"standard","meta":{"_acf_changed":false,"footnotes":""},"categories":[1571,1561],"tags":[],"technique":[],"squelettes":[],"sujet":[],"formation":[],"genre":[],"fonds":[],"tradition":[],"type-de-contenu":[],"interprete-compositeur":[],"frise":[],"type-devenement":[],"tableaux-liens-externes":[],"class_list":["post-75109","post","type-post","status-publish","format-standard","has-post-thumbnail","hentry","category-cd-de","category-letzte-neuerwerbungen-de"],"acf":[],"yoast_head":"<!-- This site is optimized with the Yoast SEO plugin v27.3 - https:\/\/yoast.com\/product\/yoast-seo-wordpress\/ -->\n<title>SEPHARDISCHE LIEDER AUS DEM EHEMALIGEN OSMANISCHEN REICH \/ SEPHARDISCHE ROMANZEN - Institut Europ\u00e9en des Musiques Juives<\/title>\n<meta name=\"robots\" content=\"index, follow, max-snippet:-1, max-image-preview:large, max-video-preview:-1\" \/>\n<link rel=\"canonical\" href=\"https:\/\/www.iemj.org\/de\/chants-sefarades-de-lex-empire-ottoman-romances-sefardies\/\" \/>\n<meta property=\"og:locale\" content=\"de_DE\" \/>\n<meta property=\"og:type\" content=\"article\" \/>\n<meta property=\"og:title\" content=\"SEPHARDISCHE LIEDER AUS DEM EHEMALIGEN OSMANISCHEN REICH \/ SEPHARDISCHE ROMANZEN - Institut Europ\u00e9en des Musiques Juives\" \/>\n<meta property=\"og:description\" content=\"Das Album Aman! Sefarad\u2026 wurde 2015 bei Buda Musique ver\u00f6ffentlicht\u2026, aufgenommen von Fran\u00e7oise Atlan mit dem Ensemble En Chordais und enth\u00e4lt 15 Titel sephardischer Musik in den verschiedenen j\u00fcdischen Gemeinschaften\" \/>\n<meta property=\"og:url\" content=\"https:\/\/www.iemj.org\/de\/chants-sefarades-de-lex-empire-ottoman-romances-sefardies\/\" \/>\n<meta property=\"og:site_name\" content=\"Institut Europ\u00e9en des Musiques Juives\" \/>\n<meta property=\"article:publisher\" content=\"https:\/\/www.facebook.com\/MusiquesJuives\/\" \/>\n<meta property=\"article:published_time\" content=\"2018-11-26T10:01:08+00:00\" \/>\n<meta property=\"article:modified_time\" content=\"2025-09-18T16:04:39+00:00\" \/>\n<meta property=\"og:image\" content=\"https:\/\/www.iemj.org\/wp-content\/uploads\/2018\/11\/arton3784-e1619111267478.jpg\" \/>\n\t<meta property=\"og:image:width\" content=\"350\" \/>\n\t<meta property=\"og:image:height\" content=\"312\" \/>\n\t<meta property=\"og:image:type\" content=\"image\/jpeg\" \/>\n<meta name=\"author\" content=\"Jean-Gabriel Davis\" \/>\n<meta name=\"twitter:card\" content=\"summary_large_image\" \/>\n<meta name=\"twitter:label1\" content=\"Verfasst von\" \/>\n\t<meta name=\"twitter:data1\" content=\"Jean-Gabriel Davis\" \/>\n\t<meta name=\"twitter:label2\" content=\"Gesch\u00e4tzte Lesezeit\" \/>\n\t<meta name=\"twitter:data2\" content=\"2\u00a0Minuten\" \/>\n<script type=\"application\/ld+json\" class=\"yoast-schema-graph\">{\"@context\":\"https:\\\/\\\/schema.org\",\"@graph\":[{\"@type\":\"Article\",\"@id\":\"https:\\\/\\\/www.iemj.org\\\/de\\\/chants-sefarades-de-lex-empire-ottoman-romances-sefardies\\\/#article\",\"isPartOf\":{\"@id\":\"https:\\\/\\\/www.iemj.org\\\/de\\\/chants-sefarades-de-lex-empire-ottoman-romances-sefardies\\\/\"},\"author\":{\"name\":\"Jean-Gabriel Davis\",\"@id\":\"https:\\\/\\\/www.iemj.org\\\/de\\\/#\\\/schema\\\/person\\\/c9bc1c386a3749579a2d675e72a18666\"},\"headline\":\"SEPHARDISCHE LIEDER AUS DEM EHEMALIGEN OSMANISCHEN REICH \\\/ SEPHARDISCHE ROMANZEN\",\"datePublished\":\"2018-11-26T10:01:08+00:00\",\"dateModified\":\"2025-09-18T16:04:39+00:00\",\"mainEntityOfPage\":{\"@id\":\"https:\\\/\\\/www.iemj.org\\\/de\\\/chants-sefarades-de-lex-empire-ottoman-romances-sefardies\\\/\"},\"wordCount\":285,\"publisher\":{\"@id\":\"https:\\\/\\\/www.iemj.org\\\/de\\\/#organization\"},\"image\":{\"@id\":\"https:\\\/\\\/www.iemj.org\\\/de\\\/chants-sefarades-de-lex-empire-ottoman-romances-sefardies\\\/#primaryimage\"},\"thumbnailUrl\":\"https:\\\/\\\/www.iemj.org\\\/wp-content\\\/uploads\\\/2018\\\/11\\\/arton3784-e1619111267478.jpg\",\"articleSection\":[\"CD\",\"Letzte Neuerwerbungen\"],\"inLanguage\":\"de\"},{\"@type\":\"WebPage\",\"@id\":\"https:\\\/\\\/www.iemj.org\\\/de\\\/chants-sefarades-de-lex-empire-ottoman-romances-sefardies\\\/\",\"url\":\"https:\\\/\\\/www.iemj.org\\\/de\\\/chants-sefarades-de-lex-empire-ottoman-romances-sefardies\\\/\",\"name\":\"SEPHARDISCHE LIEDER AUS DEM EHEMALIGEN OSMANISCHEN REICH \\\/ SEPHARDISCHE ROMANZEN - Institut Europ\u00e9en des Musiques Juives\",\"isPartOf\":{\"@id\":\"https:\\\/\\\/www.iemj.org\\\/de\\\/#website\"},\"primaryImageOfPage\":{\"@id\":\"https:\\\/\\\/www.iemj.org\\\/de\\\/chants-sefarades-de-lex-empire-ottoman-romances-sefardies\\\/#primaryimage\"},\"image\":{\"@id\":\"https:\\\/\\\/www.iemj.org\\\/de\\\/chants-sefarades-de-lex-empire-ottoman-romances-sefardies\\\/#primaryimage\"},\"thumbnailUrl\":\"https:\\\/\\\/www.iemj.org\\\/wp-content\\\/uploads\\\/2018\\\/11\\\/arton3784-e1619111267478.jpg\",\"datePublished\":\"2018-11-26T10:01:08+00:00\",\"dateModified\":\"2025-09-18T16:04:39+00:00\",\"breadcrumb\":{\"@id\":\"https:\\\/\\\/www.iemj.org\\\/de\\\/chants-sefarades-de-lex-empire-ottoman-romances-sefardies\\\/#breadcrumb\"},\"inLanguage\":\"de\",\"potentialAction\":[{\"@type\":\"ReadAction\",\"target\":[\"https:\\\/\\\/www.iemj.org\\\/de\\\/chants-sefarades-de-lex-empire-ottoman-romances-sefardies\\\/\"]}]},{\"@type\":\"ImageObject\",\"inLanguage\":\"de\",\"@id\":\"https:\\\/\\\/www.iemj.org\\\/de\\\/chants-sefarades-de-lex-empire-ottoman-romances-sefardies\\\/#primaryimage\",\"url\":\"https:\\\/\\\/www.iemj.org\\\/wp-content\\\/uploads\\\/2018\\\/11\\\/arton3784-e1619111267478.jpg\",\"contentUrl\":\"https:\\\/\\\/www.iemj.org\\\/wp-content\\\/uploads\\\/2018\\\/11\\\/arton3784-e1619111267478.jpg\",\"width\":350,\"height\":312},{\"@type\":\"BreadcrumbList\",\"@id\":\"https:\\\/\\\/www.iemj.org\\\/de\\\/chants-sefarades-de-lex-empire-ottoman-romances-sefardies\\\/#breadcrumb\",\"itemListElement\":[{\"@type\":\"ListItem\",\"position\":1,\"name\":\"Accueil\",\"item\":\"https:\\\/\\\/www.iemj.org\\\/de\\\/\"},{\"@type\":\"ListItem\",\"position\":2,\"name\":\"SEPHARDISCHE LIEDER AUS DEM EHEMALIGEN OSMANISCHEN REICH \\\/ SEPHARDISCHE ROMANZEN\"}]},{\"@type\":\"WebSite\",\"@id\":\"https:\\\/\\\/www.iemj.org\\\/de\\\/#website\",\"url\":\"https:\\\/\\\/www.iemj.org\\\/de\\\/\",\"name\":\"Institut Europ\u00e9en des Musiques Juives\",\"description\":\"Des traditions musicales \u00e0 la port\u00e9e de tous\",\"publisher\":{\"@id\":\"https:\\\/\\\/www.iemj.org\\\/de\\\/#organization\"},\"potentialAction\":[{\"@type\":\"SearchAction\",\"target\":{\"@type\":\"EntryPoint\",\"urlTemplate\":\"https:\\\/\\\/www.iemj.org\\\/de\\\/?s={search_term_string}\"},\"query-input\":{\"@type\":\"PropertyValueSpecification\",\"valueRequired\":true,\"valueName\":\"search_term_string\"}}],\"inLanguage\":\"de\"},{\"@type\":\"Organization\",\"@id\":\"https:\\\/\\\/www.iemj.org\\\/de\\\/#organization\",\"name\":\"Institut Europ\u00e9en des Musiques Juives\",\"url\":\"https:\\\/\\\/www.iemj.org\\\/de\\\/\",\"logo\":{\"@type\":\"ImageObject\",\"inLanguage\":\"de\",\"@id\":\"https:\\\/\\\/www.iemj.org\\\/de\\\/#\\\/schema\\\/logo\\\/image\\\/\",\"url\":\"https:\\\/\\\/www.iemj.org\\\/wp-content\\\/uploads\\\/2021\\\/09\\\/Logo-IEMJ-Paypal.jpg\",\"contentUrl\":\"https:\\\/\\\/www.iemj.org\\\/wp-content\\\/uploads\\\/2021\\\/09\\\/Logo-IEMJ-Paypal.jpg\",\"width\":150,\"height\":50,\"caption\":\"Institut Europ\u00e9en des Musiques Juives\"},\"image\":{\"@id\":\"https:\\\/\\\/www.iemj.org\\\/de\\\/#\\\/schema\\\/logo\\\/image\\\/\"},\"sameAs\":[\"https:\\\/\\\/www.facebook.com\\\/MusiquesJuives\\\/\",\"https:\\\/\\\/www.instagram.com\\\/musiquesjuives\\\/\",\"https:\\\/\\\/www.youtube.com\\\/user\\\/musiquesjuives\"]},{\"@type\":\"Person\",\"@id\":\"https:\\\/\\\/www.iemj.org\\\/de\\\/#\\\/schema\\\/person\\\/c9bc1c386a3749579a2d675e72a18666\",\"name\":\"Jean-Gabriel Davis\",\"image\":{\"@type\":\"ImageObject\",\"inLanguage\":\"de\",\"@id\":\"https:\\\/\\\/secure.gravatar.com\\\/avatar\\\/2b90d67bdf392c9b3a21fab87c0fa7edaf1fb3a058172a1ffd61033fcec7aec1?s=96&d=mm&r=g\",\"url\":\"https:\\\/\\\/secure.gravatar.com\\\/avatar\\\/2b90d67bdf392c9b3a21fab87c0fa7edaf1fb3a058172a1ffd61033fcec7aec1?s=96&d=mm&r=g\",\"contentUrl\":\"https:\\\/\\\/secure.gravatar.com\\\/avatar\\\/2b90d67bdf392c9b3a21fab87c0fa7edaf1fb3a058172a1ffd61033fcec7aec1?s=96&d=mm&r=g\",\"caption\":\"Jean-Gabriel Davis\"}}]}<\/script>\n<!-- \/ Yoast SEO plugin. -->","yoast_head_json":{"title":"SEPHARDISCHE LIEDER AUS DEM EHEMALIGEN OSMANISCHEN REICH \/ SEPHARDISCHE ROMANZEN - Institut Europ\u00e9en des Musiques Juives","robots":{"index":"index","follow":"follow","max-snippet":"max-snippet:-1","max-image-preview":"max-image-preview:large","max-video-preview":"max-video-preview:-1"},"canonical":"https:\/\/www.iemj.org\/de\/chants-sefarades-de-lex-empire-ottoman-romances-sefardies\/","og_locale":"de_DE","og_type":"article","og_title":"SEPHARDISCHE LIEDER AUS DEM EHEMALIGEN OSMANISCHEN REICH \/ SEPHARDISCHE ROMANZEN - Institut Europ\u00e9en des Musiques Juives","og_description":"Das Album Aman! Sefarad\u2026 wurde 2015 bei Buda Musique ver\u00f6ffentlicht\u2026, aufgenommen von Fran\u00e7oise Atlan mit dem Ensemble En Chordais und enth\u00e4lt 15 Titel sephardischer Musik in den verschiedenen j\u00fcdischen Gemeinschaften","og_url":"https:\/\/www.iemj.org\/de\/chants-sefarades-de-lex-empire-ottoman-romances-sefardies\/","og_site_name":"Institut Europ\u00e9en des Musiques Juives","article_publisher":"https:\/\/www.facebook.com\/MusiquesJuives\/","article_published_time":"2018-11-26T10:01:08+00:00","article_modified_time":"2025-09-18T16:04:39+00:00","og_image":[{"width":350,"height":312,"url":"https:\/\/www.iemj.org\/wp-content\/uploads\/2018\/11\/arton3784-e1619111267478.jpg","type":"image\/jpeg"}],"author":"Jean-Gabriel Davis","twitter_card":"summary_large_image","twitter_misc":{"Verfasst von":"Jean-Gabriel Davis","Gesch\u00e4tzte Lesezeit":"2\u00a0Minuten"},"schema":{"@context":"https:\/\/schema.org","@graph":[{"@type":"Article","@id":"https:\/\/www.iemj.org\/de\/chants-sefarades-de-lex-empire-ottoman-romances-sefardies\/#article","isPartOf":{"@id":"https:\/\/www.iemj.org\/de\/chants-sefarades-de-lex-empire-ottoman-romances-sefardies\/"},"author":{"name":"Jean-Gabriel Davis","@id":"https:\/\/www.iemj.org\/de\/#\/schema\/person\/c9bc1c386a3749579a2d675e72a18666"},"headline":"SEPHARDISCHE LIEDER AUS DEM EHEMALIGEN OSMANISCHEN REICH \/ SEPHARDISCHE ROMANZEN","datePublished":"2018-11-26T10:01:08+00:00","dateModified":"2025-09-18T16:04:39+00:00","mainEntityOfPage":{"@id":"https:\/\/www.iemj.org\/de\/chants-sefarades-de-lex-empire-ottoman-romances-sefardies\/"},"wordCount":285,"publisher":{"@id":"https:\/\/www.iemj.org\/de\/#organization"},"image":{"@id":"https:\/\/www.iemj.org\/de\/chants-sefarades-de-lex-empire-ottoman-romances-sefardies\/#primaryimage"},"thumbnailUrl":"https:\/\/www.iemj.org\/wp-content\/uploads\/2018\/11\/arton3784-e1619111267478.jpg","articleSection":["CD","Letzte Neuerwerbungen"],"inLanguage":"de"},{"@type":"WebPage","@id":"https:\/\/www.iemj.org\/de\/chants-sefarades-de-lex-empire-ottoman-romances-sefardies\/","url":"https:\/\/www.iemj.org\/de\/chants-sefarades-de-lex-empire-ottoman-romances-sefardies\/","name":"SEPHARDISCHE LIEDER AUS DEM EHEMALIGEN OSMANISCHEN REICH \/ SEPHARDISCHE ROMANZEN - Institut Europ\u00e9en des Musiques Juives","isPartOf":{"@id":"https:\/\/www.iemj.org\/de\/#website"},"primaryImageOfPage":{"@id":"https:\/\/www.iemj.org\/de\/chants-sefarades-de-lex-empire-ottoman-romances-sefardies\/#primaryimage"},"image":{"@id":"https:\/\/www.iemj.org\/de\/chants-sefarades-de-lex-empire-ottoman-romances-sefardies\/#primaryimage"},"thumbnailUrl":"https:\/\/www.iemj.org\/wp-content\/uploads\/2018\/11\/arton3784-e1619111267478.jpg","datePublished":"2018-11-26T10:01:08+00:00","dateModified":"2025-09-18T16:04:39+00:00","breadcrumb":{"@id":"https:\/\/www.iemj.org\/de\/chants-sefarades-de-lex-empire-ottoman-romances-sefardies\/#breadcrumb"},"inLanguage":"de","potentialAction":[{"@type":"ReadAction","target":["https:\/\/www.iemj.org\/de\/chants-sefarades-de-lex-empire-ottoman-romances-sefardies\/"]}]},{"@type":"ImageObject","inLanguage":"de","@id":"https:\/\/www.iemj.org\/de\/chants-sefarades-de-lex-empire-ottoman-romances-sefardies\/#primaryimage","url":"https:\/\/www.iemj.org\/wp-content\/uploads\/2018\/11\/arton3784-e1619111267478.jpg","contentUrl":"https:\/\/www.iemj.org\/wp-content\/uploads\/2018\/11\/arton3784-e1619111267478.jpg","width":350,"height":312},{"@type":"BreadcrumbList","@id":"https:\/\/www.iemj.org\/de\/chants-sefarades-de-lex-empire-ottoman-romances-sefardies\/#breadcrumb","itemListElement":[{"@type":"ListItem","position":1,"name":"Accueil","item":"https:\/\/www.iemj.org\/de\/"},{"@type":"ListItem","position":2,"name":"SEPHARDISCHE LIEDER AUS DEM EHEMALIGEN OSMANISCHEN REICH \/ SEPHARDISCHE ROMANZEN"}]},{"@type":"WebSite","@id":"https:\/\/www.iemj.org\/de\/#website","url":"https:\/\/www.iemj.org\/de\/","name":"Institut Europ\u00e9en des Musiques Juives","description":"Des traditions musicales \u00e0 la port\u00e9e de tous","publisher":{"@id":"https:\/\/www.iemj.org\/de\/#organization"},"potentialAction":[{"@type":"SearchAction","target":{"@type":"EntryPoint","urlTemplate":"https:\/\/www.iemj.org\/de\/?s={search_term_string}"},"query-input":{"@type":"PropertyValueSpecification","valueRequired":true,"valueName":"search_term_string"}}],"inLanguage":"de"},{"@type":"Organization","@id":"https:\/\/www.iemj.org\/de\/#organization","name":"Institut Europ\u00e9en des Musiques Juives","url":"https:\/\/www.iemj.org\/de\/","logo":{"@type":"ImageObject","inLanguage":"de","@id":"https:\/\/www.iemj.org\/de\/#\/schema\/logo\/image\/","url":"https:\/\/www.iemj.org\/wp-content\/uploads\/2021\/09\/Logo-IEMJ-Paypal.jpg","contentUrl":"https:\/\/www.iemj.org\/wp-content\/uploads\/2021\/09\/Logo-IEMJ-Paypal.jpg","width":150,"height":50,"caption":"Institut Europ\u00e9en des Musiques Juives"},"image":{"@id":"https:\/\/www.iemj.org\/de\/#\/schema\/logo\/image\/"},"sameAs":["https:\/\/www.facebook.com\/MusiquesJuives\/","https:\/\/www.instagram.com\/musiquesjuives\/","https:\/\/www.youtube.com\/user\/musiquesjuives"]},{"@type":"Person","@id":"https:\/\/www.iemj.org\/de\/#\/schema\/person\/c9bc1c386a3749579a2d675e72a18666","name":"Jean-Gabriel Davis","image":{"@type":"ImageObject","inLanguage":"de","@id":"https:\/\/secure.gravatar.com\/avatar\/2b90d67bdf392c9b3a21fab87c0fa7edaf1fb3a058172a1ffd61033fcec7aec1?s=96&d=mm&r=g","url":"https:\/\/secure.gravatar.com\/avatar\/2b90d67bdf392c9b3a21fab87c0fa7edaf1fb3a058172a1ffd61033fcec7aec1?s=96&d=mm&r=g","contentUrl":"https:\/\/secure.gravatar.com\/avatar\/2b90d67bdf392c9b3a21fab87c0fa7edaf1fb3a058172a1ffd61033fcec7aec1?s=96&d=mm&r=g","caption":"Jean-Gabriel Davis"}}]}},"_links":{"self":[{"href":"https:\/\/www.iemj.org\/de\/wp-json\/wp\/v2\/posts\/75109","targetHints":{"allow":["GET"]}}],"collection":[{"href":"https:\/\/www.iemj.org\/de\/wp-json\/wp\/v2\/posts"}],"about":[{"href":"https:\/\/www.iemj.org\/de\/wp-json\/wp\/v2\/types\/post"}],"author":[{"embeddable":true,"href":"https:\/\/www.iemj.org\/de\/wp-json\/wp\/v2\/users\/1048"}],"replies":[{"embeddable":true,"href":"https:\/\/www.iemj.org\/de\/wp-json\/wp\/v2\/comments?post=75109"}],"version-history":[{"count":0,"href":"https:\/\/www.iemj.org\/de\/wp-json\/wp\/v2\/posts\/75109\/revisions"}],"wp:featuredmedia":[{"embeddable":true,"href":"https:\/\/www.iemj.org\/de\/wp-json\/wp\/v2\/media\/75111"}],"wp:attachment":[{"href":"https:\/\/www.iemj.org\/de\/wp-json\/wp\/v2\/media?parent=75109"}],"wp:term":[{"taxonomy":"category","embeddable":true,"href":"https:\/\/www.iemj.org\/de\/wp-json\/wp\/v2\/categories?post=75109"},{"taxonomy":"post_tag","embeddable":true,"href":"https:\/\/www.iemj.org\/de\/wp-json\/wp\/v2\/tags?post=75109"},{"taxonomy":"technique","embeddable":true,"href":"https:\/\/www.iemj.org\/de\/wp-json\/wp\/v2\/technique?post=75109"},{"taxonomy":"squelettes","embeddable":true,"href":"https:\/\/www.iemj.org\/de\/wp-json\/wp\/v2\/squelettes?post=75109"},{"taxonomy":"sujet","embeddable":true,"href":"https:\/\/www.iemj.org\/de\/wp-json\/wp\/v2\/sujet?post=75109"},{"taxonomy":"formation","embeddable":true,"href":"https:\/\/www.iemj.org\/de\/wp-json\/wp\/v2\/formation?post=75109"},{"taxonomy":"genre","embeddable":true,"href":"https:\/\/www.iemj.org\/de\/wp-json\/wp\/v2\/genre?post=75109"},{"taxonomy":"fonds","embeddable":true,"href":"https:\/\/www.iemj.org\/de\/wp-json\/wp\/v2\/fonds?post=75109"},{"taxonomy":"tradition","embeddable":true,"href":"https:\/\/www.iemj.org\/de\/wp-json\/wp\/v2\/tradition?post=75109"},{"taxonomy":"type-de-contenu","embeddable":true,"href":"https:\/\/www.iemj.org\/de\/wp-json\/wp\/v2\/type-de-contenu?post=75109"},{"taxonomy":"interprete-compositeur","embeddable":true,"href":"https:\/\/www.iemj.org\/de\/wp-json\/wp\/v2\/interprete-compositeur?post=75109"},{"taxonomy":"frise","embeddable":true,"href":"https:\/\/www.iemj.org\/de\/wp-json\/wp\/v2\/frise?post=75109"},{"taxonomy":"type-devenement","embeddable":true,"href":"https:\/\/www.iemj.org\/de\/wp-json\/wp\/v2\/type-devenement?post=75109"},{"taxonomy":"tableaux-liens-externes","embeddable":true,"href":"https:\/\/www.iemj.org\/de\/wp-json\/wp\/v2\/tableaux-liens-externes?post=75109"}],"curies":[{"name":"wp","href":"https:\/\/api.w.org\/{rel}","templated":true}]}}