{"id":75117,"date":"2018-11-15T16:13:15","date_gmt":"2018-11-15T15:13:15","guid":{"rendered":"https:\/\/www.iemj.org\/exiles\/"},"modified":"2025-09-18T18:10:12","modified_gmt":"2025-09-18T16:10:12","slug":"exiles","status":"publish","type":"post","link":"https:\/\/www.iemj.org\/de\/exiles\/","title":{"rendered":"Exiles"},"content":{"rendered":"<p>Im Besonderen werden auf dieser CD zwei Komponisten gew\u00fcrdigt: Ernest Bloch und Erich Wolfgang Korngold.<\/p>\n<p><a href=\"https:\/\/www.iemj.org\/de\/bloch-ernest-1880-1959\/\" target=\"_blank\" rel=\"noopener\">Ernest Bloch<\/a> wurde am 24. Juli 1880 in Genf geboren und starb am 15. Juli 1959 in Portland (Vereinigte Staaten). Oft wird er als einer der gro\u00dfen Kantoren der j\u00fcdischen Musik gehandelt, obwohl in seinen Werken, kein einziges Thema der j\u00fcdischen Musiktradition Verwendung fand. Trotz eines schwierigen Lebens war Bloch ein \u00fcberaus kreativer Komponist. Sein \u201ej\u00fcdisches Werk\u201c umfasst mehrere Perioden: von 1912 bis 1916 schrieb er insbesondere <em>Trois po\u00e8mes juifs<\/em> (1913), eine Symphonie <em>Isra<\/em><em>\u00eb<\/em><em>l<\/em> (1912-1916), <em>Schelomo<\/em>, eine hebr\u00e4ische Rhapsodie f\u00fcr Cello und Orchester (1916). Zwischen 1923 und 1933 komponierte er den <em>Baal Shem<\/em> (1923), <em>Trois tableaux de la vie hassidique<\/em> (1923), <em>M\u00e9diation H\u00e9bra<\/em><em>\u00ef<\/em><em>que<\/em> f\u00fcr Cello und Klavier (1924), <em>From Jewish life<\/em> f\u00fcr Cello und Klavier (1924), <em>Service Sacr\u00e9<\/em> f\u00fcr Bariton, gemischten Chor und Orchester (1933). Schlie\u00dflich ver\u00f6ffentlichte er in den 1950er Jahren <em>Six Pr\u00e9ludes pour la Synagogue<\/em> (1946-1950), eine <em>Suite H\u00e9bra<\/em><em>\u00ef<\/em><em>que<\/em> f\u00fcr Bratsche oder Violine und Klavier (1951), eine <em>M\u00e9diation et Processionnal<\/em> f\u00fcr Bratsche und Klavier (1951) und <em>Five Hebraic Pieces<\/em> (1951).<\/p>\n<p>Erich Wolfgang Korngold wurde am 29. Mai 1897 in Br\u00fcnn (\u00d6sterreich-Ungarn) geboren und starb am 29. November 1957 in Hollywood. Im Jahr 1943 erhielt er die amerikanische Staatsb\u00fcrgerschaft. Als Wunderkind und manchmal mit Mozart verglichen, ist er einer der letzten Vertreter der Wiener Romantik. 1925 war er nach Richard Strauss, einer der am h\u00e4ufigsten aufgef\u00fchrten Komponisten des deutschsprachigen Raums. 1936 lie\u00df er sich gemeinsam mit seiner Familie in den USA nieder, wo er vor allem Filmmusik f\u00fcr das Unternehmen Warner Bros komponierte. In zw\u00f6lf Jahren schrieb er achtzehn St\u00fccke der Filmmusik, von denen zwei (<em>Anthony Adverse<\/em> und <em>Robin Hood<\/em>) mit dem Oscar ausgezeichnet wurden.<\/p>\n<p>1947 beschloss Korngold, im Alter von f\u00fcnfzig Jahren, das Kino aufzugeben und nach Wien zur\u00fcckzukehren. Doch infolge eines Herzinfarkts konnte dieser Plan, erst 1949 in die Tat umgesetzt werden. Im Gep\u00e4ck hatte er seine Partituren und neue Ideen, darunter die in \u00d6sterreich komponierte <em>Symphonie en fa<\/em> <em>di\u00e8se<\/em>. Doch seine Versuche scheiterten: seine Jahre im Exil, der Wandel der Gesellschaft und des Publikumsgeschmacks hatten ihn vollkommen aus der Wiener und deutschen Musikwelt verschwinden lassen. Das Establishment sah in ihn nur den Filmkomponisten, nicht mehr als das. 1955 kehrte er nach Hollywood zur\u00fcck, wo er zwei Jahre sp\u00e4ter, im Alter von gerade einmal sechzig Jahren, an einer zerebralen Embolie starb.<\/p>\n<p>Auf der CD ist ebenfalls die ber\u00fchmte <em>Ouverture sur des th\u00e8mes juifs<\/em> (op. 34) von Sergue\u00ef Prokofiev (1891-1953) enthalten. Wenn auch Prokofiev kein Jude war und Russland zu Zeiten der sowjetischen Revolution verlassen hatte, wurde er doch von j\u00fcdischen Freunden aus St. Petersburg gebeten, ein St\u00fcck zu komponieren, welches von der popul\u00e4ren j\u00fcdischen Musik inspiriert war. Dieses 1919 geschriebene Werk, wurde von ihm im Jahr 1934 orchestriert.<\/p>\n<p>Oph\u00e9lie Gaillard und der Sirba Octet spielen eine Freilech-Suite, ein fr\u00f6hlicher osteurop\u00e4ischer Tanz mit bin\u00e4rem Rhythmus, sowie ein jiddisches Wiegenlied von Chava Alberstein.<\/p>\n<p>Der Geist der Feier, die Z\u00e4rtlichkeit, die religi\u00f6se Besinnung, all das sind Aspekte des Alltagslebens und der Kultur mehrerer Generationen j\u00fcdischer Migranten, von welchen der humanistische Bogen von Oph\u00e9lie Gaillard berichtet.<\/p>\n<p>Eine wundervolle CD!<\/p>\n<p><a href=\"https:\/\/musique.fnac.com\/a10424332\/Ernest-Bloch-Exiles-CD-album\" target=\"_blank\" rel=\"noopener\">Erfahren Sie mehr und bestellen Sie die CD<\/a><br \/><a href=\"https:\/\/www.iemj.org\/les-musiques-de-lexil\/\" target=\"_blank\" rel=\"noopener\">H\u00f6ren Sie die Radiosendung des Senders Juda\u00efques FM, welche sich der CD Exiles widmet<\/a><\/p>\n\n\n<h2 class=\"wp-block-heading\"><\/h2>\n\n\n<div class=\"wp-block-image\">\n<figure class=\"aligncenter size-large\"><img fetchpriority=\"high\" decoding=\"async\" width=\"1024\" height=\"133\" src=\"https:\/\/www.iemj.org\/wp-content\/uploads\/2024\/03\/AUDIO-PLAYER-1024x133.png\" alt=\"\" class=\"wp-image-110606\" srcset=\"https:\/\/www.iemj.org\/wp-content\/uploads\/2024\/03\/AUDIO-PLAYER-1024x133.png 1024w, https:\/\/www.iemj.org\/wp-content\/uploads\/2024\/03\/AUDIO-PLAYER-300x39.png 300w, https:\/\/www.iemj.org\/wp-content\/uploads\/2024\/03\/AUDIO-PLAYER-768x100.png 768w, https:\/\/www.iemj.org\/wp-content\/uploads\/2024\/03\/AUDIO-PLAYER-600x78.png 600w, https:\/\/www.iemj.org\/wp-content\/uploads\/2024\/03\/AUDIO-PLAYER.png 1210w\" sizes=\"(max-width: 1024px) 100vw, 1024px\" \/><\/figure>\n<\/div>\n\n\n<div class=\"wp-block-file\"><a href=\"https:\/\/www.iemj.org\/wp-content\/uploads\/2018\/11\/1_bloch-schelomo-rhapsodie_hebraique_extrait.mp3\">Bloch_Schelomo-Rhapsodie hebraique_extrait<\/a><\/div>\n\n\n\n<div class=\"wp-block-file\"><a href=\"https:\/\/www.iemj.org\/wp-content\/uploads\/2018\/11\/2_bloch_de_la_vie_juive_priere_extrait.mp3\">Bloch_De la vie juive-priere_extrait<\/a><\/div>\n\n\n\n<div class=\"wp-block-file\"><a href=\"https:\/\/www.iemj.org\/wp-content\/uploads\/2018\/11\/3_kornglod_die_tote_stadt_tanzlied_extrait.mp3\">Korngold_Die tote Stadt-Tanzlied_extrait<\/a><\/div>\n\n\n\n<div class=\"wp-block-file\"><a href=\"https:\/\/www.iemj.org\/wp-content\/uploads\/2018\/11\/4_freilechs_sim_shalom_azoy_tantz_men_in_odessa_extrait.mp3\">Freilechs_Sim shalom_Azoy tantz men in Odessa_extrait<\/a><\/div>\n\n\n\n<div class=\"wp-block-file\"><a href=\"https:\/\/www.iemj.org\/wp-content\/uploads\/2018\/11\/5_alberstein_sarah_sings_a_lullaby_to_little_isaac_extrait.mp3\">Alberstein_Sarah sings a lullaby to little Isaac_extrait<\/a><\/div>\n","protected":false},"excerpt":{"rendered":"<p>Im Besonderen werden auf dieser CD zwei Komponisten gew\u00fcrdigt: Ernest Bloch und Erich Wolfgang Korngold. Ernest Bloch wurde am 24. Juli 1880 in Genf geboren und starb am 15. Juli<\/p>\n","protected":false},"author":1045,"featured_media":75118,"comment_status":"closed","ping_status":"closed","sticky":false,"template":"","format":"standard","meta":{"_acf_changed":false,"footnotes":""},"categories":[1571,1561],"tags":[],"technique":[],"squelettes":[],"sujet":[],"formation":[],"genre":[1900],"fonds":[],"tradition":[],"type-de-contenu":[],"interprete-compositeur":[3147],"frise":[],"type-devenement":[],"tableaux-liens-externes":[],"class_list":["post-75117","post","type-post","status-publish","format-standard","has-post-thumbnail","hentry","category-cd-de","category-letzte-neuerwerbungen-de","genre-klassische-musik-de","interprete-compositeur-ernest-bloch-de-2"],"acf":[],"yoast_head":"<!-- This site is optimized with the Yoast SEO plugin v27.3 - https:\/\/yoast.com\/product\/yoast-seo-wordpress\/ -->\n<title>Exiles - Institut Europ\u00e9en des Musiques Juives<\/title>\n<meta name=\"robots\" content=\"index, follow, max-snippet:-1, max-image-preview:large, max-video-preview:-1\" \/>\n<link rel=\"canonical\" href=\"https:\/\/www.iemj.org\/de\/exiles\/\" \/>\n<meta property=\"og:locale\" content=\"de_DE\" \/>\n<meta property=\"og:type\" content=\"article\" \/>\n<meta property=\"og:title\" content=\"Exiles - Institut Europ\u00e9en des Musiques Juives\" \/>\n<meta property=\"og:description\" content=\"Im Besonderen werden auf dieser CD zwei Komponisten gew\u00fcrdigt: Ernest Bloch und Erich Wolfgang Korngold. Ernest Bloch wurde am 24. Juli 1880 in Genf geboren und starb am 15. Juli\" \/>\n<meta property=\"og:url\" content=\"https:\/\/www.iemj.org\/de\/exiles\/\" \/>\n<meta property=\"og:site_name\" content=\"Institut Europ\u00e9en des Musiques Juives\" \/>\n<meta property=\"article:publisher\" content=\"https:\/\/www.facebook.com\/MusiquesJuives\/\" \/>\n<meta property=\"article:published_time\" content=\"2018-11-15T15:13:15+00:00\" \/>\n<meta property=\"article:modified_time\" content=\"2025-09-18T16:10:12+00:00\" \/>\n<meta property=\"og:image\" content=\"https:\/\/www.iemj.org\/wp-content\/uploads\/2018\/11\/arton3757-e1619111686297.jpg\" \/>\n\t<meta property=\"og:image:width\" content=\"350\" \/>\n\t<meta property=\"og:image:height\" content=\"300\" \/>\n\t<meta property=\"og:image:type\" content=\"image\/jpeg\" \/>\n<meta name=\"author\" content=\"Herv\u00e9 Roten\" \/>\n<meta name=\"twitter:card\" content=\"summary_large_image\" \/>\n<meta name=\"twitter:label1\" content=\"Verfasst von\" \/>\n\t<meta name=\"twitter:data1\" content=\"Herv\u00e9 Roten\" \/>\n\t<meta name=\"twitter:label2\" content=\"Gesch\u00e4tzte Lesezeit\" \/>\n\t<meta name=\"twitter:data2\" content=\"4\u00a0Minuten\" \/>\n<script type=\"application\/ld+json\" class=\"yoast-schema-graph\">{\"@context\":\"https:\\\/\\\/schema.org\",\"@graph\":[{\"@type\":\"Article\",\"@id\":\"https:\\\/\\\/www.iemj.org\\\/de\\\/exiles\\\/#article\",\"isPartOf\":{\"@id\":\"https:\\\/\\\/www.iemj.org\\\/de\\\/exiles\\\/\"},\"author\":{\"name\":\"Herv\u00e9 Roten\",\"@id\":\"https:\\\/\\\/www.iemj.org\\\/de\\\/#\\\/schema\\\/person\\\/906134402c29d5c76e7b726261dd4bbd\"},\"headline\":\"Exiles\",\"datePublished\":\"2018-11-15T15:13:15+00:00\",\"dateModified\":\"2025-09-18T16:10:12+00:00\",\"mainEntityOfPage\":{\"@id\":\"https:\\\/\\\/www.iemj.org\\\/de\\\/exiles\\\/\"},\"wordCount\":590,\"publisher\":{\"@id\":\"https:\\\/\\\/www.iemj.org\\\/de\\\/#organization\"},\"image\":{\"@id\":\"https:\\\/\\\/www.iemj.org\\\/de\\\/exiles\\\/#primaryimage\"},\"thumbnailUrl\":\"https:\\\/\\\/www.iemj.org\\\/wp-content\\\/uploads\\\/2018\\\/11\\\/arton3757-e1619111686297.jpg\",\"articleSection\":[\"CD\",\"Letzte Neuerwerbungen\"],\"inLanguage\":\"de\"},{\"@type\":\"WebPage\",\"@id\":\"https:\\\/\\\/www.iemj.org\\\/de\\\/exiles\\\/\",\"url\":\"https:\\\/\\\/www.iemj.org\\\/de\\\/exiles\\\/\",\"name\":\"Exiles - Institut Europ\u00e9en des Musiques Juives\",\"isPartOf\":{\"@id\":\"https:\\\/\\\/www.iemj.org\\\/de\\\/#website\"},\"primaryImageOfPage\":{\"@id\":\"https:\\\/\\\/www.iemj.org\\\/de\\\/exiles\\\/#primaryimage\"},\"image\":{\"@id\":\"https:\\\/\\\/www.iemj.org\\\/de\\\/exiles\\\/#primaryimage\"},\"thumbnailUrl\":\"https:\\\/\\\/www.iemj.org\\\/wp-content\\\/uploads\\\/2018\\\/11\\\/arton3757-e1619111686297.jpg\",\"datePublished\":\"2018-11-15T15:13:15+00:00\",\"dateModified\":\"2025-09-18T16:10:12+00:00\",\"breadcrumb\":{\"@id\":\"https:\\\/\\\/www.iemj.org\\\/de\\\/exiles\\\/#breadcrumb\"},\"inLanguage\":\"de\",\"potentialAction\":[{\"@type\":\"ReadAction\",\"target\":[\"https:\\\/\\\/www.iemj.org\\\/de\\\/exiles\\\/\"]}]},{\"@type\":\"ImageObject\",\"inLanguage\":\"de\",\"@id\":\"https:\\\/\\\/www.iemj.org\\\/de\\\/exiles\\\/#primaryimage\",\"url\":\"https:\\\/\\\/www.iemj.org\\\/wp-content\\\/uploads\\\/2018\\\/11\\\/arton3757-e1619111686297.jpg\",\"contentUrl\":\"https:\\\/\\\/www.iemj.org\\\/wp-content\\\/uploads\\\/2018\\\/11\\\/arton3757-e1619111686297.jpg\",\"width\":350,\"height\":300},{\"@type\":\"BreadcrumbList\",\"@id\":\"https:\\\/\\\/www.iemj.org\\\/de\\\/exiles\\\/#breadcrumb\",\"itemListElement\":[{\"@type\":\"ListItem\",\"position\":1,\"name\":\"Accueil\",\"item\":\"https:\\\/\\\/www.iemj.org\\\/de\\\/\"},{\"@type\":\"ListItem\",\"position\":2,\"name\":\"Exiles\"}]},{\"@type\":\"WebSite\",\"@id\":\"https:\\\/\\\/www.iemj.org\\\/de\\\/#website\",\"url\":\"https:\\\/\\\/www.iemj.org\\\/de\\\/\",\"name\":\"Institut Europ\u00e9en des Musiques Juives\",\"description\":\"Des traditions musicales \u00e0 la port\u00e9e de tous\",\"publisher\":{\"@id\":\"https:\\\/\\\/www.iemj.org\\\/de\\\/#organization\"},\"potentialAction\":[{\"@type\":\"SearchAction\",\"target\":{\"@type\":\"EntryPoint\",\"urlTemplate\":\"https:\\\/\\\/www.iemj.org\\\/de\\\/?s={search_term_string}\"},\"query-input\":{\"@type\":\"PropertyValueSpecification\",\"valueRequired\":true,\"valueName\":\"search_term_string\"}}],\"inLanguage\":\"de\"},{\"@type\":\"Organization\",\"@id\":\"https:\\\/\\\/www.iemj.org\\\/de\\\/#organization\",\"name\":\"Institut Europ\u00e9en des Musiques Juives\",\"url\":\"https:\\\/\\\/www.iemj.org\\\/de\\\/\",\"logo\":{\"@type\":\"ImageObject\",\"inLanguage\":\"de\",\"@id\":\"https:\\\/\\\/www.iemj.org\\\/de\\\/#\\\/schema\\\/logo\\\/image\\\/\",\"url\":\"https:\\\/\\\/www.iemj.org\\\/wp-content\\\/uploads\\\/2021\\\/09\\\/Logo-IEMJ-Paypal.jpg\",\"contentUrl\":\"https:\\\/\\\/www.iemj.org\\\/wp-content\\\/uploads\\\/2021\\\/09\\\/Logo-IEMJ-Paypal.jpg\",\"width\":150,\"height\":50,\"caption\":\"Institut Europ\u00e9en des Musiques Juives\"},\"image\":{\"@id\":\"https:\\\/\\\/www.iemj.org\\\/de\\\/#\\\/schema\\\/logo\\\/image\\\/\"},\"sameAs\":[\"https:\\\/\\\/www.facebook.com\\\/MusiquesJuives\\\/\",\"https:\\\/\\\/www.instagram.com\\\/musiquesjuives\\\/\",\"https:\\\/\\\/www.youtube.com\\\/user\\\/musiquesjuives\"]},{\"@type\":\"Person\",\"@id\":\"https:\\\/\\\/www.iemj.org\\\/de\\\/#\\\/schema\\\/person\\\/906134402c29d5c76e7b726261dd4bbd\",\"name\":\"Herv\u00e9 Roten\",\"image\":{\"@type\":\"ImageObject\",\"inLanguage\":\"de\",\"@id\":\"https:\\\/\\\/secure.gravatar.com\\\/avatar\\\/f96ad2db538a26481f18384936b5cd0610c92d390c4dc382209216d455f685ff?s=96&d=mm&r=g\",\"url\":\"https:\\\/\\\/secure.gravatar.com\\\/avatar\\\/f96ad2db538a26481f18384936b5cd0610c92d390c4dc382209216d455f685ff?s=96&d=mm&r=g\",\"contentUrl\":\"https:\\\/\\\/secure.gravatar.com\\\/avatar\\\/f96ad2db538a26481f18384936b5cd0610c92d390c4dc382209216d455f685ff?s=96&d=mm&r=g\",\"caption\":\"Herv\u00e9 Roten\"}}]}<\/script>\n<!-- \/ Yoast SEO plugin. -->","yoast_head_json":{"title":"Exiles - Institut Europ\u00e9en des Musiques Juives","robots":{"index":"index","follow":"follow","max-snippet":"max-snippet:-1","max-image-preview":"max-image-preview:large","max-video-preview":"max-video-preview:-1"},"canonical":"https:\/\/www.iemj.org\/de\/exiles\/","og_locale":"de_DE","og_type":"article","og_title":"Exiles - Institut Europ\u00e9en des Musiques Juives","og_description":"Im Besonderen werden auf dieser CD zwei Komponisten gew\u00fcrdigt: Ernest Bloch und Erich Wolfgang Korngold. Ernest Bloch wurde am 24. Juli 1880 in Genf geboren und starb am 15. Juli","og_url":"https:\/\/www.iemj.org\/de\/exiles\/","og_site_name":"Institut Europ\u00e9en des Musiques Juives","article_publisher":"https:\/\/www.facebook.com\/MusiquesJuives\/","article_published_time":"2018-11-15T15:13:15+00:00","article_modified_time":"2025-09-18T16:10:12+00:00","og_image":[{"width":350,"height":300,"url":"https:\/\/www.iemj.org\/wp-content\/uploads\/2018\/11\/arton3757-e1619111686297.jpg","type":"image\/jpeg"}],"author":"Herv\u00e9 Roten","twitter_card":"summary_large_image","twitter_misc":{"Verfasst von":"Herv\u00e9 Roten","Gesch\u00e4tzte Lesezeit":"4\u00a0Minuten"},"schema":{"@context":"https:\/\/schema.org","@graph":[{"@type":"Article","@id":"https:\/\/www.iemj.org\/de\/exiles\/#article","isPartOf":{"@id":"https:\/\/www.iemj.org\/de\/exiles\/"},"author":{"name":"Herv\u00e9 Roten","@id":"https:\/\/www.iemj.org\/de\/#\/schema\/person\/906134402c29d5c76e7b726261dd4bbd"},"headline":"Exiles","datePublished":"2018-11-15T15:13:15+00:00","dateModified":"2025-09-18T16:10:12+00:00","mainEntityOfPage":{"@id":"https:\/\/www.iemj.org\/de\/exiles\/"},"wordCount":590,"publisher":{"@id":"https:\/\/www.iemj.org\/de\/#organization"},"image":{"@id":"https:\/\/www.iemj.org\/de\/exiles\/#primaryimage"},"thumbnailUrl":"https:\/\/www.iemj.org\/wp-content\/uploads\/2018\/11\/arton3757-e1619111686297.jpg","articleSection":["CD","Letzte Neuerwerbungen"],"inLanguage":"de"},{"@type":"WebPage","@id":"https:\/\/www.iemj.org\/de\/exiles\/","url":"https:\/\/www.iemj.org\/de\/exiles\/","name":"Exiles - Institut Europ\u00e9en des Musiques Juives","isPartOf":{"@id":"https:\/\/www.iemj.org\/de\/#website"},"primaryImageOfPage":{"@id":"https:\/\/www.iemj.org\/de\/exiles\/#primaryimage"},"image":{"@id":"https:\/\/www.iemj.org\/de\/exiles\/#primaryimage"},"thumbnailUrl":"https:\/\/www.iemj.org\/wp-content\/uploads\/2018\/11\/arton3757-e1619111686297.jpg","datePublished":"2018-11-15T15:13:15+00:00","dateModified":"2025-09-18T16:10:12+00:00","breadcrumb":{"@id":"https:\/\/www.iemj.org\/de\/exiles\/#breadcrumb"},"inLanguage":"de","potentialAction":[{"@type":"ReadAction","target":["https:\/\/www.iemj.org\/de\/exiles\/"]}]},{"@type":"ImageObject","inLanguage":"de","@id":"https:\/\/www.iemj.org\/de\/exiles\/#primaryimage","url":"https:\/\/www.iemj.org\/wp-content\/uploads\/2018\/11\/arton3757-e1619111686297.jpg","contentUrl":"https:\/\/www.iemj.org\/wp-content\/uploads\/2018\/11\/arton3757-e1619111686297.jpg","width":350,"height":300},{"@type":"BreadcrumbList","@id":"https:\/\/www.iemj.org\/de\/exiles\/#breadcrumb","itemListElement":[{"@type":"ListItem","position":1,"name":"Accueil","item":"https:\/\/www.iemj.org\/de\/"},{"@type":"ListItem","position":2,"name":"Exiles"}]},{"@type":"WebSite","@id":"https:\/\/www.iemj.org\/de\/#website","url":"https:\/\/www.iemj.org\/de\/","name":"Institut Europ\u00e9en des Musiques Juives","description":"Des traditions musicales \u00e0 la port\u00e9e de tous","publisher":{"@id":"https:\/\/www.iemj.org\/de\/#organization"},"potentialAction":[{"@type":"SearchAction","target":{"@type":"EntryPoint","urlTemplate":"https:\/\/www.iemj.org\/de\/?s={search_term_string}"},"query-input":{"@type":"PropertyValueSpecification","valueRequired":true,"valueName":"search_term_string"}}],"inLanguage":"de"},{"@type":"Organization","@id":"https:\/\/www.iemj.org\/de\/#organization","name":"Institut Europ\u00e9en des Musiques Juives","url":"https:\/\/www.iemj.org\/de\/","logo":{"@type":"ImageObject","inLanguage":"de","@id":"https:\/\/www.iemj.org\/de\/#\/schema\/logo\/image\/","url":"https:\/\/www.iemj.org\/wp-content\/uploads\/2021\/09\/Logo-IEMJ-Paypal.jpg","contentUrl":"https:\/\/www.iemj.org\/wp-content\/uploads\/2021\/09\/Logo-IEMJ-Paypal.jpg","width":150,"height":50,"caption":"Institut Europ\u00e9en des Musiques Juives"},"image":{"@id":"https:\/\/www.iemj.org\/de\/#\/schema\/logo\/image\/"},"sameAs":["https:\/\/www.facebook.com\/MusiquesJuives\/","https:\/\/www.instagram.com\/musiquesjuives\/","https:\/\/www.youtube.com\/user\/musiquesjuives"]},{"@type":"Person","@id":"https:\/\/www.iemj.org\/de\/#\/schema\/person\/906134402c29d5c76e7b726261dd4bbd","name":"Herv\u00e9 Roten","image":{"@type":"ImageObject","inLanguage":"de","@id":"https:\/\/secure.gravatar.com\/avatar\/f96ad2db538a26481f18384936b5cd0610c92d390c4dc382209216d455f685ff?s=96&d=mm&r=g","url":"https:\/\/secure.gravatar.com\/avatar\/f96ad2db538a26481f18384936b5cd0610c92d390c4dc382209216d455f685ff?s=96&d=mm&r=g","contentUrl":"https:\/\/secure.gravatar.com\/avatar\/f96ad2db538a26481f18384936b5cd0610c92d390c4dc382209216d455f685ff?s=96&d=mm&r=g","caption":"Herv\u00e9 Roten"}}]}},"_links":{"self":[{"href":"https:\/\/www.iemj.org\/de\/wp-json\/wp\/v2\/posts\/75117","targetHints":{"allow":["GET"]}}],"collection":[{"href":"https:\/\/www.iemj.org\/de\/wp-json\/wp\/v2\/posts"}],"about":[{"href":"https:\/\/www.iemj.org\/de\/wp-json\/wp\/v2\/types\/post"}],"author":[{"embeddable":true,"href":"https:\/\/www.iemj.org\/de\/wp-json\/wp\/v2\/users\/1045"}],"replies":[{"embeddable":true,"href":"https:\/\/www.iemj.org\/de\/wp-json\/wp\/v2\/comments?post=75117"}],"version-history":[{"count":0,"href":"https:\/\/www.iemj.org\/de\/wp-json\/wp\/v2\/posts\/75117\/revisions"}],"wp:featuredmedia":[{"embeddable":true,"href":"https:\/\/www.iemj.org\/de\/wp-json\/wp\/v2\/media\/75118"}],"wp:attachment":[{"href":"https:\/\/www.iemj.org\/de\/wp-json\/wp\/v2\/media?parent=75117"}],"wp:term":[{"taxonomy":"category","embeddable":true,"href":"https:\/\/www.iemj.org\/de\/wp-json\/wp\/v2\/categories?post=75117"},{"taxonomy":"post_tag","embeddable":true,"href":"https:\/\/www.iemj.org\/de\/wp-json\/wp\/v2\/tags?post=75117"},{"taxonomy":"technique","embeddable":true,"href":"https:\/\/www.iemj.org\/de\/wp-json\/wp\/v2\/technique?post=75117"},{"taxonomy":"squelettes","embeddable":true,"href":"https:\/\/www.iemj.org\/de\/wp-json\/wp\/v2\/squelettes?post=75117"},{"taxonomy":"sujet","embeddable":true,"href":"https:\/\/www.iemj.org\/de\/wp-json\/wp\/v2\/sujet?post=75117"},{"taxonomy":"formation","embeddable":true,"href":"https:\/\/www.iemj.org\/de\/wp-json\/wp\/v2\/formation?post=75117"},{"taxonomy":"genre","embeddable":true,"href":"https:\/\/www.iemj.org\/de\/wp-json\/wp\/v2\/genre?post=75117"},{"taxonomy":"fonds","embeddable":true,"href":"https:\/\/www.iemj.org\/de\/wp-json\/wp\/v2\/fonds?post=75117"},{"taxonomy":"tradition","embeddable":true,"href":"https:\/\/www.iemj.org\/de\/wp-json\/wp\/v2\/tradition?post=75117"},{"taxonomy":"type-de-contenu","embeddable":true,"href":"https:\/\/www.iemj.org\/de\/wp-json\/wp\/v2\/type-de-contenu?post=75117"},{"taxonomy":"interprete-compositeur","embeddable":true,"href":"https:\/\/www.iemj.org\/de\/wp-json\/wp\/v2\/interprete-compositeur?post=75117"},{"taxonomy":"frise","embeddable":true,"href":"https:\/\/www.iemj.org\/de\/wp-json\/wp\/v2\/frise?post=75117"},{"taxonomy":"type-devenement","embeddable":true,"href":"https:\/\/www.iemj.org\/de\/wp-json\/wp\/v2\/type-devenement?post=75117"},{"taxonomy":"tableaux-liens-externes","embeddable":true,"href":"https:\/\/www.iemj.org\/de\/wp-json\/wp\/v2\/tableaux-liens-externes?post=75117"}],"curies":[{"name":"wp","href":"https:\/\/api.w.org\/{rel}","templated":true}]}}