{"id":75188,"date":"2021-12-23T17:26:27","date_gmt":"2021-12-23T16:26:27","guid":{"rendered":"https:\/\/www.iemj.org\/?p=75188"},"modified":"2025-04-07T12:07:55","modified_gmt":"2025-04-07T10:07:55","slug":"melodies-hebraiques-pour-violoncelle-et-piano-volume-2","status":"publish","type":"post","link":"https:\/\/www.iemj.org\/de\/melodies-hebraiques-pour-violoncelle-et-piano-volume-2\/","title":{"rendered":"HEBR\u00c4ISCHE MELODIEN F\u00dcR CELLO UND KLAVIER, volumen 2"},"content":{"rendered":"\n<div class=\"wp-block-group\"><div class=\"wp-block-group__inner-container is-layout-flow wp-block-group-is-layout-flow\">\n<h3>\u00a0<\/h3>\n<h3>Ver\u00f6ffentlichung der 7. CD der Klassikersammlung<\/h3>\n<p><!--more--><\/p>\n<p>Dieses Programm, das von Sarah Iancu, der Solocellistin des Orchestre National du Capitole de Toulouse, und dem virtuosen Pianisten David Bismuth hervorragend interpretiert wird, bietet uns 23 Instrumentalst\u00fccke, die von liturgischer Musik, chassidischen Melodien und jiddischen Liedern inspiriert sind.<\/p>\n<p>Es ist eine Gelegenheit, Werke von Ernest Bloch (<em>Meditation h\u00e9bra\u00efque, Abodah<\/em>), Mario Castelnuovo-Tedesco (<em>Kol nidre, Chant h\u00e9bra\u00efque<\/em>), Vladimir Dyck (<em>L\u00e9gende h\u00e9bra\u00efque<\/em>), <a href=\"https:\/\/www.iemj.org\/de\/halphen-fernand-1872-1917\/\" target=\"_blank\" rel=\"noopener\">Fernand Halphen<\/a> (<em>Pri\u00e8re<\/em>), Abraham Goldfaden (<em>Rozinkhes mit mandlen<\/em>), Jack Yellen und Lew Pollack (<em>My Yiddishe Momme<\/em>) zu entdecken &#8211; oder wiederzuentdecken.<\/p>\n<p>Ein Teil dieser CD beleuchtet auch Komponisten der &#8222;Neuen J\u00fcdischen Schule&#8220; in St. Petersburg &#8211; wie <a href=\"https:\/\/www.iemj.org\/de\/engel-joel-1868-1927\/\" target=\"_blank\" rel=\"noopener\">Joel Engel<\/a>, Alexander Krein, Lazare Saminsky, Joachim Stutschewsky, Jacob Weinberg und Leo Zeitlin -, die sich unter dem Einfluss der russischen folkloristischen Str\u00f6mung um die Wende zum 20. Jahrhundert an die Schaffung einer nationalen j\u00fcdischen Musik machten.<\/p>\n<p>Eine wesentliche, sehr einf\u00fchlsame Aufnahme, die von einem 36-seitigen, reich dokumentierten Booklet begleitet wird&#8230;<\/p>\n<p>Diese CD wurde mit der Unterst\u00fctzung der Stiftung f\u00fcr Franz\u00f6sisches Judentum\u00a0(<a class=\"spip_out\" href=\"https:\/\/www.fondationjudaisme.org\/\" target=\"_blank\" rel=\"external noopener\">Fondation du Juda\u00efsme Fran\u00e7ais<\/a>),\u00a0der Stiftung zur Erinnerung an die Shoah\u00a0(<a class=\"spip_out\" href=\"http:\/\/www.fondationshoah.org\/\" target=\"_blank\" rel=\"external noopener\">Fondation pour la M\u00e9moire de la Shoah<\/a>), der\u00a0<a class=\"spip_out\" href=\"https:\/\/www.iemj.org\/fondation-henriette-halphen\/\" target=\"_blank\" rel=\"noopener\">Henriette Halphen<\/a>\u00a0und Ir\u00e8ne und Jacques Darmon\u00a0Stiftung, und unter der Schirmherrschaft der FJF und der\u00a0<a class=\"spip_out\" href=\"https:\/\/www.aiu.org\/fr\/alliance-israelite-universelle\" target=\"_blank\" rel=\"external noopener\">Alliance Isra\u00e9lite Universelle<\/a>\u00a0hergestellt.<\/p>\n<h2><a href=\"https:\/\/www.iemj.org\/de\/produit\/melodies-hebraiques-volume-2\/\" target=\"_blank\" rel=\"noopener\">Diese CD online im IEMJ-Shop kaufen<\/a><\/h2>\n<p><a href=\"https:\/\/www.iemj.org\/de\/melodies-hebraiques-pour-violoncelle-et-piano\/\" target=\"_blank\" rel=\"noopener\">Mehr Informationen zur CD Hebr\u00e4ische Melodien f\u00fcr Violoncello und Klavier, Volumen 1<\/a><\/p>\n<p><strong>Informationen\/Bestellungen \/ Kontakt unter<\/strong>\u00a001 45 82 20 52 oder\u00a0<a href=\"https:\/\/www.iemj.org\/de\/melodies-hebraiques-pour-violoncelle-et-piano\/contact@iemj.org\" target=\"_blank\" rel=\"noopener\">contact@iemj.org<\/a><\/p>\n\n\n\n<p><\/p>\n<\/div><\/div>\n\n\n\n<div class=\"wp-block-group\"><div class=\"wp-block-group__inner-container is-layout-flow wp-block-group-is-layout-flow\"><div class=\"wp-block-image\">\n<figure class=\"aligncenter size-full\"><img fetchpriority=\"high\" decoding=\"async\" width=\"693\" height=\"589\" src=\"https:\/\/www.iemj.org\/wp-content\/uploads\/2021\/12\/COUV4-CDC7-1.jpg\" alt=\"\" class=\"wp-image-75175\" srcset=\"https:\/\/www.iemj.org\/wp-content\/uploads\/2021\/12\/COUV4-CDC7-1.jpg 693w, https:\/\/www.iemj.org\/wp-content\/uploads\/2021\/12\/COUV4-CDC7-1-300x255.jpg 300w, https:\/\/www.iemj.org\/wp-content\/uploads\/2021\/12\/COUV4-CDC7-1-600x510.jpg 600w\" sizes=\"(max-width: 693px) 100vw, 693px\" \/><\/figure>\n<\/div><\/div><\/div>\n\n\n\n<figure class=\"wp-block-embed is-type-video is-provider-youtube wp-block-embed-youtube wp-embed-aspect-16-9 wp-has-aspect-ratio\"><div class=\"wp-block-embed__wrapper\">\n<iframe title=\"Sarah Iancu \u00e0 l\u2019occasion de la sortie du CD \u00ab M\u00e9lodies H\u00e9bra\u00efques \u00bb - Les invit\u00e9s de Lise Gutmann\" width=\"640\" height=\"360\" src=\"https:\/\/www.youtube.com\/embed\/OBWGhTu6kFA?feature=oembed\" frameborder=\"0\" allow=\"accelerometer; autoplay; clipboard-write; encrypted-media; gyroscope; picture-in-picture; web-share\" referrerpolicy=\"strict-origin-when-cross-origin\" allowfullscreen><\/iframe>\n<\/div><figcaption class=\"wp-element-caption\"><strong>Sehen Sie sich das Interview von Lise Gutmann auf Radio J mit Sarah Iancu anl\u00e4sslich der Ver\u00f6ffentlichung der CD &#8222;M\u00e9lodies H\u00e9bra\u00efques, vol. 2 &#8222;<\/strong><\/figcaption><\/figure>\n\n\n<div class=\"wp-block-image\">\n<figure class=\"aligncenter size-large\"><img decoding=\"async\" width=\"1024\" height=\"133\" src=\"https:\/\/www.iemj.org\/wp-content\/uploads\/2024\/03\/AUDIO-PLAYER-1024x133.png\" alt=\"\" class=\"wp-image-110606\" srcset=\"https:\/\/www.iemj.org\/wp-content\/uploads\/2024\/03\/AUDIO-PLAYER-1024x133.png 1024w, https:\/\/www.iemj.org\/wp-content\/uploads\/2024\/03\/AUDIO-PLAYER-300x39.png 300w, https:\/\/www.iemj.org\/wp-content\/uploads\/2024\/03\/AUDIO-PLAYER-768x100.png 768w, https:\/\/www.iemj.org\/wp-content\/uploads\/2024\/03\/AUDIO-PLAYER-600x78.png 600w, https:\/\/www.iemj.org\/wp-content\/uploads\/2024\/03\/AUDIO-PLAYER.png 1210w\" sizes=\"(max-width: 1024px) 100vw, 1024px\" \/><\/figure>\n<\/div>","protected":false},"excerpt":{"rendered":"<p>\u00a0 Ver\u00f6ffentlichung der 7. CD der Klassikersammlung \u00a0 Ver\u00f6ffentlichung der 7. CD der Klassikersammlung<\/p>\n","protected":false},"author":5,"featured_media":75146,"comment_status":"closed","ping_status":"closed","sticky":false,"template":"","format":"standard","meta":{"_acf_changed":false,"footnotes":""},"categories":[1393,2199,1390],"tags":[],"technique":[],"squelettes":[],"sujet":[],"formation":[],"genre":[1900,1891],"fonds":[],"tradition":[],"type-de-contenu":[],"interprete-compositeur":[],"frise":[],"type-devenement":[],"tableaux-liens-externes":[],"class_list":["post-75188","post","type-post","status-publish","format-standard","has-post-thumbnail","hentry","category-cd-iemj-de","category-sammlung-klassik-de","category-veroffentlichungen-de","genre-klassische-musik-de","genre-liturgie-de"],"acf":[],"yoast_head":"<!-- This site is optimized with the Yoast SEO plugin v27.3 - https:\/\/yoast.com\/product\/yoast-seo-wordpress\/ -->\n<title>HEBR\u00c4ISCHE MELODIEN F\u00dcR CELLO UND KLAVIER, volumen 2 - Institut Europ\u00e9en des Musiques Juives<\/title>\n<meta name=\"robots\" content=\"index, follow, max-snippet:-1, max-image-preview:large, max-video-preview:-1\" \/>\n<link rel=\"canonical\" href=\"https:\/\/www.iemj.org\/de\/melodies-hebraiques-pour-violoncelle-et-piano-volume-2\/\" \/>\n<meta property=\"og:locale\" content=\"de_DE\" \/>\n<meta property=\"og:type\" content=\"article\" \/>\n<meta property=\"og:title\" content=\"HEBR\u00c4ISCHE MELODIEN F\u00dcR CELLO UND KLAVIER, volumen 2 - Institut Europ\u00e9en des Musiques Juives\" \/>\n<meta property=\"og:description\" content=\"\u00a0 Ver\u00f6ffentlichung der 7. CD der Klassikersammlung \u00a0 Ver\u00f6ffentlichung der 7. CD der Klassikersammlung\" \/>\n<meta property=\"og:url\" content=\"https:\/\/www.iemj.org\/de\/melodies-hebraiques-pour-violoncelle-et-piano-volume-2\/\" \/>\n<meta property=\"og:site_name\" content=\"Institut Europ\u00e9en des Musiques Juives\" \/>\n<meta property=\"article:publisher\" content=\"https:\/\/www.facebook.com\/MusiquesJuives\/\" \/>\n<meta property=\"article:published_time\" content=\"2021-12-23T16:26:27+00:00\" \/>\n<meta property=\"article:modified_time\" content=\"2025-04-07T10:07:55+00:00\" \/>\n<meta property=\"og:image\" content=\"https:\/\/www.iemj.org\/wp-content\/uploads\/2021\/12\/COUV-CDC7-1-e1640191308323.jpg\" \/>\n\t<meta property=\"og:image:width\" content=\"600\" \/>\n\t<meta property=\"og:image:height\" content=\"538\" \/>\n\t<meta property=\"og:image:type\" content=\"image\/jpeg\" \/>\n<meta name=\"author\" content=\"Jacqueline ROTEN\" \/>\n<meta name=\"twitter:card\" content=\"summary_large_image\" \/>\n<meta name=\"twitter:label1\" content=\"Verfasst von\" \/>\n\t<meta name=\"twitter:data1\" content=\"Jacqueline ROTEN\" \/>\n\t<meta name=\"twitter:label2\" content=\"Gesch\u00e4tzte Lesezeit\" \/>\n\t<meta name=\"twitter:data2\" content=\"2\u00a0Minuten\" \/>\n<script type=\"application\/ld+json\" class=\"yoast-schema-graph\">{\"@context\":\"https:\\\/\\\/schema.org\",\"@graph\":[{\"@type\":\"Article\",\"@id\":\"https:\\\/\\\/www.iemj.org\\\/de\\\/melodies-hebraiques-pour-violoncelle-et-piano-volume-2\\\/#article\",\"isPartOf\":{\"@id\":\"https:\\\/\\\/www.iemj.org\\\/de\\\/melodies-hebraiques-pour-violoncelle-et-piano-volume-2\\\/\"},\"author\":{\"name\":\"Jacqueline ROTEN\",\"@id\":\"https:\\\/\\\/www.iemj.org\\\/de\\\/#\\\/schema\\\/person\\\/358e26c18aca017fcc4cc15437f7279c\"},\"headline\":\"HEBR\u00c4ISCHE MELODIEN F\u00dcR CELLO UND KLAVIER, volumen 2\",\"datePublished\":\"2021-12-23T16:26:27+00:00\",\"dateModified\":\"2025-04-07T10:07:55+00:00\",\"mainEntityOfPage\":{\"@id\":\"https:\\\/\\\/www.iemj.org\\\/de\\\/melodies-hebraiques-pour-violoncelle-et-piano-volume-2\\\/\"},\"wordCount\":291,\"publisher\":{\"@id\":\"https:\\\/\\\/www.iemj.org\\\/de\\\/#organization\"},\"image\":{\"@id\":\"https:\\\/\\\/www.iemj.org\\\/de\\\/melodies-hebraiques-pour-violoncelle-et-piano-volume-2\\\/#primaryimage\"},\"thumbnailUrl\":\"https:\\\/\\\/www.iemj.org\\\/wp-content\\\/uploads\\\/2021\\\/12\\\/COUV-CDC7-1-e1640191308323.jpg\",\"articleSection\":[\"CD IEMJ\",\"Sammlung Klassik\",\"Ver\u00f6ffentlichungen\"],\"inLanguage\":\"de\"},{\"@type\":\"WebPage\",\"@id\":\"https:\\\/\\\/www.iemj.org\\\/de\\\/melodies-hebraiques-pour-violoncelle-et-piano-volume-2\\\/\",\"url\":\"https:\\\/\\\/www.iemj.org\\\/de\\\/melodies-hebraiques-pour-violoncelle-et-piano-volume-2\\\/\",\"name\":\"HEBR\u00c4ISCHE MELODIEN F\u00dcR CELLO UND KLAVIER, volumen 2 - Institut Europ\u00e9en des Musiques Juives\",\"isPartOf\":{\"@id\":\"https:\\\/\\\/www.iemj.org\\\/de\\\/#website\"},\"primaryImageOfPage\":{\"@id\":\"https:\\\/\\\/www.iemj.org\\\/de\\\/melodies-hebraiques-pour-violoncelle-et-piano-volume-2\\\/#primaryimage\"},\"image\":{\"@id\":\"https:\\\/\\\/www.iemj.org\\\/de\\\/melodies-hebraiques-pour-violoncelle-et-piano-volume-2\\\/#primaryimage\"},\"thumbnailUrl\":\"https:\\\/\\\/www.iemj.org\\\/wp-content\\\/uploads\\\/2021\\\/12\\\/COUV-CDC7-1-e1640191308323.jpg\",\"datePublished\":\"2021-12-23T16:26:27+00:00\",\"dateModified\":\"2025-04-07T10:07:55+00:00\",\"breadcrumb\":{\"@id\":\"https:\\\/\\\/www.iemj.org\\\/de\\\/melodies-hebraiques-pour-violoncelle-et-piano-volume-2\\\/#breadcrumb\"},\"inLanguage\":\"de\",\"potentialAction\":[{\"@type\":\"ReadAction\",\"target\":[\"https:\\\/\\\/www.iemj.org\\\/de\\\/melodies-hebraiques-pour-violoncelle-et-piano-volume-2\\\/\"]}]},{\"@type\":\"ImageObject\",\"inLanguage\":\"de\",\"@id\":\"https:\\\/\\\/www.iemj.org\\\/de\\\/melodies-hebraiques-pour-violoncelle-et-piano-volume-2\\\/#primaryimage\",\"url\":\"https:\\\/\\\/www.iemj.org\\\/wp-content\\\/uploads\\\/2021\\\/12\\\/COUV-CDC7-1-e1640191308323.jpg\",\"contentUrl\":\"https:\\\/\\\/www.iemj.org\\\/wp-content\\\/uploads\\\/2021\\\/12\\\/COUV-CDC7-1-e1640191308323.jpg\",\"width\":600,\"height\":538},{\"@type\":\"BreadcrumbList\",\"@id\":\"https:\\\/\\\/www.iemj.org\\\/de\\\/melodies-hebraiques-pour-violoncelle-et-piano-volume-2\\\/#breadcrumb\",\"itemListElement\":[{\"@type\":\"ListItem\",\"position\":1,\"name\":\"Accueil\",\"item\":\"https:\\\/\\\/www.iemj.org\\\/de\\\/\"},{\"@type\":\"ListItem\",\"position\":2,\"name\":\"HEBR\u00c4ISCHE MELODIEN F\u00dcR CELLO UND KLAVIER, volumen 2\"}]},{\"@type\":\"WebSite\",\"@id\":\"https:\\\/\\\/www.iemj.org\\\/de\\\/#website\",\"url\":\"https:\\\/\\\/www.iemj.org\\\/de\\\/\",\"name\":\"Institut Europ\u00e9en des Musiques Juives\",\"description\":\"Des traditions musicales \u00e0 la port\u00e9e de tous\",\"publisher\":{\"@id\":\"https:\\\/\\\/www.iemj.org\\\/de\\\/#organization\"},\"potentialAction\":[{\"@type\":\"SearchAction\",\"target\":{\"@type\":\"EntryPoint\",\"urlTemplate\":\"https:\\\/\\\/www.iemj.org\\\/de\\\/?s={search_term_string}\"},\"query-input\":{\"@type\":\"PropertyValueSpecification\",\"valueRequired\":true,\"valueName\":\"search_term_string\"}}],\"inLanguage\":\"de\"},{\"@type\":\"Organization\",\"@id\":\"https:\\\/\\\/www.iemj.org\\\/de\\\/#organization\",\"name\":\"Institut Europ\u00e9en des Musiques Juives\",\"url\":\"https:\\\/\\\/www.iemj.org\\\/de\\\/\",\"logo\":{\"@type\":\"ImageObject\",\"inLanguage\":\"de\",\"@id\":\"https:\\\/\\\/www.iemj.org\\\/de\\\/#\\\/schema\\\/logo\\\/image\\\/\",\"url\":\"https:\\\/\\\/www.iemj.org\\\/wp-content\\\/uploads\\\/2021\\\/09\\\/Logo-IEMJ-Paypal.jpg\",\"contentUrl\":\"https:\\\/\\\/www.iemj.org\\\/wp-content\\\/uploads\\\/2021\\\/09\\\/Logo-IEMJ-Paypal.jpg\",\"width\":150,\"height\":50,\"caption\":\"Institut Europ\u00e9en des Musiques Juives\"},\"image\":{\"@id\":\"https:\\\/\\\/www.iemj.org\\\/de\\\/#\\\/schema\\\/logo\\\/image\\\/\"},\"sameAs\":[\"https:\\\/\\\/www.facebook.com\\\/MusiquesJuives\\\/\",\"https:\\\/\\\/www.instagram.com\\\/musiquesjuives\\\/\",\"https:\\\/\\\/www.youtube.com\\\/user\\\/musiquesjuives\"]},{\"@type\":\"Person\",\"@id\":\"https:\\\/\\\/www.iemj.org\\\/de\\\/#\\\/schema\\\/person\\\/358e26c18aca017fcc4cc15437f7279c\",\"name\":\"Jacqueline ROTEN\",\"image\":{\"@type\":\"ImageObject\",\"inLanguage\":\"de\",\"@id\":\"https:\\\/\\\/secure.gravatar.com\\\/avatar\\\/5964256d6c6957de3a3505278957e0fb2a35119ac47ea41827a65301213c810b?s=96&d=mm&r=g\",\"url\":\"https:\\\/\\\/secure.gravatar.com\\\/avatar\\\/5964256d6c6957de3a3505278957e0fb2a35119ac47ea41827a65301213c810b?s=96&d=mm&r=g\",\"contentUrl\":\"https:\\\/\\\/secure.gravatar.com\\\/avatar\\\/5964256d6c6957de3a3505278957e0fb2a35119ac47ea41827a65301213c810b?s=96&d=mm&r=g\",\"caption\":\"Jacqueline ROTEN\"}}]}<\/script>\n<!-- \/ Yoast SEO plugin. -->","yoast_head_json":{"title":"HEBR\u00c4ISCHE MELODIEN F\u00dcR CELLO UND KLAVIER, volumen 2 - Institut Europ\u00e9en des Musiques Juives","robots":{"index":"index","follow":"follow","max-snippet":"max-snippet:-1","max-image-preview":"max-image-preview:large","max-video-preview":"max-video-preview:-1"},"canonical":"https:\/\/www.iemj.org\/de\/melodies-hebraiques-pour-violoncelle-et-piano-volume-2\/","og_locale":"de_DE","og_type":"article","og_title":"HEBR\u00c4ISCHE MELODIEN F\u00dcR CELLO UND KLAVIER, volumen 2 - Institut Europ\u00e9en des Musiques Juives","og_description":"\u00a0 Ver\u00f6ffentlichung der 7. CD der Klassikersammlung \u00a0 Ver\u00f6ffentlichung der 7. CD der Klassikersammlung","og_url":"https:\/\/www.iemj.org\/de\/melodies-hebraiques-pour-violoncelle-et-piano-volume-2\/","og_site_name":"Institut Europ\u00e9en des Musiques Juives","article_publisher":"https:\/\/www.facebook.com\/MusiquesJuives\/","article_published_time":"2021-12-23T16:26:27+00:00","article_modified_time":"2025-04-07T10:07:55+00:00","og_image":[{"width":600,"height":538,"url":"https:\/\/www.iemj.org\/wp-content\/uploads\/2021\/12\/COUV-CDC7-1-e1640191308323.jpg","type":"image\/jpeg"}],"author":"Jacqueline ROTEN","twitter_card":"summary_large_image","twitter_misc":{"Verfasst von":"Jacqueline ROTEN","Gesch\u00e4tzte Lesezeit":"2\u00a0Minuten"},"schema":{"@context":"https:\/\/schema.org","@graph":[{"@type":"Article","@id":"https:\/\/www.iemj.org\/de\/melodies-hebraiques-pour-violoncelle-et-piano-volume-2\/#article","isPartOf":{"@id":"https:\/\/www.iemj.org\/de\/melodies-hebraiques-pour-violoncelle-et-piano-volume-2\/"},"author":{"name":"Jacqueline ROTEN","@id":"https:\/\/www.iemj.org\/de\/#\/schema\/person\/358e26c18aca017fcc4cc15437f7279c"},"headline":"HEBR\u00c4ISCHE MELODIEN F\u00dcR CELLO UND KLAVIER, volumen 2","datePublished":"2021-12-23T16:26:27+00:00","dateModified":"2025-04-07T10:07:55+00:00","mainEntityOfPage":{"@id":"https:\/\/www.iemj.org\/de\/melodies-hebraiques-pour-violoncelle-et-piano-volume-2\/"},"wordCount":291,"publisher":{"@id":"https:\/\/www.iemj.org\/de\/#organization"},"image":{"@id":"https:\/\/www.iemj.org\/de\/melodies-hebraiques-pour-violoncelle-et-piano-volume-2\/#primaryimage"},"thumbnailUrl":"https:\/\/www.iemj.org\/wp-content\/uploads\/2021\/12\/COUV-CDC7-1-e1640191308323.jpg","articleSection":["CD IEMJ","Sammlung Klassik","Ver\u00f6ffentlichungen"],"inLanguage":"de"},{"@type":"WebPage","@id":"https:\/\/www.iemj.org\/de\/melodies-hebraiques-pour-violoncelle-et-piano-volume-2\/","url":"https:\/\/www.iemj.org\/de\/melodies-hebraiques-pour-violoncelle-et-piano-volume-2\/","name":"HEBR\u00c4ISCHE MELODIEN F\u00dcR CELLO UND KLAVIER, volumen 2 - Institut Europ\u00e9en des Musiques Juives","isPartOf":{"@id":"https:\/\/www.iemj.org\/de\/#website"},"primaryImageOfPage":{"@id":"https:\/\/www.iemj.org\/de\/melodies-hebraiques-pour-violoncelle-et-piano-volume-2\/#primaryimage"},"image":{"@id":"https:\/\/www.iemj.org\/de\/melodies-hebraiques-pour-violoncelle-et-piano-volume-2\/#primaryimage"},"thumbnailUrl":"https:\/\/www.iemj.org\/wp-content\/uploads\/2021\/12\/COUV-CDC7-1-e1640191308323.jpg","datePublished":"2021-12-23T16:26:27+00:00","dateModified":"2025-04-07T10:07:55+00:00","breadcrumb":{"@id":"https:\/\/www.iemj.org\/de\/melodies-hebraiques-pour-violoncelle-et-piano-volume-2\/#breadcrumb"},"inLanguage":"de","potentialAction":[{"@type":"ReadAction","target":["https:\/\/www.iemj.org\/de\/melodies-hebraiques-pour-violoncelle-et-piano-volume-2\/"]}]},{"@type":"ImageObject","inLanguage":"de","@id":"https:\/\/www.iemj.org\/de\/melodies-hebraiques-pour-violoncelle-et-piano-volume-2\/#primaryimage","url":"https:\/\/www.iemj.org\/wp-content\/uploads\/2021\/12\/COUV-CDC7-1-e1640191308323.jpg","contentUrl":"https:\/\/www.iemj.org\/wp-content\/uploads\/2021\/12\/COUV-CDC7-1-e1640191308323.jpg","width":600,"height":538},{"@type":"BreadcrumbList","@id":"https:\/\/www.iemj.org\/de\/melodies-hebraiques-pour-violoncelle-et-piano-volume-2\/#breadcrumb","itemListElement":[{"@type":"ListItem","position":1,"name":"Accueil","item":"https:\/\/www.iemj.org\/de\/"},{"@type":"ListItem","position":2,"name":"HEBR\u00c4ISCHE MELODIEN F\u00dcR CELLO UND KLAVIER, volumen 2"}]},{"@type":"WebSite","@id":"https:\/\/www.iemj.org\/de\/#website","url":"https:\/\/www.iemj.org\/de\/","name":"Institut Europ\u00e9en des Musiques Juives","description":"Des traditions musicales \u00e0 la port\u00e9e de tous","publisher":{"@id":"https:\/\/www.iemj.org\/de\/#organization"},"potentialAction":[{"@type":"SearchAction","target":{"@type":"EntryPoint","urlTemplate":"https:\/\/www.iemj.org\/de\/?s={search_term_string}"},"query-input":{"@type":"PropertyValueSpecification","valueRequired":true,"valueName":"search_term_string"}}],"inLanguage":"de"},{"@type":"Organization","@id":"https:\/\/www.iemj.org\/de\/#organization","name":"Institut Europ\u00e9en des Musiques Juives","url":"https:\/\/www.iemj.org\/de\/","logo":{"@type":"ImageObject","inLanguage":"de","@id":"https:\/\/www.iemj.org\/de\/#\/schema\/logo\/image\/","url":"https:\/\/www.iemj.org\/wp-content\/uploads\/2021\/09\/Logo-IEMJ-Paypal.jpg","contentUrl":"https:\/\/www.iemj.org\/wp-content\/uploads\/2021\/09\/Logo-IEMJ-Paypal.jpg","width":150,"height":50,"caption":"Institut Europ\u00e9en des Musiques Juives"},"image":{"@id":"https:\/\/www.iemj.org\/de\/#\/schema\/logo\/image\/"},"sameAs":["https:\/\/www.facebook.com\/MusiquesJuives\/","https:\/\/www.instagram.com\/musiquesjuives\/","https:\/\/www.youtube.com\/user\/musiquesjuives"]},{"@type":"Person","@id":"https:\/\/www.iemj.org\/de\/#\/schema\/person\/358e26c18aca017fcc4cc15437f7279c","name":"Jacqueline ROTEN","image":{"@type":"ImageObject","inLanguage":"de","@id":"https:\/\/secure.gravatar.com\/avatar\/5964256d6c6957de3a3505278957e0fb2a35119ac47ea41827a65301213c810b?s=96&d=mm&r=g","url":"https:\/\/secure.gravatar.com\/avatar\/5964256d6c6957de3a3505278957e0fb2a35119ac47ea41827a65301213c810b?s=96&d=mm&r=g","contentUrl":"https:\/\/secure.gravatar.com\/avatar\/5964256d6c6957de3a3505278957e0fb2a35119ac47ea41827a65301213c810b?s=96&d=mm&r=g","caption":"Jacqueline ROTEN"}}]}},"_links":{"self":[{"href":"https:\/\/www.iemj.org\/de\/wp-json\/wp\/v2\/posts\/75188","targetHints":{"allow":["GET"]}}],"collection":[{"href":"https:\/\/www.iemj.org\/de\/wp-json\/wp\/v2\/posts"}],"about":[{"href":"https:\/\/www.iemj.org\/de\/wp-json\/wp\/v2\/types\/post"}],"author":[{"embeddable":true,"href":"https:\/\/www.iemj.org\/de\/wp-json\/wp\/v2\/users\/5"}],"replies":[{"embeddable":true,"href":"https:\/\/www.iemj.org\/de\/wp-json\/wp\/v2\/comments?post=75188"}],"version-history":[{"count":0,"href":"https:\/\/www.iemj.org\/de\/wp-json\/wp\/v2\/posts\/75188\/revisions"}],"wp:featuredmedia":[{"embeddable":true,"href":"https:\/\/www.iemj.org\/de\/wp-json\/wp\/v2\/media\/75146"}],"wp:attachment":[{"href":"https:\/\/www.iemj.org\/de\/wp-json\/wp\/v2\/media?parent=75188"}],"wp:term":[{"taxonomy":"category","embeddable":true,"href":"https:\/\/www.iemj.org\/de\/wp-json\/wp\/v2\/categories?post=75188"},{"taxonomy":"post_tag","embeddable":true,"href":"https:\/\/www.iemj.org\/de\/wp-json\/wp\/v2\/tags?post=75188"},{"taxonomy":"technique","embeddable":true,"href":"https:\/\/www.iemj.org\/de\/wp-json\/wp\/v2\/technique?post=75188"},{"taxonomy":"squelettes","embeddable":true,"href":"https:\/\/www.iemj.org\/de\/wp-json\/wp\/v2\/squelettes?post=75188"},{"taxonomy":"sujet","embeddable":true,"href":"https:\/\/www.iemj.org\/de\/wp-json\/wp\/v2\/sujet?post=75188"},{"taxonomy":"formation","embeddable":true,"href":"https:\/\/www.iemj.org\/de\/wp-json\/wp\/v2\/formation?post=75188"},{"taxonomy":"genre","embeddable":true,"href":"https:\/\/www.iemj.org\/de\/wp-json\/wp\/v2\/genre?post=75188"},{"taxonomy":"fonds","embeddable":true,"href":"https:\/\/www.iemj.org\/de\/wp-json\/wp\/v2\/fonds?post=75188"},{"taxonomy":"tradition","embeddable":true,"href":"https:\/\/www.iemj.org\/de\/wp-json\/wp\/v2\/tradition?post=75188"},{"taxonomy":"type-de-contenu","embeddable":true,"href":"https:\/\/www.iemj.org\/de\/wp-json\/wp\/v2\/type-de-contenu?post=75188"},{"taxonomy":"interprete-compositeur","embeddable":true,"href":"https:\/\/www.iemj.org\/de\/wp-json\/wp\/v2\/interprete-compositeur?post=75188"},{"taxonomy":"frise","embeddable":true,"href":"https:\/\/www.iemj.org\/de\/wp-json\/wp\/v2\/frise?post=75188"},{"taxonomy":"type-devenement","embeddable":true,"href":"https:\/\/www.iemj.org\/de\/wp-json\/wp\/v2\/type-devenement?post=75188"},{"taxonomy":"tableaux-liens-externes","embeddable":true,"href":"https:\/\/www.iemj.org\/de\/wp-json\/wp\/v2\/tableaux-liens-externes?post=75188"}],"curies":[{"name":"wp","href":"https:\/\/api.w.org\/{rel}","templated":true}]}}