{"id":75419,"date":"2018-05-14T14:57:18","date_gmt":"2018-05-14T12:57:18","guid":{"rendered":"https:\/\/www.iemj.org\/sirba-orchestra-2\/"},"modified":"2025-09-09T16:37:15","modified_gmt":"2025-09-09T14:37:15","slug":"sirba-orchestra-2","status":"publish","type":"post","link":"https:\/\/www.iemj.org\/de\/sirba-orchestra-2\/","title":{"rendered":"Sirba Orchestra !"},"content":{"rendered":"<p>2015 brachten <strong>Sirba Octet<\/strong> und das <strong>Orchestre de Pau \/ Pays de B\u00e9arn<\/strong> gemeinsam ein neues Programm hervor: <em>Sirba Ochestra!<\/em>. Im Mittelpunkt des Projekts stehen russische, rum\u00e4nische und moldawische Lieder, sowie Lieder der aschkenasischen Tradition.<\/p>\n<p>F\u00fcr das musikalische Projekt lud <strong>Sirba Octet<\/strong>, <strong>Nicolas Kedroff<\/strong> und sein magisches russisches Instrument, die Balalaika, sowie das unter der Leitung von Christian Arming stehende <strong>Orchestre Philharmonique Royal de Li\u00e8ge <\/strong>ein, um einige St\u00fccke zu sublimieren. Gemeinsam begab man sich, auf eine grenzenlose Reise mit zahlreichen Untert\u00f6nen von festlich, \u00fcber melancholisch bis hin zu leidenschaftlich. Lieder und Gedichte, orchestriert f\u00fcr die unver\u00f6ffentlichten Versionen, welche allesamt die musikalischen und ausdrucksstarken M\u00f6glichkeiten des Symphonieorchesters nutzen. Ein russisches Kabarett, welches die Liebeslieder dieses Repertoires feiert &#8211; <em>Otchi Tchornye (Dark Eyes), Ja Vstretil vas (I met you) or Kalinka<\/em> \u2013 sowie Romanzen, wie <em>Cocher ralentis tes<\/em> chevaux oder <em>Katioucha<\/em>, letzteres handelt von einem jungen M\u00e4dchen, welches sich in einen Soldat verliebt, der seinen Dienst antritt, um sein Vaterland zu verteidigen\u2026<\/p>\n<p>Lebensgeschichten und Emotionen versammeln sich um <em>Gayen zay in shvartze reien<\/em>, ein Ghettolied und zentrales jiddisches Orchesterst\u00fcck, das sowohl erhellend als auch tief bewegend ist. Von j\u00fcdischen Volksliedern ausgehend, interpretiert Sirba Octet <em>Zug es Meir Noch Amool<\/em> neu und schl\u00e4gt damit eine musikalische Br\u00fccke hin zu dem Gef\u00fchl des Jazz der 1950er Jahre.<\/p>\n<p><a href=\"https:\/\/www.sirbaoctet.com\/en\/programme\/sirba-orchestra\/\" target=\"_blank\" rel=\"noopener\">Erfahren Sie mehr<\/a><br \/><a href=\"https:\/\/www.sirbaoctet.com\/en\/discography\/\" target=\"_blank\" rel=\"noopener\">Bestellen Sie die CD<\/a><br \/><a href=\"https:\/\/www.iemj.org\/darsteller-komponist\/sirba-octet-de\/\" target=\"_blank\" rel=\"noopener\">Entdecken Sie die anderen CDs von Sirba Octet<\/a><br \/><a href=\"https:\/\/www.iemj.org\/de\/les-chemins-du-klezmer-sirba-octet-ou-la-classique-world\/\" target=\"_blank\" rel=\"noopener\">H\u00f6ren Sie sich die von Herv\u00e9 Roten pr\u00e4sentierte Radiosendung an: <em>Les chemins du klezmer : Sirba Octet ou la Classique World<\/em><\/a><\/p>\n\n\n<h2 class=\"wp-block-heading\"><\/h2>\n\n\n<div class=\"wp-block-image\">\n<figure class=\"aligncenter size-large\"><img fetchpriority=\"high\" decoding=\"async\" width=\"1024\" height=\"133\" src=\"https:\/\/www.iemj.org\/wp-content\/uploads\/2024\/03\/AUDIO-PLAYER-1024x133.png\" alt=\"\" class=\"wp-image-110606\" srcset=\"https:\/\/www.iemj.org\/wp-content\/uploads\/2024\/03\/AUDIO-PLAYER-1024x133.png 1024w, https:\/\/www.iemj.org\/wp-content\/uploads\/2024\/03\/AUDIO-PLAYER-300x39.png 300w, https:\/\/www.iemj.org\/wp-content\/uploads\/2024\/03\/AUDIO-PLAYER-768x100.png 768w, https:\/\/www.iemj.org\/wp-content\/uploads\/2024\/03\/AUDIO-PLAYER-600x78.png 600w, https:\/\/www.iemj.org\/wp-content\/uploads\/2024\/03\/AUDIO-PLAYER.png 1210w\" sizes=\"(max-width: 1024px) 100vw, 1024px\" \/><\/figure>\n<\/div>\n\n\n<div class=\"wp-block-file\"><a id=\"wp-block-file--media-10eb3a9b-dce6-4ee1-93c6-d5defc96d1e0\" href=\"https:\/\/www.iemj.org\/wp-content\/uploads\/2018\/05\/cd_950_01.mp3\">Katioucha \/ Otchi Tchornye (extrait)<\/a><\/div>\n\n\n\n<div class=\"wp-block-file\"><a id=\"wp-block-file--media-b15a18f8-8560-4826-be28-3f5c3daf64b4\" href=\"https:\/\/www.iemj.org\/wp-content\/uploads\/2018\/05\/cd_950_04.mp3\">Tata, vine pastele (extrait)<\/a><\/div>\n\n\n\n<div class=\"wp-block-file\"><a id=\"wp-block-file--media-470a87db-8edb-4e74-8809-15e30a3c1a4d\" href=\"https:\/\/www.iemj.org\/wp-content\/uploads\/2018\/05\/cd_950_05.mp3\">Kalinka (extrait)<\/a><\/div>\n\n\n\n<div class=\"wp-block-file\"><a id=\"wp-block-file--media-ec2e9198-30e5-4098-abdd-9d998cb672ad\" href=\"https:\/\/www.iemj.org\/wp-content\/uploads\/2018\/05\/cd_950_06.mp3\">Farges mikh nit \/ Zug es Meir Noch Amol (extrait)<\/a><\/div>\n\n\n\n<div class=\"wp-block-file\"><a id=\"wp-block-file--media-9cc6f07d-c052-479a-b9f5-b10c1e9d23e7\" href=\"https:\/\/www.iemj.org\/wp-content\/uploads\/2018\/05\/cd_950_08.mp3\">Ja Vstretil Vas (extrait)<\/a><\/div>\n\n\n\n<div class=\"wp-block-file\"><a id=\"wp-block-file--media-a55d6fcb-c30e-432b-a402-a05e552d6576\" href=\"https:\/\/www.iemj.org\/wp-content\/uploads\/2018\/05\/cd_950_12.mp3\">Dos broitele \/ A Vaible a Tsnien<\/a><\/div>\n","protected":false},"excerpt":{"rendered":"<p>2015 brachten Sirba Octet und das Orchestre de Pau \/ Pays de B\u00e9arn gemeinsam ein neues Programm hervor: Sirba Ochestra!. Im Mittelpunkt des Projekts stehen russische, rum\u00e4nische und moldawische Lieder,<\/p>\n","protected":false},"author":1048,"featured_media":75421,"comment_status":"closed","ping_status":"closed","sticky":false,"template":"","format":"standard","meta":{"_acf_changed":false,"footnotes":""},"categories":[1571,1561],"tags":[],"technique":[],"squelettes":[],"sujet":[],"formation":[],"genre":[1875],"fonds":[],"tradition":[],"type-de-contenu":[],"interprete-compositeur":[3303],"frise":[],"type-devenement":[],"tableaux-liens-externes":[],"class_list":["post-75419","post","type-post","status-publish","format-standard","has-post-thumbnail","hentry","category-cd-de","category-letzte-neuerwerbungen-de","genre-klezmer-de","interprete-compositeur-sirba-octet-de"],"acf":[],"yoast_head":"<!-- This site is optimized with the Yoast SEO plugin v27.3 - https:\/\/yoast.com\/product\/yoast-seo-wordpress\/ -->\n<title>Sirba Orchestra ! - Institut Europ\u00e9en des Musiques Juives<\/title>\n<meta name=\"robots\" content=\"index, follow, max-snippet:-1, max-image-preview:large, max-video-preview:-1\" \/>\n<link rel=\"canonical\" href=\"https:\/\/www.iemj.org\/de\/sirba-orchestra-2\/\" \/>\n<meta property=\"og:locale\" content=\"de_DE\" \/>\n<meta property=\"og:type\" content=\"article\" \/>\n<meta property=\"og:title\" content=\"Sirba Orchestra ! - Institut Europ\u00e9en des Musiques Juives\" \/>\n<meta property=\"og:description\" content=\"2015 brachten Sirba Octet und das Orchestre de Pau \/ Pays de B\u00e9arn gemeinsam ein neues Programm hervor: Sirba Ochestra!. Im Mittelpunkt des Projekts stehen russische, rum\u00e4nische und moldawische Lieder,\" \/>\n<meta property=\"og:url\" content=\"https:\/\/www.iemj.org\/de\/sirba-orchestra-2\/\" \/>\n<meta property=\"og:site_name\" content=\"Institut Europ\u00e9en des Musiques Juives\" \/>\n<meta property=\"article:publisher\" content=\"https:\/\/www.facebook.com\/MusiquesJuives\/\" \/>\n<meta property=\"article:published_time\" content=\"2018-05-14T12:57:18+00:00\" \/>\n<meta property=\"article:modified_time\" content=\"2025-09-09T14:37:15+00:00\" \/>\n<meta property=\"og:image\" content=\"https:\/\/www.iemj.org\/wp-content\/uploads\/2018\/05\/arton3410.jpg\" \/>\n\t<meta property=\"og:image:width\" content=\"500\" \/>\n\t<meta property=\"og:image:height\" content=\"494\" \/>\n\t<meta property=\"og:image:type\" content=\"image\/jpeg\" \/>\n<meta name=\"author\" content=\"Jean-Gabriel Davis\" \/>\n<meta name=\"twitter:card\" content=\"summary_large_image\" \/>\n<meta name=\"twitter:label1\" content=\"Verfasst von\" \/>\n\t<meta name=\"twitter:data1\" content=\"Jean-Gabriel Davis\" \/>\n\t<meta name=\"twitter:label2\" content=\"Gesch\u00e4tzte Lesezeit\" \/>\n\t<meta name=\"twitter:data2\" content=\"2\u00a0Minuten\" \/>\n<script type=\"application\/ld+json\" class=\"yoast-schema-graph\">{\"@context\":\"https:\\\/\\\/schema.org\",\"@graph\":[{\"@type\":\"Article\",\"@id\":\"https:\\\/\\\/www.iemj.org\\\/de\\\/sirba-orchestra-2\\\/#article\",\"isPartOf\":{\"@id\":\"https:\\\/\\\/www.iemj.org\\\/de\\\/sirba-orchestra-2\\\/\"},\"author\":{\"name\":\"Jean-Gabriel Davis\",\"@id\":\"https:\\\/\\\/www.iemj.org\\\/de\\\/#\\\/schema\\\/person\\\/c9bc1c386a3749579a2d675e72a18666\"},\"headline\":\"Sirba Orchestra !\",\"datePublished\":\"2018-05-14T12:57:18+00:00\",\"dateModified\":\"2025-09-09T14:37:15+00:00\",\"mainEntityOfPage\":{\"@id\":\"https:\\\/\\\/www.iemj.org\\\/de\\\/sirba-orchestra-2\\\/\"},\"wordCount\":294,\"publisher\":{\"@id\":\"https:\\\/\\\/www.iemj.org\\\/de\\\/#organization\"},\"image\":{\"@id\":\"https:\\\/\\\/www.iemj.org\\\/de\\\/sirba-orchestra-2\\\/#primaryimage\"},\"thumbnailUrl\":\"https:\\\/\\\/www.iemj.org\\\/wp-content\\\/uploads\\\/2018\\\/05\\\/arton3410.jpg\",\"articleSection\":[\"CD\",\"Letzte Neuerwerbungen\"],\"inLanguage\":\"de\"},{\"@type\":\"WebPage\",\"@id\":\"https:\\\/\\\/www.iemj.org\\\/de\\\/sirba-orchestra-2\\\/\",\"url\":\"https:\\\/\\\/www.iemj.org\\\/de\\\/sirba-orchestra-2\\\/\",\"name\":\"Sirba Orchestra ! - Institut Europ\u00e9en des Musiques Juives\",\"isPartOf\":{\"@id\":\"https:\\\/\\\/www.iemj.org\\\/de\\\/#website\"},\"primaryImageOfPage\":{\"@id\":\"https:\\\/\\\/www.iemj.org\\\/de\\\/sirba-orchestra-2\\\/#primaryimage\"},\"image\":{\"@id\":\"https:\\\/\\\/www.iemj.org\\\/de\\\/sirba-orchestra-2\\\/#primaryimage\"},\"thumbnailUrl\":\"https:\\\/\\\/www.iemj.org\\\/wp-content\\\/uploads\\\/2018\\\/05\\\/arton3410.jpg\",\"datePublished\":\"2018-05-14T12:57:18+00:00\",\"dateModified\":\"2025-09-09T14:37:15+00:00\",\"breadcrumb\":{\"@id\":\"https:\\\/\\\/www.iemj.org\\\/de\\\/sirba-orchestra-2\\\/#breadcrumb\"},\"inLanguage\":\"de\",\"potentialAction\":[{\"@type\":\"ReadAction\",\"target\":[\"https:\\\/\\\/www.iemj.org\\\/de\\\/sirba-orchestra-2\\\/\"]}]},{\"@type\":\"ImageObject\",\"inLanguage\":\"de\",\"@id\":\"https:\\\/\\\/www.iemj.org\\\/de\\\/sirba-orchestra-2\\\/#primaryimage\",\"url\":\"https:\\\/\\\/www.iemj.org\\\/wp-content\\\/uploads\\\/2018\\\/05\\\/arton3410.jpg\",\"contentUrl\":\"https:\\\/\\\/www.iemj.org\\\/wp-content\\\/uploads\\\/2018\\\/05\\\/arton3410.jpg\",\"width\":500,\"height\":494},{\"@type\":\"BreadcrumbList\",\"@id\":\"https:\\\/\\\/www.iemj.org\\\/de\\\/sirba-orchestra-2\\\/#breadcrumb\",\"itemListElement\":[{\"@type\":\"ListItem\",\"position\":1,\"name\":\"Accueil\",\"item\":\"https:\\\/\\\/www.iemj.org\\\/de\\\/\"},{\"@type\":\"ListItem\",\"position\":2,\"name\":\"Sirba Orchestra !\"}]},{\"@type\":\"WebSite\",\"@id\":\"https:\\\/\\\/www.iemj.org\\\/de\\\/#website\",\"url\":\"https:\\\/\\\/www.iemj.org\\\/de\\\/\",\"name\":\"Institut Europ\u00e9en des Musiques Juives\",\"description\":\"Des traditions musicales \u00e0 la port\u00e9e de tous\",\"publisher\":{\"@id\":\"https:\\\/\\\/www.iemj.org\\\/de\\\/#organization\"},\"potentialAction\":[{\"@type\":\"SearchAction\",\"target\":{\"@type\":\"EntryPoint\",\"urlTemplate\":\"https:\\\/\\\/www.iemj.org\\\/de\\\/?s={search_term_string}\"},\"query-input\":{\"@type\":\"PropertyValueSpecification\",\"valueRequired\":true,\"valueName\":\"search_term_string\"}}],\"inLanguage\":\"de\"},{\"@type\":\"Organization\",\"@id\":\"https:\\\/\\\/www.iemj.org\\\/de\\\/#organization\",\"name\":\"Institut Europ\u00e9en des Musiques Juives\",\"url\":\"https:\\\/\\\/www.iemj.org\\\/de\\\/\",\"logo\":{\"@type\":\"ImageObject\",\"inLanguage\":\"de\",\"@id\":\"https:\\\/\\\/www.iemj.org\\\/de\\\/#\\\/schema\\\/logo\\\/image\\\/\",\"url\":\"https:\\\/\\\/www.iemj.org\\\/wp-content\\\/uploads\\\/2021\\\/09\\\/Logo-IEMJ-Paypal.jpg\",\"contentUrl\":\"https:\\\/\\\/www.iemj.org\\\/wp-content\\\/uploads\\\/2021\\\/09\\\/Logo-IEMJ-Paypal.jpg\",\"width\":150,\"height\":50,\"caption\":\"Institut Europ\u00e9en des Musiques Juives\"},\"image\":{\"@id\":\"https:\\\/\\\/www.iemj.org\\\/de\\\/#\\\/schema\\\/logo\\\/image\\\/\"},\"sameAs\":[\"https:\\\/\\\/www.facebook.com\\\/MusiquesJuives\\\/\",\"https:\\\/\\\/www.instagram.com\\\/musiquesjuives\\\/\",\"https:\\\/\\\/www.youtube.com\\\/user\\\/musiquesjuives\"]},{\"@type\":\"Person\",\"@id\":\"https:\\\/\\\/www.iemj.org\\\/de\\\/#\\\/schema\\\/person\\\/c9bc1c386a3749579a2d675e72a18666\",\"name\":\"Jean-Gabriel Davis\",\"image\":{\"@type\":\"ImageObject\",\"inLanguage\":\"de\",\"@id\":\"https:\\\/\\\/secure.gravatar.com\\\/avatar\\\/2b90d67bdf392c9b3a21fab87c0fa7edaf1fb3a058172a1ffd61033fcec7aec1?s=96&d=mm&r=g\",\"url\":\"https:\\\/\\\/secure.gravatar.com\\\/avatar\\\/2b90d67bdf392c9b3a21fab87c0fa7edaf1fb3a058172a1ffd61033fcec7aec1?s=96&d=mm&r=g\",\"contentUrl\":\"https:\\\/\\\/secure.gravatar.com\\\/avatar\\\/2b90d67bdf392c9b3a21fab87c0fa7edaf1fb3a058172a1ffd61033fcec7aec1?s=96&d=mm&r=g\",\"caption\":\"Jean-Gabriel Davis\"}}]}<\/script>\n<!-- \/ Yoast SEO plugin. -->","yoast_head_json":{"title":"Sirba Orchestra ! - Institut Europ\u00e9en des Musiques Juives","robots":{"index":"index","follow":"follow","max-snippet":"max-snippet:-1","max-image-preview":"max-image-preview:large","max-video-preview":"max-video-preview:-1"},"canonical":"https:\/\/www.iemj.org\/de\/sirba-orchestra-2\/","og_locale":"de_DE","og_type":"article","og_title":"Sirba Orchestra ! - Institut Europ\u00e9en des Musiques Juives","og_description":"2015 brachten Sirba Octet und das Orchestre de Pau \/ Pays de B\u00e9arn gemeinsam ein neues Programm hervor: Sirba Ochestra!. Im Mittelpunkt des Projekts stehen russische, rum\u00e4nische und moldawische Lieder,","og_url":"https:\/\/www.iemj.org\/de\/sirba-orchestra-2\/","og_site_name":"Institut Europ\u00e9en des Musiques Juives","article_publisher":"https:\/\/www.facebook.com\/MusiquesJuives\/","article_published_time":"2018-05-14T12:57:18+00:00","article_modified_time":"2025-09-09T14:37:15+00:00","og_image":[{"width":500,"height":494,"url":"https:\/\/www.iemj.org\/wp-content\/uploads\/2018\/05\/arton3410.jpg","type":"image\/jpeg"}],"author":"Jean-Gabriel Davis","twitter_card":"summary_large_image","twitter_misc":{"Verfasst von":"Jean-Gabriel Davis","Gesch\u00e4tzte Lesezeit":"2\u00a0Minuten"},"schema":{"@context":"https:\/\/schema.org","@graph":[{"@type":"Article","@id":"https:\/\/www.iemj.org\/de\/sirba-orchestra-2\/#article","isPartOf":{"@id":"https:\/\/www.iemj.org\/de\/sirba-orchestra-2\/"},"author":{"name":"Jean-Gabriel Davis","@id":"https:\/\/www.iemj.org\/de\/#\/schema\/person\/c9bc1c386a3749579a2d675e72a18666"},"headline":"Sirba Orchestra !","datePublished":"2018-05-14T12:57:18+00:00","dateModified":"2025-09-09T14:37:15+00:00","mainEntityOfPage":{"@id":"https:\/\/www.iemj.org\/de\/sirba-orchestra-2\/"},"wordCount":294,"publisher":{"@id":"https:\/\/www.iemj.org\/de\/#organization"},"image":{"@id":"https:\/\/www.iemj.org\/de\/sirba-orchestra-2\/#primaryimage"},"thumbnailUrl":"https:\/\/www.iemj.org\/wp-content\/uploads\/2018\/05\/arton3410.jpg","articleSection":["CD","Letzte Neuerwerbungen"],"inLanguage":"de"},{"@type":"WebPage","@id":"https:\/\/www.iemj.org\/de\/sirba-orchestra-2\/","url":"https:\/\/www.iemj.org\/de\/sirba-orchestra-2\/","name":"Sirba Orchestra ! - Institut Europ\u00e9en des Musiques Juives","isPartOf":{"@id":"https:\/\/www.iemj.org\/de\/#website"},"primaryImageOfPage":{"@id":"https:\/\/www.iemj.org\/de\/sirba-orchestra-2\/#primaryimage"},"image":{"@id":"https:\/\/www.iemj.org\/de\/sirba-orchestra-2\/#primaryimage"},"thumbnailUrl":"https:\/\/www.iemj.org\/wp-content\/uploads\/2018\/05\/arton3410.jpg","datePublished":"2018-05-14T12:57:18+00:00","dateModified":"2025-09-09T14:37:15+00:00","breadcrumb":{"@id":"https:\/\/www.iemj.org\/de\/sirba-orchestra-2\/#breadcrumb"},"inLanguage":"de","potentialAction":[{"@type":"ReadAction","target":["https:\/\/www.iemj.org\/de\/sirba-orchestra-2\/"]}]},{"@type":"ImageObject","inLanguage":"de","@id":"https:\/\/www.iemj.org\/de\/sirba-orchestra-2\/#primaryimage","url":"https:\/\/www.iemj.org\/wp-content\/uploads\/2018\/05\/arton3410.jpg","contentUrl":"https:\/\/www.iemj.org\/wp-content\/uploads\/2018\/05\/arton3410.jpg","width":500,"height":494},{"@type":"BreadcrumbList","@id":"https:\/\/www.iemj.org\/de\/sirba-orchestra-2\/#breadcrumb","itemListElement":[{"@type":"ListItem","position":1,"name":"Accueil","item":"https:\/\/www.iemj.org\/de\/"},{"@type":"ListItem","position":2,"name":"Sirba Orchestra !"}]},{"@type":"WebSite","@id":"https:\/\/www.iemj.org\/de\/#website","url":"https:\/\/www.iemj.org\/de\/","name":"Institut Europ\u00e9en des Musiques Juives","description":"Des traditions musicales \u00e0 la port\u00e9e de tous","publisher":{"@id":"https:\/\/www.iemj.org\/de\/#organization"},"potentialAction":[{"@type":"SearchAction","target":{"@type":"EntryPoint","urlTemplate":"https:\/\/www.iemj.org\/de\/?s={search_term_string}"},"query-input":{"@type":"PropertyValueSpecification","valueRequired":true,"valueName":"search_term_string"}}],"inLanguage":"de"},{"@type":"Organization","@id":"https:\/\/www.iemj.org\/de\/#organization","name":"Institut Europ\u00e9en des Musiques Juives","url":"https:\/\/www.iemj.org\/de\/","logo":{"@type":"ImageObject","inLanguage":"de","@id":"https:\/\/www.iemj.org\/de\/#\/schema\/logo\/image\/","url":"https:\/\/www.iemj.org\/wp-content\/uploads\/2021\/09\/Logo-IEMJ-Paypal.jpg","contentUrl":"https:\/\/www.iemj.org\/wp-content\/uploads\/2021\/09\/Logo-IEMJ-Paypal.jpg","width":150,"height":50,"caption":"Institut Europ\u00e9en des Musiques Juives"},"image":{"@id":"https:\/\/www.iemj.org\/de\/#\/schema\/logo\/image\/"},"sameAs":["https:\/\/www.facebook.com\/MusiquesJuives\/","https:\/\/www.instagram.com\/musiquesjuives\/","https:\/\/www.youtube.com\/user\/musiquesjuives"]},{"@type":"Person","@id":"https:\/\/www.iemj.org\/de\/#\/schema\/person\/c9bc1c386a3749579a2d675e72a18666","name":"Jean-Gabriel Davis","image":{"@type":"ImageObject","inLanguage":"de","@id":"https:\/\/secure.gravatar.com\/avatar\/2b90d67bdf392c9b3a21fab87c0fa7edaf1fb3a058172a1ffd61033fcec7aec1?s=96&d=mm&r=g","url":"https:\/\/secure.gravatar.com\/avatar\/2b90d67bdf392c9b3a21fab87c0fa7edaf1fb3a058172a1ffd61033fcec7aec1?s=96&d=mm&r=g","contentUrl":"https:\/\/secure.gravatar.com\/avatar\/2b90d67bdf392c9b3a21fab87c0fa7edaf1fb3a058172a1ffd61033fcec7aec1?s=96&d=mm&r=g","caption":"Jean-Gabriel Davis"}}]}},"_links":{"self":[{"href":"https:\/\/www.iemj.org\/de\/wp-json\/wp\/v2\/posts\/75419","targetHints":{"allow":["GET"]}}],"collection":[{"href":"https:\/\/www.iemj.org\/de\/wp-json\/wp\/v2\/posts"}],"about":[{"href":"https:\/\/www.iemj.org\/de\/wp-json\/wp\/v2\/types\/post"}],"author":[{"embeddable":true,"href":"https:\/\/www.iemj.org\/de\/wp-json\/wp\/v2\/users\/1048"}],"replies":[{"embeddable":true,"href":"https:\/\/www.iemj.org\/de\/wp-json\/wp\/v2\/comments?post=75419"}],"version-history":[{"count":0,"href":"https:\/\/www.iemj.org\/de\/wp-json\/wp\/v2\/posts\/75419\/revisions"}],"wp:featuredmedia":[{"embeddable":true,"href":"https:\/\/www.iemj.org\/de\/wp-json\/wp\/v2\/media\/75421"}],"wp:attachment":[{"href":"https:\/\/www.iemj.org\/de\/wp-json\/wp\/v2\/media?parent=75419"}],"wp:term":[{"taxonomy":"category","embeddable":true,"href":"https:\/\/www.iemj.org\/de\/wp-json\/wp\/v2\/categories?post=75419"},{"taxonomy":"post_tag","embeddable":true,"href":"https:\/\/www.iemj.org\/de\/wp-json\/wp\/v2\/tags?post=75419"},{"taxonomy":"technique","embeddable":true,"href":"https:\/\/www.iemj.org\/de\/wp-json\/wp\/v2\/technique?post=75419"},{"taxonomy":"squelettes","embeddable":true,"href":"https:\/\/www.iemj.org\/de\/wp-json\/wp\/v2\/squelettes?post=75419"},{"taxonomy":"sujet","embeddable":true,"href":"https:\/\/www.iemj.org\/de\/wp-json\/wp\/v2\/sujet?post=75419"},{"taxonomy":"formation","embeddable":true,"href":"https:\/\/www.iemj.org\/de\/wp-json\/wp\/v2\/formation?post=75419"},{"taxonomy":"genre","embeddable":true,"href":"https:\/\/www.iemj.org\/de\/wp-json\/wp\/v2\/genre?post=75419"},{"taxonomy":"fonds","embeddable":true,"href":"https:\/\/www.iemj.org\/de\/wp-json\/wp\/v2\/fonds?post=75419"},{"taxonomy":"tradition","embeddable":true,"href":"https:\/\/www.iemj.org\/de\/wp-json\/wp\/v2\/tradition?post=75419"},{"taxonomy":"type-de-contenu","embeddable":true,"href":"https:\/\/www.iemj.org\/de\/wp-json\/wp\/v2\/type-de-contenu?post=75419"},{"taxonomy":"interprete-compositeur","embeddable":true,"href":"https:\/\/www.iemj.org\/de\/wp-json\/wp\/v2\/interprete-compositeur?post=75419"},{"taxonomy":"frise","embeddable":true,"href":"https:\/\/www.iemj.org\/de\/wp-json\/wp\/v2\/frise?post=75419"},{"taxonomy":"type-devenement","embeddable":true,"href":"https:\/\/www.iemj.org\/de\/wp-json\/wp\/v2\/type-devenement?post=75419"},{"taxonomy":"tableaux-liens-externes","embeddable":true,"href":"https:\/\/www.iemj.org\/de\/wp-json\/wp\/v2\/tableaux-liens-externes?post=75419"}],"curies":[{"name":"wp","href":"https:\/\/api.w.org\/{rel}","templated":true}]}}