{"id":75432,"date":"2018-04-26T10:28:36","date_gmt":"2018-04-26T08:28:36","guid":{"rendered":"https:\/\/www.iemj.org\/ventanas-altas-de-saloniki-2\/"},"modified":"2025-09-18T18:31:02","modified_gmt":"2025-09-18T16:31:02","slug":"ventanas-altas-de-saloniki-2","status":"publish","type":"post","link":"https:\/\/www.iemj.org\/de\/ventanas-altas-de-saloniki-2\/","title":{"rendered":"Ventanas altas de Saloniki"},"content":{"rendered":"<p>Die 2013 von der Universit\u00e4t von Haifa ver\u00f6ffentlichte Doppel-CD enth\u00e4lt 36 Lieder aus dem traditionellen wie auch aus dem modernen Repertoire der Juden von Saloniki.<\/p>\n<p>Unter den j\u00fcdischen Gemeinschaften, welche sich nach der Vertreibung von der Iberischen Halbinsel im Mittelmeerraum angesiedelt hatten, nahm die Gemeinschaft von Saloniki aufgrund ihrer demographischen Bedeutung, sowie der Intensit\u00e4t des dort stattfindenden sozialen und kulturellen Austausches, eine Sonderstellung ein. Im Jahr 1906 stellten die Juden fast die H\u00e4lfte der Stadtbewohner dar: 47312 Juden, bei einer gesch\u00e4tzten Bev\u00f6lkerung von 98930 Personen. Die Massendeportation der solonischen Juden durch die Nazis im Jahr 1943, bedeutete das Ende einer j\u00fcdische Pr\u00e4senz, welche bereits im Neuen Testament Erw\u00e4hnung fand und laut diesem bereits im 1. Jahrhundert der christlichen Zeitrechnung angesiedelt war.<\/p>\n<p>Die Doppel-CD <em>Ventanas altas Saloniki &#8211; Sephardic songs, coplas and ballads from Thessaloniki<\/em> enth\u00e4lt Lieder aus Forschungs- und Feldaufnahmen, welche von <strong>Susana Weich-Shahak<\/strong>, Professorin an der Universit\u00e4t von Haifa, seit 1975 gemacht wurden. Diese Aufnahmen wurden durch die beiden S\u00e4nger <strong>Orit Perlman<\/strong> und <strong>Kobi Zarco<\/strong>, in Begleitung von Musikstudenten der Universit\u00e4t Haifa, zu neuem Leben erweckt.<\/p>\n<p>Diese erste CD ist den traditionellen Genres des sephardischen Repertoires gewidmet, den <em>Cantigas<\/em>, <em>Romanceros<\/em> und <em>Coplas<\/em>. Die zweite CD, welche die bis heute andauernde Lebendigkeit dieser Tradition beweist, enth\u00e4lt im 20. Jahrhundert komponierte Lieder, insbesondere Adaptationen von Volksliedern mit neuen jud\u00e4o-spanischen Texten oder Arien aus dem sephardischen Theaterrepertoire. Schlie\u00dflich beschreiben einige Lieder historische Ereignisse, welche die Juden \u00fcber das 20. Jahrhundert hinweg tangiert haben.<\/p>\n<p>Diese Doppel-CD enth\u00e4lt ein Begleitheft, welches Informationen \u00fcber die Geschichte der j\u00fcdischen Gemeinschaft von Saloniki, ihre traditionelle Sprache und die Lieder ihres Repertoires enth\u00e4lt.<\/p>\n<p>2 CDs, 2 Stunden puren H\u00f6rvergn\u00fcgens, egal ob allein oder mit Freunden\u2026<\/p>\n<p><a href=\"http:\/\/hcc.haifa.ac.il\/index.php?option=com_content&amp;view=article&amp;id=3443&amp;catid=145&amp;Itemid=225&amp;lang=en\">Erfahren Sie mehr<\/a><\/p>\n<h2><a href=\"https:\/\/www.iemj.org\/de\/produit\/ventanas-altas-de-saloniki\/\" target=\"_blank\" rel=\"noopener\">Bestellen Sie die CD im Onlineshop des IEMJ<\/a><\/h2>\n<p>\u00a0<\/p>\n\n\n<h2 class=\"wp-block-heading\"><\/h2>\n\n\n<div class=\"wp-block-image\">\n<figure class=\"aligncenter size-large\"><img fetchpriority=\"high\" decoding=\"async\" width=\"1024\" height=\"133\" src=\"https:\/\/www.iemj.org\/wp-content\/uploads\/2024\/03\/AUDIO-PLAYER-1024x133.png\" alt=\"\" class=\"wp-image-110606\" srcset=\"https:\/\/www.iemj.org\/wp-content\/uploads\/2024\/03\/AUDIO-PLAYER-1024x133.png 1024w, https:\/\/www.iemj.org\/wp-content\/uploads\/2024\/03\/AUDIO-PLAYER-300x39.png 300w, https:\/\/www.iemj.org\/wp-content\/uploads\/2024\/03\/AUDIO-PLAYER-768x100.png 768w, https:\/\/www.iemj.org\/wp-content\/uploads\/2024\/03\/AUDIO-PLAYER-600x78.png 600w, https:\/\/www.iemj.org\/wp-content\/uploads\/2024\/03\/AUDIO-PLAYER.png 1210w\" sizes=\"(max-width: 1024px) 100vw, 1024px\" \/><\/figure>\n<\/div>\n\n\n<div class=\"wp-block-file\"><a href=\"https:\/\/www.iemj.org\/wp-content\/uploads\/2018\/04\/cd_939a_01.mp3\">Ventanas altas tienes tu (extrait)<\/a><\/div>\n\n\n\n<div class=\"wp-block-file\"><a href=\"https:\/\/www.iemj.org\/wp-content\/uploads\/2018\/04\/cd_939a_04.mp3\">Ni blanka sos (extrait)<\/a><\/div>\n\n\n\n<div class=\"wp-block-file\"><a href=\"https:\/\/www.iemj.org\/wp-content\/uploads\/2018\/04\/cd_939a_11.mp3\">Un lunes por la manana (extrait)<\/a><\/div>\n\n\n\n<div class=\"wp-block-file\"><a href=\"https:\/\/www.iemj.org\/wp-content\/uploads\/2018\/04\/cd_939a_19.mp3\">Alabar kero al Dio (extrait)<\/a><\/div>\n\n\n\n<div class=\"wp-block-file\"><a href=\"https:\/\/www.iemj.org\/wp-content\/uploads\/2018\/04\/cd_939b_08.mp3\">Ya sabes que yo so nina kurnasa (extrait)<\/a><\/div>\n\n\n\n<div class=\"wp-block-file\"><a href=\"https:\/\/www.iemj.org\/wp-content\/uploads\/2018\/04\/cd_939b_11.mp3\">Esther, tu lucia figura (extrait)<\/a><\/div>\n\n\n\n<div class=\"wp-block-file\"><a href=\"https:\/\/www.iemj.org\/wp-content\/uploads\/2018\/04\/cd_939b_15.mp3\">Vamos a la Palestina (extrait)<\/a><\/div>\n","protected":false},"excerpt":{"rendered":"<p>Die 2013 von der Universit\u00e4t von Haifa ver\u00f6ffentlichte Doppel-CD enth\u00e4lt 36 Lieder aus dem traditionellen wie auch aus dem modernen Repertoire der Juden von Saloniki. Unter den j\u00fcdischen Gemeinschaften, welche<\/p>\n","protected":false},"author":1048,"featured_media":75433,"comment_status":"closed","ping_status":"closed","sticky":false,"template":"","format":"standard","meta":{"_acf_changed":false,"footnotes":""},"categories":[1571],"tags":[],"technique":[],"squelettes":[],"sujet":[],"formation":[],"genre":[],"fonds":[],"tradition":[],"type-de-contenu":[],"interprete-compositeur":[],"frise":[],"type-devenement":[],"tableaux-liens-externes":[],"class_list":["post-75432","post","type-post","status-publish","format-standard","has-post-thumbnail","hentry","category-cd-de"],"acf":[],"yoast_head":"<!-- This site is optimized with the Yoast SEO plugin v27.3 - https:\/\/yoast.com\/product\/yoast-seo-wordpress\/ -->\n<title>Ventanas altas de Saloniki - Institut Europ\u00e9en des Musiques Juives<\/title>\n<meta name=\"robots\" content=\"index, follow, max-snippet:-1, max-image-preview:large, max-video-preview:-1\" \/>\n<link rel=\"canonical\" href=\"https:\/\/www.iemj.org\/de\/ventanas-altas-de-saloniki-2\/\" \/>\n<meta property=\"og:locale\" content=\"de_DE\" \/>\n<meta property=\"og:type\" content=\"article\" \/>\n<meta property=\"og:title\" content=\"Ventanas altas de Saloniki - Institut Europ\u00e9en des Musiques Juives\" \/>\n<meta property=\"og:description\" content=\"Die 2013 von der Universit\u00e4t von Haifa ver\u00f6ffentlichte Doppel-CD enth\u00e4lt 36 Lieder aus dem traditionellen wie auch aus dem modernen Repertoire der Juden von Saloniki. Unter den j\u00fcdischen Gemeinschaften, welche\" \/>\n<meta property=\"og:url\" content=\"https:\/\/www.iemj.org\/de\/ventanas-altas-de-saloniki-2\/\" \/>\n<meta property=\"og:site_name\" content=\"Institut Europ\u00e9en des Musiques Juives\" \/>\n<meta property=\"article:publisher\" content=\"https:\/\/www.facebook.com\/MusiquesJuives\/\" \/>\n<meta property=\"article:published_time\" content=\"2018-04-26T08:28:36+00:00\" \/>\n<meta property=\"article:modified_time\" content=\"2025-09-18T16:31:02+00:00\" \/>\n<meta property=\"og:image\" content=\"https:\/\/www.iemj.org\/wp-content\/uploads\/2018\/04\/arton3378.jpg\" \/>\n\t<meta property=\"og:image:width\" content=\"400\" \/>\n\t<meta property=\"og:image:height\" content=\"345\" \/>\n\t<meta property=\"og:image:type\" content=\"image\/jpeg\" \/>\n<meta name=\"author\" content=\"Jean-Gabriel Davis\" \/>\n<meta name=\"twitter:card\" content=\"summary_large_image\" \/>\n<meta name=\"twitter:label1\" content=\"Verfasst von\" \/>\n\t<meta name=\"twitter:data1\" content=\"Jean-Gabriel Davis\" \/>\n\t<meta name=\"twitter:label2\" content=\"Gesch\u00e4tzte Lesezeit\" \/>\n\t<meta name=\"twitter:data2\" content=\"3\u00a0Minuten\" \/>\n<script type=\"application\/ld+json\" class=\"yoast-schema-graph\">{\"@context\":\"https:\\\/\\\/schema.org\",\"@graph\":[{\"@type\":\"Article\",\"@id\":\"https:\\\/\\\/www.iemj.org\\\/de\\\/ventanas-altas-de-saloniki-2\\\/#article\",\"isPartOf\":{\"@id\":\"https:\\\/\\\/www.iemj.org\\\/de\\\/ventanas-altas-de-saloniki-2\\\/\"},\"author\":{\"name\":\"Jean-Gabriel Davis\",\"@id\":\"https:\\\/\\\/www.iemj.org\\\/de\\\/#\\\/schema\\\/person\\\/c9bc1c386a3749579a2d675e72a18666\"},\"headline\":\"Ventanas altas de Saloniki\",\"datePublished\":\"2018-04-26T08:28:36+00:00\",\"dateModified\":\"2025-09-18T16:31:02+00:00\",\"mainEntityOfPage\":{\"@id\":\"https:\\\/\\\/www.iemj.org\\\/de\\\/ventanas-altas-de-saloniki-2\\\/\"},\"wordCount\":341,\"publisher\":{\"@id\":\"https:\\\/\\\/www.iemj.org\\\/de\\\/#organization\"},\"image\":{\"@id\":\"https:\\\/\\\/www.iemj.org\\\/de\\\/ventanas-altas-de-saloniki-2\\\/#primaryimage\"},\"thumbnailUrl\":\"https:\\\/\\\/www.iemj.org\\\/wp-content\\\/uploads\\\/2018\\\/04\\\/arton3378.jpg\",\"articleSection\":[\"CD\"],\"inLanguage\":\"de\"},{\"@type\":\"WebPage\",\"@id\":\"https:\\\/\\\/www.iemj.org\\\/de\\\/ventanas-altas-de-saloniki-2\\\/\",\"url\":\"https:\\\/\\\/www.iemj.org\\\/de\\\/ventanas-altas-de-saloniki-2\\\/\",\"name\":\"Ventanas altas de Saloniki - Institut Europ\u00e9en des Musiques Juives\",\"isPartOf\":{\"@id\":\"https:\\\/\\\/www.iemj.org\\\/de\\\/#website\"},\"primaryImageOfPage\":{\"@id\":\"https:\\\/\\\/www.iemj.org\\\/de\\\/ventanas-altas-de-saloniki-2\\\/#primaryimage\"},\"image\":{\"@id\":\"https:\\\/\\\/www.iemj.org\\\/de\\\/ventanas-altas-de-saloniki-2\\\/#primaryimage\"},\"thumbnailUrl\":\"https:\\\/\\\/www.iemj.org\\\/wp-content\\\/uploads\\\/2018\\\/04\\\/arton3378.jpg\",\"datePublished\":\"2018-04-26T08:28:36+00:00\",\"dateModified\":\"2025-09-18T16:31:02+00:00\",\"breadcrumb\":{\"@id\":\"https:\\\/\\\/www.iemj.org\\\/de\\\/ventanas-altas-de-saloniki-2\\\/#breadcrumb\"},\"inLanguage\":\"de\",\"potentialAction\":[{\"@type\":\"ReadAction\",\"target\":[\"https:\\\/\\\/www.iemj.org\\\/de\\\/ventanas-altas-de-saloniki-2\\\/\"]}]},{\"@type\":\"ImageObject\",\"inLanguage\":\"de\",\"@id\":\"https:\\\/\\\/www.iemj.org\\\/de\\\/ventanas-altas-de-saloniki-2\\\/#primaryimage\",\"url\":\"https:\\\/\\\/www.iemj.org\\\/wp-content\\\/uploads\\\/2018\\\/04\\\/arton3378.jpg\",\"contentUrl\":\"https:\\\/\\\/www.iemj.org\\\/wp-content\\\/uploads\\\/2018\\\/04\\\/arton3378.jpg\",\"width\":400,\"height\":345},{\"@type\":\"BreadcrumbList\",\"@id\":\"https:\\\/\\\/www.iemj.org\\\/de\\\/ventanas-altas-de-saloniki-2\\\/#breadcrumb\",\"itemListElement\":[{\"@type\":\"ListItem\",\"position\":1,\"name\":\"Accueil\",\"item\":\"https:\\\/\\\/www.iemj.org\\\/de\\\/\"},{\"@type\":\"ListItem\",\"position\":2,\"name\":\"Ventanas altas de Saloniki\"}]},{\"@type\":\"WebSite\",\"@id\":\"https:\\\/\\\/www.iemj.org\\\/de\\\/#website\",\"url\":\"https:\\\/\\\/www.iemj.org\\\/de\\\/\",\"name\":\"Institut Europ\u00e9en des Musiques Juives\",\"description\":\"Des traditions musicales \u00e0 la port\u00e9e de tous\",\"publisher\":{\"@id\":\"https:\\\/\\\/www.iemj.org\\\/de\\\/#organization\"},\"potentialAction\":[{\"@type\":\"SearchAction\",\"target\":{\"@type\":\"EntryPoint\",\"urlTemplate\":\"https:\\\/\\\/www.iemj.org\\\/de\\\/?s={search_term_string}\"},\"query-input\":{\"@type\":\"PropertyValueSpecification\",\"valueRequired\":true,\"valueName\":\"search_term_string\"}}],\"inLanguage\":\"de\"},{\"@type\":\"Organization\",\"@id\":\"https:\\\/\\\/www.iemj.org\\\/de\\\/#organization\",\"name\":\"Institut Europ\u00e9en des Musiques Juives\",\"url\":\"https:\\\/\\\/www.iemj.org\\\/de\\\/\",\"logo\":{\"@type\":\"ImageObject\",\"inLanguage\":\"de\",\"@id\":\"https:\\\/\\\/www.iemj.org\\\/de\\\/#\\\/schema\\\/logo\\\/image\\\/\",\"url\":\"https:\\\/\\\/www.iemj.org\\\/wp-content\\\/uploads\\\/2021\\\/09\\\/Logo-IEMJ-Paypal.jpg\",\"contentUrl\":\"https:\\\/\\\/www.iemj.org\\\/wp-content\\\/uploads\\\/2021\\\/09\\\/Logo-IEMJ-Paypal.jpg\",\"width\":150,\"height\":50,\"caption\":\"Institut Europ\u00e9en des Musiques Juives\"},\"image\":{\"@id\":\"https:\\\/\\\/www.iemj.org\\\/de\\\/#\\\/schema\\\/logo\\\/image\\\/\"},\"sameAs\":[\"https:\\\/\\\/www.facebook.com\\\/MusiquesJuives\\\/\",\"https:\\\/\\\/www.instagram.com\\\/musiquesjuives\\\/\",\"https:\\\/\\\/www.youtube.com\\\/user\\\/musiquesjuives\"]},{\"@type\":\"Person\",\"@id\":\"https:\\\/\\\/www.iemj.org\\\/de\\\/#\\\/schema\\\/person\\\/c9bc1c386a3749579a2d675e72a18666\",\"name\":\"Jean-Gabriel Davis\",\"image\":{\"@type\":\"ImageObject\",\"inLanguage\":\"de\",\"@id\":\"https:\\\/\\\/secure.gravatar.com\\\/avatar\\\/2b90d67bdf392c9b3a21fab87c0fa7edaf1fb3a058172a1ffd61033fcec7aec1?s=96&d=mm&r=g\",\"url\":\"https:\\\/\\\/secure.gravatar.com\\\/avatar\\\/2b90d67bdf392c9b3a21fab87c0fa7edaf1fb3a058172a1ffd61033fcec7aec1?s=96&d=mm&r=g\",\"contentUrl\":\"https:\\\/\\\/secure.gravatar.com\\\/avatar\\\/2b90d67bdf392c9b3a21fab87c0fa7edaf1fb3a058172a1ffd61033fcec7aec1?s=96&d=mm&r=g\",\"caption\":\"Jean-Gabriel Davis\"}}]}<\/script>\n<!-- \/ Yoast SEO plugin. -->","yoast_head_json":{"title":"Ventanas altas de Saloniki - Institut Europ\u00e9en des Musiques Juives","robots":{"index":"index","follow":"follow","max-snippet":"max-snippet:-1","max-image-preview":"max-image-preview:large","max-video-preview":"max-video-preview:-1"},"canonical":"https:\/\/www.iemj.org\/de\/ventanas-altas-de-saloniki-2\/","og_locale":"de_DE","og_type":"article","og_title":"Ventanas altas de Saloniki - Institut Europ\u00e9en des Musiques Juives","og_description":"Die 2013 von der Universit\u00e4t von Haifa ver\u00f6ffentlichte Doppel-CD enth\u00e4lt 36 Lieder aus dem traditionellen wie auch aus dem modernen Repertoire der Juden von Saloniki. Unter den j\u00fcdischen Gemeinschaften, welche","og_url":"https:\/\/www.iemj.org\/de\/ventanas-altas-de-saloniki-2\/","og_site_name":"Institut Europ\u00e9en des Musiques Juives","article_publisher":"https:\/\/www.facebook.com\/MusiquesJuives\/","article_published_time":"2018-04-26T08:28:36+00:00","article_modified_time":"2025-09-18T16:31:02+00:00","og_image":[{"width":400,"height":345,"url":"https:\/\/www.iemj.org\/wp-content\/uploads\/2018\/04\/arton3378.jpg","type":"image\/jpeg"}],"author":"Jean-Gabriel Davis","twitter_card":"summary_large_image","twitter_misc":{"Verfasst von":"Jean-Gabriel Davis","Gesch\u00e4tzte Lesezeit":"3\u00a0Minuten"},"schema":{"@context":"https:\/\/schema.org","@graph":[{"@type":"Article","@id":"https:\/\/www.iemj.org\/de\/ventanas-altas-de-saloniki-2\/#article","isPartOf":{"@id":"https:\/\/www.iemj.org\/de\/ventanas-altas-de-saloniki-2\/"},"author":{"name":"Jean-Gabriel Davis","@id":"https:\/\/www.iemj.org\/de\/#\/schema\/person\/c9bc1c386a3749579a2d675e72a18666"},"headline":"Ventanas altas de Saloniki","datePublished":"2018-04-26T08:28:36+00:00","dateModified":"2025-09-18T16:31:02+00:00","mainEntityOfPage":{"@id":"https:\/\/www.iemj.org\/de\/ventanas-altas-de-saloniki-2\/"},"wordCount":341,"publisher":{"@id":"https:\/\/www.iemj.org\/de\/#organization"},"image":{"@id":"https:\/\/www.iemj.org\/de\/ventanas-altas-de-saloniki-2\/#primaryimage"},"thumbnailUrl":"https:\/\/www.iemj.org\/wp-content\/uploads\/2018\/04\/arton3378.jpg","articleSection":["CD"],"inLanguage":"de"},{"@type":"WebPage","@id":"https:\/\/www.iemj.org\/de\/ventanas-altas-de-saloniki-2\/","url":"https:\/\/www.iemj.org\/de\/ventanas-altas-de-saloniki-2\/","name":"Ventanas altas de Saloniki - Institut Europ\u00e9en des Musiques Juives","isPartOf":{"@id":"https:\/\/www.iemj.org\/de\/#website"},"primaryImageOfPage":{"@id":"https:\/\/www.iemj.org\/de\/ventanas-altas-de-saloniki-2\/#primaryimage"},"image":{"@id":"https:\/\/www.iemj.org\/de\/ventanas-altas-de-saloniki-2\/#primaryimage"},"thumbnailUrl":"https:\/\/www.iemj.org\/wp-content\/uploads\/2018\/04\/arton3378.jpg","datePublished":"2018-04-26T08:28:36+00:00","dateModified":"2025-09-18T16:31:02+00:00","breadcrumb":{"@id":"https:\/\/www.iemj.org\/de\/ventanas-altas-de-saloniki-2\/#breadcrumb"},"inLanguage":"de","potentialAction":[{"@type":"ReadAction","target":["https:\/\/www.iemj.org\/de\/ventanas-altas-de-saloniki-2\/"]}]},{"@type":"ImageObject","inLanguage":"de","@id":"https:\/\/www.iemj.org\/de\/ventanas-altas-de-saloniki-2\/#primaryimage","url":"https:\/\/www.iemj.org\/wp-content\/uploads\/2018\/04\/arton3378.jpg","contentUrl":"https:\/\/www.iemj.org\/wp-content\/uploads\/2018\/04\/arton3378.jpg","width":400,"height":345},{"@type":"BreadcrumbList","@id":"https:\/\/www.iemj.org\/de\/ventanas-altas-de-saloniki-2\/#breadcrumb","itemListElement":[{"@type":"ListItem","position":1,"name":"Accueil","item":"https:\/\/www.iemj.org\/de\/"},{"@type":"ListItem","position":2,"name":"Ventanas altas de Saloniki"}]},{"@type":"WebSite","@id":"https:\/\/www.iemj.org\/de\/#website","url":"https:\/\/www.iemj.org\/de\/","name":"Institut Europ\u00e9en des Musiques Juives","description":"Des traditions musicales \u00e0 la port\u00e9e de tous","publisher":{"@id":"https:\/\/www.iemj.org\/de\/#organization"},"potentialAction":[{"@type":"SearchAction","target":{"@type":"EntryPoint","urlTemplate":"https:\/\/www.iemj.org\/de\/?s={search_term_string}"},"query-input":{"@type":"PropertyValueSpecification","valueRequired":true,"valueName":"search_term_string"}}],"inLanguage":"de"},{"@type":"Organization","@id":"https:\/\/www.iemj.org\/de\/#organization","name":"Institut Europ\u00e9en des Musiques Juives","url":"https:\/\/www.iemj.org\/de\/","logo":{"@type":"ImageObject","inLanguage":"de","@id":"https:\/\/www.iemj.org\/de\/#\/schema\/logo\/image\/","url":"https:\/\/www.iemj.org\/wp-content\/uploads\/2021\/09\/Logo-IEMJ-Paypal.jpg","contentUrl":"https:\/\/www.iemj.org\/wp-content\/uploads\/2021\/09\/Logo-IEMJ-Paypal.jpg","width":150,"height":50,"caption":"Institut Europ\u00e9en des Musiques Juives"},"image":{"@id":"https:\/\/www.iemj.org\/de\/#\/schema\/logo\/image\/"},"sameAs":["https:\/\/www.facebook.com\/MusiquesJuives\/","https:\/\/www.instagram.com\/musiquesjuives\/","https:\/\/www.youtube.com\/user\/musiquesjuives"]},{"@type":"Person","@id":"https:\/\/www.iemj.org\/de\/#\/schema\/person\/c9bc1c386a3749579a2d675e72a18666","name":"Jean-Gabriel Davis","image":{"@type":"ImageObject","inLanguage":"de","@id":"https:\/\/secure.gravatar.com\/avatar\/2b90d67bdf392c9b3a21fab87c0fa7edaf1fb3a058172a1ffd61033fcec7aec1?s=96&d=mm&r=g","url":"https:\/\/secure.gravatar.com\/avatar\/2b90d67bdf392c9b3a21fab87c0fa7edaf1fb3a058172a1ffd61033fcec7aec1?s=96&d=mm&r=g","contentUrl":"https:\/\/secure.gravatar.com\/avatar\/2b90d67bdf392c9b3a21fab87c0fa7edaf1fb3a058172a1ffd61033fcec7aec1?s=96&d=mm&r=g","caption":"Jean-Gabriel Davis"}}]}},"_links":{"self":[{"href":"https:\/\/www.iemj.org\/de\/wp-json\/wp\/v2\/posts\/75432","targetHints":{"allow":["GET"]}}],"collection":[{"href":"https:\/\/www.iemj.org\/de\/wp-json\/wp\/v2\/posts"}],"about":[{"href":"https:\/\/www.iemj.org\/de\/wp-json\/wp\/v2\/types\/post"}],"author":[{"embeddable":true,"href":"https:\/\/www.iemj.org\/de\/wp-json\/wp\/v2\/users\/1048"}],"replies":[{"embeddable":true,"href":"https:\/\/www.iemj.org\/de\/wp-json\/wp\/v2\/comments?post=75432"}],"version-history":[{"count":0,"href":"https:\/\/www.iemj.org\/de\/wp-json\/wp\/v2\/posts\/75432\/revisions"}],"wp:featuredmedia":[{"embeddable":true,"href":"https:\/\/www.iemj.org\/de\/wp-json\/wp\/v2\/media\/75433"}],"wp:attachment":[{"href":"https:\/\/www.iemj.org\/de\/wp-json\/wp\/v2\/media?parent=75432"}],"wp:term":[{"taxonomy":"category","embeddable":true,"href":"https:\/\/www.iemj.org\/de\/wp-json\/wp\/v2\/categories?post=75432"},{"taxonomy":"post_tag","embeddable":true,"href":"https:\/\/www.iemj.org\/de\/wp-json\/wp\/v2\/tags?post=75432"},{"taxonomy":"technique","embeddable":true,"href":"https:\/\/www.iemj.org\/de\/wp-json\/wp\/v2\/technique?post=75432"},{"taxonomy":"squelettes","embeddable":true,"href":"https:\/\/www.iemj.org\/de\/wp-json\/wp\/v2\/squelettes?post=75432"},{"taxonomy":"sujet","embeddable":true,"href":"https:\/\/www.iemj.org\/de\/wp-json\/wp\/v2\/sujet?post=75432"},{"taxonomy":"formation","embeddable":true,"href":"https:\/\/www.iemj.org\/de\/wp-json\/wp\/v2\/formation?post=75432"},{"taxonomy":"genre","embeddable":true,"href":"https:\/\/www.iemj.org\/de\/wp-json\/wp\/v2\/genre?post=75432"},{"taxonomy":"fonds","embeddable":true,"href":"https:\/\/www.iemj.org\/de\/wp-json\/wp\/v2\/fonds?post=75432"},{"taxonomy":"tradition","embeddable":true,"href":"https:\/\/www.iemj.org\/de\/wp-json\/wp\/v2\/tradition?post=75432"},{"taxonomy":"type-de-contenu","embeddable":true,"href":"https:\/\/www.iemj.org\/de\/wp-json\/wp\/v2\/type-de-contenu?post=75432"},{"taxonomy":"interprete-compositeur","embeddable":true,"href":"https:\/\/www.iemj.org\/de\/wp-json\/wp\/v2\/interprete-compositeur?post=75432"},{"taxonomy":"frise","embeddable":true,"href":"https:\/\/www.iemj.org\/de\/wp-json\/wp\/v2\/frise?post=75432"},{"taxonomy":"type-devenement","embeddable":true,"href":"https:\/\/www.iemj.org\/de\/wp-json\/wp\/v2\/type-devenement?post=75432"},{"taxonomy":"tableaux-liens-externes","embeddable":true,"href":"https:\/\/www.iemj.org\/de\/wp-json\/wp\/v2\/tableaux-liens-externes?post=75432"}],"curies":[{"name":"wp","href":"https:\/\/api.w.org\/{rel}","templated":true}]}}