{"id":75451,"date":"2018-03-23T13:43:35","date_gmt":"2018-03-23T12:43:35","guid":{"rendered":"https:\/\/www.iemj.org\/coplas-sefardies-by-alberto-hemsi-vol-1\/"},"modified":"2025-02-25T15:32:44","modified_gmt":"2025-02-25T14:32:44","slug":"coplas-sefardies-by-alberto-hemsi-vol-1","status":"publish","type":"post","link":"https:\/\/www.iemj.org\/de\/coplas-sefardies-by-alberto-hemsi-vol-1\/","title":{"rendered":"COPLAS SEFARDIES VON ALBERTO HEMSI \u2013 VOL. 1"},"content":{"rendered":"<p class=\"post_excerpt\">Von traditionellen j\u00fcdisch-spanischen Liedern bis zur Kunstmusik &#8230;<\/p>\n<p><!--more-->Mit ihrer Aufnahme der Coplas Sefardies von Alberto Hemsi, lassen uns Assaf Levitin (Kantor der Liberalen J\u00fcdischen Gemeinde Hannover) und der Pianist Naaman Wagner, die fast verschwundene Welt der europ\u00e4ischen j\u00fcdischen Kultur, anl\u00e4sslich des 120. Geburtstags von dem Komponisten Alberto Hemsi (1898-1975), wiederentdecken.<\/p>\n<p><a href=\"https:\/\/www.iemj.org\/de\/hemsi-alberto-1898-1975\/\" target=\"_blank\" rel=\"noopener\">Alberto Hemsi<\/a> begeisterte sich f\u00fcr die sephardische Folklore und die sephardischen Musiktraditionen. Als Pianist und Komponist sammelte er zwischen 1923 und 1937, 230 Gedichte und Melodien in den sephardischen Gemeinschaften des ehemaligen Osmanischen Reichs. F\u00fcr 60 traditionelle Melodien aus diesem umfassenden Korpus, komponierte er \u201eKlavierstimmen, was sich als ziemlich kompliziert erwies, da es weniger darum ging, die besagten Lieder zu \u201abegleiten\u2018, sondern vielmehr darum, sie in kleinen symphonischen Tableaus einzurahmen, um so viel wie m\u00f6glich von der Atmosph\u00e4re, der Stimmung, dem Thema und der Melodie zu vermitteln\u201c.<\/p>\n<p>Die Coplas Sefardies von Alberto Hemsi gew\u00e4hren einen frischen Blick auf die jud\u00e4o-spanische m\u00fcndliche Tradition, welche der Komponist durch sein kreatives Denken preist. Die Symbiose zwischen traditionellem Gesang und gelehrter Kunst, zwischen m\u00fcndlicher Spontanit\u00e4t und schriftlichen Gedanken, ist besonders gelungen im Werk von Alberto Hemsi, einem der sephardischen Kultur verschriebenen Komponisten.<\/p>\n<p>Diese erste CD einer Reihe, bestehend aus insgesamt 3 CDs, bietet dem H\u00f6rer 24 bezaubernde jud\u00e4o-spanische Lieder.<\/p>\n<p>Diese CD ist \u00fcberaus h\u00f6renswert.<\/p>\n<p><a href=\"https:\/\/www.iemj.org\/de\/hemsi-alberto-1898-1975\/\" target=\"_blank\" rel=\"noopener\">Erfahren Sie mehr \u00fcber Alberto Hemsi<\/a><br \/><a href=\"https:\/\/www.rondeau.de\/New-Releases\/Alberto-Hemsi-Coplas-Sefardies-Vol-1::420.html?language=en\">Kaufen Sie die CD Coplas Sefardies \u2013 Chansons jud\u00e9o-espagnoles de Alberto Hemsi \u2013 Vol.1<\/a><br \/><a href=\"https:\/\/www.iemj.org\/de\/fonds-alberto-hemsi\/\" target=\"_blank\" rel=\"noopener\">Greifen Sie auf die Archive \u00fcber Alberto Hemsi zu, welche am IEMJ hinterlegt ist<\/a><\/p>\n<p><img decoding=\"async\" class=\"alignnone  wp-image-110606\" src=\"https:\/\/www.iemj.org\/wp-content\/uploads\/2024\/03\/AUDIO-PLAYER-300x39.png\" alt=\"\" width=\"615\" height=\"80\" srcset=\"https:\/\/www.iemj.org\/wp-content\/uploads\/2024\/03\/AUDIO-PLAYER-300x39.png 300w, https:\/\/www.iemj.org\/wp-content\/uploads\/2024\/03\/AUDIO-PLAYER-1024x133.png 1024w, https:\/\/www.iemj.org\/wp-content\/uploads\/2024\/03\/AUDIO-PLAYER-768x100.png 768w, https:\/\/www.iemj.org\/wp-content\/uploads\/2024\/03\/AUDIO-PLAYER-600x78.png 600w, https:\/\/www.iemj.org\/wp-content\/uploads\/2024\/03\/AUDIO-PLAYER.png 1210w\" sizes=\"(max-width: 615px) 100vw, 615px\" \/><\/p>\n\n\n<h2 class=\"wp-block-heading\"><\/h2>\n\n\n\n<div class=\"wp-block-file\"><a href=\"https:\/\/www.iemj.org\/wp-content\/uploads\/2018\/03\/cd_903_01.mp3\">Yo tomi una muchacha (extrait), op.7<\/a><\/div>\n\n\n\n<div class=\"wp-block-file\"><a href=\"https:\/\/www.iemj.org\/wp-content\/uploads\/2018\/03\/cd_903_02.mp3\">Durme, durme hermosa donzella (extrait), op.7<\/a><\/div>\n\n\n\n<div class=\"wp-block-file\"><a href=\"https:\/\/www.iemj.org\/wp-content\/uploads\/2018\/03\/cd_903_08.mp3\">El rey por muncha madruga (extrait), op.8<\/a><\/div>\n\n\n\n<div class=\"wp-block-file\"><a href=\"https:\/\/www.iemj.org\/wp-content\/uploads\/2018\/03\/cd_903_09.mp3\">Tres hijas tiene el buen rey (extrait), op.8<\/a><\/div>\n\n\n\n<div class=\"wp-block-file\"><a href=\"https:\/\/www.iemj.org\/wp-content\/uploads\/2018\/03\/cd_903_17.mp3\">Yo me alevanti un lunes (extrait), op.13<\/a><\/div>\n\n\n\n<div class=\"wp-block-file\"><a href=\"https:\/\/www.iemj.org\/wp-content\/uploads\/2018\/03\/cd_903_19.mp3\">Triste este la infanta (extrait), op. 18<\/a><\/div>\n","protected":false},"excerpt":{"rendered":"<p>Von traditionellen j\u00fcdisch-spanischen Liedern bis zur Kunstmusik &#8230;<\/p>\n","protected":false},"author":1048,"featured_media":75452,"comment_status":"closed","ping_status":"open","sticky":false,"template":"","format":"standard","meta":{"_acf_changed":false,"footnotes":""},"categories":[1571],"tags":[],"technique":[],"squelettes":[],"sujet":[],"formation":[],"genre":[],"fonds":[],"tradition":[],"type-de-contenu":[],"interprete-compositeur":[],"frise":[],"type-devenement":[],"tableaux-liens-externes":[],"class_list":["post-75451","post","type-post","status-publish","format-standard","has-post-thumbnail","hentry","category-cd-de"],"acf":[],"yoast_head":"<!-- This site is optimized with the Yoast SEO plugin v27.3 - https:\/\/yoast.com\/product\/yoast-seo-wordpress\/ -->\n<title>COPLAS SEFARDIES VON ALBERTO HEMSI \u2013 VOL. 1 - Institut Europ\u00e9en des Musiques Juives<\/title>\n<meta name=\"robots\" content=\"index, follow, max-snippet:-1, max-image-preview:large, max-video-preview:-1\" \/>\n<link rel=\"canonical\" href=\"https:\/\/www.iemj.org\/de\/coplas-sefardies-by-alberto-hemsi-vol-1\/\" \/>\n<meta property=\"og:locale\" content=\"de_DE\" \/>\n<meta property=\"og:type\" content=\"article\" \/>\n<meta property=\"og:title\" content=\"COPLAS SEFARDIES VON ALBERTO HEMSI \u2013 VOL. 1 - Institut Europ\u00e9en des Musiques Juives\" \/>\n<meta property=\"og:description\" content=\"Von traditionellen j\u00fcdisch-spanischen Liedern bis zur Kunstmusik &#8230;\" \/>\n<meta property=\"og:url\" content=\"https:\/\/www.iemj.org\/de\/coplas-sefardies-by-alberto-hemsi-vol-1\/\" \/>\n<meta property=\"og:site_name\" content=\"Institut Europ\u00e9en des Musiques Juives\" \/>\n<meta property=\"article:publisher\" content=\"https:\/\/www.facebook.com\/MusiquesJuives\/\" \/>\n<meta property=\"article:published_time\" content=\"2018-03-23T12:43:35+00:00\" \/>\n<meta property=\"article:modified_time\" content=\"2025-02-25T14:32:44+00:00\" \/>\n<meta property=\"og:image\" content=\"https:\/\/www.iemj.org\/wp-content\/uploads\/2018\/03\/arton3269.jpg\" \/>\n\t<meta property=\"og:image:width\" content=\"400\" \/>\n\t<meta property=\"og:image:height\" content=\"385\" \/>\n\t<meta property=\"og:image:type\" content=\"image\/jpeg\" \/>\n<meta name=\"author\" content=\"Jean-Gabriel Davis\" \/>\n<meta name=\"twitter:card\" content=\"summary_large_image\" \/>\n<meta name=\"twitter:label1\" content=\"Verfasst von\" \/>\n\t<meta name=\"twitter:data1\" content=\"Jean-Gabriel Davis\" \/>\n\t<meta name=\"twitter:label2\" content=\"Gesch\u00e4tzte Lesezeit\" \/>\n\t<meta name=\"twitter:data2\" content=\"2\u00a0Minuten\" \/>\n<script type=\"application\/ld+json\" class=\"yoast-schema-graph\">{\"@context\":\"https:\\\/\\\/schema.org\",\"@graph\":[{\"@type\":\"Article\",\"@id\":\"https:\\\/\\\/www.iemj.org\\\/de\\\/coplas-sefardies-by-alberto-hemsi-vol-1\\\/#article\",\"isPartOf\":{\"@id\":\"https:\\\/\\\/www.iemj.org\\\/de\\\/coplas-sefardies-by-alberto-hemsi-vol-1\\\/\"},\"author\":{\"name\":\"Jean-Gabriel Davis\",\"@id\":\"https:\\\/\\\/www.iemj.org\\\/de\\\/#\\\/schema\\\/person\\\/c9bc1c386a3749579a2d675e72a18666\"},\"headline\":\"COPLAS SEFARDIES VON ALBERTO HEMSI \u2013 VOL. 1\",\"datePublished\":\"2018-03-23T12:43:35+00:00\",\"dateModified\":\"2025-02-25T14:32:44+00:00\",\"mainEntityOfPage\":{\"@id\":\"https:\\\/\\\/www.iemj.org\\\/de\\\/coplas-sefardies-by-alberto-hemsi-vol-1\\\/\"},\"wordCount\":299,\"publisher\":{\"@id\":\"https:\\\/\\\/www.iemj.org\\\/de\\\/#organization\"},\"image\":{\"@id\":\"https:\\\/\\\/www.iemj.org\\\/de\\\/coplas-sefardies-by-alberto-hemsi-vol-1\\\/#primaryimage\"},\"thumbnailUrl\":\"https:\\\/\\\/www.iemj.org\\\/wp-content\\\/uploads\\\/2018\\\/03\\\/arton3269.jpg\",\"articleSection\":[\"CD\"],\"inLanguage\":\"de\"},{\"@type\":\"WebPage\",\"@id\":\"https:\\\/\\\/www.iemj.org\\\/de\\\/coplas-sefardies-by-alberto-hemsi-vol-1\\\/\",\"url\":\"https:\\\/\\\/www.iemj.org\\\/de\\\/coplas-sefardies-by-alberto-hemsi-vol-1\\\/\",\"name\":\"COPLAS SEFARDIES VON ALBERTO HEMSI \u2013 VOL. 1 - Institut Europ\u00e9en des Musiques Juives\",\"isPartOf\":{\"@id\":\"https:\\\/\\\/www.iemj.org\\\/de\\\/#website\"},\"primaryImageOfPage\":{\"@id\":\"https:\\\/\\\/www.iemj.org\\\/de\\\/coplas-sefardies-by-alberto-hemsi-vol-1\\\/#primaryimage\"},\"image\":{\"@id\":\"https:\\\/\\\/www.iemj.org\\\/de\\\/coplas-sefardies-by-alberto-hemsi-vol-1\\\/#primaryimage\"},\"thumbnailUrl\":\"https:\\\/\\\/www.iemj.org\\\/wp-content\\\/uploads\\\/2018\\\/03\\\/arton3269.jpg\",\"datePublished\":\"2018-03-23T12:43:35+00:00\",\"dateModified\":\"2025-02-25T14:32:44+00:00\",\"breadcrumb\":{\"@id\":\"https:\\\/\\\/www.iemj.org\\\/de\\\/coplas-sefardies-by-alberto-hemsi-vol-1\\\/#breadcrumb\"},\"inLanguage\":\"de\",\"potentialAction\":[{\"@type\":\"ReadAction\",\"target\":[\"https:\\\/\\\/www.iemj.org\\\/de\\\/coplas-sefardies-by-alberto-hemsi-vol-1\\\/\"]}]},{\"@type\":\"ImageObject\",\"inLanguage\":\"de\",\"@id\":\"https:\\\/\\\/www.iemj.org\\\/de\\\/coplas-sefardies-by-alberto-hemsi-vol-1\\\/#primaryimage\",\"url\":\"https:\\\/\\\/www.iemj.org\\\/wp-content\\\/uploads\\\/2018\\\/03\\\/arton3269.jpg\",\"contentUrl\":\"https:\\\/\\\/www.iemj.org\\\/wp-content\\\/uploads\\\/2018\\\/03\\\/arton3269.jpg\",\"width\":400,\"height\":385},{\"@type\":\"BreadcrumbList\",\"@id\":\"https:\\\/\\\/www.iemj.org\\\/de\\\/coplas-sefardies-by-alberto-hemsi-vol-1\\\/#breadcrumb\",\"itemListElement\":[{\"@type\":\"ListItem\",\"position\":1,\"name\":\"Accueil\",\"item\":\"https:\\\/\\\/www.iemj.org\\\/de\\\/\"},{\"@type\":\"ListItem\",\"position\":2,\"name\":\"COPLAS SEFARDIES VON ALBERTO HEMSI \u2013 VOL. 1\"}]},{\"@type\":\"WebSite\",\"@id\":\"https:\\\/\\\/www.iemj.org\\\/de\\\/#website\",\"url\":\"https:\\\/\\\/www.iemj.org\\\/de\\\/\",\"name\":\"Institut Europ\u00e9en des Musiques Juives\",\"description\":\"Des traditions musicales \u00e0 la port\u00e9e de tous\",\"publisher\":{\"@id\":\"https:\\\/\\\/www.iemj.org\\\/de\\\/#organization\"},\"potentialAction\":[{\"@type\":\"SearchAction\",\"target\":{\"@type\":\"EntryPoint\",\"urlTemplate\":\"https:\\\/\\\/www.iemj.org\\\/de\\\/?s={search_term_string}\"},\"query-input\":{\"@type\":\"PropertyValueSpecification\",\"valueRequired\":true,\"valueName\":\"search_term_string\"}}],\"inLanguage\":\"de\"},{\"@type\":\"Organization\",\"@id\":\"https:\\\/\\\/www.iemj.org\\\/de\\\/#organization\",\"name\":\"Institut Europ\u00e9en des Musiques Juives\",\"url\":\"https:\\\/\\\/www.iemj.org\\\/de\\\/\",\"logo\":{\"@type\":\"ImageObject\",\"inLanguage\":\"de\",\"@id\":\"https:\\\/\\\/www.iemj.org\\\/de\\\/#\\\/schema\\\/logo\\\/image\\\/\",\"url\":\"https:\\\/\\\/www.iemj.org\\\/wp-content\\\/uploads\\\/2021\\\/09\\\/Logo-IEMJ-Paypal.jpg\",\"contentUrl\":\"https:\\\/\\\/www.iemj.org\\\/wp-content\\\/uploads\\\/2021\\\/09\\\/Logo-IEMJ-Paypal.jpg\",\"width\":150,\"height\":50,\"caption\":\"Institut Europ\u00e9en des Musiques Juives\"},\"image\":{\"@id\":\"https:\\\/\\\/www.iemj.org\\\/de\\\/#\\\/schema\\\/logo\\\/image\\\/\"},\"sameAs\":[\"https:\\\/\\\/www.facebook.com\\\/MusiquesJuives\\\/\",\"https:\\\/\\\/www.instagram.com\\\/musiquesjuives\\\/\",\"https:\\\/\\\/www.youtube.com\\\/user\\\/musiquesjuives\"]},{\"@type\":\"Person\",\"@id\":\"https:\\\/\\\/www.iemj.org\\\/de\\\/#\\\/schema\\\/person\\\/c9bc1c386a3749579a2d675e72a18666\",\"name\":\"Jean-Gabriel Davis\",\"image\":{\"@type\":\"ImageObject\",\"inLanguage\":\"de\",\"@id\":\"https:\\\/\\\/secure.gravatar.com\\\/avatar\\\/2b90d67bdf392c9b3a21fab87c0fa7edaf1fb3a058172a1ffd61033fcec7aec1?s=96&d=mm&r=g\",\"url\":\"https:\\\/\\\/secure.gravatar.com\\\/avatar\\\/2b90d67bdf392c9b3a21fab87c0fa7edaf1fb3a058172a1ffd61033fcec7aec1?s=96&d=mm&r=g\",\"contentUrl\":\"https:\\\/\\\/secure.gravatar.com\\\/avatar\\\/2b90d67bdf392c9b3a21fab87c0fa7edaf1fb3a058172a1ffd61033fcec7aec1?s=96&d=mm&r=g\",\"caption\":\"Jean-Gabriel Davis\"}}]}<\/script>\n<!-- \/ Yoast SEO plugin. -->","yoast_head_json":{"title":"COPLAS SEFARDIES VON ALBERTO HEMSI \u2013 VOL. 1 - Institut Europ\u00e9en des Musiques Juives","robots":{"index":"index","follow":"follow","max-snippet":"max-snippet:-1","max-image-preview":"max-image-preview:large","max-video-preview":"max-video-preview:-1"},"canonical":"https:\/\/www.iemj.org\/de\/coplas-sefardies-by-alberto-hemsi-vol-1\/","og_locale":"de_DE","og_type":"article","og_title":"COPLAS SEFARDIES VON ALBERTO HEMSI \u2013 VOL. 1 - Institut Europ\u00e9en des Musiques Juives","og_description":"Von traditionellen j\u00fcdisch-spanischen Liedern bis zur Kunstmusik &#8230;","og_url":"https:\/\/www.iemj.org\/de\/coplas-sefardies-by-alberto-hemsi-vol-1\/","og_site_name":"Institut Europ\u00e9en des Musiques Juives","article_publisher":"https:\/\/www.facebook.com\/MusiquesJuives\/","article_published_time":"2018-03-23T12:43:35+00:00","article_modified_time":"2025-02-25T14:32:44+00:00","og_image":[{"width":400,"height":385,"url":"https:\/\/www.iemj.org\/wp-content\/uploads\/2018\/03\/arton3269.jpg","type":"image\/jpeg"}],"author":"Jean-Gabriel Davis","twitter_card":"summary_large_image","twitter_misc":{"Verfasst von":"Jean-Gabriel Davis","Gesch\u00e4tzte Lesezeit":"2\u00a0Minuten"},"schema":{"@context":"https:\/\/schema.org","@graph":[{"@type":"Article","@id":"https:\/\/www.iemj.org\/de\/coplas-sefardies-by-alberto-hemsi-vol-1\/#article","isPartOf":{"@id":"https:\/\/www.iemj.org\/de\/coplas-sefardies-by-alberto-hemsi-vol-1\/"},"author":{"name":"Jean-Gabriel Davis","@id":"https:\/\/www.iemj.org\/de\/#\/schema\/person\/c9bc1c386a3749579a2d675e72a18666"},"headline":"COPLAS SEFARDIES VON ALBERTO HEMSI \u2013 VOL. 1","datePublished":"2018-03-23T12:43:35+00:00","dateModified":"2025-02-25T14:32:44+00:00","mainEntityOfPage":{"@id":"https:\/\/www.iemj.org\/de\/coplas-sefardies-by-alberto-hemsi-vol-1\/"},"wordCount":299,"publisher":{"@id":"https:\/\/www.iemj.org\/de\/#organization"},"image":{"@id":"https:\/\/www.iemj.org\/de\/coplas-sefardies-by-alberto-hemsi-vol-1\/#primaryimage"},"thumbnailUrl":"https:\/\/www.iemj.org\/wp-content\/uploads\/2018\/03\/arton3269.jpg","articleSection":["CD"],"inLanguage":"de"},{"@type":"WebPage","@id":"https:\/\/www.iemj.org\/de\/coplas-sefardies-by-alberto-hemsi-vol-1\/","url":"https:\/\/www.iemj.org\/de\/coplas-sefardies-by-alberto-hemsi-vol-1\/","name":"COPLAS SEFARDIES VON ALBERTO HEMSI \u2013 VOL. 1 - Institut Europ\u00e9en des Musiques Juives","isPartOf":{"@id":"https:\/\/www.iemj.org\/de\/#website"},"primaryImageOfPage":{"@id":"https:\/\/www.iemj.org\/de\/coplas-sefardies-by-alberto-hemsi-vol-1\/#primaryimage"},"image":{"@id":"https:\/\/www.iemj.org\/de\/coplas-sefardies-by-alberto-hemsi-vol-1\/#primaryimage"},"thumbnailUrl":"https:\/\/www.iemj.org\/wp-content\/uploads\/2018\/03\/arton3269.jpg","datePublished":"2018-03-23T12:43:35+00:00","dateModified":"2025-02-25T14:32:44+00:00","breadcrumb":{"@id":"https:\/\/www.iemj.org\/de\/coplas-sefardies-by-alberto-hemsi-vol-1\/#breadcrumb"},"inLanguage":"de","potentialAction":[{"@type":"ReadAction","target":["https:\/\/www.iemj.org\/de\/coplas-sefardies-by-alberto-hemsi-vol-1\/"]}]},{"@type":"ImageObject","inLanguage":"de","@id":"https:\/\/www.iemj.org\/de\/coplas-sefardies-by-alberto-hemsi-vol-1\/#primaryimage","url":"https:\/\/www.iemj.org\/wp-content\/uploads\/2018\/03\/arton3269.jpg","contentUrl":"https:\/\/www.iemj.org\/wp-content\/uploads\/2018\/03\/arton3269.jpg","width":400,"height":385},{"@type":"BreadcrumbList","@id":"https:\/\/www.iemj.org\/de\/coplas-sefardies-by-alberto-hemsi-vol-1\/#breadcrumb","itemListElement":[{"@type":"ListItem","position":1,"name":"Accueil","item":"https:\/\/www.iemj.org\/de\/"},{"@type":"ListItem","position":2,"name":"COPLAS SEFARDIES VON ALBERTO HEMSI \u2013 VOL. 1"}]},{"@type":"WebSite","@id":"https:\/\/www.iemj.org\/de\/#website","url":"https:\/\/www.iemj.org\/de\/","name":"Institut Europ\u00e9en des Musiques Juives","description":"Des traditions musicales \u00e0 la port\u00e9e de tous","publisher":{"@id":"https:\/\/www.iemj.org\/de\/#organization"},"potentialAction":[{"@type":"SearchAction","target":{"@type":"EntryPoint","urlTemplate":"https:\/\/www.iemj.org\/de\/?s={search_term_string}"},"query-input":{"@type":"PropertyValueSpecification","valueRequired":true,"valueName":"search_term_string"}}],"inLanguage":"de"},{"@type":"Organization","@id":"https:\/\/www.iemj.org\/de\/#organization","name":"Institut Europ\u00e9en des Musiques Juives","url":"https:\/\/www.iemj.org\/de\/","logo":{"@type":"ImageObject","inLanguage":"de","@id":"https:\/\/www.iemj.org\/de\/#\/schema\/logo\/image\/","url":"https:\/\/www.iemj.org\/wp-content\/uploads\/2021\/09\/Logo-IEMJ-Paypal.jpg","contentUrl":"https:\/\/www.iemj.org\/wp-content\/uploads\/2021\/09\/Logo-IEMJ-Paypal.jpg","width":150,"height":50,"caption":"Institut Europ\u00e9en des Musiques Juives"},"image":{"@id":"https:\/\/www.iemj.org\/de\/#\/schema\/logo\/image\/"},"sameAs":["https:\/\/www.facebook.com\/MusiquesJuives\/","https:\/\/www.instagram.com\/musiquesjuives\/","https:\/\/www.youtube.com\/user\/musiquesjuives"]},{"@type":"Person","@id":"https:\/\/www.iemj.org\/de\/#\/schema\/person\/c9bc1c386a3749579a2d675e72a18666","name":"Jean-Gabriel Davis","image":{"@type":"ImageObject","inLanguage":"de","@id":"https:\/\/secure.gravatar.com\/avatar\/2b90d67bdf392c9b3a21fab87c0fa7edaf1fb3a058172a1ffd61033fcec7aec1?s=96&d=mm&r=g","url":"https:\/\/secure.gravatar.com\/avatar\/2b90d67bdf392c9b3a21fab87c0fa7edaf1fb3a058172a1ffd61033fcec7aec1?s=96&d=mm&r=g","contentUrl":"https:\/\/secure.gravatar.com\/avatar\/2b90d67bdf392c9b3a21fab87c0fa7edaf1fb3a058172a1ffd61033fcec7aec1?s=96&d=mm&r=g","caption":"Jean-Gabriel Davis"}}]}},"_links":{"self":[{"href":"https:\/\/www.iemj.org\/de\/wp-json\/wp\/v2\/posts\/75451","targetHints":{"allow":["GET"]}}],"collection":[{"href":"https:\/\/www.iemj.org\/de\/wp-json\/wp\/v2\/posts"}],"about":[{"href":"https:\/\/www.iemj.org\/de\/wp-json\/wp\/v2\/types\/post"}],"author":[{"embeddable":true,"href":"https:\/\/www.iemj.org\/de\/wp-json\/wp\/v2\/users\/1048"}],"replies":[{"embeddable":true,"href":"https:\/\/www.iemj.org\/de\/wp-json\/wp\/v2\/comments?post=75451"}],"version-history":[{"count":0,"href":"https:\/\/www.iemj.org\/de\/wp-json\/wp\/v2\/posts\/75451\/revisions"}],"wp:featuredmedia":[{"embeddable":true,"href":"https:\/\/www.iemj.org\/de\/wp-json\/wp\/v2\/media\/75452"}],"wp:attachment":[{"href":"https:\/\/www.iemj.org\/de\/wp-json\/wp\/v2\/media?parent=75451"}],"wp:term":[{"taxonomy":"category","embeddable":true,"href":"https:\/\/www.iemj.org\/de\/wp-json\/wp\/v2\/categories?post=75451"},{"taxonomy":"post_tag","embeddable":true,"href":"https:\/\/www.iemj.org\/de\/wp-json\/wp\/v2\/tags?post=75451"},{"taxonomy":"technique","embeddable":true,"href":"https:\/\/www.iemj.org\/de\/wp-json\/wp\/v2\/technique?post=75451"},{"taxonomy":"squelettes","embeddable":true,"href":"https:\/\/www.iemj.org\/de\/wp-json\/wp\/v2\/squelettes?post=75451"},{"taxonomy":"sujet","embeddable":true,"href":"https:\/\/www.iemj.org\/de\/wp-json\/wp\/v2\/sujet?post=75451"},{"taxonomy":"formation","embeddable":true,"href":"https:\/\/www.iemj.org\/de\/wp-json\/wp\/v2\/formation?post=75451"},{"taxonomy":"genre","embeddable":true,"href":"https:\/\/www.iemj.org\/de\/wp-json\/wp\/v2\/genre?post=75451"},{"taxonomy":"fonds","embeddable":true,"href":"https:\/\/www.iemj.org\/de\/wp-json\/wp\/v2\/fonds?post=75451"},{"taxonomy":"tradition","embeddable":true,"href":"https:\/\/www.iemj.org\/de\/wp-json\/wp\/v2\/tradition?post=75451"},{"taxonomy":"type-de-contenu","embeddable":true,"href":"https:\/\/www.iemj.org\/de\/wp-json\/wp\/v2\/type-de-contenu?post=75451"},{"taxonomy":"interprete-compositeur","embeddable":true,"href":"https:\/\/www.iemj.org\/de\/wp-json\/wp\/v2\/interprete-compositeur?post=75451"},{"taxonomy":"frise","embeddable":true,"href":"https:\/\/www.iemj.org\/de\/wp-json\/wp\/v2\/frise?post=75451"},{"taxonomy":"type-devenement","embeddable":true,"href":"https:\/\/www.iemj.org\/de\/wp-json\/wp\/v2\/type-devenement?post=75451"},{"taxonomy":"tableaux-liens-externes","embeddable":true,"href":"https:\/\/www.iemj.org\/de\/wp-json\/wp\/v2\/tableaux-liens-externes?post=75451"}],"curies":[{"name":"wp","href":"https:\/\/api.w.org\/{rel}","templated":true}]}}