{"id":75570,"date":"2021-12-29T15:52:24","date_gmt":"2021-12-29T14:52:24","guid":{"rendered":"https:\/\/www.iemj.org\/engel-joel-1868-1927\/"},"modified":"2022-09-01T12:26:13","modified_gmt":"2022-09-01T10:26:13","slug":"engel-joel-1868-1927","status":"publish","type":"post","link":"https:\/\/www.iemj.org\/de\/engel-joel-1868-1927\/","title":{"rendered":"ENGEL, JOEL (1868-1927)"},"content":{"rendered":"<p>Der Komponist, Folklorist und Musikwissenschaftler Joel Engel wurde 1868 in Berdiansk (Krim) geboren. Nach einem Jurastudium und auf Anraten von Tschaikowsky schrieb er sich am Moskauer Konservatorium ein, wo er bei dem Komponisten Sergei Tanejew studierte. Nach seinem Abschluss bot ihm die liberale Moskauer Zeitung Russkije Wedomosti eine Stelle als Musikkritiker und Herausgeber an, die er bis 1918 innehatte.<\/p>\n<p>Inspiriert von der aufkommenden j\u00fcdischen Nationalbewegung und der Ethnografie begann Engel bereits 1898 mit dem Sammeln jiddischer Volkslieder. In den Jahren 1900 und 1901 organisierte er zusammen mit Saul Ginzburg und Pesakh Marek, zwei Historikern, die sich auf das Studium der Folklore spezialisiert hatten, Vortr\u00e4ge und Konzerte in Moskau und St. Petersburg. Er galt als der f\u00fchrende Experte f\u00fcr j\u00fcdische Musik im Russischen Reich, eine Position, die ihn zusammen mit seinem leidenschaftlichen Temperament manchmal zu Polemiken veranlasste, insbesondere mit Scholem Alejchem und dem Autor jiddischer Volkslieder Mark Warschawskyj \u00fcber die Authentizit\u00e4t der von letzterem ver\u00f6ffentlichten Kompositionen.<\/p>\n<p>1905 war Engel <span style=\"font-size: revert; color: var(--bs-body-color); font-family: var(--bs-body-font-family); font-weight: var(--bs-body-font-weight); text-align: var(--bs-body-text-align); background-color: var(--bs-body-bg);\">an der Demokratisierung der Musik beteiligt, indem er in Moskau eine Musikschule mitbegr\u00fcndete, die f\u00fcr alle offen war. Er spielte auch eine f\u00fchrende Rolle bei der Gr\u00fcndung der Gesellschaft f\u00fcr j\u00fcdische Volksmusik (<\/span><em style=\"font-size: revert; color: var(--bs-body-color); font-family: var(--bs-body-font-family); font-weight: var(--bs-body-font-weight); text-align: var(--bs-body-text-align); background-color: var(--bs-body-bg);\">Gezelshaft far Yidisher Folks-Muzik<\/em><span style=\"font-size: revert; color: var(--bs-body-color); font-family: var(--bs-body-font-family); font-weight: var(--bs-body-font-weight); text-align: var(--bs-body-text-align); background-color: var(--bs-body-bg);\">) in St. Petersburg im Jahr 1908. <img fetchpriority=\"high\" decoding=\"async\" class=\"wp-image-75528 alignright\" src=\"https:\/\/www.iemj.org\/wp-content\/uploads\/2021\/12\/Engel_with_phonograph-300x201.jpg\" alt=\"\" width=\"304\" height=\"203\" srcset=\"https:\/\/www.iemj.org\/wp-content\/uploads\/2021\/12\/Engel_with_phonograph-300x201.jpg 300w, https:\/\/www.iemj.org\/wp-content\/uploads\/2021\/12\/Engel_with_phonograph.jpg 330w\" sizes=\"(max-width: 304px) 100vw, 304px\" \/>Dort lie\u00df er seine von der Volksmusik inspirierten\u00a0Werke auff\u00fchren und ver\u00f6ffentlichen und gr\u00fcndete 1913 eine Moskauer Sektion. Zwischen 1912 und 1914 nahm er aktiv an der von Salomon An-Ski geleiteten ethnografischen Expedition in das Wohngebiet teil, in dem die Mehrheit der russischen Juden lebte. Dort sammelte er Hunderte von j\u00fcdischen Liedern und nahm sie mithilfe des von Thomas Edison erfundenen Phonographen auf Wachszylinder auf.<\/span><\/p>\n<p>Engel, der sich sehr f\u00fcr die Schaffung einer nationalen j\u00fcdischen Musik einsetzte, gab mehrere Sammlungen von Volksliedern und etwa 150 Originalkompositionen von ihm-selbst und anderen russisch-j\u00fcdischen Komponisten heraus. \u00dcber die j\u00fcdische Musik hinaus interessierte er sich f\u00fcr die russische und europ\u00e4ische Musik, der er Vortr\u00e4ge und Nachschlagewerke widmete, die vor allem auf Deutsch ver\u00f6ffentlicht wurden.<\/p>\n<p>1922 verlie\u00df Engel die Sowjetunion und ging nach Berlin. Dort gr\u00fcndete er den Musikverlag Yuval, der die von der Gesellschaft f\u00fcr j\u00fcdische Volksmusik ver\u00f6ffentlichten Werke sowie neue Sch\u00f6pfungen russisch-j\u00fcdischer Komponisten wiederver\u00f6ffentlichte. 1924 wanderte er nach Tel Aviv aus und unterrichtete dort an der Shulamit-Musikschule. Dar\u00fcber hinaus komponierte er f\u00fcr das Ohel-Theater, leitete mehrere Ch\u00f6re und hielt Vortr\u00e4ge. In seinen letzten Lebensjahren komponierte er Werke, die von der zionistischen Musikkultur der j\u00fcdischen Gemeinden in Pal\u00e4stina inspiriert waren.<\/p>\n<p>Nach seinem Tod im Jahr 1927 schenkte seine Frau seine Manuskripte den Archiven in Kiew und Moskau. Eine Ehrung wird ihm auch von der Stadt Tel Aviv zuteil, die alle drei Jahre den Engel-Preis an zeitgen\u00f6ssische israelische Komponisten verleiht. Als Komponist ist Engel vor allem f\u00fcr seine Vokalarrangements moderner hebr\u00e4ischer Poesie und jiddischer Lieder sowie f\u00fcr seine B\u00fchnenmusik zu S. An-skis St\u00fcck <em>Der Dibbuk<\/em> bekannt, das in Moskau von der Theatergruppe des Habima-Theaters uraufgef\u00fchrt wurde.<\/p>\n\n\n<div class=\"wp-block-columns is-layout-flex wp-container-core-columns-is-layout-9d6595d7 wp-block-columns-is-layout-flex\">\n<div class=\"wp-block-column is-layout-flow wp-block-column-is-layout-flow\"><div class=\"wp-block-image\">\n<figure class=\"alignleft size-full\"><img decoding=\"async\" width=\"200\" height=\"224\" src=\"https:\/\/www.iemj.org\/wp-content\/uploads\/2021\/12\/Joel-Engel-et-Shalom-An-Ski.jpg\" alt=\"\" class=\"wp-image-75538\"\/><figcaption>Joel Engel &amp; Salomon An-Ski<\/figcaption><\/figure>\n<\/div>\n\n\n<p><\/p>\n<\/div>\n\n\n\n<div class=\"wp-block-column is-layout-flow wp-block-column-is-layout-flow\"><div class=\"wp-block-image\">\n<figure class=\"alignright size-full is-resized\"><img decoding=\"async\" src=\"https:\/\/www.iemj.org\/wp-content\/uploads\/2021\/12\/Le-dibbouk_Sh-Anski-1.jpg\" alt=\"\" class=\"wp-image-75548\" width=\"313\" height=\"223\"\/><figcaption> The Dibbuk <\/figcaption><\/figure>\n<\/div>\n\n\n<p><\/p>\n\n\n\n<p><\/p>\n<\/div>\n<\/div>\n\n\n\n<p>Quellen:<\/p>\n\n\n\n<ul class=\"wp-block-list\"><li>Loeffler, James. &#8222;<a href=\"https:\/\/yivoencyclopedia.org\/article.aspx\/Engel_Yoel\" target=\"_blank\" rel=\"noreferrer noopener\">Engel, Yo\u2019el<\/a>.&#8220; YIVO Encyclopedia of Jews in Eastern Europe 5 August 2010. 28 September 2021<\/li><li>Kimann Douglas, &#8222;<a href=\"https:\/\/lesterresduklezmer.wordpress.com\/2014\/09\/21\/joel-engel-1868-1927\/\" target=\"_blank\" rel=\"noreferrer noopener\">Joel Engel (1868-1927<\/a>)&#8220;, Les terres du klezmer, 21 septembre 2014<\/li><\/ul>\n\n\n<p><a href=\"http:\/\/www.rachelnet.net\/F\/?func=find-c&amp;ccl_term=WRD+%3D+Engel+AND+WRD+%3D+Joel&amp;local_base=iemcg\" target=\"_blank\" rel=\"noopener\"><strong>Greifen Sie auf die Joel Engel Archive zu<\/strong><\/a><\/p>\n\n\n<figure class=\"wp-block-embed is-type-video is-provider-youtube wp-block-embed-youtube wp-embed-aspect-16-9 wp-has-aspect-ratio\"><div class=\"wp-block-embed__wrapper\">\n<iframe title=\"Joel Engel: Freilakhs Op. 20 No. 2\" width=\"640\" height=\"360\" src=\"https:\/\/www.youtube.com\/embed\/cVsrwmczCjI?feature=oembed\" frameborder=\"0\" allow=\"accelerometer; autoplay; clipboard-write; encrypted-media; gyroscope; picture-in-picture; web-share\" referrerpolicy=\"strict-origin-when-cross-origin\" allowfullscreen><\/iframe>\n<\/div><\/figure>\n\n\n\n<figure class=\"wp-block-embed is-type-video is-provider-youtube wp-block-embed-youtube wp-embed-aspect-16-9 wp-has-aspect-ratio\"><div class=\"wp-block-embed__wrapper\">\n<iframe title=\"Freylekhs Op. 21 by Joel Engel\" width=\"640\" height=\"360\" src=\"https:\/\/www.youtube.com\/embed\/T84qgiGFexk?feature=oembed\" frameborder=\"0\" allow=\"accelerometer; autoplay; clipboard-write; encrypted-media; gyroscope; picture-in-picture; web-share\" referrerpolicy=\"strict-origin-when-cross-origin\" allowfullscreen><\/iframe>\n<\/div><\/figure>\n\n\n\n<figure class=\"wp-block-embed is-type-video is-provider-youtube wp-block-embed-youtube wp-embed-aspect-16-9 wp-has-aspect-ratio\"><div class=\"wp-block-embed__wrapper\">\n<iframe title=\"Joel Engel: Jewish Folksongs Volume III performed by Thomas Kotcheff\" width=\"640\" height=\"360\" src=\"https:\/\/www.youtube.com\/embed\/rMjf5fLb_j0?feature=oembed\" frameborder=\"0\" allow=\"accelerometer; autoplay; clipboard-write; encrypted-media; gyroscope; picture-in-picture; web-share\" referrerpolicy=\"strict-origin-when-cross-origin\" allowfullscreen><\/iframe>\n<\/div><\/figure>\n","protected":false},"excerpt":{"rendered":"<p>Der Komponist, Folklorist und Musikwissenschaftler Joel Engel wurde 1868 in Berdiansk (Krim) geboren. Nach einem Jurastudium und auf Anraten von Tschaikowsky schrieb er sich am Moskauer Konservatorium ein, wo er<\/p>\n","protected":false},"author":1045,"featured_media":75577,"comment_status":"closed","ping_status":"closed","sticky":false,"template":"","format":"standard","meta":{"_acf_changed":false,"footnotes":""},"categories":[1415],"tags":[],"technique":[],"squelettes":[],"sujet":[],"formation":[],"genre":[],"fonds":[],"tradition":[],"type-de-contenu":[],"interprete-compositeur":[],"frise":[],"type-devenement":[],"tableaux-liens-externes":[],"class_list":["post-75570","post","type-post","status-publish","format-standard","has-post-thumbnail","hentry","category-biografien-de"],"acf":[],"yoast_head":"<!-- This site is optimized with the Yoast SEO plugin v27.3 - https:\/\/yoast.com\/product\/yoast-seo-wordpress\/ -->\n<title>ENGEL, JOEL (1868-1927) - Institut Europ\u00e9en des Musiques Juives<\/title>\n<meta name=\"robots\" content=\"index, follow, max-snippet:-1, max-image-preview:large, max-video-preview:-1\" \/>\n<link rel=\"canonical\" href=\"https:\/\/www.iemj.org\/de\/engel-joel-1868-1927\/\" \/>\n<meta property=\"og:locale\" content=\"de_DE\" \/>\n<meta property=\"og:type\" content=\"article\" \/>\n<meta property=\"og:title\" content=\"ENGEL, JOEL (1868-1927) - Institut Europ\u00e9en des Musiques Juives\" \/>\n<meta property=\"og:description\" content=\"Der Komponist, Folklorist und Musikwissenschaftler Joel Engel wurde 1868 in Berdiansk (Krim) geboren. Nach einem Jurastudium und auf Anraten von Tschaikowsky schrieb er sich am Moskauer Konservatorium ein, wo er\" \/>\n<meta property=\"og:url\" content=\"https:\/\/www.iemj.org\/de\/engel-joel-1868-1927\/\" \/>\n<meta property=\"og:site_name\" content=\"Institut Europ\u00e9en des Musiques Juives\" \/>\n<meta property=\"article:publisher\" content=\"https:\/\/www.facebook.com\/MusiquesJuives\/\" \/>\n<meta property=\"article:published_time\" content=\"2021-12-29T14:52:24+00:00\" \/>\n<meta property=\"article:modified_time\" content=\"2022-09-01T10:26:13+00:00\" \/>\n<meta property=\"og:image\" content=\"https:\/\/www.iemj.org\/wp-content\/uploads\/2021\/12\/Joel_Engel-vers-1924-1-e1640789111824.jpg\" \/>\n\t<meta property=\"og:image:width\" content=\"148\" \/>\n\t<meta property=\"og:image:height\" content=\"218\" \/>\n\t<meta property=\"og:image:type\" content=\"image\/jpeg\" \/>\n<meta name=\"author\" content=\"Herv\u00e9 Roten\" \/>\n<meta name=\"twitter:card\" content=\"summary_large_image\" \/>\n<meta name=\"twitter:label1\" content=\"Verfasst von\" \/>\n\t<meta name=\"twitter:data1\" content=\"Herv\u00e9 Roten\" \/>\n\t<meta name=\"twitter:label2\" content=\"Gesch\u00e4tzte Lesezeit\" \/>\n\t<meta name=\"twitter:data2\" content=\"4\u00a0Minuten\" \/>\n<script type=\"application\/ld+json\" class=\"yoast-schema-graph\">{\"@context\":\"https:\\\/\\\/schema.org\",\"@graph\":[{\"@type\":\"Article\",\"@id\":\"https:\\\/\\\/www.iemj.org\\\/de\\\/engel-joel-1868-1927\\\/#article\",\"isPartOf\":{\"@id\":\"https:\\\/\\\/www.iemj.org\\\/de\\\/engel-joel-1868-1927\\\/\"},\"author\":{\"name\":\"Herv\u00e9 Roten\",\"@id\":\"https:\\\/\\\/www.iemj.org\\\/de\\\/#\\\/schema\\\/person\\\/906134402c29d5c76e7b726261dd4bbd\"},\"headline\":\"ENGEL, JOEL (1868-1927)\",\"datePublished\":\"2021-12-29T14:52:24+00:00\",\"dateModified\":\"2022-09-01T10:26:13+00:00\",\"mainEntityOfPage\":{\"@id\":\"https:\\\/\\\/www.iemj.org\\\/de\\\/engel-joel-1868-1927\\\/\"},\"wordCount\":560,\"publisher\":{\"@id\":\"https:\\\/\\\/www.iemj.org\\\/de\\\/#organization\"},\"image\":{\"@id\":\"https:\\\/\\\/www.iemj.org\\\/de\\\/engel-joel-1868-1927\\\/#primaryimage\"},\"thumbnailUrl\":\"https:\\\/\\\/www.iemj.org\\\/wp-content\\\/uploads\\\/2021\\\/12\\\/Joel_Engel-vers-1924-1-e1640789111824.jpg\",\"articleSection\":[\"Biografien\"],\"inLanguage\":\"de\"},{\"@type\":\"WebPage\",\"@id\":\"https:\\\/\\\/www.iemj.org\\\/de\\\/engel-joel-1868-1927\\\/\",\"url\":\"https:\\\/\\\/www.iemj.org\\\/de\\\/engel-joel-1868-1927\\\/\",\"name\":\"ENGEL, JOEL (1868-1927) - Institut Europ\u00e9en des Musiques Juives\",\"isPartOf\":{\"@id\":\"https:\\\/\\\/www.iemj.org\\\/de\\\/#website\"},\"primaryImageOfPage\":{\"@id\":\"https:\\\/\\\/www.iemj.org\\\/de\\\/engel-joel-1868-1927\\\/#primaryimage\"},\"image\":{\"@id\":\"https:\\\/\\\/www.iemj.org\\\/de\\\/engel-joel-1868-1927\\\/#primaryimage\"},\"thumbnailUrl\":\"https:\\\/\\\/www.iemj.org\\\/wp-content\\\/uploads\\\/2021\\\/12\\\/Joel_Engel-vers-1924-1-e1640789111824.jpg\",\"datePublished\":\"2021-12-29T14:52:24+00:00\",\"dateModified\":\"2022-09-01T10:26:13+00:00\",\"breadcrumb\":{\"@id\":\"https:\\\/\\\/www.iemj.org\\\/de\\\/engel-joel-1868-1927\\\/#breadcrumb\"},\"inLanguage\":\"de\",\"potentialAction\":[{\"@type\":\"ReadAction\",\"target\":[\"https:\\\/\\\/www.iemj.org\\\/de\\\/engel-joel-1868-1927\\\/\"]}]},{\"@type\":\"ImageObject\",\"inLanguage\":\"de\",\"@id\":\"https:\\\/\\\/www.iemj.org\\\/de\\\/engel-joel-1868-1927\\\/#primaryimage\",\"url\":\"https:\\\/\\\/www.iemj.org\\\/wp-content\\\/uploads\\\/2021\\\/12\\\/Joel_Engel-vers-1924-1-e1640789111824.jpg\",\"contentUrl\":\"https:\\\/\\\/www.iemj.org\\\/wp-content\\\/uploads\\\/2021\\\/12\\\/Joel_Engel-vers-1924-1-e1640789111824.jpg\",\"width\":148,\"height\":218},{\"@type\":\"BreadcrumbList\",\"@id\":\"https:\\\/\\\/www.iemj.org\\\/de\\\/engel-joel-1868-1927\\\/#breadcrumb\",\"itemListElement\":[{\"@type\":\"ListItem\",\"position\":1,\"name\":\"Accueil\",\"item\":\"https:\\\/\\\/www.iemj.org\\\/de\\\/\"},{\"@type\":\"ListItem\",\"position\":2,\"name\":\"ENGEL, JOEL (1868-1927)\"}]},{\"@type\":\"WebSite\",\"@id\":\"https:\\\/\\\/www.iemj.org\\\/de\\\/#website\",\"url\":\"https:\\\/\\\/www.iemj.org\\\/de\\\/\",\"name\":\"Institut Europ\u00e9en des Musiques Juives\",\"description\":\"Des traditions musicales \u00e0 la port\u00e9e de tous\",\"publisher\":{\"@id\":\"https:\\\/\\\/www.iemj.org\\\/de\\\/#organization\"},\"potentialAction\":[{\"@type\":\"SearchAction\",\"target\":{\"@type\":\"EntryPoint\",\"urlTemplate\":\"https:\\\/\\\/www.iemj.org\\\/de\\\/?s={search_term_string}\"},\"query-input\":{\"@type\":\"PropertyValueSpecification\",\"valueRequired\":true,\"valueName\":\"search_term_string\"}}],\"inLanguage\":\"de\"},{\"@type\":\"Organization\",\"@id\":\"https:\\\/\\\/www.iemj.org\\\/de\\\/#organization\",\"name\":\"Institut Europ\u00e9en des Musiques Juives\",\"url\":\"https:\\\/\\\/www.iemj.org\\\/de\\\/\",\"logo\":{\"@type\":\"ImageObject\",\"inLanguage\":\"de\",\"@id\":\"https:\\\/\\\/www.iemj.org\\\/de\\\/#\\\/schema\\\/logo\\\/image\\\/\",\"url\":\"https:\\\/\\\/www.iemj.org\\\/wp-content\\\/uploads\\\/2021\\\/09\\\/Logo-IEMJ-Paypal.jpg\",\"contentUrl\":\"https:\\\/\\\/www.iemj.org\\\/wp-content\\\/uploads\\\/2021\\\/09\\\/Logo-IEMJ-Paypal.jpg\",\"width\":150,\"height\":50,\"caption\":\"Institut Europ\u00e9en des Musiques Juives\"},\"image\":{\"@id\":\"https:\\\/\\\/www.iemj.org\\\/de\\\/#\\\/schema\\\/logo\\\/image\\\/\"},\"sameAs\":[\"https:\\\/\\\/www.facebook.com\\\/MusiquesJuives\\\/\",\"https:\\\/\\\/www.instagram.com\\\/musiquesjuives\\\/\",\"https:\\\/\\\/www.youtube.com\\\/user\\\/musiquesjuives\"]},{\"@type\":\"Person\",\"@id\":\"https:\\\/\\\/www.iemj.org\\\/de\\\/#\\\/schema\\\/person\\\/906134402c29d5c76e7b726261dd4bbd\",\"name\":\"Herv\u00e9 Roten\",\"image\":{\"@type\":\"ImageObject\",\"inLanguage\":\"de\",\"@id\":\"https:\\\/\\\/secure.gravatar.com\\\/avatar\\\/f96ad2db538a26481f18384936b5cd0610c92d390c4dc382209216d455f685ff?s=96&d=mm&r=g\",\"url\":\"https:\\\/\\\/secure.gravatar.com\\\/avatar\\\/f96ad2db538a26481f18384936b5cd0610c92d390c4dc382209216d455f685ff?s=96&d=mm&r=g\",\"contentUrl\":\"https:\\\/\\\/secure.gravatar.com\\\/avatar\\\/f96ad2db538a26481f18384936b5cd0610c92d390c4dc382209216d455f685ff?s=96&d=mm&r=g\",\"caption\":\"Herv\u00e9 Roten\"}}]}<\/script>\n<!-- \/ Yoast SEO plugin. -->","yoast_head_json":{"title":"ENGEL, JOEL (1868-1927) - Institut Europ\u00e9en des Musiques Juives","robots":{"index":"index","follow":"follow","max-snippet":"max-snippet:-1","max-image-preview":"max-image-preview:large","max-video-preview":"max-video-preview:-1"},"canonical":"https:\/\/www.iemj.org\/de\/engel-joel-1868-1927\/","og_locale":"de_DE","og_type":"article","og_title":"ENGEL, JOEL (1868-1927) - Institut Europ\u00e9en des Musiques Juives","og_description":"Der Komponist, Folklorist und Musikwissenschaftler Joel Engel wurde 1868 in Berdiansk (Krim) geboren. Nach einem Jurastudium und auf Anraten von Tschaikowsky schrieb er sich am Moskauer Konservatorium ein, wo er","og_url":"https:\/\/www.iemj.org\/de\/engel-joel-1868-1927\/","og_site_name":"Institut Europ\u00e9en des Musiques Juives","article_publisher":"https:\/\/www.facebook.com\/MusiquesJuives\/","article_published_time":"2021-12-29T14:52:24+00:00","article_modified_time":"2022-09-01T10:26:13+00:00","og_image":[{"width":148,"height":218,"url":"https:\/\/www.iemj.org\/wp-content\/uploads\/2021\/12\/Joel_Engel-vers-1924-1-e1640789111824.jpg","type":"image\/jpeg"}],"author":"Herv\u00e9 Roten","twitter_card":"summary_large_image","twitter_misc":{"Verfasst von":"Herv\u00e9 Roten","Gesch\u00e4tzte Lesezeit":"4\u00a0Minuten"},"schema":{"@context":"https:\/\/schema.org","@graph":[{"@type":"Article","@id":"https:\/\/www.iemj.org\/de\/engel-joel-1868-1927\/#article","isPartOf":{"@id":"https:\/\/www.iemj.org\/de\/engel-joel-1868-1927\/"},"author":{"name":"Herv\u00e9 Roten","@id":"https:\/\/www.iemj.org\/de\/#\/schema\/person\/906134402c29d5c76e7b726261dd4bbd"},"headline":"ENGEL, JOEL (1868-1927)","datePublished":"2021-12-29T14:52:24+00:00","dateModified":"2022-09-01T10:26:13+00:00","mainEntityOfPage":{"@id":"https:\/\/www.iemj.org\/de\/engel-joel-1868-1927\/"},"wordCount":560,"publisher":{"@id":"https:\/\/www.iemj.org\/de\/#organization"},"image":{"@id":"https:\/\/www.iemj.org\/de\/engel-joel-1868-1927\/#primaryimage"},"thumbnailUrl":"https:\/\/www.iemj.org\/wp-content\/uploads\/2021\/12\/Joel_Engel-vers-1924-1-e1640789111824.jpg","articleSection":["Biografien"],"inLanguage":"de"},{"@type":"WebPage","@id":"https:\/\/www.iemj.org\/de\/engel-joel-1868-1927\/","url":"https:\/\/www.iemj.org\/de\/engel-joel-1868-1927\/","name":"ENGEL, JOEL (1868-1927) - Institut Europ\u00e9en des Musiques Juives","isPartOf":{"@id":"https:\/\/www.iemj.org\/de\/#website"},"primaryImageOfPage":{"@id":"https:\/\/www.iemj.org\/de\/engel-joel-1868-1927\/#primaryimage"},"image":{"@id":"https:\/\/www.iemj.org\/de\/engel-joel-1868-1927\/#primaryimage"},"thumbnailUrl":"https:\/\/www.iemj.org\/wp-content\/uploads\/2021\/12\/Joel_Engel-vers-1924-1-e1640789111824.jpg","datePublished":"2021-12-29T14:52:24+00:00","dateModified":"2022-09-01T10:26:13+00:00","breadcrumb":{"@id":"https:\/\/www.iemj.org\/de\/engel-joel-1868-1927\/#breadcrumb"},"inLanguage":"de","potentialAction":[{"@type":"ReadAction","target":["https:\/\/www.iemj.org\/de\/engel-joel-1868-1927\/"]}]},{"@type":"ImageObject","inLanguage":"de","@id":"https:\/\/www.iemj.org\/de\/engel-joel-1868-1927\/#primaryimage","url":"https:\/\/www.iemj.org\/wp-content\/uploads\/2021\/12\/Joel_Engel-vers-1924-1-e1640789111824.jpg","contentUrl":"https:\/\/www.iemj.org\/wp-content\/uploads\/2021\/12\/Joel_Engel-vers-1924-1-e1640789111824.jpg","width":148,"height":218},{"@type":"BreadcrumbList","@id":"https:\/\/www.iemj.org\/de\/engel-joel-1868-1927\/#breadcrumb","itemListElement":[{"@type":"ListItem","position":1,"name":"Accueil","item":"https:\/\/www.iemj.org\/de\/"},{"@type":"ListItem","position":2,"name":"ENGEL, JOEL (1868-1927)"}]},{"@type":"WebSite","@id":"https:\/\/www.iemj.org\/de\/#website","url":"https:\/\/www.iemj.org\/de\/","name":"Institut Europ\u00e9en des Musiques Juives","description":"Des traditions musicales \u00e0 la port\u00e9e de tous","publisher":{"@id":"https:\/\/www.iemj.org\/de\/#organization"},"potentialAction":[{"@type":"SearchAction","target":{"@type":"EntryPoint","urlTemplate":"https:\/\/www.iemj.org\/de\/?s={search_term_string}"},"query-input":{"@type":"PropertyValueSpecification","valueRequired":true,"valueName":"search_term_string"}}],"inLanguage":"de"},{"@type":"Organization","@id":"https:\/\/www.iemj.org\/de\/#organization","name":"Institut Europ\u00e9en des Musiques Juives","url":"https:\/\/www.iemj.org\/de\/","logo":{"@type":"ImageObject","inLanguage":"de","@id":"https:\/\/www.iemj.org\/de\/#\/schema\/logo\/image\/","url":"https:\/\/www.iemj.org\/wp-content\/uploads\/2021\/09\/Logo-IEMJ-Paypal.jpg","contentUrl":"https:\/\/www.iemj.org\/wp-content\/uploads\/2021\/09\/Logo-IEMJ-Paypal.jpg","width":150,"height":50,"caption":"Institut Europ\u00e9en des Musiques Juives"},"image":{"@id":"https:\/\/www.iemj.org\/de\/#\/schema\/logo\/image\/"},"sameAs":["https:\/\/www.facebook.com\/MusiquesJuives\/","https:\/\/www.instagram.com\/musiquesjuives\/","https:\/\/www.youtube.com\/user\/musiquesjuives"]},{"@type":"Person","@id":"https:\/\/www.iemj.org\/de\/#\/schema\/person\/906134402c29d5c76e7b726261dd4bbd","name":"Herv\u00e9 Roten","image":{"@type":"ImageObject","inLanguage":"de","@id":"https:\/\/secure.gravatar.com\/avatar\/f96ad2db538a26481f18384936b5cd0610c92d390c4dc382209216d455f685ff?s=96&d=mm&r=g","url":"https:\/\/secure.gravatar.com\/avatar\/f96ad2db538a26481f18384936b5cd0610c92d390c4dc382209216d455f685ff?s=96&d=mm&r=g","contentUrl":"https:\/\/secure.gravatar.com\/avatar\/f96ad2db538a26481f18384936b5cd0610c92d390c4dc382209216d455f685ff?s=96&d=mm&r=g","caption":"Herv\u00e9 Roten"}}]}},"_links":{"self":[{"href":"https:\/\/www.iemj.org\/de\/wp-json\/wp\/v2\/posts\/75570","targetHints":{"allow":["GET"]}}],"collection":[{"href":"https:\/\/www.iemj.org\/de\/wp-json\/wp\/v2\/posts"}],"about":[{"href":"https:\/\/www.iemj.org\/de\/wp-json\/wp\/v2\/types\/post"}],"author":[{"embeddable":true,"href":"https:\/\/www.iemj.org\/de\/wp-json\/wp\/v2\/users\/1045"}],"replies":[{"embeddable":true,"href":"https:\/\/www.iemj.org\/de\/wp-json\/wp\/v2\/comments?post=75570"}],"version-history":[{"count":0,"href":"https:\/\/www.iemj.org\/de\/wp-json\/wp\/v2\/posts\/75570\/revisions"}],"wp:featuredmedia":[{"embeddable":true,"href":"https:\/\/www.iemj.org\/de\/wp-json\/wp\/v2\/media\/75577"}],"wp:attachment":[{"href":"https:\/\/www.iemj.org\/de\/wp-json\/wp\/v2\/media?parent=75570"}],"wp:term":[{"taxonomy":"category","embeddable":true,"href":"https:\/\/www.iemj.org\/de\/wp-json\/wp\/v2\/categories?post=75570"},{"taxonomy":"post_tag","embeddable":true,"href":"https:\/\/www.iemj.org\/de\/wp-json\/wp\/v2\/tags?post=75570"},{"taxonomy":"technique","embeddable":true,"href":"https:\/\/www.iemj.org\/de\/wp-json\/wp\/v2\/technique?post=75570"},{"taxonomy":"squelettes","embeddable":true,"href":"https:\/\/www.iemj.org\/de\/wp-json\/wp\/v2\/squelettes?post=75570"},{"taxonomy":"sujet","embeddable":true,"href":"https:\/\/www.iemj.org\/de\/wp-json\/wp\/v2\/sujet?post=75570"},{"taxonomy":"formation","embeddable":true,"href":"https:\/\/www.iemj.org\/de\/wp-json\/wp\/v2\/formation?post=75570"},{"taxonomy":"genre","embeddable":true,"href":"https:\/\/www.iemj.org\/de\/wp-json\/wp\/v2\/genre?post=75570"},{"taxonomy":"fonds","embeddable":true,"href":"https:\/\/www.iemj.org\/de\/wp-json\/wp\/v2\/fonds?post=75570"},{"taxonomy":"tradition","embeddable":true,"href":"https:\/\/www.iemj.org\/de\/wp-json\/wp\/v2\/tradition?post=75570"},{"taxonomy":"type-de-contenu","embeddable":true,"href":"https:\/\/www.iemj.org\/de\/wp-json\/wp\/v2\/type-de-contenu?post=75570"},{"taxonomy":"interprete-compositeur","embeddable":true,"href":"https:\/\/www.iemj.org\/de\/wp-json\/wp\/v2\/interprete-compositeur?post=75570"},{"taxonomy":"frise","embeddable":true,"href":"https:\/\/www.iemj.org\/de\/wp-json\/wp\/v2\/frise?post=75570"},{"taxonomy":"type-devenement","embeddable":true,"href":"https:\/\/www.iemj.org\/de\/wp-json\/wp\/v2\/type-devenement?post=75570"},{"taxonomy":"tableaux-liens-externes","embeddable":true,"href":"https:\/\/www.iemj.org\/de\/wp-json\/wp\/v2\/tableaux-liens-externes?post=75570"}],"curies":[{"name":"wp","href":"https:\/\/api.w.org\/{rel}","templated":true}]}}