{"id":75689,"date":"2017-11-28T12:33:05","date_gmt":"2017-11-28T11:33:05","guid":{"rendered":"https:\/\/www.iemj.org\/giorgio-e-gino-canti-di-memoria-e-di-speranza-2\/"},"modified":"2025-04-16T16:14:59","modified_gmt":"2025-04-16T14:14:59","slug":"giorgio-e-gino-canti-di-memoria-e-di-speranza-2","status":"publish","type":"post","link":"https:\/\/www.iemj.org\/de\/giorgio-e-gino-canti-di-memoria-e-di-speranza-2\/","title":{"rendered":"Giorgio e Gino, Canti di memoria e di speranza"},"content":{"rendered":"<p><em>Giorgio e Gino, Canti di memoria e di Speranza (<\/em>Lieder der Erinnerung und Hoffnung) ist ein Album von Piero Nissim mit Liedern des Widerstands und des Gedenkens an die Shoah. Die auf dieser CD enthaltenen Lieder, sind gr\u00f6\u00dftenteils auf Italienisch, wurden von anderen Komponisten geschrieben, arrangiert und gesungen wurden sie jedoch allesamt von <strong>Piero Nissim<\/strong>. Es finden sich auf der CD, Lieder wie <em>Zog nit keyn mol, Canzone degli ebrei nel campo di comcentramento, Hatvika, La speranza <\/em>oder <em>Se questo \u00e8 un uomo<\/em>, dessen Text von <strong>Primo Levi<\/strong> geschrieben wurde. <em>Giorgio e Gino<\/em> ist das einzige Lied, welches nur von Piero Nissim geschrieben und komponiert wurde.<\/p>\n<p>Doch wer sind Giorgio und Gino, deren Gesichter das CD-Cover schm\u00fccken? Giorgio ist niemand anderes als der Vater von Piero Nissim. <strong>Giorgio Nissim<\/strong> wurde am 23. M\u00e4rz 1908 geboren, also 100 Jahre vor Erscheinen der CD und war ein italienischer Jude und engagierter Antifaschist. In der Toskana war er in dem Netzwerk DELASEM (\u201eDelegazione par Assistenza degli Emigranti Ebrei\u201c) involviert. Es handelte sich dabei um eine Organisation des j\u00fcdischen Widerstands, welche in Italien zwischen 1939 und 1947 t\u00e4tig war und den Juden dabei half auszuwandern und Inhaftierte und Fl\u00fcchtlinge finanziell unterst\u00fctzte. In Italien wurde das j\u00fcdische Netzwerk (nur bedingt) geduldet, ab dem 8. September 1943 war es dann gezwungen, im Verborgenen zu operieren. Der DELSAM wurde auch von Nicht-Juden und Mitgliedern der katholischen Kirche unterst\u00fctzt, darunter auch der Radrennfahrer <strong>Gino Bartali<\/strong>. Gino Bartali war ein enger Freund von Giogio Nissim, schmuggelte w\u00e4hrend des Zweiten Weltkriegs unter dem Deckmantel von Trainingsfahrten, alle m\u00f6glichen Dokumente und falsche Papiere, welche er im Lenker oder im Sattel seines Fahrrads versteckte. Durch seine T\u00e4tigkeit als heimlicher Kurier konnten rund 800 Juden gerettet werden. Im September 2013 erkannte Yad Vashem (die internationale Holocaust-Gedenkst\u00e4tte), ihn als \u201eGerechten unter den V\u00f6lkern\u201c an.<\/p>\n<p>Piero Nissim (Gesang, Gitarre) wollte diese beiden Pers\u00f6nlichkeiten, begleitet von Davide Casali (Klarinette, E-Bass und Perkussion), Samuele Orlando (Klavier) und Myriam Nissim (Chor), ehren.<\/p>\n<p><a href=\"https:\/\/www.antiwarsongs.org\/canzone.php?lang=it&amp;id=48914\">Erfahren Sie mehr<\/a><\/p>\n\n<div class=\"wp-block-image\">\n<figure class=\"aligncenter size-large\"><img fetchpriority=\"high\" decoding=\"async\" width=\"1024\" height=\"133\" src=\"https:\/\/www.iemj.org\/wp-content\/uploads\/2024\/03\/AUDIO-PLAYER-1024x133.png\" alt=\"\" class=\"wp-image-110606\" srcset=\"https:\/\/www.iemj.org\/wp-content\/uploads\/2024\/03\/AUDIO-PLAYER-1024x133.png 1024w, https:\/\/www.iemj.org\/wp-content\/uploads\/2024\/03\/AUDIO-PLAYER-300x39.png 300w, https:\/\/www.iemj.org\/wp-content\/uploads\/2024\/03\/AUDIO-PLAYER-768x100.png 768w, https:\/\/www.iemj.org\/wp-content\/uploads\/2024\/03\/AUDIO-PLAYER-600x78.png 600w, https:\/\/www.iemj.org\/wp-content\/uploads\/2024\/03\/AUDIO-PLAYER.png 1210w\" sizes=\"(max-width: 1024px) 100vw, 1024px\" \/><\/figure>\n<\/div>\n\n\n<div class=\"wp-block-file\"><a id=\"wp-block-file--media-64e78d1c-3330-40c9-9a9b-48984d8e2952\" href=\"https:\/\/www.iemj.org\/wp-content\/uploads\/2017\/11\/cd_886_01.mp3\">Zog nit keyn mol, Hirsh Glik (extrait)<\/a><\/div>\n\n\n\n<div class=\"wp-block-file\"><a id=\"wp-block-file--media-71e82a91-3f19-446c-acdb-c046683e02f2\" href=\"https:\/\/www.iemj.org\/wp-content\/uploads\/2017\/11\/cd_886_02.mp3\">Giorgio e Gino, Piero Nissim (extrait)<\/a><\/div>\n\n\n\n<div class=\"wp-block-file\"><a id=\"wp-block-file--media-b2edc953-ca99-456b-9ddc-30e0ffd5f4c9\" href=\"https:\/\/www.iemj.org\/wp-content\/uploads\/2017\/11\/cd_886_04.mp3\">Vilne, L. Volfson, A. Olshansky (extrait)<\/a><\/div>\n\n\n\n<div class=\"wp-block-file\"><a id=\"wp-block-file--media-a13d49fd-b278-48d1-ae32-f68266c7a949\" href=\"https:\/\/www.iemj.org\/wp-content\/uploads\/2017\/11\/cd_886_05.mp3\">Se questo \u00e8 un uomo, Primo Levi (extrait)<\/a><\/div>\n\n\n\n<div class=\"wp-block-file\"><a id=\"wp-block-file--media-844ad331-9028-4fd8-927d-b66703d815d3\" href=\"https:\/\/www.iemj.org\/wp-content\/uploads\/2017\/11\/cd_886_08.mp3\">Canzone degli ebrei emigranti, Myriam Plotkin Nissim (extrait)<\/a><\/div>\n\n\n\n<div class=\"wp-block-file\"><a id=\"wp-block-file--media-1fb5f248-dbac-4f7c-b3fa-b660e3c160cd\" href=\"https:\/\/www.iemj.org\/wp-content\/uploads\/2017\/11\/cd_886_10.mp3\">Hatikva. La speranza, Naftali Herz Imber, Samuel Cohen (extrait)<\/a><\/div>\n","protected":false},"excerpt":{"rendered":"<p>Giorgio e Gino, Canti di memoria e di Speranza (Lieder der Erinnerung und Hoffnung) ist ein Album von Piero Nissim mit Liedern des Widerstands und des Gedenkens an die Shoah.<\/p>\n","protected":false},"author":1048,"featured_media":75691,"comment_status":"closed","ping_status":"open","sticky":false,"template":"","format":"standard","meta":{"_acf_changed":false,"footnotes":""},"categories":[1571,1561],"tags":[2090],"technique":[],"squelettes":[],"sujet":[],"formation":[],"genre":[],"fonds":[],"tradition":[],"type-de-contenu":[],"interprete-compositeur":[],"frise":[],"type-devenement":[],"tableaux-liens-externes":[],"class_list":["post-75689","post","type-post","status-publish","format-standard","has-post-thumbnail","hentry","category-cd-de","category-letzte-neuerwerbungen-de","tag-italien-de"],"acf":[],"yoast_head":"<!-- This site is optimized with the Yoast SEO plugin v27.3 - https:\/\/yoast.com\/product\/yoast-seo-wordpress\/ -->\n<title>Giorgio e Gino, Canti di memoria e di speranza - Institut Europ\u00e9en des Musiques Juives<\/title>\n<meta name=\"robots\" content=\"index, follow, max-snippet:-1, max-image-preview:large, max-video-preview:-1\" \/>\n<link rel=\"canonical\" href=\"https:\/\/www.iemj.org\/de\/giorgio-e-gino-canti-di-memoria-e-di-speranza-2\/\" \/>\n<meta property=\"og:locale\" content=\"de_DE\" \/>\n<meta property=\"og:type\" content=\"article\" \/>\n<meta property=\"og:title\" content=\"Giorgio e Gino, Canti di memoria e di speranza - Institut Europ\u00e9en des Musiques Juives\" \/>\n<meta property=\"og:description\" content=\"Giorgio e Gino, Canti di memoria e di Speranza (Lieder der Erinnerung und Hoffnung) ist ein Album von Piero Nissim mit Liedern des Widerstands und des Gedenkens an die Shoah.\" \/>\n<meta property=\"og:url\" content=\"https:\/\/www.iemj.org\/de\/giorgio-e-gino-canti-di-memoria-e-di-speranza-2\/\" \/>\n<meta property=\"og:site_name\" content=\"Institut Europ\u00e9en des Musiques Juives\" \/>\n<meta property=\"article:publisher\" content=\"https:\/\/www.facebook.com\/MusiquesJuives\/\" \/>\n<meta property=\"article:published_time\" content=\"2017-11-28T11:33:05+00:00\" \/>\n<meta property=\"article:modified_time\" content=\"2025-04-16T14:14:59+00:00\" \/>\n<meta property=\"og:image\" content=\"https:\/\/www.iemj.org\/wp-content\/uploads\/2017\/11\/arton2817.jpg\" \/>\n\t<meta property=\"og:image:width\" content=\"400\" \/>\n\t<meta property=\"og:image:height\" content=\"391\" \/>\n\t<meta property=\"og:image:type\" content=\"image\/jpeg\" \/>\n<meta name=\"author\" content=\"Jean-Gabriel Davis\" \/>\n<meta name=\"twitter:card\" content=\"summary_large_image\" \/>\n<meta name=\"twitter:label1\" content=\"Verfasst von\" \/>\n\t<meta name=\"twitter:data1\" content=\"Jean-Gabriel Davis\" \/>\n\t<meta name=\"twitter:label2\" content=\"Gesch\u00e4tzte Lesezeit\" \/>\n\t<meta name=\"twitter:data2\" content=\"3\u00a0Minuten\" \/>\n<script type=\"application\/ld+json\" class=\"yoast-schema-graph\">{\"@context\":\"https:\\\/\\\/schema.org\",\"@graph\":[{\"@type\":\"Article\",\"@id\":\"https:\\\/\\\/www.iemj.org\\\/de\\\/giorgio-e-gino-canti-di-memoria-e-di-speranza-2\\\/#article\",\"isPartOf\":{\"@id\":\"https:\\\/\\\/www.iemj.org\\\/de\\\/giorgio-e-gino-canti-di-memoria-e-di-speranza-2\\\/\"},\"author\":{\"name\":\"Jean-Gabriel Davis\",\"@id\":\"https:\\\/\\\/www.iemj.org\\\/de\\\/#\\\/schema\\\/person\\\/c9bc1c386a3749579a2d675e72a18666\"},\"headline\":\"Giorgio e Gino, Canti di memoria e di speranza\",\"datePublished\":\"2017-11-28T11:33:05+00:00\",\"dateModified\":\"2025-04-16T14:14:59+00:00\",\"mainEntityOfPage\":{\"@id\":\"https:\\\/\\\/www.iemj.org\\\/de\\\/giorgio-e-gino-canti-di-memoria-e-di-speranza-2\\\/\"},\"wordCount\":384,\"publisher\":{\"@id\":\"https:\\\/\\\/www.iemj.org\\\/de\\\/#organization\"},\"image\":{\"@id\":\"https:\\\/\\\/www.iemj.org\\\/de\\\/giorgio-e-gino-canti-di-memoria-e-di-speranza-2\\\/#primaryimage\"},\"thumbnailUrl\":\"https:\\\/\\\/www.iemj.org\\\/wp-content\\\/uploads\\\/2017\\\/11\\\/arton2817.jpg\",\"keywords\":[\"Italien\"],\"articleSection\":[\"CD\",\"Letzte Neuerwerbungen\"],\"inLanguage\":\"de\"},{\"@type\":\"WebPage\",\"@id\":\"https:\\\/\\\/www.iemj.org\\\/de\\\/giorgio-e-gino-canti-di-memoria-e-di-speranza-2\\\/\",\"url\":\"https:\\\/\\\/www.iemj.org\\\/de\\\/giorgio-e-gino-canti-di-memoria-e-di-speranza-2\\\/\",\"name\":\"Giorgio e Gino, Canti di memoria e di speranza - Institut Europ\u00e9en des Musiques Juives\",\"isPartOf\":{\"@id\":\"https:\\\/\\\/www.iemj.org\\\/de\\\/#website\"},\"primaryImageOfPage\":{\"@id\":\"https:\\\/\\\/www.iemj.org\\\/de\\\/giorgio-e-gino-canti-di-memoria-e-di-speranza-2\\\/#primaryimage\"},\"image\":{\"@id\":\"https:\\\/\\\/www.iemj.org\\\/de\\\/giorgio-e-gino-canti-di-memoria-e-di-speranza-2\\\/#primaryimage\"},\"thumbnailUrl\":\"https:\\\/\\\/www.iemj.org\\\/wp-content\\\/uploads\\\/2017\\\/11\\\/arton2817.jpg\",\"datePublished\":\"2017-11-28T11:33:05+00:00\",\"dateModified\":\"2025-04-16T14:14:59+00:00\",\"breadcrumb\":{\"@id\":\"https:\\\/\\\/www.iemj.org\\\/de\\\/giorgio-e-gino-canti-di-memoria-e-di-speranza-2\\\/#breadcrumb\"},\"inLanguage\":\"de\",\"potentialAction\":[{\"@type\":\"ReadAction\",\"target\":[\"https:\\\/\\\/www.iemj.org\\\/de\\\/giorgio-e-gino-canti-di-memoria-e-di-speranza-2\\\/\"]}]},{\"@type\":\"ImageObject\",\"inLanguage\":\"de\",\"@id\":\"https:\\\/\\\/www.iemj.org\\\/de\\\/giorgio-e-gino-canti-di-memoria-e-di-speranza-2\\\/#primaryimage\",\"url\":\"https:\\\/\\\/www.iemj.org\\\/wp-content\\\/uploads\\\/2017\\\/11\\\/arton2817.jpg\",\"contentUrl\":\"https:\\\/\\\/www.iemj.org\\\/wp-content\\\/uploads\\\/2017\\\/11\\\/arton2817.jpg\",\"width\":400,\"height\":391},{\"@type\":\"BreadcrumbList\",\"@id\":\"https:\\\/\\\/www.iemj.org\\\/de\\\/giorgio-e-gino-canti-di-memoria-e-di-speranza-2\\\/#breadcrumb\",\"itemListElement\":[{\"@type\":\"ListItem\",\"position\":1,\"name\":\"Accueil\",\"item\":\"https:\\\/\\\/www.iemj.org\\\/de\\\/\"},{\"@type\":\"ListItem\",\"position\":2,\"name\":\"Giorgio e Gino, Canti di memoria e di speranza\"}]},{\"@type\":\"WebSite\",\"@id\":\"https:\\\/\\\/www.iemj.org\\\/de\\\/#website\",\"url\":\"https:\\\/\\\/www.iemj.org\\\/de\\\/\",\"name\":\"Institut Europ\u00e9en des Musiques Juives\",\"description\":\"Des traditions musicales \u00e0 la port\u00e9e de tous\",\"publisher\":{\"@id\":\"https:\\\/\\\/www.iemj.org\\\/de\\\/#organization\"},\"potentialAction\":[{\"@type\":\"SearchAction\",\"target\":{\"@type\":\"EntryPoint\",\"urlTemplate\":\"https:\\\/\\\/www.iemj.org\\\/de\\\/?s={search_term_string}\"},\"query-input\":{\"@type\":\"PropertyValueSpecification\",\"valueRequired\":true,\"valueName\":\"search_term_string\"}}],\"inLanguage\":\"de\"},{\"@type\":\"Organization\",\"@id\":\"https:\\\/\\\/www.iemj.org\\\/de\\\/#organization\",\"name\":\"Institut Europ\u00e9en des Musiques Juives\",\"url\":\"https:\\\/\\\/www.iemj.org\\\/de\\\/\",\"logo\":{\"@type\":\"ImageObject\",\"inLanguage\":\"de\",\"@id\":\"https:\\\/\\\/www.iemj.org\\\/de\\\/#\\\/schema\\\/logo\\\/image\\\/\",\"url\":\"https:\\\/\\\/www.iemj.org\\\/wp-content\\\/uploads\\\/2021\\\/09\\\/Logo-IEMJ-Paypal.jpg\",\"contentUrl\":\"https:\\\/\\\/www.iemj.org\\\/wp-content\\\/uploads\\\/2021\\\/09\\\/Logo-IEMJ-Paypal.jpg\",\"width\":150,\"height\":50,\"caption\":\"Institut Europ\u00e9en des Musiques Juives\"},\"image\":{\"@id\":\"https:\\\/\\\/www.iemj.org\\\/de\\\/#\\\/schema\\\/logo\\\/image\\\/\"},\"sameAs\":[\"https:\\\/\\\/www.facebook.com\\\/MusiquesJuives\\\/\",\"https:\\\/\\\/www.instagram.com\\\/musiquesjuives\\\/\",\"https:\\\/\\\/www.youtube.com\\\/user\\\/musiquesjuives\"]},{\"@type\":\"Person\",\"@id\":\"https:\\\/\\\/www.iemj.org\\\/de\\\/#\\\/schema\\\/person\\\/c9bc1c386a3749579a2d675e72a18666\",\"name\":\"Jean-Gabriel Davis\",\"image\":{\"@type\":\"ImageObject\",\"inLanguage\":\"de\",\"@id\":\"https:\\\/\\\/secure.gravatar.com\\\/avatar\\\/2b90d67bdf392c9b3a21fab87c0fa7edaf1fb3a058172a1ffd61033fcec7aec1?s=96&d=mm&r=g\",\"url\":\"https:\\\/\\\/secure.gravatar.com\\\/avatar\\\/2b90d67bdf392c9b3a21fab87c0fa7edaf1fb3a058172a1ffd61033fcec7aec1?s=96&d=mm&r=g\",\"contentUrl\":\"https:\\\/\\\/secure.gravatar.com\\\/avatar\\\/2b90d67bdf392c9b3a21fab87c0fa7edaf1fb3a058172a1ffd61033fcec7aec1?s=96&d=mm&r=g\",\"caption\":\"Jean-Gabriel Davis\"}}]}<\/script>\n<!-- \/ Yoast SEO plugin. -->","yoast_head_json":{"title":"Giorgio e Gino, Canti di memoria e di speranza - Institut Europ\u00e9en des Musiques Juives","robots":{"index":"index","follow":"follow","max-snippet":"max-snippet:-1","max-image-preview":"max-image-preview:large","max-video-preview":"max-video-preview:-1"},"canonical":"https:\/\/www.iemj.org\/de\/giorgio-e-gino-canti-di-memoria-e-di-speranza-2\/","og_locale":"de_DE","og_type":"article","og_title":"Giorgio e Gino, Canti di memoria e di speranza - Institut Europ\u00e9en des Musiques Juives","og_description":"Giorgio e Gino, Canti di memoria e di Speranza (Lieder der Erinnerung und Hoffnung) ist ein Album von Piero Nissim mit Liedern des Widerstands und des Gedenkens an die Shoah.","og_url":"https:\/\/www.iemj.org\/de\/giorgio-e-gino-canti-di-memoria-e-di-speranza-2\/","og_site_name":"Institut Europ\u00e9en des Musiques Juives","article_publisher":"https:\/\/www.facebook.com\/MusiquesJuives\/","article_published_time":"2017-11-28T11:33:05+00:00","article_modified_time":"2025-04-16T14:14:59+00:00","og_image":[{"width":400,"height":391,"url":"https:\/\/www.iemj.org\/wp-content\/uploads\/2017\/11\/arton2817.jpg","type":"image\/jpeg"}],"author":"Jean-Gabriel Davis","twitter_card":"summary_large_image","twitter_misc":{"Verfasst von":"Jean-Gabriel Davis","Gesch\u00e4tzte Lesezeit":"3\u00a0Minuten"},"schema":{"@context":"https:\/\/schema.org","@graph":[{"@type":"Article","@id":"https:\/\/www.iemj.org\/de\/giorgio-e-gino-canti-di-memoria-e-di-speranza-2\/#article","isPartOf":{"@id":"https:\/\/www.iemj.org\/de\/giorgio-e-gino-canti-di-memoria-e-di-speranza-2\/"},"author":{"name":"Jean-Gabriel Davis","@id":"https:\/\/www.iemj.org\/de\/#\/schema\/person\/c9bc1c386a3749579a2d675e72a18666"},"headline":"Giorgio e Gino, Canti di memoria e di speranza","datePublished":"2017-11-28T11:33:05+00:00","dateModified":"2025-04-16T14:14:59+00:00","mainEntityOfPage":{"@id":"https:\/\/www.iemj.org\/de\/giorgio-e-gino-canti-di-memoria-e-di-speranza-2\/"},"wordCount":384,"publisher":{"@id":"https:\/\/www.iemj.org\/de\/#organization"},"image":{"@id":"https:\/\/www.iemj.org\/de\/giorgio-e-gino-canti-di-memoria-e-di-speranza-2\/#primaryimage"},"thumbnailUrl":"https:\/\/www.iemj.org\/wp-content\/uploads\/2017\/11\/arton2817.jpg","keywords":["Italien"],"articleSection":["CD","Letzte Neuerwerbungen"],"inLanguage":"de"},{"@type":"WebPage","@id":"https:\/\/www.iemj.org\/de\/giorgio-e-gino-canti-di-memoria-e-di-speranza-2\/","url":"https:\/\/www.iemj.org\/de\/giorgio-e-gino-canti-di-memoria-e-di-speranza-2\/","name":"Giorgio e Gino, Canti di memoria e di speranza - Institut Europ\u00e9en des Musiques Juives","isPartOf":{"@id":"https:\/\/www.iemj.org\/de\/#website"},"primaryImageOfPage":{"@id":"https:\/\/www.iemj.org\/de\/giorgio-e-gino-canti-di-memoria-e-di-speranza-2\/#primaryimage"},"image":{"@id":"https:\/\/www.iemj.org\/de\/giorgio-e-gino-canti-di-memoria-e-di-speranza-2\/#primaryimage"},"thumbnailUrl":"https:\/\/www.iemj.org\/wp-content\/uploads\/2017\/11\/arton2817.jpg","datePublished":"2017-11-28T11:33:05+00:00","dateModified":"2025-04-16T14:14:59+00:00","breadcrumb":{"@id":"https:\/\/www.iemj.org\/de\/giorgio-e-gino-canti-di-memoria-e-di-speranza-2\/#breadcrumb"},"inLanguage":"de","potentialAction":[{"@type":"ReadAction","target":["https:\/\/www.iemj.org\/de\/giorgio-e-gino-canti-di-memoria-e-di-speranza-2\/"]}]},{"@type":"ImageObject","inLanguage":"de","@id":"https:\/\/www.iemj.org\/de\/giorgio-e-gino-canti-di-memoria-e-di-speranza-2\/#primaryimage","url":"https:\/\/www.iemj.org\/wp-content\/uploads\/2017\/11\/arton2817.jpg","contentUrl":"https:\/\/www.iemj.org\/wp-content\/uploads\/2017\/11\/arton2817.jpg","width":400,"height":391},{"@type":"BreadcrumbList","@id":"https:\/\/www.iemj.org\/de\/giorgio-e-gino-canti-di-memoria-e-di-speranza-2\/#breadcrumb","itemListElement":[{"@type":"ListItem","position":1,"name":"Accueil","item":"https:\/\/www.iemj.org\/de\/"},{"@type":"ListItem","position":2,"name":"Giorgio e Gino, Canti di memoria e di speranza"}]},{"@type":"WebSite","@id":"https:\/\/www.iemj.org\/de\/#website","url":"https:\/\/www.iemj.org\/de\/","name":"Institut Europ\u00e9en des Musiques Juives","description":"Des traditions musicales \u00e0 la port\u00e9e de tous","publisher":{"@id":"https:\/\/www.iemj.org\/de\/#organization"},"potentialAction":[{"@type":"SearchAction","target":{"@type":"EntryPoint","urlTemplate":"https:\/\/www.iemj.org\/de\/?s={search_term_string}"},"query-input":{"@type":"PropertyValueSpecification","valueRequired":true,"valueName":"search_term_string"}}],"inLanguage":"de"},{"@type":"Organization","@id":"https:\/\/www.iemj.org\/de\/#organization","name":"Institut Europ\u00e9en des Musiques Juives","url":"https:\/\/www.iemj.org\/de\/","logo":{"@type":"ImageObject","inLanguage":"de","@id":"https:\/\/www.iemj.org\/de\/#\/schema\/logo\/image\/","url":"https:\/\/www.iemj.org\/wp-content\/uploads\/2021\/09\/Logo-IEMJ-Paypal.jpg","contentUrl":"https:\/\/www.iemj.org\/wp-content\/uploads\/2021\/09\/Logo-IEMJ-Paypal.jpg","width":150,"height":50,"caption":"Institut Europ\u00e9en des Musiques Juives"},"image":{"@id":"https:\/\/www.iemj.org\/de\/#\/schema\/logo\/image\/"},"sameAs":["https:\/\/www.facebook.com\/MusiquesJuives\/","https:\/\/www.instagram.com\/musiquesjuives\/","https:\/\/www.youtube.com\/user\/musiquesjuives"]},{"@type":"Person","@id":"https:\/\/www.iemj.org\/de\/#\/schema\/person\/c9bc1c386a3749579a2d675e72a18666","name":"Jean-Gabriel Davis","image":{"@type":"ImageObject","inLanguage":"de","@id":"https:\/\/secure.gravatar.com\/avatar\/2b90d67bdf392c9b3a21fab87c0fa7edaf1fb3a058172a1ffd61033fcec7aec1?s=96&d=mm&r=g","url":"https:\/\/secure.gravatar.com\/avatar\/2b90d67bdf392c9b3a21fab87c0fa7edaf1fb3a058172a1ffd61033fcec7aec1?s=96&d=mm&r=g","contentUrl":"https:\/\/secure.gravatar.com\/avatar\/2b90d67bdf392c9b3a21fab87c0fa7edaf1fb3a058172a1ffd61033fcec7aec1?s=96&d=mm&r=g","caption":"Jean-Gabriel Davis"}}]}},"_links":{"self":[{"href":"https:\/\/www.iemj.org\/de\/wp-json\/wp\/v2\/posts\/75689","targetHints":{"allow":["GET"]}}],"collection":[{"href":"https:\/\/www.iemj.org\/de\/wp-json\/wp\/v2\/posts"}],"about":[{"href":"https:\/\/www.iemj.org\/de\/wp-json\/wp\/v2\/types\/post"}],"author":[{"embeddable":true,"href":"https:\/\/www.iemj.org\/de\/wp-json\/wp\/v2\/users\/1048"}],"replies":[{"embeddable":true,"href":"https:\/\/www.iemj.org\/de\/wp-json\/wp\/v2\/comments?post=75689"}],"version-history":[{"count":0,"href":"https:\/\/www.iemj.org\/de\/wp-json\/wp\/v2\/posts\/75689\/revisions"}],"wp:featuredmedia":[{"embeddable":true,"href":"https:\/\/www.iemj.org\/de\/wp-json\/wp\/v2\/media\/75691"}],"wp:attachment":[{"href":"https:\/\/www.iemj.org\/de\/wp-json\/wp\/v2\/media?parent=75689"}],"wp:term":[{"taxonomy":"category","embeddable":true,"href":"https:\/\/www.iemj.org\/de\/wp-json\/wp\/v2\/categories?post=75689"},{"taxonomy":"post_tag","embeddable":true,"href":"https:\/\/www.iemj.org\/de\/wp-json\/wp\/v2\/tags?post=75689"},{"taxonomy":"technique","embeddable":true,"href":"https:\/\/www.iemj.org\/de\/wp-json\/wp\/v2\/technique?post=75689"},{"taxonomy":"squelettes","embeddable":true,"href":"https:\/\/www.iemj.org\/de\/wp-json\/wp\/v2\/squelettes?post=75689"},{"taxonomy":"sujet","embeddable":true,"href":"https:\/\/www.iemj.org\/de\/wp-json\/wp\/v2\/sujet?post=75689"},{"taxonomy":"formation","embeddable":true,"href":"https:\/\/www.iemj.org\/de\/wp-json\/wp\/v2\/formation?post=75689"},{"taxonomy":"genre","embeddable":true,"href":"https:\/\/www.iemj.org\/de\/wp-json\/wp\/v2\/genre?post=75689"},{"taxonomy":"fonds","embeddable":true,"href":"https:\/\/www.iemj.org\/de\/wp-json\/wp\/v2\/fonds?post=75689"},{"taxonomy":"tradition","embeddable":true,"href":"https:\/\/www.iemj.org\/de\/wp-json\/wp\/v2\/tradition?post=75689"},{"taxonomy":"type-de-contenu","embeddable":true,"href":"https:\/\/www.iemj.org\/de\/wp-json\/wp\/v2\/type-de-contenu?post=75689"},{"taxonomy":"interprete-compositeur","embeddable":true,"href":"https:\/\/www.iemj.org\/de\/wp-json\/wp\/v2\/interprete-compositeur?post=75689"},{"taxonomy":"frise","embeddable":true,"href":"https:\/\/www.iemj.org\/de\/wp-json\/wp\/v2\/frise?post=75689"},{"taxonomy":"type-devenement","embeddable":true,"href":"https:\/\/www.iemj.org\/de\/wp-json\/wp\/v2\/type-devenement?post=75689"},{"taxonomy":"tableaux-liens-externes","embeddable":true,"href":"https:\/\/www.iemj.org\/de\/wp-json\/wp\/v2\/tableaux-liens-externes?post=75689"}],"curies":[{"name":"wp","href":"https:\/\/api.w.org\/{rel}","templated":true}]}}