{"id":75745,"date":"2015-03-04T11:32:00","date_gmt":"2015-03-04T10:32:00","guid":{"rendered":"https:\/\/www.iemj.org\/tresors-darchives-yiddish-partie-1\/"},"modified":"2025-09-22T12:41:20","modified_gmt":"2025-09-22T10:41:20","slug":"tresors-darchives-yiddish-partie-1","status":"publish","type":"post","link":"https:\/\/www.iemj.org\/de\/tresors-darchives-yiddish-partie-1\/","title":{"rendered":"Sch\u00e4tze aus jiddischen Archiven (Teil 1)"},"content":{"rendered":"\n<p class=\"post_excerpt\"><strong>MUSIQUES JUIVES D\u2019HIER ET D\u2019AUJOURD\u2019HUI &#8211; DIENSTAG, 12. JANUAR 2015, JUDA\u00cfQUES FM (94.8), 21:05 UHR. <br>Radiosendung auf Franz\u00f6sisch<\/strong><\/p>\n\n\n\n<!--more-->\n\n\n\n<p>Jahrhunderts besch\u00e4ftigten sich j\u00fcdische Musiker und Wissenschaftler auf der Suche nach einer nationalen Musik mit ihren Musiktraditionen. So begann <a href=\"https:\/\/www.iemj.org\/de\/engel-joel-1868-1927\/\" target=\"_blank\" rel=\"noopener\">Joel Engel (1868-1927)<\/a> im Jahr 1900 damit, j\u00fcdische Volkslieder aufzuschreiben und aufzuf\u00fchren. Diese Bewegung zog junge j\u00fcdische Musiker an und f\u00fchrte 1908 zur Gr\u00fcndung der &#8222;Gesellschaft f\u00fcr j\u00fcdische Volksmusik&#8220; in St. Petersburg.<\/p>\n\n\n\n<p>Zwischen 1911 und 1914 organisierte die J\u00fcdische Historische und Ethnographische Gesellschaft &#8211; 1908 in St. Petersburg gegr\u00fcndet &#8211; die Baron Ginzburg Ethnographische Expedition unter der Leitung von Sh. An-Ski (1863-1920). Joel Engel nahm aktiv an dieser Sammlung teil, die zur Aufnahme von etwa 500 Zylindern mit fast tausend Liedern f\u00fchrte. Nach der Aufl\u00f6sung der &#8222;J\u00fcdischen Historischen und Ethnographischen Gesellschaft&#8220; im Jahr 1929 wurde diese Musiksammlung <a href=\"https:\/\/www.iemj.org\/de\/beregovski-moisei-iakovlevich-1892-1961\/\" target=\"_blank\" rel=\"noopener\">Moisei Jakowlewitsch Beregowski (1892-1961)<\/a> anvertraut, dem Leiter und Gr\u00fcnder des &#8222;Kabinetts&#8220; f\u00fcr j\u00fcdische Musik an der Ukrainischen Akademie der Wissenschaften.&nbsp;1949 wurde Beregovski von den sowjetischen Beh\u00f6rden deportiert und seine Sammlung, die \u00fcber 1200 Zylinder umfasste, geriet in Vergessenheit und wurde erst in den 1980er Jahren in Kiew wiederentdeckt.<\/p>\n\n\n\n<p>Auch in Nordamerika wurden in der Nachkriegszeit zahlreiche Aufnahmen von alten j\u00fcdischen Einwanderern aus Osteuropa gemacht. So bauten Sammler &#8211; vor allem die bahnbrechende Folkloristin <a href=\"https:\/\/www.iemj.org\/de\/rubin-ruth-1906-2000\/\" target=\"_blank\" rel=\"noopener\">Ruth Rubin<\/a> &#8211; gro\u00dfe jiddische Archivbest\u00e4nde auf.<\/p>\n\n\n\n<p>Diese Archivbest\u00e4nde sind heute ein unsch\u00e4tzbarer Schatz f\u00fcr alle Forscher. Selbst K\u00fcnstler finden hier ihre Inspiration f\u00fcr neue jiddische Musik, die zwar neu ist, aber durch das zarte Band dieser Tausenden von Stunden an Aufnahmen, die vor der Barbarei der Nazis und des Stalinismus gerettet wurden, mit der Vergangenheit verbunden ist.<\/p>\n\n\n\n<p>Im Laufe dieser Sendung wird uns El\u00e9onore Biezunski, Geigerin, S\u00e4ngerin, Archivarin und Musikhistorikerin, die musikalischen Sch\u00e4tze der wichtigsten jiddischen Archive n\u00e4her bringen.<\/p>\n\n\n\n<p>Eine Reise in die Vergangenheit, um in einem zweiten Teil (Ausstrahlung am Dienstag, den 10. Februar 2015) die Kreationen zeitgen\u00f6ssischer K\u00fcnstler anhand dieser Archive besser zu entdecken.<\/p>\n\n\n\n<p><a href=\"https:\/\/www.iemj.org\/de\/tresors-darchives-yiddish-partie-2\/\" target=\"_blank\" rel=\"noopener\">H\u00f6ren Sie den zweiten Teil von &#8222;Sch\u00e4tze aus jiddischen Archiven&#8220; (auf Franz\u00f6sisch<\/a>)<\/p>\n\n\n\n<div class=\"wp-block-columns are-vertically-aligned-center is-layout-flex wp-container-core-columns-is-layout-9d6595d7 wp-block-columns-is-layout-flex\">\n<div class=\"wp-block-column is-vertically-aligned-center is-layout-flow wp-block-column-is-layout-flow\" style=\"flex-basis:20%\"><div class=\"wp-block-image\">\n<figure class=\"aligncenter size-full\"><img decoding=\"async\" width=\"140\" height=\"189\" src=\"https:\/\/www.iemj.org\/wp-content\/uploads\/2017\/01\/herve_photo_retouche_fond_uni_bleu_500px.jpg\" alt=\"\" class=\"wp-image-124981\"\/><\/figure>\n<\/div><\/div>\n\n\n\n<div class=\"wp-block-column is-vertically-aligned-center is-layout-flow wp-block-column-is-layout-flow\" style=\"flex-basis:80%\">\n<p><em>Herv\u00e9 Roten ist Officier des Arts et des Lettres, Doktor der Musikwissenschaft der Universit\u00e4t Paris IV Sorbonne und Preistr\u00e4ger des Conservatoire National Sup\u00e9rieur de Musique et de Danse de Paris. Er ist seit der Gr\u00fcndung des Institut Europ\u00e9en des Musiques Juives im Jahr 2006 dessen Direktor.<br>Als ausgebildeter Ethnomusikologe interessierte er sich schon fr\u00fch f\u00fcr die Sicherung und Digitalisierung von Archiven, die er mehrere Jahre lang an den Universit\u00e4ten von Reims und Marne-La-Vall\u00e9e unterrichtete.<br>Herv\u00e9 Roten ist Autor zahlreicher Artikel, B\u00fccher und CDs \u00fcber j\u00fcdische Musik, Produzent von Radiosendungen und gilt heute als einer der besten Experten f\u00fcr j\u00fcdische Musik weltweit.<\/em><\/p>\n<\/div>\n<\/div>\n\n\n<div class=\"wp-block-image\">\n<figure class=\"aligncenter size-large\"><img fetchpriority=\"high\" decoding=\"async\" width=\"1024\" height=\"133\" src=\"https:\/\/www.iemj.org\/wp-content\/uploads\/2024\/03\/AUDIO-PLAYER-1024x133.png\" alt=\"\" class=\"wp-image-110606\" srcset=\"https:\/\/www.iemj.org\/wp-content\/uploads\/2024\/03\/AUDIO-PLAYER-1024x133.png 1024w, https:\/\/www.iemj.org\/wp-content\/uploads\/2024\/03\/AUDIO-PLAYER-300x39.png 300w, https:\/\/www.iemj.org\/wp-content\/uploads\/2024\/03\/AUDIO-PLAYER-768x100.png 768w, https:\/\/www.iemj.org\/wp-content\/uploads\/2024\/03\/AUDIO-PLAYER-600x78.png 600w, https:\/\/www.iemj.org\/wp-content\/uploads\/2024\/03\/AUDIO-PLAYER.png 1210w\" sizes=\"(max-width: 1024px) 100vw, 1024px\" \/><\/figure>\n<\/div>\n\n\n<div class=\"wp-block-file\"><a id=\"wp-block-file--media-22a77018-e731-4eb8-8455-deb23f78e540\" href=\"https:\/\/www.iemj.org\/wp-content\/uploads\/2015\/01\/jfm37_v128kbs.mp3\">Tr\u00e9sors d\u2019archives yiddish (partie 1) &#8211; Herv\u00e9 Roten (Juda\u00efques FM 94.8)<\/a><\/div>\n","protected":false},"excerpt":{"rendered":"<p>MUSIQUES JUIVES D\u2019HIER ET D\u2019AUJOURD\u2019HUI &#8211; DIENSTAG, 12. JANUAR 2015, JUDA\u00cfQUES FM (94.8), 21:05 UHR. Radiosendung auf Franz\u00f6sisch<\/p>\n","protected":false},"author":1045,"featured_media":75746,"comment_status":"closed","ping_status":"closed","sticky":false,"template":"","format":"standard","meta":{"_acf_changed":false,"footnotes":""},"categories":[2169,1539],"tags":[2211],"technique":[],"squelettes":[],"sujet":[],"formation":[],"genre":[1864],"fonds":[],"tradition":[],"type-de-contenu":[],"interprete-compositeur":[],"frise":[],"type-devenement":[],"tableaux-liens-externes":[],"class_list":["post-75745","post","type-post","status-publish","format-standard","has-post-thumbnail","hentry","category-herve-roten-programme-de","category-radiosendungen-de","tag-iemj-radioprogramme-de","genre-yiddish-de"],"acf":[],"yoast_head":"<!-- This site is optimized with the Yoast SEO plugin v27.3 - https:\/\/yoast.com\/product\/yoast-seo-wordpress\/ -->\n<title>Sch\u00e4tze aus jiddischen Archiven (Teil 1) - Institut Europ\u00e9en des Musiques Juives<\/title>\n<meta name=\"robots\" content=\"index, follow, max-snippet:-1, max-image-preview:large, max-video-preview:-1\" \/>\n<link rel=\"canonical\" href=\"https:\/\/www.iemj.org\/de\/tresors-darchives-yiddish-partie-1\/\" \/>\n<meta property=\"og:locale\" content=\"de_DE\" \/>\n<meta property=\"og:type\" content=\"article\" \/>\n<meta property=\"og:title\" content=\"Sch\u00e4tze aus jiddischen Archiven (Teil 1) - Institut Europ\u00e9en des Musiques Juives\" \/>\n<meta property=\"og:description\" content=\"MUSIQUES JUIVES D\u2019HIER ET D\u2019AUJOURD\u2019HUI &#8211; DIENSTAG, 12. JANUAR 2015, JUDA\u00cfQUES FM (94.8), 21:05 UHR. Radiosendung auf Franz\u00f6sisch\" \/>\n<meta property=\"og:url\" content=\"https:\/\/www.iemj.org\/de\/tresors-darchives-yiddish-partie-1\/\" \/>\n<meta property=\"og:site_name\" content=\"Institut Europ\u00e9en des Musiques Juives\" \/>\n<meta property=\"article:publisher\" content=\"https:\/\/www.facebook.com\/MusiquesJuives\/\" \/>\n<meta property=\"article:published_time\" content=\"2015-03-04T10:32:00+00:00\" \/>\n<meta property=\"article:modified_time\" content=\"2025-09-22T10:41:20+00:00\" \/>\n<meta property=\"og:image\" content=\"https:\/\/www.iemj.org\/wp-content\/uploads\/2015\/03\/arton961.jpg\" \/>\n\t<meta property=\"og:image:width\" content=\"136\" \/>\n\t<meta property=\"og:image:height\" content=\"136\" \/>\n\t<meta property=\"og:image:type\" content=\"image\/jpeg\" \/>\n<meta name=\"author\" content=\"Herv\u00e9 Roten\" \/>\n<meta name=\"twitter:card\" content=\"summary_large_image\" \/>\n<meta name=\"twitter:label1\" content=\"Verfasst von\" \/>\n\t<meta name=\"twitter:data1\" content=\"Herv\u00e9 Roten\" \/>\n\t<meta name=\"twitter:label2\" content=\"Gesch\u00e4tzte Lesezeit\" \/>\n\t<meta name=\"twitter:data2\" content=\"3\u00a0Minuten\" \/>\n<script type=\"application\/ld+json\" class=\"yoast-schema-graph\">{\"@context\":\"https:\\\/\\\/schema.org\",\"@graph\":[{\"@type\":\"Article\",\"@id\":\"https:\\\/\\\/www.iemj.org\\\/de\\\/tresors-darchives-yiddish-partie-1\\\/#article\",\"isPartOf\":{\"@id\":\"https:\\\/\\\/www.iemj.org\\\/de\\\/tresors-darchives-yiddish-partie-1\\\/\"},\"author\":{\"name\":\"Herv\u00e9 Roten\",\"@id\":\"https:\\\/\\\/www.iemj.org\\\/de\\\/#\\\/schema\\\/person\\\/906134402c29d5c76e7b726261dd4bbd\"},\"headline\":\"Sch\u00e4tze aus jiddischen Archiven (Teil 1)\",\"datePublished\":\"2015-03-04T10:32:00+00:00\",\"dateModified\":\"2025-09-22T10:41:20+00:00\",\"mainEntityOfPage\":{\"@id\":\"https:\\\/\\\/www.iemj.org\\\/de\\\/tresors-darchives-yiddish-partie-1\\\/\"},\"wordCount\":484,\"publisher\":{\"@id\":\"https:\\\/\\\/www.iemj.org\\\/de\\\/#organization\"},\"image\":{\"@id\":\"https:\\\/\\\/www.iemj.org\\\/de\\\/tresors-darchives-yiddish-partie-1\\\/#primaryimage\"},\"thumbnailUrl\":\"https:\\\/\\\/www.iemj.org\\\/wp-content\\\/uploads\\\/2015\\\/03\\\/arton961.jpg\",\"keywords\":[\"IEMJ-Radioprogramme\"],\"articleSection\":[\"Herv\u00e9 Roten Programme\",\"Radiosendungen\"],\"inLanguage\":\"de\"},{\"@type\":\"WebPage\",\"@id\":\"https:\\\/\\\/www.iemj.org\\\/de\\\/tresors-darchives-yiddish-partie-1\\\/\",\"url\":\"https:\\\/\\\/www.iemj.org\\\/de\\\/tresors-darchives-yiddish-partie-1\\\/\",\"name\":\"Sch\u00e4tze aus jiddischen Archiven (Teil 1) - Institut Europ\u00e9en des Musiques Juives\",\"isPartOf\":{\"@id\":\"https:\\\/\\\/www.iemj.org\\\/de\\\/#website\"},\"primaryImageOfPage\":{\"@id\":\"https:\\\/\\\/www.iemj.org\\\/de\\\/tresors-darchives-yiddish-partie-1\\\/#primaryimage\"},\"image\":{\"@id\":\"https:\\\/\\\/www.iemj.org\\\/de\\\/tresors-darchives-yiddish-partie-1\\\/#primaryimage\"},\"thumbnailUrl\":\"https:\\\/\\\/www.iemj.org\\\/wp-content\\\/uploads\\\/2015\\\/03\\\/arton961.jpg\",\"datePublished\":\"2015-03-04T10:32:00+00:00\",\"dateModified\":\"2025-09-22T10:41:20+00:00\",\"breadcrumb\":{\"@id\":\"https:\\\/\\\/www.iemj.org\\\/de\\\/tresors-darchives-yiddish-partie-1\\\/#breadcrumb\"},\"inLanguage\":\"de\",\"potentialAction\":[{\"@type\":\"ReadAction\",\"target\":[\"https:\\\/\\\/www.iemj.org\\\/de\\\/tresors-darchives-yiddish-partie-1\\\/\"]}]},{\"@type\":\"ImageObject\",\"inLanguage\":\"de\",\"@id\":\"https:\\\/\\\/www.iemj.org\\\/de\\\/tresors-darchives-yiddish-partie-1\\\/#primaryimage\",\"url\":\"https:\\\/\\\/www.iemj.org\\\/wp-content\\\/uploads\\\/2015\\\/03\\\/arton961.jpg\",\"contentUrl\":\"https:\\\/\\\/www.iemj.org\\\/wp-content\\\/uploads\\\/2015\\\/03\\\/arton961.jpg\",\"width\":136,\"height\":136},{\"@type\":\"BreadcrumbList\",\"@id\":\"https:\\\/\\\/www.iemj.org\\\/de\\\/tresors-darchives-yiddish-partie-1\\\/#breadcrumb\",\"itemListElement\":[{\"@type\":\"ListItem\",\"position\":1,\"name\":\"Accueil\",\"item\":\"https:\\\/\\\/www.iemj.org\\\/de\\\/\"},{\"@type\":\"ListItem\",\"position\":2,\"name\":\"Sch\u00e4tze aus jiddischen Archiven (Teil 1)\"}]},{\"@type\":\"WebSite\",\"@id\":\"https:\\\/\\\/www.iemj.org\\\/de\\\/#website\",\"url\":\"https:\\\/\\\/www.iemj.org\\\/de\\\/\",\"name\":\"Institut Europ\u00e9en des Musiques Juives\",\"description\":\"Des traditions musicales \u00e0 la port\u00e9e de tous\",\"publisher\":{\"@id\":\"https:\\\/\\\/www.iemj.org\\\/de\\\/#organization\"},\"potentialAction\":[{\"@type\":\"SearchAction\",\"target\":{\"@type\":\"EntryPoint\",\"urlTemplate\":\"https:\\\/\\\/www.iemj.org\\\/de\\\/?s={search_term_string}\"},\"query-input\":{\"@type\":\"PropertyValueSpecification\",\"valueRequired\":true,\"valueName\":\"search_term_string\"}}],\"inLanguage\":\"de\"},{\"@type\":\"Organization\",\"@id\":\"https:\\\/\\\/www.iemj.org\\\/de\\\/#organization\",\"name\":\"Institut Europ\u00e9en des Musiques Juives\",\"url\":\"https:\\\/\\\/www.iemj.org\\\/de\\\/\",\"logo\":{\"@type\":\"ImageObject\",\"inLanguage\":\"de\",\"@id\":\"https:\\\/\\\/www.iemj.org\\\/de\\\/#\\\/schema\\\/logo\\\/image\\\/\",\"url\":\"https:\\\/\\\/www.iemj.org\\\/wp-content\\\/uploads\\\/2021\\\/09\\\/Logo-IEMJ-Paypal.jpg\",\"contentUrl\":\"https:\\\/\\\/www.iemj.org\\\/wp-content\\\/uploads\\\/2021\\\/09\\\/Logo-IEMJ-Paypal.jpg\",\"width\":150,\"height\":50,\"caption\":\"Institut Europ\u00e9en des Musiques Juives\"},\"image\":{\"@id\":\"https:\\\/\\\/www.iemj.org\\\/de\\\/#\\\/schema\\\/logo\\\/image\\\/\"},\"sameAs\":[\"https:\\\/\\\/www.facebook.com\\\/MusiquesJuives\\\/\",\"https:\\\/\\\/www.instagram.com\\\/musiquesjuives\\\/\",\"https:\\\/\\\/www.youtube.com\\\/user\\\/musiquesjuives\"]},{\"@type\":\"Person\",\"@id\":\"https:\\\/\\\/www.iemj.org\\\/de\\\/#\\\/schema\\\/person\\\/906134402c29d5c76e7b726261dd4bbd\",\"name\":\"Herv\u00e9 Roten\",\"image\":{\"@type\":\"ImageObject\",\"inLanguage\":\"de\",\"@id\":\"https:\\\/\\\/secure.gravatar.com\\\/avatar\\\/f96ad2db538a26481f18384936b5cd0610c92d390c4dc382209216d455f685ff?s=96&d=mm&r=g\",\"url\":\"https:\\\/\\\/secure.gravatar.com\\\/avatar\\\/f96ad2db538a26481f18384936b5cd0610c92d390c4dc382209216d455f685ff?s=96&d=mm&r=g\",\"contentUrl\":\"https:\\\/\\\/secure.gravatar.com\\\/avatar\\\/f96ad2db538a26481f18384936b5cd0610c92d390c4dc382209216d455f685ff?s=96&d=mm&r=g\",\"caption\":\"Herv\u00e9 Roten\"}}]}<\/script>\n<!-- \/ Yoast SEO plugin. -->","yoast_head_json":{"title":"Sch\u00e4tze aus jiddischen Archiven (Teil 1) - Institut Europ\u00e9en des Musiques Juives","robots":{"index":"index","follow":"follow","max-snippet":"max-snippet:-1","max-image-preview":"max-image-preview:large","max-video-preview":"max-video-preview:-1"},"canonical":"https:\/\/www.iemj.org\/de\/tresors-darchives-yiddish-partie-1\/","og_locale":"de_DE","og_type":"article","og_title":"Sch\u00e4tze aus jiddischen Archiven (Teil 1) - Institut Europ\u00e9en des Musiques Juives","og_description":"MUSIQUES JUIVES D\u2019HIER ET D\u2019AUJOURD\u2019HUI &#8211; DIENSTAG, 12. JANUAR 2015, JUDA\u00cfQUES FM (94.8), 21:05 UHR. Radiosendung auf Franz\u00f6sisch","og_url":"https:\/\/www.iemj.org\/de\/tresors-darchives-yiddish-partie-1\/","og_site_name":"Institut Europ\u00e9en des Musiques Juives","article_publisher":"https:\/\/www.facebook.com\/MusiquesJuives\/","article_published_time":"2015-03-04T10:32:00+00:00","article_modified_time":"2025-09-22T10:41:20+00:00","og_image":[{"width":136,"height":136,"url":"https:\/\/www.iemj.org\/wp-content\/uploads\/2015\/03\/arton961.jpg","type":"image\/jpeg"}],"author":"Herv\u00e9 Roten","twitter_card":"summary_large_image","twitter_misc":{"Verfasst von":"Herv\u00e9 Roten","Gesch\u00e4tzte Lesezeit":"3\u00a0Minuten"},"schema":{"@context":"https:\/\/schema.org","@graph":[{"@type":"Article","@id":"https:\/\/www.iemj.org\/de\/tresors-darchives-yiddish-partie-1\/#article","isPartOf":{"@id":"https:\/\/www.iemj.org\/de\/tresors-darchives-yiddish-partie-1\/"},"author":{"name":"Herv\u00e9 Roten","@id":"https:\/\/www.iemj.org\/de\/#\/schema\/person\/906134402c29d5c76e7b726261dd4bbd"},"headline":"Sch\u00e4tze aus jiddischen Archiven (Teil 1)","datePublished":"2015-03-04T10:32:00+00:00","dateModified":"2025-09-22T10:41:20+00:00","mainEntityOfPage":{"@id":"https:\/\/www.iemj.org\/de\/tresors-darchives-yiddish-partie-1\/"},"wordCount":484,"publisher":{"@id":"https:\/\/www.iemj.org\/de\/#organization"},"image":{"@id":"https:\/\/www.iemj.org\/de\/tresors-darchives-yiddish-partie-1\/#primaryimage"},"thumbnailUrl":"https:\/\/www.iemj.org\/wp-content\/uploads\/2015\/03\/arton961.jpg","keywords":["IEMJ-Radioprogramme"],"articleSection":["Herv\u00e9 Roten Programme","Radiosendungen"],"inLanguage":"de"},{"@type":"WebPage","@id":"https:\/\/www.iemj.org\/de\/tresors-darchives-yiddish-partie-1\/","url":"https:\/\/www.iemj.org\/de\/tresors-darchives-yiddish-partie-1\/","name":"Sch\u00e4tze aus jiddischen Archiven (Teil 1) - Institut Europ\u00e9en des Musiques Juives","isPartOf":{"@id":"https:\/\/www.iemj.org\/de\/#website"},"primaryImageOfPage":{"@id":"https:\/\/www.iemj.org\/de\/tresors-darchives-yiddish-partie-1\/#primaryimage"},"image":{"@id":"https:\/\/www.iemj.org\/de\/tresors-darchives-yiddish-partie-1\/#primaryimage"},"thumbnailUrl":"https:\/\/www.iemj.org\/wp-content\/uploads\/2015\/03\/arton961.jpg","datePublished":"2015-03-04T10:32:00+00:00","dateModified":"2025-09-22T10:41:20+00:00","breadcrumb":{"@id":"https:\/\/www.iemj.org\/de\/tresors-darchives-yiddish-partie-1\/#breadcrumb"},"inLanguage":"de","potentialAction":[{"@type":"ReadAction","target":["https:\/\/www.iemj.org\/de\/tresors-darchives-yiddish-partie-1\/"]}]},{"@type":"ImageObject","inLanguage":"de","@id":"https:\/\/www.iemj.org\/de\/tresors-darchives-yiddish-partie-1\/#primaryimage","url":"https:\/\/www.iemj.org\/wp-content\/uploads\/2015\/03\/arton961.jpg","contentUrl":"https:\/\/www.iemj.org\/wp-content\/uploads\/2015\/03\/arton961.jpg","width":136,"height":136},{"@type":"BreadcrumbList","@id":"https:\/\/www.iemj.org\/de\/tresors-darchives-yiddish-partie-1\/#breadcrumb","itemListElement":[{"@type":"ListItem","position":1,"name":"Accueil","item":"https:\/\/www.iemj.org\/de\/"},{"@type":"ListItem","position":2,"name":"Sch\u00e4tze aus jiddischen Archiven (Teil 1)"}]},{"@type":"WebSite","@id":"https:\/\/www.iemj.org\/de\/#website","url":"https:\/\/www.iemj.org\/de\/","name":"Institut Europ\u00e9en des Musiques Juives","description":"Des traditions musicales \u00e0 la port\u00e9e de tous","publisher":{"@id":"https:\/\/www.iemj.org\/de\/#organization"},"potentialAction":[{"@type":"SearchAction","target":{"@type":"EntryPoint","urlTemplate":"https:\/\/www.iemj.org\/de\/?s={search_term_string}"},"query-input":{"@type":"PropertyValueSpecification","valueRequired":true,"valueName":"search_term_string"}}],"inLanguage":"de"},{"@type":"Organization","@id":"https:\/\/www.iemj.org\/de\/#organization","name":"Institut Europ\u00e9en des Musiques Juives","url":"https:\/\/www.iemj.org\/de\/","logo":{"@type":"ImageObject","inLanguage":"de","@id":"https:\/\/www.iemj.org\/de\/#\/schema\/logo\/image\/","url":"https:\/\/www.iemj.org\/wp-content\/uploads\/2021\/09\/Logo-IEMJ-Paypal.jpg","contentUrl":"https:\/\/www.iemj.org\/wp-content\/uploads\/2021\/09\/Logo-IEMJ-Paypal.jpg","width":150,"height":50,"caption":"Institut Europ\u00e9en des Musiques Juives"},"image":{"@id":"https:\/\/www.iemj.org\/de\/#\/schema\/logo\/image\/"},"sameAs":["https:\/\/www.facebook.com\/MusiquesJuives\/","https:\/\/www.instagram.com\/musiquesjuives\/","https:\/\/www.youtube.com\/user\/musiquesjuives"]},{"@type":"Person","@id":"https:\/\/www.iemj.org\/de\/#\/schema\/person\/906134402c29d5c76e7b726261dd4bbd","name":"Herv\u00e9 Roten","image":{"@type":"ImageObject","inLanguage":"de","@id":"https:\/\/secure.gravatar.com\/avatar\/f96ad2db538a26481f18384936b5cd0610c92d390c4dc382209216d455f685ff?s=96&d=mm&r=g","url":"https:\/\/secure.gravatar.com\/avatar\/f96ad2db538a26481f18384936b5cd0610c92d390c4dc382209216d455f685ff?s=96&d=mm&r=g","contentUrl":"https:\/\/secure.gravatar.com\/avatar\/f96ad2db538a26481f18384936b5cd0610c92d390c4dc382209216d455f685ff?s=96&d=mm&r=g","caption":"Herv\u00e9 Roten"}}]}},"_links":{"self":[{"href":"https:\/\/www.iemj.org\/de\/wp-json\/wp\/v2\/posts\/75745","targetHints":{"allow":["GET"]}}],"collection":[{"href":"https:\/\/www.iemj.org\/de\/wp-json\/wp\/v2\/posts"}],"about":[{"href":"https:\/\/www.iemj.org\/de\/wp-json\/wp\/v2\/types\/post"}],"author":[{"embeddable":true,"href":"https:\/\/www.iemj.org\/de\/wp-json\/wp\/v2\/users\/1045"}],"replies":[{"embeddable":true,"href":"https:\/\/www.iemj.org\/de\/wp-json\/wp\/v2\/comments?post=75745"}],"version-history":[{"count":0,"href":"https:\/\/www.iemj.org\/de\/wp-json\/wp\/v2\/posts\/75745\/revisions"}],"wp:featuredmedia":[{"embeddable":true,"href":"https:\/\/www.iemj.org\/de\/wp-json\/wp\/v2\/media\/75746"}],"wp:attachment":[{"href":"https:\/\/www.iemj.org\/de\/wp-json\/wp\/v2\/media?parent=75745"}],"wp:term":[{"taxonomy":"category","embeddable":true,"href":"https:\/\/www.iemj.org\/de\/wp-json\/wp\/v2\/categories?post=75745"},{"taxonomy":"post_tag","embeddable":true,"href":"https:\/\/www.iemj.org\/de\/wp-json\/wp\/v2\/tags?post=75745"},{"taxonomy":"technique","embeddable":true,"href":"https:\/\/www.iemj.org\/de\/wp-json\/wp\/v2\/technique?post=75745"},{"taxonomy":"squelettes","embeddable":true,"href":"https:\/\/www.iemj.org\/de\/wp-json\/wp\/v2\/squelettes?post=75745"},{"taxonomy":"sujet","embeddable":true,"href":"https:\/\/www.iemj.org\/de\/wp-json\/wp\/v2\/sujet?post=75745"},{"taxonomy":"formation","embeddable":true,"href":"https:\/\/www.iemj.org\/de\/wp-json\/wp\/v2\/formation?post=75745"},{"taxonomy":"genre","embeddable":true,"href":"https:\/\/www.iemj.org\/de\/wp-json\/wp\/v2\/genre?post=75745"},{"taxonomy":"fonds","embeddable":true,"href":"https:\/\/www.iemj.org\/de\/wp-json\/wp\/v2\/fonds?post=75745"},{"taxonomy":"tradition","embeddable":true,"href":"https:\/\/www.iemj.org\/de\/wp-json\/wp\/v2\/tradition?post=75745"},{"taxonomy":"type-de-contenu","embeddable":true,"href":"https:\/\/www.iemj.org\/de\/wp-json\/wp\/v2\/type-de-contenu?post=75745"},{"taxonomy":"interprete-compositeur","embeddable":true,"href":"https:\/\/www.iemj.org\/de\/wp-json\/wp\/v2\/interprete-compositeur?post=75745"},{"taxonomy":"frise","embeddable":true,"href":"https:\/\/www.iemj.org\/de\/wp-json\/wp\/v2\/frise?post=75745"},{"taxonomy":"type-devenement","embeddable":true,"href":"https:\/\/www.iemj.org\/de\/wp-json\/wp\/v2\/type-devenement?post=75745"},{"taxonomy":"tableaux-liens-externes","embeddable":true,"href":"https:\/\/www.iemj.org\/de\/wp-json\/wp\/v2\/tableaux-liens-externes?post=75745"}],"curies":[{"name":"wp","href":"https:\/\/api.w.org\/{rel}","templated":true}]}}