{"id":75826,"date":"2015-02-10T16:34:00","date_gmt":"2015-02-10T15:34:00","guid":{"rendered":"https:\/\/www.iemj.org\/tresors-darchives-yiddish-partie-2\/"},"modified":"2025-09-21T19:42:58","modified_gmt":"2025-09-21T17:42:58","slug":"tresors-darchives-yiddish-partie-2","status":"publish","type":"post","link":"https:\/\/www.iemj.org\/de\/tresors-darchives-yiddish-partie-2\/","title":{"rendered":"Sch\u00e4tze aus jiddischen Archiven (Teil 2)"},"content":{"rendered":"<p class=\"post_excerpt\"><strong>MUSIQUES JUIVES D\u2019HIER ET D\u2019AUJOURD\u2019HUI &#8211; DIENSTAG, 10. FEBRUAR 2015, JUDA\u00cfQUES FM (94.8), 21.05 UHR.<\/strong><br \/><strong>Radiosendung auf Franz\u00f6sisch<\/strong><\/p>\n<p><!--more--><\/p>\n<p>Jahrhunderts die traditionelle j\u00fcdische Welt des Schtetls durch die rasante Urbanisierung und Industrialisierung bedroht wurde, beschlossen einige j\u00fcdische Intellektuelle, ethnografische Expeditionen zu organisieren, um die Spuren eines Lebens zu notieren, zu fotografieren oder aufzuzeichnen, das wenige Jahre sp\u00e4ter vom Nationalsozialismus und Stalinismus v\u00f6llig verschlungen werden sollte. So organisierte die 1908 in St. Petersburg gegr\u00fcndete J\u00fcdische Historische und Ethnographische Gesellschaft zwischen 1911 und 1914 die Baron Ginzburg Ethnographische Expedition unter der Leitung von Shalom An-Ski (1863-1920).<\/p>\n<p><a href=\"https:\/\/www.iemj.org\/de\/tresors-darchives-yiddish-partie-1\/\" target=\"_blank\" rel=\"noopener\">Im ersten Teil dieser Sendung<\/a> hatten wir den Reichtum der jiddischen Musikarchive kennengelernt, die in Osteuropa von Forschern wie Engel, Kisselgof und Beregovski oder in den USA von der Folkloristin Ruth Rubin gesammelt wurden.<\/p>\n<p>Anhand zahlreicher Musikbeispiele wird uns der zweite Teil dieser Sendung zeigen, wie K\u00fcnstler von heute die Musik von gestern nutzen, um daraus eigenst\u00e4ndige Kreationen zu machen.<\/p>\n<p>Zwischen dem Ansatz der Wiederaneignung eines Joel Rubin und dem psychedelischen Jiddisch der Gruppe Forshpil, der Rock\/Folk\/Blues-Version eines Wolf Krakowski und der jiddisch-irischen Musik von Lorin Sklamberg und Susan McKeown erkundet das jiddische Lied die Welt und sprengt dabei die Grenzen zwischen den Musikgenres.<\/p>\n<p>Ein Einblick in das jiddische Musikschaffen, gef\u00fchrt von der S\u00e4ngerin und Geigerin El\u00e9onore Biezunski.<\/p>\n<p><a href=\"https:\/\/www.iemj.org\/de\/tresors-darchives-yiddish-partie-1\/\" target=\"_blank\" rel=\"noopener\"><img decoding=\"async\" class=\" alignleft  wp-image-75757\" src=\"https:\/\/www.iemj.org\/wp-content\/uploads\/2014\/04\/emission_de_radio_55_.jpg\" alt=\"emission_de_radio_55_.jpg\" width=\"51\" height=\"45\" align=\"left\" \/>H\u00f6ren Sie den ersten Teil von &#8222;Sch\u00e4tze aus jiddischen Archiven&#8220; (auf Franz\u00f6sisch)<\/a><\/p>\n<p>\u00a0<\/p>\n<p><em><img decoding=\"async\" class=\" alignleft size-full wp-image-65563\" src=\"https:\/\/www.iemj.org\/wp-content\/uploads\/2019\/10\/herve_photo_retouche_fond_uni_bleu_500px.jpg\" alt=\"herve_photo_retouche_fond_uni_bleu_500px.jpg\" width=\"140\" height=\"189\" align=\"left\" \/>Herv\u00e9 Roten ist Officier des Arts et des Lettres, Doktor der Musikwissenschaft der Universit\u00e4t Paris IV Sorbonne und Preistr\u00e4ger des Conservatoire National Sup\u00e9rieur de Musique et de Danse de Paris. Er ist seit der Gr\u00fcndung des Institut Europ\u00e9en des Musiques Juives im Jahr 2006 dessen Direktor.<br \/>Als ausgebildeter Ethnomusikologe interessierte er sich schon fr\u00fch f\u00fcr die Sicherung und Digitalisierung von Archiven, die er mehrere Jahre lang an den Universit\u00e4ten von Reims und Marne-La-Vall\u00e9e unterrichtete.<br \/>Herv\u00e9 Roten ist Autor zahlreicher Artikel, B\u00fccher und CDs \u00fcber j\u00fcdische Musik, Produzent von Radiosendungen und gilt heute als einer der besten Experten f\u00fcr j\u00fcdische Musik weltweit.<br \/><\/em><\/p>\n\n\n<h2 class=\"wp-block-heading\"><\/h2>\n\n\n<div class=\"wp-block-image\">\n<figure class=\"aligncenter size-large\"><img fetchpriority=\"high\" decoding=\"async\" width=\"1024\" height=\"133\" src=\"https:\/\/www.iemj.org\/wp-content\/uploads\/2024\/03\/AUDIO-PLAYER-1024x133.png\" alt=\"\" class=\"wp-image-110606\" srcset=\"https:\/\/www.iemj.org\/wp-content\/uploads\/2024\/03\/AUDIO-PLAYER-1024x133.png 1024w, https:\/\/www.iemj.org\/wp-content\/uploads\/2024\/03\/AUDIO-PLAYER-300x39.png 300w, https:\/\/www.iemj.org\/wp-content\/uploads\/2024\/03\/AUDIO-PLAYER-768x100.png 768w, https:\/\/www.iemj.org\/wp-content\/uploads\/2024\/03\/AUDIO-PLAYER-600x78.png 600w, https:\/\/www.iemj.org\/wp-content\/uploads\/2024\/03\/AUDIO-PLAYER.png 1210w\" sizes=\"(max-width: 1024px) 100vw, 1024px\" \/><\/figure>\n<\/div>\n\n\n<div class=\"wp-block-file\"><a id=\"wp-block-file--media-d5d5fcba-8489-48db-ab21-704e8517da99\" href=\"https:\/\/www.iemj.org\/wp-content\/uploads\/2015\/07\/jfm38_tresor_archives_yiddish_2_v128kbs.mp3\">Tr\u00e9sor d\u2019archives yiddish (partie 2) &#8211; Herv\u00e9 Roten (Juda\u00efques FM 94.8)<\/a><\/div>\n","protected":false},"excerpt":{"rendered":"<p>MUSIQUES JUIVES D\u2019HIER ET D\u2019AUJOURD\u2019HUI &#8211; DIENSTAG, 10. FEBRUAR 2015, JUDA\u00cfQUES FM (94.8), 21.05 UHR.Radiosendung auf Franz\u00f6sisch<\/p>\n","protected":false},"author":1051,"featured_media":75827,"comment_status":"closed","ping_status":"closed","sticky":false,"template":"","format":"standard","meta":{"_acf_changed":false,"footnotes":""},"categories":[2169,1539],"tags":[2211],"technique":[],"squelettes":[],"sujet":[],"formation":[],"genre":[1864],"fonds":[],"tradition":[],"type-de-contenu":[],"interprete-compositeur":[],"frise":[],"type-devenement":[],"tableaux-liens-externes":[],"class_list":["post-75826","post","type-post","status-publish","format-standard","has-post-thumbnail","hentry","category-herve-roten-programme-de","category-radiosendungen-de","tag-iemj-radioprogramme-de","genre-yiddish-de"],"acf":[],"yoast_head":"<!-- This site is optimized with the Yoast SEO plugin v27.3 - https:\/\/yoast.com\/product\/yoast-seo-wordpress\/ -->\n<title>Sch\u00e4tze aus jiddischen Archiven (Teil 2) - Institut Europ\u00e9en des Musiques Juives<\/title>\n<meta name=\"robots\" content=\"index, follow, max-snippet:-1, max-image-preview:large, max-video-preview:-1\" \/>\n<link rel=\"canonical\" href=\"https:\/\/www.iemj.org\/de\/tresors-darchives-yiddish-partie-2\/\" \/>\n<meta property=\"og:locale\" content=\"de_DE\" \/>\n<meta property=\"og:type\" content=\"article\" \/>\n<meta property=\"og:title\" content=\"Sch\u00e4tze aus jiddischen Archiven (Teil 2) - Institut Europ\u00e9en des Musiques Juives\" \/>\n<meta property=\"og:description\" content=\"MUSIQUES JUIVES D\u2019HIER ET D\u2019AUJOURD\u2019HUI &#8211; DIENSTAG, 10. FEBRUAR 2015, JUDA\u00cfQUES FM (94.8), 21.05 UHR.Radiosendung auf Franz\u00f6sisch\" \/>\n<meta property=\"og:url\" content=\"https:\/\/www.iemj.org\/de\/tresors-darchives-yiddish-partie-2\/\" \/>\n<meta property=\"og:site_name\" content=\"Institut Europ\u00e9en des Musiques Juives\" \/>\n<meta property=\"article:publisher\" content=\"https:\/\/www.facebook.com\/MusiquesJuives\/\" \/>\n<meta property=\"article:published_time\" content=\"2015-02-10T15:34:00+00:00\" \/>\n<meta property=\"article:modified_time\" content=\"2025-09-21T17:42:58+00:00\" \/>\n<meta property=\"og:image\" content=\"https:\/\/www.iemj.org\/wp-content\/uploads\/2015\/02\/arton1041.jpg\" \/>\n\t<meta property=\"og:image:width\" content=\"136\" \/>\n\t<meta property=\"og:image:height\" content=\"136\" \/>\n\t<meta property=\"og:image:type\" content=\"image\/jpeg\" \/>\n<meta name=\"author\" content=\"Eleonore Biezunski\" \/>\n<meta name=\"twitter:card\" content=\"summary_large_image\" \/>\n<meta name=\"twitter:label1\" content=\"Verfasst von\" \/>\n\t<meta name=\"twitter:data1\" content=\"Eleonore Biezunski\" \/>\n\t<meta name=\"twitter:label2\" content=\"Gesch\u00e4tzte Lesezeit\" \/>\n\t<meta name=\"twitter:data2\" content=\"3\u00a0Minuten\" \/>\n<script type=\"application\/ld+json\" class=\"yoast-schema-graph\">{\"@context\":\"https:\\\/\\\/schema.org\",\"@graph\":[{\"@type\":\"Article\",\"@id\":\"https:\\\/\\\/www.iemj.org\\\/de\\\/tresors-darchives-yiddish-partie-2\\\/#article\",\"isPartOf\":{\"@id\":\"https:\\\/\\\/www.iemj.org\\\/de\\\/tresors-darchives-yiddish-partie-2\\\/\"},\"author\":{\"name\":\"Eleonore Biezunski\",\"@id\":\"https:\\\/\\\/www.iemj.org\\\/de\\\/#\\\/schema\\\/person\\\/b642ef6ac700534beb3a478a1044fc58\"},\"headline\":\"Sch\u00e4tze aus jiddischen Archiven (Teil 2)\",\"datePublished\":\"2015-02-10T15:34:00+00:00\",\"dateModified\":\"2025-09-21T17:42:58+00:00\",\"mainEntityOfPage\":{\"@id\":\"https:\\\/\\\/www.iemj.org\\\/de\\\/tresors-darchives-yiddish-partie-2\\\/\"},\"wordCount\":368,\"publisher\":{\"@id\":\"https:\\\/\\\/www.iemj.org\\\/de\\\/#organization\"},\"image\":{\"@id\":\"https:\\\/\\\/www.iemj.org\\\/de\\\/tresors-darchives-yiddish-partie-2\\\/#primaryimage\"},\"thumbnailUrl\":\"https:\\\/\\\/www.iemj.org\\\/wp-content\\\/uploads\\\/2015\\\/02\\\/arton1041.jpg\",\"keywords\":[\"IEMJ-Radioprogramme\"],\"articleSection\":[\"Herv\u00e9 Roten Programme\",\"Radiosendungen\"],\"inLanguage\":\"de\"},{\"@type\":\"WebPage\",\"@id\":\"https:\\\/\\\/www.iemj.org\\\/de\\\/tresors-darchives-yiddish-partie-2\\\/\",\"url\":\"https:\\\/\\\/www.iemj.org\\\/de\\\/tresors-darchives-yiddish-partie-2\\\/\",\"name\":\"Sch\u00e4tze aus jiddischen Archiven (Teil 2) - Institut Europ\u00e9en des Musiques Juives\",\"isPartOf\":{\"@id\":\"https:\\\/\\\/www.iemj.org\\\/de\\\/#website\"},\"primaryImageOfPage\":{\"@id\":\"https:\\\/\\\/www.iemj.org\\\/de\\\/tresors-darchives-yiddish-partie-2\\\/#primaryimage\"},\"image\":{\"@id\":\"https:\\\/\\\/www.iemj.org\\\/de\\\/tresors-darchives-yiddish-partie-2\\\/#primaryimage\"},\"thumbnailUrl\":\"https:\\\/\\\/www.iemj.org\\\/wp-content\\\/uploads\\\/2015\\\/02\\\/arton1041.jpg\",\"datePublished\":\"2015-02-10T15:34:00+00:00\",\"dateModified\":\"2025-09-21T17:42:58+00:00\",\"breadcrumb\":{\"@id\":\"https:\\\/\\\/www.iemj.org\\\/de\\\/tresors-darchives-yiddish-partie-2\\\/#breadcrumb\"},\"inLanguage\":\"de\",\"potentialAction\":[{\"@type\":\"ReadAction\",\"target\":[\"https:\\\/\\\/www.iemj.org\\\/de\\\/tresors-darchives-yiddish-partie-2\\\/\"]}]},{\"@type\":\"ImageObject\",\"inLanguage\":\"de\",\"@id\":\"https:\\\/\\\/www.iemj.org\\\/de\\\/tresors-darchives-yiddish-partie-2\\\/#primaryimage\",\"url\":\"https:\\\/\\\/www.iemj.org\\\/wp-content\\\/uploads\\\/2015\\\/02\\\/arton1041.jpg\",\"contentUrl\":\"https:\\\/\\\/www.iemj.org\\\/wp-content\\\/uploads\\\/2015\\\/02\\\/arton1041.jpg\",\"width\":136,\"height\":136},{\"@type\":\"BreadcrumbList\",\"@id\":\"https:\\\/\\\/www.iemj.org\\\/de\\\/tresors-darchives-yiddish-partie-2\\\/#breadcrumb\",\"itemListElement\":[{\"@type\":\"ListItem\",\"position\":1,\"name\":\"Accueil\",\"item\":\"https:\\\/\\\/www.iemj.org\\\/de\\\/\"},{\"@type\":\"ListItem\",\"position\":2,\"name\":\"Sch\u00e4tze aus jiddischen Archiven (Teil 2)\"}]},{\"@type\":\"WebSite\",\"@id\":\"https:\\\/\\\/www.iemj.org\\\/de\\\/#website\",\"url\":\"https:\\\/\\\/www.iemj.org\\\/de\\\/\",\"name\":\"Institut Europ\u00e9en des Musiques Juives\",\"description\":\"Des traditions musicales \u00e0 la port\u00e9e de tous\",\"publisher\":{\"@id\":\"https:\\\/\\\/www.iemj.org\\\/de\\\/#organization\"},\"potentialAction\":[{\"@type\":\"SearchAction\",\"target\":{\"@type\":\"EntryPoint\",\"urlTemplate\":\"https:\\\/\\\/www.iemj.org\\\/de\\\/?s={search_term_string}\"},\"query-input\":{\"@type\":\"PropertyValueSpecification\",\"valueRequired\":true,\"valueName\":\"search_term_string\"}}],\"inLanguage\":\"de\"},{\"@type\":\"Organization\",\"@id\":\"https:\\\/\\\/www.iemj.org\\\/de\\\/#organization\",\"name\":\"Institut Europ\u00e9en des Musiques Juives\",\"url\":\"https:\\\/\\\/www.iemj.org\\\/de\\\/\",\"logo\":{\"@type\":\"ImageObject\",\"inLanguage\":\"de\",\"@id\":\"https:\\\/\\\/www.iemj.org\\\/de\\\/#\\\/schema\\\/logo\\\/image\\\/\",\"url\":\"https:\\\/\\\/www.iemj.org\\\/wp-content\\\/uploads\\\/2021\\\/09\\\/Logo-IEMJ-Paypal.jpg\",\"contentUrl\":\"https:\\\/\\\/www.iemj.org\\\/wp-content\\\/uploads\\\/2021\\\/09\\\/Logo-IEMJ-Paypal.jpg\",\"width\":150,\"height\":50,\"caption\":\"Institut Europ\u00e9en des Musiques Juives\"},\"image\":{\"@id\":\"https:\\\/\\\/www.iemj.org\\\/de\\\/#\\\/schema\\\/logo\\\/image\\\/\"},\"sameAs\":[\"https:\\\/\\\/www.facebook.com\\\/MusiquesJuives\\\/\",\"https:\\\/\\\/www.instagram.com\\\/musiquesjuives\\\/\",\"https:\\\/\\\/www.youtube.com\\\/user\\\/musiquesjuives\"]},{\"@type\":\"Person\",\"@id\":\"https:\\\/\\\/www.iemj.org\\\/de\\\/#\\\/schema\\\/person\\\/b642ef6ac700534beb3a478a1044fc58\",\"name\":\"Eleonore Biezunski\",\"image\":{\"@type\":\"ImageObject\",\"inLanguage\":\"de\",\"@id\":\"https:\\\/\\\/secure.gravatar.com\\\/avatar\\\/23ebe6af626286145e05768bed85e683b6fb680909f71fae7052aa52346a660a?s=96&d=mm&r=g\",\"url\":\"https:\\\/\\\/secure.gravatar.com\\\/avatar\\\/23ebe6af626286145e05768bed85e683b6fb680909f71fae7052aa52346a660a?s=96&d=mm&r=g\",\"contentUrl\":\"https:\\\/\\\/secure.gravatar.com\\\/avatar\\\/23ebe6af626286145e05768bed85e683b6fb680909f71fae7052aa52346a660a?s=96&d=mm&r=g\",\"caption\":\"Eleonore Biezunski\"}}]}<\/script>\n<!-- \/ Yoast SEO plugin. -->","yoast_head_json":{"title":"Sch\u00e4tze aus jiddischen Archiven (Teil 2) - Institut Europ\u00e9en des Musiques Juives","robots":{"index":"index","follow":"follow","max-snippet":"max-snippet:-1","max-image-preview":"max-image-preview:large","max-video-preview":"max-video-preview:-1"},"canonical":"https:\/\/www.iemj.org\/de\/tresors-darchives-yiddish-partie-2\/","og_locale":"de_DE","og_type":"article","og_title":"Sch\u00e4tze aus jiddischen Archiven (Teil 2) - Institut Europ\u00e9en des Musiques Juives","og_description":"MUSIQUES JUIVES D\u2019HIER ET D\u2019AUJOURD\u2019HUI &#8211; DIENSTAG, 10. FEBRUAR 2015, JUDA\u00cfQUES FM (94.8), 21.05 UHR.Radiosendung auf Franz\u00f6sisch","og_url":"https:\/\/www.iemj.org\/de\/tresors-darchives-yiddish-partie-2\/","og_site_name":"Institut Europ\u00e9en des Musiques Juives","article_publisher":"https:\/\/www.facebook.com\/MusiquesJuives\/","article_published_time":"2015-02-10T15:34:00+00:00","article_modified_time":"2025-09-21T17:42:58+00:00","og_image":[{"width":136,"height":136,"url":"https:\/\/www.iemj.org\/wp-content\/uploads\/2015\/02\/arton1041.jpg","type":"image\/jpeg"}],"author":"Eleonore Biezunski","twitter_card":"summary_large_image","twitter_misc":{"Verfasst von":"Eleonore Biezunski","Gesch\u00e4tzte Lesezeit":"3\u00a0Minuten"},"schema":{"@context":"https:\/\/schema.org","@graph":[{"@type":"Article","@id":"https:\/\/www.iemj.org\/de\/tresors-darchives-yiddish-partie-2\/#article","isPartOf":{"@id":"https:\/\/www.iemj.org\/de\/tresors-darchives-yiddish-partie-2\/"},"author":{"name":"Eleonore Biezunski","@id":"https:\/\/www.iemj.org\/de\/#\/schema\/person\/b642ef6ac700534beb3a478a1044fc58"},"headline":"Sch\u00e4tze aus jiddischen Archiven (Teil 2)","datePublished":"2015-02-10T15:34:00+00:00","dateModified":"2025-09-21T17:42:58+00:00","mainEntityOfPage":{"@id":"https:\/\/www.iemj.org\/de\/tresors-darchives-yiddish-partie-2\/"},"wordCount":368,"publisher":{"@id":"https:\/\/www.iemj.org\/de\/#organization"},"image":{"@id":"https:\/\/www.iemj.org\/de\/tresors-darchives-yiddish-partie-2\/#primaryimage"},"thumbnailUrl":"https:\/\/www.iemj.org\/wp-content\/uploads\/2015\/02\/arton1041.jpg","keywords":["IEMJ-Radioprogramme"],"articleSection":["Herv\u00e9 Roten Programme","Radiosendungen"],"inLanguage":"de"},{"@type":"WebPage","@id":"https:\/\/www.iemj.org\/de\/tresors-darchives-yiddish-partie-2\/","url":"https:\/\/www.iemj.org\/de\/tresors-darchives-yiddish-partie-2\/","name":"Sch\u00e4tze aus jiddischen Archiven (Teil 2) - Institut Europ\u00e9en des Musiques Juives","isPartOf":{"@id":"https:\/\/www.iemj.org\/de\/#website"},"primaryImageOfPage":{"@id":"https:\/\/www.iemj.org\/de\/tresors-darchives-yiddish-partie-2\/#primaryimage"},"image":{"@id":"https:\/\/www.iemj.org\/de\/tresors-darchives-yiddish-partie-2\/#primaryimage"},"thumbnailUrl":"https:\/\/www.iemj.org\/wp-content\/uploads\/2015\/02\/arton1041.jpg","datePublished":"2015-02-10T15:34:00+00:00","dateModified":"2025-09-21T17:42:58+00:00","breadcrumb":{"@id":"https:\/\/www.iemj.org\/de\/tresors-darchives-yiddish-partie-2\/#breadcrumb"},"inLanguage":"de","potentialAction":[{"@type":"ReadAction","target":["https:\/\/www.iemj.org\/de\/tresors-darchives-yiddish-partie-2\/"]}]},{"@type":"ImageObject","inLanguage":"de","@id":"https:\/\/www.iemj.org\/de\/tresors-darchives-yiddish-partie-2\/#primaryimage","url":"https:\/\/www.iemj.org\/wp-content\/uploads\/2015\/02\/arton1041.jpg","contentUrl":"https:\/\/www.iemj.org\/wp-content\/uploads\/2015\/02\/arton1041.jpg","width":136,"height":136},{"@type":"BreadcrumbList","@id":"https:\/\/www.iemj.org\/de\/tresors-darchives-yiddish-partie-2\/#breadcrumb","itemListElement":[{"@type":"ListItem","position":1,"name":"Accueil","item":"https:\/\/www.iemj.org\/de\/"},{"@type":"ListItem","position":2,"name":"Sch\u00e4tze aus jiddischen Archiven (Teil 2)"}]},{"@type":"WebSite","@id":"https:\/\/www.iemj.org\/de\/#website","url":"https:\/\/www.iemj.org\/de\/","name":"Institut Europ\u00e9en des Musiques Juives","description":"Des traditions musicales \u00e0 la port\u00e9e de tous","publisher":{"@id":"https:\/\/www.iemj.org\/de\/#organization"},"potentialAction":[{"@type":"SearchAction","target":{"@type":"EntryPoint","urlTemplate":"https:\/\/www.iemj.org\/de\/?s={search_term_string}"},"query-input":{"@type":"PropertyValueSpecification","valueRequired":true,"valueName":"search_term_string"}}],"inLanguage":"de"},{"@type":"Organization","@id":"https:\/\/www.iemj.org\/de\/#organization","name":"Institut Europ\u00e9en des Musiques Juives","url":"https:\/\/www.iemj.org\/de\/","logo":{"@type":"ImageObject","inLanguage":"de","@id":"https:\/\/www.iemj.org\/de\/#\/schema\/logo\/image\/","url":"https:\/\/www.iemj.org\/wp-content\/uploads\/2021\/09\/Logo-IEMJ-Paypal.jpg","contentUrl":"https:\/\/www.iemj.org\/wp-content\/uploads\/2021\/09\/Logo-IEMJ-Paypal.jpg","width":150,"height":50,"caption":"Institut Europ\u00e9en des Musiques Juives"},"image":{"@id":"https:\/\/www.iemj.org\/de\/#\/schema\/logo\/image\/"},"sameAs":["https:\/\/www.facebook.com\/MusiquesJuives\/","https:\/\/www.instagram.com\/musiquesjuives\/","https:\/\/www.youtube.com\/user\/musiquesjuives"]},{"@type":"Person","@id":"https:\/\/www.iemj.org\/de\/#\/schema\/person\/b642ef6ac700534beb3a478a1044fc58","name":"Eleonore Biezunski","image":{"@type":"ImageObject","inLanguage":"de","@id":"https:\/\/secure.gravatar.com\/avatar\/23ebe6af626286145e05768bed85e683b6fb680909f71fae7052aa52346a660a?s=96&d=mm&r=g","url":"https:\/\/secure.gravatar.com\/avatar\/23ebe6af626286145e05768bed85e683b6fb680909f71fae7052aa52346a660a?s=96&d=mm&r=g","contentUrl":"https:\/\/secure.gravatar.com\/avatar\/23ebe6af626286145e05768bed85e683b6fb680909f71fae7052aa52346a660a?s=96&d=mm&r=g","caption":"Eleonore Biezunski"}}]}},"_links":{"self":[{"href":"https:\/\/www.iemj.org\/de\/wp-json\/wp\/v2\/posts\/75826","targetHints":{"allow":["GET"]}}],"collection":[{"href":"https:\/\/www.iemj.org\/de\/wp-json\/wp\/v2\/posts"}],"about":[{"href":"https:\/\/www.iemj.org\/de\/wp-json\/wp\/v2\/types\/post"}],"author":[{"embeddable":true,"href":"https:\/\/www.iemj.org\/de\/wp-json\/wp\/v2\/users\/1051"}],"replies":[{"embeddable":true,"href":"https:\/\/www.iemj.org\/de\/wp-json\/wp\/v2\/comments?post=75826"}],"version-history":[{"count":0,"href":"https:\/\/www.iemj.org\/de\/wp-json\/wp\/v2\/posts\/75826\/revisions"}],"wp:featuredmedia":[{"embeddable":true,"href":"https:\/\/www.iemj.org\/de\/wp-json\/wp\/v2\/media\/75827"}],"wp:attachment":[{"href":"https:\/\/www.iemj.org\/de\/wp-json\/wp\/v2\/media?parent=75826"}],"wp:term":[{"taxonomy":"category","embeddable":true,"href":"https:\/\/www.iemj.org\/de\/wp-json\/wp\/v2\/categories?post=75826"},{"taxonomy":"post_tag","embeddable":true,"href":"https:\/\/www.iemj.org\/de\/wp-json\/wp\/v2\/tags?post=75826"},{"taxonomy":"technique","embeddable":true,"href":"https:\/\/www.iemj.org\/de\/wp-json\/wp\/v2\/technique?post=75826"},{"taxonomy":"squelettes","embeddable":true,"href":"https:\/\/www.iemj.org\/de\/wp-json\/wp\/v2\/squelettes?post=75826"},{"taxonomy":"sujet","embeddable":true,"href":"https:\/\/www.iemj.org\/de\/wp-json\/wp\/v2\/sujet?post=75826"},{"taxonomy":"formation","embeddable":true,"href":"https:\/\/www.iemj.org\/de\/wp-json\/wp\/v2\/formation?post=75826"},{"taxonomy":"genre","embeddable":true,"href":"https:\/\/www.iemj.org\/de\/wp-json\/wp\/v2\/genre?post=75826"},{"taxonomy":"fonds","embeddable":true,"href":"https:\/\/www.iemj.org\/de\/wp-json\/wp\/v2\/fonds?post=75826"},{"taxonomy":"tradition","embeddable":true,"href":"https:\/\/www.iemj.org\/de\/wp-json\/wp\/v2\/tradition?post=75826"},{"taxonomy":"type-de-contenu","embeddable":true,"href":"https:\/\/www.iemj.org\/de\/wp-json\/wp\/v2\/type-de-contenu?post=75826"},{"taxonomy":"interprete-compositeur","embeddable":true,"href":"https:\/\/www.iemj.org\/de\/wp-json\/wp\/v2\/interprete-compositeur?post=75826"},{"taxonomy":"frise","embeddable":true,"href":"https:\/\/www.iemj.org\/de\/wp-json\/wp\/v2\/frise?post=75826"},{"taxonomy":"type-devenement","embeddable":true,"href":"https:\/\/www.iemj.org\/de\/wp-json\/wp\/v2\/type-devenement?post=75826"},{"taxonomy":"tableaux-liens-externes","embeddable":true,"href":"https:\/\/www.iemj.org\/de\/wp-json\/wp\/v2\/tableaux-liens-externes?post=75826"}],"curies":[{"name":"wp","href":"https:\/\/api.w.org\/{rel}","templated":true}]}}