{"id":77889,"date":"2022-01-19T10:36:01","date_gmt":"2022-01-19T09:36:01","guid":{"rendered":"https:\/\/www.iemj.org\/krein-alexander-1883-1951\/"},"modified":"2022-09-12T12:28:27","modified_gmt":"2022-09-12T10:28:27","slug":"krein-alexander-1883-1951","status":"publish","type":"post","link":"https:\/\/www.iemj.org\/de\/krein-alexander-1883-1951\/","title":{"rendered":"KREIN, ALEXANDER (1883-1951)"},"content":{"rendered":"<p>Alexander Krein (Aleksander Abramovi\u010d Krejn) wurde am 20. Oktober 1883 in der russischen Stadt Nischni Nowgorod geboren. Sein Vater Abraham war ein Geiger mit einer Leidenschaft f\u00fcr j\u00fcdische Musik, von dessen zehn Kindern sieben zu Berufsmusikern wurden. Nach einer Kindheit, in der er im Orchester seines Vaters Klezmermusik spielte, trat Krein im Alter von dreizehn Jahren in die Celloklasse des Moskauer Konservatoriums ein. Anschlie\u00dfend studierte er Musiktheorie und Komposition bei den Komponisten Sergei Tanejew und Boleslaw Jaworskyj. Er schloss sein Studium 1908 ab und entwickelte einen sehr originellen Kompositionsstil, der die harmonische Sprache moderner Komponisten wie Debussy, Ravel und Skrjabin mit den Melodien und Modi der j\u00fcdischen Volksmusik verband, wie die Komposition seiner beiden <em>Evreiskie eskizi<\/em> (J\u00fcdische Skizzen) f\u00fcr Klarinette und Streichquartett (1909 und 1910) es zeigt, die auf den Melodien des Klezmer-Repertoires seines Vaters basieren und auf Wunsch des Komponisten\u00a0<a href=\"https:\/\/www.iemj.org\/de\/engel-joel-1868-1927\/\">Joel Engel<\/a>\u00a0geschrieben wurden.<\/p>\n<p>Nach dem Erfolg dieser Werke spielte Krein als Komponist und aktives Mitglied des Moskauer Zweigs der Gesellschaft f\u00fcr j\u00fcdische Volksmusik (1913-1919) und ihrer Nachfolgeorganisation, der Gesellschaft f\u00fcr j\u00fcdische Musik (1923-1929), eine wichtige Rolle bei der Entstehung einer nationalen j\u00fcdischen Musik.<\/p>\n<p>Ab 1917 komponierte er zahlreiche St\u00fccke, u. a. f\u00fcr das hebr\u00e4ische Habima-Theater in Moskau und die jiddischen Theater in der Ukraine und in Wei\u00dfrussland. In den 1920er Jahren schrieb er mehrere wichtige Werke, darunter die sinfonische Kantate <em>Kaddisch<\/em> (1921), die\u00a0<em>Erste Klaviersonate<\/em>\u00a0(1922) und die\u00a0<em>Erste Sinfonie<\/em>\u00a0(1922-25).<\/p>\n<p>In diesen Kompositionen verwendete Krein die melodischen Improvisationen und rezitativischen Rhythmen der j\u00fcdischen Volks- und liturgischen Melodien Osteuropas, um seinen Kompositionen einen einzigartigen Charakter zu verleihen, wie man in seiner 1928 komponierten\u00a0<em>J\u00fcdischen <\/em><em>Melodie,<\/em>\u00a0op. 43, f\u00fcr Violoncello und Klavier, h\u00f6ren kann.<\/p>\n<p>Als das kommunistische Regime in den sp\u00e4ten 1920er und 1930er Jahren ideologisch immer restriktiver wurde, versuchte Krein, seine Kunst mit dem wachsenden politischen Druck in Einklang zu bringen. Trotz offensichtlicher politischer Kompromisse wie der Kantate\u00a0<em>Begr\u00e4bnisode zum Gedenken an Lenin<\/em>\u00a0(1926) und dem symphonischen Oratorium\u00a0<em>Die Sto\u00dfbrigade des Weltproletariats der UdSSR<\/em>\u00a0(1932) fuhr Krein bis in die 1940er Jahre fort, in seinem Werk j\u00fcdische musikalische und literarische Themen zu erforschen. Seine Oper\u00a0<em>Zagmuk<\/em>\u00a0(1929), die vom j\u00fcdischen Aufstand im alten Babylon handelt, wurde als erste sowjetische Oper am Bolschoi-Theater in Moskau inszeniert (1930). Im Jahr 1934 wurde ihm der Titel \u201eGeehrter K\u00fcnstler der Sowjetunion\u201c verliehen.<\/p>\n<p>Krein komponierte bis 1941 Musik f\u00fcr die Produktionen des Staatlichen Jiddischen Theaters in Moskau. Seine\u00a0<em>Zweite Symphonie<\/em>\u00a0(1945) ist eine Meditation \u00fcber die historischen Leiden des j\u00fcdischen Volkes von der Fr\u00fchzeit bis zum Holocaust.<\/p>\n\n\n<p>Quellen: Loeffler, James,&nbsp;<a href=\"https:\/\/www.universaledition.com\/alexander-krein-2517#biography\" target=\"_blank\" rel=\"noreferrer noopener\">Pro Musica Hebraica<\/a><\/p>\n\n\n\n<p><\/p>\n\n\n\n<p><strong><a href=\"http:\/\/www.rachelnet.net\/F\/?func=find-c&amp;ccl_term=WRD+%3D+Krein+Alexander+OU+WRD+%3D+Krein+Aleksander&amp;local_base=iemcg\" target=\"_blank\" rel=\"noreferrer noopener\">Greifen Sie auf die Alexander Krein Archive zu<\/a><\/strong><\/p>\n\n\n\n<figure class=\"wp-block-embed is-type-video is-provider-youtube wp-block-embed-youtube wp-embed-aspect-16-9 wp-has-aspect-ratio\"><div class=\"wp-block-embed__wrapper\">\n<iframe title=\"Alexander Krein, Esquisses H\u00e9bra\u00efques pour clarinette et quintette a cordes\" width=\"640\" height=\"360\" src=\"https:\/\/www.youtube.com\/embed\/AZ9Im6THyZA?feature=oembed\" frameborder=\"0\" allow=\"accelerometer; autoplay; clipboard-write; encrypted-media; gyroscope; picture-in-picture; web-share\" referrerpolicy=\"strict-origin-when-cross-origin\" allowfullscreen><\/iframe>\n<\/div><\/figure>\n\n\n\n<figure class=\"wp-block-embed is-type-video is-provider-youtube wp-block-embed-youtube wp-embed-aspect-16-9 wp-has-aspect-ratio\"><div class=\"wp-block-embed__wrapper\">\n<iframe title=\"Alexander Krein: 10 Yiddish Songs performed by Lucy Fitz Gibbon and Ryan MacEvoy McCullough\" width=\"640\" height=\"360\" src=\"https:\/\/www.youtube.com\/embed\/0jTZwuu7ON8?feature=oembed\" frameborder=\"0\" allow=\"accelerometer; autoplay; clipboard-write; encrypted-media; gyroscope; picture-in-picture; web-share\" referrerpolicy=\"strict-origin-when-cross-origin\" allowfullscreen><\/iframe>\n<\/div><\/figure>\n","protected":false},"excerpt":{"rendered":"<p>Alexander Krein (Aleksander Abramovi\u010d Krejn) wurde am 20. Oktober 1883 in der russischen Stadt Nischni Nowgorod geboren. Sein Vater Abraham war ein Geiger mit einer Leidenschaft f\u00fcr j\u00fcdische Musik, von<\/p>\n","protected":false},"author":1045,"featured_media":77820,"comment_status":"closed","ping_status":"closed","sticky":false,"template":"","format":"standard","meta":{"_acf_changed":false,"footnotes":""},"categories":[1415],"tags":[],"technique":[],"squelettes":[],"sujet":[],"formation":[],"genre":[],"fonds":[],"tradition":[],"type-de-contenu":[],"interprete-compositeur":[],"frise":[],"type-devenement":[],"tableaux-liens-externes":[],"class_list":["post-77889","post","type-post","status-publish","format-standard","has-post-thumbnail","hentry","category-biografien-de"],"acf":[],"yoast_head":"<!-- This site is optimized with the Yoast SEO plugin v27.3 - https:\/\/yoast.com\/product\/yoast-seo-wordpress\/ -->\n<title>KREIN, ALEXANDER (1883-1951) - Institut Europ\u00e9en des Musiques Juives<\/title>\n<meta name=\"robots\" content=\"index, follow, max-snippet:-1, max-image-preview:large, max-video-preview:-1\" \/>\n<link rel=\"canonical\" href=\"https:\/\/www.iemj.org\/de\/krein-alexander-1883-1951\/\" \/>\n<meta property=\"og:locale\" content=\"de_DE\" \/>\n<meta property=\"og:type\" content=\"article\" \/>\n<meta property=\"og:title\" content=\"KREIN, ALEXANDER (1883-1951) - Institut Europ\u00e9en des Musiques Juives\" \/>\n<meta property=\"og:description\" content=\"Alexander Krein (Aleksander Abramovi\u010d Krejn) wurde am 20. Oktober 1883 in der russischen Stadt Nischni Nowgorod geboren. Sein Vater Abraham war ein Geiger mit einer Leidenschaft f\u00fcr j\u00fcdische Musik, von\" \/>\n<meta property=\"og:url\" content=\"https:\/\/www.iemj.org\/de\/krein-alexander-1883-1951\/\" \/>\n<meta property=\"og:site_name\" content=\"Institut Europ\u00e9en des Musiques Juives\" \/>\n<meta property=\"article:publisher\" content=\"https:\/\/www.facebook.com\/MusiquesJuives\/\" \/>\n<meta property=\"article:published_time\" content=\"2022-01-19T09:36:01+00:00\" \/>\n<meta property=\"article:modified_time\" content=\"2022-09-12T10:28:27+00:00\" \/>\n<meta property=\"og:image\" content=\"https:\/\/www.iemj.org\/wp-content\/uploads\/2022\/01\/Alexander-Krein-e1643127554453.jpg\" \/>\n\t<meta property=\"og:image:width\" content=\"241\" \/>\n\t<meta property=\"og:image:height\" content=\"218\" \/>\n\t<meta property=\"og:image:type\" content=\"image\/jpeg\" \/>\n<meta name=\"author\" content=\"Herv\u00e9 Roten\" \/>\n<meta name=\"twitter:card\" content=\"summary_large_image\" \/>\n<meta name=\"twitter:label1\" content=\"Verfasst von\" \/>\n\t<meta name=\"twitter:data1\" content=\"Herv\u00e9 Roten\" \/>\n\t<meta name=\"twitter:label2\" content=\"Gesch\u00e4tzte Lesezeit\" \/>\n\t<meta name=\"twitter:data2\" content=\"3\u00a0Minuten\" \/>\n<script type=\"application\/ld+json\" class=\"yoast-schema-graph\">{\"@context\":\"https:\\\/\\\/schema.org\",\"@graph\":[{\"@type\":\"Article\",\"@id\":\"https:\\\/\\\/www.iemj.org\\\/de\\\/krein-alexander-1883-1951\\\/#article\",\"isPartOf\":{\"@id\":\"https:\\\/\\\/www.iemj.org\\\/de\\\/krein-alexander-1883-1951\\\/\"},\"author\":{\"name\":\"Herv\u00e9 Roten\",\"@id\":\"https:\\\/\\\/www.iemj.org\\\/de\\\/#\\\/schema\\\/person\\\/906134402c29d5c76e7b726261dd4bbd\"},\"headline\":\"KREIN, ALEXANDER (1883-1951)\",\"datePublished\":\"2022-01-19T09:36:01+00:00\",\"dateModified\":\"2022-09-12T10:28:27+00:00\",\"mainEntityOfPage\":{\"@id\":\"https:\\\/\\\/www.iemj.org\\\/de\\\/krein-alexander-1883-1951\\\/\"},\"wordCount\":454,\"publisher\":{\"@id\":\"https:\\\/\\\/www.iemj.org\\\/de\\\/#organization\"},\"image\":{\"@id\":\"https:\\\/\\\/www.iemj.org\\\/de\\\/krein-alexander-1883-1951\\\/#primaryimage\"},\"thumbnailUrl\":\"https:\\\/\\\/www.iemj.org\\\/wp-content\\\/uploads\\\/2022\\\/01\\\/Alexander-Krein-e1643127554453.jpg\",\"articleSection\":[\"Biografien\"],\"inLanguage\":\"de\"},{\"@type\":\"WebPage\",\"@id\":\"https:\\\/\\\/www.iemj.org\\\/de\\\/krein-alexander-1883-1951\\\/\",\"url\":\"https:\\\/\\\/www.iemj.org\\\/de\\\/krein-alexander-1883-1951\\\/\",\"name\":\"KREIN, ALEXANDER (1883-1951) - Institut Europ\u00e9en des Musiques Juives\",\"isPartOf\":{\"@id\":\"https:\\\/\\\/www.iemj.org\\\/de\\\/#website\"},\"primaryImageOfPage\":{\"@id\":\"https:\\\/\\\/www.iemj.org\\\/de\\\/krein-alexander-1883-1951\\\/#primaryimage\"},\"image\":{\"@id\":\"https:\\\/\\\/www.iemj.org\\\/de\\\/krein-alexander-1883-1951\\\/#primaryimage\"},\"thumbnailUrl\":\"https:\\\/\\\/www.iemj.org\\\/wp-content\\\/uploads\\\/2022\\\/01\\\/Alexander-Krein-e1643127554453.jpg\",\"datePublished\":\"2022-01-19T09:36:01+00:00\",\"dateModified\":\"2022-09-12T10:28:27+00:00\",\"breadcrumb\":{\"@id\":\"https:\\\/\\\/www.iemj.org\\\/de\\\/krein-alexander-1883-1951\\\/#breadcrumb\"},\"inLanguage\":\"de\",\"potentialAction\":[{\"@type\":\"ReadAction\",\"target\":[\"https:\\\/\\\/www.iemj.org\\\/de\\\/krein-alexander-1883-1951\\\/\"]}]},{\"@type\":\"ImageObject\",\"inLanguage\":\"de\",\"@id\":\"https:\\\/\\\/www.iemj.org\\\/de\\\/krein-alexander-1883-1951\\\/#primaryimage\",\"url\":\"https:\\\/\\\/www.iemj.org\\\/wp-content\\\/uploads\\\/2022\\\/01\\\/Alexander-Krein-e1643127554453.jpg\",\"contentUrl\":\"https:\\\/\\\/www.iemj.org\\\/wp-content\\\/uploads\\\/2022\\\/01\\\/Alexander-Krein-e1643127554453.jpg\",\"width\":241,\"height\":218},{\"@type\":\"BreadcrumbList\",\"@id\":\"https:\\\/\\\/www.iemj.org\\\/de\\\/krein-alexander-1883-1951\\\/#breadcrumb\",\"itemListElement\":[{\"@type\":\"ListItem\",\"position\":1,\"name\":\"Accueil\",\"item\":\"https:\\\/\\\/www.iemj.org\\\/de\\\/\"},{\"@type\":\"ListItem\",\"position\":2,\"name\":\"KREIN, ALEXANDER (1883-1951)\"}]},{\"@type\":\"WebSite\",\"@id\":\"https:\\\/\\\/www.iemj.org\\\/de\\\/#website\",\"url\":\"https:\\\/\\\/www.iemj.org\\\/de\\\/\",\"name\":\"Institut Europ\u00e9en des Musiques Juives\",\"description\":\"Des traditions musicales \u00e0 la port\u00e9e de tous\",\"publisher\":{\"@id\":\"https:\\\/\\\/www.iemj.org\\\/de\\\/#organization\"},\"potentialAction\":[{\"@type\":\"SearchAction\",\"target\":{\"@type\":\"EntryPoint\",\"urlTemplate\":\"https:\\\/\\\/www.iemj.org\\\/de\\\/?s={search_term_string}\"},\"query-input\":{\"@type\":\"PropertyValueSpecification\",\"valueRequired\":true,\"valueName\":\"search_term_string\"}}],\"inLanguage\":\"de\"},{\"@type\":\"Organization\",\"@id\":\"https:\\\/\\\/www.iemj.org\\\/de\\\/#organization\",\"name\":\"Institut Europ\u00e9en des Musiques Juives\",\"url\":\"https:\\\/\\\/www.iemj.org\\\/de\\\/\",\"logo\":{\"@type\":\"ImageObject\",\"inLanguage\":\"de\",\"@id\":\"https:\\\/\\\/www.iemj.org\\\/de\\\/#\\\/schema\\\/logo\\\/image\\\/\",\"url\":\"https:\\\/\\\/www.iemj.org\\\/wp-content\\\/uploads\\\/2021\\\/09\\\/Logo-IEMJ-Paypal.jpg\",\"contentUrl\":\"https:\\\/\\\/www.iemj.org\\\/wp-content\\\/uploads\\\/2021\\\/09\\\/Logo-IEMJ-Paypal.jpg\",\"width\":150,\"height\":50,\"caption\":\"Institut Europ\u00e9en des Musiques Juives\"},\"image\":{\"@id\":\"https:\\\/\\\/www.iemj.org\\\/de\\\/#\\\/schema\\\/logo\\\/image\\\/\"},\"sameAs\":[\"https:\\\/\\\/www.facebook.com\\\/MusiquesJuives\\\/\",\"https:\\\/\\\/www.instagram.com\\\/musiquesjuives\\\/\",\"https:\\\/\\\/www.youtube.com\\\/user\\\/musiquesjuives\"]},{\"@type\":\"Person\",\"@id\":\"https:\\\/\\\/www.iemj.org\\\/de\\\/#\\\/schema\\\/person\\\/906134402c29d5c76e7b726261dd4bbd\",\"name\":\"Herv\u00e9 Roten\",\"image\":{\"@type\":\"ImageObject\",\"inLanguage\":\"de\",\"@id\":\"https:\\\/\\\/secure.gravatar.com\\\/avatar\\\/f96ad2db538a26481f18384936b5cd0610c92d390c4dc382209216d455f685ff?s=96&d=mm&r=g\",\"url\":\"https:\\\/\\\/secure.gravatar.com\\\/avatar\\\/f96ad2db538a26481f18384936b5cd0610c92d390c4dc382209216d455f685ff?s=96&d=mm&r=g\",\"contentUrl\":\"https:\\\/\\\/secure.gravatar.com\\\/avatar\\\/f96ad2db538a26481f18384936b5cd0610c92d390c4dc382209216d455f685ff?s=96&d=mm&r=g\",\"caption\":\"Herv\u00e9 Roten\"}}]}<\/script>\n<!-- \/ Yoast SEO plugin. -->","yoast_head_json":{"title":"KREIN, ALEXANDER (1883-1951) - Institut Europ\u00e9en des Musiques Juives","robots":{"index":"index","follow":"follow","max-snippet":"max-snippet:-1","max-image-preview":"max-image-preview:large","max-video-preview":"max-video-preview:-1"},"canonical":"https:\/\/www.iemj.org\/de\/krein-alexander-1883-1951\/","og_locale":"de_DE","og_type":"article","og_title":"KREIN, ALEXANDER (1883-1951) - Institut Europ\u00e9en des Musiques Juives","og_description":"Alexander Krein (Aleksander Abramovi\u010d Krejn) wurde am 20. Oktober 1883 in der russischen Stadt Nischni Nowgorod geboren. Sein Vater Abraham war ein Geiger mit einer Leidenschaft f\u00fcr j\u00fcdische Musik, von","og_url":"https:\/\/www.iemj.org\/de\/krein-alexander-1883-1951\/","og_site_name":"Institut Europ\u00e9en des Musiques Juives","article_publisher":"https:\/\/www.facebook.com\/MusiquesJuives\/","article_published_time":"2022-01-19T09:36:01+00:00","article_modified_time":"2022-09-12T10:28:27+00:00","og_image":[{"width":241,"height":218,"url":"https:\/\/www.iemj.org\/wp-content\/uploads\/2022\/01\/Alexander-Krein-e1643127554453.jpg","type":"image\/jpeg"}],"author":"Herv\u00e9 Roten","twitter_card":"summary_large_image","twitter_misc":{"Verfasst von":"Herv\u00e9 Roten","Gesch\u00e4tzte Lesezeit":"3\u00a0Minuten"},"schema":{"@context":"https:\/\/schema.org","@graph":[{"@type":"Article","@id":"https:\/\/www.iemj.org\/de\/krein-alexander-1883-1951\/#article","isPartOf":{"@id":"https:\/\/www.iemj.org\/de\/krein-alexander-1883-1951\/"},"author":{"name":"Herv\u00e9 Roten","@id":"https:\/\/www.iemj.org\/de\/#\/schema\/person\/906134402c29d5c76e7b726261dd4bbd"},"headline":"KREIN, ALEXANDER (1883-1951)","datePublished":"2022-01-19T09:36:01+00:00","dateModified":"2022-09-12T10:28:27+00:00","mainEntityOfPage":{"@id":"https:\/\/www.iemj.org\/de\/krein-alexander-1883-1951\/"},"wordCount":454,"publisher":{"@id":"https:\/\/www.iemj.org\/de\/#organization"},"image":{"@id":"https:\/\/www.iemj.org\/de\/krein-alexander-1883-1951\/#primaryimage"},"thumbnailUrl":"https:\/\/www.iemj.org\/wp-content\/uploads\/2022\/01\/Alexander-Krein-e1643127554453.jpg","articleSection":["Biografien"],"inLanguage":"de"},{"@type":"WebPage","@id":"https:\/\/www.iemj.org\/de\/krein-alexander-1883-1951\/","url":"https:\/\/www.iemj.org\/de\/krein-alexander-1883-1951\/","name":"KREIN, ALEXANDER (1883-1951) - Institut Europ\u00e9en des Musiques Juives","isPartOf":{"@id":"https:\/\/www.iemj.org\/de\/#website"},"primaryImageOfPage":{"@id":"https:\/\/www.iemj.org\/de\/krein-alexander-1883-1951\/#primaryimage"},"image":{"@id":"https:\/\/www.iemj.org\/de\/krein-alexander-1883-1951\/#primaryimage"},"thumbnailUrl":"https:\/\/www.iemj.org\/wp-content\/uploads\/2022\/01\/Alexander-Krein-e1643127554453.jpg","datePublished":"2022-01-19T09:36:01+00:00","dateModified":"2022-09-12T10:28:27+00:00","breadcrumb":{"@id":"https:\/\/www.iemj.org\/de\/krein-alexander-1883-1951\/#breadcrumb"},"inLanguage":"de","potentialAction":[{"@type":"ReadAction","target":["https:\/\/www.iemj.org\/de\/krein-alexander-1883-1951\/"]}]},{"@type":"ImageObject","inLanguage":"de","@id":"https:\/\/www.iemj.org\/de\/krein-alexander-1883-1951\/#primaryimage","url":"https:\/\/www.iemj.org\/wp-content\/uploads\/2022\/01\/Alexander-Krein-e1643127554453.jpg","contentUrl":"https:\/\/www.iemj.org\/wp-content\/uploads\/2022\/01\/Alexander-Krein-e1643127554453.jpg","width":241,"height":218},{"@type":"BreadcrumbList","@id":"https:\/\/www.iemj.org\/de\/krein-alexander-1883-1951\/#breadcrumb","itemListElement":[{"@type":"ListItem","position":1,"name":"Accueil","item":"https:\/\/www.iemj.org\/de\/"},{"@type":"ListItem","position":2,"name":"KREIN, ALEXANDER (1883-1951)"}]},{"@type":"WebSite","@id":"https:\/\/www.iemj.org\/de\/#website","url":"https:\/\/www.iemj.org\/de\/","name":"Institut Europ\u00e9en des Musiques Juives","description":"Des traditions musicales \u00e0 la port\u00e9e de tous","publisher":{"@id":"https:\/\/www.iemj.org\/de\/#organization"},"potentialAction":[{"@type":"SearchAction","target":{"@type":"EntryPoint","urlTemplate":"https:\/\/www.iemj.org\/de\/?s={search_term_string}"},"query-input":{"@type":"PropertyValueSpecification","valueRequired":true,"valueName":"search_term_string"}}],"inLanguage":"de"},{"@type":"Organization","@id":"https:\/\/www.iemj.org\/de\/#organization","name":"Institut Europ\u00e9en des Musiques Juives","url":"https:\/\/www.iemj.org\/de\/","logo":{"@type":"ImageObject","inLanguage":"de","@id":"https:\/\/www.iemj.org\/de\/#\/schema\/logo\/image\/","url":"https:\/\/www.iemj.org\/wp-content\/uploads\/2021\/09\/Logo-IEMJ-Paypal.jpg","contentUrl":"https:\/\/www.iemj.org\/wp-content\/uploads\/2021\/09\/Logo-IEMJ-Paypal.jpg","width":150,"height":50,"caption":"Institut Europ\u00e9en des Musiques Juives"},"image":{"@id":"https:\/\/www.iemj.org\/de\/#\/schema\/logo\/image\/"},"sameAs":["https:\/\/www.facebook.com\/MusiquesJuives\/","https:\/\/www.instagram.com\/musiquesjuives\/","https:\/\/www.youtube.com\/user\/musiquesjuives"]},{"@type":"Person","@id":"https:\/\/www.iemj.org\/de\/#\/schema\/person\/906134402c29d5c76e7b726261dd4bbd","name":"Herv\u00e9 Roten","image":{"@type":"ImageObject","inLanguage":"de","@id":"https:\/\/secure.gravatar.com\/avatar\/f96ad2db538a26481f18384936b5cd0610c92d390c4dc382209216d455f685ff?s=96&d=mm&r=g","url":"https:\/\/secure.gravatar.com\/avatar\/f96ad2db538a26481f18384936b5cd0610c92d390c4dc382209216d455f685ff?s=96&d=mm&r=g","contentUrl":"https:\/\/secure.gravatar.com\/avatar\/f96ad2db538a26481f18384936b5cd0610c92d390c4dc382209216d455f685ff?s=96&d=mm&r=g","caption":"Herv\u00e9 Roten"}}]}},"_links":{"self":[{"href":"https:\/\/www.iemj.org\/de\/wp-json\/wp\/v2\/posts\/77889","targetHints":{"allow":["GET"]}}],"collection":[{"href":"https:\/\/www.iemj.org\/de\/wp-json\/wp\/v2\/posts"}],"about":[{"href":"https:\/\/www.iemj.org\/de\/wp-json\/wp\/v2\/types\/post"}],"author":[{"embeddable":true,"href":"https:\/\/www.iemj.org\/de\/wp-json\/wp\/v2\/users\/1045"}],"replies":[{"embeddable":true,"href":"https:\/\/www.iemj.org\/de\/wp-json\/wp\/v2\/comments?post=77889"}],"version-history":[{"count":0,"href":"https:\/\/www.iemj.org\/de\/wp-json\/wp\/v2\/posts\/77889\/revisions"}],"wp:featuredmedia":[{"embeddable":true,"href":"https:\/\/www.iemj.org\/de\/wp-json\/wp\/v2\/media\/77820"}],"wp:attachment":[{"href":"https:\/\/www.iemj.org\/de\/wp-json\/wp\/v2\/media?parent=77889"}],"wp:term":[{"taxonomy":"category","embeddable":true,"href":"https:\/\/www.iemj.org\/de\/wp-json\/wp\/v2\/categories?post=77889"},{"taxonomy":"post_tag","embeddable":true,"href":"https:\/\/www.iemj.org\/de\/wp-json\/wp\/v2\/tags?post=77889"},{"taxonomy":"technique","embeddable":true,"href":"https:\/\/www.iemj.org\/de\/wp-json\/wp\/v2\/technique?post=77889"},{"taxonomy":"squelettes","embeddable":true,"href":"https:\/\/www.iemj.org\/de\/wp-json\/wp\/v2\/squelettes?post=77889"},{"taxonomy":"sujet","embeddable":true,"href":"https:\/\/www.iemj.org\/de\/wp-json\/wp\/v2\/sujet?post=77889"},{"taxonomy":"formation","embeddable":true,"href":"https:\/\/www.iemj.org\/de\/wp-json\/wp\/v2\/formation?post=77889"},{"taxonomy":"genre","embeddable":true,"href":"https:\/\/www.iemj.org\/de\/wp-json\/wp\/v2\/genre?post=77889"},{"taxonomy":"fonds","embeddable":true,"href":"https:\/\/www.iemj.org\/de\/wp-json\/wp\/v2\/fonds?post=77889"},{"taxonomy":"tradition","embeddable":true,"href":"https:\/\/www.iemj.org\/de\/wp-json\/wp\/v2\/tradition?post=77889"},{"taxonomy":"type-de-contenu","embeddable":true,"href":"https:\/\/www.iemj.org\/de\/wp-json\/wp\/v2\/type-de-contenu?post=77889"},{"taxonomy":"interprete-compositeur","embeddable":true,"href":"https:\/\/www.iemj.org\/de\/wp-json\/wp\/v2\/interprete-compositeur?post=77889"},{"taxonomy":"frise","embeddable":true,"href":"https:\/\/www.iemj.org\/de\/wp-json\/wp\/v2\/frise?post=77889"},{"taxonomy":"type-devenement","embeddable":true,"href":"https:\/\/www.iemj.org\/de\/wp-json\/wp\/v2\/type-devenement?post=77889"},{"taxonomy":"tableaux-liens-externes","embeddable":true,"href":"https:\/\/www.iemj.org\/de\/wp-json\/wp\/v2\/tableaux-liens-externes?post=77889"}],"curies":[{"name":"wp","href":"https:\/\/api.w.org\/{rel}","templated":true}]}}