{"id":78045,"date":"2022-01-18T18:21:45","date_gmt":"2022-01-18T17:21:45","guid":{"rendered":"https:\/\/www.iemj.org\/concert-de-melodies-hebraiques-pour-violoncelle-et-piano\/"},"modified":"2022-12-29T11:02:48","modified_gmt":"2022-12-29T10:02:48","slug":"concert-de-melodies-hebraiques-pour-violoncelle-et-piano","status":"publish","type":"post","link":"https:\/\/www.iemj.org\/de\/concert-de-melodies-hebraiques-pour-violoncelle-et-piano\/","title":{"rendered":"Konzert &#8222;Hebra\u00efsche Melodien f\u00fcr Cello und Klavier&#8220;"},"content":{"rendered":"<h2 style=\"text-align: center;\"><strong>Mittwoch, 9. Februar 2022, 19 Uhr<\/strong><\/h2>\n<h2 style=\"text-align: center;\"><strong>Mus\u00e9e d\u2019Art et d\u2019Histoire du Juda\u00efsme &#8211; Paris<\/strong><\/h2>\n<h3 style=\"text-align: center;\">\u00a0<\/h3>\n<h3 style=\"text-align: center;\"><strong><em>Ein Konzert des IEMJ, in Partnerschaft mit dem MAHJ,<\/em><\/strong><br \/><strong><em>Mit der Unterst\u00fctzung der Fondation Henriette Halphen<\/em><\/strong><br \/><strong><em>unter der Schirmherrschaft der Fondation du Juda\u00efsme Fran\u00e7ais<\/em><\/strong><\/h3>\n<p>\u00a0<\/p>\n<h1 style=\"text-align: center;\"><span style=\"color: #ff0000;\"><strong>VOLLST\u00c4NDIGES KONZERT<\/strong><\/span><\/h1>\n<center><\/center>\n<p><!--more--><\/p>\n<p>Anl\u00e4sslich der Ver\u00f6ffentlichung der CD <strong><a href=\"https:\/\/www.iemj.org\/de\/melodies-hebraiques-pour-violoncelle-et-piano-volume-2\/\" target=\"_blank\" rel=\"noopener\">M\u00e9lodies h\u00e9bra\u00efques pour violoncelle et piano, vol. 2<\/a><\/strong> bei Editions de l&#8217;IEMJ, laden Sie das Institut Europ\u00e9en des Musiques Juives und das Mus\u00e9e d&#8217;Art et d&#8217;Histoire du Juda\u00efsme zu einem au\u00dfergew\u00f6hnlichen Konzert ein, das von Sarah Iancu, Solocellistin des Orchestre National du Capitole de Toulouse, und dem virtuosen Pianisten David Bismuth interpretiert wird.<\/p>\n<p>Diese K\u00fcnstler werden uns ein Repertoire vorstellen, das von liturgischer Musik, chassidischen Melodien, jiddischen und j\u00fcdisch-spanischen Liedern inspiriert ist und Werke von Ernest Bloch, Maurice Ravel, Darius Milhaud, Fernand Halphen, Vladimir Dyck, Victor Ullmann, Abraham Goldfaden, Jack Yellen oder Joaquin Nin-Culmell enth\u00e4lt.<\/p>\n<p>Ein Teil des Konzerts beleuchtet auch Komponisten der &#8222;Neuen J\u00fcdischen Schule&#8220; in St. Petersburg &#8211; wie Lazare Saminsky, Jacob Weinberg oder Leo Zeitlin -, die sich unter dem Einfluss der russischen Folkloristen um die Wende zum 20. Jahrhundert mit der Schaffung einer nationalen j\u00fcdischen Musik besch\u00e4ftigten.<\/p>\n<h3>Programm<\/h3>\n<p><em>Eli Zion<\/em>, Leo Zeitlin (1884-1930)<br \/><em>Chasidic Suite<\/em>, Lazare Saminsky (1882-1959)<br \/><em>Rozinkhes mit mandlen<\/em>, Abraham Goldfaden (1840-1908)<br \/><em>Ten Jewish songs<\/em> (n\u00b0 3, 9, 5), Jacob Weinberg (1879-1956)<br \/><em>Hebr\u00e4ische Meditation<\/em>, Ernest Bloch (1880-1959)<br \/><em>Gebet<\/em>, Fernand Halphen (1872-1917) <br \/><em>Sechs hebr\u00e4ische Volkslieder<\/em> (Nr. 1, 6), Darius Milhaud (1892-1974)<br \/><em>Kaddisch<\/em>, Maurice Ravel (1875-1937) <br \/><em>Drei Jiddische Lieder<\/em>, Viktor Ullmann (1898-1944)<br \/><em>Hebr\u00e4ische Legende<\/em>, Vladimir Dyck (1882-1943)<br \/><em>Kol nidre<\/em>, Mario Castelnuovo-Tedesco (1895-1968)<br \/><em>Seis Canciones populares sefardies<\/em> (n\u00b0 6, 1), Joaquin Nin-Culmell (1908-2004)<br \/><em>Aus der j\u00fcdischen Volksdichtung<\/em> (Nr. 9, 7), Dimitri Chostakovitch (1906-1975)<br \/><em>My Yiddishe Momme<\/em>, Lew Pollack (1895-1946) &amp; Jack Yellen (1892-1991)<\/p>\n<p><a href=\"https:\/\/www.mahj.org\/fr\/programme\/melodies-hebraiques-pour-violoncelle-et-piano-77478\">Siehe die Ank\u00fcndigung auf der Website des MAHJ.<\/a><\/p>\n<p><a href=\"https:\/\/www.iemj.org\/de\/concert-melodies-hebraiques-2-2\/\">Sehen Sie sich Videoausschnitte des Konzerts an.<\/a><\/p>\n\n\n<figure class=\"wp-block-table\"><table><tbody><tr><td><strong>Auditorium du MAHJ<br><\/strong>H\u00f4tel de Saint-Aignan,<br>71 Rue du Temple, 75003 Paris<br>(Metro Linie 11 Rambuteau oder Linie 1 H\u00f4tel de Ville)<br><br><strong>Preise:<br><\/strong>20 \u20ac \/ <strong>15 \u20ac (erm\u00e4\u00dfigt und Freunde des MAHJ und des IEMJ)<\/strong>.<\/td><td><strong>Reservierungen:<br><\/strong>\u2022 Online-Ticketing auf <a href=\"https:\/\/mahj.tickeasy.com\/fr-FR\/produits?famille=2201834407890400108\" target=\"_blank\" rel=\"noreferrer noopener\"><strong>mahj.org<\/strong><\/a><br>\u2022 Vor Ort, im Kartenb\u00fcro des MAHJ<br>(von Dienstags bis Samstags von 15.00 bis 17.00 Uhr)<br>\u2022 Per Telefon unter 01 53 01 86 57<br>(Montags und Mittwochs von 10.30 bis 13 Uhr)<\/td><\/tr><\/tbody><\/table><\/figure>\n\n\n\n<div class=\"wp-block-columns is-layout-flex wp-container-core-columns-is-layout-9d6595d7 wp-block-columns-is-layout-flex\">\n<div class=\"wp-block-column is-layout-flow wp-block-column-is-layout-flow\" style=\"flex-basis:100%\">\n<div class=\"wp-block-columns is-layout-flex wp-container-core-columns-is-layout-9d6595d7 wp-block-columns-is-layout-flex\">\n<div class=\"wp-block-column is-layout-flow wp-block-column-is-layout-flow\">\n<figure class=\"wp-block-image size-full\"><img decoding=\"async\" src=\"https:\/\/www.iemj.org\/wp-content\/uploads\/2022\/01\/Logo-IEMJ-horizontal-courrier-et-rapport-site-IEMJ-e1642590912187.jpg\" alt=\"\" class=\"wp-image-77967\"\/><\/figure>\n<\/div>\n\n\n\n<div class=\"wp-block-column is-layout-flow wp-block-column-is-layout-flow\">\n<figure class=\"wp-block-image size-full\"><img decoding=\"async\" src=\"https:\/\/www.iemj.org\/wp-content\/uploads\/2022\/01\/logo-MAHJ-01-site-IEMJ-e1642590944716.jpg\" alt=\"\" class=\"wp-image-77972\"\/><\/figure>\n<\/div>\n\n\n\n<div class=\"wp-block-column is-layout-flow wp-block-column-is-layout-flow\">\n<figure class=\"wp-block-image size-full\"><img decoding=\"async\" src=\"https:\/\/www.iemj.org\/wp-content\/uploads\/2022\/01\/Logo-carre-Fondation-Henriette-Halphen-NB-site-IEMJ-e1642590972329.jpg\" alt=\"\" class=\"wp-image-77977\"\/><\/figure>\n<\/div>\n<\/div>\n<\/div>\n<\/div>\n","protected":false},"excerpt":{"rendered":"<p>Mittwoch, 9. Februar 2022, 19 Uhr Mus\u00e9e d\u2019Art et d\u2019Histoire du Juda\u00efsme &#8211; Paris \u00a0 Ein Konzert des IEMJ, in Partnerschaft mit dem MAHJ,Mit der Unterst\u00fctzung der Fondation Henriette Halphenunter<\/p>\n","protected":false},"author":5,"featured_media":77784,"comment_status":"closed","ping_status":"open","sticky":false,"template":"","format":"standard","meta":{"_acf_changed":false,"footnotes":""},"categories":[1378,1370],"tags":[2225],"technique":[],"squelettes":[],"sujet":[],"formation":[],"genre":[],"fonds":[],"tradition":[],"type-de-contenu":[],"interprete-compositeur":[],"frise":[],"type-devenement":[],"tableaux-liens-externes":[],"class_list":["post-78045","post","type-post","status-publish","format-standard","has-post-thumbnail","hentry","category-konzerte-veranstaltungen-de","category-veranstaltungen-de","tag-veranstaltungen-iemj-de"],"acf":[],"yoast_head":"<!-- This site is optimized with the Yoast SEO plugin v27.3 - https:\/\/yoast.com\/product\/yoast-seo-wordpress\/ -->\n<title>Konzert &quot;Hebra\u00efsche Melodien f\u00fcr Cello und Klavier&quot; - Institut Europ\u00e9en des Musiques Juives<\/title>\n<meta name=\"robots\" content=\"index, follow, max-snippet:-1, max-image-preview:large, max-video-preview:-1\" \/>\n<link rel=\"canonical\" href=\"https:\/\/www.iemj.org\/de\/concert-de-melodies-hebraiques-pour-violoncelle-et-piano\/\" \/>\n<meta property=\"og:locale\" content=\"de_DE\" \/>\n<meta property=\"og:type\" content=\"article\" \/>\n<meta property=\"og:title\" content=\"Konzert &quot;Hebra\u00efsche Melodien f\u00fcr Cello und Klavier&quot; - Institut Europ\u00e9en des Musiques Juives\" \/>\n<meta property=\"og:description\" content=\"Mittwoch, 9. Februar 2022, 19 Uhr Mus\u00e9e d\u2019Art et d\u2019Histoire du Juda\u00efsme &#8211; Paris \u00a0 Ein Konzert des IEMJ, in Partnerschaft mit dem MAHJ,Mit der Unterst\u00fctzung der Fondation Henriette Halphenunter\" \/>\n<meta property=\"og:url\" content=\"https:\/\/www.iemj.org\/de\/concert-de-melodies-hebraiques-pour-violoncelle-et-piano\/\" \/>\n<meta property=\"og:site_name\" content=\"Institut Europ\u00e9en des Musiques Juives\" \/>\n<meta property=\"article:publisher\" content=\"https:\/\/www.facebook.com\/MusiquesJuives\/\" \/>\n<meta property=\"article:published_time\" content=\"2022-01-18T17:21:45+00:00\" \/>\n<meta property=\"article:modified_time\" content=\"2022-12-29T10:02:48+00:00\" \/>\n<meta property=\"og:image\" content=\"https:\/\/www.iemj.org\/wp-content\/uploads\/2022\/01\/Sarah-Iancu-et-David-Bismuth-en-concert_Gil-Pressnitzer.jpeg\" \/>\n\t<meta property=\"og:image:width\" content=\"600\" \/>\n\t<meta property=\"og:image:height\" content=\"450\" \/>\n\t<meta property=\"og:image:type\" content=\"image\/jpeg\" \/>\n<meta name=\"author\" content=\"Jacqueline ROTEN\" \/>\n<meta name=\"twitter:card\" content=\"summary_large_image\" \/>\n<meta name=\"twitter:label1\" content=\"Verfasst von\" \/>\n\t<meta name=\"twitter:data1\" content=\"Jacqueline ROTEN\" \/>\n\t<meta name=\"twitter:label2\" content=\"Gesch\u00e4tzte Lesezeit\" \/>\n\t<meta name=\"twitter:data2\" content=\"3\u00a0Minuten\" \/>\n<script type=\"application\/ld+json\" class=\"yoast-schema-graph\">{\"@context\":\"https:\\\/\\\/schema.org\",\"@graph\":[{\"@type\":\"Article\",\"@id\":\"https:\\\/\\\/www.iemj.org\\\/de\\\/concert-de-melodies-hebraiques-pour-violoncelle-et-piano\\\/#article\",\"isPartOf\":{\"@id\":\"https:\\\/\\\/www.iemj.org\\\/de\\\/concert-de-melodies-hebraiques-pour-violoncelle-et-piano\\\/\"},\"author\":{\"name\":\"Jacqueline ROTEN\",\"@id\":\"https:\\\/\\\/www.iemj.org\\\/de\\\/#\\\/schema\\\/person\\\/358e26c18aca017fcc4cc15437f7279c\"},\"headline\":\"Konzert &#8222;Hebra\u00efsche Melodien f\u00fcr Cello und Klavier&#8220;\",\"datePublished\":\"2022-01-18T17:21:45+00:00\",\"dateModified\":\"2022-12-29T10:02:48+00:00\",\"mainEntityOfPage\":{\"@id\":\"https:\\\/\\\/www.iemj.org\\\/de\\\/concert-de-melodies-hebraiques-pour-violoncelle-et-piano\\\/\"},\"wordCount\":381,\"publisher\":{\"@id\":\"https:\\\/\\\/www.iemj.org\\\/de\\\/#organization\"},\"image\":{\"@id\":\"https:\\\/\\\/www.iemj.org\\\/de\\\/concert-de-melodies-hebraiques-pour-violoncelle-et-piano\\\/#primaryimage\"},\"thumbnailUrl\":\"https:\\\/\\\/www.iemj.org\\\/wp-content\\\/uploads\\\/2022\\\/01\\\/Sarah-Iancu-et-David-Bismuth-en-concert_Gil-Pressnitzer.jpeg\",\"keywords\":[\"Veranstaltungen IEMJ\"],\"articleSection\":[\"Konzerte\",\"Veranstaltungen\"],\"inLanguage\":\"de\"},{\"@type\":\"WebPage\",\"@id\":\"https:\\\/\\\/www.iemj.org\\\/de\\\/concert-de-melodies-hebraiques-pour-violoncelle-et-piano\\\/\",\"url\":\"https:\\\/\\\/www.iemj.org\\\/de\\\/concert-de-melodies-hebraiques-pour-violoncelle-et-piano\\\/\",\"name\":\"Konzert \\\"Hebra\u00efsche Melodien f\u00fcr Cello und Klavier\\\" - Institut Europ\u00e9en des Musiques Juives\",\"isPartOf\":{\"@id\":\"https:\\\/\\\/www.iemj.org\\\/de\\\/#website\"},\"primaryImageOfPage\":{\"@id\":\"https:\\\/\\\/www.iemj.org\\\/de\\\/concert-de-melodies-hebraiques-pour-violoncelle-et-piano\\\/#primaryimage\"},\"image\":{\"@id\":\"https:\\\/\\\/www.iemj.org\\\/de\\\/concert-de-melodies-hebraiques-pour-violoncelle-et-piano\\\/#primaryimage\"},\"thumbnailUrl\":\"https:\\\/\\\/www.iemj.org\\\/wp-content\\\/uploads\\\/2022\\\/01\\\/Sarah-Iancu-et-David-Bismuth-en-concert_Gil-Pressnitzer.jpeg\",\"datePublished\":\"2022-01-18T17:21:45+00:00\",\"dateModified\":\"2022-12-29T10:02:48+00:00\",\"breadcrumb\":{\"@id\":\"https:\\\/\\\/www.iemj.org\\\/de\\\/concert-de-melodies-hebraiques-pour-violoncelle-et-piano\\\/#breadcrumb\"},\"inLanguage\":\"de\",\"potentialAction\":[{\"@type\":\"ReadAction\",\"target\":[\"https:\\\/\\\/www.iemj.org\\\/de\\\/concert-de-melodies-hebraiques-pour-violoncelle-et-piano\\\/\"]}]},{\"@type\":\"ImageObject\",\"inLanguage\":\"de\",\"@id\":\"https:\\\/\\\/www.iemj.org\\\/de\\\/concert-de-melodies-hebraiques-pour-violoncelle-et-piano\\\/#primaryimage\",\"url\":\"https:\\\/\\\/www.iemj.org\\\/wp-content\\\/uploads\\\/2022\\\/01\\\/Sarah-Iancu-et-David-Bismuth-en-concert_Gil-Pressnitzer.jpeg\",\"contentUrl\":\"https:\\\/\\\/www.iemj.org\\\/wp-content\\\/uploads\\\/2022\\\/01\\\/Sarah-Iancu-et-David-Bismuth-en-concert_Gil-Pressnitzer.jpeg\",\"width\":600,\"height\":450},{\"@type\":\"BreadcrumbList\",\"@id\":\"https:\\\/\\\/www.iemj.org\\\/de\\\/concert-de-melodies-hebraiques-pour-violoncelle-et-piano\\\/#breadcrumb\",\"itemListElement\":[{\"@type\":\"ListItem\",\"position\":1,\"name\":\"Accueil\",\"item\":\"https:\\\/\\\/www.iemj.org\\\/de\\\/\"},{\"@type\":\"ListItem\",\"position\":2,\"name\":\"Konzert &#8222;Hebra\u00efsche Melodien f\u00fcr Cello und Klavier&#8220;\"}]},{\"@type\":\"WebSite\",\"@id\":\"https:\\\/\\\/www.iemj.org\\\/de\\\/#website\",\"url\":\"https:\\\/\\\/www.iemj.org\\\/de\\\/\",\"name\":\"Institut Europ\u00e9en des Musiques Juives\",\"description\":\"Des traditions musicales \u00e0 la port\u00e9e de tous\",\"publisher\":{\"@id\":\"https:\\\/\\\/www.iemj.org\\\/de\\\/#organization\"},\"potentialAction\":[{\"@type\":\"SearchAction\",\"target\":{\"@type\":\"EntryPoint\",\"urlTemplate\":\"https:\\\/\\\/www.iemj.org\\\/de\\\/?s={search_term_string}\"},\"query-input\":{\"@type\":\"PropertyValueSpecification\",\"valueRequired\":true,\"valueName\":\"search_term_string\"}}],\"inLanguage\":\"de\"},{\"@type\":\"Organization\",\"@id\":\"https:\\\/\\\/www.iemj.org\\\/de\\\/#organization\",\"name\":\"Institut Europ\u00e9en des Musiques Juives\",\"url\":\"https:\\\/\\\/www.iemj.org\\\/de\\\/\",\"logo\":{\"@type\":\"ImageObject\",\"inLanguage\":\"de\",\"@id\":\"https:\\\/\\\/www.iemj.org\\\/de\\\/#\\\/schema\\\/logo\\\/image\\\/\",\"url\":\"https:\\\/\\\/www.iemj.org\\\/wp-content\\\/uploads\\\/2021\\\/09\\\/Logo-IEMJ-Paypal.jpg\",\"contentUrl\":\"https:\\\/\\\/www.iemj.org\\\/wp-content\\\/uploads\\\/2021\\\/09\\\/Logo-IEMJ-Paypal.jpg\",\"width\":150,\"height\":50,\"caption\":\"Institut Europ\u00e9en des Musiques Juives\"},\"image\":{\"@id\":\"https:\\\/\\\/www.iemj.org\\\/de\\\/#\\\/schema\\\/logo\\\/image\\\/\"},\"sameAs\":[\"https:\\\/\\\/www.facebook.com\\\/MusiquesJuives\\\/\",\"https:\\\/\\\/www.instagram.com\\\/musiquesjuives\\\/\",\"https:\\\/\\\/www.youtube.com\\\/user\\\/musiquesjuives\"]},{\"@type\":\"Person\",\"@id\":\"https:\\\/\\\/www.iemj.org\\\/de\\\/#\\\/schema\\\/person\\\/358e26c18aca017fcc4cc15437f7279c\",\"name\":\"Jacqueline ROTEN\",\"image\":{\"@type\":\"ImageObject\",\"inLanguage\":\"de\",\"@id\":\"https:\\\/\\\/secure.gravatar.com\\\/avatar\\\/5964256d6c6957de3a3505278957e0fb2a35119ac47ea41827a65301213c810b?s=96&d=mm&r=g\",\"url\":\"https:\\\/\\\/secure.gravatar.com\\\/avatar\\\/5964256d6c6957de3a3505278957e0fb2a35119ac47ea41827a65301213c810b?s=96&d=mm&r=g\",\"contentUrl\":\"https:\\\/\\\/secure.gravatar.com\\\/avatar\\\/5964256d6c6957de3a3505278957e0fb2a35119ac47ea41827a65301213c810b?s=96&d=mm&r=g\",\"caption\":\"Jacqueline ROTEN\"}}]}<\/script>\n<!-- \/ Yoast SEO plugin. -->","yoast_head_json":{"title":"Konzert \"Hebra\u00efsche Melodien f\u00fcr Cello und Klavier\" - Institut Europ\u00e9en des Musiques Juives","robots":{"index":"index","follow":"follow","max-snippet":"max-snippet:-1","max-image-preview":"max-image-preview:large","max-video-preview":"max-video-preview:-1"},"canonical":"https:\/\/www.iemj.org\/de\/concert-de-melodies-hebraiques-pour-violoncelle-et-piano\/","og_locale":"de_DE","og_type":"article","og_title":"Konzert \"Hebra\u00efsche Melodien f\u00fcr Cello und Klavier\" - Institut Europ\u00e9en des Musiques Juives","og_description":"Mittwoch, 9. Februar 2022, 19 Uhr Mus\u00e9e d\u2019Art et d\u2019Histoire du Juda\u00efsme &#8211; Paris \u00a0 Ein Konzert des IEMJ, in Partnerschaft mit dem MAHJ,Mit der Unterst\u00fctzung der Fondation Henriette Halphenunter","og_url":"https:\/\/www.iemj.org\/de\/concert-de-melodies-hebraiques-pour-violoncelle-et-piano\/","og_site_name":"Institut Europ\u00e9en des Musiques Juives","article_publisher":"https:\/\/www.facebook.com\/MusiquesJuives\/","article_published_time":"2022-01-18T17:21:45+00:00","article_modified_time":"2022-12-29T10:02:48+00:00","og_image":[{"width":600,"height":450,"url":"https:\/\/www.iemj.org\/wp-content\/uploads\/2022\/01\/Sarah-Iancu-et-David-Bismuth-en-concert_Gil-Pressnitzer.jpeg","type":"image\/jpeg"}],"author":"Jacqueline ROTEN","twitter_card":"summary_large_image","twitter_misc":{"Verfasst von":"Jacqueline ROTEN","Gesch\u00e4tzte Lesezeit":"3\u00a0Minuten"},"schema":{"@context":"https:\/\/schema.org","@graph":[{"@type":"Article","@id":"https:\/\/www.iemj.org\/de\/concert-de-melodies-hebraiques-pour-violoncelle-et-piano\/#article","isPartOf":{"@id":"https:\/\/www.iemj.org\/de\/concert-de-melodies-hebraiques-pour-violoncelle-et-piano\/"},"author":{"name":"Jacqueline ROTEN","@id":"https:\/\/www.iemj.org\/de\/#\/schema\/person\/358e26c18aca017fcc4cc15437f7279c"},"headline":"Konzert &#8222;Hebra\u00efsche Melodien f\u00fcr Cello und Klavier&#8220;","datePublished":"2022-01-18T17:21:45+00:00","dateModified":"2022-12-29T10:02:48+00:00","mainEntityOfPage":{"@id":"https:\/\/www.iemj.org\/de\/concert-de-melodies-hebraiques-pour-violoncelle-et-piano\/"},"wordCount":381,"publisher":{"@id":"https:\/\/www.iemj.org\/de\/#organization"},"image":{"@id":"https:\/\/www.iemj.org\/de\/concert-de-melodies-hebraiques-pour-violoncelle-et-piano\/#primaryimage"},"thumbnailUrl":"https:\/\/www.iemj.org\/wp-content\/uploads\/2022\/01\/Sarah-Iancu-et-David-Bismuth-en-concert_Gil-Pressnitzer.jpeg","keywords":["Veranstaltungen IEMJ"],"articleSection":["Konzerte","Veranstaltungen"],"inLanguage":"de"},{"@type":"WebPage","@id":"https:\/\/www.iemj.org\/de\/concert-de-melodies-hebraiques-pour-violoncelle-et-piano\/","url":"https:\/\/www.iemj.org\/de\/concert-de-melodies-hebraiques-pour-violoncelle-et-piano\/","name":"Konzert \"Hebra\u00efsche Melodien f\u00fcr Cello und Klavier\" - Institut Europ\u00e9en des Musiques Juives","isPartOf":{"@id":"https:\/\/www.iemj.org\/de\/#website"},"primaryImageOfPage":{"@id":"https:\/\/www.iemj.org\/de\/concert-de-melodies-hebraiques-pour-violoncelle-et-piano\/#primaryimage"},"image":{"@id":"https:\/\/www.iemj.org\/de\/concert-de-melodies-hebraiques-pour-violoncelle-et-piano\/#primaryimage"},"thumbnailUrl":"https:\/\/www.iemj.org\/wp-content\/uploads\/2022\/01\/Sarah-Iancu-et-David-Bismuth-en-concert_Gil-Pressnitzer.jpeg","datePublished":"2022-01-18T17:21:45+00:00","dateModified":"2022-12-29T10:02:48+00:00","breadcrumb":{"@id":"https:\/\/www.iemj.org\/de\/concert-de-melodies-hebraiques-pour-violoncelle-et-piano\/#breadcrumb"},"inLanguage":"de","potentialAction":[{"@type":"ReadAction","target":["https:\/\/www.iemj.org\/de\/concert-de-melodies-hebraiques-pour-violoncelle-et-piano\/"]}]},{"@type":"ImageObject","inLanguage":"de","@id":"https:\/\/www.iemj.org\/de\/concert-de-melodies-hebraiques-pour-violoncelle-et-piano\/#primaryimage","url":"https:\/\/www.iemj.org\/wp-content\/uploads\/2022\/01\/Sarah-Iancu-et-David-Bismuth-en-concert_Gil-Pressnitzer.jpeg","contentUrl":"https:\/\/www.iemj.org\/wp-content\/uploads\/2022\/01\/Sarah-Iancu-et-David-Bismuth-en-concert_Gil-Pressnitzer.jpeg","width":600,"height":450},{"@type":"BreadcrumbList","@id":"https:\/\/www.iemj.org\/de\/concert-de-melodies-hebraiques-pour-violoncelle-et-piano\/#breadcrumb","itemListElement":[{"@type":"ListItem","position":1,"name":"Accueil","item":"https:\/\/www.iemj.org\/de\/"},{"@type":"ListItem","position":2,"name":"Konzert &#8222;Hebra\u00efsche Melodien f\u00fcr Cello und Klavier&#8220;"}]},{"@type":"WebSite","@id":"https:\/\/www.iemj.org\/de\/#website","url":"https:\/\/www.iemj.org\/de\/","name":"Institut Europ\u00e9en des Musiques Juives","description":"Des traditions musicales \u00e0 la port\u00e9e de tous","publisher":{"@id":"https:\/\/www.iemj.org\/de\/#organization"},"potentialAction":[{"@type":"SearchAction","target":{"@type":"EntryPoint","urlTemplate":"https:\/\/www.iemj.org\/de\/?s={search_term_string}"},"query-input":{"@type":"PropertyValueSpecification","valueRequired":true,"valueName":"search_term_string"}}],"inLanguage":"de"},{"@type":"Organization","@id":"https:\/\/www.iemj.org\/de\/#organization","name":"Institut Europ\u00e9en des Musiques Juives","url":"https:\/\/www.iemj.org\/de\/","logo":{"@type":"ImageObject","inLanguage":"de","@id":"https:\/\/www.iemj.org\/de\/#\/schema\/logo\/image\/","url":"https:\/\/www.iemj.org\/wp-content\/uploads\/2021\/09\/Logo-IEMJ-Paypal.jpg","contentUrl":"https:\/\/www.iemj.org\/wp-content\/uploads\/2021\/09\/Logo-IEMJ-Paypal.jpg","width":150,"height":50,"caption":"Institut Europ\u00e9en des Musiques Juives"},"image":{"@id":"https:\/\/www.iemj.org\/de\/#\/schema\/logo\/image\/"},"sameAs":["https:\/\/www.facebook.com\/MusiquesJuives\/","https:\/\/www.instagram.com\/musiquesjuives\/","https:\/\/www.youtube.com\/user\/musiquesjuives"]},{"@type":"Person","@id":"https:\/\/www.iemj.org\/de\/#\/schema\/person\/358e26c18aca017fcc4cc15437f7279c","name":"Jacqueline ROTEN","image":{"@type":"ImageObject","inLanguage":"de","@id":"https:\/\/secure.gravatar.com\/avatar\/5964256d6c6957de3a3505278957e0fb2a35119ac47ea41827a65301213c810b?s=96&d=mm&r=g","url":"https:\/\/secure.gravatar.com\/avatar\/5964256d6c6957de3a3505278957e0fb2a35119ac47ea41827a65301213c810b?s=96&d=mm&r=g","contentUrl":"https:\/\/secure.gravatar.com\/avatar\/5964256d6c6957de3a3505278957e0fb2a35119ac47ea41827a65301213c810b?s=96&d=mm&r=g","caption":"Jacqueline ROTEN"}}]}},"_links":{"self":[{"href":"https:\/\/www.iemj.org\/de\/wp-json\/wp\/v2\/posts\/78045","targetHints":{"allow":["GET"]}}],"collection":[{"href":"https:\/\/www.iemj.org\/de\/wp-json\/wp\/v2\/posts"}],"about":[{"href":"https:\/\/www.iemj.org\/de\/wp-json\/wp\/v2\/types\/post"}],"author":[{"embeddable":true,"href":"https:\/\/www.iemj.org\/de\/wp-json\/wp\/v2\/users\/5"}],"replies":[{"embeddable":true,"href":"https:\/\/www.iemj.org\/de\/wp-json\/wp\/v2\/comments?post=78045"}],"version-history":[{"count":0,"href":"https:\/\/www.iemj.org\/de\/wp-json\/wp\/v2\/posts\/78045\/revisions"}],"wp:featuredmedia":[{"embeddable":true,"href":"https:\/\/www.iemj.org\/de\/wp-json\/wp\/v2\/media\/77784"}],"wp:attachment":[{"href":"https:\/\/www.iemj.org\/de\/wp-json\/wp\/v2\/media?parent=78045"}],"wp:term":[{"taxonomy":"category","embeddable":true,"href":"https:\/\/www.iemj.org\/de\/wp-json\/wp\/v2\/categories?post=78045"},{"taxonomy":"post_tag","embeddable":true,"href":"https:\/\/www.iemj.org\/de\/wp-json\/wp\/v2\/tags?post=78045"},{"taxonomy":"technique","embeddable":true,"href":"https:\/\/www.iemj.org\/de\/wp-json\/wp\/v2\/technique?post=78045"},{"taxonomy":"squelettes","embeddable":true,"href":"https:\/\/www.iemj.org\/de\/wp-json\/wp\/v2\/squelettes?post=78045"},{"taxonomy":"sujet","embeddable":true,"href":"https:\/\/www.iemj.org\/de\/wp-json\/wp\/v2\/sujet?post=78045"},{"taxonomy":"formation","embeddable":true,"href":"https:\/\/www.iemj.org\/de\/wp-json\/wp\/v2\/formation?post=78045"},{"taxonomy":"genre","embeddable":true,"href":"https:\/\/www.iemj.org\/de\/wp-json\/wp\/v2\/genre?post=78045"},{"taxonomy":"fonds","embeddable":true,"href":"https:\/\/www.iemj.org\/de\/wp-json\/wp\/v2\/fonds?post=78045"},{"taxonomy":"tradition","embeddable":true,"href":"https:\/\/www.iemj.org\/de\/wp-json\/wp\/v2\/tradition?post=78045"},{"taxonomy":"type-de-contenu","embeddable":true,"href":"https:\/\/www.iemj.org\/de\/wp-json\/wp\/v2\/type-de-contenu?post=78045"},{"taxonomy":"interprete-compositeur","embeddable":true,"href":"https:\/\/www.iemj.org\/de\/wp-json\/wp\/v2\/interprete-compositeur?post=78045"},{"taxonomy":"frise","embeddable":true,"href":"https:\/\/www.iemj.org\/de\/wp-json\/wp\/v2\/frise?post=78045"},{"taxonomy":"type-devenement","embeddable":true,"href":"https:\/\/www.iemj.org\/de\/wp-json\/wp\/v2\/type-devenement?post=78045"},{"taxonomy":"tableaux-liens-externes","embeddable":true,"href":"https:\/\/www.iemj.org\/de\/wp-json\/wp\/v2\/tableaux-liens-externes?post=78045"}],"curies":[{"name":"wp","href":"https:\/\/api.w.org\/{rel}","templated":true}]}}