{"id":78502,"date":"2022-01-25T16:07:43","date_gmt":"2022-01-25T15:07:43","guid":{"rendered":"https:\/\/www.iemj.org\/dyck-vladimir-1882-1943\/"},"modified":"2022-09-12T12:21:36","modified_gmt":"2022-09-12T10:21:36","slug":"dyck-vladimir-1882-1943","status":"publish","type":"post","link":"https:\/\/www.iemj.org\/de\/dyck-vladimir-1882-1943\/","title":{"rendered":"DYCK, VLADIMIR (1882-1943)"},"content":{"rendered":"<p>Die Biografie dieses Komponisten, der am 19. M\u00e4rz 1882 in Odessa geboren wurde und 1943 in Auschwitz starb, ist bis heute l\u00fcckenhaft. Als f\u00fcnftes Kind einer einfachen Familie zeigte Vladimir Dyck schon in jungen Jahren musikalische Begabung, so dass Rimski-Korsakow, den er vielleicht als Lehrer gehabt h\u00e4tte, ihm riet, seine Ausbildung am Conservatoire National Sup\u00e9rieur de Musique in Paris zu vervollkommnen. Er kam 1899 im Alter von 17 Jahren nach Frankreich und schaffte es ein Jahr sp\u00e4ter, in das Konservatorium aufgenommen zu werden. 1904 erhielt er einen ersten Preis f\u00fcr Harmonielehre in der Klasse von Antoine Taudou und nahm Unterricht in Klavierbegleitung bei Paul Vidal. Kurz darauf wurde er Kompositionssch\u00fcler von Charles-Marie Widor und lie\u00df sich per Dekret vom 5. Februar 1910 als Franzose einb\u00fcrgern, um am Kompositionswettbewerb des Institut de France teilnehmen zu k\u00f6nnen. Im Jahr 1911 gewann er mit der Kantate\u00a0<em>Yanitza<\/em>\u00a0einen zweiten Zweiter Preis der Prix de Rome hinter Claude Delvincourt (erster Zweiter Preis) und Paul Paray (Erster Hauptpreis). Die damalige Presse hob sein Talent und seine Begabung hervor, doch da er die Altersgrenze erreichte, konnte er sich im n\u00e4chsten Jahr nicht mehr bewerben, um den Ersten Gro\u00dfen Preis gewinnen zu versuchen. Er gab daraufhin Klavierunterricht in Paris. Zu seinen Sch\u00fclern geh\u00f6rten Henriette Poincar\u00e9, die Frau des franz\u00f6sischen Pr\u00e4sidenten der Republik, Madame Caillaux, die Frau des Ministers und Ratspr\u00e4sidenten, und Suzanne Bloch (als Mina Kabran am 7. September 1887 in Omsk \u2013 Russland geboren), die er sp\u00e4ter heiratete und und mit wem er eine Tochter namens Nicole hatte.<\/p>\n<p>Neben seiner Lehrt\u00e4tigkeit war Vladimir Dyck ein produktiver Komponist, der sich in allen Genres versuchte, von patriotischen Liedern (<em>Alsace l\u00e8ve-toi<\/em>), zur lyrischen Kom\u00f6die:\u00a0<em>Le Sous-pr\u00e9fet aux champs<\/em>\u00a0(1919), oder zur Instrumentalmusik:\u00a0<em>Orientales f\u00fcr Klavier<\/em>\u00a0(1909),\u00a0<em>Symphonie in c-Moll f\u00fcr Klavier zu vier H\u00e4nden<\/em>\u00a0(1906),\u00a0<em>Symphonie f\u00fcr 10 Blasinstrumente<\/em>\u00a0(1910),\u00a0<em>Impromptu f\u00fcr Violoncello \u2026 und Klavier<\/em>\u00a0(1912) \u2026 bis hin zu Filmmusiken, die er unter dem Pseudonym Dri Mival (Anagramm seines Vornamens) schrieb:\u00a0<em>A travers champs<\/em>,\u00a0<em>Footit<\/em>,\u00a0<em>Parisette<\/em>,\u00a0<em>Tartarin<\/em>,\u00a0<em>Prince Charmant<\/em>,\u00a0<em>Th\u00e9odora<\/em>,\u00a0<em>Paysages aim\u00e9s<\/em>\u00a0(1927),\u00a0<em>Douglas<\/em>,\u00a0<em>Africa<\/em>\u00a0(1928),\u00a0<em>Venus Astart\u00e9<\/em>\u00a0(1929)\u2026<\/p>\n<p>Vladimir Dyck ist auch der Autor eines bedeutenden j\u00fcdischen Werks:\u00a0<em>Hebr\u00e4isches Wiegenlied<\/em>,\u00a0<em>Eli! Eli! \u2013 \u00fcber ein j\u00fcdisches Thema<\/em>,\u00a0<em>Hatikva \u2013 Gesang der Hoffnung \u00fcber ein j\u00fcdisches Thema<\/em>,<em> Drei hebr\u00e4ische St\u00fccke \u2013 f\u00fcr Cello oder Violine und Klavier<\/em>\u00a0(1933),<em> Erste und Zweite hebr\u00e4ische Legende <\/em>(1936)\u2026, die insbesondere in der Sammlung Mizmor der Editions Salabert ver\u00f6ffentlicht wurden, die er ab 1933 zusammen mit L\u00e9on Algazi leitete. Er arrangierte oder schrieb auch jiddische Lieder (<em>Der gouter chadken<\/em>,<em> Kaddisch von Reb Levi\u2013 nach einer j\u00fcdischen Volksmelodie<\/em>\u2026) und mehrere Gebete f\u00fcr den Gottesdienst:\u00a0<em>Adon olom<\/em>,\u00a0<em>Avinu malkenu<\/em>\u00a0(1934),\u00a0<em>Psalm 137<\/em>\u2026 wahrscheinlich im Zusammenhang mit den Aktivit\u00e4ten von L\u00e9on Algazi, der den Chor Mizmor und den Chor der Gro\u00dfen Siegessynagoge leitete.<\/p>\n<figure id=\"attachment_78561\" aria-describedby=\"caption-attachment-78561\" style=\"width: 300px\" class=\"wp-caption alignright\"><img fetchpriority=\"high\" decoding=\"async\" class=\"wp-image-78561 size-medium\" src=\"https:\/\/www.iemj.org\/wp-content\/uploads\/2022\/01\/Plaque_Vladimir_Dyck_79_avenue_de_Breteuil_640-px-300x203.jpg\" alt=\"\" width=\"300\" height=\"203\" srcset=\"https:\/\/www.iemj.org\/wp-content\/uploads\/2022\/01\/Plaque_Vladimir_Dyck_79_avenue_de_Breteuil_640-px-300x203.jpg 300w, https:\/\/www.iemj.org\/wp-content\/uploads\/2022\/01\/Plaque_Vladimir_Dyck_79_avenue_de_Breteuil_640-px-600x406.jpg 600w, https:\/\/www.iemj.org\/wp-content\/uploads\/2022\/01\/Plaque_Vladimir_Dyck_79_avenue_de_Breteuil_640-px.jpg 640w\" sizes=\"(max-width: 300px) 100vw, 300px\" \/><figcaption id=\"caption-attachment-78561\" class=\"wp-caption-text\"><strong>Hier wohnte V. Dyck, Preistr\u00e4ger der Prix de Rome 1911 (Musik), nach Auschwitz deportiert, wo er starb. \u201eF\u00fcr Frankreich gestorben\u201c<\/strong><\/figcaption><\/figure>\n<p>1943 wurde Vladimir Dyck in seinem Pariser Haus in der 79 Avenue de Breteuil zusammen mit seiner Frau und seiner Tochter von der Gestapo verhaftet. Am 31. Juli wurde er nach Auschwitz deportiert und dort einige Tage sp\u00e4ter, am 5. August 1943, ermordet.<\/p>\n<p>*<em>Biografie aus dem Booklet der <\/em><a href=\"https:\/\/www.iemj.org\/de\/melodies-hebraiques-pour-violoncelle-et-piano-volume-2\/\" target=\"_blank\" rel=\"noopener\"><em><a href=\"https:\/\/www.iemj.org\/melodies-hebraiques-pour-violoncelle-et-piano-volume-2\/\">CD M\u00e9lodies h\u00e9bra\u00efques- vol. 2, Collection Classiques vol. 7, Les Editions de l\u2019IEMJ,<\/a><a href=\"https:\/\/www.iemj.org\/melodies-hebraiques-pour-violoncelle-et-piano-volume-2\/\"> 2021<\/a><\/em><\/a><em>, Mit besonderem Dank des Autors an Corine Rachel Kalifa und <a href=\"https:\/\/www.facebook.com\/webmestremusimem\/photos\/denis-havard-de-la-montagne-est-le-r%C3%A9dacteur-en-chef-du-site-web-musica-et-memor\/669299053496464\/\">Denis Havard de la Montagne<\/a> f\u00fcr ihre wertvolle Hilfe bei der Erstellung dieser biografischen Notiz.<\/em><\/p>\n<p><strong><a href=\"http:\/\/www.rachelnet.net\/F\/?func=find-c&amp;ccl_term=WRD+%3D+Dyck&amp;local_base=iemcg\" target=\"_blank\" rel=\"noopener\">Greifen Sie auf die Vladimir Dyck Archive zu<\/a><\/strong><\/p>\n\n\n<div class=\"wp-block-group\"><div class=\"wp-block-group__inner-container is-layout-flow wp-block-group-is-layout-flow\">\n<figure class=\"wp-block-embed is-type-video is-provider-youtube wp-block-embed-youtube wp-embed-aspect-4-3 wp-has-aspect-ratio\"><div class=\"wp-block-embed__wrapper\">\n<iframe title=\"L\u00e9gende h\u00e9bra\u00efque\" width=\"640\" height=\"480\" src=\"https:\/\/www.youtube.com\/embed\/8cH8S82Wr2Y?feature=oembed\" frameborder=\"0\" allow=\"accelerometer; autoplay; clipboard-write; encrypted-media; gyroscope; picture-in-picture; web-share\" referrerpolicy=\"strict-origin-when-cross-origin\" allowfullscreen><\/iframe>\n<\/div><\/figure>\n<\/div><\/div>\n\n\n\n<p><\/p>\n","protected":false},"excerpt":{"rendered":"<p>Die Biografie dieses Komponisten, der am 19. M\u00e4rz 1882 in Odessa geboren wurde und 1943 in Auschwitz starb, ist bis heute l\u00fcckenhaft. Als f\u00fcnftes Kind einer einfachen Familie zeigte Vladimir<\/p>\n","protected":false},"author":5,"featured_media":78491,"comment_status":"closed","ping_status":"closed","sticky":false,"template":"","format":"standard","meta":{"_acf_changed":false,"footnotes":""},"categories":[1415],"tags":[],"technique":[],"squelettes":[],"sujet":[],"formation":[],"genre":[],"fonds":[],"tradition":[],"type-de-contenu":[],"interprete-compositeur":[],"frise":[],"type-devenement":[],"tableaux-liens-externes":[],"class_list":["post-78502","post","type-post","status-publish","format-standard","has-post-thumbnail","hentry","category-biografien-de"],"acf":[],"yoast_head":"<!-- This site is optimized with the Yoast SEO plugin v27.3 - https:\/\/yoast.com\/product\/yoast-seo-wordpress\/ -->\n<title>DYCK, VLADIMIR (1882-1943) - Institut Europ\u00e9en des Musiques Juives<\/title>\n<meta name=\"robots\" content=\"index, follow, max-snippet:-1, max-image-preview:large, max-video-preview:-1\" \/>\n<link rel=\"canonical\" href=\"https:\/\/www.iemj.org\/de\/dyck-vladimir-1882-1943\/\" \/>\n<meta property=\"og:locale\" content=\"de_DE\" \/>\n<meta property=\"og:type\" content=\"article\" \/>\n<meta property=\"og:title\" content=\"DYCK, VLADIMIR (1882-1943) - Institut Europ\u00e9en des Musiques Juives\" \/>\n<meta property=\"og:description\" content=\"Die Biografie dieses Komponisten, der am 19. M\u00e4rz 1882 in Odessa geboren wurde und 1943 in Auschwitz starb, ist bis heute l\u00fcckenhaft. Als f\u00fcnftes Kind einer einfachen Familie zeigte Vladimir\" \/>\n<meta property=\"og:url\" content=\"https:\/\/www.iemj.org\/de\/dyck-vladimir-1882-1943\/\" \/>\n<meta property=\"og:site_name\" content=\"Institut Europ\u00e9en des Musiques Juives\" \/>\n<meta property=\"article:publisher\" content=\"https:\/\/www.facebook.com\/MusiquesJuives\/\" \/>\n<meta property=\"article:published_time\" content=\"2022-01-25T15:07:43+00:00\" \/>\n<meta property=\"article:modified_time\" content=\"2022-09-12T10:21:36+00:00\" \/>\n<meta property=\"og:image\" content=\"https:\/\/www.iemj.org\/wp-content\/uploads\/2022\/01\/Vladimir-Dyck_Capture-plus-age-1-e1643132797748.png\" \/>\n\t<meta property=\"og:image:width\" content=\"155\" \/>\n\t<meta property=\"og:image:height\" content=\"218\" \/>\n\t<meta property=\"og:image:type\" content=\"image\/png\" \/>\n<meta name=\"author\" content=\"Jacqueline ROTEN\" \/>\n<meta name=\"twitter:card\" content=\"summary_large_image\" \/>\n<meta name=\"twitter:label1\" content=\"Verfasst von\" \/>\n\t<meta name=\"twitter:data1\" content=\"Jacqueline ROTEN\" \/>\n\t<meta name=\"twitter:label2\" content=\"Gesch\u00e4tzte Lesezeit\" \/>\n\t<meta name=\"twitter:data2\" content=\"4\u00a0Minuten\" \/>\n<script type=\"application\/ld+json\" class=\"yoast-schema-graph\">{\"@context\":\"https:\\\/\\\/schema.org\",\"@graph\":[{\"@type\":\"Article\",\"@id\":\"https:\\\/\\\/www.iemj.org\\\/de\\\/dyck-vladimir-1882-1943\\\/#article\",\"isPartOf\":{\"@id\":\"https:\\\/\\\/www.iemj.org\\\/de\\\/dyck-vladimir-1882-1943\\\/\"},\"author\":{\"name\":\"Jacqueline ROTEN\",\"@id\":\"https:\\\/\\\/www.iemj.org\\\/de\\\/#\\\/schema\\\/person\\\/358e26c18aca017fcc4cc15437f7279c\"},\"headline\":\"DYCK, VLADIMIR (1882-1943)\",\"datePublished\":\"2022-01-25T15:07:43+00:00\",\"dateModified\":\"2022-09-12T10:21:36+00:00\",\"mainEntityOfPage\":{\"@id\":\"https:\\\/\\\/www.iemj.org\\\/de\\\/dyck-vladimir-1882-1943\\\/\"},\"wordCount\":602,\"publisher\":{\"@id\":\"https:\\\/\\\/www.iemj.org\\\/de\\\/#organization\"},\"image\":{\"@id\":\"https:\\\/\\\/www.iemj.org\\\/de\\\/dyck-vladimir-1882-1943\\\/#primaryimage\"},\"thumbnailUrl\":\"https:\\\/\\\/www.iemj.org\\\/wp-content\\\/uploads\\\/2022\\\/01\\\/Vladimir-Dyck_Capture-plus-age-1-e1643132797748.png\",\"articleSection\":[\"Biografien\"],\"inLanguage\":\"de\"},{\"@type\":\"WebPage\",\"@id\":\"https:\\\/\\\/www.iemj.org\\\/de\\\/dyck-vladimir-1882-1943\\\/\",\"url\":\"https:\\\/\\\/www.iemj.org\\\/de\\\/dyck-vladimir-1882-1943\\\/\",\"name\":\"DYCK, VLADIMIR (1882-1943) - Institut Europ\u00e9en des Musiques Juives\",\"isPartOf\":{\"@id\":\"https:\\\/\\\/www.iemj.org\\\/de\\\/#website\"},\"primaryImageOfPage\":{\"@id\":\"https:\\\/\\\/www.iemj.org\\\/de\\\/dyck-vladimir-1882-1943\\\/#primaryimage\"},\"image\":{\"@id\":\"https:\\\/\\\/www.iemj.org\\\/de\\\/dyck-vladimir-1882-1943\\\/#primaryimage\"},\"thumbnailUrl\":\"https:\\\/\\\/www.iemj.org\\\/wp-content\\\/uploads\\\/2022\\\/01\\\/Vladimir-Dyck_Capture-plus-age-1-e1643132797748.png\",\"datePublished\":\"2022-01-25T15:07:43+00:00\",\"dateModified\":\"2022-09-12T10:21:36+00:00\",\"breadcrumb\":{\"@id\":\"https:\\\/\\\/www.iemj.org\\\/de\\\/dyck-vladimir-1882-1943\\\/#breadcrumb\"},\"inLanguage\":\"de\",\"potentialAction\":[{\"@type\":\"ReadAction\",\"target\":[\"https:\\\/\\\/www.iemj.org\\\/de\\\/dyck-vladimir-1882-1943\\\/\"]}]},{\"@type\":\"ImageObject\",\"inLanguage\":\"de\",\"@id\":\"https:\\\/\\\/www.iemj.org\\\/de\\\/dyck-vladimir-1882-1943\\\/#primaryimage\",\"url\":\"https:\\\/\\\/www.iemj.org\\\/wp-content\\\/uploads\\\/2022\\\/01\\\/Vladimir-Dyck_Capture-plus-age-1-e1643132797748.png\",\"contentUrl\":\"https:\\\/\\\/www.iemj.org\\\/wp-content\\\/uploads\\\/2022\\\/01\\\/Vladimir-Dyck_Capture-plus-age-1-e1643132797748.png\",\"width\":155,\"height\":218},{\"@type\":\"BreadcrumbList\",\"@id\":\"https:\\\/\\\/www.iemj.org\\\/de\\\/dyck-vladimir-1882-1943\\\/#breadcrumb\",\"itemListElement\":[{\"@type\":\"ListItem\",\"position\":1,\"name\":\"Accueil\",\"item\":\"https:\\\/\\\/www.iemj.org\\\/de\\\/\"},{\"@type\":\"ListItem\",\"position\":2,\"name\":\"DYCK, VLADIMIR (1882-1943)\"}]},{\"@type\":\"WebSite\",\"@id\":\"https:\\\/\\\/www.iemj.org\\\/de\\\/#website\",\"url\":\"https:\\\/\\\/www.iemj.org\\\/de\\\/\",\"name\":\"Institut Europ\u00e9en des Musiques Juives\",\"description\":\"Des traditions musicales \u00e0 la port\u00e9e de tous\",\"publisher\":{\"@id\":\"https:\\\/\\\/www.iemj.org\\\/de\\\/#organization\"},\"potentialAction\":[{\"@type\":\"SearchAction\",\"target\":{\"@type\":\"EntryPoint\",\"urlTemplate\":\"https:\\\/\\\/www.iemj.org\\\/de\\\/?s={search_term_string}\"},\"query-input\":{\"@type\":\"PropertyValueSpecification\",\"valueRequired\":true,\"valueName\":\"search_term_string\"}}],\"inLanguage\":\"de\"},{\"@type\":\"Organization\",\"@id\":\"https:\\\/\\\/www.iemj.org\\\/de\\\/#organization\",\"name\":\"Institut Europ\u00e9en des Musiques Juives\",\"url\":\"https:\\\/\\\/www.iemj.org\\\/de\\\/\",\"logo\":{\"@type\":\"ImageObject\",\"inLanguage\":\"de\",\"@id\":\"https:\\\/\\\/www.iemj.org\\\/de\\\/#\\\/schema\\\/logo\\\/image\\\/\",\"url\":\"https:\\\/\\\/www.iemj.org\\\/wp-content\\\/uploads\\\/2021\\\/09\\\/Logo-IEMJ-Paypal.jpg\",\"contentUrl\":\"https:\\\/\\\/www.iemj.org\\\/wp-content\\\/uploads\\\/2021\\\/09\\\/Logo-IEMJ-Paypal.jpg\",\"width\":150,\"height\":50,\"caption\":\"Institut Europ\u00e9en des Musiques Juives\"},\"image\":{\"@id\":\"https:\\\/\\\/www.iemj.org\\\/de\\\/#\\\/schema\\\/logo\\\/image\\\/\"},\"sameAs\":[\"https:\\\/\\\/www.facebook.com\\\/MusiquesJuives\\\/\",\"https:\\\/\\\/www.instagram.com\\\/musiquesjuives\\\/\",\"https:\\\/\\\/www.youtube.com\\\/user\\\/musiquesjuives\"]},{\"@type\":\"Person\",\"@id\":\"https:\\\/\\\/www.iemj.org\\\/de\\\/#\\\/schema\\\/person\\\/358e26c18aca017fcc4cc15437f7279c\",\"name\":\"Jacqueline ROTEN\",\"image\":{\"@type\":\"ImageObject\",\"inLanguage\":\"de\",\"@id\":\"https:\\\/\\\/secure.gravatar.com\\\/avatar\\\/5964256d6c6957de3a3505278957e0fb2a35119ac47ea41827a65301213c810b?s=96&d=mm&r=g\",\"url\":\"https:\\\/\\\/secure.gravatar.com\\\/avatar\\\/5964256d6c6957de3a3505278957e0fb2a35119ac47ea41827a65301213c810b?s=96&d=mm&r=g\",\"contentUrl\":\"https:\\\/\\\/secure.gravatar.com\\\/avatar\\\/5964256d6c6957de3a3505278957e0fb2a35119ac47ea41827a65301213c810b?s=96&d=mm&r=g\",\"caption\":\"Jacqueline ROTEN\"}}]}<\/script>\n<!-- \/ Yoast SEO plugin. -->","yoast_head_json":{"title":"DYCK, VLADIMIR (1882-1943) - Institut Europ\u00e9en des Musiques Juives","robots":{"index":"index","follow":"follow","max-snippet":"max-snippet:-1","max-image-preview":"max-image-preview:large","max-video-preview":"max-video-preview:-1"},"canonical":"https:\/\/www.iemj.org\/de\/dyck-vladimir-1882-1943\/","og_locale":"de_DE","og_type":"article","og_title":"DYCK, VLADIMIR (1882-1943) - Institut Europ\u00e9en des Musiques Juives","og_description":"Die Biografie dieses Komponisten, der am 19. M\u00e4rz 1882 in Odessa geboren wurde und 1943 in Auschwitz starb, ist bis heute l\u00fcckenhaft. Als f\u00fcnftes Kind einer einfachen Familie zeigte Vladimir","og_url":"https:\/\/www.iemj.org\/de\/dyck-vladimir-1882-1943\/","og_site_name":"Institut Europ\u00e9en des Musiques Juives","article_publisher":"https:\/\/www.facebook.com\/MusiquesJuives\/","article_published_time":"2022-01-25T15:07:43+00:00","article_modified_time":"2022-09-12T10:21:36+00:00","og_image":[{"width":155,"height":218,"url":"https:\/\/www.iemj.org\/wp-content\/uploads\/2022\/01\/Vladimir-Dyck_Capture-plus-age-1-e1643132797748.png","type":"image\/png"}],"author":"Jacqueline ROTEN","twitter_card":"summary_large_image","twitter_misc":{"Verfasst von":"Jacqueline ROTEN","Gesch\u00e4tzte Lesezeit":"4\u00a0Minuten"},"schema":{"@context":"https:\/\/schema.org","@graph":[{"@type":"Article","@id":"https:\/\/www.iemj.org\/de\/dyck-vladimir-1882-1943\/#article","isPartOf":{"@id":"https:\/\/www.iemj.org\/de\/dyck-vladimir-1882-1943\/"},"author":{"name":"Jacqueline ROTEN","@id":"https:\/\/www.iemj.org\/de\/#\/schema\/person\/358e26c18aca017fcc4cc15437f7279c"},"headline":"DYCK, VLADIMIR (1882-1943)","datePublished":"2022-01-25T15:07:43+00:00","dateModified":"2022-09-12T10:21:36+00:00","mainEntityOfPage":{"@id":"https:\/\/www.iemj.org\/de\/dyck-vladimir-1882-1943\/"},"wordCount":602,"publisher":{"@id":"https:\/\/www.iemj.org\/de\/#organization"},"image":{"@id":"https:\/\/www.iemj.org\/de\/dyck-vladimir-1882-1943\/#primaryimage"},"thumbnailUrl":"https:\/\/www.iemj.org\/wp-content\/uploads\/2022\/01\/Vladimir-Dyck_Capture-plus-age-1-e1643132797748.png","articleSection":["Biografien"],"inLanguage":"de"},{"@type":"WebPage","@id":"https:\/\/www.iemj.org\/de\/dyck-vladimir-1882-1943\/","url":"https:\/\/www.iemj.org\/de\/dyck-vladimir-1882-1943\/","name":"DYCK, VLADIMIR (1882-1943) - Institut Europ\u00e9en des Musiques Juives","isPartOf":{"@id":"https:\/\/www.iemj.org\/de\/#website"},"primaryImageOfPage":{"@id":"https:\/\/www.iemj.org\/de\/dyck-vladimir-1882-1943\/#primaryimage"},"image":{"@id":"https:\/\/www.iemj.org\/de\/dyck-vladimir-1882-1943\/#primaryimage"},"thumbnailUrl":"https:\/\/www.iemj.org\/wp-content\/uploads\/2022\/01\/Vladimir-Dyck_Capture-plus-age-1-e1643132797748.png","datePublished":"2022-01-25T15:07:43+00:00","dateModified":"2022-09-12T10:21:36+00:00","breadcrumb":{"@id":"https:\/\/www.iemj.org\/de\/dyck-vladimir-1882-1943\/#breadcrumb"},"inLanguage":"de","potentialAction":[{"@type":"ReadAction","target":["https:\/\/www.iemj.org\/de\/dyck-vladimir-1882-1943\/"]}]},{"@type":"ImageObject","inLanguage":"de","@id":"https:\/\/www.iemj.org\/de\/dyck-vladimir-1882-1943\/#primaryimage","url":"https:\/\/www.iemj.org\/wp-content\/uploads\/2022\/01\/Vladimir-Dyck_Capture-plus-age-1-e1643132797748.png","contentUrl":"https:\/\/www.iemj.org\/wp-content\/uploads\/2022\/01\/Vladimir-Dyck_Capture-plus-age-1-e1643132797748.png","width":155,"height":218},{"@type":"BreadcrumbList","@id":"https:\/\/www.iemj.org\/de\/dyck-vladimir-1882-1943\/#breadcrumb","itemListElement":[{"@type":"ListItem","position":1,"name":"Accueil","item":"https:\/\/www.iemj.org\/de\/"},{"@type":"ListItem","position":2,"name":"DYCK, VLADIMIR (1882-1943)"}]},{"@type":"WebSite","@id":"https:\/\/www.iemj.org\/de\/#website","url":"https:\/\/www.iemj.org\/de\/","name":"Institut Europ\u00e9en des Musiques Juives","description":"Des traditions musicales \u00e0 la port\u00e9e de tous","publisher":{"@id":"https:\/\/www.iemj.org\/de\/#organization"},"potentialAction":[{"@type":"SearchAction","target":{"@type":"EntryPoint","urlTemplate":"https:\/\/www.iemj.org\/de\/?s={search_term_string}"},"query-input":{"@type":"PropertyValueSpecification","valueRequired":true,"valueName":"search_term_string"}}],"inLanguage":"de"},{"@type":"Organization","@id":"https:\/\/www.iemj.org\/de\/#organization","name":"Institut Europ\u00e9en des Musiques Juives","url":"https:\/\/www.iemj.org\/de\/","logo":{"@type":"ImageObject","inLanguage":"de","@id":"https:\/\/www.iemj.org\/de\/#\/schema\/logo\/image\/","url":"https:\/\/www.iemj.org\/wp-content\/uploads\/2021\/09\/Logo-IEMJ-Paypal.jpg","contentUrl":"https:\/\/www.iemj.org\/wp-content\/uploads\/2021\/09\/Logo-IEMJ-Paypal.jpg","width":150,"height":50,"caption":"Institut Europ\u00e9en des Musiques Juives"},"image":{"@id":"https:\/\/www.iemj.org\/de\/#\/schema\/logo\/image\/"},"sameAs":["https:\/\/www.facebook.com\/MusiquesJuives\/","https:\/\/www.instagram.com\/musiquesjuives\/","https:\/\/www.youtube.com\/user\/musiquesjuives"]},{"@type":"Person","@id":"https:\/\/www.iemj.org\/de\/#\/schema\/person\/358e26c18aca017fcc4cc15437f7279c","name":"Jacqueline ROTEN","image":{"@type":"ImageObject","inLanguage":"de","@id":"https:\/\/secure.gravatar.com\/avatar\/5964256d6c6957de3a3505278957e0fb2a35119ac47ea41827a65301213c810b?s=96&d=mm&r=g","url":"https:\/\/secure.gravatar.com\/avatar\/5964256d6c6957de3a3505278957e0fb2a35119ac47ea41827a65301213c810b?s=96&d=mm&r=g","contentUrl":"https:\/\/secure.gravatar.com\/avatar\/5964256d6c6957de3a3505278957e0fb2a35119ac47ea41827a65301213c810b?s=96&d=mm&r=g","caption":"Jacqueline ROTEN"}}]}},"_links":{"self":[{"href":"https:\/\/www.iemj.org\/de\/wp-json\/wp\/v2\/posts\/78502","targetHints":{"allow":["GET"]}}],"collection":[{"href":"https:\/\/www.iemj.org\/de\/wp-json\/wp\/v2\/posts"}],"about":[{"href":"https:\/\/www.iemj.org\/de\/wp-json\/wp\/v2\/types\/post"}],"author":[{"embeddable":true,"href":"https:\/\/www.iemj.org\/de\/wp-json\/wp\/v2\/users\/5"}],"replies":[{"embeddable":true,"href":"https:\/\/www.iemj.org\/de\/wp-json\/wp\/v2\/comments?post=78502"}],"version-history":[{"count":0,"href":"https:\/\/www.iemj.org\/de\/wp-json\/wp\/v2\/posts\/78502\/revisions"}],"wp:featuredmedia":[{"embeddable":true,"href":"https:\/\/www.iemj.org\/de\/wp-json\/wp\/v2\/media\/78491"}],"wp:attachment":[{"href":"https:\/\/www.iemj.org\/de\/wp-json\/wp\/v2\/media?parent=78502"}],"wp:term":[{"taxonomy":"category","embeddable":true,"href":"https:\/\/www.iemj.org\/de\/wp-json\/wp\/v2\/categories?post=78502"},{"taxonomy":"post_tag","embeddable":true,"href":"https:\/\/www.iemj.org\/de\/wp-json\/wp\/v2\/tags?post=78502"},{"taxonomy":"technique","embeddable":true,"href":"https:\/\/www.iemj.org\/de\/wp-json\/wp\/v2\/technique?post=78502"},{"taxonomy":"squelettes","embeddable":true,"href":"https:\/\/www.iemj.org\/de\/wp-json\/wp\/v2\/squelettes?post=78502"},{"taxonomy":"sujet","embeddable":true,"href":"https:\/\/www.iemj.org\/de\/wp-json\/wp\/v2\/sujet?post=78502"},{"taxonomy":"formation","embeddable":true,"href":"https:\/\/www.iemj.org\/de\/wp-json\/wp\/v2\/formation?post=78502"},{"taxonomy":"genre","embeddable":true,"href":"https:\/\/www.iemj.org\/de\/wp-json\/wp\/v2\/genre?post=78502"},{"taxonomy":"fonds","embeddable":true,"href":"https:\/\/www.iemj.org\/de\/wp-json\/wp\/v2\/fonds?post=78502"},{"taxonomy":"tradition","embeddable":true,"href":"https:\/\/www.iemj.org\/de\/wp-json\/wp\/v2\/tradition?post=78502"},{"taxonomy":"type-de-contenu","embeddable":true,"href":"https:\/\/www.iemj.org\/de\/wp-json\/wp\/v2\/type-de-contenu?post=78502"},{"taxonomy":"interprete-compositeur","embeddable":true,"href":"https:\/\/www.iemj.org\/de\/wp-json\/wp\/v2\/interprete-compositeur?post=78502"},{"taxonomy":"frise","embeddable":true,"href":"https:\/\/www.iemj.org\/de\/wp-json\/wp\/v2\/frise?post=78502"},{"taxonomy":"type-devenement","embeddable":true,"href":"https:\/\/www.iemj.org\/de\/wp-json\/wp\/v2\/type-devenement?post=78502"},{"taxonomy":"tableaux-liens-externes","embeddable":true,"href":"https:\/\/www.iemj.org\/de\/wp-json\/wp\/v2\/tableaux-liens-externes?post=78502"}],"curies":[{"name":"wp","href":"https:\/\/api.w.org\/{rel}","templated":true}]}}