{"id":78583,"date":"2017-09-21T11:35:03","date_gmt":"2017-09-21T09:35:03","guid":{"rendered":"https:\/\/www.iemj.org\/songs-and-prayers-of-rosh-hashanah-and-yom-kipour\/"},"modified":"2025-09-20T16:02:54","modified_gmt":"2025-09-20T14:02:54","slug":"songs-and-prayers-of-rosh-hashanah-and-yom-kipour","status":"publish","type":"post","link":"https:\/\/www.iemj.org\/de\/songs-and-prayers-of-rosh-hashanah-and-yom-kipour\/","title":{"rendered":"Lieder und Gebete zu Rosch Haschana und Jom Kipur"},"content":{"rendered":"<p align=\"justify\"><span style=\"font-size: medium;\">Die Feiertage von Tischri sind sowohl eine Zeit der Freude als auch eine Zeit der Reue. Die traditionellen Lieder von Rosch ha-Schana und Jom Kippur spiegeln die Dualit\u00e4t dieser Gef\u00fchle wider und tragen dazu bei, die Seele in diesem wichtigen Momenten des j\u00fcdischen Lebens zu erheben.<\/span><\/p>\n<p align=\"justify\"><span style=\"font-size: medium;\">Aus diesem Anlass wurde eine CD mit 35 Liedern und Gebeten f\u00fcr diese beiden Feiertage des aschkenasischen Ritus ver\u00f6ffentlicht. Es handelt sich dabei zwar nicht um die erste franz\u00f6sische Aufnahme mit traditionellen Liedern der Feiertage von Tischri, dennoch macht die weibliche Stimme \u2013 welche in liberalen j\u00fcdischen Gemeinschaften erlaubt ist \u2013 diese Liedern zu etwas ganz Besonderem.<\/span><\/p>\n<p align=\"justify\"><span style=\"font-size: medium;\">Die S\u00e4ngerin <\/span><span style=\"font-size: medium;\"><b>H\u00e9l\u00e8ne Blajan<\/b><\/span><span style=\"font-size: medium;\">, welche insbesondere im Chor des Orchesters von Radio France mitwirkt, wird von einem gro\u00dfartigen M\u00e4nnerchor unterst\u00fctzt. Die von <\/span><span style=\"font-size: medium;\"><b>Rapha<\/b><\/span><span style=\"font-size: medium;\"><b>\u00ebl Tambyeff<\/b><\/span><span style=\"font-size: medium;\"> gespielte Orgel, f\u00fcgt sich perfekt ein und versteht es zur\u00fcckhaltend und intim zu wirken, gleichzeitig in den richtigen Momenten aber auch \u00fcberaus majest\u00e4tisch zu klingen. Schlie\u00dflich ist noch <\/span><span style=\"font-size: medium;\"><b>Maurice Benhamou<\/b><\/span><span style=\"font-size: medium;\"> zu erw\u00e4hnen, der seit 30 Jahren als Chorleiter der Gro\u00dfen Synagoge von Paris t\u00e4tig ist.<\/span><\/p>\n<p align=\"justify\"><span style=\"font-size: medium;\">Diese CD kann nicht erworben werden, Sie k\u00f6nnen aber dennoch die S\u00e4ngerin kontaktieren: <\/span><span style=\"color: #0563c1;\"><u><a href=\"https:\/\/www.iemj.org\/chants-et-prieres-de-roch-hachana-et-yom-kipour\/helene.blajan@orange.fr\" target=\"_blank\" rel=\"noopener\"><span style=\"font-size: medium;\">helene.blajan@orange.fr<\/span><\/a><\/u><\/span><\/p>\n\n\n<h2 class=\"wp-block-heading\"><\/h2>\n\n\n<div class=\"wp-block-image\">\n<figure class=\"aligncenter size-large\"><img fetchpriority=\"high\" decoding=\"async\" width=\"1024\" height=\"133\" src=\"https:\/\/www.iemj.org\/wp-content\/uploads\/2024\/03\/AUDIO-PLAYER-1024x133.png\" alt=\"\" class=\"wp-image-110606\" srcset=\"https:\/\/www.iemj.org\/wp-content\/uploads\/2024\/03\/AUDIO-PLAYER-1024x133.png 1024w, https:\/\/www.iemj.org\/wp-content\/uploads\/2024\/03\/AUDIO-PLAYER-300x39.png 300w, https:\/\/www.iemj.org\/wp-content\/uploads\/2024\/03\/AUDIO-PLAYER-768x100.png 768w, https:\/\/www.iemj.org\/wp-content\/uploads\/2024\/03\/AUDIO-PLAYER-600x78.png 600w, https:\/\/www.iemj.org\/wp-content\/uploads\/2024\/03\/AUDIO-PLAYER.png 1210w\" sizes=\"(max-width: 1024px) 100vw, 1024px\" \/><\/figure>\n<\/div>\n\n\n<div class=\"wp-block-file\"><a href=\"https:\/\/www.iemj.org\/wp-content\/uploads\/2017\/09\/cd_880_29_ex.mp3\">Enosh (extrait)<\/a><\/div>\n\n\n\n<div class=\"wp-block-file\"><a href=\"https:\/\/www.iemj.org\/wp-content\/uploads\/2017\/09\/cd_880_27_ex.mp3\">Avinou Malk\u00e9nou (extrait)<\/a><\/div>\n\n\n\n<div class=\"wp-block-file\"><a href=\"https:\/\/www.iemj.org\/wp-content\/uploads\/2017\/09\/cd_880_26_ex.mp3\">Vidou\u00ef &#8211; Ana Tavo (extrait)<\/a><\/div>\n\n\n\n<div class=\"wp-block-file\"><a href=\"https:\/\/www.iemj.org\/wp-content\/uploads\/2017\/09\/cd_880_12_ex.mp3\">S\u00e9ou Sh\u00e9arim (extrait)<\/a><\/div>\n\n\n\n<div class=\"wp-block-file\"><a href=\"https:\/\/www.iemj.org\/wp-content\/uploads\/2017\/09\/cd_880_08_ex.mp3\">Adona\u00ef Adona\u00ef (extrait)<\/a><\/div>\n\n\n\n<div class=\"wp-block-file\"><a href=\"https:\/\/www.iemj.org\/wp-content\/uploads\/2017\/09\/cd_880_01_ex.mp3\">Akhot K\u00e9tana (extrait)<\/a><\/div>\n","protected":false},"excerpt":{"rendered":"<p>Die Feiertage von Tischri sind sowohl eine Zeit der Freude als auch eine Zeit der Reue. Die traditionellen Lieder von Rosch ha-Schana und Jom Kippur spiegeln die Dualit\u00e4t dieser Gef\u00fchle<\/p>\n","protected":false},"author":1048,"featured_media":78585,"comment_status":"closed","ping_status":"closed","sticky":false,"template":"","format":"standard","meta":{"_acf_changed":false,"footnotes":""},"categories":[1571,1561],"tags":[],"technique":[],"squelettes":[],"sujet":[1850,1760],"formation":[],"genre":[1891],"fonds":[],"tradition":[],"type-de-contenu":[],"interprete-compositeur":[],"frise":[],"type-devenement":[],"tableaux-liens-externes":[],"class_list":["post-78583","post","type-post","status-publish","format-standard","has-post-thumbnail","hentry","category-cd-de","category-letzte-neuerwerbungen-de","sujet-rosch-haschana-de","sujet-yom-kippur-de","genre-liturgie-de"],"acf":[],"yoast_head":"<!-- This site is optimized with the Yoast SEO plugin v27.3 - https:\/\/yoast.com\/product\/yoast-seo-wordpress\/ -->\n<title>Lieder und Gebete zu Rosch Haschana und Jom Kipur - Institut Europ\u00e9en des Musiques Juives<\/title>\n<meta name=\"robots\" content=\"index, follow, max-snippet:-1, max-image-preview:large, max-video-preview:-1\" \/>\n<link rel=\"canonical\" href=\"https:\/\/www.iemj.org\/de\/songs-and-prayers-of-rosh-hashanah-and-yom-kipour\/\" \/>\n<meta property=\"og:locale\" content=\"de_DE\" \/>\n<meta property=\"og:type\" content=\"article\" \/>\n<meta property=\"og:title\" content=\"Lieder und Gebete zu Rosch Haschana und Jom Kipur - Institut Europ\u00e9en des Musiques Juives\" \/>\n<meta property=\"og:description\" content=\"Die Feiertage von Tischri sind sowohl eine Zeit der Freude als auch eine Zeit der Reue. Die traditionellen Lieder von Rosch ha-Schana und Jom Kippur spiegeln die Dualit\u00e4t dieser Gef\u00fchle\" \/>\n<meta property=\"og:url\" content=\"https:\/\/www.iemj.org\/de\/songs-and-prayers-of-rosh-hashanah-and-yom-kipour\/\" \/>\n<meta property=\"og:site_name\" content=\"Institut Europ\u00e9en des Musiques Juives\" \/>\n<meta property=\"article:publisher\" content=\"https:\/\/www.facebook.com\/MusiquesJuives\/\" \/>\n<meta property=\"article:published_time\" content=\"2017-09-21T09:35:03+00:00\" \/>\n<meta property=\"article:modified_time\" content=\"2025-09-20T14:02:54+00:00\" \/>\n<meta property=\"og:image\" content=\"https:\/\/www.iemj.org\/wp-content\/uploads\/2017\/09\/arton2476.jpg\" \/>\n\t<meta property=\"og:image:width\" content=\"459\" \/>\n\t<meta property=\"og:image:height\" content=\"400\" \/>\n\t<meta property=\"og:image:type\" content=\"image\/jpeg\" \/>\n<meta name=\"author\" content=\"Jean-Gabriel Davis\" \/>\n<meta name=\"twitter:card\" content=\"summary_large_image\" \/>\n<meta name=\"twitter:label1\" content=\"Verfasst von\" \/>\n\t<meta name=\"twitter:data1\" content=\"Jean-Gabriel Davis\" \/>\n\t<meta name=\"twitter:label2\" content=\"Gesch\u00e4tzte Lesezeit\" \/>\n\t<meta name=\"twitter:data2\" content=\"2\u00a0Minuten\" \/>\n<script type=\"application\/ld+json\" class=\"yoast-schema-graph\">{\"@context\":\"https:\\\/\\\/schema.org\",\"@graph\":[{\"@type\":\"Article\",\"@id\":\"https:\\\/\\\/www.iemj.org\\\/de\\\/songs-and-prayers-of-rosh-hashanah-and-yom-kipour\\\/#article\",\"isPartOf\":{\"@id\":\"https:\\\/\\\/www.iemj.org\\\/de\\\/songs-and-prayers-of-rosh-hashanah-and-yom-kipour\\\/\"},\"author\":{\"name\":\"Jean-Gabriel Davis\",\"@id\":\"https:\\\/\\\/www.iemj.org\\\/de\\\/#\\\/schema\\\/person\\\/c9bc1c386a3749579a2d675e72a18666\"},\"headline\":\"Lieder und Gebete zu Rosch Haschana und Jom Kipur\",\"datePublished\":\"2017-09-21T09:35:03+00:00\",\"dateModified\":\"2025-09-20T14:02:54+00:00\",\"mainEntityOfPage\":{\"@id\":\"https:\\\/\\\/www.iemj.org\\\/de\\\/songs-and-prayers-of-rosh-hashanah-and-yom-kipour\\\/\"},\"wordCount\":240,\"publisher\":{\"@id\":\"https:\\\/\\\/www.iemj.org\\\/de\\\/#organization\"},\"image\":{\"@id\":\"https:\\\/\\\/www.iemj.org\\\/de\\\/songs-and-prayers-of-rosh-hashanah-and-yom-kipour\\\/#primaryimage\"},\"thumbnailUrl\":\"https:\\\/\\\/www.iemj.org\\\/wp-content\\\/uploads\\\/2017\\\/09\\\/arton2476.jpg\",\"articleSection\":[\"CD\",\"Letzte Neuerwerbungen\"],\"inLanguage\":\"de\"},{\"@type\":\"WebPage\",\"@id\":\"https:\\\/\\\/www.iemj.org\\\/de\\\/songs-and-prayers-of-rosh-hashanah-and-yom-kipour\\\/\",\"url\":\"https:\\\/\\\/www.iemj.org\\\/de\\\/songs-and-prayers-of-rosh-hashanah-and-yom-kipour\\\/\",\"name\":\"Lieder und Gebete zu Rosch Haschana und Jom Kipur - Institut Europ\u00e9en des Musiques Juives\",\"isPartOf\":{\"@id\":\"https:\\\/\\\/www.iemj.org\\\/de\\\/#website\"},\"primaryImageOfPage\":{\"@id\":\"https:\\\/\\\/www.iemj.org\\\/de\\\/songs-and-prayers-of-rosh-hashanah-and-yom-kipour\\\/#primaryimage\"},\"image\":{\"@id\":\"https:\\\/\\\/www.iemj.org\\\/de\\\/songs-and-prayers-of-rosh-hashanah-and-yom-kipour\\\/#primaryimage\"},\"thumbnailUrl\":\"https:\\\/\\\/www.iemj.org\\\/wp-content\\\/uploads\\\/2017\\\/09\\\/arton2476.jpg\",\"datePublished\":\"2017-09-21T09:35:03+00:00\",\"dateModified\":\"2025-09-20T14:02:54+00:00\",\"breadcrumb\":{\"@id\":\"https:\\\/\\\/www.iemj.org\\\/de\\\/songs-and-prayers-of-rosh-hashanah-and-yom-kipour\\\/#breadcrumb\"},\"inLanguage\":\"de\",\"potentialAction\":[{\"@type\":\"ReadAction\",\"target\":[\"https:\\\/\\\/www.iemj.org\\\/de\\\/songs-and-prayers-of-rosh-hashanah-and-yom-kipour\\\/\"]}]},{\"@type\":\"ImageObject\",\"inLanguage\":\"de\",\"@id\":\"https:\\\/\\\/www.iemj.org\\\/de\\\/songs-and-prayers-of-rosh-hashanah-and-yom-kipour\\\/#primaryimage\",\"url\":\"https:\\\/\\\/www.iemj.org\\\/wp-content\\\/uploads\\\/2017\\\/09\\\/arton2476.jpg\",\"contentUrl\":\"https:\\\/\\\/www.iemj.org\\\/wp-content\\\/uploads\\\/2017\\\/09\\\/arton2476.jpg\",\"width\":459,\"height\":400},{\"@type\":\"BreadcrumbList\",\"@id\":\"https:\\\/\\\/www.iemj.org\\\/de\\\/songs-and-prayers-of-rosh-hashanah-and-yom-kipour\\\/#breadcrumb\",\"itemListElement\":[{\"@type\":\"ListItem\",\"position\":1,\"name\":\"Accueil\",\"item\":\"https:\\\/\\\/www.iemj.org\\\/de\\\/\"},{\"@type\":\"ListItem\",\"position\":2,\"name\":\"Lieder und Gebete zu Rosch Haschana und Jom Kipur\"}]},{\"@type\":\"WebSite\",\"@id\":\"https:\\\/\\\/www.iemj.org\\\/de\\\/#website\",\"url\":\"https:\\\/\\\/www.iemj.org\\\/de\\\/\",\"name\":\"Institut Europ\u00e9en des Musiques Juives\",\"description\":\"Des traditions musicales \u00e0 la port\u00e9e de tous\",\"publisher\":{\"@id\":\"https:\\\/\\\/www.iemj.org\\\/de\\\/#organization\"},\"potentialAction\":[{\"@type\":\"SearchAction\",\"target\":{\"@type\":\"EntryPoint\",\"urlTemplate\":\"https:\\\/\\\/www.iemj.org\\\/de\\\/?s={search_term_string}\"},\"query-input\":{\"@type\":\"PropertyValueSpecification\",\"valueRequired\":true,\"valueName\":\"search_term_string\"}}],\"inLanguage\":\"de\"},{\"@type\":\"Organization\",\"@id\":\"https:\\\/\\\/www.iemj.org\\\/de\\\/#organization\",\"name\":\"Institut Europ\u00e9en des Musiques Juives\",\"url\":\"https:\\\/\\\/www.iemj.org\\\/de\\\/\",\"logo\":{\"@type\":\"ImageObject\",\"inLanguage\":\"de\",\"@id\":\"https:\\\/\\\/www.iemj.org\\\/de\\\/#\\\/schema\\\/logo\\\/image\\\/\",\"url\":\"https:\\\/\\\/www.iemj.org\\\/wp-content\\\/uploads\\\/2021\\\/09\\\/Logo-IEMJ-Paypal.jpg\",\"contentUrl\":\"https:\\\/\\\/www.iemj.org\\\/wp-content\\\/uploads\\\/2021\\\/09\\\/Logo-IEMJ-Paypal.jpg\",\"width\":150,\"height\":50,\"caption\":\"Institut Europ\u00e9en des Musiques Juives\"},\"image\":{\"@id\":\"https:\\\/\\\/www.iemj.org\\\/de\\\/#\\\/schema\\\/logo\\\/image\\\/\"},\"sameAs\":[\"https:\\\/\\\/www.facebook.com\\\/MusiquesJuives\\\/\",\"https:\\\/\\\/www.instagram.com\\\/musiquesjuives\\\/\",\"https:\\\/\\\/www.youtube.com\\\/user\\\/musiquesjuives\"]},{\"@type\":\"Person\",\"@id\":\"https:\\\/\\\/www.iemj.org\\\/de\\\/#\\\/schema\\\/person\\\/c9bc1c386a3749579a2d675e72a18666\",\"name\":\"Jean-Gabriel Davis\",\"image\":{\"@type\":\"ImageObject\",\"inLanguage\":\"de\",\"@id\":\"https:\\\/\\\/secure.gravatar.com\\\/avatar\\\/2b90d67bdf392c9b3a21fab87c0fa7edaf1fb3a058172a1ffd61033fcec7aec1?s=96&d=mm&r=g\",\"url\":\"https:\\\/\\\/secure.gravatar.com\\\/avatar\\\/2b90d67bdf392c9b3a21fab87c0fa7edaf1fb3a058172a1ffd61033fcec7aec1?s=96&d=mm&r=g\",\"contentUrl\":\"https:\\\/\\\/secure.gravatar.com\\\/avatar\\\/2b90d67bdf392c9b3a21fab87c0fa7edaf1fb3a058172a1ffd61033fcec7aec1?s=96&d=mm&r=g\",\"caption\":\"Jean-Gabriel Davis\"}}]}<\/script>\n<!-- \/ Yoast SEO plugin. -->","yoast_head_json":{"title":"Lieder und Gebete zu Rosch Haschana und Jom Kipur - Institut Europ\u00e9en des Musiques Juives","robots":{"index":"index","follow":"follow","max-snippet":"max-snippet:-1","max-image-preview":"max-image-preview:large","max-video-preview":"max-video-preview:-1"},"canonical":"https:\/\/www.iemj.org\/de\/songs-and-prayers-of-rosh-hashanah-and-yom-kipour\/","og_locale":"de_DE","og_type":"article","og_title":"Lieder und Gebete zu Rosch Haschana und Jom Kipur - Institut Europ\u00e9en des Musiques Juives","og_description":"Die Feiertage von Tischri sind sowohl eine Zeit der Freude als auch eine Zeit der Reue. Die traditionellen Lieder von Rosch ha-Schana und Jom Kippur spiegeln die Dualit\u00e4t dieser Gef\u00fchle","og_url":"https:\/\/www.iemj.org\/de\/songs-and-prayers-of-rosh-hashanah-and-yom-kipour\/","og_site_name":"Institut Europ\u00e9en des Musiques Juives","article_publisher":"https:\/\/www.facebook.com\/MusiquesJuives\/","article_published_time":"2017-09-21T09:35:03+00:00","article_modified_time":"2025-09-20T14:02:54+00:00","og_image":[{"width":459,"height":400,"url":"https:\/\/www.iemj.org\/wp-content\/uploads\/2017\/09\/arton2476.jpg","type":"image\/jpeg"}],"author":"Jean-Gabriel Davis","twitter_card":"summary_large_image","twitter_misc":{"Verfasst von":"Jean-Gabriel Davis","Gesch\u00e4tzte Lesezeit":"2\u00a0Minuten"},"schema":{"@context":"https:\/\/schema.org","@graph":[{"@type":"Article","@id":"https:\/\/www.iemj.org\/de\/songs-and-prayers-of-rosh-hashanah-and-yom-kipour\/#article","isPartOf":{"@id":"https:\/\/www.iemj.org\/de\/songs-and-prayers-of-rosh-hashanah-and-yom-kipour\/"},"author":{"name":"Jean-Gabriel Davis","@id":"https:\/\/www.iemj.org\/de\/#\/schema\/person\/c9bc1c386a3749579a2d675e72a18666"},"headline":"Lieder und Gebete zu Rosch Haschana und Jom Kipur","datePublished":"2017-09-21T09:35:03+00:00","dateModified":"2025-09-20T14:02:54+00:00","mainEntityOfPage":{"@id":"https:\/\/www.iemj.org\/de\/songs-and-prayers-of-rosh-hashanah-and-yom-kipour\/"},"wordCount":240,"publisher":{"@id":"https:\/\/www.iemj.org\/de\/#organization"},"image":{"@id":"https:\/\/www.iemj.org\/de\/songs-and-prayers-of-rosh-hashanah-and-yom-kipour\/#primaryimage"},"thumbnailUrl":"https:\/\/www.iemj.org\/wp-content\/uploads\/2017\/09\/arton2476.jpg","articleSection":["CD","Letzte Neuerwerbungen"],"inLanguage":"de"},{"@type":"WebPage","@id":"https:\/\/www.iemj.org\/de\/songs-and-prayers-of-rosh-hashanah-and-yom-kipour\/","url":"https:\/\/www.iemj.org\/de\/songs-and-prayers-of-rosh-hashanah-and-yom-kipour\/","name":"Lieder und Gebete zu Rosch Haschana und Jom Kipur - Institut Europ\u00e9en des Musiques Juives","isPartOf":{"@id":"https:\/\/www.iemj.org\/de\/#website"},"primaryImageOfPage":{"@id":"https:\/\/www.iemj.org\/de\/songs-and-prayers-of-rosh-hashanah-and-yom-kipour\/#primaryimage"},"image":{"@id":"https:\/\/www.iemj.org\/de\/songs-and-prayers-of-rosh-hashanah-and-yom-kipour\/#primaryimage"},"thumbnailUrl":"https:\/\/www.iemj.org\/wp-content\/uploads\/2017\/09\/arton2476.jpg","datePublished":"2017-09-21T09:35:03+00:00","dateModified":"2025-09-20T14:02:54+00:00","breadcrumb":{"@id":"https:\/\/www.iemj.org\/de\/songs-and-prayers-of-rosh-hashanah-and-yom-kipour\/#breadcrumb"},"inLanguage":"de","potentialAction":[{"@type":"ReadAction","target":["https:\/\/www.iemj.org\/de\/songs-and-prayers-of-rosh-hashanah-and-yom-kipour\/"]}]},{"@type":"ImageObject","inLanguage":"de","@id":"https:\/\/www.iemj.org\/de\/songs-and-prayers-of-rosh-hashanah-and-yom-kipour\/#primaryimage","url":"https:\/\/www.iemj.org\/wp-content\/uploads\/2017\/09\/arton2476.jpg","contentUrl":"https:\/\/www.iemj.org\/wp-content\/uploads\/2017\/09\/arton2476.jpg","width":459,"height":400},{"@type":"BreadcrumbList","@id":"https:\/\/www.iemj.org\/de\/songs-and-prayers-of-rosh-hashanah-and-yom-kipour\/#breadcrumb","itemListElement":[{"@type":"ListItem","position":1,"name":"Accueil","item":"https:\/\/www.iemj.org\/de\/"},{"@type":"ListItem","position":2,"name":"Lieder und Gebete zu Rosch Haschana und Jom Kipur"}]},{"@type":"WebSite","@id":"https:\/\/www.iemj.org\/de\/#website","url":"https:\/\/www.iemj.org\/de\/","name":"Institut Europ\u00e9en des Musiques Juives","description":"Des traditions musicales \u00e0 la port\u00e9e de tous","publisher":{"@id":"https:\/\/www.iemj.org\/de\/#organization"},"potentialAction":[{"@type":"SearchAction","target":{"@type":"EntryPoint","urlTemplate":"https:\/\/www.iemj.org\/de\/?s={search_term_string}"},"query-input":{"@type":"PropertyValueSpecification","valueRequired":true,"valueName":"search_term_string"}}],"inLanguage":"de"},{"@type":"Organization","@id":"https:\/\/www.iemj.org\/de\/#organization","name":"Institut Europ\u00e9en des Musiques Juives","url":"https:\/\/www.iemj.org\/de\/","logo":{"@type":"ImageObject","inLanguage":"de","@id":"https:\/\/www.iemj.org\/de\/#\/schema\/logo\/image\/","url":"https:\/\/www.iemj.org\/wp-content\/uploads\/2021\/09\/Logo-IEMJ-Paypal.jpg","contentUrl":"https:\/\/www.iemj.org\/wp-content\/uploads\/2021\/09\/Logo-IEMJ-Paypal.jpg","width":150,"height":50,"caption":"Institut Europ\u00e9en des Musiques Juives"},"image":{"@id":"https:\/\/www.iemj.org\/de\/#\/schema\/logo\/image\/"},"sameAs":["https:\/\/www.facebook.com\/MusiquesJuives\/","https:\/\/www.instagram.com\/musiquesjuives\/","https:\/\/www.youtube.com\/user\/musiquesjuives"]},{"@type":"Person","@id":"https:\/\/www.iemj.org\/de\/#\/schema\/person\/c9bc1c386a3749579a2d675e72a18666","name":"Jean-Gabriel Davis","image":{"@type":"ImageObject","inLanguage":"de","@id":"https:\/\/secure.gravatar.com\/avatar\/2b90d67bdf392c9b3a21fab87c0fa7edaf1fb3a058172a1ffd61033fcec7aec1?s=96&d=mm&r=g","url":"https:\/\/secure.gravatar.com\/avatar\/2b90d67bdf392c9b3a21fab87c0fa7edaf1fb3a058172a1ffd61033fcec7aec1?s=96&d=mm&r=g","contentUrl":"https:\/\/secure.gravatar.com\/avatar\/2b90d67bdf392c9b3a21fab87c0fa7edaf1fb3a058172a1ffd61033fcec7aec1?s=96&d=mm&r=g","caption":"Jean-Gabriel Davis"}}]}},"_links":{"self":[{"href":"https:\/\/www.iemj.org\/de\/wp-json\/wp\/v2\/posts\/78583","targetHints":{"allow":["GET"]}}],"collection":[{"href":"https:\/\/www.iemj.org\/de\/wp-json\/wp\/v2\/posts"}],"about":[{"href":"https:\/\/www.iemj.org\/de\/wp-json\/wp\/v2\/types\/post"}],"author":[{"embeddable":true,"href":"https:\/\/www.iemj.org\/de\/wp-json\/wp\/v2\/users\/1048"}],"replies":[{"embeddable":true,"href":"https:\/\/www.iemj.org\/de\/wp-json\/wp\/v2\/comments?post=78583"}],"version-history":[{"count":0,"href":"https:\/\/www.iemj.org\/de\/wp-json\/wp\/v2\/posts\/78583\/revisions"}],"wp:featuredmedia":[{"embeddable":true,"href":"https:\/\/www.iemj.org\/de\/wp-json\/wp\/v2\/media\/78585"}],"wp:attachment":[{"href":"https:\/\/www.iemj.org\/de\/wp-json\/wp\/v2\/media?parent=78583"}],"wp:term":[{"taxonomy":"category","embeddable":true,"href":"https:\/\/www.iemj.org\/de\/wp-json\/wp\/v2\/categories?post=78583"},{"taxonomy":"post_tag","embeddable":true,"href":"https:\/\/www.iemj.org\/de\/wp-json\/wp\/v2\/tags?post=78583"},{"taxonomy":"technique","embeddable":true,"href":"https:\/\/www.iemj.org\/de\/wp-json\/wp\/v2\/technique?post=78583"},{"taxonomy":"squelettes","embeddable":true,"href":"https:\/\/www.iemj.org\/de\/wp-json\/wp\/v2\/squelettes?post=78583"},{"taxonomy":"sujet","embeddable":true,"href":"https:\/\/www.iemj.org\/de\/wp-json\/wp\/v2\/sujet?post=78583"},{"taxonomy":"formation","embeddable":true,"href":"https:\/\/www.iemj.org\/de\/wp-json\/wp\/v2\/formation?post=78583"},{"taxonomy":"genre","embeddable":true,"href":"https:\/\/www.iemj.org\/de\/wp-json\/wp\/v2\/genre?post=78583"},{"taxonomy":"fonds","embeddable":true,"href":"https:\/\/www.iemj.org\/de\/wp-json\/wp\/v2\/fonds?post=78583"},{"taxonomy":"tradition","embeddable":true,"href":"https:\/\/www.iemj.org\/de\/wp-json\/wp\/v2\/tradition?post=78583"},{"taxonomy":"type-de-contenu","embeddable":true,"href":"https:\/\/www.iemj.org\/de\/wp-json\/wp\/v2\/type-de-contenu?post=78583"},{"taxonomy":"interprete-compositeur","embeddable":true,"href":"https:\/\/www.iemj.org\/de\/wp-json\/wp\/v2\/interprete-compositeur?post=78583"},{"taxonomy":"frise","embeddable":true,"href":"https:\/\/www.iemj.org\/de\/wp-json\/wp\/v2\/frise?post=78583"},{"taxonomy":"type-devenement","embeddable":true,"href":"https:\/\/www.iemj.org\/de\/wp-json\/wp\/v2\/type-devenement?post=78583"},{"taxonomy":"tableaux-liens-externes","embeddable":true,"href":"https:\/\/www.iemj.org\/de\/wp-json\/wp\/v2\/tableaux-liens-externes?post=78583"}],"curies":[{"name":"wp","href":"https:\/\/api.w.org\/{rel}","templated":true}]}}