{"id":78653,"date":"2017-03-15T11:44:55","date_gmt":"2017-03-15T10:44:55","guid":{"rendered":"https:\/\/www.iemj.org\/zara-levina-the-piano-concertos-2\/"},"modified":"2025-10-20T12:20:36","modified_gmt":"2025-10-20T10:20:36","slug":"zara-levina-the-piano-concertos-2","status":"publish","type":"post","link":"https:\/\/www.iemj.org\/de\/zara-levina-the-piano-concertos-2\/","title":{"rendered":"ZARA LEVINA &#8211; The piano concertos"},"content":{"rendered":"<p align=\"justify\"><span style=\"font-size: medium;\"><strong>Zara Alexandrovna Levina<\/strong> wurde 1906 in Alexandrosk (Ukraine) geboren und erlebte sowohl die beiden Weltkriege, die Russische Revolution als auch den Zusammenbruch und den totalit\u00e4ren Wiederaufbau ihres Heimatlandes.<\/span><\/p>\n<p align=\"justify\"><span style=\"font-size: medium;\">Sie lebte ihr ganzes Leben, unter dem st\u00e4ndigen ideologischen Druck der bedrohlichen Staatszensur, welche insbesondere von der ber\u00fcchtigten RAPM (Russischer Verband proletarischer Musiker) ausge\u00fcbt wurde \u2013 ein Druck, der Auswirkungen auf ihre Kreativit\u00e4t wie auch auf ihre Gesundheit haben sollte. Dennoch gelang es Zara Levina auf bemerkenswerte Weise, sich ihr musikalisches Genie trotz dieser Widrigkeiten zu bewahren.<\/span><\/p>\n<p align=\"justify\"><span style=\"font-size: medium;\"><b>Die Komposition dieser beiden Klavierkonzerte, liegen 30 Jahre auseinander:<\/b><\/span><\/p>\n<ul>\n<li><span style=\"font-size: medium; background-color: var(--bs-body-bg); color: var(--bs-body-color); font-family: var(--bs-body-font-family); font-weight: var(--bs-body-font-weight); text-align: var(--bs-body-text-align);\">Das erste Konzert wurde 1942 geschrieben und 1945 uraufgef\u00fchrt, es kn\u00fcpft mit seiner Virtuosit\u00e4t und Orchestrierung, an die gro\u00dfe Tradition des romantischen Klavierkonzerts an und erinnert zweifellos an Rachmaninow und Rimski-Korsakow.<\/span><\/li>\n<li><span style=\"font-size: medium; background-color: var(--bs-body-bg); color: var(--bs-body-color); font-family: var(--bs-body-font-family); font-weight: var(--bs-body-font-weight); text-align: var(--bs-body-text-align);\">Das zweite Konzert erscheint eher in sich gekehrt und geheimnisvoll, es wurde 1975 komponiert, ein Jahr vor dem Tod von Zara Levina. Es handelt sich dabei um ihre letzte Komposition und ihrer Meinung nach auch um ihre beste. Zara Levina sagte selbst oft, dass das Konzert, von ihrem Kampf mit dem Tod und ihrer chronischen Herzerkrankung handele.<\/span><\/li>\n<\/ul>\n<p align=\"justify\"><span style=\"font-size: medium;\">Diese beiden Werke sind einerseits sehr unterschiedlich, aber andererseits auch sehr verbunden. Auch wenn sie in der Tradition verwurzelt sind, sind sie doch keineswegs eklektisch. Die Musik klingt nie ausgekl\u00fcgelt oder gewollt, sondern entfalten sich stattdessen vollkommen frei, ist dabei zugleich aber auch auf logische Weise verbunden. Oft ist sie auch \u00fcberraschend \u2013 sei es in der Harmonie oder in den Themen, Klangfarben, Metro-Rhythmen \u2013 dennoch sind die Kompositionen aber frei von jeglicher Gewalt.<\/span><\/p>\n<p align=\"justify\"><span style=\"font-size: medium;\">Nichtsdestotrotz wird ein jeder, der sich die beiden Konzerte anh\u00f6rt, feststellen k\u00f6nnen, dass sie sowohl in harmonischer als auch in melodischer Hinsicht miteinander verbunden sind\u2026<\/span><\/p>\n<p align=\"justify\"><span style=\"font-size: medium; background-color: var(--bs-body-bg); color: var(--bs-body-color); font-family: var(--bs-body-font-family); font-weight: var(--bs-body-font-weight); text-align: var(--bs-body-text-align);\"><strong>Maria Lettberg<\/strong>, Klavier<br \/>Seit ihrem Deb\u00fct im Jahr 2000 mit Peter Tschaikowskys Klavierkonzert Nr. 1 mit dem schwedischen Radiosinfonieorchester \u2013 sowie dem traditionellen Repertoire, hat sich Maria Lettberg dem Entdecken vergessener Sch\u00e4tze der Vergangenheit verschrieben. Die aus Riga stammende und in Berlin lebende S\u00e4ngerin, wird von der internationalen \u00d6ffentlichkeit und Kritik vor allem f\u00fcr ihre Darbietungen russischer und skandinavischer Musik gesch\u00e4tzt. Mit den beiden Klavierkonzerten von Zara Levina, setzt Maria Lettberg ihre Entdeckung von sowohl in kompositorischer als auch in klaviertechnischer Hinsicht anspruchsvollen Werken fort.<\/span><\/p>\n<p><span style=\"font-size: medium;\"><span style=\"font-size: revert; background-color: var(--bs-body-bg); color: var(--bs-body-color); font-family: var(--bs-body-font-family); font-weight: var(--bs-body-font-weight); text-align: var(--bs-body-text-align);\"><strong>Ariane Matiakh<\/strong><\/span>, Dirigentin<br \/>Ariane Matiakh studierte Orchesterdirektion bei Leopold Hager und Yuji Yuasa in Wien und nahm an Meisterkursen von Seiji Ozawa teil, bevor sie 2009 schlie\u00dflich den Preis der \u201eVictoires de la Musique Classique\u201c erhielt, sowie Preistr\u00e4gerin der ersten Ausgabe des ADAMI-Wettbewerbs wurde. Dar\u00fcber hinaus war sie 2008, Finalistin des Donatella-Flick-Wettbewerbs in London. <\/span><\/p>\n<p align=\"justify\"><span style=\"font-size: medium; background-color: var(--bs-body-bg); color: var(--bs-body-color); font-family: var(--bs-body-font-family); font-weight: var(--bs-body-font-weight); text-align: var(--bs-body-text-align);\"><strong>Rundfunk-Sinfonieorchester Berlin (RSB)<\/strong><br \/>Das Rundfunk-Sinfonieorchester Berlin (RSB) wurde in den Anfangsjahren des Radios, im Jahr 1923 gegr\u00fcndet. Die musikalischen Leiter des Orchester, zu denen unter anderem Sergiu Celibidache, Eugen Jochum und Rafael Fr\u00fchbeck de Burgos geh\u00f6ren, haben alle zum au\u00dfergew\u00f6hnlichen Klang des Ensembles beigetragen. Seit seiner Gr\u00fcndung haben bedeutende Komponisten wie Sergej Prokofjew, Richard Strauss, Igor Strawinsky und J\u00f6rg Widmann, ebenso aber auch vielversprechende junge Dirigenten wie Andris Nelsons, Vasily Petrenko, Jakub Hru\u0161a, Lahav Shani und Omer Meir Wellber, das Orchester dirigiert.<\/span><\/p>\n<p align=\"justify\"><a href=\"https:\/\/www.iemj.org\/classique-vous-avez-dit-classique-ariane-matiakh-chef-dorchestre-pour-son-nouveau-cd-concertos-pour-piano-de-zara-levina\/\" target=\"_blank\" rel=\"noopener\"><span style=\"color: #0563c1;\"><u><span style=\"font-size: medium;\">H\u00f6ren Sie sich die von Laure Schnapper pr\u00e4sentierte Radiosendung \u201c<\/span><\/u><\/span><span style=\"color: #0563c1;\"><u><span style=\"font-size: medium;\"><i>Ariane Matiakh, chef d\u2019orchestre pour son nouveau CD\u00a0Concertos pour piano de Zara Levina<\/i><\/span><\/u><\/span><span style=\"color: #0563c1;\"><u><span style=\"font-size: medium;\">\u201d \u00fcber Zara Levina auf Juda\u00efques FM an<\/span><\/u><\/span><\/a><\/p>\n<p><span style=\"color: #0563c1;\"><u><a href=\"http:\/\/www.capriccio.at\/zara-levina-1906-1976\" target=\"_blank\" rel=\"noopener\"><span style=\"font-size: medium;\">Erfahren Sie mehr (Seite auf Englisch)<\/span><\/a><\/u><\/span><span style=\"font-size: medium;\"><br \/><\/span><span style=\"color: #0563c1;\"><u><a href=\"https:\/\/www.amazon.fr\/Concertos-pour-piano-n\/dp\/B01NAS0U8L\" target=\"_blank\" rel=\"noopener\"><span style=\"font-size: medium;\">Bestellen Sie die CD auf Amazon<\/span><\/a><\/u><\/span><\/p>\n\n<div class=\"wp-block-image\">\n<figure class=\"aligncenter size-large\"><img fetchpriority=\"high\" decoding=\"async\" width=\"1024\" height=\"133\" src=\"https:\/\/www.iemj.org\/wp-content\/uploads\/2024\/03\/AUDIO-PLAYER-1024x133.png\" alt=\"\" class=\"wp-image-110606\" srcset=\"https:\/\/www.iemj.org\/wp-content\/uploads\/2024\/03\/AUDIO-PLAYER-1024x133.png 1024w, https:\/\/www.iemj.org\/wp-content\/uploads\/2024\/03\/AUDIO-PLAYER-300x39.png 300w, https:\/\/www.iemj.org\/wp-content\/uploads\/2024\/03\/AUDIO-PLAYER-768x100.png 768w, https:\/\/www.iemj.org\/wp-content\/uploads\/2024\/03\/AUDIO-PLAYER-600x78.png 600w, https:\/\/www.iemj.org\/wp-content\/uploads\/2024\/03\/AUDIO-PLAYER.png 1210w\" sizes=\"(max-width: 1024px) 100vw, 1024px\" \/><\/figure>\n<\/div>\n\n\n<div class=\"wp-block-file\"><a id=\"wp-block-file--media-6a85e9ce-f30e-4ac2-a435-36d3ebdde25c\" href=\"https:\/\/www.iemj.org\/wp-content\/uploads\/2017\/03\/1.zara_levina_concertos_pour_piano_-_1.allegro.mp3\">Concerto pour piano et orchestre N\u00b01 de Zara Levina &#8211; I. Allegro (EXTRAIT)<\/a><\/div>\n\n\n\n<div class=\"wp-block-file\"><a id=\"wp-block-file--media-7b26ab3f-b80a-45ee-ade0-dd01253e8f26\" href=\"https:\/\/www.iemj.org\/wp-content\/uploads\/2017\/03\/2.zara_levina_concertos_pour_piano_-_2.andante.mp3\">Concerto pour piano et orchestre N\u00b01 de Zara Levina &#8211; II. Andante (EXTRAIT)<\/a><\/div>\n\n\n\n<div class=\"wp-block-file\"><a id=\"wp-block-file--media-ee732335-3c7d-4b2a-b3c1-4debf48342c1\" href=\"https:\/\/www.iemj.org\/wp-content\/uploads\/2017\/03\/3.zara_levina_concertos_pour_piano_-_3.allegro.mp3\">Concerto pour piano et orchestre N\u00b01 de Zara Levina &#8211; III. Allegro (EXTRAIT)<\/a><\/div>\n\n\n\n<div class=\"wp-block-file\"><a id=\"wp-block-file--media-3a6977b7-2b51-4e57-b187-f99977c280f4\" href=\"https:\/\/www.iemj.org\/wp-content\/uploads\/2017\/03\/4.zara_levina_concertos_pour_piano_-_4.moderato_sostenuto.mp3\">Concerto pour piano et orchestre N\u00b02 de Zara Levina (EXTRAIT)<\/a><\/div>\n","protected":false},"excerpt":{"rendered":"<p>Zara Alexandrovna Levina wurde 1906 in Alexandrosk (Ukraine) geboren und erlebte sowohl die beiden Weltkriege, die Russische Revolution als auch den Zusammenbruch und den totalit\u00e4ren Wiederaufbau ihres Heimatlandes. Sie lebte<\/p>\n","protected":false},"author":1048,"featured_media":78655,"comment_status":"closed","ping_status":"closed","sticky":false,"template":"","format":"standard","meta":{"_acf_changed":false,"footnotes":""},"categories":[1571,1561],"tags":[],"technique":[],"squelettes":[],"sujet":[],"formation":[],"genre":[1900],"fonds":[],"tradition":[],"type-de-contenu":[],"interprete-compositeur":[],"frise":[],"type-devenement":[],"tableaux-liens-externes":[],"class_list":["post-78653","post","type-post","status-publish","format-standard","has-post-thumbnail","hentry","category-cd-de","category-letzte-neuerwerbungen-de","genre-klassische-musik-de"],"acf":[],"yoast_head":"<!-- This site is optimized with the Yoast SEO plugin v27.3 - https:\/\/yoast.com\/product\/yoast-seo-wordpress\/ -->\n<title>ZARA LEVINA - The piano concertos - Institut Europ\u00e9en des Musiques Juives<\/title>\n<meta name=\"robots\" content=\"index, follow, max-snippet:-1, max-image-preview:large, max-video-preview:-1\" \/>\n<link rel=\"canonical\" href=\"https:\/\/www.iemj.org\/de\/zara-levina-the-piano-concertos-2\/\" \/>\n<meta property=\"og:locale\" content=\"de_DE\" \/>\n<meta property=\"og:type\" content=\"article\" \/>\n<meta property=\"og:title\" content=\"ZARA LEVINA - The piano concertos - Institut Europ\u00e9en des Musiques Juives\" \/>\n<meta property=\"og:description\" content=\"Zara Alexandrovna Levina wurde 1906 in Alexandrosk (Ukraine) geboren und erlebte sowohl die beiden Weltkriege, die Russische Revolution als auch den Zusammenbruch und den totalit\u00e4ren Wiederaufbau ihres Heimatlandes. Sie lebte\" \/>\n<meta property=\"og:url\" content=\"https:\/\/www.iemj.org\/de\/zara-levina-the-piano-concertos-2\/\" \/>\n<meta property=\"og:site_name\" content=\"Institut Europ\u00e9en des Musiques Juives\" \/>\n<meta property=\"article:publisher\" content=\"https:\/\/www.facebook.com\/MusiquesJuives\/\" \/>\n<meta property=\"article:published_time\" content=\"2017-03-15T10:44:55+00:00\" \/>\n<meta property=\"article:modified_time\" content=\"2025-10-20T10:20:36+00:00\" \/>\n<meta property=\"og:image\" content=\"https:\/\/www.iemj.org\/wp-content\/uploads\/2017\/03\/arton2180.jpg\" \/>\n\t<meta property=\"og:image:width\" content=\"386\" \/>\n\t<meta property=\"og:image:height\" content=\"336\" \/>\n\t<meta property=\"og:image:type\" content=\"image\/jpeg\" \/>\n<meta name=\"author\" content=\"Jean-Gabriel Davis\" \/>\n<meta name=\"twitter:card\" content=\"summary_large_image\" \/>\n<meta name=\"twitter:label1\" content=\"Verfasst von\" \/>\n\t<meta name=\"twitter:data1\" content=\"Jean-Gabriel Davis\" \/>\n\t<meta name=\"twitter:label2\" content=\"Gesch\u00e4tzte Lesezeit\" \/>\n\t<meta name=\"twitter:data2\" content=\"4\u00a0Minuten\" \/>\n<script type=\"application\/ld+json\" class=\"yoast-schema-graph\">{\"@context\":\"https:\\\/\\\/schema.org\",\"@graph\":[{\"@type\":\"Article\",\"@id\":\"https:\\\/\\\/www.iemj.org\\\/de\\\/zara-levina-the-piano-concertos-2\\\/#article\",\"isPartOf\":{\"@id\":\"https:\\\/\\\/www.iemj.org\\\/de\\\/zara-levina-the-piano-concertos-2\\\/\"},\"author\":{\"name\":\"Jean-Gabriel Davis\",\"@id\":\"https:\\\/\\\/www.iemj.org\\\/de\\\/#\\\/schema\\\/person\\\/c9bc1c386a3749579a2d675e72a18666\"},\"headline\":\"ZARA LEVINA &#8211; The piano concertos\",\"datePublished\":\"2017-03-15T10:44:55+00:00\",\"dateModified\":\"2025-10-20T10:20:36+00:00\",\"mainEntityOfPage\":{\"@id\":\"https:\\\/\\\/www.iemj.org\\\/de\\\/zara-levina-the-piano-concertos-2\\\/\"},\"wordCount\":615,\"publisher\":{\"@id\":\"https:\\\/\\\/www.iemj.org\\\/de\\\/#organization\"},\"image\":{\"@id\":\"https:\\\/\\\/www.iemj.org\\\/de\\\/zara-levina-the-piano-concertos-2\\\/#primaryimage\"},\"thumbnailUrl\":\"https:\\\/\\\/www.iemj.org\\\/wp-content\\\/uploads\\\/2017\\\/03\\\/arton2180.jpg\",\"articleSection\":[\"CD\",\"Letzte Neuerwerbungen\"],\"inLanguage\":\"de\"},{\"@type\":\"WebPage\",\"@id\":\"https:\\\/\\\/www.iemj.org\\\/de\\\/zara-levina-the-piano-concertos-2\\\/\",\"url\":\"https:\\\/\\\/www.iemj.org\\\/de\\\/zara-levina-the-piano-concertos-2\\\/\",\"name\":\"ZARA LEVINA - The piano concertos - Institut Europ\u00e9en des Musiques Juives\",\"isPartOf\":{\"@id\":\"https:\\\/\\\/www.iemj.org\\\/de\\\/#website\"},\"primaryImageOfPage\":{\"@id\":\"https:\\\/\\\/www.iemj.org\\\/de\\\/zara-levina-the-piano-concertos-2\\\/#primaryimage\"},\"image\":{\"@id\":\"https:\\\/\\\/www.iemj.org\\\/de\\\/zara-levina-the-piano-concertos-2\\\/#primaryimage\"},\"thumbnailUrl\":\"https:\\\/\\\/www.iemj.org\\\/wp-content\\\/uploads\\\/2017\\\/03\\\/arton2180.jpg\",\"datePublished\":\"2017-03-15T10:44:55+00:00\",\"dateModified\":\"2025-10-20T10:20:36+00:00\",\"breadcrumb\":{\"@id\":\"https:\\\/\\\/www.iemj.org\\\/de\\\/zara-levina-the-piano-concertos-2\\\/#breadcrumb\"},\"inLanguage\":\"de\",\"potentialAction\":[{\"@type\":\"ReadAction\",\"target\":[\"https:\\\/\\\/www.iemj.org\\\/de\\\/zara-levina-the-piano-concertos-2\\\/\"]}]},{\"@type\":\"ImageObject\",\"inLanguage\":\"de\",\"@id\":\"https:\\\/\\\/www.iemj.org\\\/de\\\/zara-levina-the-piano-concertos-2\\\/#primaryimage\",\"url\":\"https:\\\/\\\/www.iemj.org\\\/wp-content\\\/uploads\\\/2017\\\/03\\\/arton2180.jpg\",\"contentUrl\":\"https:\\\/\\\/www.iemj.org\\\/wp-content\\\/uploads\\\/2017\\\/03\\\/arton2180.jpg\",\"width\":386,\"height\":336},{\"@type\":\"BreadcrumbList\",\"@id\":\"https:\\\/\\\/www.iemj.org\\\/de\\\/zara-levina-the-piano-concertos-2\\\/#breadcrumb\",\"itemListElement\":[{\"@type\":\"ListItem\",\"position\":1,\"name\":\"Accueil\",\"item\":\"https:\\\/\\\/www.iemj.org\\\/de\\\/\"},{\"@type\":\"ListItem\",\"position\":2,\"name\":\"ZARA LEVINA &#8211; The piano concertos\"}]},{\"@type\":\"WebSite\",\"@id\":\"https:\\\/\\\/www.iemj.org\\\/de\\\/#website\",\"url\":\"https:\\\/\\\/www.iemj.org\\\/de\\\/\",\"name\":\"Institut Europ\u00e9en des Musiques Juives\",\"description\":\"Des traditions musicales \u00e0 la port\u00e9e de tous\",\"publisher\":{\"@id\":\"https:\\\/\\\/www.iemj.org\\\/de\\\/#organization\"},\"potentialAction\":[{\"@type\":\"SearchAction\",\"target\":{\"@type\":\"EntryPoint\",\"urlTemplate\":\"https:\\\/\\\/www.iemj.org\\\/de\\\/?s={search_term_string}\"},\"query-input\":{\"@type\":\"PropertyValueSpecification\",\"valueRequired\":true,\"valueName\":\"search_term_string\"}}],\"inLanguage\":\"de\"},{\"@type\":\"Organization\",\"@id\":\"https:\\\/\\\/www.iemj.org\\\/de\\\/#organization\",\"name\":\"Institut Europ\u00e9en des Musiques Juives\",\"url\":\"https:\\\/\\\/www.iemj.org\\\/de\\\/\",\"logo\":{\"@type\":\"ImageObject\",\"inLanguage\":\"de\",\"@id\":\"https:\\\/\\\/www.iemj.org\\\/de\\\/#\\\/schema\\\/logo\\\/image\\\/\",\"url\":\"https:\\\/\\\/www.iemj.org\\\/wp-content\\\/uploads\\\/2021\\\/09\\\/Logo-IEMJ-Paypal.jpg\",\"contentUrl\":\"https:\\\/\\\/www.iemj.org\\\/wp-content\\\/uploads\\\/2021\\\/09\\\/Logo-IEMJ-Paypal.jpg\",\"width\":150,\"height\":50,\"caption\":\"Institut Europ\u00e9en des Musiques Juives\"},\"image\":{\"@id\":\"https:\\\/\\\/www.iemj.org\\\/de\\\/#\\\/schema\\\/logo\\\/image\\\/\"},\"sameAs\":[\"https:\\\/\\\/www.facebook.com\\\/MusiquesJuives\\\/\",\"https:\\\/\\\/www.instagram.com\\\/musiquesjuives\\\/\",\"https:\\\/\\\/www.youtube.com\\\/user\\\/musiquesjuives\"]},{\"@type\":\"Person\",\"@id\":\"https:\\\/\\\/www.iemj.org\\\/de\\\/#\\\/schema\\\/person\\\/c9bc1c386a3749579a2d675e72a18666\",\"name\":\"Jean-Gabriel Davis\",\"image\":{\"@type\":\"ImageObject\",\"inLanguage\":\"de\",\"@id\":\"https:\\\/\\\/secure.gravatar.com\\\/avatar\\\/2b90d67bdf392c9b3a21fab87c0fa7edaf1fb3a058172a1ffd61033fcec7aec1?s=96&d=mm&r=g\",\"url\":\"https:\\\/\\\/secure.gravatar.com\\\/avatar\\\/2b90d67bdf392c9b3a21fab87c0fa7edaf1fb3a058172a1ffd61033fcec7aec1?s=96&d=mm&r=g\",\"contentUrl\":\"https:\\\/\\\/secure.gravatar.com\\\/avatar\\\/2b90d67bdf392c9b3a21fab87c0fa7edaf1fb3a058172a1ffd61033fcec7aec1?s=96&d=mm&r=g\",\"caption\":\"Jean-Gabriel Davis\"}}]}<\/script>\n<!-- \/ Yoast SEO plugin. -->","yoast_head_json":{"title":"ZARA LEVINA - The piano concertos - Institut Europ\u00e9en des Musiques Juives","robots":{"index":"index","follow":"follow","max-snippet":"max-snippet:-1","max-image-preview":"max-image-preview:large","max-video-preview":"max-video-preview:-1"},"canonical":"https:\/\/www.iemj.org\/de\/zara-levina-the-piano-concertos-2\/","og_locale":"de_DE","og_type":"article","og_title":"ZARA LEVINA - The piano concertos - Institut Europ\u00e9en des Musiques Juives","og_description":"Zara Alexandrovna Levina wurde 1906 in Alexandrosk (Ukraine) geboren und erlebte sowohl die beiden Weltkriege, die Russische Revolution als auch den Zusammenbruch und den totalit\u00e4ren Wiederaufbau ihres Heimatlandes. Sie lebte","og_url":"https:\/\/www.iemj.org\/de\/zara-levina-the-piano-concertos-2\/","og_site_name":"Institut Europ\u00e9en des Musiques Juives","article_publisher":"https:\/\/www.facebook.com\/MusiquesJuives\/","article_published_time":"2017-03-15T10:44:55+00:00","article_modified_time":"2025-10-20T10:20:36+00:00","og_image":[{"width":386,"height":336,"url":"https:\/\/www.iemj.org\/wp-content\/uploads\/2017\/03\/arton2180.jpg","type":"image\/jpeg"}],"author":"Jean-Gabriel Davis","twitter_card":"summary_large_image","twitter_misc":{"Verfasst von":"Jean-Gabriel Davis","Gesch\u00e4tzte Lesezeit":"4\u00a0Minuten"},"schema":{"@context":"https:\/\/schema.org","@graph":[{"@type":"Article","@id":"https:\/\/www.iemj.org\/de\/zara-levina-the-piano-concertos-2\/#article","isPartOf":{"@id":"https:\/\/www.iemj.org\/de\/zara-levina-the-piano-concertos-2\/"},"author":{"name":"Jean-Gabriel Davis","@id":"https:\/\/www.iemj.org\/de\/#\/schema\/person\/c9bc1c386a3749579a2d675e72a18666"},"headline":"ZARA LEVINA &#8211; The piano concertos","datePublished":"2017-03-15T10:44:55+00:00","dateModified":"2025-10-20T10:20:36+00:00","mainEntityOfPage":{"@id":"https:\/\/www.iemj.org\/de\/zara-levina-the-piano-concertos-2\/"},"wordCount":615,"publisher":{"@id":"https:\/\/www.iemj.org\/de\/#organization"},"image":{"@id":"https:\/\/www.iemj.org\/de\/zara-levina-the-piano-concertos-2\/#primaryimage"},"thumbnailUrl":"https:\/\/www.iemj.org\/wp-content\/uploads\/2017\/03\/arton2180.jpg","articleSection":["CD","Letzte Neuerwerbungen"],"inLanguage":"de"},{"@type":"WebPage","@id":"https:\/\/www.iemj.org\/de\/zara-levina-the-piano-concertos-2\/","url":"https:\/\/www.iemj.org\/de\/zara-levina-the-piano-concertos-2\/","name":"ZARA LEVINA - The piano concertos - Institut Europ\u00e9en des Musiques Juives","isPartOf":{"@id":"https:\/\/www.iemj.org\/de\/#website"},"primaryImageOfPage":{"@id":"https:\/\/www.iemj.org\/de\/zara-levina-the-piano-concertos-2\/#primaryimage"},"image":{"@id":"https:\/\/www.iemj.org\/de\/zara-levina-the-piano-concertos-2\/#primaryimage"},"thumbnailUrl":"https:\/\/www.iemj.org\/wp-content\/uploads\/2017\/03\/arton2180.jpg","datePublished":"2017-03-15T10:44:55+00:00","dateModified":"2025-10-20T10:20:36+00:00","breadcrumb":{"@id":"https:\/\/www.iemj.org\/de\/zara-levina-the-piano-concertos-2\/#breadcrumb"},"inLanguage":"de","potentialAction":[{"@type":"ReadAction","target":["https:\/\/www.iemj.org\/de\/zara-levina-the-piano-concertos-2\/"]}]},{"@type":"ImageObject","inLanguage":"de","@id":"https:\/\/www.iemj.org\/de\/zara-levina-the-piano-concertos-2\/#primaryimage","url":"https:\/\/www.iemj.org\/wp-content\/uploads\/2017\/03\/arton2180.jpg","contentUrl":"https:\/\/www.iemj.org\/wp-content\/uploads\/2017\/03\/arton2180.jpg","width":386,"height":336},{"@type":"BreadcrumbList","@id":"https:\/\/www.iemj.org\/de\/zara-levina-the-piano-concertos-2\/#breadcrumb","itemListElement":[{"@type":"ListItem","position":1,"name":"Accueil","item":"https:\/\/www.iemj.org\/de\/"},{"@type":"ListItem","position":2,"name":"ZARA LEVINA &#8211; The piano concertos"}]},{"@type":"WebSite","@id":"https:\/\/www.iemj.org\/de\/#website","url":"https:\/\/www.iemj.org\/de\/","name":"Institut Europ\u00e9en des Musiques Juives","description":"Des traditions musicales \u00e0 la port\u00e9e de tous","publisher":{"@id":"https:\/\/www.iemj.org\/de\/#organization"},"potentialAction":[{"@type":"SearchAction","target":{"@type":"EntryPoint","urlTemplate":"https:\/\/www.iemj.org\/de\/?s={search_term_string}"},"query-input":{"@type":"PropertyValueSpecification","valueRequired":true,"valueName":"search_term_string"}}],"inLanguage":"de"},{"@type":"Organization","@id":"https:\/\/www.iemj.org\/de\/#organization","name":"Institut Europ\u00e9en des Musiques Juives","url":"https:\/\/www.iemj.org\/de\/","logo":{"@type":"ImageObject","inLanguage":"de","@id":"https:\/\/www.iemj.org\/de\/#\/schema\/logo\/image\/","url":"https:\/\/www.iemj.org\/wp-content\/uploads\/2021\/09\/Logo-IEMJ-Paypal.jpg","contentUrl":"https:\/\/www.iemj.org\/wp-content\/uploads\/2021\/09\/Logo-IEMJ-Paypal.jpg","width":150,"height":50,"caption":"Institut Europ\u00e9en des Musiques Juives"},"image":{"@id":"https:\/\/www.iemj.org\/de\/#\/schema\/logo\/image\/"},"sameAs":["https:\/\/www.facebook.com\/MusiquesJuives\/","https:\/\/www.instagram.com\/musiquesjuives\/","https:\/\/www.youtube.com\/user\/musiquesjuives"]},{"@type":"Person","@id":"https:\/\/www.iemj.org\/de\/#\/schema\/person\/c9bc1c386a3749579a2d675e72a18666","name":"Jean-Gabriel Davis","image":{"@type":"ImageObject","inLanguage":"de","@id":"https:\/\/secure.gravatar.com\/avatar\/2b90d67bdf392c9b3a21fab87c0fa7edaf1fb3a058172a1ffd61033fcec7aec1?s=96&d=mm&r=g","url":"https:\/\/secure.gravatar.com\/avatar\/2b90d67bdf392c9b3a21fab87c0fa7edaf1fb3a058172a1ffd61033fcec7aec1?s=96&d=mm&r=g","contentUrl":"https:\/\/secure.gravatar.com\/avatar\/2b90d67bdf392c9b3a21fab87c0fa7edaf1fb3a058172a1ffd61033fcec7aec1?s=96&d=mm&r=g","caption":"Jean-Gabriel Davis"}}]}},"_links":{"self":[{"href":"https:\/\/www.iemj.org\/de\/wp-json\/wp\/v2\/posts\/78653","targetHints":{"allow":["GET"]}}],"collection":[{"href":"https:\/\/www.iemj.org\/de\/wp-json\/wp\/v2\/posts"}],"about":[{"href":"https:\/\/www.iemj.org\/de\/wp-json\/wp\/v2\/types\/post"}],"author":[{"embeddable":true,"href":"https:\/\/www.iemj.org\/de\/wp-json\/wp\/v2\/users\/1048"}],"replies":[{"embeddable":true,"href":"https:\/\/www.iemj.org\/de\/wp-json\/wp\/v2\/comments?post=78653"}],"version-history":[{"count":1,"href":"https:\/\/www.iemj.org\/de\/wp-json\/wp\/v2\/posts\/78653\/revisions"}],"predecessor-version":[{"id":127290,"href":"https:\/\/www.iemj.org\/de\/wp-json\/wp\/v2\/posts\/78653\/revisions\/127290"}],"wp:featuredmedia":[{"embeddable":true,"href":"https:\/\/www.iemj.org\/de\/wp-json\/wp\/v2\/media\/78655"}],"wp:attachment":[{"href":"https:\/\/www.iemj.org\/de\/wp-json\/wp\/v2\/media?parent=78653"}],"wp:term":[{"taxonomy":"category","embeddable":true,"href":"https:\/\/www.iemj.org\/de\/wp-json\/wp\/v2\/categories?post=78653"},{"taxonomy":"post_tag","embeddable":true,"href":"https:\/\/www.iemj.org\/de\/wp-json\/wp\/v2\/tags?post=78653"},{"taxonomy":"technique","embeddable":true,"href":"https:\/\/www.iemj.org\/de\/wp-json\/wp\/v2\/technique?post=78653"},{"taxonomy":"squelettes","embeddable":true,"href":"https:\/\/www.iemj.org\/de\/wp-json\/wp\/v2\/squelettes?post=78653"},{"taxonomy":"sujet","embeddable":true,"href":"https:\/\/www.iemj.org\/de\/wp-json\/wp\/v2\/sujet?post=78653"},{"taxonomy":"formation","embeddable":true,"href":"https:\/\/www.iemj.org\/de\/wp-json\/wp\/v2\/formation?post=78653"},{"taxonomy":"genre","embeddable":true,"href":"https:\/\/www.iemj.org\/de\/wp-json\/wp\/v2\/genre?post=78653"},{"taxonomy":"fonds","embeddable":true,"href":"https:\/\/www.iemj.org\/de\/wp-json\/wp\/v2\/fonds?post=78653"},{"taxonomy":"tradition","embeddable":true,"href":"https:\/\/www.iemj.org\/de\/wp-json\/wp\/v2\/tradition?post=78653"},{"taxonomy":"type-de-contenu","embeddable":true,"href":"https:\/\/www.iemj.org\/de\/wp-json\/wp\/v2\/type-de-contenu?post=78653"},{"taxonomy":"interprete-compositeur","embeddable":true,"href":"https:\/\/www.iemj.org\/de\/wp-json\/wp\/v2\/interprete-compositeur?post=78653"},{"taxonomy":"frise","embeddable":true,"href":"https:\/\/www.iemj.org\/de\/wp-json\/wp\/v2\/frise?post=78653"},{"taxonomy":"type-devenement","embeddable":true,"href":"https:\/\/www.iemj.org\/de\/wp-json\/wp\/v2\/type-devenement?post=78653"},{"taxonomy":"tableaux-liens-externes","embeddable":true,"href":"https:\/\/www.iemj.org\/de\/wp-json\/wp\/v2\/tableaux-liens-externes?post=78653"}],"curies":[{"name":"wp","href":"https:\/\/api.w.org\/{rel}","templated":true}]}}