{"id":78687,"date":"2017-02-14T15:30:00","date_gmt":"2017-02-14T14:30:00","guid":{"rendered":"https:\/\/www.iemj.org\/sauvee-des-cendres-saved-from-the-ashes\/"},"modified":"2025-11-02T19:56:40","modified_gmt":"2025-11-02T18:56:40","slug":"sauvee-des-cendres-saved-from-the-ashes","status":"publish","type":"post","link":"https:\/\/www.iemj.org\/de\/sauvee-des-cendres-saved-from-the-ashes\/","title":{"rendered":"Sauv\u00e9e des cendres"},"content":{"rendered":"<p align=\"justify\"><span style=\"font-size: medium;\">Der Musiker <\/span><span style=\"color: #0563c1;\"><u><a href=\"https:\/\/www.youtube.com\/@heliosazoulay8884\" target=\"_blank\" rel=\"noopener\"><span style=\"font-size: medium;\">H\u00e9lios Azoulay<\/span><\/a><\/u><\/span><span style=\"font-size: medium;\"> ist ein anerkannter Experte und Interpret der Musik der Konzentrationslagern und hat vor Kurzem eine CD mit dem Namen Sauv\u00e9e des cendres (auf Deutsch: Gerettet aus der Asche) ver\u00f6ffentlicht, in Bezug auf eine unvollendete Oper von Viktor Ullmann (1898-1944). Am 17. Oktober 1944, wurde der \u00f6sterreichische Komponist in Auschwitz ermordet. Er hatte kurz zuvor, das Libretto einer Johanna von Orl\u00e9ans gewidmeten Oper namens <\/span><span style=\"font-size: medium;\"><i>Le 30 mai 1431<\/i><\/span><span style=\"font-size: medium;\"> vollendet. Ullman schrieb diese Oper, im Ghetto von Theresienstadt und schildert in dieser, die wichtigsten Lebensetappen von Johanna, bis hin zu ihrem Tod auf dem Scheiterhaufen. Dieser bisher unver\u00f6ffentlichte Text, wurde von dem Komponisten H\u00e9lios Azoulay wiedergefunden, \u00fcbersetzt und erstmals in seinem Buch <\/span><span style=\"color: #0563c1;\"><u><a href=\"https:\/\/www.iemj.org\/de\/lenfer-aussi-a-son-orchestre\/\" target=\"_blank\" rel=\"noopener\"><span style=\"font-size: medium;\"><i>L\u2019enfer aussi a son orchestre<\/i><\/span><\/a><\/u><\/span><span style=\"font-size: medium;\"> (Auch die H\u00f6lle hat ihr Orchester) ver\u00f6ffentlicht.<\/span><\/p>\n<p align=\"justify\"><span style=\"font-size: medium;\">Auch wenn Ullmanns Libretto in poetischer Hinsicht, ein absolutes Meisterwerk ist, erscheint es jedoch in musikalischer Hinsicht verwaist: Leider konnte der Komponist gerade einmal zwei Seiten f\u00fcr die Klavierstimme schreiben, welche in einer anderen Partitur namens <\/span><span style=\"font-size: medium;\"><i>Don Quixote tanzt Fandango<\/i><\/span><span style=\"font-size: medium;\"> (1944) enthalten ist. H\u00e9lios Azoulay stellte sich der schier unglaublichen Herausforderung, diese Oper, welche Johanna von Orl\u00e9ans gewidmet ist, zu vollenden. Die Person der Johanna, wird oft mit der Prophetin Deborah verglichen, welche selbst zur Rettung ihres Volkes, das Verbrennen auf dem Scheiterhaufen in Kauf genommen hatte. Doch H\u00e9lios Azoulay geht es nicht darum, auf \u201edie Art und Weise\u201c Ullmanns zu komponieren. Die wenigen kostbaren Takte dieser Partitur werden von Azoulay, in Form von melodischen Ostinatos, welche den Text st\u00fctzen, eingesetzt und mitunter auch ver\u00e4ndert. L\u00e4ngst geht es nicht mehr, um die Komposition einer Oper, sondern vielmehr muss der Text geh\u00f6rt werden! Deshalb wurde H\u00e9lios Azoulays Werk f\u00fcr einen Erz\u00e4hler, eine Frauenstimme, ein Streichquartett und ein Klavier geschrieben.<\/span><\/p>\n<p align=\"justify\"><span style=\"font-size: medium;\">Das Ergebnis dessen ist atemberaubend. Die Musik des Ensemble de musique incidentale, scheint an den Lippen der S\u00e4ngerin und Erz\u00e4hlerin Marielle Rubens zu h\u00e4ngen. Die Musiker, welche sie umgeben (Elios Azoulay, Teona Kharadze, Dimitri Maslennikov, Pablo Schatzman und Baptiste Vay), umh\u00fcllen sie mit Kl\u00e4ngen, welche die St\u00e4rke und Sch\u00f6nheit von Ullmanns Text zur Geltung bringen.<\/span><\/p>\n<p align=\"justify\"><span style=\"font-size: medium;\">Auf der CD sind dar\u00fcber hinaus, vier andere Musikst\u00fccke enthalten:<\/span><\/p>\n<ul>\n<li><span style=\"font-size: medium;\"><i>Shtiler Shtiler<\/i><\/span><span style=\"font-size: medium;\"> wurde 1943 von Aleksander Volkoviski im Ghetto von Wilna komponiert. Der Junge, der bereits im Alter von gerade einmal 11 Jahren, ein bemerkenswerter Pianist war, gewann einen vom J\u00fcdischen Rat des Ghettos von Wilna veranstalteten Musikwettbewerb, mit diesem Wiegenlied, welches rasch zu einem der beliebtesten Lieder im Ghetto wurde\u2026 bevor es 1943 aufgel\u00f6st wurde.<\/span><\/li>\n<li><span style=\"font-size: medium;\"><i>Und der Regen rinnt<\/i><\/span><span style=\"font-size: medium;\"> ist ein Kinderlied, geschrieben von Ilse Weber, der Oberschwester der Kinderabteilung des Lagers Theresienstadt. Oft spielte sie auf ihrer Gitarre, den Kindern kurze Schlaflieder vor, welche einer Streicheleinheit glichen. Doch dieses Lied, ist f\u00fcr ihrer eigenen Sohn, Hanu<\/span><span style=\"font-size: medium;\">\u0161\u2026<\/span><\/li>\n<li><span style=\"font-size: medium;\"><i>Mengeles Tr\u00e4umerei<\/i><\/span><span style=\"font-size: medium;\"> wurde von einer wahren Begebenheit inspiriert. In Ausschwitz bat der Hauptsturmf\u00fchrer Mengele, welcher grausame medizinische Experimente durchf\u00fchrte, die zum Tod von Abertausenden von Erwachsenen und Kindern f\u00fchren sollten, Alma Ros\u00e9, welche das Frauenorchesters des Lagers leitete, um die Auff\u00fchrung von Robert Schumanns <\/span><span style=\"font-size: medium;\"><i>Tr\u00e4umerei<\/i><\/span><span style=\"font-size: medium;\">. Die schiere Obsz\u00f6nit\u00e4t dieser Bitte, inspirierten H\u00e9lios Azoulay zu einem Musikst\u00fcck, welches die Sanftheit von Schumanns urspr\u00fcnglichem Werk, in Kontrast zu den Schrecken der Vernichtungslager setzt.<\/span><\/li>\n<li><span style=\"font-size: medium;\"><i>Kolysanka dla synka w krematorium<\/i><\/span><span style=\"font-size: medium;\"> erz\u00e4hlt die Geschichte von Aaron Liebeskind, einem jungen polnischen Uhrmacher aus Bi<\/span><span style=\"font-size: medium;\">\u0142<\/span><span style=\"font-size: medium;\">goraj, welcher erleben musste wie seine Frau und sein Sohn 1942 im Vernichtungslager Treblinka ermordet wurden. Er bittet den Wachmann des Krematoriums, \u00fcber Nacht auf seinen Sohn aufpassen zu d\u00fcrfen. W\u00e4hrend der schier unertr\u00e4gliche Geruch nach verbrennenden K\u00f6rpern in der Luft liegt, wiegt Aaron seinen drei Jahre alten Sohn in seinen Armen und singt f\u00fcr ihn dieses Wiegenlied\u2026<\/span><\/li>\n<\/ul>\n<ul>\n<li style=\"list-style-type: none;\">\u00a0<\/li>\n<\/ul>\n<p><span style=\"color: #0563c1;\"><u><a href=\"https:\/\/www.amazon.fr\/H%C3%A9lios-Azoulay-lEnsemble-Musique-Incidentale\/dp\/B01N7P4YPE\/ref=sr_1_4?ie=UTF8&amp;qid=1486736073&amp;sr=8-4&amp;keywords=h%C3%A9lios+azoulay\" target=\"_blank\" rel=\"noopener\"><span style=\"font-size: medium;\">Bestellen Sie die CD<\/span><\/a><\/u><\/span><span style=\"font-size: medium;\"><br \/><\/span><span style=\"color: #0563c1;\"><u><br \/><\/u><\/span><\/p>\n\n\n<h2 class=\"wp-block-heading\"><\/h2>\n\n\n<div class=\"wp-block-image\">\n<figure class=\"aligncenter size-large\"><img fetchpriority=\"high\" decoding=\"async\" width=\"1024\" height=\"133\" src=\"https:\/\/www.iemj.org\/wp-content\/uploads\/2024\/03\/AUDIO-PLAYER-1024x133.png\" alt=\"\" class=\"wp-image-110606\" srcset=\"https:\/\/www.iemj.org\/wp-content\/uploads\/2024\/03\/AUDIO-PLAYER-1024x133.png 1024w, https:\/\/www.iemj.org\/wp-content\/uploads\/2024\/03\/AUDIO-PLAYER-300x39.png 300w, https:\/\/www.iemj.org\/wp-content\/uploads\/2024\/03\/AUDIO-PLAYER-768x100.png 768w, https:\/\/www.iemj.org\/wp-content\/uploads\/2024\/03\/AUDIO-PLAYER-600x78.png 600w, https:\/\/www.iemj.org\/wp-content\/uploads\/2024\/03\/AUDIO-PLAYER.png 1210w\" sizes=\"(max-width: 1024px) 100vw, 1024px\" \/><\/figure>\n<\/div>\n\n\n<div class=\"wp-block-file\"><a href=\"https:\/\/www.iemj.org\/wp-content\/uploads\/2017\/02\/und_der_regen_rinnt_ilse_weber.mp3\">Und der Regen rinnt &#8211; Ilse Weber<\/a><\/div>\n\n\n\n<div class=\"wp-block-file\"><a href=\"https:\/\/www.iemj.org\/wp-content\/uploads\/2017\/02\/le_30_mai_1431_acte_ii_scene_3_viktor_ullmann.mp3\">Le 30 mai 1431 &#8211; Acte II scene 3 &#8211; Viktor Ullmann<\/a><\/div>\n\n\n\n<div class=\"wp-block-file\"><a href=\"https:\/\/www.iemj.org\/wp-content\/uploads\/2017\/02\/shtiler_shtiler_aleksander_volkoviski.mp3\">Shtiler Shtiler &#8211; Aleksander Volkoviski<\/a><\/div>\n\n\n\n<div class=\"wp-block-file\"><a href=\"https:\/\/www.iemj.org\/wp-content\/uploads\/2017\/02\/la_reverie_de_mengele_helios_azoulay.mp3\">La reverie de Mengele &#8211; Helios Azoulay<\/a><\/div>\n\n\n\n<div class=\"wp-block-file\"><a href=\"https:\/\/www.iemj.org\/wp-content\/uploads\/2017\/02\/kolysanka_dla_synka_w_krematorium_aaron_liebeskind.mp3\">Kolysanka dla synka w krematorium &#8211; Aaron Liebeskind<\/a><\/div>\n","protected":false},"excerpt":{"rendered":"<p>Der Musiker H\u00e9lios Azoulay ist ein anerkannter Experte und Interpret der Musik der Konzentrationslagern und hat vor Kurzem eine CD mit dem Namen Sauv\u00e9e des cendres (auf Deutsch: Gerettet aus<\/p>\n","protected":false},"author":1048,"featured_media":78689,"comment_status":"closed","ping_status":"closed","sticky":false,"template":"","format":"standard","meta":{"_acf_changed":false,"footnotes":""},"categories":[1571,1561],"tags":[],"technique":[],"squelettes":[],"sujet":[],"formation":[],"genre":[],"fonds":[],"tradition":[],"type-de-contenu":[],"interprete-compositeur":[3312],"frise":[],"type-devenement":[],"tableaux-liens-externes":[],"class_list":["post-78687","post","type-post","status-publish","format-standard","has-post-thumbnail","hentry","category-cd-de","category-letzte-neuerwerbungen-de","interprete-compositeur-viktor-ullmann-de"],"acf":[],"yoast_head":"<!-- This site is optimized with the Yoast SEO plugin v27.3 - https:\/\/yoast.com\/product\/yoast-seo-wordpress\/ -->\n<title>Sauv\u00e9e des cendres - Institut Europ\u00e9en des Musiques Juives<\/title>\n<meta name=\"robots\" content=\"index, follow, max-snippet:-1, max-image-preview:large, max-video-preview:-1\" \/>\n<link rel=\"canonical\" href=\"https:\/\/www.iemj.org\/de\/sauvee-des-cendres-saved-from-the-ashes\/\" \/>\n<meta property=\"og:locale\" content=\"de_DE\" \/>\n<meta property=\"og:type\" content=\"article\" \/>\n<meta property=\"og:title\" content=\"Sauv\u00e9e des cendres - Institut Europ\u00e9en des Musiques Juives\" \/>\n<meta property=\"og:description\" content=\"Der Musiker H\u00e9lios Azoulay ist ein anerkannter Experte und Interpret der Musik der Konzentrationslagern und hat vor Kurzem eine CD mit dem Namen Sauv\u00e9e des cendres (auf Deutsch: Gerettet aus\" \/>\n<meta property=\"og:url\" content=\"https:\/\/www.iemj.org\/de\/sauvee-des-cendres-saved-from-the-ashes\/\" \/>\n<meta property=\"og:site_name\" content=\"Institut Europ\u00e9en des Musiques Juives\" \/>\n<meta property=\"article:publisher\" content=\"https:\/\/www.facebook.com\/MusiquesJuives\/\" \/>\n<meta property=\"article:published_time\" content=\"2017-02-14T14:30:00+00:00\" \/>\n<meta property=\"article:modified_time\" content=\"2025-11-02T18:56:40+00:00\" \/>\n<meta property=\"og:image\" content=\"https:\/\/www.iemj.org\/wp-content\/uploads\/2017\/02\/arton2104.jpg\" \/>\n\t<meta property=\"og:image:width\" content=\"500\" \/>\n\t<meta property=\"og:image:height\" content=\"444\" \/>\n\t<meta property=\"og:image:type\" content=\"image\/jpeg\" \/>\n<meta name=\"author\" content=\"Jean-Gabriel Davis\" \/>\n<meta name=\"twitter:card\" content=\"summary_large_image\" \/>\n<meta name=\"twitter:label1\" content=\"Verfasst von\" \/>\n\t<meta name=\"twitter:data1\" content=\"Jean-Gabriel Davis\" \/>\n\t<meta name=\"twitter:label2\" content=\"Gesch\u00e4tzte Lesezeit\" \/>\n\t<meta name=\"twitter:data2\" content=\"4\u00a0Minuten\" \/>\n<script type=\"application\/ld+json\" class=\"yoast-schema-graph\">{\"@context\":\"https:\\\/\\\/schema.org\",\"@graph\":[{\"@type\":\"Article\",\"@id\":\"https:\\\/\\\/www.iemj.org\\\/de\\\/sauvee-des-cendres-saved-from-the-ashes\\\/#article\",\"isPartOf\":{\"@id\":\"https:\\\/\\\/www.iemj.org\\\/de\\\/sauvee-des-cendres-saved-from-the-ashes\\\/\"},\"author\":{\"name\":\"Jean-Gabriel Davis\",\"@id\":\"https:\\\/\\\/www.iemj.org\\\/de\\\/#\\\/schema\\\/person\\\/c9bc1c386a3749579a2d675e72a18666\"},\"headline\":\"Sauv\u00e9e des cendres\",\"datePublished\":\"2017-02-14T14:30:00+00:00\",\"dateModified\":\"2025-11-02T18:56:40+00:00\",\"mainEntityOfPage\":{\"@id\":\"https:\\\/\\\/www.iemj.org\\\/de\\\/sauvee-des-cendres-saved-from-the-ashes\\\/\"},\"wordCount\":677,\"publisher\":{\"@id\":\"https:\\\/\\\/www.iemj.org\\\/de\\\/#organization\"},\"image\":{\"@id\":\"https:\\\/\\\/www.iemj.org\\\/de\\\/sauvee-des-cendres-saved-from-the-ashes\\\/#primaryimage\"},\"thumbnailUrl\":\"https:\\\/\\\/www.iemj.org\\\/wp-content\\\/uploads\\\/2017\\\/02\\\/arton2104.jpg\",\"articleSection\":[\"CD\",\"Letzte Neuerwerbungen\"],\"inLanguage\":\"de\"},{\"@type\":\"WebPage\",\"@id\":\"https:\\\/\\\/www.iemj.org\\\/de\\\/sauvee-des-cendres-saved-from-the-ashes\\\/\",\"url\":\"https:\\\/\\\/www.iemj.org\\\/de\\\/sauvee-des-cendres-saved-from-the-ashes\\\/\",\"name\":\"Sauv\u00e9e des cendres - Institut Europ\u00e9en des Musiques Juives\",\"isPartOf\":{\"@id\":\"https:\\\/\\\/www.iemj.org\\\/de\\\/#website\"},\"primaryImageOfPage\":{\"@id\":\"https:\\\/\\\/www.iemj.org\\\/de\\\/sauvee-des-cendres-saved-from-the-ashes\\\/#primaryimage\"},\"image\":{\"@id\":\"https:\\\/\\\/www.iemj.org\\\/de\\\/sauvee-des-cendres-saved-from-the-ashes\\\/#primaryimage\"},\"thumbnailUrl\":\"https:\\\/\\\/www.iemj.org\\\/wp-content\\\/uploads\\\/2017\\\/02\\\/arton2104.jpg\",\"datePublished\":\"2017-02-14T14:30:00+00:00\",\"dateModified\":\"2025-11-02T18:56:40+00:00\",\"breadcrumb\":{\"@id\":\"https:\\\/\\\/www.iemj.org\\\/de\\\/sauvee-des-cendres-saved-from-the-ashes\\\/#breadcrumb\"},\"inLanguage\":\"de\",\"potentialAction\":[{\"@type\":\"ReadAction\",\"target\":[\"https:\\\/\\\/www.iemj.org\\\/de\\\/sauvee-des-cendres-saved-from-the-ashes\\\/\"]}]},{\"@type\":\"ImageObject\",\"inLanguage\":\"de\",\"@id\":\"https:\\\/\\\/www.iemj.org\\\/de\\\/sauvee-des-cendres-saved-from-the-ashes\\\/#primaryimage\",\"url\":\"https:\\\/\\\/www.iemj.org\\\/wp-content\\\/uploads\\\/2017\\\/02\\\/arton2104.jpg\",\"contentUrl\":\"https:\\\/\\\/www.iemj.org\\\/wp-content\\\/uploads\\\/2017\\\/02\\\/arton2104.jpg\",\"width\":500,\"height\":444},{\"@type\":\"BreadcrumbList\",\"@id\":\"https:\\\/\\\/www.iemj.org\\\/de\\\/sauvee-des-cendres-saved-from-the-ashes\\\/#breadcrumb\",\"itemListElement\":[{\"@type\":\"ListItem\",\"position\":1,\"name\":\"Accueil\",\"item\":\"https:\\\/\\\/www.iemj.org\\\/de\\\/\"},{\"@type\":\"ListItem\",\"position\":2,\"name\":\"Sauv\u00e9e des cendres\"}]},{\"@type\":\"WebSite\",\"@id\":\"https:\\\/\\\/www.iemj.org\\\/de\\\/#website\",\"url\":\"https:\\\/\\\/www.iemj.org\\\/de\\\/\",\"name\":\"Institut Europ\u00e9en des Musiques Juives\",\"description\":\"Des traditions musicales \u00e0 la port\u00e9e de tous\",\"publisher\":{\"@id\":\"https:\\\/\\\/www.iemj.org\\\/de\\\/#organization\"},\"potentialAction\":[{\"@type\":\"SearchAction\",\"target\":{\"@type\":\"EntryPoint\",\"urlTemplate\":\"https:\\\/\\\/www.iemj.org\\\/de\\\/?s={search_term_string}\"},\"query-input\":{\"@type\":\"PropertyValueSpecification\",\"valueRequired\":true,\"valueName\":\"search_term_string\"}}],\"inLanguage\":\"de\"},{\"@type\":\"Organization\",\"@id\":\"https:\\\/\\\/www.iemj.org\\\/de\\\/#organization\",\"name\":\"Institut Europ\u00e9en des Musiques Juives\",\"url\":\"https:\\\/\\\/www.iemj.org\\\/de\\\/\",\"logo\":{\"@type\":\"ImageObject\",\"inLanguage\":\"de\",\"@id\":\"https:\\\/\\\/www.iemj.org\\\/de\\\/#\\\/schema\\\/logo\\\/image\\\/\",\"url\":\"https:\\\/\\\/www.iemj.org\\\/wp-content\\\/uploads\\\/2021\\\/09\\\/Logo-IEMJ-Paypal.jpg\",\"contentUrl\":\"https:\\\/\\\/www.iemj.org\\\/wp-content\\\/uploads\\\/2021\\\/09\\\/Logo-IEMJ-Paypal.jpg\",\"width\":150,\"height\":50,\"caption\":\"Institut Europ\u00e9en des Musiques Juives\"},\"image\":{\"@id\":\"https:\\\/\\\/www.iemj.org\\\/de\\\/#\\\/schema\\\/logo\\\/image\\\/\"},\"sameAs\":[\"https:\\\/\\\/www.facebook.com\\\/MusiquesJuives\\\/\",\"https:\\\/\\\/www.instagram.com\\\/musiquesjuives\\\/\",\"https:\\\/\\\/www.youtube.com\\\/user\\\/musiquesjuives\"]},{\"@type\":\"Person\",\"@id\":\"https:\\\/\\\/www.iemj.org\\\/de\\\/#\\\/schema\\\/person\\\/c9bc1c386a3749579a2d675e72a18666\",\"name\":\"Jean-Gabriel Davis\",\"image\":{\"@type\":\"ImageObject\",\"inLanguage\":\"de\",\"@id\":\"https:\\\/\\\/secure.gravatar.com\\\/avatar\\\/2b90d67bdf392c9b3a21fab87c0fa7edaf1fb3a058172a1ffd61033fcec7aec1?s=96&d=mm&r=g\",\"url\":\"https:\\\/\\\/secure.gravatar.com\\\/avatar\\\/2b90d67bdf392c9b3a21fab87c0fa7edaf1fb3a058172a1ffd61033fcec7aec1?s=96&d=mm&r=g\",\"contentUrl\":\"https:\\\/\\\/secure.gravatar.com\\\/avatar\\\/2b90d67bdf392c9b3a21fab87c0fa7edaf1fb3a058172a1ffd61033fcec7aec1?s=96&d=mm&r=g\",\"caption\":\"Jean-Gabriel Davis\"}}]}<\/script>\n<!-- \/ Yoast SEO plugin. -->","yoast_head_json":{"title":"Sauv\u00e9e des cendres - Institut Europ\u00e9en des Musiques Juives","robots":{"index":"index","follow":"follow","max-snippet":"max-snippet:-1","max-image-preview":"max-image-preview:large","max-video-preview":"max-video-preview:-1"},"canonical":"https:\/\/www.iemj.org\/de\/sauvee-des-cendres-saved-from-the-ashes\/","og_locale":"de_DE","og_type":"article","og_title":"Sauv\u00e9e des cendres - Institut Europ\u00e9en des Musiques Juives","og_description":"Der Musiker H\u00e9lios Azoulay ist ein anerkannter Experte und Interpret der Musik der Konzentrationslagern und hat vor Kurzem eine CD mit dem Namen Sauv\u00e9e des cendres (auf Deutsch: Gerettet aus","og_url":"https:\/\/www.iemj.org\/de\/sauvee-des-cendres-saved-from-the-ashes\/","og_site_name":"Institut Europ\u00e9en des Musiques Juives","article_publisher":"https:\/\/www.facebook.com\/MusiquesJuives\/","article_published_time":"2017-02-14T14:30:00+00:00","article_modified_time":"2025-11-02T18:56:40+00:00","og_image":[{"width":500,"height":444,"url":"https:\/\/www.iemj.org\/wp-content\/uploads\/2017\/02\/arton2104.jpg","type":"image\/jpeg"}],"author":"Jean-Gabriel Davis","twitter_card":"summary_large_image","twitter_misc":{"Verfasst von":"Jean-Gabriel Davis","Gesch\u00e4tzte Lesezeit":"4\u00a0Minuten"},"schema":{"@context":"https:\/\/schema.org","@graph":[{"@type":"Article","@id":"https:\/\/www.iemj.org\/de\/sauvee-des-cendres-saved-from-the-ashes\/#article","isPartOf":{"@id":"https:\/\/www.iemj.org\/de\/sauvee-des-cendres-saved-from-the-ashes\/"},"author":{"name":"Jean-Gabriel Davis","@id":"https:\/\/www.iemj.org\/de\/#\/schema\/person\/c9bc1c386a3749579a2d675e72a18666"},"headline":"Sauv\u00e9e des cendres","datePublished":"2017-02-14T14:30:00+00:00","dateModified":"2025-11-02T18:56:40+00:00","mainEntityOfPage":{"@id":"https:\/\/www.iemj.org\/de\/sauvee-des-cendres-saved-from-the-ashes\/"},"wordCount":677,"publisher":{"@id":"https:\/\/www.iemj.org\/de\/#organization"},"image":{"@id":"https:\/\/www.iemj.org\/de\/sauvee-des-cendres-saved-from-the-ashes\/#primaryimage"},"thumbnailUrl":"https:\/\/www.iemj.org\/wp-content\/uploads\/2017\/02\/arton2104.jpg","articleSection":["CD","Letzte Neuerwerbungen"],"inLanguage":"de"},{"@type":"WebPage","@id":"https:\/\/www.iemj.org\/de\/sauvee-des-cendres-saved-from-the-ashes\/","url":"https:\/\/www.iemj.org\/de\/sauvee-des-cendres-saved-from-the-ashes\/","name":"Sauv\u00e9e des cendres - Institut Europ\u00e9en des Musiques Juives","isPartOf":{"@id":"https:\/\/www.iemj.org\/de\/#website"},"primaryImageOfPage":{"@id":"https:\/\/www.iemj.org\/de\/sauvee-des-cendres-saved-from-the-ashes\/#primaryimage"},"image":{"@id":"https:\/\/www.iemj.org\/de\/sauvee-des-cendres-saved-from-the-ashes\/#primaryimage"},"thumbnailUrl":"https:\/\/www.iemj.org\/wp-content\/uploads\/2017\/02\/arton2104.jpg","datePublished":"2017-02-14T14:30:00+00:00","dateModified":"2025-11-02T18:56:40+00:00","breadcrumb":{"@id":"https:\/\/www.iemj.org\/de\/sauvee-des-cendres-saved-from-the-ashes\/#breadcrumb"},"inLanguage":"de","potentialAction":[{"@type":"ReadAction","target":["https:\/\/www.iemj.org\/de\/sauvee-des-cendres-saved-from-the-ashes\/"]}]},{"@type":"ImageObject","inLanguage":"de","@id":"https:\/\/www.iemj.org\/de\/sauvee-des-cendres-saved-from-the-ashes\/#primaryimage","url":"https:\/\/www.iemj.org\/wp-content\/uploads\/2017\/02\/arton2104.jpg","contentUrl":"https:\/\/www.iemj.org\/wp-content\/uploads\/2017\/02\/arton2104.jpg","width":500,"height":444},{"@type":"BreadcrumbList","@id":"https:\/\/www.iemj.org\/de\/sauvee-des-cendres-saved-from-the-ashes\/#breadcrumb","itemListElement":[{"@type":"ListItem","position":1,"name":"Accueil","item":"https:\/\/www.iemj.org\/de\/"},{"@type":"ListItem","position":2,"name":"Sauv\u00e9e des cendres"}]},{"@type":"WebSite","@id":"https:\/\/www.iemj.org\/de\/#website","url":"https:\/\/www.iemj.org\/de\/","name":"Institut Europ\u00e9en des Musiques Juives","description":"Des traditions musicales \u00e0 la port\u00e9e de tous","publisher":{"@id":"https:\/\/www.iemj.org\/de\/#organization"},"potentialAction":[{"@type":"SearchAction","target":{"@type":"EntryPoint","urlTemplate":"https:\/\/www.iemj.org\/de\/?s={search_term_string}"},"query-input":{"@type":"PropertyValueSpecification","valueRequired":true,"valueName":"search_term_string"}}],"inLanguage":"de"},{"@type":"Organization","@id":"https:\/\/www.iemj.org\/de\/#organization","name":"Institut Europ\u00e9en des Musiques Juives","url":"https:\/\/www.iemj.org\/de\/","logo":{"@type":"ImageObject","inLanguage":"de","@id":"https:\/\/www.iemj.org\/de\/#\/schema\/logo\/image\/","url":"https:\/\/www.iemj.org\/wp-content\/uploads\/2021\/09\/Logo-IEMJ-Paypal.jpg","contentUrl":"https:\/\/www.iemj.org\/wp-content\/uploads\/2021\/09\/Logo-IEMJ-Paypal.jpg","width":150,"height":50,"caption":"Institut Europ\u00e9en des Musiques Juives"},"image":{"@id":"https:\/\/www.iemj.org\/de\/#\/schema\/logo\/image\/"},"sameAs":["https:\/\/www.facebook.com\/MusiquesJuives\/","https:\/\/www.instagram.com\/musiquesjuives\/","https:\/\/www.youtube.com\/user\/musiquesjuives"]},{"@type":"Person","@id":"https:\/\/www.iemj.org\/de\/#\/schema\/person\/c9bc1c386a3749579a2d675e72a18666","name":"Jean-Gabriel Davis","image":{"@type":"ImageObject","inLanguage":"de","@id":"https:\/\/secure.gravatar.com\/avatar\/2b90d67bdf392c9b3a21fab87c0fa7edaf1fb3a058172a1ffd61033fcec7aec1?s=96&d=mm&r=g","url":"https:\/\/secure.gravatar.com\/avatar\/2b90d67bdf392c9b3a21fab87c0fa7edaf1fb3a058172a1ffd61033fcec7aec1?s=96&d=mm&r=g","contentUrl":"https:\/\/secure.gravatar.com\/avatar\/2b90d67bdf392c9b3a21fab87c0fa7edaf1fb3a058172a1ffd61033fcec7aec1?s=96&d=mm&r=g","caption":"Jean-Gabriel Davis"}}]}},"_links":{"self":[{"href":"https:\/\/www.iemj.org\/de\/wp-json\/wp\/v2\/posts\/78687","targetHints":{"allow":["GET"]}}],"collection":[{"href":"https:\/\/www.iemj.org\/de\/wp-json\/wp\/v2\/posts"}],"about":[{"href":"https:\/\/www.iemj.org\/de\/wp-json\/wp\/v2\/types\/post"}],"author":[{"embeddable":true,"href":"https:\/\/www.iemj.org\/de\/wp-json\/wp\/v2\/users\/1048"}],"replies":[{"embeddable":true,"href":"https:\/\/www.iemj.org\/de\/wp-json\/wp\/v2\/comments?post=78687"}],"version-history":[{"count":1,"href":"https:\/\/www.iemj.org\/de\/wp-json\/wp\/v2\/posts\/78687\/revisions"}],"predecessor-version":[{"id":127887,"href":"https:\/\/www.iemj.org\/de\/wp-json\/wp\/v2\/posts\/78687\/revisions\/127887"}],"wp:featuredmedia":[{"embeddable":true,"href":"https:\/\/www.iemj.org\/de\/wp-json\/wp\/v2\/media\/78689"}],"wp:attachment":[{"href":"https:\/\/www.iemj.org\/de\/wp-json\/wp\/v2\/media?parent=78687"}],"wp:term":[{"taxonomy":"category","embeddable":true,"href":"https:\/\/www.iemj.org\/de\/wp-json\/wp\/v2\/categories?post=78687"},{"taxonomy":"post_tag","embeddable":true,"href":"https:\/\/www.iemj.org\/de\/wp-json\/wp\/v2\/tags?post=78687"},{"taxonomy":"technique","embeddable":true,"href":"https:\/\/www.iemj.org\/de\/wp-json\/wp\/v2\/technique?post=78687"},{"taxonomy":"squelettes","embeddable":true,"href":"https:\/\/www.iemj.org\/de\/wp-json\/wp\/v2\/squelettes?post=78687"},{"taxonomy":"sujet","embeddable":true,"href":"https:\/\/www.iemj.org\/de\/wp-json\/wp\/v2\/sujet?post=78687"},{"taxonomy":"formation","embeddable":true,"href":"https:\/\/www.iemj.org\/de\/wp-json\/wp\/v2\/formation?post=78687"},{"taxonomy":"genre","embeddable":true,"href":"https:\/\/www.iemj.org\/de\/wp-json\/wp\/v2\/genre?post=78687"},{"taxonomy":"fonds","embeddable":true,"href":"https:\/\/www.iemj.org\/de\/wp-json\/wp\/v2\/fonds?post=78687"},{"taxonomy":"tradition","embeddable":true,"href":"https:\/\/www.iemj.org\/de\/wp-json\/wp\/v2\/tradition?post=78687"},{"taxonomy":"type-de-contenu","embeddable":true,"href":"https:\/\/www.iemj.org\/de\/wp-json\/wp\/v2\/type-de-contenu?post=78687"},{"taxonomy":"interprete-compositeur","embeddable":true,"href":"https:\/\/www.iemj.org\/de\/wp-json\/wp\/v2\/interprete-compositeur?post=78687"},{"taxonomy":"frise","embeddable":true,"href":"https:\/\/www.iemj.org\/de\/wp-json\/wp\/v2\/frise?post=78687"},{"taxonomy":"type-devenement","embeddable":true,"href":"https:\/\/www.iemj.org\/de\/wp-json\/wp\/v2\/type-devenement?post=78687"},{"taxonomy":"tableaux-liens-externes","embeddable":true,"href":"https:\/\/www.iemj.org\/de\/wp-json\/wp\/v2\/tableaux-liens-externes?post=78687"}],"curies":[{"name":"wp","href":"https:\/\/api.w.org\/{rel}","templated":true}]}}