{"id":79411,"date":"2019-05-14T16:45:28","date_gmt":"2019-05-14T14:45:28","guid":{"rendered":"https:\/\/www.iemj.org\/bloch-ernest-1880-1959\/"},"modified":"2022-09-12T11:56:19","modified_gmt":"2022-09-12T09:56:19","slug":"bloch-ernest-1880-1959","status":"publish","type":"post","link":"https:\/\/www.iemj.org\/de\/bloch-ernest-1880-1959\/","title":{"rendered":"Bloch, Ernest (1880-1959)"},"content":{"rendered":"<p>Ernest Bloch wurde am 24. Juli 1880 in Genf geboren und starb am 15. Juli 1959 in Portland (USA). Er war ein Schweizer, eingeb\u00fcrgeter Amerikaner, Komponist, Violinist, Dirigent und P\u00e4dagoge, dessen Werk tief von seiner j\u00fcdischen Identit\u00e4t gepr\u00e4gt ist.<\/p>\n<p>Wie Gil Pressnitzer es in der Zeitschrift <a href=\"https:\/\/www.espritsnomades.net\/musiques\/ernest-bloch-une-voix-du-fond-des-temps\/\" target=\"_blank\" rel=\"noopener\">Esprits Nomades<\/a>, festgestellte, \u201ehatte Bloch nie den Anspruch, das Vokabular der j\u00fcdischen Musik nachzuahmen, indem er ihre Folklore und ihre Wendungen \u00fcbernahm, er wollte den biblischen Atem wiederfinden und die Geschichte des j\u00fcdischen Volkes durch seine originelle Musik verherrlichen.\u201c Bloch sagte \u00fcber sein Werk: \u201eEs liegt weder in meiner Absicht noch in meinem Wunsch, an der Wiederherstellung der j\u00fcdischen Musik zu arbeiten. Ich will meine Musik nicht auf mehr oder weniger authentische Melodien st\u00fctzen. Ich bin kein Arch\u00e4ologe. Ich glaube, dass das Wichtigste ist, aufrichtige und gute Musik zu schreiben \u2013 meine eigene. Was mich wirklich interessiert, ist die hebr\u00e4ische Seele. Diese komplexe, feurige, unruhige Seele, die die Bibel in mir zum Schwingen bringt. Die Kraft der Patriarchen, die Gewalt des Buches der Propheten, die brennende Liebe zur Gerechtigkeit, der Schmerz und die Gr\u00f6\u00dfe des Buches Hiob, die Sinnlichkeit des Hohen Liedes. All das ist in uns, all das ist in mir, und es ist der beste Teil von mir\u201d.<\/p>\n<p><img fetchpriority=\"high\" decoding=\"async\" class=\"wp-image-23902 alignright\" src=\"https:\/\/www.iemj.org\/wp-content\/uploads\/2019\/05\/doc_1_bloch.jpg\" alt=\"doc_1_bloch.jpg\" width=\"439\" height=\"322\" align=\"middle\" srcset=\"https:\/\/www.iemj.org\/wp-content\/uploads\/2019\/05\/doc_1_bloch.jpg 500w, https:\/\/www.iemj.org\/wp-content\/uploads\/2019\/05\/doc_1_bloch-300x220.jpg 300w\" sizes=\"(max-width: 439px) 100vw, 439px\" \/><\/p>\n<p>Trotz seines schwierigen Lebens war Bloch ein h\u00f6chst kreativer Komponist. Sein \u201ej\u00fcdisches Werk\u201c zieht sich \u00fcber mehrere Perioden hin: Von 1912 bis 1916 schrieb er insbesondere <em>Drei j\u00fcdische Gedichte<\/em>\u00a0(1913),\u00a0<em>Drei Psalmen<\/em>\u00a0(1912-1914), eine\u00a0Sinfonie <em>Israel <\/em>(1912-1916),<em> Schelomo \u2013 Hebr\u00e4ische\u00a0Rhapsodie<\/em> f\u00fcr Violoncello und Orchester (1916). Zwischen 1923 und 1933 komponierte er\u00a0<em>Baal-Shem<\/em>\u00a0(1923),<em> Drei Bilder des chassidischen Lebens <\/em>(1923),<em> hebr\u00e4ische Meditation<\/em> f\u00fcr Violoncello und Klavier (1924),\u00a0<em>From Jewish life<\/em>\u00a0f\u00fcr Violoncello und Klavier (1924),\u00a0<em>Abodah<\/em>\u00a0f\u00fcr Violine und Klavier (1928),<em> Heiliger Dienst <\/em>f\u00fcr Bariton, gemischten Chor und Orchester (1933). Schlie\u00dflich, in den 1950er Jahren, ver\u00f6ffentlichte er\u00a0<em>Sechs Vorspiele f\u00fcr die Synagoge<\/em>\u00a0(1946-1950), eine\u00a0<em>Hebr\u00e4ische Suite<\/em>\u00a0f\u00fcr Viola oder Violine und Klavier (1951), eine\u00a0<em>Meditation und Prozessional<\/em>\u00a0f\u00fcr Viola und Klavier (1951) und\u00a0<em>Five Hebraic Pieces<\/em>\u00a0(1951).<\/p>\n<p>*<em>Biografie aus dem CD-Booklet<\/em><em>\u00a0<a href=\"https:\/\/www.iemj.org\/de\/melodies-hebraiques-pour-violoncelle-et-piano\/\" target=\"_blank\" rel=\"noopener\">M\u00e9lodies h\u00e9bra\u00efques, vol. 1<\/a>, et <a href=\"https:\/\/www.iemj.org\/de\/melodies-hebraiques-pour-violoncelle-et-piano-volume-2\/\" target=\"_blank\" rel=\"noopener\">M\u00e9lodies h\u00e9bra\u00efques, vol. 2<\/a>, Collection Classiques, Les Editions de l&#8217;IEMJ, 2016 &amp; 2021<\/em><\/p>\n<p><a href=\"https:\/\/de.wikipedia.org\/wiki\/Ernest_Bloch\" target=\"_blank\" rel=\"noopener\">Mehr \u00fcber Ernest Bloch<\/a><\/p>\n<p><a href=\"http:\/\/www.rachelnet.net\/F\/?func=find-c&amp;ccl_term=WRD+%3D+Ernest+Bloch&amp;local_base=iemcg\" target=\"_blank\" rel=\"noopener\"><strong>Greifen Sie auf die Ernest Bloch Archive zu<\/strong><\/a><\/p>\n\n\n<figure class=\"wp-block-embed is-type-video is-provider-youtube wp-block-embed-youtube wp-embed-aspect-4-3 wp-has-aspect-ratio\"><div class=\"wp-block-embed__wrapper\">\n<iframe title=\"M\u00e9ditation h\u00e9bra\u00efque\" width=\"640\" height=\"480\" src=\"https:\/\/www.youtube.com\/embed\/6aRPQqMqxgk?feature=oembed\" frameborder=\"0\" allow=\"accelerometer; autoplay; clipboard-write; encrypted-media; gyroscope; picture-in-picture; web-share\" referrerpolicy=\"strict-origin-when-cross-origin\" allowfullscreen><\/iframe>\n<\/div><figcaption> <strong>H\u00f6ren Sie <em>M\u00e9ditation h\u00e9bra\u00efque<\/em> von Ernest Bloch aus unserer <a href=\"https:\/\/www.iemj.org\/de\/melodies-hebraiques-pour-violoncelle-et-piano-volume-2\/\" target=\"_blank\" rel=\"noreferrer noopener\">CD M\u00e9lodies h\u00e9bra\u00efques pour violoncelle et piano, vol. 2<\/a><\/strong> <\/figcaption><\/figure>\n","protected":false},"excerpt":{"rendered":"<p>Ernest Bloch wurde am 24. Juli 1880 in Genf geboren und starb am 15. Juli 1959 in Portland (USA). Er war ein Schweizer, eingeb\u00fcrgeter Amerikaner, Komponist, Violinist, Dirigent und P\u00e4dagoge,<\/p>\n","protected":false},"author":1052,"featured_media":51503,"comment_status":"closed","ping_status":"open","sticky":false,"template":"","format":"standard","meta":{"_acf_changed":false,"footnotes":""},"categories":[1415],"tags":[],"technique":[],"squelettes":[],"sujet":[],"formation":[],"genre":[],"fonds":[],"tradition":[],"type-de-contenu":[],"interprete-compositeur":[3147],"frise":[],"type-devenement":[],"tableaux-liens-externes":[],"class_list":["post-79411","post","type-post","status-publish","format-standard","has-post-thumbnail","hentry","category-biografien-de","interprete-compositeur-ernest-bloch-de-2"],"acf":[],"yoast_head":"<!-- This site is optimized with the Yoast SEO plugin v27.3 - https:\/\/yoast.com\/product\/yoast-seo-wordpress\/ -->\n<title>Bloch, Ernest (1880-1959) - Institut Europ\u00e9en des Musiques Juives<\/title>\n<meta name=\"robots\" content=\"index, follow, max-snippet:-1, max-image-preview:large, max-video-preview:-1\" \/>\n<link rel=\"canonical\" href=\"https:\/\/www.iemj.org\/de\/bloch-ernest-1880-1959\/\" \/>\n<meta property=\"og:locale\" content=\"de_DE\" \/>\n<meta property=\"og:type\" content=\"article\" \/>\n<meta property=\"og:title\" content=\"Bloch, Ernest (1880-1959) - Institut Europ\u00e9en des Musiques Juives\" \/>\n<meta property=\"og:description\" content=\"Ernest Bloch wurde am 24. Juli 1880 in Genf geboren und starb am 15. Juli 1959 in Portland (USA). Er war ein Schweizer, eingeb\u00fcrgeter Amerikaner, Komponist, Violinist, Dirigent und P\u00e4dagoge,\" \/>\n<meta property=\"og:url\" content=\"https:\/\/www.iemj.org\/de\/bloch-ernest-1880-1959\/\" \/>\n<meta property=\"og:site_name\" content=\"Institut Europ\u00e9en des Musiques Juives\" \/>\n<meta property=\"article:publisher\" content=\"https:\/\/www.facebook.com\/MusiquesJuives\/\" \/>\n<meta property=\"article:published_time\" content=\"2019-05-14T14:45:28+00:00\" \/>\n<meta property=\"article:modified_time\" content=\"2022-09-12T09:56:19+00:00\" \/>\n<meta property=\"og:image\" content=\"https:\/\/www.iemj.org\/wp-content\/uploads\/2019\/05\/arton4150-e1624969070841.jpg\" \/>\n\t<meta property=\"og:image:width\" content=\"218\" \/>\n\t<meta property=\"og:image:height\" content=\"218\" \/>\n\t<meta property=\"og:image:type\" content=\"image\/jpeg\" \/>\n<meta name=\"author\" content=\"Lea Couderc\" \/>\n<meta name=\"twitter:card\" content=\"summary_large_image\" \/>\n<meta name=\"twitter:label1\" content=\"Verfasst von\" \/>\n\t<meta name=\"twitter:data1\" content=\"Lea Couderc\" \/>\n\t<meta name=\"twitter:label2\" content=\"Gesch\u00e4tzte Lesezeit\" \/>\n\t<meta name=\"twitter:data2\" content=\"3\u00a0Minuten\" \/>\n<script type=\"application\/ld+json\" class=\"yoast-schema-graph\">{\"@context\":\"https:\\\/\\\/schema.org\",\"@graph\":[{\"@type\":\"Article\",\"@id\":\"https:\\\/\\\/www.iemj.org\\\/de\\\/bloch-ernest-1880-1959\\\/#article\",\"isPartOf\":{\"@id\":\"https:\\\/\\\/www.iemj.org\\\/de\\\/bloch-ernest-1880-1959\\\/\"},\"author\":{\"name\":\"Lea Couderc\",\"@id\":\"https:\\\/\\\/www.iemj.org\\\/de\\\/#\\\/schema\\\/person\\\/e2ad57f2c4be119c7ed8ab79036807a9\"},\"headline\":\"Bloch, Ernest (1880-1959)\",\"datePublished\":\"2019-05-14T14:45:28+00:00\",\"dateModified\":\"2022-09-12T09:56:19+00:00\",\"mainEntityOfPage\":{\"@id\":\"https:\\\/\\\/www.iemj.org\\\/de\\\/bloch-ernest-1880-1959\\\/\"},\"wordCount\":408,\"publisher\":{\"@id\":\"https:\\\/\\\/www.iemj.org\\\/de\\\/#organization\"},\"image\":{\"@id\":\"https:\\\/\\\/www.iemj.org\\\/de\\\/bloch-ernest-1880-1959\\\/#primaryimage\"},\"thumbnailUrl\":\"https:\\\/\\\/www.iemj.org\\\/wp-content\\\/uploads\\\/2019\\\/05\\\/arton4150-e1624969070841.jpg\",\"articleSection\":[\"Biografien\"],\"inLanguage\":\"de\"},{\"@type\":\"WebPage\",\"@id\":\"https:\\\/\\\/www.iemj.org\\\/de\\\/bloch-ernest-1880-1959\\\/\",\"url\":\"https:\\\/\\\/www.iemj.org\\\/de\\\/bloch-ernest-1880-1959\\\/\",\"name\":\"Bloch, Ernest (1880-1959) - Institut Europ\u00e9en des Musiques Juives\",\"isPartOf\":{\"@id\":\"https:\\\/\\\/www.iemj.org\\\/de\\\/#website\"},\"primaryImageOfPage\":{\"@id\":\"https:\\\/\\\/www.iemj.org\\\/de\\\/bloch-ernest-1880-1959\\\/#primaryimage\"},\"image\":{\"@id\":\"https:\\\/\\\/www.iemj.org\\\/de\\\/bloch-ernest-1880-1959\\\/#primaryimage\"},\"thumbnailUrl\":\"https:\\\/\\\/www.iemj.org\\\/wp-content\\\/uploads\\\/2019\\\/05\\\/arton4150-e1624969070841.jpg\",\"datePublished\":\"2019-05-14T14:45:28+00:00\",\"dateModified\":\"2022-09-12T09:56:19+00:00\",\"breadcrumb\":{\"@id\":\"https:\\\/\\\/www.iemj.org\\\/de\\\/bloch-ernest-1880-1959\\\/#breadcrumb\"},\"inLanguage\":\"de\",\"potentialAction\":[{\"@type\":\"ReadAction\",\"target\":[\"https:\\\/\\\/www.iemj.org\\\/de\\\/bloch-ernest-1880-1959\\\/\"]}]},{\"@type\":\"ImageObject\",\"inLanguage\":\"de\",\"@id\":\"https:\\\/\\\/www.iemj.org\\\/de\\\/bloch-ernest-1880-1959\\\/#primaryimage\",\"url\":\"https:\\\/\\\/www.iemj.org\\\/wp-content\\\/uploads\\\/2019\\\/05\\\/arton4150-e1624969070841.jpg\",\"contentUrl\":\"https:\\\/\\\/www.iemj.org\\\/wp-content\\\/uploads\\\/2019\\\/05\\\/arton4150-e1624969070841.jpg\",\"width\":218,\"height\":218},{\"@type\":\"BreadcrumbList\",\"@id\":\"https:\\\/\\\/www.iemj.org\\\/de\\\/bloch-ernest-1880-1959\\\/#breadcrumb\",\"itemListElement\":[{\"@type\":\"ListItem\",\"position\":1,\"name\":\"Accueil\",\"item\":\"https:\\\/\\\/www.iemj.org\\\/de\\\/\"},{\"@type\":\"ListItem\",\"position\":2,\"name\":\"Bloch, Ernest (1880-1959)\"}]},{\"@type\":\"WebSite\",\"@id\":\"https:\\\/\\\/www.iemj.org\\\/de\\\/#website\",\"url\":\"https:\\\/\\\/www.iemj.org\\\/de\\\/\",\"name\":\"Institut Europ\u00e9en des Musiques Juives\",\"description\":\"Des traditions musicales \u00e0 la port\u00e9e de tous\",\"publisher\":{\"@id\":\"https:\\\/\\\/www.iemj.org\\\/de\\\/#organization\"},\"potentialAction\":[{\"@type\":\"SearchAction\",\"target\":{\"@type\":\"EntryPoint\",\"urlTemplate\":\"https:\\\/\\\/www.iemj.org\\\/de\\\/?s={search_term_string}\"},\"query-input\":{\"@type\":\"PropertyValueSpecification\",\"valueRequired\":true,\"valueName\":\"search_term_string\"}}],\"inLanguage\":\"de\"},{\"@type\":\"Organization\",\"@id\":\"https:\\\/\\\/www.iemj.org\\\/de\\\/#organization\",\"name\":\"Institut Europ\u00e9en des Musiques Juives\",\"url\":\"https:\\\/\\\/www.iemj.org\\\/de\\\/\",\"logo\":{\"@type\":\"ImageObject\",\"inLanguage\":\"de\",\"@id\":\"https:\\\/\\\/www.iemj.org\\\/de\\\/#\\\/schema\\\/logo\\\/image\\\/\",\"url\":\"https:\\\/\\\/www.iemj.org\\\/wp-content\\\/uploads\\\/2021\\\/09\\\/Logo-IEMJ-Paypal.jpg\",\"contentUrl\":\"https:\\\/\\\/www.iemj.org\\\/wp-content\\\/uploads\\\/2021\\\/09\\\/Logo-IEMJ-Paypal.jpg\",\"width\":150,\"height\":50,\"caption\":\"Institut Europ\u00e9en des Musiques Juives\"},\"image\":{\"@id\":\"https:\\\/\\\/www.iemj.org\\\/de\\\/#\\\/schema\\\/logo\\\/image\\\/\"},\"sameAs\":[\"https:\\\/\\\/www.facebook.com\\\/MusiquesJuives\\\/\",\"https:\\\/\\\/www.instagram.com\\\/musiquesjuives\\\/\",\"https:\\\/\\\/www.youtube.com\\\/user\\\/musiquesjuives\"]},{\"@type\":\"Person\",\"@id\":\"https:\\\/\\\/www.iemj.org\\\/de\\\/#\\\/schema\\\/person\\\/e2ad57f2c4be119c7ed8ab79036807a9\",\"name\":\"Lea Couderc\",\"image\":{\"@type\":\"ImageObject\",\"inLanguage\":\"de\",\"@id\":\"https:\\\/\\\/secure.gravatar.com\\\/avatar\\\/46ee021475d60aeff17a7e490b79dea5a5684bb392ab7fd1494027411df8ba23?s=96&d=mm&r=g\",\"url\":\"https:\\\/\\\/secure.gravatar.com\\\/avatar\\\/46ee021475d60aeff17a7e490b79dea5a5684bb392ab7fd1494027411df8ba23?s=96&d=mm&r=g\",\"contentUrl\":\"https:\\\/\\\/secure.gravatar.com\\\/avatar\\\/46ee021475d60aeff17a7e490b79dea5a5684bb392ab7fd1494027411df8ba23?s=96&d=mm&r=g\",\"caption\":\"Lea Couderc\"}}]}<\/script>\n<!-- \/ Yoast SEO plugin. -->","yoast_head_json":{"title":"Bloch, Ernest (1880-1959) - Institut Europ\u00e9en des Musiques Juives","robots":{"index":"index","follow":"follow","max-snippet":"max-snippet:-1","max-image-preview":"max-image-preview:large","max-video-preview":"max-video-preview:-1"},"canonical":"https:\/\/www.iemj.org\/de\/bloch-ernest-1880-1959\/","og_locale":"de_DE","og_type":"article","og_title":"Bloch, Ernest (1880-1959) - Institut Europ\u00e9en des Musiques Juives","og_description":"Ernest Bloch wurde am 24. Juli 1880 in Genf geboren und starb am 15. Juli 1959 in Portland (USA). Er war ein Schweizer, eingeb\u00fcrgeter Amerikaner, Komponist, Violinist, Dirigent und P\u00e4dagoge,","og_url":"https:\/\/www.iemj.org\/de\/bloch-ernest-1880-1959\/","og_site_name":"Institut Europ\u00e9en des Musiques Juives","article_publisher":"https:\/\/www.facebook.com\/MusiquesJuives\/","article_published_time":"2019-05-14T14:45:28+00:00","article_modified_time":"2022-09-12T09:56:19+00:00","og_image":[{"width":218,"height":218,"url":"https:\/\/www.iemj.org\/wp-content\/uploads\/2019\/05\/arton4150-e1624969070841.jpg","type":"image\/jpeg"}],"author":"Lea Couderc","twitter_card":"summary_large_image","twitter_misc":{"Verfasst von":"Lea Couderc","Gesch\u00e4tzte Lesezeit":"3\u00a0Minuten"},"schema":{"@context":"https:\/\/schema.org","@graph":[{"@type":"Article","@id":"https:\/\/www.iemj.org\/de\/bloch-ernest-1880-1959\/#article","isPartOf":{"@id":"https:\/\/www.iemj.org\/de\/bloch-ernest-1880-1959\/"},"author":{"name":"Lea Couderc","@id":"https:\/\/www.iemj.org\/de\/#\/schema\/person\/e2ad57f2c4be119c7ed8ab79036807a9"},"headline":"Bloch, Ernest (1880-1959)","datePublished":"2019-05-14T14:45:28+00:00","dateModified":"2022-09-12T09:56:19+00:00","mainEntityOfPage":{"@id":"https:\/\/www.iemj.org\/de\/bloch-ernest-1880-1959\/"},"wordCount":408,"publisher":{"@id":"https:\/\/www.iemj.org\/de\/#organization"},"image":{"@id":"https:\/\/www.iemj.org\/de\/bloch-ernest-1880-1959\/#primaryimage"},"thumbnailUrl":"https:\/\/www.iemj.org\/wp-content\/uploads\/2019\/05\/arton4150-e1624969070841.jpg","articleSection":["Biografien"],"inLanguage":"de"},{"@type":"WebPage","@id":"https:\/\/www.iemj.org\/de\/bloch-ernest-1880-1959\/","url":"https:\/\/www.iemj.org\/de\/bloch-ernest-1880-1959\/","name":"Bloch, Ernest (1880-1959) - Institut Europ\u00e9en des Musiques Juives","isPartOf":{"@id":"https:\/\/www.iemj.org\/de\/#website"},"primaryImageOfPage":{"@id":"https:\/\/www.iemj.org\/de\/bloch-ernest-1880-1959\/#primaryimage"},"image":{"@id":"https:\/\/www.iemj.org\/de\/bloch-ernest-1880-1959\/#primaryimage"},"thumbnailUrl":"https:\/\/www.iemj.org\/wp-content\/uploads\/2019\/05\/arton4150-e1624969070841.jpg","datePublished":"2019-05-14T14:45:28+00:00","dateModified":"2022-09-12T09:56:19+00:00","breadcrumb":{"@id":"https:\/\/www.iemj.org\/de\/bloch-ernest-1880-1959\/#breadcrumb"},"inLanguage":"de","potentialAction":[{"@type":"ReadAction","target":["https:\/\/www.iemj.org\/de\/bloch-ernest-1880-1959\/"]}]},{"@type":"ImageObject","inLanguage":"de","@id":"https:\/\/www.iemj.org\/de\/bloch-ernest-1880-1959\/#primaryimage","url":"https:\/\/www.iemj.org\/wp-content\/uploads\/2019\/05\/arton4150-e1624969070841.jpg","contentUrl":"https:\/\/www.iemj.org\/wp-content\/uploads\/2019\/05\/arton4150-e1624969070841.jpg","width":218,"height":218},{"@type":"BreadcrumbList","@id":"https:\/\/www.iemj.org\/de\/bloch-ernest-1880-1959\/#breadcrumb","itemListElement":[{"@type":"ListItem","position":1,"name":"Accueil","item":"https:\/\/www.iemj.org\/de\/"},{"@type":"ListItem","position":2,"name":"Bloch, Ernest (1880-1959)"}]},{"@type":"WebSite","@id":"https:\/\/www.iemj.org\/de\/#website","url":"https:\/\/www.iemj.org\/de\/","name":"Institut Europ\u00e9en des Musiques Juives","description":"Des traditions musicales \u00e0 la port\u00e9e de tous","publisher":{"@id":"https:\/\/www.iemj.org\/de\/#organization"},"potentialAction":[{"@type":"SearchAction","target":{"@type":"EntryPoint","urlTemplate":"https:\/\/www.iemj.org\/de\/?s={search_term_string}"},"query-input":{"@type":"PropertyValueSpecification","valueRequired":true,"valueName":"search_term_string"}}],"inLanguage":"de"},{"@type":"Organization","@id":"https:\/\/www.iemj.org\/de\/#organization","name":"Institut Europ\u00e9en des Musiques Juives","url":"https:\/\/www.iemj.org\/de\/","logo":{"@type":"ImageObject","inLanguage":"de","@id":"https:\/\/www.iemj.org\/de\/#\/schema\/logo\/image\/","url":"https:\/\/www.iemj.org\/wp-content\/uploads\/2021\/09\/Logo-IEMJ-Paypal.jpg","contentUrl":"https:\/\/www.iemj.org\/wp-content\/uploads\/2021\/09\/Logo-IEMJ-Paypal.jpg","width":150,"height":50,"caption":"Institut Europ\u00e9en des Musiques Juives"},"image":{"@id":"https:\/\/www.iemj.org\/de\/#\/schema\/logo\/image\/"},"sameAs":["https:\/\/www.facebook.com\/MusiquesJuives\/","https:\/\/www.instagram.com\/musiquesjuives\/","https:\/\/www.youtube.com\/user\/musiquesjuives"]},{"@type":"Person","@id":"https:\/\/www.iemj.org\/de\/#\/schema\/person\/e2ad57f2c4be119c7ed8ab79036807a9","name":"Lea Couderc","image":{"@type":"ImageObject","inLanguage":"de","@id":"https:\/\/secure.gravatar.com\/avatar\/46ee021475d60aeff17a7e490b79dea5a5684bb392ab7fd1494027411df8ba23?s=96&d=mm&r=g","url":"https:\/\/secure.gravatar.com\/avatar\/46ee021475d60aeff17a7e490b79dea5a5684bb392ab7fd1494027411df8ba23?s=96&d=mm&r=g","contentUrl":"https:\/\/secure.gravatar.com\/avatar\/46ee021475d60aeff17a7e490b79dea5a5684bb392ab7fd1494027411df8ba23?s=96&d=mm&r=g","caption":"Lea Couderc"}}]}},"_links":{"self":[{"href":"https:\/\/www.iemj.org\/de\/wp-json\/wp\/v2\/posts\/79411","targetHints":{"allow":["GET"]}}],"collection":[{"href":"https:\/\/www.iemj.org\/de\/wp-json\/wp\/v2\/posts"}],"about":[{"href":"https:\/\/www.iemj.org\/de\/wp-json\/wp\/v2\/types\/post"}],"author":[{"embeddable":true,"href":"https:\/\/www.iemj.org\/de\/wp-json\/wp\/v2\/users\/1052"}],"replies":[{"embeddable":true,"href":"https:\/\/www.iemj.org\/de\/wp-json\/wp\/v2\/comments?post=79411"}],"version-history":[{"count":0,"href":"https:\/\/www.iemj.org\/de\/wp-json\/wp\/v2\/posts\/79411\/revisions"}],"wp:featuredmedia":[{"embeddable":true,"href":"https:\/\/www.iemj.org\/de\/wp-json\/wp\/v2\/media\/51503"}],"wp:attachment":[{"href":"https:\/\/www.iemj.org\/de\/wp-json\/wp\/v2\/media?parent=79411"}],"wp:term":[{"taxonomy":"category","embeddable":true,"href":"https:\/\/www.iemj.org\/de\/wp-json\/wp\/v2\/categories?post=79411"},{"taxonomy":"post_tag","embeddable":true,"href":"https:\/\/www.iemj.org\/de\/wp-json\/wp\/v2\/tags?post=79411"},{"taxonomy":"technique","embeddable":true,"href":"https:\/\/www.iemj.org\/de\/wp-json\/wp\/v2\/technique?post=79411"},{"taxonomy":"squelettes","embeddable":true,"href":"https:\/\/www.iemj.org\/de\/wp-json\/wp\/v2\/squelettes?post=79411"},{"taxonomy":"sujet","embeddable":true,"href":"https:\/\/www.iemj.org\/de\/wp-json\/wp\/v2\/sujet?post=79411"},{"taxonomy":"formation","embeddable":true,"href":"https:\/\/www.iemj.org\/de\/wp-json\/wp\/v2\/formation?post=79411"},{"taxonomy":"genre","embeddable":true,"href":"https:\/\/www.iemj.org\/de\/wp-json\/wp\/v2\/genre?post=79411"},{"taxonomy":"fonds","embeddable":true,"href":"https:\/\/www.iemj.org\/de\/wp-json\/wp\/v2\/fonds?post=79411"},{"taxonomy":"tradition","embeddable":true,"href":"https:\/\/www.iemj.org\/de\/wp-json\/wp\/v2\/tradition?post=79411"},{"taxonomy":"type-de-contenu","embeddable":true,"href":"https:\/\/www.iemj.org\/de\/wp-json\/wp\/v2\/type-de-contenu?post=79411"},{"taxonomy":"interprete-compositeur","embeddable":true,"href":"https:\/\/www.iemj.org\/de\/wp-json\/wp\/v2\/interprete-compositeur?post=79411"},{"taxonomy":"frise","embeddable":true,"href":"https:\/\/www.iemj.org\/de\/wp-json\/wp\/v2\/frise?post=79411"},{"taxonomy":"type-devenement","embeddable":true,"href":"https:\/\/www.iemj.org\/de\/wp-json\/wp\/v2\/type-devenement?post=79411"},{"taxonomy":"tableaux-liens-externes","embeddable":true,"href":"https:\/\/www.iemj.org\/de\/wp-json\/wp\/v2\/tableaux-liens-externes?post=79411"}],"curies":[{"name":"wp","href":"https:\/\/api.w.org\/{rel}","templated":true}]}}