{"id":80144,"date":"2012-02-10T12:49:58","date_gmt":"2012-02-10T11:49:58","guid":{"rendered":"https:\/\/www.iemj.org\/a-la-una-yo-naci\/"},"modified":"2025-10-20T13:10:44","modified_gmt":"2025-10-20T11:10:44","slug":"a-la-una-yo-naci","status":"publish","type":"post","link":"https:\/\/www.iemj.org\/de\/a-la-una-yo-naci\/","title":{"rendered":"A la una yo naci"},"content":{"rendered":"<p>Vde-Gallo, 2012<\/p>\n<p><!--more--><\/p>\n<p><em>A la una yo naci<\/em> ist das erste pers\u00f6nliche Album von Esther Ackermann.<\/p>\n<p>Nach einer echten Arbeit des Zuh\u00f6rens und der Selbstbeobachtung lag es der jungen Frau am Herzen, die j\u00fcdisch-spanischen Lieder wiederzugeben, die ihre aus Tanger stammende Mutter ihr als Kind vorgesummt hatte, wobei eine wesentliche Komponente die Sanftheit war.<\/p>\n<p>Es handelte sich zudem um gesungene Sch\u00e4tze, die von Generation zu Generation weitergegeben wurden. F\u00fcr Esther Ackermann ist dieses Album eine Gelegenheit, die Mutter-Kind-Bindung und das Konzept der Weitergabe, das f\u00fcr sie ein wesentlicher Wert ist, anzusprechen.<\/p>\n<p>Die S\u00e4ngerin wird von dem hervorragenden Gitarristen Paco Chambi begleitet, der die Feinheit der Melodien hervorhebt.<\/p>\n<p><img fetchpriority=\"high\" decoding=\"async\" class=\"wp-image-77655 aligncenter\" src=\"https:\/\/www.iemj.org\/wp-content\/uploads\/2012\/02\/CD_421_COUV4-300x266.jpg\" alt=\"\" width=\"382\" height=\"339\" srcset=\"https:\/\/www.iemj.org\/wp-content\/uploads\/2012\/02\/CD_421_COUV4-300x266.jpg 300w, https:\/\/www.iemj.org\/wp-content\/uploads\/2012\/02\/CD_421_COUV4-1024x907.jpg 1024w, https:\/\/www.iemj.org\/wp-content\/uploads\/2012\/02\/CD_421_COUV4-768x680.jpg 768w, https:\/\/www.iemj.org\/wp-content\/uploads\/2012\/02\/CD_421_COUV4-1536x1360.jpg 1536w, https:\/\/www.iemj.org\/wp-content\/uploads\/2012\/02\/CD_421_COUV4-600x531.jpg 600w, https:\/\/www.iemj.org\/wp-content\/uploads\/2012\/02\/CD_421_COUV4.jpg 1570w\" sizes=\"(max-width: 382px) 100vw, 382px\" \/><\/p>\n<p><a href=\"http:\/\/www.keren-esther.ch\/index.php?page=a-la-una-yo-naci\" target=\"_blank\" rel=\"noopener\">Bestellen Sie die CD <\/a><\/p>\n\n<div class=\"wp-block-image\">\n<figure class=\"aligncenter size-large\"><img decoding=\"async\" width=\"1024\" height=\"133\" src=\"https:\/\/www.iemj.org\/wp-content\/uploads\/2024\/03\/AUDIO-PLAYER-1024x133.png\" alt=\"\" class=\"wp-image-110606\" srcset=\"https:\/\/www.iemj.org\/wp-content\/uploads\/2024\/03\/AUDIO-PLAYER-1024x133.png 1024w, https:\/\/www.iemj.org\/wp-content\/uploads\/2024\/03\/AUDIO-PLAYER-300x39.png 300w, https:\/\/www.iemj.org\/wp-content\/uploads\/2024\/03\/AUDIO-PLAYER-768x100.png 768w, https:\/\/www.iemj.org\/wp-content\/uploads\/2024\/03\/AUDIO-PLAYER-600x78.png 600w, https:\/\/www.iemj.org\/wp-content\/uploads\/2024\/03\/AUDIO-PLAYER.png 1210w\" sizes=\"(max-width: 1024px) 100vw, 1024px\" \/><\/figure>\n<\/div>\n\n\n<div class=\"wp-block-file\"><a id=\"wp-block-file--media-85325bd2-687d-4313-a864-3c0274882513\" href=\"https:\/\/www.iemj.org\/wp-content\/uploads\/2012\/02\/cd_421_01_ex_site.mp3\">Adiyo kerida<\/a><\/div>\n\n\n\n<div class=\"wp-block-file\"><a id=\"wp-block-file--media-cad0bf2e-c793-48b7-9bae-30e3a01251d7\" href=\"https:\/\/www.iemj.org\/wp-content\/uploads\/2012\/02\/cd_421_03_ex_site.mp3\">A la una yo naci<\/a><\/div>\n\n\n\n<div class=\"wp-block-file\"><a id=\"wp-block-file--media-4a76c59f-71fb-49ba-b144-53fcbffa5bc9\" href=\"https:\/\/www.iemj.org\/wp-content\/uploads\/2012\/02\/cd_421_09_ex_site.mp3\">Por la tu puerta yo pasi<\/a><\/div>\n","protected":false},"excerpt":{"rendered":"<p>Vde-Gallo, 2012<\/p>\n","protected":false},"author":1045,"featured_media":80145,"comment_status":"closed","ping_status":"closed","sticky":false,"template":"","format":"standard","meta":{"_acf_changed":false,"footnotes":""},"categories":[1571,1561],"tags":[],"technique":[],"squelettes":[],"sujet":[],"formation":[],"genre":[1888],"fonds":[],"tradition":[],"type-de-contenu":[],"interprete-compositeur":[],"frise":[],"type-devenement":[],"tableaux-liens-externes":[],"class_list":["post-80144","post","type-post","status-publish","format-standard","has-post-thumbnail","hentry","category-cd-de","category-letzte-neuerwerbungen-de","genre-judaisch-spanisch-de"],"acf":[],"yoast_head":"<!-- This site is optimized with the Yoast SEO plugin v27.3 - https:\/\/yoast.com\/product\/yoast-seo-wordpress\/ -->\n<title>A la una yo naci - Institut Europ\u00e9en des Musiques Juives<\/title>\n<meta name=\"robots\" content=\"index, follow, max-snippet:-1, max-image-preview:large, max-video-preview:-1\" \/>\n<link rel=\"canonical\" href=\"https:\/\/www.iemj.org\/de\/a-la-una-yo-naci\/\" \/>\n<meta property=\"og:locale\" content=\"de_DE\" \/>\n<meta property=\"og:type\" content=\"article\" \/>\n<meta property=\"og:title\" content=\"A la una yo naci - Institut Europ\u00e9en des Musiques Juives\" \/>\n<meta property=\"og:description\" content=\"Vde-Gallo, 2012\" \/>\n<meta property=\"og:url\" content=\"https:\/\/www.iemj.org\/de\/a-la-una-yo-naci\/\" \/>\n<meta property=\"og:site_name\" content=\"Institut Europ\u00e9en des Musiques Juives\" \/>\n<meta property=\"article:publisher\" content=\"https:\/\/www.facebook.com\/MusiquesJuives\/\" \/>\n<meta property=\"article:published_time\" content=\"2012-02-10T11:49:58+00:00\" \/>\n<meta property=\"article:modified_time\" content=\"2025-10-20T11:10:44+00:00\" \/>\n<meta property=\"og:image\" content=\"https:\/\/www.iemj.org\/wp-content\/uploads\/2012\/02\/arton417-e1619719155860.jpg\" \/>\n\t<meta property=\"og:image:width\" content=\"350\" \/>\n\t<meta property=\"og:image:height\" content=\"342\" \/>\n\t<meta property=\"og:image:type\" content=\"image\/jpeg\" \/>\n<meta name=\"author\" content=\"Herv\u00e9 Roten\" \/>\n<meta name=\"twitter:card\" content=\"summary_large_image\" \/>\n<meta name=\"twitter:label1\" content=\"Verfasst von\" \/>\n\t<meta name=\"twitter:data1\" content=\"Herv\u00e9 Roten\" \/>\n\t<meta name=\"twitter:label2\" content=\"Gesch\u00e4tzte Lesezeit\" \/>\n\t<meta name=\"twitter:data2\" content=\"2\u00a0Minuten\" \/>\n<script type=\"application\/ld+json\" class=\"yoast-schema-graph\">{\"@context\":\"https:\\\/\\\/schema.org\",\"@graph\":[{\"@type\":\"Article\",\"@id\":\"https:\\\/\\\/www.iemj.org\\\/de\\\/a-la-una-yo-naci\\\/#article\",\"isPartOf\":{\"@id\":\"https:\\\/\\\/www.iemj.org\\\/de\\\/a-la-una-yo-naci\\\/\"},\"author\":{\"name\":\"Herv\u00e9 Roten\",\"@id\":\"https:\\\/\\\/www.iemj.org\\\/de\\\/#\\\/schema\\\/person\\\/906134402c29d5c76e7b726261dd4bbd\"},\"headline\":\"A la una yo naci\",\"datePublished\":\"2012-02-10T11:49:58+00:00\",\"dateModified\":\"2025-10-20T11:10:44+00:00\",\"mainEntityOfPage\":{\"@id\":\"https:\\\/\\\/www.iemj.org\\\/de\\\/a-la-una-yo-naci\\\/\"},\"wordCount\":134,\"publisher\":{\"@id\":\"https:\\\/\\\/www.iemj.org\\\/de\\\/#organization\"},\"image\":{\"@id\":\"https:\\\/\\\/www.iemj.org\\\/de\\\/a-la-una-yo-naci\\\/#primaryimage\"},\"thumbnailUrl\":\"https:\\\/\\\/www.iemj.org\\\/wp-content\\\/uploads\\\/2012\\\/02\\\/arton417-e1619719155860.jpg\",\"articleSection\":[\"CD\",\"Letzte Neuerwerbungen\"],\"inLanguage\":\"de\"},{\"@type\":\"WebPage\",\"@id\":\"https:\\\/\\\/www.iemj.org\\\/de\\\/a-la-una-yo-naci\\\/\",\"url\":\"https:\\\/\\\/www.iemj.org\\\/de\\\/a-la-una-yo-naci\\\/\",\"name\":\"A la una yo naci - Institut Europ\u00e9en des Musiques Juives\",\"isPartOf\":{\"@id\":\"https:\\\/\\\/www.iemj.org\\\/de\\\/#website\"},\"primaryImageOfPage\":{\"@id\":\"https:\\\/\\\/www.iemj.org\\\/de\\\/a-la-una-yo-naci\\\/#primaryimage\"},\"image\":{\"@id\":\"https:\\\/\\\/www.iemj.org\\\/de\\\/a-la-una-yo-naci\\\/#primaryimage\"},\"thumbnailUrl\":\"https:\\\/\\\/www.iemj.org\\\/wp-content\\\/uploads\\\/2012\\\/02\\\/arton417-e1619719155860.jpg\",\"datePublished\":\"2012-02-10T11:49:58+00:00\",\"dateModified\":\"2025-10-20T11:10:44+00:00\",\"breadcrumb\":{\"@id\":\"https:\\\/\\\/www.iemj.org\\\/de\\\/a-la-una-yo-naci\\\/#breadcrumb\"},\"inLanguage\":\"de\",\"potentialAction\":[{\"@type\":\"ReadAction\",\"target\":[\"https:\\\/\\\/www.iemj.org\\\/de\\\/a-la-una-yo-naci\\\/\"]}]},{\"@type\":\"ImageObject\",\"inLanguage\":\"de\",\"@id\":\"https:\\\/\\\/www.iemj.org\\\/de\\\/a-la-una-yo-naci\\\/#primaryimage\",\"url\":\"https:\\\/\\\/www.iemj.org\\\/wp-content\\\/uploads\\\/2012\\\/02\\\/arton417-e1619719155860.jpg\",\"contentUrl\":\"https:\\\/\\\/www.iemj.org\\\/wp-content\\\/uploads\\\/2012\\\/02\\\/arton417-e1619719155860.jpg\",\"width\":350,\"height\":342},{\"@type\":\"BreadcrumbList\",\"@id\":\"https:\\\/\\\/www.iemj.org\\\/de\\\/a-la-una-yo-naci\\\/#breadcrumb\",\"itemListElement\":[{\"@type\":\"ListItem\",\"position\":1,\"name\":\"Accueil\",\"item\":\"https:\\\/\\\/www.iemj.org\\\/de\\\/\"},{\"@type\":\"ListItem\",\"position\":2,\"name\":\"A la una yo naci\"}]},{\"@type\":\"WebSite\",\"@id\":\"https:\\\/\\\/www.iemj.org\\\/de\\\/#website\",\"url\":\"https:\\\/\\\/www.iemj.org\\\/de\\\/\",\"name\":\"Institut Europ\u00e9en des Musiques Juives\",\"description\":\"Des traditions musicales \u00e0 la port\u00e9e de tous\",\"publisher\":{\"@id\":\"https:\\\/\\\/www.iemj.org\\\/de\\\/#organization\"},\"potentialAction\":[{\"@type\":\"SearchAction\",\"target\":{\"@type\":\"EntryPoint\",\"urlTemplate\":\"https:\\\/\\\/www.iemj.org\\\/de\\\/?s={search_term_string}\"},\"query-input\":{\"@type\":\"PropertyValueSpecification\",\"valueRequired\":true,\"valueName\":\"search_term_string\"}}],\"inLanguage\":\"de\"},{\"@type\":\"Organization\",\"@id\":\"https:\\\/\\\/www.iemj.org\\\/de\\\/#organization\",\"name\":\"Institut Europ\u00e9en des Musiques Juives\",\"url\":\"https:\\\/\\\/www.iemj.org\\\/de\\\/\",\"logo\":{\"@type\":\"ImageObject\",\"inLanguage\":\"de\",\"@id\":\"https:\\\/\\\/www.iemj.org\\\/de\\\/#\\\/schema\\\/logo\\\/image\\\/\",\"url\":\"https:\\\/\\\/www.iemj.org\\\/wp-content\\\/uploads\\\/2021\\\/09\\\/Logo-IEMJ-Paypal.jpg\",\"contentUrl\":\"https:\\\/\\\/www.iemj.org\\\/wp-content\\\/uploads\\\/2021\\\/09\\\/Logo-IEMJ-Paypal.jpg\",\"width\":150,\"height\":50,\"caption\":\"Institut Europ\u00e9en des Musiques Juives\"},\"image\":{\"@id\":\"https:\\\/\\\/www.iemj.org\\\/de\\\/#\\\/schema\\\/logo\\\/image\\\/\"},\"sameAs\":[\"https:\\\/\\\/www.facebook.com\\\/MusiquesJuives\\\/\",\"https:\\\/\\\/www.instagram.com\\\/musiquesjuives\\\/\",\"https:\\\/\\\/www.youtube.com\\\/user\\\/musiquesjuives\"]},{\"@type\":\"Person\",\"@id\":\"https:\\\/\\\/www.iemj.org\\\/de\\\/#\\\/schema\\\/person\\\/906134402c29d5c76e7b726261dd4bbd\",\"name\":\"Herv\u00e9 Roten\",\"image\":{\"@type\":\"ImageObject\",\"inLanguage\":\"de\",\"@id\":\"https:\\\/\\\/secure.gravatar.com\\\/avatar\\\/f96ad2db538a26481f18384936b5cd0610c92d390c4dc382209216d455f685ff?s=96&d=mm&r=g\",\"url\":\"https:\\\/\\\/secure.gravatar.com\\\/avatar\\\/f96ad2db538a26481f18384936b5cd0610c92d390c4dc382209216d455f685ff?s=96&d=mm&r=g\",\"contentUrl\":\"https:\\\/\\\/secure.gravatar.com\\\/avatar\\\/f96ad2db538a26481f18384936b5cd0610c92d390c4dc382209216d455f685ff?s=96&d=mm&r=g\",\"caption\":\"Herv\u00e9 Roten\"}}]}<\/script>\n<!-- \/ Yoast SEO plugin. -->","yoast_head_json":{"title":"A la una yo naci - Institut Europ\u00e9en des Musiques Juives","robots":{"index":"index","follow":"follow","max-snippet":"max-snippet:-1","max-image-preview":"max-image-preview:large","max-video-preview":"max-video-preview:-1"},"canonical":"https:\/\/www.iemj.org\/de\/a-la-una-yo-naci\/","og_locale":"de_DE","og_type":"article","og_title":"A la una yo naci - Institut Europ\u00e9en des Musiques Juives","og_description":"Vde-Gallo, 2012","og_url":"https:\/\/www.iemj.org\/de\/a-la-una-yo-naci\/","og_site_name":"Institut Europ\u00e9en des Musiques Juives","article_publisher":"https:\/\/www.facebook.com\/MusiquesJuives\/","article_published_time":"2012-02-10T11:49:58+00:00","article_modified_time":"2025-10-20T11:10:44+00:00","og_image":[{"width":350,"height":342,"url":"https:\/\/www.iemj.org\/wp-content\/uploads\/2012\/02\/arton417-e1619719155860.jpg","type":"image\/jpeg"}],"author":"Herv\u00e9 Roten","twitter_card":"summary_large_image","twitter_misc":{"Verfasst von":"Herv\u00e9 Roten","Gesch\u00e4tzte Lesezeit":"2\u00a0Minuten"},"schema":{"@context":"https:\/\/schema.org","@graph":[{"@type":"Article","@id":"https:\/\/www.iemj.org\/de\/a-la-una-yo-naci\/#article","isPartOf":{"@id":"https:\/\/www.iemj.org\/de\/a-la-una-yo-naci\/"},"author":{"name":"Herv\u00e9 Roten","@id":"https:\/\/www.iemj.org\/de\/#\/schema\/person\/906134402c29d5c76e7b726261dd4bbd"},"headline":"A la una yo naci","datePublished":"2012-02-10T11:49:58+00:00","dateModified":"2025-10-20T11:10:44+00:00","mainEntityOfPage":{"@id":"https:\/\/www.iemj.org\/de\/a-la-una-yo-naci\/"},"wordCount":134,"publisher":{"@id":"https:\/\/www.iemj.org\/de\/#organization"},"image":{"@id":"https:\/\/www.iemj.org\/de\/a-la-una-yo-naci\/#primaryimage"},"thumbnailUrl":"https:\/\/www.iemj.org\/wp-content\/uploads\/2012\/02\/arton417-e1619719155860.jpg","articleSection":["CD","Letzte Neuerwerbungen"],"inLanguage":"de"},{"@type":"WebPage","@id":"https:\/\/www.iemj.org\/de\/a-la-una-yo-naci\/","url":"https:\/\/www.iemj.org\/de\/a-la-una-yo-naci\/","name":"A la una yo naci - Institut Europ\u00e9en des Musiques Juives","isPartOf":{"@id":"https:\/\/www.iemj.org\/de\/#website"},"primaryImageOfPage":{"@id":"https:\/\/www.iemj.org\/de\/a-la-una-yo-naci\/#primaryimage"},"image":{"@id":"https:\/\/www.iemj.org\/de\/a-la-una-yo-naci\/#primaryimage"},"thumbnailUrl":"https:\/\/www.iemj.org\/wp-content\/uploads\/2012\/02\/arton417-e1619719155860.jpg","datePublished":"2012-02-10T11:49:58+00:00","dateModified":"2025-10-20T11:10:44+00:00","breadcrumb":{"@id":"https:\/\/www.iemj.org\/de\/a-la-una-yo-naci\/#breadcrumb"},"inLanguage":"de","potentialAction":[{"@type":"ReadAction","target":["https:\/\/www.iemj.org\/de\/a-la-una-yo-naci\/"]}]},{"@type":"ImageObject","inLanguage":"de","@id":"https:\/\/www.iemj.org\/de\/a-la-una-yo-naci\/#primaryimage","url":"https:\/\/www.iemj.org\/wp-content\/uploads\/2012\/02\/arton417-e1619719155860.jpg","contentUrl":"https:\/\/www.iemj.org\/wp-content\/uploads\/2012\/02\/arton417-e1619719155860.jpg","width":350,"height":342},{"@type":"BreadcrumbList","@id":"https:\/\/www.iemj.org\/de\/a-la-una-yo-naci\/#breadcrumb","itemListElement":[{"@type":"ListItem","position":1,"name":"Accueil","item":"https:\/\/www.iemj.org\/de\/"},{"@type":"ListItem","position":2,"name":"A la una yo naci"}]},{"@type":"WebSite","@id":"https:\/\/www.iemj.org\/de\/#website","url":"https:\/\/www.iemj.org\/de\/","name":"Institut Europ\u00e9en des Musiques Juives","description":"Des traditions musicales \u00e0 la port\u00e9e de tous","publisher":{"@id":"https:\/\/www.iemj.org\/de\/#organization"},"potentialAction":[{"@type":"SearchAction","target":{"@type":"EntryPoint","urlTemplate":"https:\/\/www.iemj.org\/de\/?s={search_term_string}"},"query-input":{"@type":"PropertyValueSpecification","valueRequired":true,"valueName":"search_term_string"}}],"inLanguage":"de"},{"@type":"Organization","@id":"https:\/\/www.iemj.org\/de\/#organization","name":"Institut Europ\u00e9en des Musiques Juives","url":"https:\/\/www.iemj.org\/de\/","logo":{"@type":"ImageObject","inLanguage":"de","@id":"https:\/\/www.iemj.org\/de\/#\/schema\/logo\/image\/","url":"https:\/\/www.iemj.org\/wp-content\/uploads\/2021\/09\/Logo-IEMJ-Paypal.jpg","contentUrl":"https:\/\/www.iemj.org\/wp-content\/uploads\/2021\/09\/Logo-IEMJ-Paypal.jpg","width":150,"height":50,"caption":"Institut Europ\u00e9en des Musiques Juives"},"image":{"@id":"https:\/\/www.iemj.org\/de\/#\/schema\/logo\/image\/"},"sameAs":["https:\/\/www.facebook.com\/MusiquesJuives\/","https:\/\/www.instagram.com\/musiquesjuives\/","https:\/\/www.youtube.com\/user\/musiquesjuives"]},{"@type":"Person","@id":"https:\/\/www.iemj.org\/de\/#\/schema\/person\/906134402c29d5c76e7b726261dd4bbd","name":"Herv\u00e9 Roten","image":{"@type":"ImageObject","inLanguage":"de","@id":"https:\/\/secure.gravatar.com\/avatar\/f96ad2db538a26481f18384936b5cd0610c92d390c4dc382209216d455f685ff?s=96&d=mm&r=g","url":"https:\/\/secure.gravatar.com\/avatar\/f96ad2db538a26481f18384936b5cd0610c92d390c4dc382209216d455f685ff?s=96&d=mm&r=g","contentUrl":"https:\/\/secure.gravatar.com\/avatar\/f96ad2db538a26481f18384936b5cd0610c92d390c4dc382209216d455f685ff?s=96&d=mm&r=g","caption":"Herv\u00e9 Roten"}}]}},"_links":{"self":[{"href":"https:\/\/www.iemj.org\/de\/wp-json\/wp\/v2\/posts\/80144","targetHints":{"allow":["GET"]}}],"collection":[{"href":"https:\/\/www.iemj.org\/de\/wp-json\/wp\/v2\/posts"}],"about":[{"href":"https:\/\/www.iemj.org\/de\/wp-json\/wp\/v2\/types\/post"}],"author":[{"embeddable":true,"href":"https:\/\/www.iemj.org\/de\/wp-json\/wp\/v2\/users\/1045"}],"replies":[{"embeddable":true,"href":"https:\/\/www.iemj.org\/de\/wp-json\/wp\/v2\/comments?post=80144"}],"version-history":[{"count":1,"href":"https:\/\/www.iemj.org\/de\/wp-json\/wp\/v2\/posts\/80144\/revisions"}],"predecessor-version":[{"id":127331,"href":"https:\/\/www.iemj.org\/de\/wp-json\/wp\/v2\/posts\/80144\/revisions\/127331"}],"wp:featuredmedia":[{"embeddable":true,"href":"https:\/\/www.iemj.org\/de\/wp-json\/wp\/v2\/media\/80145"}],"wp:attachment":[{"href":"https:\/\/www.iemj.org\/de\/wp-json\/wp\/v2\/media?parent=80144"}],"wp:term":[{"taxonomy":"category","embeddable":true,"href":"https:\/\/www.iemj.org\/de\/wp-json\/wp\/v2\/categories?post=80144"},{"taxonomy":"post_tag","embeddable":true,"href":"https:\/\/www.iemj.org\/de\/wp-json\/wp\/v2\/tags?post=80144"},{"taxonomy":"technique","embeddable":true,"href":"https:\/\/www.iemj.org\/de\/wp-json\/wp\/v2\/technique?post=80144"},{"taxonomy":"squelettes","embeddable":true,"href":"https:\/\/www.iemj.org\/de\/wp-json\/wp\/v2\/squelettes?post=80144"},{"taxonomy":"sujet","embeddable":true,"href":"https:\/\/www.iemj.org\/de\/wp-json\/wp\/v2\/sujet?post=80144"},{"taxonomy":"formation","embeddable":true,"href":"https:\/\/www.iemj.org\/de\/wp-json\/wp\/v2\/formation?post=80144"},{"taxonomy":"genre","embeddable":true,"href":"https:\/\/www.iemj.org\/de\/wp-json\/wp\/v2\/genre?post=80144"},{"taxonomy":"fonds","embeddable":true,"href":"https:\/\/www.iemj.org\/de\/wp-json\/wp\/v2\/fonds?post=80144"},{"taxonomy":"tradition","embeddable":true,"href":"https:\/\/www.iemj.org\/de\/wp-json\/wp\/v2\/tradition?post=80144"},{"taxonomy":"type-de-contenu","embeddable":true,"href":"https:\/\/www.iemj.org\/de\/wp-json\/wp\/v2\/type-de-contenu?post=80144"},{"taxonomy":"interprete-compositeur","embeddable":true,"href":"https:\/\/www.iemj.org\/de\/wp-json\/wp\/v2\/interprete-compositeur?post=80144"},{"taxonomy":"frise","embeddable":true,"href":"https:\/\/www.iemj.org\/de\/wp-json\/wp\/v2\/frise?post=80144"},{"taxonomy":"type-devenement","embeddable":true,"href":"https:\/\/www.iemj.org\/de\/wp-json\/wp\/v2\/type-devenement?post=80144"},{"taxonomy":"tableaux-liens-externes","embeddable":true,"href":"https:\/\/www.iemj.org\/de\/wp-json\/wp\/v2\/tableaux-liens-externes?post=80144"}],"curies":[{"name":"wp","href":"https:\/\/api.w.org\/{rel}","templated":true}]}}