{"id":80297,"date":"2021-12-02T15:17:39","date_gmt":"2021-12-02T14:17:39","guid":{"rendered":"https:\/\/www.iemj.org\/samy-elmaghribi\/"},"modified":"2024-02-15T17:12:46","modified_gmt":"2024-02-15T16:12:46","slug":"samy-elmaghribi","status":"publish","type":"post","link":"https:\/\/www.iemj.org\/de\/samy-elmaghribi\/","title":{"rendered":"Samy Elmaghribi"},"content":{"rendered":"<p><a href=\"https:\/\/www.iemj.org\/de\/elmaghribi-samy-1922-2008\/\" target=\"_blank\" rel=\"noopener\"><strong>Samy Elmaghribi<\/strong><\/a> ist Komponist und S\u00e4nger von Musiken, die vom j\u00fcdisch-marokkanischen und andalusischen Erbe inspiriert ist. Er komponierte zwischen 1942 und 1964 ein Repertoire an Volksliedern, das sich im gesamten Maghreb durchsetzte. Beeinflusst von <a href=\"https:\/\/www.iemj.org\/halali-salim-1920-2005\/\" target=\"_blank\" rel=\"noopener\">Salim Halali<\/a>, dessen Stimme er bewunderte, \u00fcbernahm er traditionelle Lieder, insbesondere die alten <em>Qassidat<\/em> von Sidi Kaddur El Alami, Scheich Bouazza, Bensliman und anderen gro\u00dfen Ten\u00f6ren der <em>Malhun<\/em>-Dichtung. Andererseits komponierte er Volksmusik mit traditionellen Einfl\u00fcssen, die auf Motiven des <em>Malhun<\/em> oder des <em>Hawzi<\/em> beruht.<\/p>\n<p>1960 wanderte er nach Kanada aus und wurde 1967 der erste Chasan (Kantor) der spanisch-portugiesischen Synagoge Shearith Israel in Montreal, ein Amt, das er 16 Jahre lang innehatte.<\/p>\n<p>1984 zog er nach Israel und gr\u00fcndete dort unter anderem das <em>Merkas Pjjjut Veshira<\/em>, ein Zentrum f\u00fcr sephardische Musik, wo er als p\u00e4dagogischer Leiter unterrichtete.<\/p>\n<p>1996 zog er zur\u00fcck nach Montreal, reiste aber weiterhin durch die Welt und nahm an vielen wichtigen Musikveranstaltungen teil, wie dem \u201eFestival de Chant Gharnati\u201c (Festival des Gharnati-Gesangs) in Rabat und Oujda (1999) und dem Arab-Andalusian Festival bei der UNESCO in Paris (2000). Au\u00dferdem arbeitete er eine Zeit lang als Kantor der sephardischen Synagoge Beit Yosef in New Jersey (USA) und unterrichtete sephardische Liturgie u. a. an der Yeshiva University in New York.<\/p>\n<p>Er starb am 9. M\u00e4rz 2008 in Montreal.<\/p>\n<p>In der folgenden Playlist finden Sie einige seiner sch\u00f6nsten musikalischen Meisterwerke, wie <em>Omri Man\u00e8ns\u00e8k Ya Mamma<\/em>, ein Lied, das den M\u00fcttern gewidmet ist, oder <em>Kaftanek Mahloul<\/em>, das Generationen von Familien auf Partys oder &#8222;orientalischen Kabarett&#8220;-Abenden zum Tanzen gebracht hat. Gute Reise und viel Spa\u00df beim Zuh\u00f6ren!<\/p>\n\n\n<p><a href=\"https:\/\/www.iemj.org\/de\/elmaghribi-samy-1922-2008\/\" target=\"_blank\" rel=\"noreferrer noopener\">Lesen Sie die Biografie von Samy Elmaghribi<\/a><\/p>\n\n\n\n<p><a href=\"https:\/\/www.iemj.org\/de\/le-label-samyphone\/\" target=\"_blank\" rel=\"noreferrer noopener\">Sehen Sie sich ein Video \u00fcber das Label Samyphone an<\/a><\/p>\n\n\n\n<p><a href=\"http:\/\/www.rachelnet.net\/F\/?func=find-c&amp;ccl_term=WRD+%3D+Samy+Elmaghribi+ET+WTY+%3D+31+or+32+or+41+or+42+or+71+or+72+or+C1+or+C2+or+D1+or+D2+or+K1+or+K2+or+R1+or+R2+or+RB+or+SR&amp;local_base=iemcg\" target=\"_blank\" rel=\"noreferrer noopener\">Weitere Aufnahmen von Samy Elmaghribi in unserem Online-Katalog suchen<\/a><\/p>\n\n\n\n<figure class=\"wp-block-image size-large\"><img fetchpriority=\"high\" decoding=\"async\" width=\"1024\" height=\"146\" src=\"https:\/\/www.iemj.org\/wp-content\/uploads\/2023\/01\/Bandeau-Playlist_DE2-1024x146.jpg\" alt=\"\" class=\"wp-image-93110\" srcset=\"https:\/\/www.iemj.org\/wp-content\/uploads\/2023\/01\/Bandeau-Playlist_DE2-1024x146.jpg 1024w, https:\/\/www.iemj.org\/wp-content\/uploads\/2023\/01\/Bandeau-Playlist_DE2-300x43.jpg 300w, https:\/\/www.iemj.org\/wp-content\/uploads\/2023\/01\/Bandeau-Playlist_DE2-768x110.jpg 768w, https:\/\/www.iemj.org\/wp-content\/uploads\/2023\/01\/Bandeau-Playlist_DE2-1536x220.jpg 1536w, https:\/\/www.iemj.org\/wp-content\/uploads\/2023\/01\/Bandeau-Playlist_DE2-600x86.jpg 600w, https:\/\/www.iemj.org\/wp-content\/uploads\/2023\/01\/Bandeau-Playlist_DE2.jpg 1608w\" sizes=\"(max-width: 1024px) 100vw, 1024px\" \/><\/figure>\n","protected":false},"excerpt":{"rendered":"<p>Samy Elmaghribi ist Komponist und S\u00e4nger von Musiken, die vom j\u00fcdisch-marokkanischen und andalusischen Erbe inspiriert ist. Er komponierte zwischen 1942 und 1964 ein Repertoire an Volksliedern, das sich im gesamten<\/p>\n","protected":false},"author":1927,"featured_media":72596,"comment_status":"closed","ping_status":"closed","sticky":false,"template":"","format":"standard","meta":{"_acf_changed":false,"footnotes":""},"categories":[1524,1534],"tags":[],"technique":[],"squelettes":[],"sujet":[],"formation":[],"genre":[],"fonds":[],"tradition":[],"type-de-contenu":[],"interprete-compositeur":[],"frise":[],"type-devenement":[],"tableaux-liens-externes":[],"class_list":["post-80297","post","type-post","status-publish","format-standard","has-post-thumbnail","hentry","category-anhoren-anschauen-de","category-playlists-de"],"acf":[],"yoast_head":"<!-- This site is optimized with the Yoast SEO plugin v27.3 - https:\/\/yoast.com\/product\/yoast-seo-wordpress\/ -->\n<title>Samy Elmaghribi - Institut Europ\u00e9en des Musiques Juives<\/title>\n<meta name=\"robots\" content=\"index, follow, max-snippet:-1, max-image-preview:large, max-video-preview:-1\" \/>\n<link rel=\"canonical\" href=\"https:\/\/www.iemj.org\/de\/samy-elmaghribi\/\" \/>\n<meta property=\"og:locale\" content=\"de_DE\" \/>\n<meta property=\"og:type\" content=\"article\" \/>\n<meta property=\"og:title\" content=\"Samy Elmaghribi - Institut Europ\u00e9en des Musiques Juives\" \/>\n<meta property=\"og:description\" content=\"Samy Elmaghribi ist Komponist und S\u00e4nger von Musiken, die vom j\u00fcdisch-marokkanischen und andalusischen Erbe inspiriert ist. Er komponierte zwischen 1942 und 1964 ein Repertoire an Volksliedern, das sich im gesamten\" \/>\n<meta property=\"og:url\" content=\"https:\/\/www.iemj.org\/de\/samy-elmaghribi\/\" \/>\n<meta property=\"og:site_name\" content=\"Institut Europ\u00e9en des Musiques Juives\" \/>\n<meta property=\"article:publisher\" content=\"https:\/\/www.facebook.com\/MusiquesJuives\/\" \/>\n<meta property=\"article:published_time\" content=\"2021-12-02T14:17:39+00:00\" \/>\n<meta property=\"article:modified_time\" content=\"2024-02-15T16:12:46+00:00\" \/>\n<meta property=\"og:image\" content=\"https:\/\/www.iemj.org\/wp-content\/uploads\/2021\/11\/Logo-Samy.jpg\" \/>\n\t<meta property=\"og:image:width\" content=\"350\" \/>\n\t<meta property=\"og:image:height\" content=\"350\" \/>\n\t<meta property=\"og:image:type\" content=\"image\/jpeg\" \/>\n<meta name=\"author\" content=\"Avner Azoulay\" \/>\n<meta name=\"twitter:card\" content=\"summary_large_image\" \/>\n<meta name=\"twitter:label1\" content=\"Verfasst von\" \/>\n\t<meta name=\"twitter:data1\" content=\"Avner Azoulay\" \/>\n\t<meta name=\"twitter:label2\" content=\"Gesch\u00e4tzte Lesezeit\" \/>\n\t<meta name=\"twitter:data2\" content=\"2\u00a0Minuten\" \/>\n<script type=\"application\/ld+json\" class=\"yoast-schema-graph\">{\"@context\":\"https:\\\/\\\/schema.org\",\"@graph\":[{\"@type\":\"Article\",\"@id\":\"https:\\\/\\\/www.iemj.org\\\/de\\\/samy-elmaghribi\\\/#article\",\"isPartOf\":{\"@id\":\"https:\\\/\\\/www.iemj.org\\\/de\\\/samy-elmaghribi\\\/\"},\"author\":{\"name\":\"Avner Azoulay\",\"@id\":\"https:\\\/\\\/www.iemj.org\\\/de\\\/#\\\/schema\\\/person\\\/a58cd365d504c8b7ff85749e8bdb460f\"},\"headline\":\"Samy Elmaghribi\",\"datePublished\":\"2021-12-02T14:17:39+00:00\",\"dateModified\":\"2024-02-15T16:12:46+00:00\",\"mainEntityOfPage\":{\"@id\":\"https:\\\/\\\/www.iemj.org\\\/de\\\/samy-elmaghribi\\\/\"},\"wordCount\":292,\"publisher\":{\"@id\":\"https:\\\/\\\/www.iemj.org\\\/de\\\/#organization\"},\"image\":{\"@id\":\"https:\\\/\\\/www.iemj.org\\\/de\\\/samy-elmaghribi\\\/#primaryimage\"},\"thumbnailUrl\":\"https:\\\/\\\/www.iemj.org\\\/wp-content\\\/uploads\\\/2021\\\/11\\\/Logo-Samy.jpg\",\"articleSection\":[\"Anh\u00f6ren \\\/ Anschauen\",\"Playlists\"],\"inLanguage\":\"de\"},{\"@type\":\"WebPage\",\"@id\":\"https:\\\/\\\/www.iemj.org\\\/de\\\/samy-elmaghribi\\\/\",\"url\":\"https:\\\/\\\/www.iemj.org\\\/de\\\/samy-elmaghribi\\\/\",\"name\":\"Samy Elmaghribi - Institut Europ\u00e9en des Musiques Juives\",\"isPartOf\":{\"@id\":\"https:\\\/\\\/www.iemj.org\\\/de\\\/#website\"},\"primaryImageOfPage\":{\"@id\":\"https:\\\/\\\/www.iemj.org\\\/de\\\/samy-elmaghribi\\\/#primaryimage\"},\"image\":{\"@id\":\"https:\\\/\\\/www.iemj.org\\\/de\\\/samy-elmaghribi\\\/#primaryimage\"},\"thumbnailUrl\":\"https:\\\/\\\/www.iemj.org\\\/wp-content\\\/uploads\\\/2021\\\/11\\\/Logo-Samy.jpg\",\"datePublished\":\"2021-12-02T14:17:39+00:00\",\"dateModified\":\"2024-02-15T16:12:46+00:00\",\"breadcrumb\":{\"@id\":\"https:\\\/\\\/www.iemj.org\\\/de\\\/samy-elmaghribi\\\/#breadcrumb\"},\"inLanguage\":\"de\",\"potentialAction\":[{\"@type\":\"ReadAction\",\"target\":[\"https:\\\/\\\/www.iemj.org\\\/de\\\/samy-elmaghribi\\\/\"]}]},{\"@type\":\"ImageObject\",\"inLanguage\":\"de\",\"@id\":\"https:\\\/\\\/www.iemj.org\\\/de\\\/samy-elmaghribi\\\/#primaryimage\",\"url\":\"https:\\\/\\\/www.iemj.org\\\/wp-content\\\/uploads\\\/2021\\\/11\\\/Logo-Samy.jpg\",\"contentUrl\":\"https:\\\/\\\/www.iemj.org\\\/wp-content\\\/uploads\\\/2021\\\/11\\\/Logo-Samy.jpg\",\"width\":350,\"height\":350},{\"@type\":\"BreadcrumbList\",\"@id\":\"https:\\\/\\\/www.iemj.org\\\/de\\\/samy-elmaghribi\\\/#breadcrumb\",\"itemListElement\":[{\"@type\":\"ListItem\",\"position\":1,\"name\":\"Accueil\",\"item\":\"https:\\\/\\\/www.iemj.org\\\/de\\\/\"},{\"@type\":\"ListItem\",\"position\":2,\"name\":\"Samy Elmaghribi\"}]},{\"@type\":\"WebSite\",\"@id\":\"https:\\\/\\\/www.iemj.org\\\/de\\\/#website\",\"url\":\"https:\\\/\\\/www.iemj.org\\\/de\\\/\",\"name\":\"Institut Europ\u00e9en des Musiques Juives\",\"description\":\"Des traditions musicales \u00e0 la port\u00e9e de tous\",\"publisher\":{\"@id\":\"https:\\\/\\\/www.iemj.org\\\/de\\\/#organization\"},\"potentialAction\":[{\"@type\":\"SearchAction\",\"target\":{\"@type\":\"EntryPoint\",\"urlTemplate\":\"https:\\\/\\\/www.iemj.org\\\/de\\\/?s={search_term_string}\"},\"query-input\":{\"@type\":\"PropertyValueSpecification\",\"valueRequired\":true,\"valueName\":\"search_term_string\"}}],\"inLanguage\":\"de\"},{\"@type\":\"Organization\",\"@id\":\"https:\\\/\\\/www.iemj.org\\\/de\\\/#organization\",\"name\":\"Institut Europ\u00e9en des Musiques Juives\",\"url\":\"https:\\\/\\\/www.iemj.org\\\/de\\\/\",\"logo\":{\"@type\":\"ImageObject\",\"inLanguage\":\"de\",\"@id\":\"https:\\\/\\\/www.iemj.org\\\/de\\\/#\\\/schema\\\/logo\\\/image\\\/\",\"url\":\"https:\\\/\\\/www.iemj.org\\\/wp-content\\\/uploads\\\/2021\\\/09\\\/Logo-IEMJ-Paypal.jpg\",\"contentUrl\":\"https:\\\/\\\/www.iemj.org\\\/wp-content\\\/uploads\\\/2021\\\/09\\\/Logo-IEMJ-Paypal.jpg\",\"width\":150,\"height\":50,\"caption\":\"Institut Europ\u00e9en des Musiques Juives\"},\"image\":{\"@id\":\"https:\\\/\\\/www.iemj.org\\\/de\\\/#\\\/schema\\\/logo\\\/image\\\/\"},\"sameAs\":[\"https:\\\/\\\/www.facebook.com\\\/MusiquesJuives\\\/\",\"https:\\\/\\\/www.instagram.com\\\/musiquesjuives\\\/\",\"https:\\\/\\\/www.youtube.com\\\/user\\\/musiquesjuives\"]},{\"@type\":\"Person\",\"@id\":\"https:\\\/\\\/www.iemj.org\\\/de\\\/#\\\/schema\\\/person\\\/a58cd365d504c8b7ff85749e8bdb460f\",\"name\":\"Avner Azoulay\",\"image\":{\"@type\":\"ImageObject\",\"inLanguage\":\"de\",\"@id\":\"https:\\\/\\\/secure.gravatar.com\\\/avatar\\\/7bb6a05b44696c1b7a4f1f8b5ed8c02b0bdeb6f98aa51e671f0957030fafc587?s=96&d=mm&r=g\",\"url\":\"https:\\\/\\\/secure.gravatar.com\\\/avatar\\\/7bb6a05b44696c1b7a4f1f8b5ed8c02b0bdeb6f98aa51e671f0957030fafc587?s=96&d=mm&r=g\",\"contentUrl\":\"https:\\\/\\\/secure.gravatar.com\\\/avatar\\\/7bb6a05b44696c1b7a4f1f8b5ed8c02b0bdeb6f98aa51e671f0957030fafc587?s=96&d=mm&r=g\",\"caption\":\"Avner Azoulay\"}}]}<\/script>\n<!-- \/ Yoast SEO plugin. -->","yoast_head_json":{"title":"Samy Elmaghribi - Institut Europ\u00e9en des Musiques Juives","robots":{"index":"index","follow":"follow","max-snippet":"max-snippet:-1","max-image-preview":"max-image-preview:large","max-video-preview":"max-video-preview:-1"},"canonical":"https:\/\/www.iemj.org\/de\/samy-elmaghribi\/","og_locale":"de_DE","og_type":"article","og_title":"Samy Elmaghribi - Institut Europ\u00e9en des Musiques Juives","og_description":"Samy Elmaghribi ist Komponist und S\u00e4nger von Musiken, die vom j\u00fcdisch-marokkanischen und andalusischen Erbe inspiriert ist. Er komponierte zwischen 1942 und 1964 ein Repertoire an Volksliedern, das sich im gesamten","og_url":"https:\/\/www.iemj.org\/de\/samy-elmaghribi\/","og_site_name":"Institut Europ\u00e9en des Musiques Juives","article_publisher":"https:\/\/www.facebook.com\/MusiquesJuives\/","article_published_time":"2021-12-02T14:17:39+00:00","article_modified_time":"2024-02-15T16:12:46+00:00","og_image":[{"width":350,"height":350,"url":"https:\/\/www.iemj.org\/wp-content\/uploads\/2021\/11\/Logo-Samy.jpg","type":"image\/jpeg"}],"author":"Avner Azoulay","twitter_card":"summary_large_image","twitter_misc":{"Verfasst von":"Avner Azoulay","Gesch\u00e4tzte Lesezeit":"2\u00a0Minuten"},"schema":{"@context":"https:\/\/schema.org","@graph":[{"@type":"Article","@id":"https:\/\/www.iemj.org\/de\/samy-elmaghribi\/#article","isPartOf":{"@id":"https:\/\/www.iemj.org\/de\/samy-elmaghribi\/"},"author":{"name":"Avner Azoulay","@id":"https:\/\/www.iemj.org\/de\/#\/schema\/person\/a58cd365d504c8b7ff85749e8bdb460f"},"headline":"Samy Elmaghribi","datePublished":"2021-12-02T14:17:39+00:00","dateModified":"2024-02-15T16:12:46+00:00","mainEntityOfPage":{"@id":"https:\/\/www.iemj.org\/de\/samy-elmaghribi\/"},"wordCount":292,"publisher":{"@id":"https:\/\/www.iemj.org\/de\/#organization"},"image":{"@id":"https:\/\/www.iemj.org\/de\/samy-elmaghribi\/#primaryimage"},"thumbnailUrl":"https:\/\/www.iemj.org\/wp-content\/uploads\/2021\/11\/Logo-Samy.jpg","articleSection":["Anh\u00f6ren \/ Anschauen","Playlists"],"inLanguage":"de"},{"@type":"WebPage","@id":"https:\/\/www.iemj.org\/de\/samy-elmaghribi\/","url":"https:\/\/www.iemj.org\/de\/samy-elmaghribi\/","name":"Samy Elmaghribi - Institut Europ\u00e9en des Musiques Juives","isPartOf":{"@id":"https:\/\/www.iemj.org\/de\/#website"},"primaryImageOfPage":{"@id":"https:\/\/www.iemj.org\/de\/samy-elmaghribi\/#primaryimage"},"image":{"@id":"https:\/\/www.iemj.org\/de\/samy-elmaghribi\/#primaryimage"},"thumbnailUrl":"https:\/\/www.iemj.org\/wp-content\/uploads\/2021\/11\/Logo-Samy.jpg","datePublished":"2021-12-02T14:17:39+00:00","dateModified":"2024-02-15T16:12:46+00:00","breadcrumb":{"@id":"https:\/\/www.iemj.org\/de\/samy-elmaghribi\/#breadcrumb"},"inLanguage":"de","potentialAction":[{"@type":"ReadAction","target":["https:\/\/www.iemj.org\/de\/samy-elmaghribi\/"]}]},{"@type":"ImageObject","inLanguage":"de","@id":"https:\/\/www.iemj.org\/de\/samy-elmaghribi\/#primaryimage","url":"https:\/\/www.iemj.org\/wp-content\/uploads\/2021\/11\/Logo-Samy.jpg","contentUrl":"https:\/\/www.iemj.org\/wp-content\/uploads\/2021\/11\/Logo-Samy.jpg","width":350,"height":350},{"@type":"BreadcrumbList","@id":"https:\/\/www.iemj.org\/de\/samy-elmaghribi\/#breadcrumb","itemListElement":[{"@type":"ListItem","position":1,"name":"Accueil","item":"https:\/\/www.iemj.org\/de\/"},{"@type":"ListItem","position":2,"name":"Samy Elmaghribi"}]},{"@type":"WebSite","@id":"https:\/\/www.iemj.org\/de\/#website","url":"https:\/\/www.iemj.org\/de\/","name":"Institut Europ\u00e9en des Musiques Juives","description":"Des traditions musicales \u00e0 la port\u00e9e de tous","publisher":{"@id":"https:\/\/www.iemj.org\/de\/#organization"},"potentialAction":[{"@type":"SearchAction","target":{"@type":"EntryPoint","urlTemplate":"https:\/\/www.iemj.org\/de\/?s={search_term_string}"},"query-input":{"@type":"PropertyValueSpecification","valueRequired":true,"valueName":"search_term_string"}}],"inLanguage":"de"},{"@type":"Organization","@id":"https:\/\/www.iemj.org\/de\/#organization","name":"Institut Europ\u00e9en des Musiques Juives","url":"https:\/\/www.iemj.org\/de\/","logo":{"@type":"ImageObject","inLanguage":"de","@id":"https:\/\/www.iemj.org\/de\/#\/schema\/logo\/image\/","url":"https:\/\/www.iemj.org\/wp-content\/uploads\/2021\/09\/Logo-IEMJ-Paypal.jpg","contentUrl":"https:\/\/www.iemj.org\/wp-content\/uploads\/2021\/09\/Logo-IEMJ-Paypal.jpg","width":150,"height":50,"caption":"Institut Europ\u00e9en des Musiques Juives"},"image":{"@id":"https:\/\/www.iemj.org\/de\/#\/schema\/logo\/image\/"},"sameAs":["https:\/\/www.facebook.com\/MusiquesJuives\/","https:\/\/www.instagram.com\/musiquesjuives\/","https:\/\/www.youtube.com\/user\/musiquesjuives"]},{"@type":"Person","@id":"https:\/\/www.iemj.org\/de\/#\/schema\/person\/a58cd365d504c8b7ff85749e8bdb460f","name":"Avner Azoulay","image":{"@type":"ImageObject","inLanguage":"de","@id":"https:\/\/secure.gravatar.com\/avatar\/7bb6a05b44696c1b7a4f1f8b5ed8c02b0bdeb6f98aa51e671f0957030fafc587?s=96&d=mm&r=g","url":"https:\/\/secure.gravatar.com\/avatar\/7bb6a05b44696c1b7a4f1f8b5ed8c02b0bdeb6f98aa51e671f0957030fafc587?s=96&d=mm&r=g","contentUrl":"https:\/\/secure.gravatar.com\/avatar\/7bb6a05b44696c1b7a4f1f8b5ed8c02b0bdeb6f98aa51e671f0957030fafc587?s=96&d=mm&r=g","caption":"Avner Azoulay"}}]}},"_links":{"self":[{"href":"https:\/\/www.iemj.org\/de\/wp-json\/wp\/v2\/posts\/80297","targetHints":{"allow":["GET"]}}],"collection":[{"href":"https:\/\/www.iemj.org\/de\/wp-json\/wp\/v2\/posts"}],"about":[{"href":"https:\/\/www.iemj.org\/de\/wp-json\/wp\/v2\/types\/post"}],"author":[{"embeddable":true,"href":"https:\/\/www.iemj.org\/de\/wp-json\/wp\/v2\/users\/1927"}],"replies":[{"embeddable":true,"href":"https:\/\/www.iemj.org\/de\/wp-json\/wp\/v2\/comments?post=80297"}],"version-history":[{"count":0,"href":"https:\/\/www.iemj.org\/de\/wp-json\/wp\/v2\/posts\/80297\/revisions"}],"wp:featuredmedia":[{"embeddable":true,"href":"https:\/\/www.iemj.org\/de\/wp-json\/wp\/v2\/media\/72596"}],"wp:attachment":[{"href":"https:\/\/www.iemj.org\/de\/wp-json\/wp\/v2\/media?parent=80297"}],"wp:term":[{"taxonomy":"category","embeddable":true,"href":"https:\/\/www.iemj.org\/de\/wp-json\/wp\/v2\/categories?post=80297"},{"taxonomy":"post_tag","embeddable":true,"href":"https:\/\/www.iemj.org\/de\/wp-json\/wp\/v2\/tags?post=80297"},{"taxonomy":"technique","embeddable":true,"href":"https:\/\/www.iemj.org\/de\/wp-json\/wp\/v2\/technique?post=80297"},{"taxonomy":"squelettes","embeddable":true,"href":"https:\/\/www.iemj.org\/de\/wp-json\/wp\/v2\/squelettes?post=80297"},{"taxonomy":"sujet","embeddable":true,"href":"https:\/\/www.iemj.org\/de\/wp-json\/wp\/v2\/sujet?post=80297"},{"taxonomy":"formation","embeddable":true,"href":"https:\/\/www.iemj.org\/de\/wp-json\/wp\/v2\/formation?post=80297"},{"taxonomy":"genre","embeddable":true,"href":"https:\/\/www.iemj.org\/de\/wp-json\/wp\/v2\/genre?post=80297"},{"taxonomy":"fonds","embeddable":true,"href":"https:\/\/www.iemj.org\/de\/wp-json\/wp\/v2\/fonds?post=80297"},{"taxonomy":"tradition","embeddable":true,"href":"https:\/\/www.iemj.org\/de\/wp-json\/wp\/v2\/tradition?post=80297"},{"taxonomy":"type-de-contenu","embeddable":true,"href":"https:\/\/www.iemj.org\/de\/wp-json\/wp\/v2\/type-de-contenu?post=80297"},{"taxonomy":"interprete-compositeur","embeddable":true,"href":"https:\/\/www.iemj.org\/de\/wp-json\/wp\/v2\/interprete-compositeur?post=80297"},{"taxonomy":"frise","embeddable":true,"href":"https:\/\/www.iemj.org\/de\/wp-json\/wp\/v2\/frise?post=80297"},{"taxonomy":"type-devenement","embeddable":true,"href":"https:\/\/www.iemj.org\/de\/wp-json\/wp\/v2\/type-devenement?post=80297"},{"taxonomy":"tableaux-liens-externes","embeddable":true,"href":"https:\/\/www.iemj.org\/de\/wp-json\/wp\/v2\/tableaux-liens-externes?post=80297"}],"curies":[{"name":"wp","href":"https:\/\/api.w.org\/{rel}","templated":true}]}}