{"id":80726,"date":"2015-12-21T17:35:09","date_gmt":"2015-12-21T16:35:09","guid":{"rendered":"https:\/\/www.iemj.org\/chants-liturgiques-de-juifs-sepharades-philippe-darmon\/"},"modified":"2025-10-01T12:36:54","modified_gmt":"2025-10-01T10:36:54","slug":"chants-liturgiques-de-juifs-sepharades-philippe-darmon","status":"publish","type":"post","link":"https:\/\/www.iemj.org\/de\/chants-liturgiques-de-juifs-sepharades-philippe-darmon\/","title":{"rendered":"Sephardische liturgische Ges\u00e4nge &#8211; Philippe und Mikael Darmon"},"content":{"rendered":"<p><!--more--><\/p>\n<p><strong>Im Rahmen des Kolloquiums Vox Aurea &#8211; Via Sacra 2014<\/strong><\/p>\n<p><!--more--><\/p>\n<p>Aufnahme des Konzerts\u00a0<em>Sephardische liturgische Ges\u00e4nge<\/em><em>,<\/em> mit Philippe Darmon, erster Kantor und rabbinischer Delegierter am Tempel in der Stra\u00dfe Buffault (Paris 9. Arrondissement), seinem Sohn Mikael, Pierre Lumbroso (Klavier) und Philippe Briegh (Violine), welches am 7. September 2014 im Rahmen des Kolloquiums\u00a0<strong>Vox Aurea \u2013 Via Sacra 2014<\/strong>\u00a0stattfand.<\/p>\n<p><a href=\"https:\/\/www.iemj.org\/de\/colloque-et-concerts-vox-aurea-via-sacra-2014-la-musique-sacree-juive\/\" target=\"_blank\" rel=\"noopener\">Sehen Sie sich das Programm des Kolloquiums Vox Aurea \u2013 Via sacra 2014 an<\/a><\/p>\n<p><a href=\"https:\/\/www.iemj.org\/de\/?s=Vox+aurea\" target=\"_blank\" rel=\"noopener\">H\u00f6ren Sie sich die Konferenzen und Konzerte des Koloquiums Vox Aurea \u2013 Via sacra 2014 an<\/a><\/p>\n\n\n<figure class=\"wp-block-embed is-type-video is-provider-youtube wp-block-embed-youtube wp-embed-aspect-16-9 wp-has-aspect-ratio\"><div class=\"wp-block-embed__wrapper\">\n<iframe title=\"Avinou Sh\u00e9bashamayim - Philippe &amp; Mika\u00ebl Darmon, Chorale de La Victoire\" width=\"640\" height=\"360\" src=\"https:\/\/www.youtube.com\/embed\/-jfJfodmZKY?feature=oembed\" frameborder=\"0\" allow=\"accelerometer; autoplay; clipboard-write; encrypted-media; gyroscope; picture-in-picture; web-share\" referrerpolicy=\"strict-origin-when-cross-origin\" allowfullscreen><\/iframe>\n<\/div><figcaption class=\"wp-element-caption\"><strong><strong>Sehen Sie oben ein Video des Gebets&nbsp;<\/strong><em><strong>Avinu Schebashamayim<\/strong><\/em><strong>, vorgetragen von Philippe &amp; Mika\u00ebl Darmon und dem Chor der Synagoge de la Victoire.<\/strong><\/strong><\/figcaption><\/figure>\n\n\n<div class=\"wp-block-image\">\n<figure class=\"aligncenter size-large\"><img fetchpriority=\"high\" decoding=\"async\" width=\"1024\" height=\"133\" src=\"https:\/\/www.iemj.org\/wp-content\/uploads\/2024\/03\/AUDIO-PLAYER-1024x133.png\" alt=\"\" class=\"wp-image-110606\" srcset=\"https:\/\/www.iemj.org\/wp-content\/uploads\/2024\/03\/AUDIO-PLAYER-1024x133.png 1024w, https:\/\/www.iemj.org\/wp-content\/uploads\/2024\/03\/AUDIO-PLAYER-300x39.png 300w, https:\/\/www.iemj.org\/wp-content\/uploads\/2024\/03\/AUDIO-PLAYER-768x100.png 768w, https:\/\/www.iemj.org\/wp-content\/uploads\/2024\/03\/AUDIO-PLAYER-600x78.png 600w, https:\/\/www.iemj.org\/wp-content\/uploads\/2024\/03\/AUDIO-PLAYER.png 1210w\" sizes=\"(max-width: 1024px) 100vw, 1024px\" \/><\/figure>\n<\/div>\n\n\n<div class=\"wp-block-file\"><a id=\"wp-block-file--media-55eaaaf9-3c75-4ec9-abe7-a3c0f3f2a59d\" href=\"https:\/\/www.iemj.org\/wp-content\/uploads\/2015\/12\/1_halaf.mp3\">Halaf &#8211; Philippe DARMON, Pierre LUMBROSO (piano), Philippe BRIEGH (violon)<\/a><\/div>\n\n\n\n<div class=\"wp-block-file\"><a id=\"wp-block-file--media-dd049b91-05fd-44ce-863c-25780e53d46a\" href=\"https:\/\/www.iemj.org\/wp-content\/uploads\/2015\/12\/2_kedusha_raba.mp3\">Kedusha Raba &#8211; Philippe DARMON, Pierre LUMBROSO (piano), Philippe BRIEGH (violon)<\/a><\/div>\n\n\n\n<div class=\"wp-block-file\"><a id=\"wp-block-file--media-55541105-fa8e-4d62-90e8-ec165e3b5bab\" href=\"https:\/\/www.iemj.org\/wp-content\/uploads\/2015\/12\/4_rey_nimrod.mp3\">Rey Nimrod &#8211; Philippe DARMON, Pierre LUMBROSO (piano), Philippe BRIEGH (violon)<\/a><\/div>\n\n\n\n<div class=\"wp-block-file\"><a id=\"wp-block-file--media-57a02b77-9cff-460d-be0f-b11c1168f0f1\" href=\"https:\/\/www.iemj.org\/wp-content\/uploads\/2015\/12\/7_ygdal.mp3\">Ygdal &#8211; Philippe DARMON, Pierre LUMBROSO (piano), Philippe BRIEGH (violon)<\/a><\/div>\n\n\n\n<div class=\"wp-block-file\"><a id=\"wp-block-file--media-04c6f115-2140-492d-b273-6049f7e487b7\" href=\"https:\/\/www.iemj.org\/wp-content\/uploads\/2015\/12\/11_chabekhi.mp3\">Chabekhi &#8211; Philippe DARMON, Pierre LUMBROSO (piano), Philippe BRIEGH (violon)<\/a><\/div>\n\n\n\n<div class=\"wp-block-file\"><a id=\"wp-block-file--media-35d854c1-abc1-4910-b71a-13e71d13d9e2\" href=\"https:\/\/www.iemj.org\/wp-content\/uploads\/2015\/12\/12_ki_echmera_chabat.mp3\">Ki echmera chabat &#8211; Philippe DARMON, Pierre LUMBROSO (piano), Philippe BRIEGH (violon)<\/a><\/div>\n\n\n\n<div class=\"wp-block-file\"><a id=\"wp-block-file--media-f45cfdaa-7218-4edb-b329-579c73caa4d8\" href=\"https:\/\/www.iemj.org\/wp-content\/uploads\/2015\/12\/9_eli_eliyahou.mp3\">Eli Eliyahou &#8211; Philippe DARMON, Pierre LUMBROSO (piano), Philippe BRIEGH (violon)<\/a><\/div>\n\n\n\n<div class=\"wp-block-file\"><a id=\"wp-block-file--media-69f59403-82c4-4c9a-9d6f-67802835b1e3\" href=\"https:\/\/www.iemj.org\/wp-content\/uploads\/2015\/12\/10_amen_amen.mp3\">Amen &#8211; Philippe DARMON, Pierre LUMBROSO (piano), Philippe BRIEGH (violon)<\/a><\/div>\n\n\n\n<div class=\"wp-block-file\"><a id=\"wp-block-file--media-198bb9dc-a0e1-4e80-a6fa-9b540f730944\" href=\"https:\/\/www.iemj.org\/wp-content\/uploads\/2015\/12\/11_chabekhi-2.mp3\">Chabekhi &#8211; Philippe DARMON, Pierre LUMBROSO (piano), Philippe BRIEGH (violon)<\/a><\/div>\n","protected":false},"excerpt":{"rendered":"","protected":false},"author":1052,"featured_media":80727,"comment_status":"closed","ping_status":"closed","sticky":false,"template":"","format":"standard","meta":{"_acf_changed":false,"footnotes":""},"categories":[1516],"tags":[3420],"technique":[],"squelettes":[],"sujet":[],"formation":[],"genre":[1891],"fonds":[],"tradition":[1966],"type-de-contenu":[],"interprete-compositeur":[],"frise":[],"type-devenement":[],"tableaux-liens-externes":[],"class_list":["post-80726","post","type-post","status-publish","format-standard","has-post-thumbnail","hentry","category-konzerte-film-de","tag-partner-veranstaltungen-de","genre-liturgie-de","tradition-sephardischer-ritus-de"],"acf":[],"yoast_head":"<!-- This site is optimized with the Yoast SEO plugin v27.3 - https:\/\/yoast.com\/product\/yoast-seo-wordpress\/ -->\n<title>Sephardische liturgische Ges\u00e4nge - Philippe und Mikael Darmon - Institut Europ\u00e9en des Musiques Juives<\/title>\n<meta name=\"robots\" content=\"index, follow, max-snippet:-1, max-image-preview:large, max-video-preview:-1\" \/>\n<link rel=\"canonical\" href=\"https:\/\/www.iemj.org\/de\/chants-liturgiques-de-juifs-sepharades-philippe-darmon\/\" \/>\n<meta property=\"og:locale\" content=\"de_DE\" \/>\n<meta property=\"og:type\" content=\"article\" \/>\n<meta property=\"og:title\" content=\"Sephardische liturgische Ges\u00e4nge - Philippe und Mikael Darmon - Institut Europ\u00e9en des Musiques Juives\" \/>\n<meta property=\"og:url\" content=\"https:\/\/www.iemj.org\/de\/chants-liturgiques-de-juifs-sepharades-philippe-darmon\/\" \/>\n<meta property=\"og:site_name\" content=\"Institut Europ\u00e9en des Musiques Juives\" \/>\n<meta property=\"article:publisher\" content=\"https:\/\/www.facebook.com\/MusiquesJuives\/\" \/>\n<meta property=\"article:published_time\" content=\"2015-12-21T16:35:09+00:00\" \/>\n<meta property=\"article:modified_time\" content=\"2025-10-01T10:36:54+00:00\" \/>\n<meta property=\"og:image\" content=\"https:\/\/www.iemj.org\/wp-content\/uploads\/2015\/12\/arton1327-e1644853829658.jpg\" \/>\n\t<meta property=\"og:image:width\" content=\"252\" \/>\n\t<meta property=\"og:image:height\" content=\"350\" \/>\n\t<meta property=\"og:image:type\" content=\"image\/jpeg\" \/>\n<meta name=\"author\" content=\"Lea Couderc\" \/>\n<meta name=\"twitter:card\" content=\"summary_large_image\" \/>\n<meta name=\"twitter:label1\" content=\"Verfasst von\" \/>\n\t<meta name=\"twitter:data1\" content=\"Lea Couderc\" \/>\n\t<meta name=\"twitter:label2\" content=\"Gesch\u00e4tzte Lesezeit\" \/>\n\t<meta name=\"twitter:data2\" content=\"2\u00a0Minuten\" \/>\n<script type=\"application\/ld+json\" class=\"yoast-schema-graph\">{\"@context\":\"https:\\\/\\\/schema.org\",\"@graph\":[{\"@type\":\"Article\",\"@id\":\"https:\\\/\\\/www.iemj.org\\\/de\\\/chants-liturgiques-de-juifs-sepharades-philippe-darmon\\\/#article\",\"isPartOf\":{\"@id\":\"https:\\\/\\\/www.iemj.org\\\/de\\\/chants-liturgiques-de-juifs-sepharades-philippe-darmon\\\/\"},\"author\":{\"name\":\"Lea Couderc\",\"@id\":\"https:\\\/\\\/www.iemj.org\\\/de\\\/#\\\/schema\\\/person\\\/e2ad57f2c4be119c7ed8ab79036807a9\"},\"headline\":\"Sephardische liturgische Ges\u00e4nge &#8211; Philippe und Mikael Darmon\",\"datePublished\":\"2015-12-21T16:35:09+00:00\",\"dateModified\":\"2025-10-01T10:36:54+00:00\",\"mainEntityOfPage\":{\"@id\":\"https:\\\/\\\/www.iemj.org\\\/de\\\/chants-liturgiques-de-juifs-sepharades-philippe-darmon\\\/\"},\"wordCount\":215,\"publisher\":{\"@id\":\"https:\\\/\\\/www.iemj.org\\\/de\\\/#organization\"},\"image\":{\"@id\":\"https:\\\/\\\/www.iemj.org\\\/de\\\/chants-liturgiques-de-juifs-sepharades-philippe-darmon\\\/#primaryimage\"},\"thumbnailUrl\":\"https:\\\/\\\/www.iemj.org\\\/wp-content\\\/uploads\\\/2015\\\/12\\\/arton1327-e1644853829658.jpg\",\"keywords\":[\"Partner-Veranstaltungen\"],\"articleSection\":[\"Konzerte\"],\"inLanguage\":\"de\"},{\"@type\":\"WebPage\",\"@id\":\"https:\\\/\\\/www.iemj.org\\\/de\\\/chants-liturgiques-de-juifs-sepharades-philippe-darmon\\\/\",\"url\":\"https:\\\/\\\/www.iemj.org\\\/de\\\/chants-liturgiques-de-juifs-sepharades-philippe-darmon\\\/\",\"name\":\"Sephardische liturgische Ges\u00e4nge - Philippe und Mikael Darmon - Institut Europ\u00e9en des Musiques Juives\",\"isPartOf\":{\"@id\":\"https:\\\/\\\/www.iemj.org\\\/de\\\/#website\"},\"primaryImageOfPage\":{\"@id\":\"https:\\\/\\\/www.iemj.org\\\/de\\\/chants-liturgiques-de-juifs-sepharades-philippe-darmon\\\/#primaryimage\"},\"image\":{\"@id\":\"https:\\\/\\\/www.iemj.org\\\/de\\\/chants-liturgiques-de-juifs-sepharades-philippe-darmon\\\/#primaryimage\"},\"thumbnailUrl\":\"https:\\\/\\\/www.iemj.org\\\/wp-content\\\/uploads\\\/2015\\\/12\\\/arton1327-e1644853829658.jpg\",\"datePublished\":\"2015-12-21T16:35:09+00:00\",\"dateModified\":\"2025-10-01T10:36:54+00:00\",\"breadcrumb\":{\"@id\":\"https:\\\/\\\/www.iemj.org\\\/de\\\/chants-liturgiques-de-juifs-sepharades-philippe-darmon\\\/#breadcrumb\"},\"inLanguage\":\"de\",\"potentialAction\":[{\"@type\":\"ReadAction\",\"target\":[\"https:\\\/\\\/www.iemj.org\\\/de\\\/chants-liturgiques-de-juifs-sepharades-philippe-darmon\\\/\"]}]},{\"@type\":\"ImageObject\",\"inLanguage\":\"de\",\"@id\":\"https:\\\/\\\/www.iemj.org\\\/de\\\/chants-liturgiques-de-juifs-sepharades-philippe-darmon\\\/#primaryimage\",\"url\":\"https:\\\/\\\/www.iemj.org\\\/wp-content\\\/uploads\\\/2015\\\/12\\\/arton1327-e1644853829658.jpg\",\"contentUrl\":\"https:\\\/\\\/www.iemj.org\\\/wp-content\\\/uploads\\\/2015\\\/12\\\/arton1327-e1644853829658.jpg\",\"width\":252,\"height\":350},{\"@type\":\"BreadcrumbList\",\"@id\":\"https:\\\/\\\/www.iemj.org\\\/de\\\/chants-liturgiques-de-juifs-sepharades-philippe-darmon\\\/#breadcrumb\",\"itemListElement\":[{\"@type\":\"ListItem\",\"position\":1,\"name\":\"Accueil\",\"item\":\"https:\\\/\\\/www.iemj.org\\\/de\\\/\"},{\"@type\":\"ListItem\",\"position\":2,\"name\":\"Sephardische liturgische Ges\u00e4nge &#8211; Philippe und Mikael Darmon\"}]},{\"@type\":\"WebSite\",\"@id\":\"https:\\\/\\\/www.iemj.org\\\/de\\\/#website\",\"url\":\"https:\\\/\\\/www.iemj.org\\\/de\\\/\",\"name\":\"Institut Europ\u00e9en des Musiques Juives\",\"description\":\"Des traditions musicales \u00e0 la port\u00e9e de tous\",\"publisher\":{\"@id\":\"https:\\\/\\\/www.iemj.org\\\/de\\\/#organization\"},\"potentialAction\":[{\"@type\":\"SearchAction\",\"target\":{\"@type\":\"EntryPoint\",\"urlTemplate\":\"https:\\\/\\\/www.iemj.org\\\/de\\\/?s={search_term_string}\"},\"query-input\":{\"@type\":\"PropertyValueSpecification\",\"valueRequired\":true,\"valueName\":\"search_term_string\"}}],\"inLanguage\":\"de\"},{\"@type\":\"Organization\",\"@id\":\"https:\\\/\\\/www.iemj.org\\\/de\\\/#organization\",\"name\":\"Institut Europ\u00e9en des Musiques Juives\",\"url\":\"https:\\\/\\\/www.iemj.org\\\/de\\\/\",\"logo\":{\"@type\":\"ImageObject\",\"inLanguage\":\"de\",\"@id\":\"https:\\\/\\\/www.iemj.org\\\/de\\\/#\\\/schema\\\/logo\\\/image\\\/\",\"url\":\"https:\\\/\\\/www.iemj.org\\\/wp-content\\\/uploads\\\/2021\\\/09\\\/Logo-IEMJ-Paypal.jpg\",\"contentUrl\":\"https:\\\/\\\/www.iemj.org\\\/wp-content\\\/uploads\\\/2021\\\/09\\\/Logo-IEMJ-Paypal.jpg\",\"width\":150,\"height\":50,\"caption\":\"Institut Europ\u00e9en des Musiques Juives\"},\"image\":{\"@id\":\"https:\\\/\\\/www.iemj.org\\\/de\\\/#\\\/schema\\\/logo\\\/image\\\/\"},\"sameAs\":[\"https:\\\/\\\/www.facebook.com\\\/MusiquesJuives\\\/\",\"https:\\\/\\\/www.instagram.com\\\/musiquesjuives\\\/\",\"https:\\\/\\\/www.youtube.com\\\/user\\\/musiquesjuives\"]},{\"@type\":\"Person\",\"@id\":\"https:\\\/\\\/www.iemj.org\\\/de\\\/#\\\/schema\\\/person\\\/e2ad57f2c4be119c7ed8ab79036807a9\",\"name\":\"Lea Couderc\",\"image\":{\"@type\":\"ImageObject\",\"inLanguage\":\"de\",\"@id\":\"https:\\\/\\\/secure.gravatar.com\\\/avatar\\\/46ee021475d60aeff17a7e490b79dea5a5684bb392ab7fd1494027411df8ba23?s=96&d=mm&r=g\",\"url\":\"https:\\\/\\\/secure.gravatar.com\\\/avatar\\\/46ee021475d60aeff17a7e490b79dea5a5684bb392ab7fd1494027411df8ba23?s=96&d=mm&r=g\",\"contentUrl\":\"https:\\\/\\\/secure.gravatar.com\\\/avatar\\\/46ee021475d60aeff17a7e490b79dea5a5684bb392ab7fd1494027411df8ba23?s=96&d=mm&r=g\",\"caption\":\"Lea Couderc\"}}]}<\/script>\n<!-- \/ Yoast SEO plugin. -->","yoast_head_json":{"title":"Sephardische liturgische Ges\u00e4nge - Philippe und Mikael Darmon - Institut Europ\u00e9en des Musiques Juives","robots":{"index":"index","follow":"follow","max-snippet":"max-snippet:-1","max-image-preview":"max-image-preview:large","max-video-preview":"max-video-preview:-1"},"canonical":"https:\/\/www.iemj.org\/de\/chants-liturgiques-de-juifs-sepharades-philippe-darmon\/","og_locale":"de_DE","og_type":"article","og_title":"Sephardische liturgische Ges\u00e4nge - Philippe und Mikael Darmon - Institut Europ\u00e9en des Musiques Juives","og_url":"https:\/\/www.iemj.org\/de\/chants-liturgiques-de-juifs-sepharades-philippe-darmon\/","og_site_name":"Institut Europ\u00e9en des Musiques Juives","article_publisher":"https:\/\/www.facebook.com\/MusiquesJuives\/","article_published_time":"2015-12-21T16:35:09+00:00","article_modified_time":"2025-10-01T10:36:54+00:00","og_image":[{"width":252,"height":350,"url":"https:\/\/www.iemj.org\/wp-content\/uploads\/2015\/12\/arton1327-e1644853829658.jpg","type":"image\/jpeg"}],"author":"Lea Couderc","twitter_card":"summary_large_image","twitter_misc":{"Verfasst von":"Lea Couderc","Gesch\u00e4tzte Lesezeit":"2\u00a0Minuten"},"schema":{"@context":"https:\/\/schema.org","@graph":[{"@type":"Article","@id":"https:\/\/www.iemj.org\/de\/chants-liturgiques-de-juifs-sepharades-philippe-darmon\/#article","isPartOf":{"@id":"https:\/\/www.iemj.org\/de\/chants-liturgiques-de-juifs-sepharades-philippe-darmon\/"},"author":{"name":"Lea Couderc","@id":"https:\/\/www.iemj.org\/de\/#\/schema\/person\/e2ad57f2c4be119c7ed8ab79036807a9"},"headline":"Sephardische liturgische Ges\u00e4nge &#8211; Philippe und Mikael Darmon","datePublished":"2015-12-21T16:35:09+00:00","dateModified":"2025-10-01T10:36:54+00:00","mainEntityOfPage":{"@id":"https:\/\/www.iemj.org\/de\/chants-liturgiques-de-juifs-sepharades-philippe-darmon\/"},"wordCount":215,"publisher":{"@id":"https:\/\/www.iemj.org\/de\/#organization"},"image":{"@id":"https:\/\/www.iemj.org\/de\/chants-liturgiques-de-juifs-sepharades-philippe-darmon\/#primaryimage"},"thumbnailUrl":"https:\/\/www.iemj.org\/wp-content\/uploads\/2015\/12\/arton1327-e1644853829658.jpg","keywords":["Partner-Veranstaltungen"],"articleSection":["Konzerte"],"inLanguage":"de"},{"@type":"WebPage","@id":"https:\/\/www.iemj.org\/de\/chants-liturgiques-de-juifs-sepharades-philippe-darmon\/","url":"https:\/\/www.iemj.org\/de\/chants-liturgiques-de-juifs-sepharades-philippe-darmon\/","name":"Sephardische liturgische Ges\u00e4nge - Philippe und Mikael Darmon - Institut Europ\u00e9en des Musiques Juives","isPartOf":{"@id":"https:\/\/www.iemj.org\/de\/#website"},"primaryImageOfPage":{"@id":"https:\/\/www.iemj.org\/de\/chants-liturgiques-de-juifs-sepharades-philippe-darmon\/#primaryimage"},"image":{"@id":"https:\/\/www.iemj.org\/de\/chants-liturgiques-de-juifs-sepharades-philippe-darmon\/#primaryimage"},"thumbnailUrl":"https:\/\/www.iemj.org\/wp-content\/uploads\/2015\/12\/arton1327-e1644853829658.jpg","datePublished":"2015-12-21T16:35:09+00:00","dateModified":"2025-10-01T10:36:54+00:00","breadcrumb":{"@id":"https:\/\/www.iemj.org\/de\/chants-liturgiques-de-juifs-sepharades-philippe-darmon\/#breadcrumb"},"inLanguage":"de","potentialAction":[{"@type":"ReadAction","target":["https:\/\/www.iemj.org\/de\/chants-liturgiques-de-juifs-sepharades-philippe-darmon\/"]}]},{"@type":"ImageObject","inLanguage":"de","@id":"https:\/\/www.iemj.org\/de\/chants-liturgiques-de-juifs-sepharades-philippe-darmon\/#primaryimage","url":"https:\/\/www.iemj.org\/wp-content\/uploads\/2015\/12\/arton1327-e1644853829658.jpg","contentUrl":"https:\/\/www.iemj.org\/wp-content\/uploads\/2015\/12\/arton1327-e1644853829658.jpg","width":252,"height":350},{"@type":"BreadcrumbList","@id":"https:\/\/www.iemj.org\/de\/chants-liturgiques-de-juifs-sepharades-philippe-darmon\/#breadcrumb","itemListElement":[{"@type":"ListItem","position":1,"name":"Accueil","item":"https:\/\/www.iemj.org\/de\/"},{"@type":"ListItem","position":2,"name":"Sephardische liturgische Ges\u00e4nge &#8211; Philippe und Mikael Darmon"}]},{"@type":"WebSite","@id":"https:\/\/www.iemj.org\/de\/#website","url":"https:\/\/www.iemj.org\/de\/","name":"Institut Europ\u00e9en des Musiques Juives","description":"Des traditions musicales \u00e0 la port\u00e9e de tous","publisher":{"@id":"https:\/\/www.iemj.org\/de\/#organization"},"potentialAction":[{"@type":"SearchAction","target":{"@type":"EntryPoint","urlTemplate":"https:\/\/www.iemj.org\/de\/?s={search_term_string}"},"query-input":{"@type":"PropertyValueSpecification","valueRequired":true,"valueName":"search_term_string"}}],"inLanguage":"de"},{"@type":"Organization","@id":"https:\/\/www.iemj.org\/de\/#organization","name":"Institut Europ\u00e9en des Musiques Juives","url":"https:\/\/www.iemj.org\/de\/","logo":{"@type":"ImageObject","inLanguage":"de","@id":"https:\/\/www.iemj.org\/de\/#\/schema\/logo\/image\/","url":"https:\/\/www.iemj.org\/wp-content\/uploads\/2021\/09\/Logo-IEMJ-Paypal.jpg","contentUrl":"https:\/\/www.iemj.org\/wp-content\/uploads\/2021\/09\/Logo-IEMJ-Paypal.jpg","width":150,"height":50,"caption":"Institut Europ\u00e9en des Musiques Juives"},"image":{"@id":"https:\/\/www.iemj.org\/de\/#\/schema\/logo\/image\/"},"sameAs":["https:\/\/www.facebook.com\/MusiquesJuives\/","https:\/\/www.instagram.com\/musiquesjuives\/","https:\/\/www.youtube.com\/user\/musiquesjuives"]},{"@type":"Person","@id":"https:\/\/www.iemj.org\/de\/#\/schema\/person\/e2ad57f2c4be119c7ed8ab79036807a9","name":"Lea Couderc","image":{"@type":"ImageObject","inLanguage":"de","@id":"https:\/\/secure.gravatar.com\/avatar\/46ee021475d60aeff17a7e490b79dea5a5684bb392ab7fd1494027411df8ba23?s=96&d=mm&r=g","url":"https:\/\/secure.gravatar.com\/avatar\/46ee021475d60aeff17a7e490b79dea5a5684bb392ab7fd1494027411df8ba23?s=96&d=mm&r=g","contentUrl":"https:\/\/secure.gravatar.com\/avatar\/46ee021475d60aeff17a7e490b79dea5a5684bb392ab7fd1494027411df8ba23?s=96&d=mm&r=g","caption":"Lea Couderc"}}]}},"_links":{"self":[{"href":"https:\/\/www.iemj.org\/de\/wp-json\/wp\/v2\/posts\/80726","targetHints":{"allow":["GET"]}}],"collection":[{"href":"https:\/\/www.iemj.org\/de\/wp-json\/wp\/v2\/posts"}],"about":[{"href":"https:\/\/www.iemj.org\/de\/wp-json\/wp\/v2\/types\/post"}],"author":[{"embeddable":true,"href":"https:\/\/www.iemj.org\/de\/wp-json\/wp\/v2\/users\/1052"}],"replies":[{"embeddable":true,"href":"https:\/\/www.iemj.org\/de\/wp-json\/wp\/v2\/comments?post=80726"}],"version-history":[{"count":2,"href":"https:\/\/www.iemj.org\/de\/wp-json\/wp\/v2\/posts\/80726\/revisions"}],"predecessor-version":[{"id":126218,"href":"https:\/\/www.iemj.org\/de\/wp-json\/wp\/v2\/posts\/80726\/revisions\/126218"}],"wp:featuredmedia":[{"embeddable":true,"href":"https:\/\/www.iemj.org\/de\/wp-json\/wp\/v2\/media\/80727"}],"wp:attachment":[{"href":"https:\/\/www.iemj.org\/de\/wp-json\/wp\/v2\/media?parent=80726"}],"wp:term":[{"taxonomy":"category","embeddable":true,"href":"https:\/\/www.iemj.org\/de\/wp-json\/wp\/v2\/categories?post=80726"},{"taxonomy":"post_tag","embeddable":true,"href":"https:\/\/www.iemj.org\/de\/wp-json\/wp\/v2\/tags?post=80726"},{"taxonomy":"technique","embeddable":true,"href":"https:\/\/www.iemj.org\/de\/wp-json\/wp\/v2\/technique?post=80726"},{"taxonomy":"squelettes","embeddable":true,"href":"https:\/\/www.iemj.org\/de\/wp-json\/wp\/v2\/squelettes?post=80726"},{"taxonomy":"sujet","embeddable":true,"href":"https:\/\/www.iemj.org\/de\/wp-json\/wp\/v2\/sujet?post=80726"},{"taxonomy":"formation","embeddable":true,"href":"https:\/\/www.iemj.org\/de\/wp-json\/wp\/v2\/formation?post=80726"},{"taxonomy":"genre","embeddable":true,"href":"https:\/\/www.iemj.org\/de\/wp-json\/wp\/v2\/genre?post=80726"},{"taxonomy":"fonds","embeddable":true,"href":"https:\/\/www.iemj.org\/de\/wp-json\/wp\/v2\/fonds?post=80726"},{"taxonomy":"tradition","embeddable":true,"href":"https:\/\/www.iemj.org\/de\/wp-json\/wp\/v2\/tradition?post=80726"},{"taxonomy":"type-de-contenu","embeddable":true,"href":"https:\/\/www.iemj.org\/de\/wp-json\/wp\/v2\/type-de-contenu?post=80726"},{"taxonomy":"interprete-compositeur","embeddable":true,"href":"https:\/\/www.iemj.org\/de\/wp-json\/wp\/v2\/interprete-compositeur?post=80726"},{"taxonomy":"frise","embeddable":true,"href":"https:\/\/www.iemj.org\/de\/wp-json\/wp\/v2\/frise?post=80726"},{"taxonomy":"type-devenement","embeddable":true,"href":"https:\/\/www.iemj.org\/de\/wp-json\/wp\/v2\/type-devenement?post=80726"},{"taxonomy":"tableaux-liens-externes","embeddable":true,"href":"https:\/\/www.iemj.org\/de\/wp-json\/wp\/v2\/tableaux-liens-externes?post=80726"}],"curies":[{"name":"wp","href":"https:\/\/api.w.org\/{rel}","templated":true}]}}