{"id":81074,"date":"2021-12-13T16:12:13","date_gmt":"2021-12-13T15:12:13","guid":{"rendered":"https:\/\/www.iemj.org\/tounsi-el-kahlaoui-1932-2000\/"},"modified":"2022-09-12T15:05:17","modified_gmt":"2022-09-12T13:05:17","slug":"tounsi-el-kahlaoui-1932-2000","status":"publish","type":"post","link":"https:\/\/www.iemj.org\/de\/tounsi-el-kahlaoui-1932-2000\/","title":{"rendered":"Tounsi, El Kahlaoui (1932-2000)"},"content":{"rendered":"<p style=\"background: white; margin: 0cm 0cm 11.25pt 0cm;\"><span style=\"font-family: 'Arial','sans-serif';\">El Kahlaoui Tounsi, der eigentlich Elie Touitou hie\u00df, wurde am 24. Januar 1932 in Tunis geboren. Er verbrachte seine Kindheit in den Volksvierteln, in denen es eine starke k\u00fcnstlerische Aktivit\u00e4t gab, und f\u00fchlte sich schon fr\u00fch zu Musik und Gesang hingezogen, wobei er eine Vorliebe f\u00fcr Rhythmus, Perkussion und das Spiel auf der Darbuka hatte.<\/span><\/p>\n<p style=\"background: white; margin: 0cm 0cm 11.25pt 0cm;\"><span style=\"font-family: 'Arial','sans-serif'; color: #171717;\">Als der \u00e4gyptische Film <em><span style=\"font-family: 'Arial','sans-serif';\">Rabha\u00a0<\/span><\/em>in Tunis gezeigt wird, ist das Lied <em><span style=\"font-family: 'Arial','sans-serif';\">Fadlak Ya Sayeg El Matar,<\/span><\/em>\u00a0gesungen von dem \u00e4gyptischen S\u00e4nger <b>Mohamed El Kahlaoui<\/b>, ein gro\u00dfer Erfolg. Der junge Elie war begeistert, lernte das Lied und sang es bei verschiedenen Gelegenheiten. Daraufhin wurde er von Freunden dazu ermutigt, sich beim tunesischen Radio zu bewerben. \u00c9lie interpretierte dieses Lied vollst\u00e4ndig und wurde von Abdelaziz Laroui, dem Moderator der Sendung <i>Le Coin des Amateurs<\/i>, ermutigt, ab sofort den Namen \u201eEl Kahlaoui Tounsi&#8220; zu tragen.<\/span><\/p>\n<p style=\"background: white; margin: 0cm 0cm 11.25pt 0cm;\"><span style=\"font-family: 'Arial','sans-serif'; color: #171717;\"><em style=\"box-sizing: border-box;\"><span style=\"font-family: 'Arial','sans-serif';\"><img fetchpriority=\"high\" decoding=\"async\" class=\"wp-image-74622  alignright\" src=\"https:\/\/www.iemj.org\/wp-content\/uploads\/2021\/12\/K7_1706_COUV-e1639411327809-edited.jpg\" alt=\"\" width=\"186\" height=\"308\" srcset=\"https:\/\/www.iemj.org\/wp-content\/uploads\/2021\/12\/K7_1706_COUV-e1639411327809-edited.jpg 211w, https:\/\/www.iemj.org\/wp-content\/uploads\/2021\/12\/K7_1706_COUV-e1639411327809-edited-181x300.jpg 181w\" sizes=\"(max-width: 186px) 100vw, 186px\" \/><\/span><\/em>El Kahlaoui Tounsi begann also mit dem Singen und trat mit den damals bekannten Truppen wie <strong>Kakino De Paz<\/strong>,\u00a0<strong>Cheikh El Asram<\/strong>\u00a0und vielen anderen auf. Er erlangte Ber\u00fchmtheit und gewann die Zustimmung des Publikums. Durch seine Anf\u00e4nge mit orientalischen Liedern, neben tunesischen Liedern, konnte er sich ein breites Repertoire aufbauen. Auf seinen Tourneen im Ausland stellt er das traditionelle und popul\u00e4re tunesische Lied in den Vordergrund.<\/span><\/p>\n<p style=\"background: white; margin: 0cm 0cm 11.25pt 0cm;\"><span style=\"font-family: 'Arial','sans-serif'; color: #171717;\">Ende 1948 reiste er nach Paris, um als Perkussionist bei den Peters Sisters im Folies Berg\u00e8re zu arbeiten, und versuchte so sein erstes musikalisches Experiment in Frankreich. 1949 kehrte er nach Tunesien zur\u00fcck, wo er orientalische Musik mit der damals angesagten Musik, dem Jazz, vermischte. Um seine Rhythmuskenntnisse zu vervollkommnen, reiste er durch Nordafrika, von Algerien bis Libyen.<\/span><\/p>\n<p style=\"background: white; box-sizing: border-box; margin: 0cm 0cm 11.25pt 0cm;\"><span style=\"font-family: 'Arial','sans-serif'; color: #171717;\"><img decoding=\"async\" class=\"wp-image-74600  alignleft\" src=\"https:\/\/www.iemj.org\/wp-content\/uploads\/2021\/12\/D45-17_74_COUV-e1643715058324.jpg\" alt=\"\" width=\"200\" height=\"200\" \/><\/span><span style=\"font-family: 'Arial','sans-serif'; color: #171717;\">Als El Kahlaoui Tounsi Ende 1951 wieder nach Paris kam, lie\u00df er sich im Cabaret El Djaza\u00efr im Quartier Latin anstellen. Dort blieb er zwei Jahre lang als S\u00e4nger und Perkussionist. Er beteiligte sich an zahlreichen Aufnahmen f\u00fcr den franz\u00f6sischen Rundfunk mit mehreren algerischen, kabylischen, marokkanischen, tunesischen und franz\u00f6sischen Truppen. Er nahm auch eine Vielzahl von Liedern unter verschiedenen Labels auf: Path\u00e9 Marconi, Philips, Teppaz, Barclay und Dounia, das er 1960 aufkaufte.<\/span><\/p>\n<p>1953 trat er dem tunesischen Rundfunk als Schlagzeuger-Perkussionist im philharmonisches Orchester bei. Um seine musikalischen Kenntnisse zu vervollkommnen, trat er in der Zwischenzeit sporadisch Folkloregruppen bei, die auf Beduinenmusik spezialisiert waren, \u201estambali et rebaibia\u201c, deren spezifische Instrumente \u2013Zokra, Mezwed, Bendir, Darbuka und Chkacheks \u2013 einen f\u00fcr das uralte Beduinen-Tunesien repr\u00e4sentativen Klang boten.<\/p>\n<p style=\"background: white; margin: 0cm 0cm 11.25pt 0cm;\"><span style=\"font-family: 'Arial','sans-serif'; color: #171717;\"><img decoding=\"async\" class=\"wp-image-74595 alignright\" src=\"https:\/\/www.iemj.org\/wp-content\/uploads\/2021\/12\/D45-17_73_COUV-150x150.jpg\" alt=\"\" width=\"195\" height=\"195\" srcset=\"https:\/\/www.iemj.org\/wp-content\/uploads\/2021\/12\/D45-17_73_COUV-150x150.jpg 150w, https:\/\/www.iemj.org\/wp-content\/uploads\/2021\/12\/D45-17_73_COUV-300x300.jpg 300w, https:\/\/www.iemj.org\/wp-content\/uploads\/2021\/12\/D45-17_73_COUV-1024x1018.jpg 1024w, https:\/\/www.iemj.org\/wp-content\/uploads\/2021\/12\/D45-17_73_COUV-768x764.jpg 768w, https:\/\/www.iemj.org\/wp-content\/uploads\/2021\/12\/D45-17_73_COUV-1536x1527.jpg 1536w, https:\/\/www.iemj.org\/wp-content\/uploads\/2021\/12\/D45-17_73_COUV-2048x2036.jpg 2048w, https:\/\/www.iemj.org\/wp-content\/uploads\/2021\/12\/D45-17_73_COUV-600x597.jpg 600w, https:\/\/www.iemj.org\/wp-content\/uploads\/2021\/12\/D45-17_73_COUV-100x100.jpg 100w\" sizes=\"(max-width: 195px) 100vw, 195px\" \/><\/span><span style=\"font-family: 'Arial','sans-serif';\">Nach einer Tournee durch die USA lie\u00df er sich 1954 mit seiner Familie in Paris nieder, wo er seine erste 45 U\/min ver\u00f6ffentlichte. Er setzte seine Reisen nach Japan, Australien, Schwarzafrika, Algerien, Marokko und in alle europ\u00e4ischen L\u00e4nder fort und initiierte und verbreitete das Lied und die tunesische Kunst, insbesondere die des \u201eArubi&#8220;, einer Art vormusikalischer Beschw\u00f6rung, die ihre Wurzeln in der andalusischen Tradition hat, die \u00fcber Jahrhunderte hinweg von sephardischen Geschichtenerz\u00e4hlern weitergegeben wurde.<\/span><\/p>\n<p style=\"background: white; margin: 0cm 0cm 11.25pt 0cm;\"><span style=\"font-family: 'Arial','sans-serif'; color: #171717;\">El Kahlaoui Tounsi komponierte f\u00fcr zahlreiche tunesische, marokkanische und libanesische K\u00fcnstler. Er f\u00f6rderte insbesondere die Entwicklung einer jungen algerischen S\u00e4ngerin, die sp\u00e4ter unter dem Namen Warda zum Star wurde.<\/span><\/p>\n<p style=\"background: white; margin: 0cm 0cm 11.25pt 0cm;\"><span style=\"font-family: 'Arial','sans-serif'; color: #171717;\">Als Gr\u00fcnder eines gro\u00dfen Orchesters empfing Kahlaoui regelm\u00e4\u00dfig die meisten Stars der arabischen Welt, die in Frankreich auftreten wollten: den Libanesen Wadih El Safi, den \u00c4gypter Ahmed Adaweya, den Syrer Sabah Fahkri und den Tunesier Ahmed Hamza.<\/span><\/p>\n<p><span style=\"font-family: 'Arial','sans-serif'; color: #171717;\"><img loading=\"lazy\" decoding=\"async\" class=\"wp-image-74575 alignleft\" src=\"https:\/\/www.iemj.org\/wp-content\/uploads\/2021\/12\/D33-30_1027_COUV-150x150.jpg\" alt=\"\" width=\"213\" height=\"213\" srcset=\"https:\/\/www.iemj.org\/wp-content\/uploads\/2021\/12\/D33-30_1027_COUV-150x150.jpg 150w, https:\/\/www.iemj.org\/wp-content\/uploads\/2021\/12\/D33-30_1027_COUV-300x300.jpg 300w, https:\/\/www.iemj.org\/wp-content\/uploads\/2021\/12\/D33-30_1027_COUV-100x100.jpg 100w\" sizes=\"(max-width: 213px) 100vw, 213px\" \/><\/span><span style=\"font-family: 'Arial','sans-serif'; color: #171717;\">Er spielte mit seinem Freund Enrico Macias auf der B\u00fchne des Olympia und nahm bei seinem Label Dounia die meisten j\u00fcdischen und arabischen K\u00fcnstler unter Vertrag, darunter Raoul Journo, Line Monty, Ren\u00e9 Perez, Reinette l&#8217;Oranaise, Blond Blond &#8230; oder auch den ber\u00fchmten Farid El Atrache, mit dem er eine enge Freundschaft schloss. <\/span><\/p>\n<p style=\"background: white; margin: 0cm 0cm 11.25pt 0cm;\"><span style=\"font-family: 'Arial','sans-serif'; color: #171717;\">Der erfolgreiche Autor und Komponist El Kahlaoui Tounsi (500 Lieder in seinem Gesamtrepertoire, 230 davon sind von ihm selbst geschrieben und 150 von ihm komponiert und arrangiert) ist auch ein gewiefter Gesch\u00e4ftsmann. Er besa\u00df bereits ein Plattenlabel und eine Plattenfirma und kaufte 1975 eine erste Veranstaltungshalle, das Palais Berg\u00e8re, und 1976 eine zweite, Le Bataclan. 1977 kaufte er au\u00dferdem ein kleines Aufnahmestudio&#8230;<\/span><\/p>\n<p>Parallel dazu wurde er zum bevorzugten Partner von Komponisten wie Vladimir Cosma, Michel Legrand, Georges Delerue usw., sobald ein Filmsoundtrack eine orientalische Musik erforderte. Es folgten etwa 15 Filme, darunter:\u00a0<em>Le Bal des maudits (Die jungen L\u00f6wen), L\u2019homme et l\u2019enfant (<\/em><em>Gangster, Rauschgift und Blondinen)<\/em><em>, Le <span style=\"color: #000000;\">grand<\/span> jeu (Die letzte Etappe), La folie des grandeurs (Die dummen Streiche der Reichen), Ali Baba et les 40 voleurs (Ali Baba)\u2026<\/em><\/p>\n<p><img loading=\"lazy\" decoding=\"async\" class=\"wp-image-74605 alignright\" src=\"https:\/\/www.iemj.org\/wp-content\/uploads\/2021\/12\/D45-17_242_COUV-150x150.jpg\" alt=\"\" width=\"200\" height=\"200\" srcset=\"https:\/\/www.iemj.org\/wp-content\/uploads\/2021\/12\/D45-17_242_COUV-150x150.jpg 150w, https:\/\/www.iemj.org\/wp-content\/uploads\/2021\/12\/D45-17_242_COUV-300x300.jpg 300w, https:\/\/www.iemj.org\/wp-content\/uploads\/2021\/12\/D45-17_242_COUV-1024x1024.jpg 1024w, https:\/\/www.iemj.org\/wp-content\/uploads\/2021\/12\/D45-17_242_COUV-768x769.jpg 768w, https:\/\/www.iemj.org\/wp-content\/uploads\/2021\/12\/D45-17_242_COUV-600x601.jpg 600w, https:\/\/www.iemj.org\/wp-content\/uploads\/2021\/12\/D45-17_242_COUV-100x100.jpg 100w, https:\/\/www.iemj.org\/wp-content\/uploads\/2021\/12\/D45-17_242_COUV.jpg 1392w\" sizes=\"(max-width: 200px) 100vw, 200px\" \/><\/p>\n<p><span style=\"font-family: 'Arial','sans-serif'; color: #171717;\">El Kahlaoui Tounsi z\u00e4hlt zu den Meistern der Musik und des Gesangs der tunesisch-j\u00fcdischen Gemeinschaft im zwanzigsten Jahrhundert wie Raoul Journo, Hana Rached und ihre Vorg\u00e4nger Scheich El Afrit, Habiba Messika oder Mouni Jebali.<\/span><\/p>\n<p>El Kahlaoui Tounsi ist neben Raoul Journo der einzige tunesisch-j\u00fcdische K\u00fcnstler, der f\u00fcr seinen Beitrag zur j\u00fcdisch-tunesischen Musik ausgezeichnet wurde, sowohl in seinem Heimatland Tunesien als auch in Israel und Frankreich, wo er die \u201eM\u00e9daille de Chevalier des Arts et Lettres\u201c (Ritter-Medaille der K\u00fcnste und Literatur) erhielt. \u00a0<\/p>\n<p><b>Quelle<\/b>:<br \/>Bernard Allali, \u00ab El Kahlaoui Tounsi, musicien et producteur\u00a0\u00bb, <em>Je Chante magazine n\u00b012<\/em>, janvier 2016<\/p>\n<p><a href=\"http:\/\/www.rachelnet.net\/F\/?func=find-c&amp;ccl_term=WAAU+%3D+Kahlaoui+Tounsi+OU+WACM+%3D+Kahlaoui+Tounsi+OU+WAMS+%3D+Kahlaoui+Tounsi+OU+WAMU+%3D+Kahlaoui+Tounsi&amp;local_base=iemcg\" target=\"_blank\" rel=\"noopener\"><strong>Greifen Sie auf unsere Archive \u00fcber El Kahlaoui Tounsi zu<\/strong><\/a><\/p>\n<p><a href=\"https:\/\/www.iemj.org\/de\/el-kahlaoui-tounsi\/\" target=\"_blank\" rel=\"noopener\"><strong>H\u00f6ren Sie die Playlist: El Kahlaoui Tounsi<\/strong><\/a><\/p>\n<p><a href=\"https:\/\/www.iemj.org\/de\/le-label-dounia\/\" target=\"_blank\" rel=\"noopener\"><strong>Mehr \u00fcber das Dounia-Label<\/strong><\/a><\/p>\n\n\n<div class=\"wp-block-columns is-layout-flex wp-container-core-columns-is-layout-9d6595d7 wp-block-columns-is-layout-flex\">\n<div class=\"wp-block-column is-layout-flow wp-block-column-is-layout-flow\">\n<figure class=\"wp-block-video\"><video height=\"720\" style=\"aspect-ratio: 1280 \/ 720;\" width=\"1280\" controls poster=\"https:\/\/www.iemj.org\/wp-content\/uploads\/2021\/12\/Capture-video-V_114_EX.jpg\" src=\"https:\/\/www.iemj.org\/wp-content\/uploads\/2021\/12\/V_114_EX.m4v\"><\/video><figcaption><strong><strong><strong>Sehen Sie sich einen Videoausschnitt aus unseren Sammlungen von El Kahlaoui Tounsi bei einem seiner Konzerte im Bataclan an.<\/strong><\/strong><\/strong><\/figcaption><\/figure>\n<\/div>\n<\/div>\n","protected":false},"excerpt":{"rendered":"<p>El Kahlaoui Tounsi, der eigentlich Elie Touitou hie\u00df, wurde am 24. Januar 1932 in Tunis geboren. Er verbrachte seine Kindheit in den Volksvierteln, in denen es eine starke k\u00fcnstlerische Aktivit\u00e4t<\/p>\n","protected":false},"author":1048,"featured_media":74533,"comment_status":"closed","ping_status":"closed","sticky":false,"template":"","format":"standard","meta":{"_acf_changed":false,"footnotes":""},"categories":[1415],"tags":[],"technique":[],"squelettes":[],"sujet":[],"formation":[],"genre":[1914],"fonds":[],"tradition":[],"type-de-contenu":[],"interprete-compositeur":[],"frise":[],"type-devenement":[],"tableaux-liens-externes":[],"class_list":["post-81074","post","type-post","status-publish","format-standard","has-post-thumbnail","hentry","category-biografien-de","genre-oriental-de"],"acf":[],"yoast_head":"<!-- This site is optimized with the Yoast SEO plugin v27.3 - https:\/\/yoast.com\/product\/yoast-seo-wordpress\/ -->\n<title>Tounsi, El Kahlaoui (1932-2000) - Institut Europ\u00e9en des Musiques Juives<\/title>\n<meta name=\"robots\" content=\"index, follow, max-snippet:-1, max-image-preview:large, max-video-preview:-1\" \/>\n<link rel=\"canonical\" href=\"https:\/\/www.iemj.org\/de\/tounsi-el-kahlaoui-1932-2000\/\" \/>\n<meta property=\"og:locale\" content=\"de_DE\" \/>\n<meta property=\"og:type\" content=\"article\" \/>\n<meta property=\"og:title\" content=\"Tounsi, El Kahlaoui (1932-2000) - Institut Europ\u00e9en des Musiques Juives\" \/>\n<meta property=\"og:description\" content=\"El Kahlaoui Tounsi, der eigentlich Elie Touitou hie\u00df, wurde am 24. Januar 1932 in Tunis geboren. Er verbrachte seine Kindheit in den Volksvierteln, in denen es eine starke k\u00fcnstlerische Aktivit\u00e4t\" \/>\n<meta property=\"og:url\" content=\"https:\/\/www.iemj.org\/de\/tounsi-el-kahlaoui-1932-2000\/\" \/>\n<meta property=\"og:site_name\" content=\"Institut Europ\u00e9en des Musiques Juives\" \/>\n<meta property=\"article:publisher\" content=\"https:\/\/www.facebook.com\/MusiquesJuives\/\" \/>\n<meta property=\"article:published_time\" content=\"2021-12-13T15:12:13+00:00\" \/>\n<meta property=\"article:modified_time\" content=\"2022-09-12T13:05:17+00:00\" \/>\n<meta property=\"og:image\" content=\"https:\/\/www.iemj.org\/wp-content\/uploads\/2021\/12\/Logo-e1645367647296.jpg\" \/>\n\t<meta property=\"og:image:width\" content=\"202\" \/>\n\t<meta property=\"og:image:height\" content=\"218\" \/>\n\t<meta property=\"og:image:type\" content=\"image\/jpeg\" \/>\n<meta name=\"author\" content=\"Jean-Gabriel Davis\" \/>\n<meta name=\"twitter:card\" content=\"summary_large_image\" \/>\n<meta name=\"twitter:label1\" content=\"Verfasst von\" \/>\n\t<meta name=\"twitter:data1\" content=\"Jean-Gabriel Davis\" \/>\n\t<meta name=\"twitter:label2\" content=\"Gesch\u00e4tzte Lesezeit\" \/>\n\t<meta name=\"twitter:data2\" content=\"6\u00a0Minuten\" \/>\n<script type=\"application\/ld+json\" class=\"yoast-schema-graph\">{\"@context\":\"https:\\\/\\\/schema.org\",\"@graph\":[{\"@type\":\"Article\",\"@id\":\"https:\\\/\\\/www.iemj.org\\\/de\\\/tounsi-el-kahlaoui-1932-2000\\\/#article\",\"isPartOf\":{\"@id\":\"https:\\\/\\\/www.iemj.org\\\/de\\\/tounsi-el-kahlaoui-1932-2000\\\/\"},\"author\":{\"name\":\"Jean-Gabriel Davis\",\"@id\":\"https:\\\/\\\/www.iemj.org\\\/de\\\/#\\\/schema\\\/person\\\/c9bc1c386a3749579a2d675e72a18666\"},\"headline\":\"Tounsi, El Kahlaoui (1932-2000)\",\"datePublished\":\"2021-12-13T15:12:13+00:00\",\"dateModified\":\"2022-09-12T13:05:17+00:00\",\"mainEntityOfPage\":{\"@id\":\"https:\\\/\\\/www.iemj.org\\\/de\\\/tounsi-el-kahlaoui-1932-2000\\\/\"},\"wordCount\":883,\"publisher\":{\"@id\":\"https:\\\/\\\/www.iemj.org\\\/de\\\/#organization\"},\"image\":{\"@id\":\"https:\\\/\\\/www.iemj.org\\\/de\\\/tounsi-el-kahlaoui-1932-2000\\\/#primaryimage\"},\"thumbnailUrl\":\"https:\\\/\\\/www.iemj.org\\\/wp-content\\\/uploads\\\/2021\\\/12\\\/Logo-e1645367647296.jpg\",\"articleSection\":[\"Biografien\"],\"inLanguage\":\"de\"},{\"@type\":\"WebPage\",\"@id\":\"https:\\\/\\\/www.iemj.org\\\/de\\\/tounsi-el-kahlaoui-1932-2000\\\/\",\"url\":\"https:\\\/\\\/www.iemj.org\\\/de\\\/tounsi-el-kahlaoui-1932-2000\\\/\",\"name\":\"Tounsi, El Kahlaoui (1932-2000) - Institut Europ\u00e9en des Musiques Juives\",\"isPartOf\":{\"@id\":\"https:\\\/\\\/www.iemj.org\\\/de\\\/#website\"},\"primaryImageOfPage\":{\"@id\":\"https:\\\/\\\/www.iemj.org\\\/de\\\/tounsi-el-kahlaoui-1932-2000\\\/#primaryimage\"},\"image\":{\"@id\":\"https:\\\/\\\/www.iemj.org\\\/de\\\/tounsi-el-kahlaoui-1932-2000\\\/#primaryimage\"},\"thumbnailUrl\":\"https:\\\/\\\/www.iemj.org\\\/wp-content\\\/uploads\\\/2021\\\/12\\\/Logo-e1645367647296.jpg\",\"datePublished\":\"2021-12-13T15:12:13+00:00\",\"dateModified\":\"2022-09-12T13:05:17+00:00\",\"breadcrumb\":{\"@id\":\"https:\\\/\\\/www.iemj.org\\\/de\\\/tounsi-el-kahlaoui-1932-2000\\\/#breadcrumb\"},\"inLanguage\":\"de\",\"potentialAction\":[{\"@type\":\"ReadAction\",\"target\":[\"https:\\\/\\\/www.iemj.org\\\/de\\\/tounsi-el-kahlaoui-1932-2000\\\/\"]}]},{\"@type\":\"ImageObject\",\"inLanguage\":\"de\",\"@id\":\"https:\\\/\\\/www.iemj.org\\\/de\\\/tounsi-el-kahlaoui-1932-2000\\\/#primaryimage\",\"url\":\"https:\\\/\\\/www.iemj.org\\\/wp-content\\\/uploads\\\/2021\\\/12\\\/Logo-e1645367647296.jpg\",\"contentUrl\":\"https:\\\/\\\/www.iemj.org\\\/wp-content\\\/uploads\\\/2021\\\/12\\\/Logo-e1645367647296.jpg\",\"width\":202,\"height\":218},{\"@type\":\"BreadcrumbList\",\"@id\":\"https:\\\/\\\/www.iemj.org\\\/de\\\/tounsi-el-kahlaoui-1932-2000\\\/#breadcrumb\",\"itemListElement\":[{\"@type\":\"ListItem\",\"position\":1,\"name\":\"Accueil\",\"item\":\"https:\\\/\\\/www.iemj.org\\\/de\\\/\"},{\"@type\":\"ListItem\",\"position\":2,\"name\":\"Tounsi, El Kahlaoui (1932-2000)\"}]},{\"@type\":\"WebSite\",\"@id\":\"https:\\\/\\\/www.iemj.org\\\/de\\\/#website\",\"url\":\"https:\\\/\\\/www.iemj.org\\\/de\\\/\",\"name\":\"Institut Europ\u00e9en des Musiques Juives\",\"description\":\"Des traditions musicales \u00e0 la port\u00e9e de tous\",\"publisher\":{\"@id\":\"https:\\\/\\\/www.iemj.org\\\/de\\\/#organization\"},\"potentialAction\":[{\"@type\":\"SearchAction\",\"target\":{\"@type\":\"EntryPoint\",\"urlTemplate\":\"https:\\\/\\\/www.iemj.org\\\/de\\\/?s={search_term_string}\"},\"query-input\":{\"@type\":\"PropertyValueSpecification\",\"valueRequired\":true,\"valueName\":\"search_term_string\"}}],\"inLanguage\":\"de\"},{\"@type\":\"Organization\",\"@id\":\"https:\\\/\\\/www.iemj.org\\\/de\\\/#organization\",\"name\":\"Institut Europ\u00e9en des Musiques Juives\",\"url\":\"https:\\\/\\\/www.iemj.org\\\/de\\\/\",\"logo\":{\"@type\":\"ImageObject\",\"inLanguage\":\"de\",\"@id\":\"https:\\\/\\\/www.iemj.org\\\/de\\\/#\\\/schema\\\/logo\\\/image\\\/\",\"url\":\"https:\\\/\\\/www.iemj.org\\\/wp-content\\\/uploads\\\/2021\\\/09\\\/Logo-IEMJ-Paypal.jpg\",\"contentUrl\":\"https:\\\/\\\/www.iemj.org\\\/wp-content\\\/uploads\\\/2021\\\/09\\\/Logo-IEMJ-Paypal.jpg\",\"width\":150,\"height\":50,\"caption\":\"Institut Europ\u00e9en des Musiques Juives\"},\"image\":{\"@id\":\"https:\\\/\\\/www.iemj.org\\\/de\\\/#\\\/schema\\\/logo\\\/image\\\/\"},\"sameAs\":[\"https:\\\/\\\/www.facebook.com\\\/MusiquesJuives\\\/\",\"https:\\\/\\\/www.instagram.com\\\/musiquesjuives\\\/\",\"https:\\\/\\\/www.youtube.com\\\/user\\\/musiquesjuives\"]},{\"@type\":\"Person\",\"@id\":\"https:\\\/\\\/www.iemj.org\\\/de\\\/#\\\/schema\\\/person\\\/c9bc1c386a3749579a2d675e72a18666\",\"name\":\"Jean-Gabriel Davis\",\"image\":{\"@type\":\"ImageObject\",\"inLanguage\":\"de\",\"@id\":\"https:\\\/\\\/secure.gravatar.com\\\/avatar\\\/2b90d67bdf392c9b3a21fab87c0fa7edaf1fb3a058172a1ffd61033fcec7aec1?s=96&d=mm&r=g\",\"url\":\"https:\\\/\\\/secure.gravatar.com\\\/avatar\\\/2b90d67bdf392c9b3a21fab87c0fa7edaf1fb3a058172a1ffd61033fcec7aec1?s=96&d=mm&r=g\",\"contentUrl\":\"https:\\\/\\\/secure.gravatar.com\\\/avatar\\\/2b90d67bdf392c9b3a21fab87c0fa7edaf1fb3a058172a1ffd61033fcec7aec1?s=96&d=mm&r=g\",\"caption\":\"Jean-Gabriel Davis\"}}]}<\/script>\n<!-- \/ Yoast SEO plugin. -->","yoast_head_json":{"title":"Tounsi, El Kahlaoui (1932-2000) - Institut Europ\u00e9en des Musiques Juives","robots":{"index":"index","follow":"follow","max-snippet":"max-snippet:-1","max-image-preview":"max-image-preview:large","max-video-preview":"max-video-preview:-1"},"canonical":"https:\/\/www.iemj.org\/de\/tounsi-el-kahlaoui-1932-2000\/","og_locale":"de_DE","og_type":"article","og_title":"Tounsi, El Kahlaoui (1932-2000) - Institut Europ\u00e9en des Musiques Juives","og_description":"El Kahlaoui Tounsi, der eigentlich Elie Touitou hie\u00df, wurde am 24. Januar 1932 in Tunis geboren. Er verbrachte seine Kindheit in den Volksvierteln, in denen es eine starke k\u00fcnstlerische Aktivit\u00e4t","og_url":"https:\/\/www.iemj.org\/de\/tounsi-el-kahlaoui-1932-2000\/","og_site_name":"Institut Europ\u00e9en des Musiques Juives","article_publisher":"https:\/\/www.facebook.com\/MusiquesJuives\/","article_published_time":"2021-12-13T15:12:13+00:00","article_modified_time":"2022-09-12T13:05:17+00:00","og_image":[{"width":202,"height":218,"url":"https:\/\/www.iemj.org\/wp-content\/uploads\/2021\/12\/Logo-e1645367647296.jpg","type":"image\/jpeg"}],"author":"Jean-Gabriel Davis","twitter_card":"summary_large_image","twitter_misc":{"Verfasst von":"Jean-Gabriel Davis","Gesch\u00e4tzte Lesezeit":"6\u00a0Minuten"},"schema":{"@context":"https:\/\/schema.org","@graph":[{"@type":"Article","@id":"https:\/\/www.iemj.org\/de\/tounsi-el-kahlaoui-1932-2000\/#article","isPartOf":{"@id":"https:\/\/www.iemj.org\/de\/tounsi-el-kahlaoui-1932-2000\/"},"author":{"name":"Jean-Gabriel Davis","@id":"https:\/\/www.iemj.org\/de\/#\/schema\/person\/c9bc1c386a3749579a2d675e72a18666"},"headline":"Tounsi, El Kahlaoui (1932-2000)","datePublished":"2021-12-13T15:12:13+00:00","dateModified":"2022-09-12T13:05:17+00:00","mainEntityOfPage":{"@id":"https:\/\/www.iemj.org\/de\/tounsi-el-kahlaoui-1932-2000\/"},"wordCount":883,"publisher":{"@id":"https:\/\/www.iemj.org\/de\/#organization"},"image":{"@id":"https:\/\/www.iemj.org\/de\/tounsi-el-kahlaoui-1932-2000\/#primaryimage"},"thumbnailUrl":"https:\/\/www.iemj.org\/wp-content\/uploads\/2021\/12\/Logo-e1645367647296.jpg","articleSection":["Biografien"],"inLanguage":"de"},{"@type":"WebPage","@id":"https:\/\/www.iemj.org\/de\/tounsi-el-kahlaoui-1932-2000\/","url":"https:\/\/www.iemj.org\/de\/tounsi-el-kahlaoui-1932-2000\/","name":"Tounsi, El Kahlaoui (1932-2000) - Institut Europ\u00e9en des Musiques Juives","isPartOf":{"@id":"https:\/\/www.iemj.org\/de\/#website"},"primaryImageOfPage":{"@id":"https:\/\/www.iemj.org\/de\/tounsi-el-kahlaoui-1932-2000\/#primaryimage"},"image":{"@id":"https:\/\/www.iemj.org\/de\/tounsi-el-kahlaoui-1932-2000\/#primaryimage"},"thumbnailUrl":"https:\/\/www.iemj.org\/wp-content\/uploads\/2021\/12\/Logo-e1645367647296.jpg","datePublished":"2021-12-13T15:12:13+00:00","dateModified":"2022-09-12T13:05:17+00:00","breadcrumb":{"@id":"https:\/\/www.iemj.org\/de\/tounsi-el-kahlaoui-1932-2000\/#breadcrumb"},"inLanguage":"de","potentialAction":[{"@type":"ReadAction","target":["https:\/\/www.iemj.org\/de\/tounsi-el-kahlaoui-1932-2000\/"]}]},{"@type":"ImageObject","inLanguage":"de","@id":"https:\/\/www.iemj.org\/de\/tounsi-el-kahlaoui-1932-2000\/#primaryimage","url":"https:\/\/www.iemj.org\/wp-content\/uploads\/2021\/12\/Logo-e1645367647296.jpg","contentUrl":"https:\/\/www.iemj.org\/wp-content\/uploads\/2021\/12\/Logo-e1645367647296.jpg","width":202,"height":218},{"@type":"BreadcrumbList","@id":"https:\/\/www.iemj.org\/de\/tounsi-el-kahlaoui-1932-2000\/#breadcrumb","itemListElement":[{"@type":"ListItem","position":1,"name":"Accueil","item":"https:\/\/www.iemj.org\/de\/"},{"@type":"ListItem","position":2,"name":"Tounsi, El Kahlaoui (1932-2000)"}]},{"@type":"WebSite","@id":"https:\/\/www.iemj.org\/de\/#website","url":"https:\/\/www.iemj.org\/de\/","name":"Institut Europ\u00e9en des Musiques Juives","description":"Des traditions musicales \u00e0 la port\u00e9e de tous","publisher":{"@id":"https:\/\/www.iemj.org\/de\/#organization"},"potentialAction":[{"@type":"SearchAction","target":{"@type":"EntryPoint","urlTemplate":"https:\/\/www.iemj.org\/de\/?s={search_term_string}"},"query-input":{"@type":"PropertyValueSpecification","valueRequired":true,"valueName":"search_term_string"}}],"inLanguage":"de"},{"@type":"Organization","@id":"https:\/\/www.iemj.org\/de\/#organization","name":"Institut Europ\u00e9en des Musiques Juives","url":"https:\/\/www.iemj.org\/de\/","logo":{"@type":"ImageObject","inLanguage":"de","@id":"https:\/\/www.iemj.org\/de\/#\/schema\/logo\/image\/","url":"https:\/\/www.iemj.org\/wp-content\/uploads\/2021\/09\/Logo-IEMJ-Paypal.jpg","contentUrl":"https:\/\/www.iemj.org\/wp-content\/uploads\/2021\/09\/Logo-IEMJ-Paypal.jpg","width":150,"height":50,"caption":"Institut Europ\u00e9en des Musiques Juives"},"image":{"@id":"https:\/\/www.iemj.org\/de\/#\/schema\/logo\/image\/"},"sameAs":["https:\/\/www.facebook.com\/MusiquesJuives\/","https:\/\/www.instagram.com\/musiquesjuives\/","https:\/\/www.youtube.com\/user\/musiquesjuives"]},{"@type":"Person","@id":"https:\/\/www.iemj.org\/de\/#\/schema\/person\/c9bc1c386a3749579a2d675e72a18666","name":"Jean-Gabriel Davis","image":{"@type":"ImageObject","inLanguage":"de","@id":"https:\/\/secure.gravatar.com\/avatar\/2b90d67bdf392c9b3a21fab87c0fa7edaf1fb3a058172a1ffd61033fcec7aec1?s=96&d=mm&r=g","url":"https:\/\/secure.gravatar.com\/avatar\/2b90d67bdf392c9b3a21fab87c0fa7edaf1fb3a058172a1ffd61033fcec7aec1?s=96&d=mm&r=g","contentUrl":"https:\/\/secure.gravatar.com\/avatar\/2b90d67bdf392c9b3a21fab87c0fa7edaf1fb3a058172a1ffd61033fcec7aec1?s=96&d=mm&r=g","caption":"Jean-Gabriel Davis"}}]}},"_links":{"self":[{"href":"https:\/\/www.iemj.org\/de\/wp-json\/wp\/v2\/posts\/81074","targetHints":{"allow":["GET"]}}],"collection":[{"href":"https:\/\/www.iemj.org\/de\/wp-json\/wp\/v2\/posts"}],"about":[{"href":"https:\/\/www.iemj.org\/de\/wp-json\/wp\/v2\/types\/post"}],"author":[{"embeddable":true,"href":"https:\/\/www.iemj.org\/de\/wp-json\/wp\/v2\/users\/1048"}],"replies":[{"embeddable":true,"href":"https:\/\/www.iemj.org\/de\/wp-json\/wp\/v2\/comments?post=81074"}],"version-history":[{"count":0,"href":"https:\/\/www.iemj.org\/de\/wp-json\/wp\/v2\/posts\/81074\/revisions"}],"wp:featuredmedia":[{"embeddable":true,"href":"https:\/\/www.iemj.org\/de\/wp-json\/wp\/v2\/media\/74533"}],"wp:attachment":[{"href":"https:\/\/www.iemj.org\/de\/wp-json\/wp\/v2\/media?parent=81074"}],"wp:term":[{"taxonomy":"category","embeddable":true,"href":"https:\/\/www.iemj.org\/de\/wp-json\/wp\/v2\/categories?post=81074"},{"taxonomy":"post_tag","embeddable":true,"href":"https:\/\/www.iemj.org\/de\/wp-json\/wp\/v2\/tags?post=81074"},{"taxonomy":"technique","embeddable":true,"href":"https:\/\/www.iemj.org\/de\/wp-json\/wp\/v2\/technique?post=81074"},{"taxonomy":"squelettes","embeddable":true,"href":"https:\/\/www.iemj.org\/de\/wp-json\/wp\/v2\/squelettes?post=81074"},{"taxonomy":"sujet","embeddable":true,"href":"https:\/\/www.iemj.org\/de\/wp-json\/wp\/v2\/sujet?post=81074"},{"taxonomy":"formation","embeddable":true,"href":"https:\/\/www.iemj.org\/de\/wp-json\/wp\/v2\/formation?post=81074"},{"taxonomy":"genre","embeddable":true,"href":"https:\/\/www.iemj.org\/de\/wp-json\/wp\/v2\/genre?post=81074"},{"taxonomy":"fonds","embeddable":true,"href":"https:\/\/www.iemj.org\/de\/wp-json\/wp\/v2\/fonds?post=81074"},{"taxonomy":"tradition","embeddable":true,"href":"https:\/\/www.iemj.org\/de\/wp-json\/wp\/v2\/tradition?post=81074"},{"taxonomy":"type-de-contenu","embeddable":true,"href":"https:\/\/www.iemj.org\/de\/wp-json\/wp\/v2\/type-de-contenu?post=81074"},{"taxonomy":"interprete-compositeur","embeddable":true,"href":"https:\/\/www.iemj.org\/de\/wp-json\/wp\/v2\/interprete-compositeur?post=81074"},{"taxonomy":"frise","embeddable":true,"href":"https:\/\/www.iemj.org\/de\/wp-json\/wp\/v2\/frise?post=81074"},{"taxonomy":"type-devenement","embeddable":true,"href":"https:\/\/www.iemj.org\/de\/wp-json\/wp\/v2\/type-devenement?post=81074"},{"taxonomy":"tableaux-liens-externes","embeddable":true,"href":"https:\/\/www.iemj.org\/de\/wp-json\/wp\/v2\/tableaux-liens-externes?post=81074"}],"curies":[{"name":"wp","href":"https:\/\/api.w.org\/{rel}","templated":true}]}}