{"id":81274,"date":"2022-02-22T14:30:08","date_gmt":"2022-02-22T13:30:08","guid":{"rendered":"https:\/\/www.iemj.org\/conference-internationale-hambourg-de-la-musique-de-la-synagogue-portugaise-au-xixe-siecle-a-lere-de-rolf-lieberman-au-xxe-siecle\/"},"modified":"2022-12-29T13:13:06","modified_gmt":"2022-12-29T12:13:06","slug":"conference-internationale-hambourg-de-la-musique-de-la-synagogue-portugaise-au-xixe-siecle-a-lere-de-rolf-lieberman-au-xxe-siecle","status":"publish","type":"post","link":"https:\/\/www.iemj.org\/de\/conference-internationale-hambourg-de-la-musique-de-la-synagogue-portugaise-au-xixe-siecle-a-lere-de-rolf-lieberman-au-xxe-siecle\/","title":{"rendered":"INTERNATIONALE KONFERENZ &#8211; HAMBURG &#8211; VON DER MUSIK DER PORTUGIESISCHEN SYNAGOGE IM 19. JAHRHUNDERT BIS ZUR ROLF LIEBERMAN-\u00c4RA IM 20. JAHRHUNDERT"},"content":{"rendered":"\n<p><\/p>\n\n\n<h3><strong>Internationale Konferenz an der Hochschule f\u00fcr Musik in Hamburg vom 1. bis 3. <\/strong><strong>M\u00e4rz 2022<\/strong><\/h3>\n<p><strong>Hochschule f\u00fcr Musik und Theater Hamburg &#8211; <\/strong><strong>Harvestehuder Weg 12, 20148 Hamburg, Deutschland<\/strong><\/p>\n<p><!--more--><\/p>\n<p>Die Pr\u00e4senz der j\u00fcdischen Kultur in Europa reicht bis in die Zeit des R\u00f6mischen Reiches zur\u00fcck. Im Jahr 2021 feierte Deutschland 1700 Jahre j\u00fcdische Pr\u00e4senz, j\u00fcdisches Leben und j\u00fcdische Kultur. Im Jahr 2020 beschloss die Stadt Hamburg, die gro\u00dfe Synagoge am Bornplatz wieder aufzubauen, die 1938 in der Reichskristallnacht zerst\u00f6rt worden war. Aus diesem Anlass veranstaltet die Hamburger Musikhochschule eine internationale Konferenz zum Thema &#8222;J\u00fcdische Musik in Hamburg &#8211; gestern und heute&#8220;, an der <strong>Herv\u00e9 Roten, Direktor des IEMJ<\/strong>, neben Edwin Seroussi (Jerusalem), Jasha Nemtsov (Weimar), Reinhard Flender (Hamburg) und Yuval Shaked (Haifa) teilnehmen wird.<\/p>\n<h3><strong>Sehen Sie sich die Vortr\u00e4ge auf <\/strong><a href=\"https:\/\/www.hfmt-hamburg.de\/veranstaltungen\/spielstaetten\/details\/367\/\"><strong>YouTube<\/strong><\/a><strong> an.<\/strong><\/h3>\n<h3 id=\"2-eael-table-of-content\" class=\"eael-heading-content\">\u00a0<\/h3>\n<p>Dienstag, 1. M\u00e4rz 2020:\u00a0 <a href=\"https:\/\/www.hfmt-hamburg.de\/veranstaltungen\/details\/9423\/\">Jewish Music Research<\/a><br \/>Mittwoch, 2. M\u00e4rz 2022:\u00a0<a href=\"https:\/\/www.hfmt-hamburg.de\/veranstaltungen\/details\/9424\/\">Jewish Music Research<\/a><br \/>Donnerstag 3. M\u00e4rz 2022: <a href=\"https:\/\/www.hfmt-hamburg.de\/veranstaltungen\/details\/9425\/\">Jewish Music Research<\/a><\/p>\n<p><a href=\"https:\/\/www.youtube.com\/watch?v=01qBSpz4a7I\"><strong>Klicken Sie hier<\/strong><\/a> f\u00fcr den Livestream.<\/p>\n<p><strong>Referenten: <\/strong><\/p>\n<ul>\n<li><strong>Jan Phillip Sprick<\/strong>, Vizepr\u00e4sident der Hochschule f\u00fcr Musik in Hamburg.<\/li>\n<li><strong>Edwin Seroussi<\/strong>, Direktor des Forschungszentrums f\u00fcr j\u00fcdische Musik an der Hebr\u00e4ischen Universit\u00e4t Jerusalem und Gastwissenschaftler f\u00fcr j\u00fcdische Studien am Dartmouth College.<\/li>\n<li><strong>Herv\u00e9 Roten<\/strong>, Direktor des Europ\u00e4ischen Instituts f\u00fcr J\u00fcdische Musik, Ethnomusikologe, Doktor der Musikwissenschaft der Universit\u00e4t Paris IV Sorbonne.<\/li>\n<li><strong>Jascha Nemtsov<\/strong>, Pianist und Professor f\u00fcr j\u00fcdische Musikgeschichte an der Hochschule f\u00fcr Musik Franz Liszt in Weimar.<\/li>\n<li>Reinhard Flender, Leiter des Forschungsinstituts f\u00fcr kulturelle Innovation an der Hochschule f\u00fcr Musik und Theater in Hamburg, deutscher Komponist und Musikwissenschaftler.<\/li>\n<li><strong>Yuval Shaked<\/strong>, Leiter der Abteilung f\u00fcr Musik an der Universit\u00e4t Haifa und Komponist.<\/li>\n<\/ul>\n<h3>\u00a0<\/h3>\n<h3 id=\"3-eael-table-of-content\" class=\"eael-heading-content\"><strong>Program:<\/strong><\/h3>\n<ul>\n<li>\n<p><strong>Dienstag, 1. M\u00e4rz<\/strong><\/p>\n<ul>\n<li><strong>15:00 \u2013 16:30 Edwin Seroussi (Jerusalem) Einf\u00fchrungsrede und Er\u00f6ffnungssitzung.<\/strong>\n<p><em>Eine unerwartete musikalische Begegnung: Die spanisch-portugiesische liturgische Musik in deutschen Synagogen.<\/em><\/p>\n<\/li>\n<li><strong>17:00 \u2013 18:30 Herv\u00e9 Roten (Paris) Vortrag und Diskussion<\/strong>\n<p><em>Die Einf\u00fchrung der westlichen Musiknotation und der Orgel in den franz\u00f6sischen hispano-portugiesischen Gemeinden im 19. Jahrhundert: Ver\u00e4nderungen und Kontinuit\u00e4ten<\/em><\/p>\n<\/li>\n<\/ul>\n<\/li>\n<li>\n<p><strong>Mittwoch, 2. M\u00e4rz<\/strong><\/p>\n<ul>\n<li><strong>15:00 \u2013 16:30 Jascha Nemtsov (Weimar) Vortrag und Diskussion<\/strong><br \/><em>The Cantor of the Reform Temple in Hamburg Leon Kornitzer and his journal (Der j\u00fcdische Kantor)<\/em><\/li>\n<li><strong>5:00 \u2013 18:30 Jascha Nemtsov, Herv\u00e9 Roten, Edwin Seroussi, Reinhard Flender (Moderation) &#8211; Podiumsdiskussion<\/strong>\n<p><em>Kulturelle Identit\u00e4t und Assimilation &#8211; J\u00fcdische Musik in Deutschland und Frankreich im 19. Jahrhundert<\/em><\/p>\n<\/li>\n<\/ul>\n<\/li>\n<li>\n<p><strong>Donnerstag, 3. M\u00e4rz<\/strong><\/p>\n<ul>\n<li><strong>15:00 \u2013 16:30 Reinhard Flender Vortrag\u00a0und Diskussion<\/strong><br \/><em>Rolf Liebermann &#8211; kulturelle Innovation f\u00fcr Hamburg vom NDR zur Staatsoper<\/em><\/li>\n<li><strong>17:00 \u2013 18:30 Yuval Shaked (Haifa) Vortrag und Diskussion<\/strong>\n<p><em>Die Oper &#8218;Der Turm&#8216; &#8211; Die Zusammenarbeit des Komponisten Josef Tal mit dem Librettisten Hans Keller, wie sie in ihrer Korrespondenz konzipiert und reflektiert wird<\/em><\/p>\n<\/li>\n<\/ul>\n<\/li>\n<\/ul>\n<p><em>Freier Eintritt<\/em><\/p>\n\n\n<p><\/p>\n","protected":false},"excerpt":{"rendered":"<p>Internationale Konferenz an der Hochschule f\u00fcr Musik in Hamburg vom 1. bis 3. M\u00e4rz 2022 Hochschule f\u00fcr Musik und Theater Hamburg &#8211; Harvestehuder Weg 12, 20148 Hamburg, Deutschland<\/p>\n","protected":false},"author":5,"featured_media":81216,"comment_status":"closed","ping_status":"closed","sticky":false,"template":"","format":"standard","meta":{"_acf_changed":false,"footnotes":""},"categories":[1382,1370],"tags":[3420],"technique":[],"squelettes":[],"sujet":[],"formation":[],"genre":[],"fonds":[],"tradition":[],"type-de-contenu":[],"interprete-compositeur":[],"frise":[],"type-devenement":[],"tableaux-liens-externes":[],"class_list":["post-81274","post","type-post","status-publish","format-standard","has-post-thumbnail","hentry","category-kurse-konferenzen-de","category-veranstaltungen-de","tag-partner-veranstaltungen-de"],"acf":[],"yoast_head":"<!-- This site is optimized with the Yoast SEO plugin v27.3 - https:\/\/yoast.com\/product\/yoast-seo-wordpress\/ -->\n<title>INTERNATIONALE KONFERENZ - HAMBURG - VON DER MUSIK DER PORTUGIESISCHEN SYNAGOGE IM 19. JAHRHUNDERT BIS ZUR ROLF LIEBERMAN-\u00c4RA IM 20. JAHRHUNDERT - Institut Europ\u00e9en des Musiques Juives<\/title>\n<meta name=\"robots\" content=\"index, follow, max-snippet:-1, max-image-preview:large, max-video-preview:-1\" \/>\n<link rel=\"canonical\" href=\"https:\/\/www.iemj.org\/de\/conference-internationale-hambourg-de-la-musique-de-la-synagogue-portugaise-au-xixe-siecle-a-lere-de-rolf-lieberman-au-xxe-siecle\/\" \/>\n<meta property=\"og:locale\" content=\"de_DE\" \/>\n<meta property=\"og:type\" content=\"article\" \/>\n<meta property=\"og:title\" content=\"INTERNATIONALE KONFERENZ - HAMBURG - VON DER MUSIK DER PORTUGIESISCHEN SYNAGOGE IM 19. JAHRHUNDERT BIS ZUR ROLF LIEBERMAN-\u00c4RA IM 20. JAHRHUNDERT - Institut Europ\u00e9en des Musiques Juives\" \/>\n<meta property=\"og:description\" content=\"Internationale Konferenz an der Hochschule f\u00fcr Musik in Hamburg vom 1. bis 3. M\u00e4rz 2022 Hochschule f\u00fcr Musik und Theater Hamburg &#8211; Harvestehuder Weg 12, 20148 Hamburg, Deutschland\" \/>\n<meta property=\"og:url\" content=\"https:\/\/www.iemj.org\/de\/conference-internationale-hambourg-de-la-musique-de-la-synagogue-portugaise-au-xixe-siecle-a-lere-de-rolf-lieberman-au-xxe-siecle\/\" \/>\n<meta property=\"og:site_name\" content=\"Institut Europ\u00e9en des Musiques Juives\" \/>\n<meta property=\"article:publisher\" content=\"https:\/\/www.facebook.com\/MusiquesJuives\/\" \/>\n<meta property=\"article:published_time\" content=\"2022-02-22T13:30:08+00:00\" \/>\n<meta property=\"article:modified_time\" content=\"2022-12-29T12:13:06+00:00\" \/>\n<meta property=\"og:image\" content=\"https:\/\/www.iemj.org\/wp-content\/uploads\/2022\/02\/Conference-Hambourg.jpg\" \/>\n\t<meta property=\"og:image:width\" content=\"494\" \/>\n\t<meta property=\"og:image:height\" content=\"331\" \/>\n\t<meta property=\"og:image:type\" content=\"image\/jpeg\" \/>\n<meta name=\"author\" content=\"Jacqueline ROTEN\" \/>\n<meta name=\"twitter:card\" content=\"summary_large_image\" \/>\n<meta name=\"twitter:label1\" content=\"Verfasst von\" \/>\n\t<meta name=\"twitter:data1\" content=\"Jacqueline ROTEN\" \/>\n\t<meta name=\"twitter:label2\" content=\"Gesch\u00e4tzte Lesezeit\" \/>\n\t<meta name=\"twitter:data2\" content=\"3\u00a0Minuten\" \/>\n<script type=\"application\/ld+json\" class=\"yoast-schema-graph\">{\"@context\":\"https:\\\/\\\/schema.org\",\"@graph\":[{\"@type\":\"Article\",\"@id\":\"https:\\\/\\\/www.iemj.org\\\/de\\\/conference-internationale-hambourg-de-la-musique-de-la-synagogue-portugaise-au-xixe-siecle-a-lere-de-rolf-lieberman-au-xxe-siecle\\\/#article\",\"isPartOf\":{\"@id\":\"https:\\\/\\\/www.iemj.org\\\/de\\\/conference-internationale-hambourg-de-la-musique-de-la-synagogue-portugaise-au-xixe-siecle-a-lere-de-rolf-lieberman-au-xxe-siecle\\\/\"},\"author\":{\"name\":\"Jacqueline ROTEN\",\"@id\":\"https:\\\/\\\/www.iemj.org\\\/de\\\/#\\\/schema\\\/person\\\/358e26c18aca017fcc4cc15437f7279c\"},\"headline\":\"INTERNATIONALE KONFERENZ &#8211; HAMBURG &#8211; VON DER MUSIK DER PORTUGIESISCHEN SYNAGOGE IM 19. JAHRHUNDERT BIS ZUR ROLF LIEBERMAN-\u00c4RA IM 20. JAHRHUNDERT\",\"datePublished\":\"2022-02-22T13:30:08+00:00\",\"dateModified\":\"2022-12-29T12:13:06+00:00\",\"mainEntityOfPage\":{\"@id\":\"https:\\\/\\\/www.iemj.org\\\/de\\\/conference-internationale-hambourg-de-la-musique-de-la-synagogue-portugaise-au-xixe-siecle-a-lere-de-rolf-lieberman-au-xxe-siecle\\\/\"},\"wordCount\":458,\"publisher\":{\"@id\":\"https:\\\/\\\/www.iemj.org\\\/de\\\/#organization\"},\"image\":{\"@id\":\"https:\\\/\\\/www.iemj.org\\\/de\\\/conference-internationale-hambourg-de-la-musique-de-la-synagogue-portugaise-au-xixe-siecle-a-lere-de-rolf-lieberman-au-xxe-siecle\\\/#primaryimage\"},\"thumbnailUrl\":\"https:\\\/\\\/www.iemj.org\\\/wp-content\\\/uploads\\\/2022\\\/02\\\/Conference-Hambourg.jpg\",\"keywords\":[\"Partner-Veranstaltungen\"],\"articleSection\":[\"Kurse \\\/ Konferenzen\",\"Veranstaltungen\"],\"inLanguage\":\"de\"},{\"@type\":\"WebPage\",\"@id\":\"https:\\\/\\\/www.iemj.org\\\/de\\\/conference-internationale-hambourg-de-la-musique-de-la-synagogue-portugaise-au-xixe-siecle-a-lere-de-rolf-lieberman-au-xxe-siecle\\\/\",\"url\":\"https:\\\/\\\/www.iemj.org\\\/de\\\/conference-internationale-hambourg-de-la-musique-de-la-synagogue-portugaise-au-xixe-siecle-a-lere-de-rolf-lieberman-au-xxe-siecle\\\/\",\"name\":\"INTERNATIONALE KONFERENZ - HAMBURG - VON DER MUSIK DER PORTUGIESISCHEN SYNAGOGE IM 19. JAHRHUNDERT BIS ZUR ROLF LIEBERMAN-\u00c4RA IM 20. JAHRHUNDERT - Institut Europ\u00e9en des Musiques Juives\",\"isPartOf\":{\"@id\":\"https:\\\/\\\/www.iemj.org\\\/de\\\/#website\"},\"primaryImageOfPage\":{\"@id\":\"https:\\\/\\\/www.iemj.org\\\/de\\\/conference-internationale-hambourg-de-la-musique-de-la-synagogue-portugaise-au-xixe-siecle-a-lere-de-rolf-lieberman-au-xxe-siecle\\\/#primaryimage\"},\"image\":{\"@id\":\"https:\\\/\\\/www.iemj.org\\\/de\\\/conference-internationale-hambourg-de-la-musique-de-la-synagogue-portugaise-au-xixe-siecle-a-lere-de-rolf-lieberman-au-xxe-siecle\\\/#primaryimage\"},\"thumbnailUrl\":\"https:\\\/\\\/www.iemj.org\\\/wp-content\\\/uploads\\\/2022\\\/02\\\/Conference-Hambourg.jpg\",\"datePublished\":\"2022-02-22T13:30:08+00:00\",\"dateModified\":\"2022-12-29T12:13:06+00:00\",\"breadcrumb\":{\"@id\":\"https:\\\/\\\/www.iemj.org\\\/de\\\/conference-internationale-hambourg-de-la-musique-de-la-synagogue-portugaise-au-xixe-siecle-a-lere-de-rolf-lieberman-au-xxe-siecle\\\/#breadcrumb\"},\"inLanguage\":\"de\",\"potentialAction\":[{\"@type\":\"ReadAction\",\"target\":[\"https:\\\/\\\/www.iemj.org\\\/de\\\/conference-internationale-hambourg-de-la-musique-de-la-synagogue-portugaise-au-xixe-siecle-a-lere-de-rolf-lieberman-au-xxe-siecle\\\/\"]}]},{\"@type\":\"ImageObject\",\"inLanguage\":\"de\",\"@id\":\"https:\\\/\\\/www.iemj.org\\\/de\\\/conference-internationale-hambourg-de-la-musique-de-la-synagogue-portugaise-au-xixe-siecle-a-lere-de-rolf-lieberman-au-xxe-siecle\\\/#primaryimage\",\"url\":\"https:\\\/\\\/www.iemj.org\\\/wp-content\\\/uploads\\\/2022\\\/02\\\/Conference-Hambourg.jpg\",\"contentUrl\":\"https:\\\/\\\/www.iemj.org\\\/wp-content\\\/uploads\\\/2022\\\/02\\\/Conference-Hambourg.jpg\",\"width\":494,\"height\":331},{\"@type\":\"BreadcrumbList\",\"@id\":\"https:\\\/\\\/www.iemj.org\\\/de\\\/conference-internationale-hambourg-de-la-musique-de-la-synagogue-portugaise-au-xixe-siecle-a-lere-de-rolf-lieberman-au-xxe-siecle\\\/#breadcrumb\",\"itemListElement\":[{\"@type\":\"ListItem\",\"position\":1,\"name\":\"Accueil\",\"item\":\"https:\\\/\\\/www.iemj.org\\\/de\\\/\"},{\"@type\":\"ListItem\",\"position\":2,\"name\":\"INTERNATIONALE KONFERENZ &#8211; HAMBURG &#8211; VON DER MUSIK DER PORTUGIESISCHEN SYNAGOGE IM 19. JAHRHUNDERT BIS ZUR ROLF LIEBERMAN-\u00c4RA IM 20. JAHRHUNDERT\"}]},{\"@type\":\"WebSite\",\"@id\":\"https:\\\/\\\/www.iemj.org\\\/de\\\/#website\",\"url\":\"https:\\\/\\\/www.iemj.org\\\/de\\\/\",\"name\":\"Institut Europ\u00e9en des Musiques Juives\",\"description\":\"Des traditions musicales \u00e0 la port\u00e9e de tous\",\"publisher\":{\"@id\":\"https:\\\/\\\/www.iemj.org\\\/de\\\/#organization\"},\"potentialAction\":[{\"@type\":\"SearchAction\",\"target\":{\"@type\":\"EntryPoint\",\"urlTemplate\":\"https:\\\/\\\/www.iemj.org\\\/de\\\/?s={search_term_string}\"},\"query-input\":{\"@type\":\"PropertyValueSpecification\",\"valueRequired\":true,\"valueName\":\"search_term_string\"}}],\"inLanguage\":\"de\"},{\"@type\":\"Organization\",\"@id\":\"https:\\\/\\\/www.iemj.org\\\/de\\\/#organization\",\"name\":\"Institut Europ\u00e9en des Musiques Juives\",\"url\":\"https:\\\/\\\/www.iemj.org\\\/de\\\/\",\"logo\":{\"@type\":\"ImageObject\",\"inLanguage\":\"de\",\"@id\":\"https:\\\/\\\/www.iemj.org\\\/de\\\/#\\\/schema\\\/logo\\\/image\\\/\",\"url\":\"https:\\\/\\\/www.iemj.org\\\/wp-content\\\/uploads\\\/2021\\\/09\\\/Logo-IEMJ-Paypal.jpg\",\"contentUrl\":\"https:\\\/\\\/www.iemj.org\\\/wp-content\\\/uploads\\\/2021\\\/09\\\/Logo-IEMJ-Paypal.jpg\",\"width\":150,\"height\":50,\"caption\":\"Institut Europ\u00e9en des Musiques Juives\"},\"image\":{\"@id\":\"https:\\\/\\\/www.iemj.org\\\/de\\\/#\\\/schema\\\/logo\\\/image\\\/\"},\"sameAs\":[\"https:\\\/\\\/www.facebook.com\\\/MusiquesJuives\\\/\",\"https:\\\/\\\/www.instagram.com\\\/musiquesjuives\\\/\",\"https:\\\/\\\/www.youtube.com\\\/user\\\/musiquesjuives\"]},{\"@type\":\"Person\",\"@id\":\"https:\\\/\\\/www.iemj.org\\\/de\\\/#\\\/schema\\\/person\\\/358e26c18aca017fcc4cc15437f7279c\",\"name\":\"Jacqueline ROTEN\",\"image\":{\"@type\":\"ImageObject\",\"inLanguage\":\"de\",\"@id\":\"https:\\\/\\\/secure.gravatar.com\\\/avatar\\\/5964256d6c6957de3a3505278957e0fb2a35119ac47ea41827a65301213c810b?s=96&d=mm&r=g\",\"url\":\"https:\\\/\\\/secure.gravatar.com\\\/avatar\\\/5964256d6c6957de3a3505278957e0fb2a35119ac47ea41827a65301213c810b?s=96&d=mm&r=g\",\"contentUrl\":\"https:\\\/\\\/secure.gravatar.com\\\/avatar\\\/5964256d6c6957de3a3505278957e0fb2a35119ac47ea41827a65301213c810b?s=96&d=mm&r=g\",\"caption\":\"Jacqueline ROTEN\"}}]}<\/script>\n<!-- \/ Yoast SEO plugin. -->","yoast_head_json":{"title":"INTERNATIONALE KONFERENZ - HAMBURG - VON DER MUSIK DER PORTUGIESISCHEN SYNAGOGE IM 19. JAHRHUNDERT BIS ZUR ROLF LIEBERMAN-\u00c4RA IM 20. JAHRHUNDERT - Institut Europ\u00e9en des Musiques Juives","robots":{"index":"index","follow":"follow","max-snippet":"max-snippet:-1","max-image-preview":"max-image-preview:large","max-video-preview":"max-video-preview:-1"},"canonical":"https:\/\/www.iemj.org\/de\/conference-internationale-hambourg-de-la-musique-de-la-synagogue-portugaise-au-xixe-siecle-a-lere-de-rolf-lieberman-au-xxe-siecle\/","og_locale":"de_DE","og_type":"article","og_title":"INTERNATIONALE KONFERENZ - HAMBURG - VON DER MUSIK DER PORTUGIESISCHEN SYNAGOGE IM 19. JAHRHUNDERT BIS ZUR ROLF LIEBERMAN-\u00c4RA IM 20. JAHRHUNDERT - Institut Europ\u00e9en des Musiques Juives","og_description":"Internationale Konferenz an der Hochschule f\u00fcr Musik in Hamburg vom 1. bis 3. M\u00e4rz 2022 Hochschule f\u00fcr Musik und Theater Hamburg &#8211; Harvestehuder Weg 12, 20148 Hamburg, Deutschland","og_url":"https:\/\/www.iemj.org\/de\/conference-internationale-hambourg-de-la-musique-de-la-synagogue-portugaise-au-xixe-siecle-a-lere-de-rolf-lieberman-au-xxe-siecle\/","og_site_name":"Institut Europ\u00e9en des Musiques Juives","article_publisher":"https:\/\/www.facebook.com\/MusiquesJuives\/","article_published_time":"2022-02-22T13:30:08+00:00","article_modified_time":"2022-12-29T12:13:06+00:00","og_image":[{"width":494,"height":331,"url":"https:\/\/www.iemj.org\/wp-content\/uploads\/2022\/02\/Conference-Hambourg.jpg","type":"image\/jpeg"}],"author":"Jacqueline ROTEN","twitter_card":"summary_large_image","twitter_misc":{"Verfasst von":"Jacqueline ROTEN","Gesch\u00e4tzte Lesezeit":"3\u00a0Minuten"},"schema":{"@context":"https:\/\/schema.org","@graph":[{"@type":"Article","@id":"https:\/\/www.iemj.org\/de\/conference-internationale-hambourg-de-la-musique-de-la-synagogue-portugaise-au-xixe-siecle-a-lere-de-rolf-lieberman-au-xxe-siecle\/#article","isPartOf":{"@id":"https:\/\/www.iemj.org\/de\/conference-internationale-hambourg-de-la-musique-de-la-synagogue-portugaise-au-xixe-siecle-a-lere-de-rolf-lieberman-au-xxe-siecle\/"},"author":{"name":"Jacqueline ROTEN","@id":"https:\/\/www.iemj.org\/de\/#\/schema\/person\/358e26c18aca017fcc4cc15437f7279c"},"headline":"INTERNATIONALE KONFERENZ &#8211; HAMBURG &#8211; VON DER MUSIK DER PORTUGIESISCHEN SYNAGOGE IM 19. JAHRHUNDERT BIS ZUR ROLF LIEBERMAN-\u00c4RA IM 20. JAHRHUNDERT","datePublished":"2022-02-22T13:30:08+00:00","dateModified":"2022-12-29T12:13:06+00:00","mainEntityOfPage":{"@id":"https:\/\/www.iemj.org\/de\/conference-internationale-hambourg-de-la-musique-de-la-synagogue-portugaise-au-xixe-siecle-a-lere-de-rolf-lieberman-au-xxe-siecle\/"},"wordCount":458,"publisher":{"@id":"https:\/\/www.iemj.org\/de\/#organization"},"image":{"@id":"https:\/\/www.iemj.org\/de\/conference-internationale-hambourg-de-la-musique-de-la-synagogue-portugaise-au-xixe-siecle-a-lere-de-rolf-lieberman-au-xxe-siecle\/#primaryimage"},"thumbnailUrl":"https:\/\/www.iemj.org\/wp-content\/uploads\/2022\/02\/Conference-Hambourg.jpg","keywords":["Partner-Veranstaltungen"],"articleSection":["Kurse \/ Konferenzen","Veranstaltungen"],"inLanguage":"de"},{"@type":"WebPage","@id":"https:\/\/www.iemj.org\/de\/conference-internationale-hambourg-de-la-musique-de-la-synagogue-portugaise-au-xixe-siecle-a-lere-de-rolf-lieberman-au-xxe-siecle\/","url":"https:\/\/www.iemj.org\/de\/conference-internationale-hambourg-de-la-musique-de-la-synagogue-portugaise-au-xixe-siecle-a-lere-de-rolf-lieberman-au-xxe-siecle\/","name":"INTERNATIONALE KONFERENZ - HAMBURG - VON DER MUSIK DER PORTUGIESISCHEN SYNAGOGE IM 19. JAHRHUNDERT BIS ZUR ROLF LIEBERMAN-\u00c4RA IM 20. JAHRHUNDERT - Institut Europ\u00e9en des Musiques Juives","isPartOf":{"@id":"https:\/\/www.iemj.org\/de\/#website"},"primaryImageOfPage":{"@id":"https:\/\/www.iemj.org\/de\/conference-internationale-hambourg-de-la-musique-de-la-synagogue-portugaise-au-xixe-siecle-a-lere-de-rolf-lieberman-au-xxe-siecle\/#primaryimage"},"image":{"@id":"https:\/\/www.iemj.org\/de\/conference-internationale-hambourg-de-la-musique-de-la-synagogue-portugaise-au-xixe-siecle-a-lere-de-rolf-lieberman-au-xxe-siecle\/#primaryimage"},"thumbnailUrl":"https:\/\/www.iemj.org\/wp-content\/uploads\/2022\/02\/Conference-Hambourg.jpg","datePublished":"2022-02-22T13:30:08+00:00","dateModified":"2022-12-29T12:13:06+00:00","breadcrumb":{"@id":"https:\/\/www.iemj.org\/de\/conference-internationale-hambourg-de-la-musique-de-la-synagogue-portugaise-au-xixe-siecle-a-lere-de-rolf-lieberman-au-xxe-siecle\/#breadcrumb"},"inLanguage":"de","potentialAction":[{"@type":"ReadAction","target":["https:\/\/www.iemj.org\/de\/conference-internationale-hambourg-de-la-musique-de-la-synagogue-portugaise-au-xixe-siecle-a-lere-de-rolf-lieberman-au-xxe-siecle\/"]}]},{"@type":"ImageObject","inLanguage":"de","@id":"https:\/\/www.iemj.org\/de\/conference-internationale-hambourg-de-la-musique-de-la-synagogue-portugaise-au-xixe-siecle-a-lere-de-rolf-lieberman-au-xxe-siecle\/#primaryimage","url":"https:\/\/www.iemj.org\/wp-content\/uploads\/2022\/02\/Conference-Hambourg.jpg","contentUrl":"https:\/\/www.iemj.org\/wp-content\/uploads\/2022\/02\/Conference-Hambourg.jpg","width":494,"height":331},{"@type":"BreadcrumbList","@id":"https:\/\/www.iemj.org\/de\/conference-internationale-hambourg-de-la-musique-de-la-synagogue-portugaise-au-xixe-siecle-a-lere-de-rolf-lieberman-au-xxe-siecle\/#breadcrumb","itemListElement":[{"@type":"ListItem","position":1,"name":"Accueil","item":"https:\/\/www.iemj.org\/de\/"},{"@type":"ListItem","position":2,"name":"INTERNATIONALE KONFERENZ &#8211; HAMBURG &#8211; VON DER MUSIK DER PORTUGIESISCHEN SYNAGOGE IM 19. JAHRHUNDERT BIS ZUR ROLF LIEBERMAN-\u00c4RA IM 20. JAHRHUNDERT"}]},{"@type":"WebSite","@id":"https:\/\/www.iemj.org\/de\/#website","url":"https:\/\/www.iemj.org\/de\/","name":"Institut Europ\u00e9en des Musiques Juives","description":"Des traditions musicales \u00e0 la port\u00e9e de tous","publisher":{"@id":"https:\/\/www.iemj.org\/de\/#organization"},"potentialAction":[{"@type":"SearchAction","target":{"@type":"EntryPoint","urlTemplate":"https:\/\/www.iemj.org\/de\/?s={search_term_string}"},"query-input":{"@type":"PropertyValueSpecification","valueRequired":true,"valueName":"search_term_string"}}],"inLanguage":"de"},{"@type":"Organization","@id":"https:\/\/www.iemj.org\/de\/#organization","name":"Institut Europ\u00e9en des Musiques Juives","url":"https:\/\/www.iemj.org\/de\/","logo":{"@type":"ImageObject","inLanguage":"de","@id":"https:\/\/www.iemj.org\/de\/#\/schema\/logo\/image\/","url":"https:\/\/www.iemj.org\/wp-content\/uploads\/2021\/09\/Logo-IEMJ-Paypal.jpg","contentUrl":"https:\/\/www.iemj.org\/wp-content\/uploads\/2021\/09\/Logo-IEMJ-Paypal.jpg","width":150,"height":50,"caption":"Institut Europ\u00e9en des Musiques Juives"},"image":{"@id":"https:\/\/www.iemj.org\/de\/#\/schema\/logo\/image\/"},"sameAs":["https:\/\/www.facebook.com\/MusiquesJuives\/","https:\/\/www.instagram.com\/musiquesjuives\/","https:\/\/www.youtube.com\/user\/musiquesjuives"]},{"@type":"Person","@id":"https:\/\/www.iemj.org\/de\/#\/schema\/person\/358e26c18aca017fcc4cc15437f7279c","name":"Jacqueline ROTEN","image":{"@type":"ImageObject","inLanguage":"de","@id":"https:\/\/secure.gravatar.com\/avatar\/5964256d6c6957de3a3505278957e0fb2a35119ac47ea41827a65301213c810b?s=96&d=mm&r=g","url":"https:\/\/secure.gravatar.com\/avatar\/5964256d6c6957de3a3505278957e0fb2a35119ac47ea41827a65301213c810b?s=96&d=mm&r=g","contentUrl":"https:\/\/secure.gravatar.com\/avatar\/5964256d6c6957de3a3505278957e0fb2a35119ac47ea41827a65301213c810b?s=96&d=mm&r=g","caption":"Jacqueline ROTEN"}}]}},"_links":{"self":[{"href":"https:\/\/www.iemj.org\/de\/wp-json\/wp\/v2\/posts\/81274","targetHints":{"allow":["GET"]}}],"collection":[{"href":"https:\/\/www.iemj.org\/de\/wp-json\/wp\/v2\/posts"}],"about":[{"href":"https:\/\/www.iemj.org\/de\/wp-json\/wp\/v2\/types\/post"}],"author":[{"embeddable":true,"href":"https:\/\/www.iemj.org\/de\/wp-json\/wp\/v2\/users\/5"}],"replies":[{"embeddable":true,"href":"https:\/\/www.iemj.org\/de\/wp-json\/wp\/v2\/comments?post=81274"}],"version-history":[{"count":0,"href":"https:\/\/www.iemj.org\/de\/wp-json\/wp\/v2\/posts\/81274\/revisions"}],"wp:featuredmedia":[{"embeddable":true,"href":"https:\/\/www.iemj.org\/de\/wp-json\/wp\/v2\/media\/81216"}],"wp:attachment":[{"href":"https:\/\/www.iemj.org\/de\/wp-json\/wp\/v2\/media?parent=81274"}],"wp:term":[{"taxonomy":"category","embeddable":true,"href":"https:\/\/www.iemj.org\/de\/wp-json\/wp\/v2\/categories?post=81274"},{"taxonomy":"post_tag","embeddable":true,"href":"https:\/\/www.iemj.org\/de\/wp-json\/wp\/v2\/tags?post=81274"},{"taxonomy":"technique","embeddable":true,"href":"https:\/\/www.iemj.org\/de\/wp-json\/wp\/v2\/technique?post=81274"},{"taxonomy":"squelettes","embeddable":true,"href":"https:\/\/www.iemj.org\/de\/wp-json\/wp\/v2\/squelettes?post=81274"},{"taxonomy":"sujet","embeddable":true,"href":"https:\/\/www.iemj.org\/de\/wp-json\/wp\/v2\/sujet?post=81274"},{"taxonomy":"formation","embeddable":true,"href":"https:\/\/www.iemj.org\/de\/wp-json\/wp\/v2\/formation?post=81274"},{"taxonomy":"genre","embeddable":true,"href":"https:\/\/www.iemj.org\/de\/wp-json\/wp\/v2\/genre?post=81274"},{"taxonomy":"fonds","embeddable":true,"href":"https:\/\/www.iemj.org\/de\/wp-json\/wp\/v2\/fonds?post=81274"},{"taxonomy":"tradition","embeddable":true,"href":"https:\/\/www.iemj.org\/de\/wp-json\/wp\/v2\/tradition?post=81274"},{"taxonomy":"type-de-contenu","embeddable":true,"href":"https:\/\/www.iemj.org\/de\/wp-json\/wp\/v2\/type-de-contenu?post=81274"},{"taxonomy":"interprete-compositeur","embeddable":true,"href":"https:\/\/www.iemj.org\/de\/wp-json\/wp\/v2\/interprete-compositeur?post=81274"},{"taxonomy":"frise","embeddable":true,"href":"https:\/\/www.iemj.org\/de\/wp-json\/wp\/v2\/frise?post=81274"},{"taxonomy":"type-devenement","embeddable":true,"href":"https:\/\/www.iemj.org\/de\/wp-json\/wp\/v2\/type-devenement?post=81274"},{"taxonomy":"tableaux-liens-externes","embeddable":true,"href":"https:\/\/www.iemj.org\/de\/wp-json\/wp\/v2\/tableaux-liens-externes?post=81274"}],"curies":[{"name":"wp","href":"https:\/\/api.w.org\/{rel}","templated":true}]}}