{"id":81543,"date":"2018-03-13T11:31:33","date_gmt":"2018-03-13T10:31:33","guid":{"rendered":"https:\/\/www.iemj.org\/monty-line-1926-2003\/"},"modified":"2025-09-08T17:17:45","modified_gmt":"2025-09-08T15:17:45","slug":"monty-line-1926-2003","status":"publish","type":"post","link":"https:\/\/www.iemj.org\/de\/monty-line-1926-2003\/","title":{"rendered":"Monty, Line (1926-2003)"},"content":{"rendered":"<p><!--more--><\/p>\n<p>Line Monty, die eigentlich \u00c9liane Serfati hie\u00df (auch bekannt unter ihrem K\u00fcnstlernamen Le\u00efla Fateh) wurde 1926 in Algier in eine musikliebende Familie geboren.<br \/>Im Alter von etwa 25 Jahren nahm sie Gesangsunterricht bei einem italienischen Lehrer und begann, \u00f6ffentlich aufzutreten, haupts\u00e4chlich bei Wohlt\u00e4tigkeitsgalas.<br \/>Anfang der 1950er Jahre zieht sie nach Paris und nimmt ab Februar 1952 unter dem Namen Line Monty bei Path\u00e9 Marconi mehrere 78er Platten in arabischer Sprache auf.<br \/>Der Pianist Maurice El M\u00e9dioni wird sie w\u00e4hrend ihrer gesamten orientalischen Karriere begleiten. Ihr Freund Youssef Hag\u00e8ge, der auch unter dem Namen Jos\u00e9 De Suza bekannt ist, ein ber\u00fchmter Autor und Komponist, der die gro\u00dfen Vertreter der orientalischen Musik begleitete, schl\u00e4gt ihr eine seiner Kompositionen vor: <em>L\u2019orientale<\/em>.<\/p>\n<p><em>L\u2019Orientale <\/em>wurde schnell zu einem Standard, der etwa zehn Jahre sp\u00e4ter von Enrico Macias wiederholt wurde.<br \/>Bereits im folgenden Jahr wechselte Line Monty ihr Repertoire. Sie gab das arabische Chanson vor\u00fcbergehend zugunsten eines Repertoires franz\u00f6sischer Lieder auf.<br \/>Von Ende Dezember 1952 bis Oktober 1956 nahm sie mehrere 78er Platten immer bei Path\u00e9 auf, begleitet von den Orchestern von Raymond Legrand, Marius Coste oder Andr\u00e9 Popp.<\/p>\n<p><img fetchpriority=\"high\" decoding=\"async\" class=\" alignright size-full wp-image-52300\" src=\"https:\/\/www.iemj.org\/wp-content\/uploads\/2017\/11\/doc_2_line_monty_500px.jpg\" alt=\"doc_2_line_monty_500px.jpg\" width=\"244\" height=\"311\" align=\"right\" srcset=\"https:\/\/www.iemj.org\/wp-content\/uploads\/2017\/11\/doc_2_line_monty_500px.jpg 244w, https:\/\/www.iemj.org\/wp-content\/uploads\/2017\/11\/doc_2_line_monty_500px-235x300.jpg 235w\" sizes=\"(max-width: 244px) 100vw, 244px\" \/>Sie gewann den Edith-Piaf-Preis, dann den ersten Preis im Olympia und hatte zahlreiche Hits in den Music-Halls und Kabaretts der Upper-Class-Viertel. So verteidigte sie die Farben des franz\u00f6sischen Chansons in der ganzen Welt, vor allem in Kanada, den USA (sie betrieb zehn Jahre lang einen trendigen Club in New York), Lateinamerika, Deutschland, Holland und im Nahen Osten.<\/p>\n<p>Nach der algerischen Unabh\u00e4ngigkeit \u00fcbernahm sie jedoch mehrere Titel algerischer Lieder.<\/p>\n<p>Line Monty spielte ihre eigene Rolle in dem Film <em>Le Grand Pardon 2<\/em> (Das Gesetz der Mafia) von Alexandre Arcady.<\/p>\n<p>Sie starb im August 2003 in Paris und wurde auf dem Pariser Friedhof von Pantin beerdigt. Nach dem Tod von Line Monty 2003 und Lili Boniche 2008 wurde von Jacqueline Gozland ein historischer Dokumentarfilm \u00fcber die Sch\u00e4tze der arabisch-andalusischen und j\u00fcdisch-arabischen Musik mit dem Titel <em>Le Port des amours<\/em> (Der Hafen der Liebe) gedreht.<\/p>\n<p><strong>Quellen:<\/strong><\/p>\n<p><a href=\"https:\/\/www.iemj.org\/de\/je-chante-magazine\/\"><em>JE CHANTE MAGAZINE n\u00b0 12, janvier 2016<\/em><\/a><em><br \/><\/em><a href=\"https:\/\/fr.wikipedia.org\/wiki\/Line_Monty\" target=\"_blank\" rel=\"noopener\"><em>https:\/\/fr.wikipedia.org\/wiki\/Line_Monty<\/em><\/a><\/p>\n<p><a href=\"https:\/\/www.discogs.com\/fr\/artist\/2406526-Line-Monty\" target=\"_blank\" rel=\"noopener\">Seine Diskographie ansehen<\/a><\/p>\n<p><a href=\"http:\/\/www.rachelnet.net\/F\/?func=find-c&amp;ccl_term=WRD+%3D+Line+ET+WRD+%3D+Monty&amp;local_base=iemcg\" target=\"_blank\" rel=\"noopener\"><strong>Greifen Sie auf die Line Monty Archive zu<\/strong><\/a><\/p>\n\n\n<h2 class=\"wp-block-heading\"><\/h2>\n\n\n<div class=\"wp-block-image\">\n<figure class=\"aligncenter size-large\"><img decoding=\"async\" width=\"1024\" height=\"133\" src=\"https:\/\/www.iemj.org\/wp-content\/uploads\/2024\/03\/AUDIO-PLAYER-1024x133.png\" alt=\"\" class=\"wp-image-110606\" srcset=\"https:\/\/www.iemj.org\/wp-content\/uploads\/2024\/03\/AUDIO-PLAYER-1024x133.png 1024w, https:\/\/www.iemj.org\/wp-content\/uploads\/2024\/03\/AUDIO-PLAYER-300x39.png 300w, https:\/\/www.iemj.org\/wp-content\/uploads\/2024\/03\/AUDIO-PLAYER-768x100.png 768w, https:\/\/www.iemj.org\/wp-content\/uploads\/2024\/03\/AUDIO-PLAYER-600x78.png 600w, https:\/\/www.iemj.org\/wp-content\/uploads\/2024\/03\/AUDIO-PLAYER.png 1210w\" sizes=\"(max-width: 1024px) 100vw, 1024px\" \/><\/figure>\n<\/div>\n\n\n<div class=\"wp-block-file\"><a id=\"wp-block-file--media-efdc0a18-76d8-4fa7-b76f-205266e2ed6b\" href=\"https:\/\/www.iemj.org\/wp-content\/uploads\/2017\/11\/ma_guitare_et_mon_pays_extrait_-_line_monty.mp3\">Ma guitare et mon Pays (EXTRAIT) &#8211; Line Monty<\/a><\/div>\n\n\n\n<div class=\"wp-block-file\"><a id=\"wp-block-file--media-1d1179b4-c4b7-413a-a5e0-12c81b1e0afc\" href=\"https:\/\/www.iemj.org\/wp-content\/uploads\/2017\/11\/ana_ene_hobek_-_line_monty.mp3\">Ana Ene Hobek &#8211; Line Monty<\/a><\/div>\n\n\n\n<div class=\"wp-block-file\"><a id=\"wp-block-file--media-f91a1773-3bfe-4537-bb8c-278999aee1a8\" href=\"https:\/\/www.iemj.org\/wp-content\/uploads\/2017\/11\/dkhil_enhassbek_ya_oueld_ettir_-_line_monty.mp3\">Dkhil Enhassbek Ya Oueld Ettir &#8211; Line Monty<\/a><\/div>\n\n\n\n<div class=\"wp-block-file\"><a id=\"wp-block-file--media-274aa4ef-fcc6-4049-9c62-b3e8cca9d104\" href=\"https:\/\/www.iemj.org\/wp-content\/uploads\/2017\/11\/selli_amorek_-_line_monty.mp3\">Selli Amorek &#8211; Line Monty<\/a><\/div>\n\n\n\n<div class=\"wp-block-file\"><a id=\"wp-block-file--media-edc25392-cbd2-4fc8-8154-ae337c992412\" href=\"https:\/\/www.iemj.org\/wp-content\/uploads\/2017\/11\/ya_oummi_ya_oummi_extrait_-_line_monty.mp3\">Ya Oummi Ya Oummi (EXTRAIT) &#8211; Line Monty<\/a><\/div>\n","protected":false},"excerpt":{"rendered":"","protected":false},"author":1052,"featured_media":52303,"comment_status":"closed","ping_status":"closed","sticky":false,"template":"","format":"standard","meta":{"_acf_changed":false,"footnotes":""},"categories":[1415],"tags":[],"technique":[],"squelettes":[],"sujet":[],"formation":[],"genre":[1877,1914],"fonds":[],"tradition":[],"type-de-contenu":[],"interprete-compositeur":[3246],"frise":[],"type-devenement":[],"tableaux-liens-externes":[],"class_list":["post-81543","post","type-post","status-publish","format-standard","has-post-thumbnail","hentry","category-biografien-de","genre-franzosisch-lied-de","genre-oriental-de","interprete-compositeur-line-monty-2-de"],"acf":[],"yoast_head":"<!-- This site is optimized with the Yoast SEO plugin v27.3 - https:\/\/yoast.com\/product\/yoast-seo-wordpress\/ -->\n<title>Monty, Line (1926-2003) - Institut Europ\u00e9en des Musiques Juives<\/title>\n<meta name=\"robots\" content=\"index, follow, max-snippet:-1, max-image-preview:large, max-video-preview:-1\" \/>\n<link rel=\"canonical\" href=\"https:\/\/www.iemj.org\/de\/monty-line-1926-2003\/\" \/>\n<meta property=\"og:locale\" content=\"de_DE\" \/>\n<meta property=\"og:type\" content=\"article\" \/>\n<meta property=\"og:title\" content=\"Monty, Line (1926-2003) - Institut Europ\u00e9en des Musiques Juives\" \/>\n<meta property=\"og:url\" content=\"https:\/\/www.iemj.org\/de\/monty-line-1926-2003\/\" \/>\n<meta property=\"og:site_name\" content=\"Institut Europ\u00e9en des Musiques Juives\" \/>\n<meta property=\"article:publisher\" content=\"https:\/\/www.facebook.com\/MusiquesJuives\/\" \/>\n<meta property=\"article:published_time\" content=\"2018-03-13T10:31:33+00:00\" \/>\n<meta property=\"article:modified_time\" content=\"2025-09-08T15:17:45+00:00\" \/>\n<meta property=\"og:image\" content=\"https:\/\/www.iemj.org\/wp-content\/uploads\/2018\/03\/arton3240-e1646135902794.jpg\" \/>\n\t<meta property=\"og:image:width\" content=\"218\" \/>\n\t<meta property=\"og:image:height\" content=\"218\" \/>\n\t<meta property=\"og:image:type\" content=\"image\/jpeg\" \/>\n<meta name=\"author\" content=\"Lea Couderc\" \/>\n<meta name=\"twitter:card\" content=\"summary_large_image\" \/>\n<meta name=\"twitter:label1\" content=\"Verfasst von\" \/>\n\t<meta name=\"twitter:data1\" content=\"Lea Couderc\" \/>\n\t<meta name=\"twitter:label2\" content=\"Gesch\u00e4tzte Lesezeit\" \/>\n\t<meta name=\"twitter:data2\" content=\"3\u00a0Minuten\" \/>\n<script type=\"application\/ld+json\" class=\"yoast-schema-graph\">{\"@context\":\"https:\\\/\\\/schema.org\",\"@graph\":[{\"@type\":\"Article\",\"@id\":\"https:\\\/\\\/www.iemj.org\\\/de\\\/monty-line-1926-2003\\\/#article\",\"isPartOf\":{\"@id\":\"https:\\\/\\\/www.iemj.org\\\/de\\\/monty-line-1926-2003\\\/\"},\"author\":{\"name\":\"Lea Couderc\",\"@id\":\"https:\\\/\\\/www.iemj.org\\\/de\\\/#\\\/schema\\\/person\\\/e2ad57f2c4be119c7ed8ab79036807a9\"},\"headline\":\"Monty, Line (1926-2003)\",\"datePublished\":\"2018-03-13T10:31:33+00:00\",\"dateModified\":\"2025-09-08T15:17:45+00:00\",\"mainEntityOfPage\":{\"@id\":\"https:\\\/\\\/www.iemj.org\\\/de\\\/monty-line-1926-2003\\\/\"},\"wordCount\":398,\"publisher\":{\"@id\":\"https:\\\/\\\/www.iemj.org\\\/de\\\/#organization\"},\"image\":{\"@id\":\"https:\\\/\\\/www.iemj.org\\\/de\\\/monty-line-1926-2003\\\/#primaryimage\"},\"thumbnailUrl\":\"https:\\\/\\\/www.iemj.org\\\/wp-content\\\/uploads\\\/2018\\\/03\\\/arton3240-e1646135902794.jpg\",\"articleSection\":[\"Biografien\"],\"inLanguage\":\"de\"},{\"@type\":\"WebPage\",\"@id\":\"https:\\\/\\\/www.iemj.org\\\/de\\\/monty-line-1926-2003\\\/\",\"url\":\"https:\\\/\\\/www.iemj.org\\\/de\\\/monty-line-1926-2003\\\/\",\"name\":\"Monty, Line (1926-2003) - Institut Europ\u00e9en des Musiques Juives\",\"isPartOf\":{\"@id\":\"https:\\\/\\\/www.iemj.org\\\/de\\\/#website\"},\"primaryImageOfPage\":{\"@id\":\"https:\\\/\\\/www.iemj.org\\\/de\\\/monty-line-1926-2003\\\/#primaryimage\"},\"image\":{\"@id\":\"https:\\\/\\\/www.iemj.org\\\/de\\\/monty-line-1926-2003\\\/#primaryimage\"},\"thumbnailUrl\":\"https:\\\/\\\/www.iemj.org\\\/wp-content\\\/uploads\\\/2018\\\/03\\\/arton3240-e1646135902794.jpg\",\"datePublished\":\"2018-03-13T10:31:33+00:00\",\"dateModified\":\"2025-09-08T15:17:45+00:00\",\"breadcrumb\":{\"@id\":\"https:\\\/\\\/www.iemj.org\\\/de\\\/monty-line-1926-2003\\\/#breadcrumb\"},\"inLanguage\":\"de\",\"potentialAction\":[{\"@type\":\"ReadAction\",\"target\":[\"https:\\\/\\\/www.iemj.org\\\/de\\\/monty-line-1926-2003\\\/\"]}]},{\"@type\":\"ImageObject\",\"inLanguage\":\"de\",\"@id\":\"https:\\\/\\\/www.iemj.org\\\/de\\\/monty-line-1926-2003\\\/#primaryimage\",\"url\":\"https:\\\/\\\/www.iemj.org\\\/wp-content\\\/uploads\\\/2018\\\/03\\\/arton3240-e1646135902794.jpg\",\"contentUrl\":\"https:\\\/\\\/www.iemj.org\\\/wp-content\\\/uploads\\\/2018\\\/03\\\/arton3240-e1646135902794.jpg\",\"width\":218,\"height\":218},{\"@type\":\"BreadcrumbList\",\"@id\":\"https:\\\/\\\/www.iemj.org\\\/de\\\/monty-line-1926-2003\\\/#breadcrumb\",\"itemListElement\":[{\"@type\":\"ListItem\",\"position\":1,\"name\":\"Accueil\",\"item\":\"https:\\\/\\\/www.iemj.org\\\/de\\\/\"},{\"@type\":\"ListItem\",\"position\":2,\"name\":\"Monty, Line (1926-2003)\"}]},{\"@type\":\"WebSite\",\"@id\":\"https:\\\/\\\/www.iemj.org\\\/de\\\/#website\",\"url\":\"https:\\\/\\\/www.iemj.org\\\/de\\\/\",\"name\":\"Institut Europ\u00e9en des Musiques Juives\",\"description\":\"Des traditions musicales \u00e0 la port\u00e9e de tous\",\"publisher\":{\"@id\":\"https:\\\/\\\/www.iemj.org\\\/de\\\/#organization\"},\"potentialAction\":[{\"@type\":\"SearchAction\",\"target\":{\"@type\":\"EntryPoint\",\"urlTemplate\":\"https:\\\/\\\/www.iemj.org\\\/de\\\/?s={search_term_string}\"},\"query-input\":{\"@type\":\"PropertyValueSpecification\",\"valueRequired\":true,\"valueName\":\"search_term_string\"}}],\"inLanguage\":\"de\"},{\"@type\":\"Organization\",\"@id\":\"https:\\\/\\\/www.iemj.org\\\/de\\\/#organization\",\"name\":\"Institut Europ\u00e9en des Musiques Juives\",\"url\":\"https:\\\/\\\/www.iemj.org\\\/de\\\/\",\"logo\":{\"@type\":\"ImageObject\",\"inLanguage\":\"de\",\"@id\":\"https:\\\/\\\/www.iemj.org\\\/de\\\/#\\\/schema\\\/logo\\\/image\\\/\",\"url\":\"https:\\\/\\\/www.iemj.org\\\/wp-content\\\/uploads\\\/2021\\\/09\\\/Logo-IEMJ-Paypal.jpg\",\"contentUrl\":\"https:\\\/\\\/www.iemj.org\\\/wp-content\\\/uploads\\\/2021\\\/09\\\/Logo-IEMJ-Paypal.jpg\",\"width\":150,\"height\":50,\"caption\":\"Institut Europ\u00e9en des Musiques Juives\"},\"image\":{\"@id\":\"https:\\\/\\\/www.iemj.org\\\/de\\\/#\\\/schema\\\/logo\\\/image\\\/\"},\"sameAs\":[\"https:\\\/\\\/www.facebook.com\\\/MusiquesJuives\\\/\",\"https:\\\/\\\/www.instagram.com\\\/musiquesjuives\\\/\",\"https:\\\/\\\/www.youtube.com\\\/user\\\/musiquesjuives\"]},{\"@type\":\"Person\",\"@id\":\"https:\\\/\\\/www.iemj.org\\\/de\\\/#\\\/schema\\\/person\\\/e2ad57f2c4be119c7ed8ab79036807a9\",\"name\":\"Lea Couderc\",\"image\":{\"@type\":\"ImageObject\",\"inLanguage\":\"de\",\"@id\":\"https:\\\/\\\/secure.gravatar.com\\\/avatar\\\/46ee021475d60aeff17a7e490b79dea5a5684bb392ab7fd1494027411df8ba23?s=96&d=mm&r=g\",\"url\":\"https:\\\/\\\/secure.gravatar.com\\\/avatar\\\/46ee021475d60aeff17a7e490b79dea5a5684bb392ab7fd1494027411df8ba23?s=96&d=mm&r=g\",\"contentUrl\":\"https:\\\/\\\/secure.gravatar.com\\\/avatar\\\/46ee021475d60aeff17a7e490b79dea5a5684bb392ab7fd1494027411df8ba23?s=96&d=mm&r=g\",\"caption\":\"Lea Couderc\"}}]}<\/script>\n<!-- \/ Yoast SEO plugin. -->","yoast_head_json":{"title":"Monty, Line (1926-2003) - Institut Europ\u00e9en des Musiques Juives","robots":{"index":"index","follow":"follow","max-snippet":"max-snippet:-1","max-image-preview":"max-image-preview:large","max-video-preview":"max-video-preview:-1"},"canonical":"https:\/\/www.iemj.org\/de\/monty-line-1926-2003\/","og_locale":"de_DE","og_type":"article","og_title":"Monty, Line (1926-2003) - Institut Europ\u00e9en des Musiques Juives","og_url":"https:\/\/www.iemj.org\/de\/monty-line-1926-2003\/","og_site_name":"Institut Europ\u00e9en des Musiques Juives","article_publisher":"https:\/\/www.facebook.com\/MusiquesJuives\/","article_published_time":"2018-03-13T10:31:33+00:00","article_modified_time":"2025-09-08T15:17:45+00:00","og_image":[{"width":218,"height":218,"url":"https:\/\/www.iemj.org\/wp-content\/uploads\/2018\/03\/arton3240-e1646135902794.jpg","type":"image\/jpeg"}],"author":"Lea Couderc","twitter_card":"summary_large_image","twitter_misc":{"Verfasst von":"Lea Couderc","Gesch\u00e4tzte Lesezeit":"3\u00a0Minuten"},"schema":{"@context":"https:\/\/schema.org","@graph":[{"@type":"Article","@id":"https:\/\/www.iemj.org\/de\/monty-line-1926-2003\/#article","isPartOf":{"@id":"https:\/\/www.iemj.org\/de\/monty-line-1926-2003\/"},"author":{"name":"Lea Couderc","@id":"https:\/\/www.iemj.org\/de\/#\/schema\/person\/e2ad57f2c4be119c7ed8ab79036807a9"},"headline":"Monty, Line (1926-2003)","datePublished":"2018-03-13T10:31:33+00:00","dateModified":"2025-09-08T15:17:45+00:00","mainEntityOfPage":{"@id":"https:\/\/www.iemj.org\/de\/monty-line-1926-2003\/"},"wordCount":398,"publisher":{"@id":"https:\/\/www.iemj.org\/de\/#organization"},"image":{"@id":"https:\/\/www.iemj.org\/de\/monty-line-1926-2003\/#primaryimage"},"thumbnailUrl":"https:\/\/www.iemj.org\/wp-content\/uploads\/2018\/03\/arton3240-e1646135902794.jpg","articleSection":["Biografien"],"inLanguage":"de"},{"@type":"WebPage","@id":"https:\/\/www.iemj.org\/de\/monty-line-1926-2003\/","url":"https:\/\/www.iemj.org\/de\/monty-line-1926-2003\/","name":"Monty, Line (1926-2003) - Institut Europ\u00e9en des Musiques Juives","isPartOf":{"@id":"https:\/\/www.iemj.org\/de\/#website"},"primaryImageOfPage":{"@id":"https:\/\/www.iemj.org\/de\/monty-line-1926-2003\/#primaryimage"},"image":{"@id":"https:\/\/www.iemj.org\/de\/monty-line-1926-2003\/#primaryimage"},"thumbnailUrl":"https:\/\/www.iemj.org\/wp-content\/uploads\/2018\/03\/arton3240-e1646135902794.jpg","datePublished":"2018-03-13T10:31:33+00:00","dateModified":"2025-09-08T15:17:45+00:00","breadcrumb":{"@id":"https:\/\/www.iemj.org\/de\/monty-line-1926-2003\/#breadcrumb"},"inLanguage":"de","potentialAction":[{"@type":"ReadAction","target":["https:\/\/www.iemj.org\/de\/monty-line-1926-2003\/"]}]},{"@type":"ImageObject","inLanguage":"de","@id":"https:\/\/www.iemj.org\/de\/monty-line-1926-2003\/#primaryimage","url":"https:\/\/www.iemj.org\/wp-content\/uploads\/2018\/03\/arton3240-e1646135902794.jpg","contentUrl":"https:\/\/www.iemj.org\/wp-content\/uploads\/2018\/03\/arton3240-e1646135902794.jpg","width":218,"height":218},{"@type":"BreadcrumbList","@id":"https:\/\/www.iemj.org\/de\/monty-line-1926-2003\/#breadcrumb","itemListElement":[{"@type":"ListItem","position":1,"name":"Accueil","item":"https:\/\/www.iemj.org\/de\/"},{"@type":"ListItem","position":2,"name":"Monty, Line (1926-2003)"}]},{"@type":"WebSite","@id":"https:\/\/www.iemj.org\/de\/#website","url":"https:\/\/www.iemj.org\/de\/","name":"Institut Europ\u00e9en des Musiques Juives","description":"Des traditions musicales \u00e0 la port\u00e9e de tous","publisher":{"@id":"https:\/\/www.iemj.org\/de\/#organization"},"potentialAction":[{"@type":"SearchAction","target":{"@type":"EntryPoint","urlTemplate":"https:\/\/www.iemj.org\/de\/?s={search_term_string}"},"query-input":{"@type":"PropertyValueSpecification","valueRequired":true,"valueName":"search_term_string"}}],"inLanguage":"de"},{"@type":"Organization","@id":"https:\/\/www.iemj.org\/de\/#organization","name":"Institut Europ\u00e9en des Musiques Juives","url":"https:\/\/www.iemj.org\/de\/","logo":{"@type":"ImageObject","inLanguage":"de","@id":"https:\/\/www.iemj.org\/de\/#\/schema\/logo\/image\/","url":"https:\/\/www.iemj.org\/wp-content\/uploads\/2021\/09\/Logo-IEMJ-Paypal.jpg","contentUrl":"https:\/\/www.iemj.org\/wp-content\/uploads\/2021\/09\/Logo-IEMJ-Paypal.jpg","width":150,"height":50,"caption":"Institut Europ\u00e9en des Musiques Juives"},"image":{"@id":"https:\/\/www.iemj.org\/de\/#\/schema\/logo\/image\/"},"sameAs":["https:\/\/www.facebook.com\/MusiquesJuives\/","https:\/\/www.instagram.com\/musiquesjuives\/","https:\/\/www.youtube.com\/user\/musiquesjuives"]},{"@type":"Person","@id":"https:\/\/www.iemj.org\/de\/#\/schema\/person\/e2ad57f2c4be119c7ed8ab79036807a9","name":"Lea Couderc","image":{"@type":"ImageObject","inLanguage":"de","@id":"https:\/\/secure.gravatar.com\/avatar\/46ee021475d60aeff17a7e490b79dea5a5684bb392ab7fd1494027411df8ba23?s=96&d=mm&r=g","url":"https:\/\/secure.gravatar.com\/avatar\/46ee021475d60aeff17a7e490b79dea5a5684bb392ab7fd1494027411df8ba23?s=96&d=mm&r=g","contentUrl":"https:\/\/secure.gravatar.com\/avatar\/46ee021475d60aeff17a7e490b79dea5a5684bb392ab7fd1494027411df8ba23?s=96&d=mm&r=g","caption":"Lea Couderc"}}]}},"_links":{"self":[{"href":"https:\/\/www.iemj.org\/de\/wp-json\/wp\/v2\/posts\/81543","targetHints":{"allow":["GET"]}}],"collection":[{"href":"https:\/\/www.iemj.org\/de\/wp-json\/wp\/v2\/posts"}],"about":[{"href":"https:\/\/www.iemj.org\/de\/wp-json\/wp\/v2\/types\/post"}],"author":[{"embeddable":true,"href":"https:\/\/www.iemj.org\/de\/wp-json\/wp\/v2\/users\/1052"}],"replies":[{"embeddable":true,"href":"https:\/\/www.iemj.org\/de\/wp-json\/wp\/v2\/comments?post=81543"}],"version-history":[{"count":0,"href":"https:\/\/www.iemj.org\/de\/wp-json\/wp\/v2\/posts\/81543\/revisions"}],"wp:featuredmedia":[{"embeddable":true,"href":"https:\/\/www.iemj.org\/de\/wp-json\/wp\/v2\/media\/52303"}],"wp:attachment":[{"href":"https:\/\/www.iemj.org\/de\/wp-json\/wp\/v2\/media?parent=81543"}],"wp:term":[{"taxonomy":"category","embeddable":true,"href":"https:\/\/www.iemj.org\/de\/wp-json\/wp\/v2\/categories?post=81543"},{"taxonomy":"post_tag","embeddable":true,"href":"https:\/\/www.iemj.org\/de\/wp-json\/wp\/v2\/tags?post=81543"},{"taxonomy":"technique","embeddable":true,"href":"https:\/\/www.iemj.org\/de\/wp-json\/wp\/v2\/technique?post=81543"},{"taxonomy":"squelettes","embeddable":true,"href":"https:\/\/www.iemj.org\/de\/wp-json\/wp\/v2\/squelettes?post=81543"},{"taxonomy":"sujet","embeddable":true,"href":"https:\/\/www.iemj.org\/de\/wp-json\/wp\/v2\/sujet?post=81543"},{"taxonomy":"formation","embeddable":true,"href":"https:\/\/www.iemj.org\/de\/wp-json\/wp\/v2\/formation?post=81543"},{"taxonomy":"genre","embeddable":true,"href":"https:\/\/www.iemj.org\/de\/wp-json\/wp\/v2\/genre?post=81543"},{"taxonomy":"fonds","embeddable":true,"href":"https:\/\/www.iemj.org\/de\/wp-json\/wp\/v2\/fonds?post=81543"},{"taxonomy":"tradition","embeddable":true,"href":"https:\/\/www.iemj.org\/de\/wp-json\/wp\/v2\/tradition?post=81543"},{"taxonomy":"type-de-contenu","embeddable":true,"href":"https:\/\/www.iemj.org\/de\/wp-json\/wp\/v2\/type-de-contenu?post=81543"},{"taxonomy":"interprete-compositeur","embeddable":true,"href":"https:\/\/www.iemj.org\/de\/wp-json\/wp\/v2\/interprete-compositeur?post=81543"},{"taxonomy":"frise","embeddable":true,"href":"https:\/\/www.iemj.org\/de\/wp-json\/wp\/v2\/frise?post=81543"},{"taxonomy":"type-devenement","embeddable":true,"href":"https:\/\/www.iemj.org\/de\/wp-json\/wp\/v2\/type-devenement?post=81543"},{"taxonomy":"tableaux-liens-externes","embeddable":true,"href":"https:\/\/www.iemj.org\/de\/wp-json\/wp\/v2\/tableaux-liens-externes?post=81543"}],"curies":[{"name":"wp","href":"https:\/\/api.w.org\/{rel}","templated":true}]}}