{"id":81684,"date":"2021-12-14T17:30:54","date_gmt":"2021-12-14T16:30:54","guid":{"rendered":"https:\/\/www.iemj.org\/zrihan-emile\/"},"modified":"2022-09-12T15:19:54","modified_gmt":"2022-09-12T13:19:54","slug":"zrihan-emile","status":"publish","type":"post","link":"https:\/\/www.iemj.org\/de\/zrihan-emile\/","title":{"rendered":"Zrihan, Emil"},"content":{"rendered":"<p>Emil Zrihan (manchmal auch \u201eZrihen&#8220; geschrieben) wurde 1952 in Rabat, Marokko, geboren und lernte schon in jungen Jahren den j\u00fcdischen liturgischen Gesang und die marokkanische Volksmusik kennen. Er wanderte 1963 mit seiner Familie nach Israel aus und setzte sein Studium des Chasanut (synagogaler Gesang) fort, wobei er unter anderem bei Rabbi Shlomo Uanunu die Musik der Pijutim lernte.\u00a0 Er zeigte schon fr\u00fch Gesangstalente und hatte seinen ersten Konzertauftritt im Alter von 13 Jahren. Von da an wurde er mehrere Jahre lang regelm\u00e4\u00dfig in der Fernsehsendung \u201eDie Folklore des Orients&#8220; programmiert.<\/p>\n<p>Mit seiner bemerkenswert kr\u00e4ftigen Countertenorstimme bewegte er das Publikum bei Gottesdiensten intensiv, insbesondere in der Gro\u00dfen Synagoge von Aschkelon, deren st\u00e4ndiger Kantor er war. Als Spezialist der arabisch-<img decoding=\"async\" class=\"size-medium wp-image-74731 alignright\" src=\"https:\/\/www.iemj.org\/wp-content\/uploads\/2021\/12\/photo-emile-300x166.jpg\" alt=\"\" width=\"300\" height=\"166\" srcset=\"https:\/\/www.iemj.org\/wp-content\/uploads\/2021\/12\/photo-emile-300x166.jpg 300w, https:\/\/www.iemj.org\/wp-content\/uploads\/2021\/12\/photo-emile-768x425.jpg 768w, https:\/\/www.iemj.org\/wp-content\/uploads\/2021\/12\/photo-emile-600x332.jpg 600w, https:\/\/www.iemj.org\/wp-content\/uploads\/2021\/12\/photo-emile.jpg 850w\" sizes=\"(max-width: 300px) 100vw, 300px\" \/>andalusischen und orientalischen Musik singt er in verschiedenen musikalischen Registern, sowohl im religi\u00f6sen als auch im profanen Rahmen, und interpretiert das arabische, arabisch-andalusische und j\u00fcdisch-arabische Repertoire. Seine besondere St\u00e4rke liegt in der Kunst des Maww\u00e2l (gesungene Improvisationen, die sich meist um die Thematik der Liebe drehen).<\/p>\n<p>Sein Talent wurde 1997 auf der World Music Expo in Berlin der ganzen Welt bekannt gemacht.<\/p>\n<p>Emil Zrihan ist Solos\u00e4nger des Andalusischen Orchesters in Israel und hat zahlreiche Konzerte in Europa, Nordamerika und Israel gegeben.<\/p>\n<p>Unter den zahlreichen Alben, auf denen er zu h\u00f6ren ist, sind besonders \u201eAschkelon\u201c, das 1998 beim deutschen Label Piranha erschien, \u201eAndalousiya&#8220; beim Label Koliphone und die drei B\u00e4nde seiner \u201ej\u00fcdisch-marokkanische Ges\u00e4nge\u201c beim Label NMC hervorzuheben.<\/p>\n<p><a href=\"https:\/\/www.iemj.org\/de\/emile-zrihan\/\" target=\"_blank\" rel=\"noopener\">Die Emil Zrihan gewidmete Playlist anh\u00f6ren<\/a><\/p>\n<p><img fetchpriority=\"high\" decoding=\"async\" class=\"alignnone  wp-image-79515 alignleft\" src=\"https:\/\/www.iemj.org\/wp-content\/uploads\/2022\/02\/CD_1697_COUV_Copier-150x150.jpg\" alt=\"\" width=\"345\" height=\"345\" srcset=\"https:\/\/www.iemj.org\/wp-content\/uploads\/2022\/02\/CD_1697_COUV_Copier-150x150.jpg 150w, https:\/\/www.iemj.org\/wp-content\/uploads\/2022\/02\/CD_1697_COUV_Copier-300x300.jpg 300w, https:\/\/www.iemj.org\/wp-content\/uploads\/2022\/02\/CD_1697_COUV_Copier-100x100.jpg 100w, https:\/\/www.iemj.org\/wp-content\/uploads\/2022\/02\/CD_1697_COUV_Copier.jpg 498w\" sizes=\"(max-width: 345px) 100vw, 345px\" \/><img decoding=\"async\" class=\"wp-image-79510 aligncenter\" src=\"https:\/\/www.iemj.org\/wp-content\/uploads\/2022\/02\/CD_1750_COUV_Copier-150x150.jpg\" alt=\"\" width=\"346\" height=\"346\" srcset=\"https:\/\/www.iemj.org\/wp-content\/uploads\/2022\/02\/CD_1750_COUV_Copier-150x150.jpg 150w, https:\/\/www.iemj.org\/wp-content\/uploads\/2022\/02\/CD_1750_COUV_Copier-300x300.jpg 300w, https:\/\/www.iemj.org\/wp-content\/uploads\/2022\/02\/CD_1750_COUV_Copier-100x100.jpg 100w\" sizes=\"(max-width: 346px) 100vw, 346px\" \/><\/p>\n\n\n<div class=\"wp-block-columns is-layout-flex wp-container-core-columns-is-layout-9d6595d7 wp-block-columns-is-layout-flex\">\n<div class=\"wp-block-column is-layout-flow wp-block-column-is-layout-flow\"><\/div>\n\n\n\n<div class=\"wp-block-column is-layout-flow wp-block-column-is-layout-flow\"><\/div>\n<\/div>\n\n\n\n<figure class=\"wp-block-embed is-type-video is-provider-youtube wp-block-embed-youtube wp-embed-aspect-16-9 wp-has-aspect-ratio\"><div class=\"wp-block-embed__wrapper\">\n<iframe title=\"Maurice El Medioni Avec Emil Zrihan\" width=\"640\" height=\"360\" src=\"https:\/\/www.youtube.com\/embed\/RyKLeD_9Fb4?feature=oembed\" frameborder=\"0\" allow=\"accelerometer; autoplay; clipboard-write; encrypted-media; gyroscope; picture-in-picture; web-share\" referrerpolicy=\"strict-origin-when-cross-origin\" allowfullscreen><\/iframe>\n<\/div><\/figure>\n\n\n\n<figure class=\"wp-block-embed is-type-video is-provider-youtube wp-block-embed-youtube wp-embed-aspect-4-3 wp-has-aspect-ratio\"><div class=\"wp-block-embed__wrapper\">\n<iframe title=\"EMILE ZRIHAN - Mariage a Mogador\" width=\"640\" height=\"480\" src=\"https:\/\/www.youtube.com\/embed\/J09nM6gUbBY?feature=oembed\" frameborder=\"0\" allow=\"accelerometer; autoplay; clipboard-write; encrypted-media; gyroscope; picture-in-picture; web-share\" referrerpolicy=\"strict-origin-when-cross-origin\" allowfullscreen><\/iframe>\n<\/div><\/figure>\n\n\n\n<p><\/p>\n\n\n\n<p><\/p>\n\n\n\n<p><\/p>\n\n\n\n<p><\/p>\n\n\n\n<p><\/p>\n\n\n\n<p><\/p>\n\n\n\n<p><\/p>\n\n\n\n<p><\/p>\n\n\n\n<p><\/p>\n\n\n\n<p><\/p>\n\n\n\n<p><\/p>\n\n\n\n<p><\/p>\n\n\n\n<p><\/p>\n\n\n\n<p><\/p>\n\n\n\n<p><\/p>\n\n\n\n<div class=\"wp-block-group\"><div class=\"wp-block-group__inner-container is-layout-flow wp-block-group-is-layout-flow\">\n<div class=\"wp-block-columns is-layout-flex wp-container-core-columns-is-layout-9d6595d7 wp-block-columns-is-layout-flex\">\n<div class=\"wp-block-column is-layout-flow wp-block-column-is-layout-flow\">\n<p><\/p>\n<\/div>\n<\/div>\n<\/div><\/div>\n\n\n\n<p><\/p>\n\n\n\n<p><\/p>\n","protected":false},"excerpt":{"rendered":"<p>Emil Zrihan (manchmal auch \u201eZrihen&#8220; geschrieben) wurde 1952 in Rabat, Marokko, geboren und lernte schon in jungen Jahren den j\u00fcdischen liturgischen Gesang und die marokkanische Volksmusik kennen. Er wanderte 1963<\/p>\n","protected":false},"author":1048,"featured_media":74726,"comment_status":"closed","ping_status":"closed","sticky":false,"template":"","format":"standard","meta":{"_acf_changed":false,"footnotes":""},"categories":[1415],"tags":[],"technique":[],"squelettes":[],"sujet":[],"formation":[],"genre":[],"fonds":[],"tradition":[],"type-de-contenu":[],"interprete-compositeur":[],"frise":[],"type-devenement":[],"tableaux-liens-externes":[],"class_list":["post-81684","post","type-post","status-publish","format-standard","has-post-thumbnail","hentry","category-biografien-de"],"acf":[],"yoast_head":"<!-- This site is optimized with the Yoast SEO plugin v27.3 - https:\/\/yoast.com\/product\/yoast-seo-wordpress\/ -->\n<title>Zrihan, Emil - Institut Europ\u00e9en des Musiques Juives<\/title>\n<meta name=\"robots\" content=\"index, follow, max-snippet:-1, max-image-preview:large, max-video-preview:-1\" \/>\n<link rel=\"canonical\" href=\"https:\/\/www.iemj.org\/de\/zrihan-emile\/\" \/>\n<meta property=\"og:locale\" content=\"de_DE\" \/>\n<meta property=\"og:type\" content=\"article\" \/>\n<meta property=\"og:title\" content=\"Zrihan, Emil - Institut Europ\u00e9en des Musiques Juives\" \/>\n<meta property=\"og:description\" content=\"Emil Zrihan (manchmal auch \u201eZrihen&#8220; geschrieben) wurde 1952 in Rabat, Marokko, geboren und lernte schon in jungen Jahren den j\u00fcdischen liturgischen Gesang und die marokkanische Volksmusik kennen. Er wanderte 1963\" \/>\n<meta property=\"og:url\" content=\"https:\/\/www.iemj.org\/de\/zrihan-emile\/\" \/>\n<meta property=\"og:site_name\" content=\"Institut Europ\u00e9en des Musiques Juives\" \/>\n<meta property=\"article:publisher\" content=\"https:\/\/www.facebook.com\/MusiquesJuives\/\" \/>\n<meta property=\"article:published_time\" content=\"2021-12-14T16:30:54+00:00\" \/>\n<meta property=\"article:modified_time\" content=\"2022-09-12T13:19:54+00:00\" \/>\n<meta property=\"og:image\" content=\"https:\/\/www.iemj.org\/wp-content\/uploads\/2021\/12\/emil-zrihan-logo-e1647516058503.jpg\" \/>\n\t<meta property=\"og:image:width\" content=\"181\" \/>\n\t<meta property=\"og:image:height\" content=\"218\" \/>\n\t<meta property=\"og:image:type\" content=\"image\/jpeg\" \/>\n<meta name=\"author\" content=\"Jean-Gabriel Davis\" \/>\n<meta name=\"twitter:card\" content=\"summary_large_image\" \/>\n<meta name=\"twitter:label1\" content=\"Verfasst von\" \/>\n\t<meta name=\"twitter:data1\" content=\"Jean-Gabriel Davis\" \/>\n\t<meta name=\"twitter:label2\" content=\"Gesch\u00e4tzte Lesezeit\" \/>\n\t<meta name=\"twitter:data2\" content=\"2\u00a0Minuten\" \/>\n<script type=\"application\/ld+json\" class=\"yoast-schema-graph\">{\"@context\":\"https:\\\/\\\/schema.org\",\"@graph\":[{\"@type\":\"Article\",\"@id\":\"https:\\\/\\\/www.iemj.org\\\/de\\\/zrihan-emile\\\/#article\",\"isPartOf\":{\"@id\":\"https:\\\/\\\/www.iemj.org\\\/de\\\/zrihan-emile\\\/\"},\"author\":{\"name\":\"Jean-Gabriel Davis\",\"@id\":\"https:\\\/\\\/www.iemj.org\\\/de\\\/#\\\/schema\\\/person\\\/c9bc1c386a3749579a2d675e72a18666\"},\"headline\":\"Zrihan, Emil\",\"datePublished\":\"2021-12-14T16:30:54+00:00\",\"dateModified\":\"2022-09-12T13:19:54+00:00\",\"mainEntityOfPage\":{\"@id\":\"https:\\\/\\\/www.iemj.org\\\/de\\\/zrihan-emile\\\/\"},\"wordCount\":263,\"publisher\":{\"@id\":\"https:\\\/\\\/www.iemj.org\\\/de\\\/#organization\"},\"image\":{\"@id\":\"https:\\\/\\\/www.iemj.org\\\/de\\\/zrihan-emile\\\/#primaryimage\"},\"thumbnailUrl\":\"https:\\\/\\\/www.iemj.org\\\/wp-content\\\/uploads\\\/2021\\\/12\\\/emil-zrihan-logo-e1647516058503.jpg\",\"articleSection\":[\"Biografien\"],\"inLanguage\":\"de\"},{\"@type\":\"WebPage\",\"@id\":\"https:\\\/\\\/www.iemj.org\\\/de\\\/zrihan-emile\\\/\",\"url\":\"https:\\\/\\\/www.iemj.org\\\/de\\\/zrihan-emile\\\/\",\"name\":\"Zrihan, Emil - Institut Europ\u00e9en des Musiques Juives\",\"isPartOf\":{\"@id\":\"https:\\\/\\\/www.iemj.org\\\/de\\\/#website\"},\"primaryImageOfPage\":{\"@id\":\"https:\\\/\\\/www.iemj.org\\\/de\\\/zrihan-emile\\\/#primaryimage\"},\"image\":{\"@id\":\"https:\\\/\\\/www.iemj.org\\\/de\\\/zrihan-emile\\\/#primaryimage\"},\"thumbnailUrl\":\"https:\\\/\\\/www.iemj.org\\\/wp-content\\\/uploads\\\/2021\\\/12\\\/emil-zrihan-logo-e1647516058503.jpg\",\"datePublished\":\"2021-12-14T16:30:54+00:00\",\"dateModified\":\"2022-09-12T13:19:54+00:00\",\"breadcrumb\":{\"@id\":\"https:\\\/\\\/www.iemj.org\\\/de\\\/zrihan-emile\\\/#breadcrumb\"},\"inLanguage\":\"de\",\"potentialAction\":[{\"@type\":\"ReadAction\",\"target\":[\"https:\\\/\\\/www.iemj.org\\\/de\\\/zrihan-emile\\\/\"]}]},{\"@type\":\"ImageObject\",\"inLanguage\":\"de\",\"@id\":\"https:\\\/\\\/www.iemj.org\\\/de\\\/zrihan-emile\\\/#primaryimage\",\"url\":\"https:\\\/\\\/www.iemj.org\\\/wp-content\\\/uploads\\\/2021\\\/12\\\/emil-zrihan-logo-e1647516058503.jpg\",\"contentUrl\":\"https:\\\/\\\/www.iemj.org\\\/wp-content\\\/uploads\\\/2021\\\/12\\\/emil-zrihan-logo-e1647516058503.jpg\",\"width\":181,\"height\":218},{\"@type\":\"BreadcrumbList\",\"@id\":\"https:\\\/\\\/www.iemj.org\\\/de\\\/zrihan-emile\\\/#breadcrumb\",\"itemListElement\":[{\"@type\":\"ListItem\",\"position\":1,\"name\":\"Accueil\",\"item\":\"https:\\\/\\\/www.iemj.org\\\/de\\\/\"},{\"@type\":\"ListItem\",\"position\":2,\"name\":\"Zrihan, Emil\"}]},{\"@type\":\"WebSite\",\"@id\":\"https:\\\/\\\/www.iemj.org\\\/de\\\/#website\",\"url\":\"https:\\\/\\\/www.iemj.org\\\/de\\\/\",\"name\":\"Institut Europ\u00e9en des Musiques Juives\",\"description\":\"Des traditions musicales \u00e0 la port\u00e9e de tous\",\"publisher\":{\"@id\":\"https:\\\/\\\/www.iemj.org\\\/de\\\/#organization\"},\"potentialAction\":[{\"@type\":\"SearchAction\",\"target\":{\"@type\":\"EntryPoint\",\"urlTemplate\":\"https:\\\/\\\/www.iemj.org\\\/de\\\/?s={search_term_string}\"},\"query-input\":{\"@type\":\"PropertyValueSpecification\",\"valueRequired\":true,\"valueName\":\"search_term_string\"}}],\"inLanguage\":\"de\"},{\"@type\":\"Organization\",\"@id\":\"https:\\\/\\\/www.iemj.org\\\/de\\\/#organization\",\"name\":\"Institut Europ\u00e9en des Musiques Juives\",\"url\":\"https:\\\/\\\/www.iemj.org\\\/de\\\/\",\"logo\":{\"@type\":\"ImageObject\",\"inLanguage\":\"de\",\"@id\":\"https:\\\/\\\/www.iemj.org\\\/de\\\/#\\\/schema\\\/logo\\\/image\\\/\",\"url\":\"https:\\\/\\\/www.iemj.org\\\/wp-content\\\/uploads\\\/2021\\\/09\\\/Logo-IEMJ-Paypal.jpg\",\"contentUrl\":\"https:\\\/\\\/www.iemj.org\\\/wp-content\\\/uploads\\\/2021\\\/09\\\/Logo-IEMJ-Paypal.jpg\",\"width\":150,\"height\":50,\"caption\":\"Institut Europ\u00e9en des Musiques Juives\"},\"image\":{\"@id\":\"https:\\\/\\\/www.iemj.org\\\/de\\\/#\\\/schema\\\/logo\\\/image\\\/\"},\"sameAs\":[\"https:\\\/\\\/www.facebook.com\\\/MusiquesJuives\\\/\",\"https:\\\/\\\/www.instagram.com\\\/musiquesjuives\\\/\",\"https:\\\/\\\/www.youtube.com\\\/user\\\/musiquesjuives\"]},{\"@type\":\"Person\",\"@id\":\"https:\\\/\\\/www.iemj.org\\\/de\\\/#\\\/schema\\\/person\\\/c9bc1c386a3749579a2d675e72a18666\",\"name\":\"Jean-Gabriel Davis\",\"image\":{\"@type\":\"ImageObject\",\"inLanguage\":\"de\",\"@id\":\"https:\\\/\\\/secure.gravatar.com\\\/avatar\\\/2b90d67bdf392c9b3a21fab87c0fa7edaf1fb3a058172a1ffd61033fcec7aec1?s=96&d=mm&r=g\",\"url\":\"https:\\\/\\\/secure.gravatar.com\\\/avatar\\\/2b90d67bdf392c9b3a21fab87c0fa7edaf1fb3a058172a1ffd61033fcec7aec1?s=96&d=mm&r=g\",\"contentUrl\":\"https:\\\/\\\/secure.gravatar.com\\\/avatar\\\/2b90d67bdf392c9b3a21fab87c0fa7edaf1fb3a058172a1ffd61033fcec7aec1?s=96&d=mm&r=g\",\"caption\":\"Jean-Gabriel Davis\"}}]}<\/script>\n<!-- \/ Yoast SEO plugin. -->","yoast_head_json":{"title":"Zrihan, Emil - Institut Europ\u00e9en des Musiques Juives","robots":{"index":"index","follow":"follow","max-snippet":"max-snippet:-1","max-image-preview":"max-image-preview:large","max-video-preview":"max-video-preview:-1"},"canonical":"https:\/\/www.iemj.org\/de\/zrihan-emile\/","og_locale":"de_DE","og_type":"article","og_title":"Zrihan, Emil - Institut Europ\u00e9en des Musiques Juives","og_description":"Emil Zrihan (manchmal auch \u201eZrihen&#8220; geschrieben) wurde 1952 in Rabat, Marokko, geboren und lernte schon in jungen Jahren den j\u00fcdischen liturgischen Gesang und die marokkanische Volksmusik kennen. Er wanderte 1963","og_url":"https:\/\/www.iemj.org\/de\/zrihan-emile\/","og_site_name":"Institut Europ\u00e9en des Musiques Juives","article_publisher":"https:\/\/www.facebook.com\/MusiquesJuives\/","article_published_time":"2021-12-14T16:30:54+00:00","article_modified_time":"2022-09-12T13:19:54+00:00","og_image":[{"width":181,"height":218,"url":"https:\/\/www.iemj.org\/wp-content\/uploads\/2021\/12\/emil-zrihan-logo-e1647516058503.jpg","type":"image\/jpeg"}],"author":"Jean-Gabriel Davis","twitter_card":"summary_large_image","twitter_misc":{"Verfasst von":"Jean-Gabriel Davis","Gesch\u00e4tzte Lesezeit":"2\u00a0Minuten"},"schema":{"@context":"https:\/\/schema.org","@graph":[{"@type":"Article","@id":"https:\/\/www.iemj.org\/de\/zrihan-emile\/#article","isPartOf":{"@id":"https:\/\/www.iemj.org\/de\/zrihan-emile\/"},"author":{"name":"Jean-Gabriel Davis","@id":"https:\/\/www.iemj.org\/de\/#\/schema\/person\/c9bc1c386a3749579a2d675e72a18666"},"headline":"Zrihan, Emil","datePublished":"2021-12-14T16:30:54+00:00","dateModified":"2022-09-12T13:19:54+00:00","mainEntityOfPage":{"@id":"https:\/\/www.iemj.org\/de\/zrihan-emile\/"},"wordCount":263,"publisher":{"@id":"https:\/\/www.iemj.org\/de\/#organization"},"image":{"@id":"https:\/\/www.iemj.org\/de\/zrihan-emile\/#primaryimage"},"thumbnailUrl":"https:\/\/www.iemj.org\/wp-content\/uploads\/2021\/12\/emil-zrihan-logo-e1647516058503.jpg","articleSection":["Biografien"],"inLanguage":"de"},{"@type":"WebPage","@id":"https:\/\/www.iemj.org\/de\/zrihan-emile\/","url":"https:\/\/www.iemj.org\/de\/zrihan-emile\/","name":"Zrihan, Emil - Institut Europ\u00e9en des Musiques Juives","isPartOf":{"@id":"https:\/\/www.iemj.org\/de\/#website"},"primaryImageOfPage":{"@id":"https:\/\/www.iemj.org\/de\/zrihan-emile\/#primaryimage"},"image":{"@id":"https:\/\/www.iemj.org\/de\/zrihan-emile\/#primaryimage"},"thumbnailUrl":"https:\/\/www.iemj.org\/wp-content\/uploads\/2021\/12\/emil-zrihan-logo-e1647516058503.jpg","datePublished":"2021-12-14T16:30:54+00:00","dateModified":"2022-09-12T13:19:54+00:00","breadcrumb":{"@id":"https:\/\/www.iemj.org\/de\/zrihan-emile\/#breadcrumb"},"inLanguage":"de","potentialAction":[{"@type":"ReadAction","target":["https:\/\/www.iemj.org\/de\/zrihan-emile\/"]}]},{"@type":"ImageObject","inLanguage":"de","@id":"https:\/\/www.iemj.org\/de\/zrihan-emile\/#primaryimage","url":"https:\/\/www.iemj.org\/wp-content\/uploads\/2021\/12\/emil-zrihan-logo-e1647516058503.jpg","contentUrl":"https:\/\/www.iemj.org\/wp-content\/uploads\/2021\/12\/emil-zrihan-logo-e1647516058503.jpg","width":181,"height":218},{"@type":"BreadcrumbList","@id":"https:\/\/www.iemj.org\/de\/zrihan-emile\/#breadcrumb","itemListElement":[{"@type":"ListItem","position":1,"name":"Accueil","item":"https:\/\/www.iemj.org\/de\/"},{"@type":"ListItem","position":2,"name":"Zrihan, Emil"}]},{"@type":"WebSite","@id":"https:\/\/www.iemj.org\/de\/#website","url":"https:\/\/www.iemj.org\/de\/","name":"Institut Europ\u00e9en des Musiques Juives","description":"Des traditions musicales \u00e0 la port\u00e9e de tous","publisher":{"@id":"https:\/\/www.iemj.org\/de\/#organization"},"potentialAction":[{"@type":"SearchAction","target":{"@type":"EntryPoint","urlTemplate":"https:\/\/www.iemj.org\/de\/?s={search_term_string}"},"query-input":{"@type":"PropertyValueSpecification","valueRequired":true,"valueName":"search_term_string"}}],"inLanguage":"de"},{"@type":"Organization","@id":"https:\/\/www.iemj.org\/de\/#organization","name":"Institut Europ\u00e9en des Musiques Juives","url":"https:\/\/www.iemj.org\/de\/","logo":{"@type":"ImageObject","inLanguage":"de","@id":"https:\/\/www.iemj.org\/de\/#\/schema\/logo\/image\/","url":"https:\/\/www.iemj.org\/wp-content\/uploads\/2021\/09\/Logo-IEMJ-Paypal.jpg","contentUrl":"https:\/\/www.iemj.org\/wp-content\/uploads\/2021\/09\/Logo-IEMJ-Paypal.jpg","width":150,"height":50,"caption":"Institut Europ\u00e9en des Musiques Juives"},"image":{"@id":"https:\/\/www.iemj.org\/de\/#\/schema\/logo\/image\/"},"sameAs":["https:\/\/www.facebook.com\/MusiquesJuives\/","https:\/\/www.instagram.com\/musiquesjuives\/","https:\/\/www.youtube.com\/user\/musiquesjuives"]},{"@type":"Person","@id":"https:\/\/www.iemj.org\/de\/#\/schema\/person\/c9bc1c386a3749579a2d675e72a18666","name":"Jean-Gabriel Davis","image":{"@type":"ImageObject","inLanguage":"de","@id":"https:\/\/secure.gravatar.com\/avatar\/2b90d67bdf392c9b3a21fab87c0fa7edaf1fb3a058172a1ffd61033fcec7aec1?s=96&d=mm&r=g","url":"https:\/\/secure.gravatar.com\/avatar\/2b90d67bdf392c9b3a21fab87c0fa7edaf1fb3a058172a1ffd61033fcec7aec1?s=96&d=mm&r=g","contentUrl":"https:\/\/secure.gravatar.com\/avatar\/2b90d67bdf392c9b3a21fab87c0fa7edaf1fb3a058172a1ffd61033fcec7aec1?s=96&d=mm&r=g","caption":"Jean-Gabriel Davis"}}]}},"_links":{"self":[{"href":"https:\/\/www.iemj.org\/de\/wp-json\/wp\/v2\/posts\/81684","targetHints":{"allow":["GET"]}}],"collection":[{"href":"https:\/\/www.iemj.org\/de\/wp-json\/wp\/v2\/posts"}],"about":[{"href":"https:\/\/www.iemj.org\/de\/wp-json\/wp\/v2\/types\/post"}],"author":[{"embeddable":true,"href":"https:\/\/www.iemj.org\/de\/wp-json\/wp\/v2\/users\/1048"}],"replies":[{"embeddable":true,"href":"https:\/\/www.iemj.org\/de\/wp-json\/wp\/v2\/comments?post=81684"}],"version-history":[{"count":0,"href":"https:\/\/www.iemj.org\/de\/wp-json\/wp\/v2\/posts\/81684\/revisions"}],"wp:featuredmedia":[{"embeddable":true,"href":"https:\/\/www.iemj.org\/de\/wp-json\/wp\/v2\/media\/74726"}],"wp:attachment":[{"href":"https:\/\/www.iemj.org\/de\/wp-json\/wp\/v2\/media?parent=81684"}],"wp:term":[{"taxonomy":"category","embeddable":true,"href":"https:\/\/www.iemj.org\/de\/wp-json\/wp\/v2\/categories?post=81684"},{"taxonomy":"post_tag","embeddable":true,"href":"https:\/\/www.iemj.org\/de\/wp-json\/wp\/v2\/tags?post=81684"},{"taxonomy":"technique","embeddable":true,"href":"https:\/\/www.iemj.org\/de\/wp-json\/wp\/v2\/technique?post=81684"},{"taxonomy":"squelettes","embeddable":true,"href":"https:\/\/www.iemj.org\/de\/wp-json\/wp\/v2\/squelettes?post=81684"},{"taxonomy":"sujet","embeddable":true,"href":"https:\/\/www.iemj.org\/de\/wp-json\/wp\/v2\/sujet?post=81684"},{"taxonomy":"formation","embeddable":true,"href":"https:\/\/www.iemj.org\/de\/wp-json\/wp\/v2\/formation?post=81684"},{"taxonomy":"genre","embeddable":true,"href":"https:\/\/www.iemj.org\/de\/wp-json\/wp\/v2\/genre?post=81684"},{"taxonomy":"fonds","embeddable":true,"href":"https:\/\/www.iemj.org\/de\/wp-json\/wp\/v2\/fonds?post=81684"},{"taxonomy":"tradition","embeddable":true,"href":"https:\/\/www.iemj.org\/de\/wp-json\/wp\/v2\/tradition?post=81684"},{"taxonomy":"type-de-contenu","embeddable":true,"href":"https:\/\/www.iemj.org\/de\/wp-json\/wp\/v2\/type-de-contenu?post=81684"},{"taxonomy":"interprete-compositeur","embeddable":true,"href":"https:\/\/www.iemj.org\/de\/wp-json\/wp\/v2\/interprete-compositeur?post=81684"},{"taxonomy":"frise","embeddable":true,"href":"https:\/\/www.iemj.org\/de\/wp-json\/wp\/v2\/frise?post=81684"},{"taxonomy":"type-devenement","embeddable":true,"href":"https:\/\/www.iemj.org\/de\/wp-json\/wp\/v2\/type-devenement?post=81684"},{"taxonomy":"tableaux-liens-externes","embeddable":true,"href":"https:\/\/www.iemj.org\/de\/wp-json\/wp\/v2\/tableaux-liens-externes?post=81684"}],"curies":[{"name":"wp","href":"https:\/\/api.w.org\/{rel}","templated":true}]}}