{"id":83110,"date":"2022-04-18T18:24:12","date_gmt":"2022-04-18T16:24:12","guid":{"rendered":"https:\/\/www.iemj.org\/piattelli-elio-1910-2001\/"},"modified":"2022-09-12T14:51:54","modified_gmt":"2022-09-12T12:51:54","slug":"piattelli-elio-1910-2001","status":"publish","type":"post","link":"https:\/\/www.iemj.org\/de\/piattelli-elio-1910-2001\/","title":{"rendered":"Piattelli, Elio (1910-2001)"},"content":{"rendered":"<p>Elio Piattelli wurde am 30. Mai 1910 in Rom geboren. 1931 schloss er sein Studium der Literaturwissenschaft an der Universit\u00e4t Rom mit der H\u00f6chstnote \u201e110 von 110 Punkten&#8220; ab. Er studierte bei Maestro Cesare Dobici (1873-1944) und machte 1941 seinen Kompositions-Abschluss am Konservatorium Santa Cecilia in Rom. Im selben Jahr nahm er mit zwei Kompositionen f\u00fcr Chor am Wettbewerb der Academia Reale Filharmonica Romana teil. Ebenfalls 1941 wurde sein vieraktiges St\u00fcck <em>In\u00e9s de Su\u00e0rez<\/em> (Booklet von G. Guerra) in Santiago de Chile anl\u00e4sslich des vierhundertsten Jahrestags der Gr\u00fcndung der Stadt Santiago aufgef\u00fchrt.<\/p>\n<p>In der Nachkriegszeit leitete Piatelli den Chor des Politeama in Palermo. Er gibt Kurse f\u00fcr liturgische Ges\u00e4nge auf Hebr\u00e4isch in Italien (Rom, Palestrina, Turin, Mailand, Florenz, Neapel&#8230;) und Frankreich (Abtei von S\u00e9nanque in der N\u00e4he von Avignon, Saint-Louis in Paris, Stra\u00dfburg).<\/p>\n<p>Als Chorleiter des Tempio Maggiore in Rom leitete er von 1948 bis 1984 das liturgische Leben der Synagoge mit dem Chor, der Melodien aus der oralen Tradition der verschiedenen Riten der r\u00f6misch-j\u00fcdischen Gemeinde und Kompositionen seiner Melodien f\u00fcr die Liturgie der Feiertage und f\u00fcr j\u00fcdische Feste sang. Alle seine musikalischen, literarischen und musikwissenschaftlichen Produktionen werden in 44 Ordnern aufbewahrt, die den Piattelli-Fonds am <a href=\"https:\/\/ibimus.eu\/tour\">IBIMUS<\/a>\u00a0in Rom bilden, dank der Unterst\u00fctzung von Prof. Dr. Giancarlo Rostirola, dem leidenschaftlichen Interesse von Maestro Lino Bianchi (1920-2013), der Schenkung seines Archivs durch seine Tochter, Dr. Daniela Piattelli, und der Katalogisierungsarbeit von Prof. Pasquale Tro\u00eca.<\/p>\n<p><img fetchpriority=\"high\" decoding=\"async\" class=\"size-full wp-image-83007 alignright\" src=\"https:\/\/www.iemj.org\/wp-content\/uploads\/2022\/04\/canti-liturgici-Piattelli_COUV-redim.jpg\" alt=\"\" width=\"219\" height=\"300\" \/><\/p>\n<p>W\u00e4hrend seiner langen Karriere war Elio Piattelli in vier Hauptbereichen t\u00e4tig:<\/p>\n<ol>\n<li><strong>Die Transkription von Liedern aus der oralen Tradition<\/strong> anhand der Stimmen der alten Kantoren der verschiedenen italienischen j\u00fcdischen Riten und Traditionen.<\/li>\n<li><strong>Die Komposition von Ges\u00e4ngen<\/strong>, die die Bedeutung und den Wert der liturgischen j\u00fcdischen Vokaltraditionen erneuern, Ges\u00e4nge, die heute noch vom Chor des Tempio Maggiore in Rom aufgef\u00fchrt werden.<\/li>\n<li><strong>Eine literarische Produktion<\/strong>\u00a0als \u00dcbersetzer, erleichtert durch seine Kenntnisse des Hebr\u00e4ischen und der europ\u00e4ischen Sprachen (viele erinnern sich noch an ihn als Englischlehrer) und durch jene einfache und synthetische erz\u00e4hlerische Vielseitigkeit, die ihm sein Charakter verliehen hat.<\/li>\n<li><strong>Musikalische T\u00e4tigkeit und musikwissenschaftliche Arbeiten<\/strong>: Als Meister des Chors des Tempio Maggiore in Rom von 1948 bis 1984 leitete er das liturgische Leben der Synagoge mit dem Chor, der &#8211; wie bereits erw\u00e4hnt &#8211; Melodien aus der oralen Tradition der verschiedenen Riten der r\u00f6misch-j\u00fcdischen Gemeinde und Kompositionen seiner Melodien f\u00fcr die Festtagsliturgie und f\u00fcr j\u00fcdische Feiertage sang. Er ver\u00f6ffentlichte au\u00dferdem vier Sammlungen liturgischer Ges\u00e4nge, die auf Transkriptionen von verschiedenen Vertretern der italienischen j\u00fcdischen oralen Tradition basierten:<\/li>\n<\/ol>\n<ul>\n<li><em>Canti liturgici ebraici di rito italiano <\/em>(Liturgical Jewish Chants of the Italian Rite), transcribed and commented by E. Piattelli Edizioni De Santis, Rome 1967;<\/li>\n<li><em>Canti liturgici ebraici del Piemonte <\/em>(Jewish Liturgical Chants from Piedmont), transcribed and commented by E. Piattelli, Edizioni De Santis, Rome 1986;<\/li>\n<li><em>Canti liturgici di rito spagnolo del Tempio Israelitico di Firenze <\/em>(Liturgical Chants of the Sephardic Rite of the Israelite Temple in Florence), transcribed and commented by E. Piattelli, Editrice La Giuntina, Florence 1992;<\/li>\n<li><em>Canti liturgici ebraici di rito spagnolo di Roma<\/em>(Jewish Liturgical Chants of the Sephardi Rite of Rome) transcribed by Elio Piattelli (edited by P. Tro\u00eca), Fondazione Istituto Italiano per la Storia della Musica, Rome 2003-5763.<\/li>\n<\/ul>\n<p>Elio Piattelli starb am 13. Januar 2001 in Rom.<\/p>\n<ol>\n<li style=\"list-style-type: none;\">\u00a0<\/li>\n<\/ol>\n<p><strong>Quellen:<\/strong><\/p>\n<p>Giacomo BAROFFIO, Pasquale TROIA,\u00a0<em>Elio Piattelli in memoriam<\/em>,\u00a0<em>Revue liturgique<\/em>, ann\u00e9e LXXXVIII, Troisi\u00e8me s\u00e9rie, n\u00b0 5 septembre-octobre 2001, 669-677. Weitere Informationen in P. TROIA,\u00a0<em><u>Canti del Tempio Maggiore in Rom<\/u><\/em>, Band II, Gangemi Editore, Rom, erscheint in K\u00fcrze (2022).<\/p>\n<p><a href=\"https:\/\/jewish-music.huji.ac.il\/content\/elio-piattelli\" target=\"_blank\" rel=\"noopener\">Mehr \u00fcber Elio Piattelli<\/a><\/p>\n<p><a href=\"https:\/\/www.shalom.it\/blog\/editoriali-bc9\/il-ma-elio-piattelli-un-ricordo-ed-una-testimonianza-nel-ventesimo-della-sua-scomparsa-b1105351\" target=\"_blank\" rel=\"noopener\">Lesen Sie den Artikel: <em>Il M\u00b0 Elio Piattelli: un ricordo ed una testimonianza nel ventesimo della sua scomparsa<\/em> (<em>Elio Piattelli: Eine Erinnerung und ein Zeugnis zum zwanzigsten Jahrestag seines Todes)<\/em><\/a><\/p>\n<p><a href=\"https:\/\/www.pasqualetroia.it\/\" target=\"_blank\" rel=\"noopener\">Mehr \u00fcber Pasquale Tro\u00eca<\/a><\/p>\n\n\n<figure class=\"wp-block-embed is-type-video is-provider-youtube wp-block-embed-youtube wp-embed-aspect-16-9 wp-has-aspect-ratio\"><div class=\"wp-block-embed__wrapper\">\n<iframe title=\"Elio Piattelli - Quartetto d&#039;archi - Canti liturgici di rito italiano - Roma, dicembre 2000\" width=\"640\" height=\"360\" src=\"https:\/\/www.youtube.com\/embed\/P7-bSF39qiE?feature=oembed\" frameborder=\"0\" allow=\"accelerometer; autoplay; clipboard-write; encrypted-media; gyroscope; picture-in-picture; web-share\" referrerpolicy=\"strict-origin-when-cross-origin\" allowfullscreen><\/iframe>\n<\/div><figcaption><strong><em><strong><em>Streichquartett <\/em>von Elio Piattelli mit Motiven aus j\u00fcdischen liturgischen Melodien nach italienischem Ritus<\/strong><\/em><\/strong><\/figcaption><\/figure>\n","protected":false},"excerpt":{"rendered":"<p>Elio Piattelli wurde am 30. Mai 1910 in Rom geboren. 1931 schloss er sein Studium der Literaturwissenschaft an der Universit\u00e4t Rom mit der H\u00f6chstnote \u201e110 von 110 Punkten&#8220; ab. Er<\/p>\n","protected":false},"author":5,"featured_media":83001,"comment_status":"closed","ping_status":"closed","sticky":false,"template":"","format":"standard","meta":{"_acf_changed":false,"footnotes":""},"categories":[1415],"tags":[2090],"technique":[],"squelettes":[],"sujet":[],"formation":[],"genre":[],"fonds":[],"tradition":[],"type-de-contenu":[],"interprete-compositeur":[],"frise":[],"type-devenement":[],"tableaux-liens-externes":[],"class_list":["post-83110","post","type-post","status-publish","format-standard","has-post-thumbnail","hentry","category-biografien-de","tag-italien-de"],"acf":[],"yoast_head":"<!-- This site is optimized with the Yoast SEO plugin v27.3 - https:\/\/yoast.com\/product\/yoast-seo-wordpress\/ -->\n<title>Piattelli, Elio (1910-2001) - Institut Europ\u00e9en des Musiques Juives<\/title>\n<meta name=\"robots\" content=\"index, follow, max-snippet:-1, max-image-preview:large, max-video-preview:-1\" \/>\n<link rel=\"canonical\" href=\"https:\/\/www.iemj.org\/de\/piattelli-elio-1910-2001\/\" \/>\n<meta property=\"og:locale\" content=\"de_DE\" \/>\n<meta property=\"og:type\" content=\"article\" \/>\n<meta property=\"og:title\" content=\"Piattelli, Elio (1910-2001) - Institut Europ\u00e9en des Musiques Juives\" \/>\n<meta property=\"og:description\" content=\"Elio Piattelli wurde am 30. Mai 1910 in Rom geboren. 1931 schloss er sein Studium der Literaturwissenschaft an der Universit\u00e4t Rom mit der H\u00f6chstnote \u201e110 von 110 Punkten&#8220; ab. Er\" \/>\n<meta property=\"og:url\" content=\"https:\/\/www.iemj.org\/de\/piattelli-elio-1910-2001\/\" \/>\n<meta property=\"og:site_name\" content=\"Institut Europ\u00e9en des Musiques Juives\" \/>\n<meta property=\"article:publisher\" content=\"https:\/\/www.facebook.com\/MusiquesJuives\/\" \/>\n<meta property=\"article:published_time\" content=\"2022-04-18T16:24:12+00:00\" \/>\n<meta property=\"article:modified_time\" content=\"2022-09-12T12:51:54+00:00\" \/>\n<meta property=\"og:image\" content=\"https:\/\/www.iemj.org\/wp-content\/uploads\/2022\/04\/Logo-Bio-Piattelli-1.png\" \/>\n\t<meta property=\"og:image:width\" content=\"172\" \/>\n\t<meta property=\"og:image:height\" content=\"218\" \/>\n\t<meta property=\"og:image:type\" content=\"image\/png\" \/>\n<meta name=\"author\" content=\"Jacqueline ROTEN\" \/>\n<meta name=\"twitter:card\" content=\"summary_large_image\" \/>\n<meta name=\"twitter:label1\" content=\"Verfasst von\" \/>\n\t<meta name=\"twitter:data1\" content=\"Jacqueline ROTEN\" \/>\n\t<meta name=\"twitter:label2\" content=\"Gesch\u00e4tzte Lesezeit\" \/>\n\t<meta name=\"twitter:data2\" content=\"4\u00a0Minuten\" \/>\n<script type=\"application\/ld+json\" class=\"yoast-schema-graph\">{\"@context\":\"https:\\\/\\\/schema.org\",\"@graph\":[{\"@type\":\"Article\",\"@id\":\"https:\\\/\\\/www.iemj.org\\\/de\\\/piattelli-elio-1910-2001\\\/#article\",\"isPartOf\":{\"@id\":\"https:\\\/\\\/www.iemj.org\\\/de\\\/piattelli-elio-1910-2001\\\/\"},\"author\":{\"name\":\"Jacqueline ROTEN\",\"@id\":\"https:\\\/\\\/www.iemj.org\\\/de\\\/#\\\/schema\\\/person\\\/358e26c18aca017fcc4cc15437f7279c\"},\"headline\":\"Piattelli, Elio (1910-2001)\",\"datePublished\":\"2022-04-18T16:24:12+00:00\",\"dateModified\":\"2022-09-12T12:51:54+00:00\",\"mainEntityOfPage\":{\"@id\":\"https:\\\/\\\/www.iemj.org\\\/de\\\/piattelli-elio-1910-2001\\\/\"},\"wordCount\":661,\"publisher\":{\"@id\":\"https:\\\/\\\/www.iemj.org\\\/de\\\/#organization\"},\"image\":{\"@id\":\"https:\\\/\\\/www.iemj.org\\\/de\\\/piattelli-elio-1910-2001\\\/#primaryimage\"},\"thumbnailUrl\":\"https:\\\/\\\/www.iemj.org\\\/wp-content\\\/uploads\\\/2022\\\/04\\\/Logo-Bio-Piattelli-1.png\",\"keywords\":[\"Italien\"],\"articleSection\":[\"Biografien\"],\"inLanguage\":\"de\"},{\"@type\":\"WebPage\",\"@id\":\"https:\\\/\\\/www.iemj.org\\\/de\\\/piattelli-elio-1910-2001\\\/\",\"url\":\"https:\\\/\\\/www.iemj.org\\\/de\\\/piattelli-elio-1910-2001\\\/\",\"name\":\"Piattelli, Elio (1910-2001) - Institut Europ\u00e9en des Musiques Juives\",\"isPartOf\":{\"@id\":\"https:\\\/\\\/www.iemj.org\\\/de\\\/#website\"},\"primaryImageOfPage\":{\"@id\":\"https:\\\/\\\/www.iemj.org\\\/de\\\/piattelli-elio-1910-2001\\\/#primaryimage\"},\"image\":{\"@id\":\"https:\\\/\\\/www.iemj.org\\\/de\\\/piattelli-elio-1910-2001\\\/#primaryimage\"},\"thumbnailUrl\":\"https:\\\/\\\/www.iemj.org\\\/wp-content\\\/uploads\\\/2022\\\/04\\\/Logo-Bio-Piattelli-1.png\",\"datePublished\":\"2022-04-18T16:24:12+00:00\",\"dateModified\":\"2022-09-12T12:51:54+00:00\",\"breadcrumb\":{\"@id\":\"https:\\\/\\\/www.iemj.org\\\/de\\\/piattelli-elio-1910-2001\\\/#breadcrumb\"},\"inLanguage\":\"de\",\"potentialAction\":[{\"@type\":\"ReadAction\",\"target\":[\"https:\\\/\\\/www.iemj.org\\\/de\\\/piattelli-elio-1910-2001\\\/\"]}]},{\"@type\":\"ImageObject\",\"inLanguage\":\"de\",\"@id\":\"https:\\\/\\\/www.iemj.org\\\/de\\\/piattelli-elio-1910-2001\\\/#primaryimage\",\"url\":\"https:\\\/\\\/www.iemj.org\\\/wp-content\\\/uploads\\\/2022\\\/04\\\/Logo-Bio-Piattelli-1.png\",\"contentUrl\":\"https:\\\/\\\/www.iemj.org\\\/wp-content\\\/uploads\\\/2022\\\/04\\\/Logo-Bio-Piattelli-1.png\",\"width\":172,\"height\":218},{\"@type\":\"BreadcrumbList\",\"@id\":\"https:\\\/\\\/www.iemj.org\\\/de\\\/piattelli-elio-1910-2001\\\/#breadcrumb\",\"itemListElement\":[{\"@type\":\"ListItem\",\"position\":1,\"name\":\"Accueil\",\"item\":\"https:\\\/\\\/www.iemj.org\\\/de\\\/\"},{\"@type\":\"ListItem\",\"position\":2,\"name\":\"Piattelli, Elio (1910-2001)\"}]},{\"@type\":\"WebSite\",\"@id\":\"https:\\\/\\\/www.iemj.org\\\/de\\\/#website\",\"url\":\"https:\\\/\\\/www.iemj.org\\\/de\\\/\",\"name\":\"Institut Europ\u00e9en des Musiques Juives\",\"description\":\"Des traditions musicales \u00e0 la port\u00e9e de tous\",\"publisher\":{\"@id\":\"https:\\\/\\\/www.iemj.org\\\/de\\\/#organization\"},\"potentialAction\":[{\"@type\":\"SearchAction\",\"target\":{\"@type\":\"EntryPoint\",\"urlTemplate\":\"https:\\\/\\\/www.iemj.org\\\/de\\\/?s={search_term_string}\"},\"query-input\":{\"@type\":\"PropertyValueSpecification\",\"valueRequired\":true,\"valueName\":\"search_term_string\"}}],\"inLanguage\":\"de\"},{\"@type\":\"Organization\",\"@id\":\"https:\\\/\\\/www.iemj.org\\\/de\\\/#organization\",\"name\":\"Institut Europ\u00e9en des Musiques Juives\",\"url\":\"https:\\\/\\\/www.iemj.org\\\/de\\\/\",\"logo\":{\"@type\":\"ImageObject\",\"inLanguage\":\"de\",\"@id\":\"https:\\\/\\\/www.iemj.org\\\/de\\\/#\\\/schema\\\/logo\\\/image\\\/\",\"url\":\"https:\\\/\\\/www.iemj.org\\\/wp-content\\\/uploads\\\/2021\\\/09\\\/Logo-IEMJ-Paypal.jpg\",\"contentUrl\":\"https:\\\/\\\/www.iemj.org\\\/wp-content\\\/uploads\\\/2021\\\/09\\\/Logo-IEMJ-Paypal.jpg\",\"width\":150,\"height\":50,\"caption\":\"Institut Europ\u00e9en des Musiques Juives\"},\"image\":{\"@id\":\"https:\\\/\\\/www.iemj.org\\\/de\\\/#\\\/schema\\\/logo\\\/image\\\/\"},\"sameAs\":[\"https:\\\/\\\/www.facebook.com\\\/MusiquesJuives\\\/\",\"https:\\\/\\\/www.instagram.com\\\/musiquesjuives\\\/\",\"https:\\\/\\\/www.youtube.com\\\/user\\\/musiquesjuives\"]},{\"@type\":\"Person\",\"@id\":\"https:\\\/\\\/www.iemj.org\\\/de\\\/#\\\/schema\\\/person\\\/358e26c18aca017fcc4cc15437f7279c\",\"name\":\"Jacqueline ROTEN\",\"image\":{\"@type\":\"ImageObject\",\"inLanguage\":\"de\",\"@id\":\"https:\\\/\\\/secure.gravatar.com\\\/avatar\\\/5964256d6c6957de3a3505278957e0fb2a35119ac47ea41827a65301213c810b?s=96&d=mm&r=g\",\"url\":\"https:\\\/\\\/secure.gravatar.com\\\/avatar\\\/5964256d6c6957de3a3505278957e0fb2a35119ac47ea41827a65301213c810b?s=96&d=mm&r=g\",\"contentUrl\":\"https:\\\/\\\/secure.gravatar.com\\\/avatar\\\/5964256d6c6957de3a3505278957e0fb2a35119ac47ea41827a65301213c810b?s=96&d=mm&r=g\",\"caption\":\"Jacqueline ROTEN\"}}]}<\/script>\n<!-- \/ Yoast SEO plugin. -->","yoast_head_json":{"title":"Piattelli, Elio (1910-2001) - Institut Europ\u00e9en des Musiques Juives","robots":{"index":"index","follow":"follow","max-snippet":"max-snippet:-1","max-image-preview":"max-image-preview:large","max-video-preview":"max-video-preview:-1"},"canonical":"https:\/\/www.iemj.org\/de\/piattelli-elio-1910-2001\/","og_locale":"de_DE","og_type":"article","og_title":"Piattelli, Elio (1910-2001) - Institut Europ\u00e9en des Musiques Juives","og_description":"Elio Piattelli wurde am 30. Mai 1910 in Rom geboren. 1931 schloss er sein Studium der Literaturwissenschaft an der Universit\u00e4t Rom mit der H\u00f6chstnote \u201e110 von 110 Punkten&#8220; ab. Er","og_url":"https:\/\/www.iemj.org\/de\/piattelli-elio-1910-2001\/","og_site_name":"Institut Europ\u00e9en des Musiques Juives","article_publisher":"https:\/\/www.facebook.com\/MusiquesJuives\/","article_published_time":"2022-04-18T16:24:12+00:00","article_modified_time":"2022-09-12T12:51:54+00:00","og_image":[{"width":172,"height":218,"url":"https:\/\/www.iemj.org\/wp-content\/uploads\/2022\/04\/Logo-Bio-Piattelli-1.png","type":"image\/png"}],"author":"Jacqueline ROTEN","twitter_card":"summary_large_image","twitter_misc":{"Verfasst von":"Jacqueline ROTEN","Gesch\u00e4tzte Lesezeit":"4\u00a0Minuten"},"schema":{"@context":"https:\/\/schema.org","@graph":[{"@type":"Article","@id":"https:\/\/www.iemj.org\/de\/piattelli-elio-1910-2001\/#article","isPartOf":{"@id":"https:\/\/www.iemj.org\/de\/piattelli-elio-1910-2001\/"},"author":{"name":"Jacqueline ROTEN","@id":"https:\/\/www.iemj.org\/de\/#\/schema\/person\/358e26c18aca017fcc4cc15437f7279c"},"headline":"Piattelli, Elio (1910-2001)","datePublished":"2022-04-18T16:24:12+00:00","dateModified":"2022-09-12T12:51:54+00:00","mainEntityOfPage":{"@id":"https:\/\/www.iemj.org\/de\/piattelli-elio-1910-2001\/"},"wordCount":661,"publisher":{"@id":"https:\/\/www.iemj.org\/de\/#organization"},"image":{"@id":"https:\/\/www.iemj.org\/de\/piattelli-elio-1910-2001\/#primaryimage"},"thumbnailUrl":"https:\/\/www.iemj.org\/wp-content\/uploads\/2022\/04\/Logo-Bio-Piattelli-1.png","keywords":["Italien"],"articleSection":["Biografien"],"inLanguage":"de"},{"@type":"WebPage","@id":"https:\/\/www.iemj.org\/de\/piattelli-elio-1910-2001\/","url":"https:\/\/www.iemj.org\/de\/piattelli-elio-1910-2001\/","name":"Piattelli, Elio (1910-2001) - Institut Europ\u00e9en des Musiques Juives","isPartOf":{"@id":"https:\/\/www.iemj.org\/de\/#website"},"primaryImageOfPage":{"@id":"https:\/\/www.iemj.org\/de\/piattelli-elio-1910-2001\/#primaryimage"},"image":{"@id":"https:\/\/www.iemj.org\/de\/piattelli-elio-1910-2001\/#primaryimage"},"thumbnailUrl":"https:\/\/www.iemj.org\/wp-content\/uploads\/2022\/04\/Logo-Bio-Piattelli-1.png","datePublished":"2022-04-18T16:24:12+00:00","dateModified":"2022-09-12T12:51:54+00:00","breadcrumb":{"@id":"https:\/\/www.iemj.org\/de\/piattelli-elio-1910-2001\/#breadcrumb"},"inLanguage":"de","potentialAction":[{"@type":"ReadAction","target":["https:\/\/www.iemj.org\/de\/piattelli-elio-1910-2001\/"]}]},{"@type":"ImageObject","inLanguage":"de","@id":"https:\/\/www.iemj.org\/de\/piattelli-elio-1910-2001\/#primaryimage","url":"https:\/\/www.iemj.org\/wp-content\/uploads\/2022\/04\/Logo-Bio-Piattelli-1.png","contentUrl":"https:\/\/www.iemj.org\/wp-content\/uploads\/2022\/04\/Logo-Bio-Piattelli-1.png","width":172,"height":218},{"@type":"BreadcrumbList","@id":"https:\/\/www.iemj.org\/de\/piattelli-elio-1910-2001\/#breadcrumb","itemListElement":[{"@type":"ListItem","position":1,"name":"Accueil","item":"https:\/\/www.iemj.org\/de\/"},{"@type":"ListItem","position":2,"name":"Piattelli, Elio (1910-2001)"}]},{"@type":"WebSite","@id":"https:\/\/www.iemj.org\/de\/#website","url":"https:\/\/www.iemj.org\/de\/","name":"Institut Europ\u00e9en des Musiques Juives","description":"Des traditions musicales \u00e0 la port\u00e9e de tous","publisher":{"@id":"https:\/\/www.iemj.org\/de\/#organization"},"potentialAction":[{"@type":"SearchAction","target":{"@type":"EntryPoint","urlTemplate":"https:\/\/www.iemj.org\/de\/?s={search_term_string}"},"query-input":{"@type":"PropertyValueSpecification","valueRequired":true,"valueName":"search_term_string"}}],"inLanguage":"de"},{"@type":"Organization","@id":"https:\/\/www.iemj.org\/de\/#organization","name":"Institut Europ\u00e9en des Musiques Juives","url":"https:\/\/www.iemj.org\/de\/","logo":{"@type":"ImageObject","inLanguage":"de","@id":"https:\/\/www.iemj.org\/de\/#\/schema\/logo\/image\/","url":"https:\/\/www.iemj.org\/wp-content\/uploads\/2021\/09\/Logo-IEMJ-Paypal.jpg","contentUrl":"https:\/\/www.iemj.org\/wp-content\/uploads\/2021\/09\/Logo-IEMJ-Paypal.jpg","width":150,"height":50,"caption":"Institut Europ\u00e9en des Musiques Juives"},"image":{"@id":"https:\/\/www.iemj.org\/de\/#\/schema\/logo\/image\/"},"sameAs":["https:\/\/www.facebook.com\/MusiquesJuives\/","https:\/\/www.instagram.com\/musiquesjuives\/","https:\/\/www.youtube.com\/user\/musiquesjuives"]},{"@type":"Person","@id":"https:\/\/www.iemj.org\/de\/#\/schema\/person\/358e26c18aca017fcc4cc15437f7279c","name":"Jacqueline ROTEN","image":{"@type":"ImageObject","inLanguage":"de","@id":"https:\/\/secure.gravatar.com\/avatar\/5964256d6c6957de3a3505278957e0fb2a35119ac47ea41827a65301213c810b?s=96&d=mm&r=g","url":"https:\/\/secure.gravatar.com\/avatar\/5964256d6c6957de3a3505278957e0fb2a35119ac47ea41827a65301213c810b?s=96&d=mm&r=g","contentUrl":"https:\/\/secure.gravatar.com\/avatar\/5964256d6c6957de3a3505278957e0fb2a35119ac47ea41827a65301213c810b?s=96&d=mm&r=g","caption":"Jacqueline ROTEN"}}]}},"_links":{"self":[{"href":"https:\/\/www.iemj.org\/de\/wp-json\/wp\/v2\/posts\/83110","targetHints":{"allow":["GET"]}}],"collection":[{"href":"https:\/\/www.iemj.org\/de\/wp-json\/wp\/v2\/posts"}],"about":[{"href":"https:\/\/www.iemj.org\/de\/wp-json\/wp\/v2\/types\/post"}],"author":[{"embeddable":true,"href":"https:\/\/www.iemj.org\/de\/wp-json\/wp\/v2\/users\/5"}],"replies":[{"embeddable":true,"href":"https:\/\/www.iemj.org\/de\/wp-json\/wp\/v2\/comments?post=83110"}],"version-history":[{"count":0,"href":"https:\/\/www.iemj.org\/de\/wp-json\/wp\/v2\/posts\/83110\/revisions"}],"wp:featuredmedia":[{"embeddable":true,"href":"https:\/\/www.iemj.org\/de\/wp-json\/wp\/v2\/media\/83001"}],"wp:attachment":[{"href":"https:\/\/www.iemj.org\/de\/wp-json\/wp\/v2\/media?parent=83110"}],"wp:term":[{"taxonomy":"category","embeddable":true,"href":"https:\/\/www.iemj.org\/de\/wp-json\/wp\/v2\/categories?post=83110"},{"taxonomy":"post_tag","embeddable":true,"href":"https:\/\/www.iemj.org\/de\/wp-json\/wp\/v2\/tags?post=83110"},{"taxonomy":"technique","embeddable":true,"href":"https:\/\/www.iemj.org\/de\/wp-json\/wp\/v2\/technique?post=83110"},{"taxonomy":"squelettes","embeddable":true,"href":"https:\/\/www.iemj.org\/de\/wp-json\/wp\/v2\/squelettes?post=83110"},{"taxonomy":"sujet","embeddable":true,"href":"https:\/\/www.iemj.org\/de\/wp-json\/wp\/v2\/sujet?post=83110"},{"taxonomy":"formation","embeddable":true,"href":"https:\/\/www.iemj.org\/de\/wp-json\/wp\/v2\/formation?post=83110"},{"taxonomy":"genre","embeddable":true,"href":"https:\/\/www.iemj.org\/de\/wp-json\/wp\/v2\/genre?post=83110"},{"taxonomy":"fonds","embeddable":true,"href":"https:\/\/www.iemj.org\/de\/wp-json\/wp\/v2\/fonds?post=83110"},{"taxonomy":"tradition","embeddable":true,"href":"https:\/\/www.iemj.org\/de\/wp-json\/wp\/v2\/tradition?post=83110"},{"taxonomy":"type-de-contenu","embeddable":true,"href":"https:\/\/www.iemj.org\/de\/wp-json\/wp\/v2\/type-de-contenu?post=83110"},{"taxonomy":"interprete-compositeur","embeddable":true,"href":"https:\/\/www.iemj.org\/de\/wp-json\/wp\/v2\/interprete-compositeur?post=83110"},{"taxonomy":"frise","embeddable":true,"href":"https:\/\/www.iemj.org\/de\/wp-json\/wp\/v2\/frise?post=83110"},{"taxonomy":"type-devenement","embeddable":true,"href":"https:\/\/www.iemj.org\/de\/wp-json\/wp\/v2\/type-devenement?post=83110"},{"taxonomy":"tableaux-liens-externes","embeddable":true,"href":"https:\/\/www.iemj.org\/de\/wp-json\/wp\/v2\/tableaux-liens-externes?post=83110"}],"curies":[{"name":"wp","href":"https:\/\/api.w.org\/{rel}","templated":true}]}}