{"id":83190,"date":"2019-05-09T09:18:00","date_gmt":"2019-05-09T07:18:00","guid":{"rendered":"https:\/\/www.iemj.org\/renaissance-dune-nation\/"},"modified":"2025-05-27T11:32:59","modified_gmt":"2025-05-27T09:32:59","slug":"renaissance-dune-nation","status":"publish","type":"post","link":"https:\/\/www.iemj.org\/de\/renaissance-dune-nation\/","title":{"rendered":"Wiedergeburt einer Nation"},"content":{"rendered":"<p>Diese Schallplatte 33 Umdrehungen mit einem Vorwort von Joseph Kessel der Acad\u00e9mie Fran\u00e7aise und Illustrationen von Marc Chagall wurde anl\u00e4sslich des 25. Jahrestages der Gr\u00fcndung des Staates Israel produziert.<\/p>\n<p><!--more--><\/p>\n<p>Ihr reich dokumentiertes Booklet umfasst Anthologie-Fotografien sowie den Originaltexten der Erkl\u00e4rungen von David Ben-Gurion, Golda Meir, Asher Ben-Natan, und auch Nachrichten von Jacob Kaplan, Oberrabinner Frankreichs, von Ren\u00e9 Cassin, Friedensnobelpreis\u2026<\/p>\n<p>Die Schallplatte (siehe Calam\u00e9o unten) enth\u00e4lt den folgenden Audioaussagen:<br \/>&#8211; Die Originalaufnahme der UN-Abstimmungssitzung vom 29. November 1947, in den Gr\u00fcndung des Staates Israel gebilligt wurde,<br \/>&#8211; Die Unabh\u00e4ngigkeitserkl\u00e4rung, die David Ben-Gurion am 14. Mai 1948 verk\u00fcndete,<br \/>&#8211; Die Ansprache von Golda Meir (Premierministerin Israels),<br \/>&#8211; Die Aussage von Asher Ben Natan (israelischer Botschafter in Paris),<br \/>&#8211; Die \u201ehaTikwa\u201c, die israelische Nationalhymne, gesungen von den Mitgliedern des Nationalrats.<br \/>&#8211; Das Lied \u201eJeruschalajim schel Sahav\u201c (Jerusalem aus Gold) von Naomi Shemer, vom Chor der Gro\u00dfen Synagoge von Paris wiedergegeben.<\/p>\n<figure id=\"attachment_83208\" aria-describedby=\"caption-attachment-83208\" style=\"width: 500px\" class=\"wp-caption aligncenter\"><img fetchpriority=\"high\" decoding=\"async\" class=\"wp-image-83208\" src=\"https:\/\/www.iemj.org\/wp-content\/uploads\/2019\/05\/doc_3_renaissance_3.jpg\" alt=\"doc_3_renaissance_3.jpg\" width=\"500\" height=\"377\" align=\"center\" srcset=\"https:\/\/www.iemj.org\/wp-content\/uploads\/2019\/05\/doc_3_renaissance_3.jpg 561w, https:\/\/www.iemj.org\/wp-content\/uploads\/2019\/05\/doc_3_renaissance_3-300x227.jpg 300w\" sizes=\"(max-width: 500px) 100vw, 500px\" \/><figcaption id=\"caption-attachment-83208\" class=\"wp-caption-text\"><strong><em>Herr Maurice BENHAMOU leitet dem Chor der Gro\u00dfen Synagoge von Paris<\/em><\/strong><\/figcaption><\/figure>\n<p>Der Traum von einem j\u00fcdischen Staat nahm 1897 in Basel in der Schweiz mit dem ersten Zionistenkongress unter der Leitung von Theodor Herzl Gestalt an. Herzl sagte sp\u00e4ter \u00fcber diesen Kongress: &#8222;In Basel habe ich den j\u00fcdischen Staat gegr\u00fcndet &#8230; wenn ihr es wollt, wird es nicht nur ein Traum sein&#8220;.<\/p>\n<p><img decoding=\"async\" class=\"wp-image-83209 alignright\" src=\"https:\/\/www.iemj.org\/wp-content\/uploads\/2019\/05\/doc_2_renaissance2.jpg\" alt=\"doc_2_renaissance2.jpg\" width=\"397\" height=\"374\" align=\"center\" srcset=\"https:\/\/www.iemj.org\/wp-content\/uploads\/2019\/05\/doc_2_renaissance2.jpg 450w, https:\/\/www.iemj.org\/wp-content\/uploads\/2019\/05\/doc_2_renaissance2-300x283.jpg 300w\" sizes=\"(max-width: 397px) 100vw, 397px\" \/>Nach der Deklaration von Balfour im Jahr 1917, in der der erste englische Au\u00dfenminister, Lord Arthur James Balfour, das Recht des j\u00fcdischen Volkes auf eine nationale Heimst\u00e4tte in Pal\u00e4stina anerkannte, richtete der V\u00f6lkerbund 1922 das britische Mandat ein.<br \/>Ziel dieses Mandats ist es, in Pal\u00e4stina eine &#8222;nationale Heimst\u00e4tte f\u00fcr das j\u00fcdische Volk&#8220; auf der Grundlage der bestehenden historischen Verbindung zwischen dem j\u00fcdischen Volk und Pal\u00e4stina zu errichten.<\/p>\n<p>Zwei Jahre nach dem Zweiten Weltkrieg, in dem sechs Millionen Juden get\u00f6tet wurden, stimmte die Organisation der Vereinten Nationen (UNO) am 29. November 1947 mit 33 bef\u00fcrwortenden L\u00e4ndern f\u00fcr die Gr\u00fcndung eines j\u00fcdischen Staates in Pal\u00e4stina.<\/p>\n<p>Am 14. Mai 1948 verk\u00fcndete der israelische Premierminister David Ben Gurion die Unabh\u00e4ngigkeit des Staates Israel.<\/p>\n<p><img decoding=\"async\" class=\" aligncenter size-full wp-image-83210\" src=\"https:\/\/www.iemj.org\/wp-content\/uploads\/2019\/05\/doc_1_renaissance_1.jpg\" alt=\"doc_1_renaissance_1.jpg\" width=\"778\" height=\"424\" align=\"center\" srcset=\"https:\/\/www.iemj.org\/wp-content\/uploads\/2019\/05\/doc_1_renaissance_1.jpg 778w, https:\/\/www.iemj.org\/wp-content\/uploads\/2019\/05\/doc_1_renaissance_1-300x163.jpg 300w, https:\/\/www.iemj.org\/wp-content\/uploads\/2019\/05\/doc_1_renaissance_1-768x419.jpg 768w, https:\/\/www.iemj.org\/wp-content\/uploads\/2019\/05\/doc_1_renaissance_1-600x327.jpg 600w\" sizes=\"(max-width: 778px) 100vw, 778px\" \/><\/p>\n<div style=\"text-align: center;\">\n<div style=\"margin: 8px 0px 4px;\"><a href=\"https:\/\/www.calameo.com\/books\/00461274952a2063ebed0\" target=\"_blank\" rel=\"noopener\">Wiedergeburt einer Nation (Booklet)<\/a><\/div>\n<p><iframe style=\"margin: 0 auto;\" src=\"\/\/v.calameo.com\/?bkcode=00461274952a2063ebed0&amp;mode=mini\" width=\"480\" height=\"300\" frameborder=\"0\" scrolling=\"no\" allowfullscreen=\"allowfullscreen\"><\/iframe><\/p>\n<div style=\"margin: 4px 0px 8px;\">\n<p><a href=\"http:\/\/www.calameo.com\/\" target=\"_blank\" rel=\"noopener\">&nbsp;Mehr Publikationen auf Calam\u00e9o lesen<\/a><\/p>\n<\/div>\n<\/div>\n<p><a href=\"https:\/\/www.iemj.org\/histoire-de-la-hatikva-lhymne-national-israelien\/\"><img loading=\"lazy\" decoding=\"async\" class=\"wp-image-83207 alignleft\" src=\"https:\/\/www.iemj.org\/wp-content\/uploads\/2016\/01\/emission_de_radio.jpg\" alt=\"emission_de_radio.jpg\" width=\"60\" height=\"53\" align=\"left\"><\/a><\/p>\n<p><a href=\"https:\/\/www.iemj.org\/histoire-de-la-hatikva-lhymne-national-israelien\/\" target=\"_blank\" rel=\"noopener\">Radiosendung \u00fcber die Hatikva anh\u00f6ren (auf Franz\u00f6sisch), pr\u00e4sentiert von Herv\u00e9 Roten<\/a><\/p>\n\n<div class=\"wp-block-image\">\n<figure class=\"aligncenter size-large\"><img loading=\"lazy\" decoding=\"async\" width=\"1024\" height=\"133\" src=\"https:\/\/www.iemj.org\/wp-content\/uploads\/2024\/03\/AUDIO-PLAYER-1024x133.png\" alt=\"\" class=\"wp-image-110606\" srcset=\"https:\/\/www.iemj.org\/wp-content\/uploads\/2024\/03\/AUDIO-PLAYER-1024x133.png 1024w, https:\/\/www.iemj.org\/wp-content\/uploads\/2024\/03\/AUDIO-PLAYER-300x39.png 300w, https:\/\/www.iemj.org\/wp-content\/uploads\/2024\/03\/AUDIO-PLAYER-768x100.png 768w, https:\/\/www.iemj.org\/wp-content\/uploads\/2024\/03\/AUDIO-PLAYER-600x78.png 600w, https:\/\/www.iemj.org\/wp-content\/uploads\/2024\/03\/AUDIO-PLAYER.png 1210w\" sizes=\"(max-width: 1024px) 100vw, 1024px\" \/><\/figure>\n<\/div>\n\n\n<h2 class=\"wp-block-heading\"><\/h2>\n\n\n\n<div class=\"wp-block-file\"><a id=\"wp-block-file--media-31063218-9fc0-4627-a44d-f8c46ab07513\" href=\"https:\/\/www.iemj.org\/wp-content\/uploads\/2019\/05\/discours_de_mme_golda_meir_premier_ministre_d_israe_l__t.mp3\">Discours de Mme Golda Meir (premier ministre d\u2019Isra\u00ebl)<\/a><\/div>\n\n\n\n<div class=\"wp-block-file\"><a id=\"wp-block-file--media-f30701ae-6453-48eb-81db-6cb7ffa27ca1\" href=\"https:\/\/www.iemj.org\/wp-content\/uploads\/2019\/05\/proclamation_d_independance_prononcee_par_mr_david_ben_gourion_le_14_mai_1948_t.mp3\">Proclamation d\u2019Ind\u00e9pendance prononc\u00e9e par Mr David Ben Gourion, le 14 mai 1948<\/a><\/div>\n\n\n\n<div class=\"wp-block-file\"><a id=\"wp-block-file--media-043cef84-e15b-48ef-91c4-2272c721ffcd\" href=\"https:\/\/www.iemj.org\/wp-content\/uploads\/2019\/05\/yeroushalaim_shel_zahav_-_choeur_de_la_grande_synagogue_de_paris_t.mp3\">Yeroushala\u00efm Shel Zahav &#8211; Choeur de la Grande Synagogue de Paris<\/a><\/div>\n","protected":false},"excerpt":{"rendered":"<p>Diese Schallplatte 33 Umdrehungen mit einem Vorwort von Joseph Kessel der Acad\u00e9mie Fran\u00e7aise und Illustrationen von Marc Chagall wurde anl\u00e4sslich des 25. Jahrestages der Gr\u00fcndung des Staates Israel produziert.<\/p>\n","protected":false},"author":1052,"featured_media":83191,"comment_status":"closed","ping_status":"open","sticky":false,"template":"","format":"standard","meta":{"_acf_changed":false,"footnotes":""},"categories":[1563],"tags":[],"technique":[],"squelettes":[],"sujet":[],"formation":[],"genre":[],"fonds":[],"tradition":[],"type-de-contenu":[],"interprete-compositeur":[],"frise":[],"type-devenement":[],"tableaux-liens-externes":[],"class_list":["post-83190","post","type-post","status-publish","format-standard","has-post-thumbnail","hentry","category-highlights-de"],"acf":[],"yoast_head":"<!-- This site is optimized with the Yoast SEO plugin v27.3 - https:\/\/yoast.com\/product\/yoast-seo-wordpress\/ -->\n<title>Wiedergeburt einer Nation - Institut Europ\u00e9en des Musiques Juives<\/title>\n<meta name=\"robots\" content=\"index, follow, max-snippet:-1, max-image-preview:large, max-video-preview:-1\" \/>\n<link rel=\"canonical\" href=\"https:\/\/www.iemj.org\/de\/renaissance-dune-nation\/\" \/>\n<meta property=\"og:locale\" content=\"de_DE\" \/>\n<meta property=\"og:type\" content=\"article\" \/>\n<meta property=\"og:title\" content=\"Wiedergeburt einer Nation - Institut Europ\u00e9en des Musiques Juives\" \/>\n<meta property=\"og:description\" content=\"Diese Schallplatte 33 Umdrehungen mit einem Vorwort von Joseph Kessel der Acad\u00e9mie Fran\u00e7aise und Illustrationen von Marc Chagall wurde anl\u00e4sslich des 25. Jahrestages der Gr\u00fcndung des Staates Israel produziert.\" \/>\n<meta property=\"og:url\" content=\"https:\/\/www.iemj.org\/de\/renaissance-dune-nation\/\" \/>\n<meta property=\"og:site_name\" content=\"Institut Europ\u00e9en des Musiques Juives\" \/>\n<meta property=\"article:publisher\" content=\"https:\/\/www.facebook.com\/MusiquesJuives\/\" \/>\n<meta property=\"article:published_time\" content=\"2019-05-09T07:18:00+00:00\" \/>\n<meta property=\"article:modified_time\" content=\"2025-05-27T09:32:59+00:00\" \/>\n<meta property=\"og:image\" content=\"https:\/\/www.iemj.org\/wp-content\/uploads\/2019\/05\/arton4121-e1618590438966.jpg\" \/>\n\t<meta property=\"og:image:width\" content=\"350\" \/>\n\t<meta property=\"og:image:height\" content=\"361\" \/>\n\t<meta property=\"og:image:type\" content=\"image\/jpeg\" \/>\n<meta name=\"author\" content=\"Lea Couderc\" \/>\n<meta name=\"twitter:card\" content=\"summary_large_image\" \/>\n<meta name=\"twitter:label1\" content=\"Verfasst von\" \/>\n\t<meta name=\"twitter:data1\" content=\"Lea Couderc\" \/>\n\t<meta name=\"twitter:label2\" content=\"Gesch\u00e4tzte Lesezeit\" \/>\n\t<meta name=\"twitter:data2\" content=\"4\u00a0Minuten\" \/>\n<script type=\"application\/ld+json\" class=\"yoast-schema-graph\">{\"@context\":\"https:\\\/\\\/schema.org\",\"@graph\":[{\"@type\":\"Article\",\"@id\":\"https:\\\/\\\/www.iemj.org\\\/de\\\/renaissance-dune-nation\\\/#article\",\"isPartOf\":{\"@id\":\"https:\\\/\\\/www.iemj.org\\\/de\\\/renaissance-dune-nation\\\/\"},\"author\":{\"name\":\"Lea Couderc\",\"@id\":\"https:\\\/\\\/www.iemj.org\\\/de\\\/#\\\/schema\\\/person\\\/e2ad57f2c4be119c7ed8ab79036807a9\"},\"headline\":\"Wiedergeburt einer Nation\",\"datePublished\":\"2019-05-09T07:18:00+00:00\",\"dateModified\":\"2025-05-27T09:32:59+00:00\",\"mainEntityOfPage\":{\"@id\":\"https:\\\/\\\/www.iemj.org\\\/de\\\/renaissance-dune-nation\\\/\"},\"wordCount\":420,\"publisher\":{\"@id\":\"https:\\\/\\\/www.iemj.org\\\/de\\\/#organization\"},\"image\":{\"@id\":\"https:\\\/\\\/www.iemj.org\\\/de\\\/renaissance-dune-nation\\\/#primaryimage\"},\"thumbnailUrl\":\"https:\\\/\\\/www.iemj.org\\\/wp-content\\\/uploads\\\/2019\\\/05\\\/arton4121-e1618590438966.jpg\",\"articleSection\":[\"Highlights\"],\"inLanguage\":\"de\"},{\"@type\":\"WebPage\",\"@id\":\"https:\\\/\\\/www.iemj.org\\\/de\\\/renaissance-dune-nation\\\/\",\"url\":\"https:\\\/\\\/www.iemj.org\\\/de\\\/renaissance-dune-nation\\\/\",\"name\":\"Wiedergeburt einer Nation - Institut Europ\u00e9en des Musiques Juives\",\"isPartOf\":{\"@id\":\"https:\\\/\\\/www.iemj.org\\\/de\\\/#website\"},\"primaryImageOfPage\":{\"@id\":\"https:\\\/\\\/www.iemj.org\\\/de\\\/renaissance-dune-nation\\\/#primaryimage\"},\"image\":{\"@id\":\"https:\\\/\\\/www.iemj.org\\\/de\\\/renaissance-dune-nation\\\/#primaryimage\"},\"thumbnailUrl\":\"https:\\\/\\\/www.iemj.org\\\/wp-content\\\/uploads\\\/2019\\\/05\\\/arton4121-e1618590438966.jpg\",\"datePublished\":\"2019-05-09T07:18:00+00:00\",\"dateModified\":\"2025-05-27T09:32:59+00:00\",\"breadcrumb\":{\"@id\":\"https:\\\/\\\/www.iemj.org\\\/de\\\/renaissance-dune-nation\\\/#breadcrumb\"},\"inLanguage\":\"de\",\"potentialAction\":[{\"@type\":\"ReadAction\",\"target\":[\"https:\\\/\\\/www.iemj.org\\\/de\\\/renaissance-dune-nation\\\/\"]}]},{\"@type\":\"ImageObject\",\"inLanguage\":\"de\",\"@id\":\"https:\\\/\\\/www.iemj.org\\\/de\\\/renaissance-dune-nation\\\/#primaryimage\",\"url\":\"https:\\\/\\\/www.iemj.org\\\/wp-content\\\/uploads\\\/2019\\\/05\\\/arton4121-e1618590438966.jpg\",\"contentUrl\":\"https:\\\/\\\/www.iemj.org\\\/wp-content\\\/uploads\\\/2019\\\/05\\\/arton4121-e1618590438966.jpg\",\"width\":350,\"height\":361},{\"@type\":\"BreadcrumbList\",\"@id\":\"https:\\\/\\\/www.iemj.org\\\/de\\\/renaissance-dune-nation\\\/#breadcrumb\",\"itemListElement\":[{\"@type\":\"ListItem\",\"position\":1,\"name\":\"Accueil\",\"item\":\"https:\\\/\\\/www.iemj.org\\\/de\\\/\"},{\"@type\":\"ListItem\",\"position\":2,\"name\":\"Wiedergeburt einer Nation\"}]},{\"@type\":\"WebSite\",\"@id\":\"https:\\\/\\\/www.iemj.org\\\/de\\\/#website\",\"url\":\"https:\\\/\\\/www.iemj.org\\\/de\\\/\",\"name\":\"Institut Europ\u00e9en des Musiques Juives\",\"description\":\"Des traditions musicales \u00e0 la port\u00e9e de tous\",\"publisher\":{\"@id\":\"https:\\\/\\\/www.iemj.org\\\/de\\\/#organization\"},\"potentialAction\":[{\"@type\":\"SearchAction\",\"target\":{\"@type\":\"EntryPoint\",\"urlTemplate\":\"https:\\\/\\\/www.iemj.org\\\/de\\\/?s={search_term_string}\"},\"query-input\":{\"@type\":\"PropertyValueSpecification\",\"valueRequired\":true,\"valueName\":\"search_term_string\"}}],\"inLanguage\":\"de\"},{\"@type\":\"Organization\",\"@id\":\"https:\\\/\\\/www.iemj.org\\\/de\\\/#organization\",\"name\":\"Institut Europ\u00e9en des Musiques Juives\",\"url\":\"https:\\\/\\\/www.iemj.org\\\/de\\\/\",\"logo\":{\"@type\":\"ImageObject\",\"inLanguage\":\"de\",\"@id\":\"https:\\\/\\\/www.iemj.org\\\/de\\\/#\\\/schema\\\/logo\\\/image\\\/\",\"url\":\"https:\\\/\\\/www.iemj.org\\\/wp-content\\\/uploads\\\/2021\\\/09\\\/Logo-IEMJ-Paypal.jpg\",\"contentUrl\":\"https:\\\/\\\/www.iemj.org\\\/wp-content\\\/uploads\\\/2021\\\/09\\\/Logo-IEMJ-Paypal.jpg\",\"width\":150,\"height\":50,\"caption\":\"Institut Europ\u00e9en des Musiques Juives\"},\"image\":{\"@id\":\"https:\\\/\\\/www.iemj.org\\\/de\\\/#\\\/schema\\\/logo\\\/image\\\/\"},\"sameAs\":[\"https:\\\/\\\/www.facebook.com\\\/MusiquesJuives\\\/\",\"https:\\\/\\\/www.instagram.com\\\/musiquesjuives\\\/\",\"https:\\\/\\\/www.youtube.com\\\/user\\\/musiquesjuives\"]},{\"@type\":\"Person\",\"@id\":\"https:\\\/\\\/www.iemj.org\\\/de\\\/#\\\/schema\\\/person\\\/e2ad57f2c4be119c7ed8ab79036807a9\",\"name\":\"Lea Couderc\",\"image\":{\"@type\":\"ImageObject\",\"inLanguage\":\"de\",\"@id\":\"https:\\\/\\\/secure.gravatar.com\\\/avatar\\\/46ee021475d60aeff17a7e490b79dea5a5684bb392ab7fd1494027411df8ba23?s=96&d=mm&r=g\",\"url\":\"https:\\\/\\\/secure.gravatar.com\\\/avatar\\\/46ee021475d60aeff17a7e490b79dea5a5684bb392ab7fd1494027411df8ba23?s=96&d=mm&r=g\",\"contentUrl\":\"https:\\\/\\\/secure.gravatar.com\\\/avatar\\\/46ee021475d60aeff17a7e490b79dea5a5684bb392ab7fd1494027411df8ba23?s=96&d=mm&r=g\",\"caption\":\"Lea Couderc\"}}]}<\/script>\n<!-- \/ Yoast SEO plugin. -->","yoast_head_json":{"title":"Wiedergeburt einer Nation - Institut Europ\u00e9en des Musiques Juives","robots":{"index":"index","follow":"follow","max-snippet":"max-snippet:-1","max-image-preview":"max-image-preview:large","max-video-preview":"max-video-preview:-1"},"canonical":"https:\/\/www.iemj.org\/de\/renaissance-dune-nation\/","og_locale":"de_DE","og_type":"article","og_title":"Wiedergeburt einer Nation - Institut Europ\u00e9en des Musiques Juives","og_description":"Diese Schallplatte 33 Umdrehungen mit einem Vorwort von Joseph Kessel der Acad\u00e9mie Fran\u00e7aise und Illustrationen von Marc Chagall wurde anl\u00e4sslich des 25. Jahrestages der Gr\u00fcndung des Staates Israel produziert.","og_url":"https:\/\/www.iemj.org\/de\/renaissance-dune-nation\/","og_site_name":"Institut Europ\u00e9en des Musiques Juives","article_publisher":"https:\/\/www.facebook.com\/MusiquesJuives\/","article_published_time":"2019-05-09T07:18:00+00:00","article_modified_time":"2025-05-27T09:32:59+00:00","og_image":[{"width":350,"height":361,"url":"https:\/\/www.iemj.org\/wp-content\/uploads\/2019\/05\/arton4121-e1618590438966.jpg","type":"image\/jpeg"}],"author":"Lea Couderc","twitter_card":"summary_large_image","twitter_misc":{"Verfasst von":"Lea Couderc","Gesch\u00e4tzte Lesezeit":"4\u00a0Minuten"},"schema":{"@context":"https:\/\/schema.org","@graph":[{"@type":"Article","@id":"https:\/\/www.iemj.org\/de\/renaissance-dune-nation\/#article","isPartOf":{"@id":"https:\/\/www.iemj.org\/de\/renaissance-dune-nation\/"},"author":{"name":"Lea Couderc","@id":"https:\/\/www.iemj.org\/de\/#\/schema\/person\/e2ad57f2c4be119c7ed8ab79036807a9"},"headline":"Wiedergeburt einer Nation","datePublished":"2019-05-09T07:18:00+00:00","dateModified":"2025-05-27T09:32:59+00:00","mainEntityOfPage":{"@id":"https:\/\/www.iemj.org\/de\/renaissance-dune-nation\/"},"wordCount":420,"publisher":{"@id":"https:\/\/www.iemj.org\/de\/#organization"},"image":{"@id":"https:\/\/www.iemj.org\/de\/renaissance-dune-nation\/#primaryimage"},"thumbnailUrl":"https:\/\/www.iemj.org\/wp-content\/uploads\/2019\/05\/arton4121-e1618590438966.jpg","articleSection":["Highlights"],"inLanguage":"de"},{"@type":"WebPage","@id":"https:\/\/www.iemj.org\/de\/renaissance-dune-nation\/","url":"https:\/\/www.iemj.org\/de\/renaissance-dune-nation\/","name":"Wiedergeburt einer Nation - Institut Europ\u00e9en des Musiques Juives","isPartOf":{"@id":"https:\/\/www.iemj.org\/de\/#website"},"primaryImageOfPage":{"@id":"https:\/\/www.iemj.org\/de\/renaissance-dune-nation\/#primaryimage"},"image":{"@id":"https:\/\/www.iemj.org\/de\/renaissance-dune-nation\/#primaryimage"},"thumbnailUrl":"https:\/\/www.iemj.org\/wp-content\/uploads\/2019\/05\/arton4121-e1618590438966.jpg","datePublished":"2019-05-09T07:18:00+00:00","dateModified":"2025-05-27T09:32:59+00:00","breadcrumb":{"@id":"https:\/\/www.iemj.org\/de\/renaissance-dune-nation\/#breadcrumb"},"inLanguage":"de","potentialAction":[{"@type":"ReadAction","target":["https:\/\/www.iemj.org\/de\/renaissance-dune-nation\/"]}]},{"@type":"ImageObject","inLanguage":"de","@id":"https:\/\/www.iemj.org\/de\/renaissance-dune-nation\/#primaryimage","url":"https:\/\/www.iemj.org\/wp-content\/uploads\/2019\/05\/arton4121-e1618590438966.jpg","contentUrl":"https:\/\/www.iemj.org\/wp-content\/uploads\/2019\/05\/arton4121-e1618590438966.jpg","width":350,"height":361},{"@type":"BreadcrumbList","@id":"https:\/\/www.iemj.org\/de\/renaissance-dune-nation\/#breadcrumb","itemListElement":[{"@type":"ListItem","position":1,"name":"Accueil","item":"https:\/\/www.iemj.org\/de\/"},{"@type":"ListItem","position":2,"name":"Wiedergeburt einer Nation"}]},{"@type":"WebSite","@id":"https:\/\/www.iemj.org\/de\/#website","url":"https:\/\/www.iemj.org\/de\/","name":"Institut Europ\u00e9en des Musiques Juives","description":"Des traditions musicales \u00e0 la port\u00e9e de tous","publisher":{"@id":"https:\/\/www.iemj.org\/de\/#organization"},"potentialAction":[{"@type":"SearchAction","target":{"@type":"EntryPoint","urlTemplate":"https:\/\/www.iemj.org\/de\/?s={search_term_string}"},"query-input":{"@type":"PropertyValueSpecification","valueRequired":true,"valueName":"search_term_string"}}],"inLanguage":"de"},{"@type":"Organization","@id":"https:\/\/www.iemj.org\/de\/#organization","name":"Institut Europ\u00e9en des Musiques Juives","url":"https:\/\/www.iemj.org\/de\/","logo":{"@type":"ImageObject","inLanguage":"de","@id":"https:\/\/www.iemj.org\/de\/#\/schema\/logo\/image\/","url":"https:\/\/www.iemj.org\/wp-content\/uploads\/2021\/09\/Logo-IEMJ-Paypal.jpg","contentUrl":"https:\/\/www.iemj.org\/wp-content\/uploads\/2021\/09\/Logo-IEMJ-Paypal.jpg","width":150,"height":50,"caption":"Institut Europ\u00e9en des Musiques Juives"},"image":{"@id":"https:\/\/www.iemj.org\/de\/#\/schema\/logo\/image\/"},"sameAs":["https:\/\/www.facebook.com\/MusiquesJuives\/","https:\/\/www.instagram.com\/musiquesjuives\/","https:\/\/www.youtube.com\/user\/musiquesjuives"]},{"@type":"Person","@id":"https:\/\/www.iemj.org\/de\/#\/schema\/person\/e2ad57f2c4be119c7ed8ab79036807a9","name":"Lea Couderc","image":{"@type":"ImageObject","inLanguage":"de","@id":"https:\/\/secure.gravatar.com\/avatar\/46ee021475d60aeff17a7e490b79dea5a5684bb392ab7fd1494027411df8ba23?s=96&d=mm&r=g","url":"https:\/\/secure.gravatar.com\/avatar\/46ee021475d60aeff17a7e490b79dea5a5684bb392ab7fd1494027411df8ba23?s=96&d=mm&r=g","contentUrl":"https:\/\/secure.gravatar.com\/avatar\/46ee021475d60aeff17a7e490b79dea5a5684bb392ab7fd1494027411df8ba23?s=96&d=mm&r=g","caption":"Lea Couderc"}}]}},"_links":{"self":[{"href":"https:\/\/www.iemj.org\/de\/wp-json\/wp\/v2\/posts\/83190","targetHints":{"allow":["GET"]}}],"collection":[{"href":"https:\/\/www.iemj.org\/de\/wp-json\/wp\/v2\/posts"}],"about":[{"href":"https:\/\/www.iemj.org\/de\/wp-json\/wp\/v2\/types\/post"}],"author":[{"embeddable":true,"href":"https:\/\/www.iemj.org\/de\/wp-json\/wp\/v2\/users\/1052"}],"replies":[{"embeddable":true,"href":"https:\/\/www.iemj.org\/de\/wp-json\/wp\/v2\/comments?post=83190"}],"version-history":[{"count":0,"href":"https:\/\/www.iemj.org\/de\/wp-json\/wp\/v2\/posts\/83190\/revisions"}],"wp:featuredmedia":[{"embeddable":true,"href":"https:\/\/www.iemj.org\/de\/wp-json\/wp\/v2\/media\/83191"}],"wp:attachment":[{"href":"https:\/\/www.iemj.org\/de\/wp-json\/wp\/v2\/media?parent=83190"}],"wp:term":[{"taxonomy":"category","embeddable":true,"href":"https:\/\/www.iemj.org\/de\/wp-json\/wp\/v2\/categories?post=83190"},{"taxonomy":"post_tag","embeddable":true,"href":"https:\/\/www.iemj.org\/de\/wp-json\/wp\/v2\/tags?post=83190"},{"taxonomy":"technique","embeddable":true,"href":"https:\/\/www.iemj.org\/de\/wp-json\/wp\/v2\/technique?post=83190"},{"taxonomy":"squelettes","embeddable":true,"href":"https:\/\/www.iemj.org\/de\/wp-json\/wp\/v2\/squelettes?post=83190"},{"taxonomy":"sujet","embeddable":true,"href":"https:\/\/www.iemj.org\/de\/wp-json\/wp\/v2\/sujet?post=83190"},{"taxonomy":"formation","embeddable":true,"href":"https:\/\/www.iemj.org\/de\/wp-json\/wp\/v2\/formation?post=83190"},{"taxonomy":"genre","embeddable":true,"href":"https:\/\/www.iemj.org\/de\/wp-json\/wp\/v2\/genre?post=83190"},{"taxonomy":"fonds","embeddable":true,"href":"https:\/\/www.iemj.org\/de\/wp-json\/wp\/v2\/fonds?post=83190"},{"taxonomy":"tradition","embeddable":true,"href":"https:\/\/www.iemj.org\/de\/wp-json\/wp\/v2\/tradition?post=83190"},{"taxonomy":"type-de-contenu","embeddable":true,"href":"https:\/\/www.iemj.org\/de\/wp-json\/wp\/v2\/type-de-contenu?post=83190"},{"taxonomy":"interprete-compositeur","embeddable":true,"href":"https:\/\/www.iemj.org\/de\/wp-json\/wp\/v2\/interprete-compositeur?post=83190"},{"taxonomy":"frise","embeddable":true,"href":"https:\/\/www.iemj.org\/de\/wp-json\/wp\/v2\/frise?post=83190"},{"taxonomy":"type-devenement","embeddable":true,"href":"https:\/\/www.iemj.org\/de\/wp-json\/wp\/v2\/type-devenement?post=83190"},{"taxonomy":"tableaux-liens-externes","embeddable":true,"href":"https:\/\/www.iemj.org\/de\/wp-json\/wp\/v2\/tableaux-liens-externes?post=83190"}],"curies":[{"name":"wp","href":"https:\/\/api.w.org\/{rel}","templated":true}]}}