{"id":83279,"date":"2022-02-17T11:14:41","date_gmt":"2022-02-17T10:14:41","guid":{"rendered":"https:\/\/www.iemj.org\/le-journal-danne-frank\/"},"modified":"2025-10-19T18:13:57","modified_gmt":"2025-10-19T16:13:57","slug":"le-journal-danne-frank","status":"publish","type":"post","link":"https:\/\/www.iemj.org\/de\/le-journal-danne-frank\/","title":{"rendered":"Das Tagebuch von Anne Frank"},"content":{"rendered":"<p><strong>Diese CD kann in voller L\u00e4nge in der folgenden Playlist angeh\u00f6rt werden.<\/strong><\/p>\n<p>Der Produzent\u00a0<strong>St\u00e9phane Dykman<\/strong>\u00a0bat die Pianistin und Komponistin\u00a0<strong>Carine GUTLERNER<\/strong> um Vorschl\u00e4ge f\u00fcr eine Originalmusik, die \u00fcberwiegend auf der Geige gespielt werden sollte, mit Entwicklungsm\u00f6glichkeiten f\u00fcr eine kammermusikorchester\u00e4hnliche Besetzung: \u201eIch erwartete eine einfache und tiefgr\u00fcndige Musik, die von h\u00f6chstens zehn oder f\u00fcnfzehn Musikern gespielt werden sollte.\u201c Ich kannte Carine Gutlerner und wusste, dass sie alle Voraussetzungen mitbrachte, um eine kraftvolle und zugleich melodische Partitur zu schreiben. Die Musik entstand \u00fcber einen Zeitraum von 12 Monaten (was im Kino au\u00dfergew\u00f6hnlich ist) und ist eng mit der Adaption selbst gebunden. Mehrere St\u00fccke beeinflussten den Schnitt ganzer Sequenzen und so spielten manchmal eine f\u00fchrende narrative Rolle. Uns war es zuerst in erster Linie wichtig, die Musik aufzunehmen, ganz einfach nur f\u00fcr sich selbst, unabh\u00e4ngig von den Erfordernissen des Films, jedes St\u00fcck in seiner Gesamtheit, in seiner Integrit\u00e4t. Die filmspezifischen Aufnahmen wurden erst sp\u00e4ter gemacht.<\/p>\n<p>Die CD ist ein Spiegelbild dieser Einstellung.<\/p>\n<p>Wir konnten einige der besten franz\u00f6sischen Solisten zusammenbringen. Alle sind erstklassige K\u00fcnstler, die nicht nur Virtuosen auf ihren Instrumenten sind, sondern auch sehr kreativ, einfallsreich und inspiriert in ihrem Spiel. Carine Gutlerner, die die Klavierparts dirigiert und spielt, hat ein au\u00dfergew\u00f6hnliches Gesp\u00fcr f\u00fcr Bilder und es ist ihr gelungen, die \u201ekleine Musik\u201c des Tagebuchs einzufangen, die so besonders und bewegend ist.<\/p>\n<p><strong>DIE MUSIKER<\/strong><\/p>\n<p><strong>Carine H.D. GUTLERNER<\/strong><\/p>\n<p>Komponistin, Konzertpianistin und Chorleiterin. Wurde von Flore Levine ausgebildet.<\/p>\n<p>Erster Preis f\u00fcr Klavier am K\u00f6niglichen Konservatorium in Br\u00fcssel. Doktorat in Klavier (DMA) und Master in Chorleitung an der Universit\u00e4t von Kansas. Pr\u00e4sentiert mit gleicher Leidenschaft das klassische und zeitgen\u00f6ssische Repertoire (ToruTakemitsu, Fr\u00e9d\u00e9ric Van Rossum, William Mayer, Georges Rochberg, Peter E\u00f6tv\u00f6s&#8230;). Komponierte auch die Originalmusik f\u00fcr den Referenzfilm \u201ePaul Delvaux: Carnets de croquis et toiles\u201c.<\/p>\n<p><em><strong>Carine Gutlerner widmet diese CD ihrem Vater und den Opfern der Shoah.<\/strong><\/em><\/p>\n<p><a href=\"https:\/\/carinegutlerner.com\/\" target=\"_blank\" rel=\"noopener\">www.carinegutlerner.com<\/a><\/p>\n<p><strong>Laurent KORCIA<\/strong><\/p>\n<p style=\"background: white; margin: 0cm 0cm 11.25pt 0cm;\"><span style=\"font-family: 'Arial',sans-serif; color: #171717;\">Franz\u00f6sischer Violinist. Hat die Filmmusik auf einer Stradivarius, der &#8222;Zahn&#8220; von 1719, aufgenommen.<\/span><\/p>\n<p>Gewann zahlreiche Wettbewerbe, darunter den \u201ePaganini\u201c im Alter von 18 Jahren, Grand Prix des Jacques-Thibaud-Wettbewerbs, Solist mit den gr\u00f6\u00dften franz\u00f6sischen und ausl\u00e4ndischen Orchestern. Hat die Sonaten f\u00fcr Solovioline von Ysaye, einen \u201eBart\u00f3k\u201c (Lyrinx) und die CD \u201eTzigane &#8211; Le violon d\u2019Europe centrale\u201c (mit Georges Pludermacher am Klavier-BMG\/RCA) aufgenommen. Virtuosit\u00e4t, Erfindungsreichtum, feuriges Temperament. Laurent Korcia spielt auf einer Stradivarius \u2013 der \u201eZahn\u201c -, die von LVMH ausgeliehen wurde.<\/p>\n<p><a href=\"http:\/\/www.agencedianedusaillant.com\">www.agencedianedusaillant.com<\/a><\/p>\n<p><strong>Xavier PHILLIPS<\/strong><\/p>\n<p>Franz\u00f6sischer Cellist. Hat die Filmmusik auf einem \u201eMatteo Gofriller\u201c von 1710 aufgenommen.<\/p>\n<p>Zahlreiche Preise, darunter der Rostropowitsch-Wettbewerb (1990). \u201eChoc de la musique\u201c f\u00fcr seine Sonaten von Schnittke, Schostakowitsch und Prokofjew mit dem Pianisten H\u00fcseyin Sermet (Harmonia Mundi). Spielt regelm\u00e4\u00dfig mit den gr\u00f6\u00dften Orchestern der Welt. Japan-Tournee mit Laurent Korcia und Jean-Marc Luisada.<\/p>\n<p><a href=\"http:\/\/www.xavierphillips.com\">www.xavierphillips.com<\/a><\/p>\n<p><strong>Philippe BERNOLD<\/strong><\/p>\n<p>Fl\u00f6tenspieler. Erster gro\u00dfer Preis beim internationalen Fl\u00f6tenwettbewerb Jean-Pierre Rampal im Jahr 1987. Er ist der einzige franz\u00f6sische Preistr\u00e4ger dieses prestigetr\u00e4chtigen Wettbewerbs seit seiner Gr\u00fcndung und gilt als einer der brillantesten Vertreter der franz\u00f6sischen Fl\u00f6tenschule.<\/p>\n<p><u><a href=\"http:\/\/www.philippebernold.fr\/\" target=\"_blank\" rel=\"noopener\">www.philippebernold.fr<\/a><\/u><\/p>\n<p>Und die anderen Mitspieler:\u00a0<strong>Herv\u00e9 Joulain<\/strong>, Mitglied des Octuor \u00e0 Vent Paris-Bastille wie\u00a0<strong>Olivier Doise<\/strong>,\u00a0<strong>Romain Guyot<\/strong>,\u00a0<strong>Jean Fran\u00e7ois Duquesnoy<\/strong>, die jeweils eine Solistenkarriere machen.\u00a0<strong>Florence Roussin<\/strong>\u00a0und\u00a0<strong>Vinciane B\u00e9ranger<\/strong>\u00a0sind Mitglieder des Cosi-Quartetts.\u00a0<strong>Emmanuelle Bertrand<\/strong>, erste Preistr\u00e4gerin des japanischen Kammermusikwettbewerbs und der internationalen Maurice-Ravel-Akademie.\u00a0<strong>Bernard Cazauran<\/strong>, Professor f\u00fcr Kontrabass am Konservatorium in Lyon; spielte u. a. im Pariser Orchester unter Solti, Berstein und Barenboim und schaffte das Dyptique von Henri Dutilleux.\u00a0<strong>Christine Icart<\/strong>\u00a0gilt als eine der besten Harfenistinnen ihrer Generation.\u00a0<strong>Eric Sammut<\/strong>\u00a0ist Mitglied des Pariser Orchesters.\u00a0<strong>Ariane Jacob<\/strong>\u00a0ist Pianistin und hat freundlicherweise die Celesta-Parts \u00fcbernommen.<\/p>\n<p>&#8212;&#8212;&#8212;&#8212;-<\/p>\n<p>Produziert von St\u00e9phane Dykman &amp; Globe Trotter Network SA (Frankreich). Aufgenommen im Studio Davout (Paris) Tonaufnahme &amp; Mix Claude Ermelin, Assistent St\u00e9phane Reichart. Schnitt: Florence Gambini. Mastertrierung: Fran\u00e7ois Breillat (Digipro).<\/p>\n<p>Musikalischer Assistent: Claude Abromont. ADLEEK SA, alle Rechte vorbehalten. Filmbilder aus dem Zeichentrickfilm \u00a9 A-N.<\/p>\n<p>Produktion committee Bilder aus dem Making of \u00a9 St\u00e9phane Dykman<\/p>\n\n\n<div data-wp-interactive=\"core\/file\" class=\"wp-block-file\"><object data-wp-bind--hidden=\"!state.hasPdfPreview\" hidden class=\"wp-block-file__embed\" data=\"https:\/\/www.iemj.org\/wp-content\/uploads\/2022\/02\/LIVRET-CD-Anne-FRANK.pdf\" type=\"application\/pdf\" style=\"width:100%;height:600px\" aria-label=\"Einbettung von CD-BOOKLET-Anne FRANK.\"><\/object><a id=\"wp-block-file--media-84a9953e-decc-4493-abe0-546f412c5023\" href=\"https:\/\/www.iemj.org\/wp-content\/uploads\/2022\/02\/LIVRET-CD-Anne-FRANK.pdf\" target=\"_blank\" rel=\"noreferrer noopener\">CD-BOOKLET-Anne FRANK<\/a><a href=\"https:\/\/www.iemj.org\/wp-content\/uploads\/2022\/02\/LIVRET-CD-Anne-FRANK.pdf\" class=\"wp-block-file__button wp-element-button\" download aria-describedby=\"wp-block-file--media-84a9953e-decc-4493-abe0-546f412c5023\"><mark>T\u00e9l\u00e9charger<\/mark><\/a><\/div>\n\n\n<div class=\"wp-block-image\">\n<figure class=\"aligncenter size-large\"><img fetchpriority=\"high\" decoding=\"async\" width=\"1024\" height=\"133\" src=\"https:\/\/www.iemj.org\/wp-content\/uploads\/2024\/03\/AUDIO-PLAYER-1024x133.png\" alt=\"\" class=\"wp-image-110606\" srcset=\"https:\/\/www.iemj.org\/wp-content\/uploads\/2024\/03\/AUDIO-PLAYER-1024x133.png 1024w, https:\/\/www.iemj.org\/wp-content\/uploads\/2024\/03\/AUDIO-PLAYER-300x39.png 300w, https:\/\/www.iemj.org\/wp-content\/uploads\/2024\/03\/AUDIO-PLAYER-768x100.png 768w, https:\/\/www.iemj.org\/wp-content\/uploads\/2024\/03\/AUDIO-PLAYER-600x78.png 600w, https:\/\/www.iemj.org\/wp-content\/uploads\/2024\/03\/AUDIO-PLAYER.png 1210w\" sizes=\"(max-width: 1024px) 100vw, 1024px\" \/><\/figure>\n<\/div>","protected":false},"excerpt":{"rendered":"<p>Diese CD kann in voller L\u00e4nge in der folgenden Playlist angeh\u00f6rt werden. Der Produzent\u00a0St\u00e9phane Dykman\u00a0bat die Pianistin und Komponistin\u00a0Carine GUTLERNER um Vorschl\u00e4ge f\u00fcr eine Originalmusik, die \u00fcberwiegend auf der Geige<\/p>\n","protected":false},"author":5,"featured_media":80826,"comment_status":"closed","ping_status":"closed","sticky":false,"template":"","format":"standard","meta":{"_acf_changed":false,"footnotes":""},"categories":[1571,1561],"tags":[],"technique":[],"squelettes":[],"sujet":[1801],"formation":[],"genre":[],"fonds":[],"tradition":[],"type-de-contenu":[],"interprete-compositeur":[],"frise":[],"type-devenement":[],"tableaux-liens-externes":[],"class_list":["post-83279","post","type-post","status-publish","format-standard","has-post-thumbnail","hentry","category-cd-de","category-letzte-neuerwerbungen-de","sujet-shoah-de-2"],"acf":[],"yoast_head":"<!-- This site is optimized with the Yoast SEO plugin v27.3 - https:\/\/yoast.com\/product\/yoast-seo-wordpress\/ -->\n<title>Das Tagebuch von Anne Frank - Institut Europ\u00e9en des Musiques Juives<\/title>\n<meta name=\"robots\" content=\"index, follow, max-snippet:-1, max-image-preview:large, max-video-preview:-1\" \/>\n<link rel=\"canonical\" href=\"https:\/\/www.iemj.org\/de\/le-journal-danne-frank\/\" \/>\n<meta property=\"og:locale\" content=\"de_DE\" \/>\n<meta property=\"og:type\" content=\"article\" \/>\n<meta property=\"og:title\" content=\"Das Tagebuch von Anne Frank - Institut Europ\u00e9en des Musiques Juives\" \/>\n<meta property=\"og:description\" content=\"Diese CD kann in voller L\u00e4nge in der folgenden Playlist angeh\u00f6rt werden. Der Produzent\u00a0St\u00e9phane Dykman\u00a0bat die Pianistin und Komponistin\u00a0Carine GUTLERNER um Vorschl\u00e4ge f\u00fcr eine Originalmusik, die \u00fcberwiegend auf der Geige\" \/>\n<meta property=\"og:url\" content=\"https:\/\/www.iemj.org\/de\/le-journal-danne-frank\/\" \/>\n<meta property=\"og:site_name\" content=\"Institut Europ\u00e9en des Musiques Juives\" \/>\n<meta property=\"article:publisher\" content=\"https:\/\/www.facebook.com\/MusiquesJuives\/\" \/>\n<meta property=\"article:published_time\" content=\"2022-02-17T10:14:41+00:00\" \/>\n<meta property=\"article:modified_time\" content=\"2025-10-19T16:13:57+00:00\" \/>\n<meta property=\"og:image\" content=\"https:\/\/www.iemj.org\/wp-content\/uploads\/2022\/02\/CD_1951_COUV-e1650538298685.jpg\" \/>\n\t<meta property=\"og:image:width\" content=\"350\" \/>\n\t<meta property=\"og:image:height\" content=\"310\" \/>\n\t<meta property=\"og:image:type\" content=\"image\/jpeg\" \/>\n<meta name=\"author\" content=\"Jacqueline ROTEN\" \/>\n<meta name=\"twitter:card\" content=\"summary_large_image\" \/>\n<meta name=\"twitter:label1\" content=\"Verfasst von\" \/>\n\t<meta name=\"twitter:data1\" content=\"Jacqueline ROTEN\" \/>\n\t<meta name=\"twitter:label2\" content=\"Gesch\u00e4tzte Lesezeit\" \/>\n\t<meta name=\"twitter:data2\" content=\"4\u00a0Minuten\" \/>\n<script type=\"application\/ld+json\" class=\"yoast-schema-graph\">{\"@context\":\"https:\\\/\\\/schema.org\",\"@graph\":[{\"@type\":\"Article\",\"@id\":\"https:\\\/\\\/www.iemj.org\\\/de\\\/le-journal-danne-frank\\\/#article\",\"isPartOf\":{\"@id\":\"https:\\\/\\\/www.iemj.org\\\/de\\\/le-journal-danne-frank\\\/\"},\"author\":{\"name\":\"Jacqueline ROTEN\",\"@id\":\"https:\\\/\\\/www.iemj.org\\\/de\\\/#\\\/schema\\\/person\\\/358e26c18aca017fcc4cc15437f7279c\"},\"headline\":\"Das Tagebuch von Anne Frank\",\"datePublished\":\"2022-02-17T10:14:41+00:00\",\"dateModified\":\"2025-10-19T16:13:57+00:00\",\"mainEntityOfPage\":{\"@id\":\"https:\\\/\\\/www.iemj.org\\\/de\\\/le-journal-danne-frank\\\/\"},\"wordCount\":711,\"publisher\":{\"@id\":\"https:\\\/\\\/www.iemj.org\\\/de\\\/#organization\"},\"image\":{\"@id\":\"https:\\\/\\\/www.iemj.org\\\/de\\\/le-journal-danne-frank\\\/#primaryimage\"},\"thumbnailUrl\":\"https:\\\/\\\/www.iemj.org\\\/wp-content\\\/uploads\\\/2022\\\/02\\\/CD_1951_COUV-e1650538298685.jpg\",\"articleSection\":[\"CD\",\"Letzte Neuerwerbungen\"],\"inLanguage\":\"de\"},{\"@type\":\"WebPage\",\"@id\":\"https:\\\/\\\/www.iemj.org\\\/de\\\/le-journal-danne-frank\\\/\",\"url\":\"https:\\\/\\\/www.iemj.org\\\/de\\\/le-journal-danne-frank\\\/\",\"name\":\"Das Tagebuch von Anne Frank - Institut Europ\u00e9en des Musiques Juives\",\"isPartOf\":{\"@id\":\"https:\\\/\\\/www.iemj.org\\\/de\\\/#website\"},\"primaryImageOfPage\":{\"@id\":\"https:\\\/\\\/www.iemj.org\\\/de\\\/le-journal-danne-frank\\\/#primaryimage\"},\"image\":{\"@id\":\"https:\\\/\\\/www.iemj.org\\\/de\\\/le-journal-danne-frank\\\/#primaryimage\"},\"thumbnailUrl\":\"https:\\\/\\\/www.iemj.org\\\/wp-content\\\/uploads\\\/2022\\\/02\\\/CD_1951_COUV-e1650538298685.jpg\",\"datePublished\":\"2022-02-17T10:14:41+00:00\",\"dateModified\":\"2025-10-19T16:13:57+00:00\",\"breadcrumb\":{\"@id\":\"https:\\\/\\\/www.iemj.org\\\/de\\\/le-journal-danne-frank\\\/#breadcrumb\"},\"inLanguage\":\"de\",\"potentialAction\":[{\"@type\":\"ReadAction\",\"target\":[\"https:\\\/\\\/www.iemj.org\\\/de\\\/le-journal-danne-frank\\\/\"]}]},{\"@type\":\"ImageObject\",\"inLanguage\":\"de\",\"@id\":\"https:\\\/\\\/www.iemj.org\\\/de\\\/le-journal-danne-frank\\\/#primaryimage\",\"url\":\"https:\\\/\\\/www.iemj.org\\\/wp-content\\\/uploads\\\/2022\\\/02\\\/CD_1951_COUV-e1650538298685.jpg\",\"contentUrl\":\"https:\\\/\\\/www.iemj.org\\\/wp-content\\\/uploads\\\/2022\\\/02\\\/CD_1951_COUV-e1650538298685.jpg\",\"width\":350,\"height\":310},{\"@type\":\"BreadcrumbList\",\"@id\":\"https:\\\/\\\/www.iemj.org\\\/de\\\/le-journal-danne-frank\\\/#breadcrumb\",\"itemListElement\":[{\"@type\":\"ListItem\",\"position\":1,\"name\":\"Accueil\",\"item\":\"https:\\\/\\\/www.iemj.org\\\/de\\\/\"},{\"@type\":\"ListItem\",\"position\":2,\"name\":\"Das Tagebuch von Anne Frank\"}]},{\"@type\":\"WebSite\",\"@id\":\"https:\\\/\\\/www.iemj.org\\\/de\\\/#website\",\"url\":\"https:\\\/\\\/www.iemj.org\\\/de\\\/\",\"name\":\"Institut Europ\u00e9en des Musiques Juives\",\"description\":\"Des traditions musicales \u00e0 la port\u00e9e de tous\",\"publisher\":{\"@id\":\"https:\\\/\\\/www.iemj.org\\\/de\\\/#organization\"},\"potentialAction\":[{\"@type\":\"SearchAction\",\"target\":{\"@type\":\"EntryPoint\",\"urlTemplate\":\"https:\\\/\\\/www.iemj.org\\\/de\\\/?s={search_term_string}\"},\"query-input\":{\"@type\":\"PropertyValueSpecification\",\"valueRequired\":true,\"valueName\":\"search_term_string\"}}],\"inLanguage\":\"de\"},{\"@type\":\"Organization\",\"@id\":\"https:\\\/\\\/www.iemj.org\\\/de\\\/#organization\",\"name\":\"Institut Europ\u00e9en des Musiques Juives\",\"url\":\"https:\\\/\\\/www.iemj.org\\\/de\\\/\",\"logo\":{\"@type\":\"ImageObject\",\"inLanguage\":\"de\",\"@id\":\"https:\\\/\\\/www.iemj.org\\\/de\\\/#\\\/schema\\\/logo\\\/image\\\/\",\"url\":\"https:\\\/\\\/www.iemj.org\\\/wp-content\\\/uploads\\\/2021\\\/09\\\/Logo-IEMJ-Paypal.jpg\",\"contentUrl\":\"https:\\\/\\\/www.iemj.org\\\/wp-content\\\/uploads\\\/2021\\\/09\\\/Logo-IEMJ-Paypal.jpg\",\"width\":150,\"height\":50,\"caption\":\"Institut Europ\u00e9en des Musiques Juives\"},\"image\":{\"@id\":\"https:\\\/\\\/www.iemj.org\\\/de\\\/#\\\/schema\\\/logo\\\/image\\\/\"},\"sameAs\":[\"https:\\\/\\\/www.facebook.com\\\/MusiquesJuives\\\/\",\"https:\\\/\\\/www.instagram.com\\\/musiquesjuives\\\/\",\"https:\\\/\\\/www.youtube.com\\\/user\\\/musiquesjuives\"]},{\"@type\":\"Person\",\"@id\":\"https:\\\/\\\/www.iemj.org\\\/de\\\/#\\\/schema\\\/person\\\/358e26c18aca017fcc4cc15437f7279c\",\"name\":\"Jacqueline ROTEN\",\"image\":{\"@type\":\"ImageObject\",\"inLanguage\":\"de\",\"@id\":\"https:\\\/\\\/secure.gravatar.com\\\/avatar\\\/5964256d6c6957de3a3505278957e0fb2a35119ac47ea41827a65301213c810b?s=96&d=mm&r=g\",\"url\":\"https:\\\/\\\/secure.gravatar.com\\\/avatar\\\/5964256d6c6957de3a3505278957e0fb2a35119ac47ea41827a65301213c810b?s=96&d=mm&r=g\",\"contentUrl\":\"https:\\\/\\\/secure.gravatar.com\\\/avatar\\\/5964256d6c6957de3a3505278957e0fb2a35119ac47ea41827a65301213c810b?s=96&d=mm&r=g\",\"caption\":\"Jacqueline ROTEN\"}}]}<\/script>\n<!-- \/ Yoast SEO plugin. -->","yoast_head_json":{"title":"Das Tagebuch von Anne Frank - Institut Europ\u00e9en des Musiques Juives","robots":{"index":"index","follow":"follow","max-snippet":"max-snippet:-1","max-image-preview":"max-image-preview:large","max-video-preview":"max-video-preview:-1"},"canonical":"https:\/\/www.iemj.org\/de\/le-journal-danne-frank\/","og_locale":"de_DE","og_type":"article","og_title":"Das Tagebuch von Anne Frank - Institut Europ\u00e9en des Musiques Juives","og_description":"Diese CD kann in voller L\u00e4nge in der folgenden Playlist angeh\u00f6rt werden. Der Produzent\u00a0St\u00e9phane Dykman\u00a0bat die Pianistin und Komponistin\u00a0Carine GUTLERNER um Vorschl\u00e4ge f\u00fcr eine Originalmusik, die \u00fcberwiegend auf der Geige","og_url":"https:\/\/www.iemj.org\/de\/le-journal-danne-frank\/","og_site_name":"Institut Europ\u00e9en des Musiques Juives","article_publisher":"https:\/\/www.facebook.com\/MusiquesJuives\/","article_published_time":"2022-02-17T10:14:41+00:00","article_modified_time":"2025-10-19T16:13:57+00:00","og_image":[{"width":350,"height":310,"url":"https:\/\/www.iemj.org\/wp-content\/uploads\/2022\/02\/CD_1951_COUV-e1650538298685.jpg","type":"image\/jpeg"}],"author":"Jacqueline ROTEN","twitter_card":"summary_large_image","twitter_misc":{"Verfasst von":"Jacqueline ROTEN","Gesch\u00e4tzte Lesezeit":"4\u00a0Minuten"},"schema":{"@context":"https:\/\/schema.org","@graph":[{"@type":"Article","@id":"https:\/\/www.iemj.org\/de\/le-journal-danne-frank\/#article","isPartOf":{"@id":"https:\/\/www.iemj.org\/de\/le-journal-danne-frank\/"},"author":{"name":"Jacqueline ROTEN","@id":"https:\/\/www.iemj.org\/de\/#\/schema\/person\/358e26c18aca017fcc4cc15437f7279c"},"headline":"Das Tagebuch von Anne Frank","datePublished":"2022-02-17T10:14:41+00:00","dateModified":"2025-10-19T16:13:57+00:00","mainEntityOfPage":{"@id":"https:\/\/www.iemj.org\/de\/le-journal-danne-frank\/"},"wordCount":711,"publisher":{"@id":"https:\/\/www.iemj.org\/de\/#organization"},"image":{"@id":"https:\/\/www.iemj.org\/de\/le-journal-danne-frank\/#primaryimage"},"thumbnailUrl":"https:\/\/www.iemj.org\/wp-content\/uploads\/2022\/02\/CD_1951_COUV-e1650538298685.jpg","articleSection":["CD","Letzte Neuerwerbungen"],"inLanguage":"de"},{"@type":"WebPage","@id":"https:\/\/www.iemj.org\/de\/le-journal-danne-frank\/","url":"https:\/\/www.iemj.org\/de\/le-journal-danne-frank\/","name":"Das Tagebuch von Anne Frank - Institut Europ\u00e9en des Musiques Juives","isPartOf":{"@id":"https:\/\/www.iemj.org\/de\/#website"},"primaryImageOfPage":{"@id":"https:\/\/www.iemj.org\/de\/le-journal-danne-frank\/#primaryimage"},"image":{"@id":"https:\/\/www.iemj.org\/de\/le-journal-danne-frank\/#primaryimage"},"thumbnailUrl":"https:\/\/www.iemj.org\/wp-content\/uploads\/2022\/02\/CD_1951_COUV-e1650538298685.jpg","datePublished":"2022-02-17T10:14:41+00:00","dateModified":"2025-10-19T16:13:57+00:00","breadcrumb":{"@id":"https:\/\/www.iemj.org\/de\/le-journal-danne-frank\/#breadcrumb"},"inLanguage":"de","potentialAction":[{"@type":"ReadAction","target":["https:\/\/www.iemj.org\/de\/le-journal-danne-frank\/"]}]},{"@type":"ImageObject","inLanguage":"de","@id":"https:\/\/www.iemj.org\/de\/le-journal-danne-frank\/#primaryimage","url":"https:\/\/www.iemj.org\/wp-content\/uploads\/2022\/02\/CD_1951_COUV-e1650538298685.jpg","contentUrl":"https:\/\/www.iemj.org\/wp-content\/uploads\/2022\/02\/CD_1951_COUV-e1650538298685.jpg","width":350,"height":310},{"@type":"BreadcrumbList","@id":"https:\/\/www.iemj.org\/de\/le-journal-danne-frank\/#breadcrumb","itemListElement":[{"@type":"ListItem","position":1,"name":"Accueil","item":"https:\/\/www.iemj.org\/de\/"},{"@type":"ListItem","position":2,"name":"Das Tagebuch von Anne Frank"}]},{"@type":"WebSite","@id":"https:\/\/www.iemj.org\/de\/#website","url":"https:\/\/www.iemj.org\/de\/","name":"Institut Europ\u00e9en des Musiques Juives","description":"Des traditions musicales \u00e0 la port\u00e9e de tous","publisher":{"@id":"https:\/\/www.iemj.org\/de\/#organization"},"potentialAction":[{"@type":"SearchAction","target":{"@type":"EntryPoint","urlTemplate":"https:\/\/www.iemj.org\/de\/?s={search_term_string}"},"query-input":{"@type":"PropertyValueSpecification","valueRequired":true,"valueName":"search_term_string"}}],"inLanguage":"de"},{"@type":"Organization","@id":"https:\/\/www.iemj.org\/de\/#organization","name":"Institut Europ\u00e9en des Musiques Juives","url":"https:\/\/www.iemj.org\/de\/","logo":{"@type":"ImageObject","inLanguage":"de","@id":"https:\/\/www.iemj.org\/de\/#\/schema\/logo\/image\/","url":"https:\/\/www.iemj.org\/wp-content\/uploads\/2021\/09\/Logo-IEMJ-Paypal.jpg","contentUrl":"https:\/\/www.iemj.org\/wp-content\/uploads\/2021\/09\/Logo-IEMJ-Paypal.jpg","width":150,"height":50,"caption":"Institut Europ\u00e9en des Musiques Juives"},"image":{"@id":"https:\/\/www.iemj.org\/de\/#\/schema\/logo\/image\/"},"sameAs":["https:\/\/www.facebook.com\/MusiquesJuives\/","https:\/\/www.instagram.com\/musiquesjuives\/","https:\/\/www.youtube.com\/user\/musiquesjuives"]},{"@type":"Person","@id":"https:\/\/www.iemj.org\/de\/#\/schema\/person\/358e26c18aca017fcc4cc15437f7279c","name":"Jacqueline ROTEN","image":{"@type":"ImageObject","inLanguage":"de","@id":"https:\/\/secure.gravatar.com\/avatar\/5964256d6c6957de3a3505278957e0fb2a35119ac47ea41827a65301213c810b?s=96&d=mm&r=g","url":"https:\/\/secure.gravatar.com\/avatar\/5964256d6c6957de3a3505278957e0fb2a35119ac47ea41827a65301213c810b?s=96&d=mm&r=g","contentUrl":"https:\/\/secure.gravatar.com\/avatar\/5964256d6c6957de3a3505278957e0fb2a35119ac47ea41827a65301213c810b?s=96&d=mm&r=g","caption":"Jacqueline ROTEN"}}]}},"_links":{"self":[{"href":"https:\/\/www.iemj.org\/de\/wp-json\/wp\/v2\/posts\/83279","targetHints":{"allow":["GET"]}}],"collection":[{"href":"https:\/\/www.iemj.org\/de\/wp-json\/wp\/v2\/posts"}],"about":[{"href":"https:\/\/www.iemj.org\/de\/wp-json\/wp\/v2\/types\/post"}],"author":[{"embeddable":true,"href":"https:\/\/www.iemj.org\/de\/wp-json\/wp\/v2\/users\/5"}],"replies":[{"embeddable":true,"href":"https:\/\/www.iemj.org\/de\/wp-json\/wp\/v2\/comments?post=83279"}],"version-history":[{"count":1,"href":"https:\/\/www.iemj.org\/de\/wp-json\/wp\/v2\/posts\/83279\/revisions"}],"predecessor-version":[{"id":127209,"href":"https:\/\/www.iemj.org\/de\/wp-json\/wp\/v2\/posts\/83279\/revisions\/127209"}],"wp:featuredmedia":[{"embeddable":true,"href":"https:\/\/www.iemj.org\/de\/wp-json\/wp\/v2\/media\/80826"}],"wp:attachment":[{"href":"https:\/\/www.iemj.org\/de\/wp-json\/wp\/v2\/media?parent=83279"}],"wp:term":[{"taxonomy":"category","embeddable":true,"href":"https:\/\/www.iemj.org\/de\/wp-json\/wp\/v2\/categories?post=83279"},{"taxonomy":"post_tag","embeddable":true,"href":"https:\/\/www.iemj.org\/de\/wp-json\/wp\/v2\/tags?post=83279"},{"taxonomy":"technique","embeddable":true,"href":"https:\/\/www.iemj.org\/de\/wp-json\/wp\/v2\/technique?post=83279"},{"taxonomy":"squelettes","embeddable":true,"href":"https:\/\/www.iemj.org\/de\/wp-json\/wp\/v2\/squelettes?post=83279"},{"taxonomy":"sujet","embeddable":true,"href":"https:\/\/www.iemj.org\/de\/wp-json\/wp\/v2\/sujet?post=83279"},{"taxonomy":"formation","embeddable":true,"href":"https:\/\/www.iemj.org\/de\/wp-json\/wp\/v2\/formation?post=83279"},{"taxonomy":"genre","embeddable":true,"href":"https:\/\/www.iemj.org\/de\/wp-json\/wp\/v2\/genre?post=83279"},{"taxonomy":"fonds","embeddable":true,"href":"https:\/\/www.iemj.org\/de\/wp-json\/wp\/v2\/fonds?post=83279"},{"taxonomy":"tradition","embeddable":true,"href":"https:\/\/www.iemj.org\/de\/wp-json\/wp\/v2\/tradition?post=83279"},{"taxonomy":"type-de-contenu","embeddable":true,"href":"https:\/\/www.iemj.org\/de\/wp-json\/wp\/v2\/type-de-contenu?post=83279"},{"taxonomy":"interprete-compositeur","embeddable":true,"href":"https:\/\/www.iemj.org\/de\/wp-json\/wp\/v2\/interprete-compositeur?post=83279"},{"taxonomy":"frise","embeddable":true,"href":"https:\/\/www.iemj.org\/de\/wp-json\/wp\/v2\/frise?post=83279"},{"taxonomy":"type-devenement","embeddable":true,"href":"https:\/\/www.iemj.org\/de\/wp-json\/wp\/v2\/type-devenement?post=83279"},{"taxonomy":"tableaux-liens-externes","embeddable":true,"href":"https:\/\/www.iemj.org\/de\/wp-json\/wp\/v2\/tableaux-liens-externes?post=83279"}],"curies":[{"name":"wp","href":"https:\/\/api.w.org\/{rel}","templated":true}]}}