{"id":84150,"date":"2022-05-11T12:18:20","date_gmt":"2022-05-11T10:18:20","guid":{"rendered":"https:\/\/www.iemj.org\/arnold-jacques-1946\/"},"modified":"2024-10-14T13:01:31","modified_gmt":"2024-10-14T11:01:31","slug":"arnold-jacques-1946","status":"publish","type":"post","link":"https:\/\/www.iemj.org\/de\/arnold-jacques-1946\/","title":{"rendered":"Arnold, Jacques (1946)"},"content":{"rendered":"<p>Jacques Arnold wurde am 29. Dezember 1946 im 10. Arrondissement von Paris in einer traditionalistischen Familie geboren, die mit der j\u00fcdischen Kultur verkn\u00fcpft war. Er besuchte die Grundschule seines Viertels, und dann bis zum Abitur die \u00c9cole Yavn\u00e9 (Yavne Schule). Da diese j\u00fcdische Schule zu dieser Zeit in der N\u00e4he des S\u00e9minaire Isra\u00e9lite de France (\u201eIsraelistisches Seminar Frankreichs\u201c) sich befand, wurde er 1963 in der Liturgie-P\u00e4dagogie-Abteilung des Seminars aufgenommen, in welchem er den Kantorlehrgang unter Leitung von L\u00e9on Algazi und unter Mitwirkung von Alberto Hemsi, Roland Moss\u00e9, Adolphe Attia, Shalom Berlinski\u2026(usw.) absolvierte. W\u00e4hrend seiner Lehrjahre erf\u00fcllte er das Amt des Kantors (Chasan) und des Lehrers in mehreren j\u00fcdischen Gemeinschaften (La Varenne, Bayonne, Synagoge der Victoire in Paris\u2026)<\/p>\n<p><img decoding=\"async\" class=\" wp-image-83853 alignright\" src=\"https:\/\/www.iemj.org\/wp-content\/uploads\/2022\/05\/photo-J.-Arnold_redim-175x300.jpg\" alt=\"\" width=\"139\" height=\"238\" srcset=\"https:\/\/www.iemj.org\/wp-content\/uploads\/2022\/05\/photo-J.-Arnold_redim-175x300.jpg 175w, https:\/\/www.iemj.org\/wp-content\/uploads\/2022\/05\/photo-J.-Arnold_redim.jpg 292w\" sizes=\"(max-width: 139px) 100vw, 139px\" \/><\/p>\n<p>Von 1968 bis 1971 f\u00fchrte Jacques Arnold einen Studien- und Entdeckungsaufenthalt in Israel durch, um sein Wissen \u00fcber das Judentum zu vertiefen. Er ist ein unerm\u00fcdlicher Arbeiter und erlangte 1991 eine Licence (Bachelor) in modernem Hebr\u00e4isch an der INALCO (Institut National des Langues et Civilisations Orientales).<\/p>\n<p>Ab November 1971 erf\u00fcllte er das Amt des religi\u00f6sen Leiters im Altenheim der Fondation de Rothschild (Rothschild Stiftung) \u2013 Stra\u00dfe Picpus, 12. Arrondissement von Paris. Seine Aufgabe, die er 36 Jahre lang treu verrichtete, war es, die Gottesdienste der Synagoge der Einrichtung zu leiten, das j\u00fcdische Leben und die Feier der Festen f\u00fcr die Residenten zu organisieren, und die Bildung des Personals zum Empfang der Gl\u00e4ubigen des Viertels zu sichern.<\/p>\n<p>Gleichzeitig lehrte er von 1987 bis 2008 die j\u00fcdischen Fachen (Hebr\u00e4isch, Liturgie\u2026) im Coll\u00e8ge und im Lyc\u00e9e der \u00c9cole Yavn\u00e9. Diese vollkommene Einbeziehung, vor allem im Bildungsbereich, brachte ihm im Dezember 2019 die \u00dcbergabe des Titels von emeritiertem Rabbiner durch den Oberrabbiner Gilles Bernheim ein.<\/p>\n<figure id=\"attachment_84095\" aria-describedby=\"caption-attachment-84095\" style=\"width: 488px\" class=\"wp-caption aligncenter\"><img fetchpriority=\"high\" decoding=\"async\" class=\"wp-image-84095\" src=\"https:\/\/www.iemj.org\/wp-content\/uploads\/2022\/05\/2009-Nomination-par-le-Grand-Rabbin-G.-Bernheim-300x225.jpg\" alt=\"\" width=\"488\" height=\"366\" srcset=\"https:\/\/www.iemj.org\/wp-content\/uploads\/2022\/05\/2009-Nomination-par-le-Grand-Rabbin-G.-Bernheim-300x225.jpg 300w, https:\/\/www.iemj.org\/wp-content\/uploads\/2022\/05\/2009-Nomination-par-le-Grand-Rabbin-G.-Bernheim.jpg 500w\" sizes=\"(max-width: 488px) 100vw, 488px\" \/><figcaption id=\"caption-attachment-84095\" class=\"wp-caption-text\"><strong>2009 &#8211; Ernennung durch Oberrabbiner G. Bernheim<\/strong><\/figcaption><\/figure>\n<p>Ab 2009, als er in den Ruhestand ging, reisten Jacques und seine Frau Isabelle regelm\u00e4\u00dfig zwischen Jerusalem und Paris, um bei ihren vier Kindern und ihren Pariser und Israeli Enkelkindern und Urenkeln zu sein.<\/p>\n<p>Da er \u00fcber Freizeit verf\u00fcgte, konnte sich Jacques Arnold dem Team der Freiwilligen des Institut Europ\u00e9en des Musiques Juives (Europ\u00e4isches Institut der j\u00fcdischen Musik) anschlie\u00dfen, um sich unter anderem an der Anordnung und Identifizierung der zahlreichen digitalisierten Tondokumente hinzugeben, die sich auf die j\u00fcdische Liturgie und Musiktraditionen beziehen. Er arbeitete auch mit Herv\u00e9 Roten an mehreren Radiosendungen \u00fcber j\u00fcdische Musik auf Juda\u00efques FM mit, und ist auch Mitglied des J\u00fcdischen Chors von Frankreich.<\/p>\n<p>Letztlich entwickelte er wundersch\u00f6ne Glasmalereien f\u00fcr die beiden gro\u00dfen Glasfenster der Synagoge der Fondation de Rothschild. Inspiriert von Themen aus der j\u00fcdischen Tradition und Elementen aus der Bibel entwarf und fertigte er die vorbereitenden Zeichnungen mit dem Ziel, eine harmonische Komposition zu schaffen. Anschlie\u00dfend fertigte er die Modelle an, die es Sylvie Fagot, Glasermeisterin, erm\u00f6glichten, das Werk nach den Regeln der Kunst auszuf\u00fchren. Diese Glasfenster, die Motive begleitende hebr\u00e4ischen Inschriften enthalten, verleihen dem renovierten Gebetsst\u00e4tte eine farbige Note und tragen zu seiner Heiterkeit bei.<\/p>\n\n\n<figure class=\"wp-block-gallery has-nested-images columns-default is-cropped wp-block-gallery-1 is-layout-flex wp-block-gallery-is-layout-flex\">\n<figure class=\"wp-block-image size-full\"><img decoding=\"async\" width=\"375\" height=\"500\" data-id=\"84005\" src=\"https:\/\/www.iemj.org\/wp-content\/uploads\/2022\/05\/1953_Redim_Fete-de-Hanouka-Synagogue-de-la-rue-Doudeauville-Paris-XVIIIeme-recitation-des-prieres-avec-Mr-Pinkas-Guiguel-hazan-de-la-com.jpg\" alt=\"\" class=\"wp-image-84005\" srcset=\"https:\/\/www.iemj.org\/wp-content\/uploads\/2022\/05\/1953_Redim_Fete-de-Hanouka-Synagogue-de-la-rue-Doudeauville-Paris-XVIIIeme-recitation-des-prieres-avec-Mr-Pinkas-Guiguel-hazan-de-la-com.jpg 375w, https:\/\/www.iemj.org\/wp-content\/uploads\/2022\/05\/1953_Redim_Fete-de-Hanouka-Synagogue-de-la-rue-Doudeauville-Paris-XVIIIeme-recitation-des-prieres-avec-Mr-Pinkas-Guiguel-hazan-de-la-com-225x300.jpg 225w\" sizes=\"(max-width: 375px) 100vw, 375px\" \/><figcaption class=\"wp-element-caption\"><strong>Photo 1<\/strong><\/figcaption><\/figure>\n\n\n\n<figure class=\"wp-block-image size-large is-style-default\"><img loading=\"lazy\" decoding=\"async\" width=\"724\" height=\"1024\" data-id=\"84090\" src=\"https:\/\/www.iemj.org\/wp-content\/uploads\/2022\/05\/1960-Kiddouch-de-la-Bar-Mitsvah-de-J.-Arnold-a-la-droite-dEmile-Kacman-ministre-officiant2-724x1024.jpg\" alt=\"\" class=\"wp-image-84090\" srcset=\"https:\/\/www.iemj.org\/wp-content\/uploads\/2022\/05\/1960-Kiddouch-de-la-Bar-Mitsvah-de-J.-Arnold-a-la-droite-dEmile-Kacman-ministre-officiant2-724x1024.jpg 724w, https:\/\/www.iemj.org\/wp-content\/uploads\/2022\/05\/1960-Kiddouch-de-la-Bar-Mitsvah-de-J.-Arnold-a-la-droite-dEmile-Kacman-ministre-officiant2-212x300.jpg 212w, https:\/\/www.iemj.org\/wp-content\/uploads\/2022\/05\/1960-Kiddouch-de-la-Bar-Mitsvah-de-J.-Arnold-a-la-droite-dEmile-Kacman-ministre-officiant2-768x1086.jpg 768w, https:\/\/www.iemj.org\/wp-content\/uploads\/2022\/05\/1960-Kiddouch-de-la-Bar-Mitsvah-de-J.-Arnold-a-la-droite-dEmile-Kacman-ministre-officiant2-1086x1536.jpg 1086w, https:\/\/www.iemj.org\/wp-content\/uploads\/2022\/05\/1960-Kiddouch-de-la-Bar-Mitsvah-de-J.-Arnold-a-la-droite-dEmile-Kacman-ministre-officiant2-600x849.jpg 600w, https:\/\/www.iemj.org\/wp-content\/uploads\/2022\/05\/1960-Kiddouch-de-la-Bar-Mitsvah-de-J.-Arnold-a-la-droite-dEmile-Kacman-ministre-officiant2.jpg 1240w\" sizes=\"(max-width: 724px) 100vw, 724px\" \/><figcaption class=\"wp-element-caption\"><strong>Photo 2<\/strong><\/figcaption><\/figure>\n\n\n\n<figure class=\"wp-block-image size-large\"><img loading=\"lazy\" decoding=\"async\" width=\"500\" height=\"375\" data-id=\"84022\" src=\"https:\/\/www.iemj.org\/wp-content\/uploads\/2022\/05\/1964.Voir-legende-1182.jpg\" alt=\"\" class=\"wp-image-84022\" srcset=\"https:\/\/www.iemj.org\/wp-content\/uploads\/2022\/05\/1964.Voir-legende-1182.jpg 500w, https:\/\/www.iemj.org\/wp-content\/uploads\/2022\/05\/1964.Voir-legende-1182-300x225.jpg 300w\" sizes=\"(max-width: 500px) 100vw, 500px\" \/><figcaption class=\"wp-element-caption\"><strong>Photo 3<\/strong><\/figcaption><\/figure>\n\n\n\n<figure class=\"wp-block-image size-large\"><img loading=\"lazy\" decoding=\"async\" width=\"375\" height=\"500\" data-id=\"84027\" src=\"https:\/\/www.iemj.org\/wp-content\/uploads\/2022\/05\/1965_Redim_Synagogue-Buffault-assistant-Mr-R.-Mosse-lors-dun-mariage.jpg\" alt=\"\" class=\"wp-image-84027\" srcset=\"https:\/\/www.iemj.org\/wp-content\/uploads\/2022\/05\/1965_Redim_Synagogue-Buffault-assistant-Mr-R.-Mosse-lors-dun-mariage.jpg 375w, https:\/\/www.iemj.org\/wp-content\/uploads\/2022\/05\/1965_Redim_Synagogue-Buffault-assistant-Mr-R.-Mosse-lors-dun-mariage-225x300.jpg 225w\" sizes=\"(max-width: 375px) 100vw, 375px\" \/><figcaption class=\"wp-element-caption\"><strong>Photo 4<\/strong><\/figcaption><\/figure>\n\n\n\n<figure class=\"wp-block-image size-large\"><img loading=\"lazy\" decoding=\"async\" width=\"367\" height=\"500\" data-id=\"84009\" src=\"https:\/\/www.iemj.org\/wp-content\/uploads\/2022\/05\/Redim_Benediction-lors-dune-celebration-de-mariage.jpg\" alt=\"\" class=\"wp-image-84009\" srcset=\"https:\/\/www.iemj.org\/wp-content\/uploads\/2022\/05\/Redim_Benediction-lors-dune-celebration-de-mariage.jpg 367w, https:\/\/www.iemj.org\/wp-content\/uploads\/2022\/05\/Redim_Benediction-lors-dune-celebration-de-mariage-220x300.jpg 220w\" sizes=\"(max-width: 367px) 100vw, 367px\" \/><figcaption class=\"wp-element-caption\"><strong>Photo 5<\/strong><\/figcaption><\/figure>\n\n\n\n<figure class=\"wp-block-image size-large\"><img loading=\"lazy\" decoding=\"async\" width=\"500\" height=\"497\" data-id=\"84017\" src=\"https:\/\/www.iemj.org\/wp-content\/uploads\/2022\/05\/Vitraux-de-Jacques-Arnold.jpeg\" alt=\"\" class=\"wp-image-84017\" srcset=\"https:\/\/www.iemj.org\/wp-content\/uploads\/2022\/05\/Vitraux-de-Jacques-Arnold.jpeg 500w, https:\/\/www.iemj.org\/wp-content\/uploads\/2022\/05\/Vitraux-de-Jacques-Arnold-300x298.jpeg 300w, https:\/\/www.iemj.org\/wp-content\/uploads\/2022\/05\/Vitraux-de-Jacques-Arnold-150x150.jpeg 150w, https:\/\/www.iemj.org\/wp-content\/uploads\/2022\/05\/Vitraux-de-Jacques-Arnold-100x100.jpeg 100w\" sizes=\"(max-width: 500px) 100vw, 500px\" \/><figcaption class=\"wp-element-caption\"><strong>Photo 6<\/strong><\/figcaption><\/figure>\n<figcaption class=\"blocks-gallery-caption wp-element-caption\"><strong>Photo 1<\/strong> : 1953 &#8211; Chanukka-Feier \u2013 Synagoge der Stra\u00dfe Doudeauville (Paris 18. Arrondissement) Rezitieren der Gebeten mit Pinkas Chiguel, Chasan der heute Keduschat Levi genannte Gemeinschaft &#8211; <strong>Photo 2 <\/strong>: 1960 &#8211; Kiddusch der Bar Mitzwa von J. Arnold (links auf dem Bild) mit dem Kantor Emile Ka\u00e7man &#8211; <strong>Photo 3<\/strong> : 1964 &#8211; Chor von Studenten des Seminars der Stra\u00dfe Vauquelin &#8211; <strong>Photo 4<\/strong> : 1965 &#8211; Synagoge Buffault &#8211; steht R. Moss\u00e9 bei einer Hochzeit bei &#8211; <strong>Photo 5<\/strong> : Segenwunsch bei einer Hochzeitsfeier &#8211; <strong>Photo 6<\/strong> : Glasfenster von Jacques Arnold<\/figcaption><\/figure>\n\n\n<\/p>\n<ul>\n<li><a href=\"https:\/\/www.iemj.org\/?s=Jacques+Arnold&amp;search_type=main&amp;submit=Search\" target=\"_blank\" rel=\"noopener\">Mehr \u00fcber Jacques Arnold erfahren und seine Radiosendungen auf die Website des IEMJ anh\u00f6ren <\/a><\/li>\n<li><a href=\"https:\/\/www.iemj.org\/le-hazzan-vecteur-du-chant-synagogal-jacques-arnold\/\" target=\"_blank\" rel=\"noopener\">Die Konferenz von Jacques Arnold \u00fcber die Rolle des Chasan im synagogalen Kult anh\u00f6ren <\/a><\/li>\n<li><a href=\"https:\/\/www.iemj.org\/de\/fonds-jacques-arnold\/\" target=\"_blank\" rel=\"noopener\">Im von Jacques Arnold bei dem IEMJ hinterlegten Archivbestand (Audioaufnahme, Partituren\u2026 usw.) nachsehen<\/a><\/li>\n<li>\n<p><a href=\"https:\/\/www.iemj.org\/de\/jacques-arnold-une-vie-au-service-de-la-hazzanout\/\" target=\"_blank\" rel=\"noopener\">Das Video<em> Jacques Arnold, Ein Leben im Dienste der Chasanut <\/em>ansehen<\/a><\/p>\n<\/li>\n<\/ul>\n\n\n<div data-wp-interactive=\"core\/file\" class=\"wp-block-file\"><object data-wp-bind--hidden=\"!state.hasPdfPreview\" hidden class=\"wp-block-file__embed\" data=\"https:\/\/www.iemj.org\/wp-content\/uploads\/2022\/05\/Article-sur-Jacques-Arnold-Vox-Aurea-Via-Sacra-Sept.-2014.pdf\" type=\"application\/pdf\" style=\"width:100%;height:600px\" aria-label=\"Einbettung von Artikel \u00fcber Jacques Arnold, Vox Aurea-Via Sacra, Sept.2014.\"><\/object><a id=\"wp-block-file--media-c6042f31-f066-41ca-8124-0a1a9c4c125a\" href=\"https:\/\/www.iemj.org\/wp-content\/uploads\/2022\/05\/Article-sur-Jacques-Arnold-Vox-Aurea-Via-Sacra-Sept.-2014.pdf\">Artikel \u00fcber Jacques Arnold, Vox Aurea-Via Sacra, Sept.2014<\/a><a href=\"https:\/\/www.iemj.org\/wp-content\/uploads\/2022\/05\/Article-sur-Jacques-Arnold-Vox-Aurea-Via-Sacra-Sept.-2014.pdf\" class=\"wp-block-file__button wp-element-button\" download aria-describedby=\"wp-block-file--media-c6042f31-f066-41ca-8124-0a1a9c4c125a\">Pdf herunterladen<\/a><\/div>\n","protected":false},"excerpt":{"rendered":"<p>Jacques Arnold wurde am 29. Dezember 1946 im 10. Arrondissement von Paris in einer traditionalistischen Familie geboren, die mit der j\u00fcdischen Kultur verkn\u00fcpft war. Er besuchte die Grundschule seines Viertels,<\/p>\n","protected":false},"author":5,"featured_media":83847,"comment_status":"closed","ping_status":"closed","sticky":false,"template":"","format":"standard","meta":{"_acf_changed":false,"footnotes":""},"categories":[1415],"tags":[],"technique":[],"squelettes":[],"sujet":[],"formation":[],"genre":[],"fonds":[],"tradition":[],"type-de-contenu":[],"interprete-compositeur":[],"frise":[],"type-devenement":[],"tableaux-liens-externes":[],"class_list":["post-84150","post","type-post","status-publish","format-standard","has-post-thumbnail","hentry","category-biografien-de"],"acf":[],"yoast_head":"<!-- This site is optimized with the Yoast SEO plugin v27.3 - https:\/\/yoast.com\/product\/yoast-seo-wordpress\/ -->\n<title>Arnold, Jacques (1946) - Institut Europ\u00e9en des Musiques Juives<\/title>\n<meta name=\"robots\" content=\"index, follow, max-snippet:-1, max-image-preview:large, max-video-preview:-1\" \/>\n<link rel=\"canonical\" href=\"https:\/\/www.iemj.org\/de\/arnold-jacques-1946\/\" \/>\n<meta property=\"og:locale\" content=\"de_DE\" \/>\n<meta property=\"og:type\" content=\"article\" \/>\n<meta property=\"og:title\" content=\"Arnold, Jacques (1946) - Institut Europ\u00e9en des Musiques Juives\" \/>\n<meta property=\"og:description\" content=\"Jacques Arnold wurde am 29. Dezember 1946 im 10. Arrondissement von Paris in einer traditionalistischen Familie geboren, die mit der j\u00fcdischen Kultur verkn\u00fcpft war. Er besuchte die Grundschule seines Viertels,\" \/>\n<meta property=\"og:url\" content=\"https:\/\/www.iemj.org\/de\/arnold-jacques-1946\/\" \/>\n<meta property=\"og:site_name\" content=\"Institut Europ\u00e9en des Musiques Juives\" \/>\n<meta property=\"article:publisher\" content=\"https:\/\/www.facebook.com\/MusiquesJuives\/\" \/>\n<meta property=\"article:published_time\" content=\"2022-05-11T10:18:20+00:00\" \/>\n<meta property=\"article:modified_time\" content=\"2024-10-14T11:01:31+00:00\" \/>\n<meta property=\"og:image\" content=\"https:\/\/www.iemj.org\/wp-content\/uploads\/2022\/05\/Logo-Bio-Jacques-Arnold.jpg\" \/>\n\t<meta property=\"og:image:width\" content=\"174\" \/>\n\t<meta property=\"og:image:height\" content=\"218\" \/>\n\t<meta property=\"og:image:type\" content=\"image\/jpeg\" \/>\n<meta name=\"author\" content=\"Jacqueline ROTEN\" \/>\n<meta name=\"twitter:card\" content=\"summary_large_image\" \/>\n<meta name=\"twitter:label1\" content=\"Verfasst von\" \/>\n\t<meta name=\"twitter:data1\" content=\"Jacqueline ROTEN\" \/>\n\t<meta name=\"twitter:label2\" content=\"Gesch\u00e4tzte Lesezeit\" \/>\n\t<meta name=\"twitter:data2\" content=\"6\u00a0Minuten\" \/>\n<script type=\"application\/ld+json\" class=\"yoast-schema-graph\">{\"@context\":\"https:\\\/\\\/schema.org\",\"@graph\":[{\"@type\":\"Article\",\"@id\":\"https:\\\/\\\/www.iemj.org\\\/de\\\/arnold-jacques-1946\\\/#article\",\"isPartOf\":{\"@id\":\"https:\\\/\\\/www.iemj.org\\\/de\\\/arnold-jacques-1946\\\/\"},\"author\":{\"name\":\"Jacqueline ROTEN\",\"@id\":\"https:\\\/\\\/www.iemj.org\\\/de\\\/#\\\/schema\\\/person\\\/358e26c18aca017fcc4cc15437f7279c\"},\"headline\":\"Arnold, Jacques (1946)\",\"datePublished\":\"2022-05-11T10:18:20+00:00\",\"dateModified\":\"2024-10-14T11:01:31+00:00\",\"mainEntityOfPage\":{\"@id\":\"https:\\\/\\\/www.iemj.org\\\/de\\\/arnold-jacques-1946\\\/\"},\"wordCount\":663,\"publisher\":{\"@id\":\"https:\\\/\\\/www.iemj.org\\\/de\\\/#organization\"},\"image\":{\"@id\":\"https:\\\/\\\/www.iemj.org\\\/de\\\/arnold-jacques-1946\\\/#primaryimage\"},\"thumbnailUrl\":\"https:\\\/\\\/www.iemj.org\\\/wp-content\\\/uploads\\\/2022\\\/05\\\/Logo-Bio-Jacques-Arnold.jpg\",\"articleSection\":[\"Biografien\"],\"inLanguage\":\"de\"},{\"@type\":\"WebPage\",\"@id\":\"https:\\\/\\\/www.iemj.org\\\/de\\\/arnold-jacques-1946\\\/\",\"url\":\"https:\\\/\\\/www.iemj.org\\\/de\\\/arnold-jacques-1946\\\/\",\"name\":\"Arnold, Jacques (1946) - Institut Europ\u00e9en des Musiques Juives\",\"isPartOf\":{\"@id\":\"https:\\\/\\\/www.iemj.org\\\/de\\\/#website\"},\"primaryImageOfPage\":{\"@id\":\"https:\\\/\\\/www.iemj.org\\\/de\\\/arnold-jacques-1946\\\/#primaryimage\"},\"image\":{\"@id\":\"https:\\\/\\\/www.iemj.org\\\/de\\\/arnold-jacques-1946\\\/#primaryimage\"},\"thumbnailUrl\":\"https:\\\/\\\/www.iemj.org\\\/wp-content\\\/uploads\\\/2022\\\/05\\\/Logo-Bio-Jacques-Arnold.jpg\",\"datePublished\":\"2022-05-11T10:18:20+00:00\",\"dateModified\":\"2024-10-14T11:01:31+00:00\",\"breadcrumb\":{\"@id\":\"https:\\\/\\\/www.iemj.org\\\/de\\\/arnold-jacques-1946\\\/#breadcrumb\"},\"inLanguage\":\"de\",\"potentialAction\":[{\"@type\":\"ReadAction\",\"target\":[\"https:\\\/\\\/www.iemj.org\\\/de\\\/arnold-jacques-1946\\\/\"]}]},{\"@type\":\"ImageObject\",\"inLanguage\":\"de\",\"@id\":\"https:\\\/\\\/www.iemj.org\\\/de\\\/arnold-jacques-1946\\\/#primaryimage\",\"url\":\"https:\\\/\\\/www.iemj.org\\\/wp-content\\\/uploads\\\/2022\\\/05\\\/Logo-Bio-Jacques-Arnold.jpg\",\"contentUrl\":\"https:\\\/\\\/www.iemj.org\\\/wp-content\\\/uploads\\\/2022\\\/05\\\/Logo-Bio-Jacques-Arnold.jpg\",\"width\":174,\"height\":218},{\"@type\":\"BreadcrumbList\",\"@id\":\"https:\\\/\\\/www.iemj.org\\\/de\\\/arnold-jacques-1946\\\/#breadcrumb\",\"itemListElement\":[{\"@type\":\"ListItem\",\"position\":1,\"name\":\"Accueil\",\"item\":\"https:\\\/\\\/www.iemj.org\\\/de\\\/\"},{\"@type\":\"ListItem\",\"position\":2,\"name\":\"Arnold, Jacques (1946)\"}]},{\"@type\":\"WebSite\",\"@id\":\"https:\\\/\\\/www.iemj.org\\\/de\\\/#website\",\"url\":\"https:\\\/\\\/www.iemj.org\\\/de\\\/\",\"name\":\"Institut Europ\u00e9en des Musiques Juives\",\"description\":\"Des traditions musicales \u00e0 la port\u00e9e de tous\",\"publisher\":{\"@id\":\"https:\\\/\\\/www.iemj.org\\\/de\\\/#organization\"},\"potentialAction\":[{\"@type\":\"SearchAction\",\"target\":{\"@type\":\"EntryPoint\",\"urlTemplate\":\"https:\\\/\\\/www.iemj.org\\\/de\\\/?s={search_term_string}\"},\"query-input\":{\"@type\":\"PropertyValueSpecification\",\"valueRequired\":true,\"valueName\":\"search_term_string\"}}],\"inLanguage\":\"de\"},{\"@type\":\"Organization\",\"@id\":\"https:\\\/\\\/www.iemj.org\\\/de\\\/#organization\",\"name\":\"Institut Europ\u00e9en des Musiques Juives\",\"url\":\"https:\\\/\\\/www.iemj.org\\\/de\\\/\",\"logo\":{\"@type\":\"ImageObject\",\"inLanguage\":\"de\",\"@id\":\"https:\\\/\\\/www.iemj.org\\\/de\\\/#\\\/schema\\\/logo\\\/image\\\/\",\"url\":\"https:\\\/\\\/www.iemj.org\\\/wp-content\\\/uploads\\\/2021\\\/09\\\/Logo-IEMJ-Paypal.jpg\",\"contentUrl\":\"https:\\\/\\\/www.iemj.org\\\/wp-content\\\/uploads\\\/2021\\\/09\\\/Logo-IEMJ-Paypal.jpg\",\"width\":150,\"height\":50,\"caption\":\"Institut Europ\u00e9en des Musiques Juives\"},\"image\":{\"@id\":\"https:\\\/\\\/www.iemj.org\\\/de\\\/#\\\/schema\\\/logo\\\/image\\\/\"},\"sameAs\":[\"https:\\\/\\\/www.facebook.com\\\/MusiquesJuives\\\/\",\"https:\\\/\\\/www.instagram.com\\\/musiquesjuives\\\/\",\"https:\\\/\\\/www.youtube.com\\\/user\\\/musiquesjuives\"]},{\"@type\":\"Person\",\"@id\":\"https:\\\/\\\/www.iemj.org\\\/de\\\/#\\\/schema\\\/person\\\/358e26c18aca017fcc4cc15437f7279c\",\"name\":\"Jacqueline ROTEN\",\"image\":{\"@type\":\"ImageObject\",\"inLanguage\":\"de\",\"@id\":\"https:\\\/\\\/secure.gravatar.com\\\/avatar\\\/5964256d6c6957de3a3505278957e0fb2a35119ac47ea41827a65301213c810b?s=96&d=mm&r=g\",\"url\":\"https:\\\/\\\/secure.gravatar.com\\\/avatar\\\/5964256d6c6957de3a3505278957e0fb2a35119ac47ea41827a65301213c810b?s=96&d=mm&r=g\",\"contentUrl\":\"https:\\\/\\\/secure.gravatar.com\\\/avatar\\\/5964256d6c6957de3a3505278957e0fb2a35119ac47ea41827a65301213c810b?s=96&d=mm&r=g\",\"caption\":\"Jacqueline ROTEN\"}}]}<\/script>\n<!-- \/ Yoast SEO plugin. -->","yoast_head_json":{"title":"Arnold, Jacques (1946) - Institut Europ\u00e9en des Musiques Juives","robots":{"index":"index","follow":"follow","max-snippet":"max-snippet:-1","max-image-preview":"max-image-preview:large","max-video-preview":"max-video-preview:-1"},"canonical":"https:\/\/www.iemj.org\/de\/arnold-jacques-1946\/","og_locale":"de_DE","og_type":"article","og_title":"Arnold, Jacques (1946) - Institut Europ\u00e9en des Musiques Juives","og_description":"Jacques Arnold wurde am 29. Dezember 1946 im 10. Arrondissement von Paris in einer traditionalistischen Familie geboren, die mit der j\u00fcdischen Kultur verkn\u00fcpft war. Er besuchte die Grundschule seines Viertels,","og_url":"https:\/\/www.iemj.org\/de\/arnold-jacques-1946\/","og_site_name":"Institut Europ\u00e9en des Musiques Juives","article_publisher":"https:\/\/www.facebook.com\/MusiquesJuives\/","article_published_time":"2022-05-11T10:18:20+00:00","article_modified_time":"2024-10-14T11:01:31+00:00","og_image":[{"width":174,"height":218,"url":"https:\/\/www.iemj.org\/wp-content\/uploads\/2022\/05\/Logo-Bio-Jacques-Arnold.jpg","type":"image\/jpeg"}],"author":"Jacqueline ROTEN","twitter_card":"summary_large_image","twitter_misc":{"Verfasst von":"Jacqueline ROTEN","Gesch\u00e4tzte Lesezeit":"6\u00a0Minuten"},"schema":{"@context":"https:\/\/schema.org","@graph":[{"@type":"Article","@id":"https:\/\/www.iemj.org\/de\/arnold-jacques-1946\/#article","isPartOf":{"@id":"https:\/\/www.iemj.org\/de\/arnold-jacques-1946\/"},"author":{"name":"Jacqueline ROTEN","@id":"https:\/\/www.iemj.org\/de\/#\/schema\/person\/358e26c18aca017fcc4cc15437f7279c"},"headline":"Arnold, Jacques (1946)","datePublished":"2022-05-11T10:18:20+00:00","dateModified":"2024-10-14T11:01:31+00:00","mainEntityOfPage":{"@id":"https:\/\/www.iemj.org\/de\/arnold-jacques-1946\/"},"wordCount":663,"publisher":{"@id":"https:\/\/www.iemj.org\/de\/#organization"},"image":{"@id":"https:\/\/www.iemj.org\/de\/arnold-jacques-1946\/#primaryimage"},"thumbnailUrl":"https:\/\/www.iemj.org\/wp-content\/uploads\/2022\/05\/Logo-Bio-Jacques-Arnold.jpg","articleSection":["Biografien"],"inLanguage":"de"},{"@type":"WebPage","@id":"https:\/\/www.iemj.org\/de\/arnold-jacques-1946\/","url":"https:\/\/www.iemj.org\/de\/arnold-jacques-1946\/","name":"Arnold, Jacques (1946) - Institut Europ\u00e9en des Musiques Juives","isPartOf":{"@id":"https:\/\/www.iemj.org\/de\/#website"},"primaryImageOfPage":{"@id":"https:\/\/www.iemj.org\/de\/arnold-jacques-1946\/#primaryimage"},"image":{"@id":"https:\/\/www.iemj.org\/de\/arnold-jacques-1946\/#primaryimage"},"thumbnailUrl":"https:\/\/www.iemj.org\/wp-content\/uploads\/2022\/05\/Logo-Bio-Jacques-Arnold.jpg","datePublished":"2022-05-11T10:18:20+00:00","dateModified":"2024-10-14T11:01:31+00:00","breadcrumb":{"@id":"https:\/\/www.iemj.org\/de\/arnold-jacques-1946\/#breadcrumb"},"inLanguage":"de","potentialAction":[{"@type":"ReadAction","target":["https:\/\/www.iemj.org\/de\/arnold-jacques-1946\/"]}]},{"@type":"ImageObject","inLanguage":"de","@id":"https:\/\/www.iemj.org\/de\/arnold-jacques-1946\/#primaryimage","url":"https:\/\/www.iemj.org\/wp-content\/uploads\/2022\/05\/Logo-Bio-Jacques-Arnold.jpg","contentUrl":"https:\/\/www.iemj.org\/wp-content\/uploads\/2022\/05\/Logo-Bio-Jacques-Arnold.jpg","width":174,"height":218},{"@type":"BreadcrumbList","@id":"https:\/\/www.iemj.org\/de\/arnold-jacques-1946\/#breadcrumb","itemListElement":[{"@type":"ListItem","position":1,"name":"Accueil","item":"https:\/\/www.iemj.org\/de\/"},{"@type":"ListItem","position":2,"name":"Arnold, Jacques (1946)"}]},{"@type":"WebSite","@id":"https:\/\/www.iemj.org\/de\/#website","url":"https:\/\/www.iemj.org\/de\/","name":"Institut Europ\u00e9en des Musiques Juives","description":"Des traditions musicales \u00e0 la port\u00e9e de tous","publisher":{"@id":"https:\/\/www.iemj.org\/de\/#organization"},"potentialAction":[{"@type":"SearchAction","target":{"@type":"EntryPoint","urlTemplate":"https:\/\/www.iemj.org\/de\/?s={search_term_string}"},"query-input":{"@type":"PropertyValueSpecification","valueRequired":true,"valueName":"search_term_string"}}],"inLanguage":"de"},{"@type":"Organization","@id":"https:\/\/www.iemj.org\/de\/#organization","name":"Institut Europ\u00e9en des Musiques Juives","url":"https:\/\/www.iemj.org\/de\/","logo":{"@type":"ImageObject","inLanguage":"de","@id":"https:\/\/www.iemj.org\/de\/#\/schema\/logo\/image\/","url":"https:\/\/www.iemj.org\/wp-content\/uploads\/2021\/09\/Logo-IEMJ-Paypal.jpg","contentUrl":"https:\/\/www.iemj.org\/wp-content\/uploads\/2021\/09\/Logo-IEMJ-Paypal.jpg","width":150,"height":50,"caption":"Institut Europ\u00e9en des Musiques Juives"},"image":{"@id":"https:\/\/www.iemj.org\/de\/#\/schema\/logo\/image\/"},"sameAs":["https:\/\/www.facebook.com\/MusiquesJuives\/","https:\/\/www.instagram.com\/musiquesjuives\/","https:\/\/www.youtube.com\/user\/musiquesjuives"]},{"@type":"Person","@id":"https:\/\/www.iemj.org\/de\/#\/schema\/person\/358e26c18aca017fcc4cc15437f7279c","name":"Jacqueline ROTEN","image":{"@type":"ImageObject","inLanguage":"de","@id":"https:\/\/secure.gravatar.com\/avatar\/5964256d6c6957de3a3505278957e0fb2a35119ac47ea41827a65301213c810b?s=96&d=mm&r=g","url":"https:\/\/secure.gravatar.com\/avatar\/5964256d6c6957de3a3505278957e0fb2a35119ac47ea41827a65301213c810b?s=96&d=mm&r=g","contentUrl":"https:\/\/secure.gravatar.com\/avatar\/5964256d6c6957de3a3505278957e0fb2a35119ac47ea41827a65301213c810b?s=96&d=mm&r=g","caption":"Jacqueline ROTEN"}}]}},"_links":{"self":[{"href":"https:\/\/www.iemj.org\/de\/wp-json\/wp\/v2\/posts\/84150","targetHints":{"allow":["GET"]}}],"collection":[{"href":"https:\/\/www.iemj.org\/de\/wp-json\/wp\/v2\/posts"}],"about":[{"href":"https:\/\/www.iemj.org\/de\/wp-json\/wp\/v2\/types\/post"}],"author":[{"embeddable":true,"href":"https:\/\/www.iemj.org\/de\/wp-json\/wp\/v2\/users\/5"}],"replies":[{"embeddable":true,"href":"https:\/\/www.iemj.org\/de\/wp-json\/wp\/v2\/comments?post=84150"}],"version-history":[{"count":0,"href":"https:\/\/www.iemj.org\/de\/wp-json\/wp\/v2\/posts\/84150\/revisions"}],"wp:featuredmedia":[{"embeddable":true,"href":"https:\/\/www.iemj.org\/de\/wp-json\/wp\/v2\/media\/83847"}],"wp:attachment":[{"href":"https:\/\/www.iemj.org\/de\/wp-json\/wp\/v2\/media?parent=84150"}],"wp:term":[{"taxonomy":"category","embeddable":true,"href":"https:\/\/www.iemj.org\/de\/wp-json\/wp\/v2\/categories?post=84150"},{"taxonomy":"post_tag","embeddable":true,"href":"https:\/\/www.iemj.org\/de\/wp-json\/wp\/v2\/tags?post=84150"},{"taxonomy":"technique","embeddable":true,"href":"https:\/\/www.iemj.org\/de\/wp-json\/wp\/v2\/technique?post=84150"},{"taxonomy":"squelettes","embeddable":true,"href":"https:\/\/www.iemj.org\/de\/wp-json\/wp\/v2\/squelettes?post=84150"},{"taxonomy":"sujet","embeddable":true,"href":"https:\/\/www.iemj.org\/de\/wp-json\/wp\/v2\/sujet?post=84150"},{"taxonomy":"formation","embeddable":true,"href":"https:\/\/www.iemj.org\/de\/wp-json\/wp\/v2\/formation?post=84150"},{"taxonomy":"genre","embeddable":true,"href":"https:\/\/www.iemj.org\/de\/wp-json\/wp\/v2\/genre?post=84150"},{"taxonomy":"fonds","embeddable":true,"href":"https:\/\/www.iemj.org\/de\/wp-json\/wp\/v2\/fonds?post=84150"},{"taxonomy":"tradition","embeddable":true,"href":"https:\/\/www.iemj.org\/de\/wp-json\/wp\/v2\/tradition?post=84150"},{"taxonomy":"type-de-contenu","embeddable":true,"href":"https:\/\/www.iemj.org\/de\/wp-json\/wp\/v2\/type-de-contenu?post=84150"},{"taxonomy":"interprete-compositeur","embeddable":true,"href":"https:\/\/www.iemj.org\/de\/wp-json\/wp\/v2\/interprete-compositeur?post=84150"},{"taxonomy":"frise","embeddable":true,"href":"https:\/\/www.iemj.org\/de\/wp-json\/wp\/v2\/frise?post=84150"},{"taxonomy":"type-devenement","embeddable":true,"href":"https:\/\/www.iemj.org\/de\/wp-json\/wp\/v2\/type-devenement?post=84150"},{"taxonomy":"tableaux-liens-externes","embeddable":true,"href":"https:\/\/www.iemj.org\/de\/wp-json\/wp\/v2\/tableaux-liens-externes?post=84150"}],"curies":[{"name":"wp","href":"https:\/\/api.w.org\/{rel}","templated":true}]}}