{"id":84173,"date":"2022-05-11T14:29:37","date_gmt":"2022-05-11T12:29:37","guid":{"rendered":"https:\/\/www.iemj.org\/kluger-jacques-1912-1963\/"},"modified":"2022-05-17T12:40:33","modified_gmt":"2022-05-17T10:40:33","slug":"kluger-jacques-1912-1963","status":"publish","type":"post","link":"https:\/\/www.iemj.org\/de\/kluger-jacques-1912-1963\/","title":{"rendered":"Kluger, Jacques (1912-1963)"},"content":{"rendered":"<p>Jacques Kluger wurde am 23. Januar 1912 in Antwerpen geboren. Sein Vater Maurice, ein 1883 in Wisjnicz in Galizien (heutige Polen) geborener Diamantenh\u00e4ndler, richtete sich 1905 in Antwerpen ein. Er nahm and der Gr\u00fcndung der Diamantenb\u00f6rse teil, und heiratete dort Rosa Steger, 1889 geboren.<\/p>\n<p>Jacques wurde in Antwerpen gro\u00df \u2013 in der damals die gr\u00f6\u00dfte j\u00fcdische Gemeinschaft Belgiens untergebracht war \u2013 wo er sich dem Tennis und dem Billard widmete. Nach der R\u00fcckkehr seiner Familie aus einem Exil in den Niederlanden w\u00e4hrend des Ersten Weltkrieges schloss Jacques die Schule ab und lernte neben seiner Muttersprache, das Fl\u00e4mische, nicht weniger als vier Sprachen: Franz\u00f6sisch, Englisch, Deutsch, Jiddisch (das ihm auf Gesch\u00e4ftsreisen von gro\u00dfem Wert war und ihm erm\u00f6glichte, mit seinem Vater besser zu kommunizieren). Jedoch setzte Jacques kein Hochschulstudium fort und fing 1929 mitten in der Wirtschaftskrise zu arbeiten an.<\/p>\n<figure id=\"attachment_83895\" aria-describedby=\"caption-attachment-83895\" style=\"width: 135px\" class=\"wp-caption alignright\"><img decoding=\"async\" class=\"wp-image-83897\" src=\"https:\/\/www.iemj.org\/wp-content\/uploads\/2022\/05\/J-Kluger-avec-Cab-Calloway-154x300.jpg\" alt=\"\" width=\"135\" height=\"263\" srcset=\"https:\/\/www.iemj.org\/wp-content\/uploads\/2022\/05\/J-Kluger-avec-Cab-Calloway-154x300.jpg 154w, https:\/\/www.iemj.org\/wp-content\/uploads\/2022\/05\/J-Kluger-avec-Cab-Calloway.jpg 164w\" sizes=\"(max-width: 135px) 100vw, 135px\" \/><figcaption id=\"caption-attachment-83895\" class=\"wp-caption-text\"><strong>Mit Cab Calloway<\/strong><\/figcaption><\/figure>\n<p>Aufgrund des Berufs seines Vaters war er f\u00fcr die Diamantenindustrie bestimmt und versuchte sich ein Jahr lang im Diamantenschnitt. Seine Leidenschaft f\u00fcr Musik entschied aber anders, und mit 18, inspiriert von seinen Idolen Duke Ellington und Bob Calloway, gr\u00fcndete er ein Amateur-Jazzorchester mit dem Namen \u201eThe Collegians\u201c. Als echter Autodidakt st\u00fcrzte er sich denn im Jazz, der damals keine konventionelle Musik war. Mit seinem Orchester, das er leitete und in dem sein Bruder Johnny das Schlagzeug spielte, gewann er zahlreichen Wettbewerben. So wurde er entdeckt und unterschrieb einen Vertrag mit dem fl\u00e4mischen Rundfunk, um die erste Jazz-Radiosendung der Welt zu moderieren.<\/p>\n<div class=\"mceTemp\"><\/div>\n<figure id=\"attachment_83883\" aria-describedby=\"caption-attachment-83883\" style=\"width: 152px\" class=\"wp-caption alignleft\"><img decoding=\"async\" class=\"wp-image-83885\" src=\"https:\/\/www.iemj.org\/wp-content\/uploads\/2022\/05\/Capture-decran-2011-03-25-a-12.30.47.jpeg\" alt=\"\" width=\"152\" height=\"206\" \/><figcaption id=\"caption-attachment-83883\" class=\"wp-caption-text\"><strong>Mit Louis Armstrong<\/strong><\/figcaption><\/figure>\n<p>In den 1930er Jahren organisierte Jacques eine Reihe von Konzerten in Br\u00fcssel und Antwerpen, bei denen unter anderem Duke Ellington und Louis Armstrong auftraten. Er trat \u00f6ffentlich auch jedes Wochenende mit seinem Orchester bei Tanzabenden auf. In dieser Zeitperiode heiratete er auch 1935 Adela Rozenbaum, die er zehn Jahre vorher kennen lernte. Sie war die Nichte seines Vaters Gesch\u00e4ftspartners, und war mit 13 aus Miech\u00f3w in Polen gekommen, um als Diamantschleiferin zu arbeiten. Zwei Jahre sp\u00e4ter wurde ihrer erste Sohn Jean geboren. So war Jacques am Beginn des Zweiten Weltkrieges in Antwerpen eingerichtet, verheiratet und Familienvater, v\u00f6llig bei seiner musikalischen Leidenschaft f\u00fcr den Jazz engagiert.<\/p>\n<p>Als der Krieg ausbrach, floh Jacques vor den Nazis und brachte seine Familie nach Clermont-Ferrand. Da er glaubte, dass die Lage sich normalisieren w\u00fcrde, und dass er nach den Vereinigten Staaten gehen k\u00f6nnte, kehrte er dann nach Antwerpen zur\u00fcck. Ganz offensichtlich irrte er sich, und wurde am Heiligabend 1941 in einem Aufnahmestudio zusammen mit Felix Faecq, dem Vorsitzenden des belgischen Jazzclubs, verhaftet, weil sie amerikanische Musik aufgenommen und beworben hatten. Nach 23 Tagen im Gef\u00e4ngnis von Saint-Gilles wurden sie freigelassen. Immer noch optimistisch verlie\u00df er nur im November 1942 Antwerpen wieder, und fl\u00fcchtete sich mit seiner Familie in die freie Zone in Villeneuve-de-Berg in Ard\u00e8che, wo sein zweiter Sohn Roland April 1943 geboren wurde. Von der Ankunft der ersten amerikanischen Truppen im Juni 1944 an kehrten Jacques und sein Bruder Johnny nach Antwerpen zur\u00fcck. Aufgrund der Wechself\u00e4lle des Krieges wurde Jacques&#8216; Familie im M\u00e4rz 1945 nachkommen.<\/p>\n<p>Am Ende des Zweiten Weltkrieges \u00f6ffnete sich eine neue \u00c4ra, und Felix Faecq, der von seiner Mutter den Musikverlag <em>World Music Company <\/em>erhaltet hatte, bot ihm an, sich mit ihm zu assoziieren. Da sie schnell den Vorteil erkannten, die gesamte Kette der Musikproduktion zu beherrschen, gr\u00fcndeten sie ein Label mit dem Namen <em>Victory<\/em>, mit dem sie vor allem das Orchester von Ray Ventura und seinen neuen S\u00e4nger Henri Salvador unter Vertrag nahmen. Jacques organisierte auch Konzerte im Rahmen des Marshall-Plans f\u00fcr die in Deutschland stationierten amerikanischen Truppen. 1949 wurde sein dritter Sohn Ludovic geboren. Am Beginn der 50er Jahren profitierte er vom Wachstum der Plattenindustrie, angef\u00fchrt von der Langspielplatte-Revolution<span class=\"footnote_referrer\"><a role=\"button\" tabindex=\"0\" onclick=\"footnote_moveToReference_84173_1('footnote_plugin_reference_84173_1_1');\" onkeypress=\"footnote_moveToReference_84173_1('footnote_plugin_reference_84173_1_1');\" ><sup id=\"footnote_plugin_tooltip_84173_1_1\" class=\"footnote_plugin_tooltip_text\">[1]<\/sup><\/a><span id=\"footnote_plugin_tooltip_text_84173_1_1\" class=\"footnote_tooltip\">Jacques Kluger und Felix Faecq sind die ersten Vertreter Belgiens der Firma Mercury mit den neuen LP 25 und 30 Zentimeter<\/span><\/span><script type=\"text\/javascript\"> jQuery('#footnote_plugin_tooltip_84173_1_1').tooltip({ tip: '#footnote_plugin_tooltip_text_84173_1_1', tipClass: 'footnote_tooltip', effect: 'fade', predelay: 0, fadeInSpeed: 200, delay: 400, fadeOutSpeed: 200, position: 'top center', relative: true, offset: [-7, 0], });<\/script>, und \u00f6ffnete mit Felix Faecq Tochtergesellschaften in London (<em>Good Music<\/em>), in Zusammenarbeit mit Ted Heat, in New-York (<em>Zodiac Music<\/em>), sowie Joint Ventures \u00fcberall in der Welt. Da die hektische Zeit der Musikverlage dazu passte und Jacques ein Verlangen nach dem International hatte, fing er an, viel zu reisen \u2013 obwohl die Fahrten und Aufenthalte noch langdauernd waren \u2013 und profitierte von diesen Reisen, um sein Verlagsnetzwerk zu erweitern, und um sich mit Wesley Rose in Nashville (Everly Brothers, Roy Orbison), Ralph Peer in Los Angeles (Brazil Tico Tico), Jimmy Philips in London, Sugar in Italien und Rolf Marbot genauso wie der ikonische Verleger von Trenet, B\u00e9caud und Aznavour Raoul Breton in Frankreich zu assoziieren. Mitten in dieser Besessenheit produzierte und exportierte er, neben weltweiten Copyrights wie <em>Lullaby of Birdland<\/em>, Welthits wie <em>La Petite Valse (\u201eThe Petite Waltz\u201c), <\/em>von dem es bis heute mehr als 200 Versionen gibt, darunter die Version von Errol Garner. So wurde er der Vater des fl\u00e4mischen Lieds als Verleger und Produzent des damaligen K\u00fcnstlers Nr. 1 in Flandern, Bobbejaan Schoepen, aber auch von Bob Benny, Jean Walter, Will Tura oder Louis Neef. 1958 gr\u00fcndete er, immer noch mit Felix Faecq, eine neue Plattenfirma, <em>Palette<\/em>, die zahlreiche Welterfolge kannte, wie <em>Manhattan Spiritual<\/em> von Reg Owen und <em>Hawaii Tattoo<\/em> von The Waikikis.<\/p>\n<figure id=\"attachment_83900\" aria-describedby=\"caption-attachment-83900\" style=\"width: 300px\" class=\"wp-caption alignleft\"><img fetchpriority=\"high\" decoding=\"async\" class=\"wp-image-83902 size-medium\" src=\"https:\/\/www.iemj.org\/wp-content\/uploads\/2022\/05\/J-Kluger-et-Claude-Bolling-300x181.jpg\" alt=\"\" width=\"300\" height=\"181\" srcset=\"https:\/\/www.iemj.org\/wp-content\/uploads\/2022\/05\/J-Kluger-et-Claude-Bolling-300x181.jpg 300w, https:\/\/www.iemj.org\/wp-content\/uploads\/2022\/05\/J-Kluger-et-Claude-Bolling.jpg 320w\" sizes=\"(max-width: 300px) 100vw, 300px\" \/><figcaption id=\"caption-attachment-83900\" class=\"wp-caption-text\"><strong>Mit Claude Bolling<\/strong><\/figcaption><\/figure>\n<p>\u00dcber die Musik hinaus mochte Jacques die Sch\u00f6pfer, was auf Gegenseitigkeit beruhte. Er war auf der Suche nach Talent und widerstand ihm nicht, egal welcher Ort. So begegnete er viele K\u00fcnstler, von denen er den Verlauf der Karriere \u00e4ndern wurde, wie Annie Cordy, Eddie Constantine, der niederl\u00e4ndische Texter Ernst Van Altena oder auch der Solist Alexis Weissenberg. Er war auch der erste Verleger von Jacques Brel in Br\u00fcssel war (<em>Il peut pleuvoir<\/em>), der Produzent von sechs Alben mit Dolf Van Der Linden und dem Orchester des niederl\u00e4ndischen Rundfunks in Hilversum und von Alice Babs in Schweden. Er erm\u00f6glichte es auch dem Komponisten von <em>Bluesette<\/em>, Toots Thielemans, nach New York zu Georges Shearing zu gehen und mit Benny Goodman aufzunehmen. 1950 gab das amerikanische Label Bally Records bei ihm eine Reihe von Jazz-Alben in Europa in Auftrag, in Frankreich unter anderem mit dem Pianisten Claude Bolling, dessen Trauzeuge Jacques wurde.<\/p>\n<p>F\u00fcr Jacques folgte ein Projekt und ein Erfolg auf den anderen. Er produzierte mehrere Alben f\u00fcr die Marke Capitol in Los Angeles, darunter <em>Jewish Music &#8211; Melodies Beloved the World Over<\/em>, eine Aufnahme von 21 j\u00fcdischen Melodien, arrangiert und orchestriert von Benedict Silberman, begleitet vom niederl\u00e4ndischen Rundfunk-Orchester.<\/p>\n<figure id=\"attachment_83889\" aria-describedby=\"caption-attachment-83889\" style=\"width: 221px\" class=\"wp-caption alignright\"><img loading=\"lazy\" decoding=\"async\" class=\"wp-image-83891\" src=\"https:\/\/www.iemj.org\/wp-content\/uploads\/2022\/05\/CD_1190_VIG_CD-The-Best-Jewish-Songs-in-the-World-300x300.jpg\" alt=\"\" width=\"221\" height=\"221\" srcset=\"https:\/\/www.iemj.org\/wp-content\/uploads\/2022\/05\/CD_1190_VIG_CD-The-Best-Jewish-Songs-in-the-World-300x300.jpg 300w, https:\/\/www.iemj.org\/wp-content\/uploads\/2022\/05\/CD_1190_VIG_CD-The-Best-Jewish-Songs-in-the-World-150x150.jpg 150w, https:\/\/www.iemj.org\/wp-content\/uploads\/2022\/05\/CD_1190_VIG_CD-The-Best-Jewish-Songs-in-the-World-768x768.jpg 768w, https:\/\/www.iemj.org\/wp-content\/uploads\/2022\/05\/CD_1190_VIG_CD-The-Best-Jewish-Songs-in-the-World-600x600.jpg 600w, https:\/\/www.iemj.org\/wp-content\/uploads\/2022\/05\/CD_1190_VIG_CD-The-Best-Jewish-Songs-in-the-World-100x100.jpg 100w, https:\/\/www.iemj.org\/wp-content\/uploads\/2022\/05\/CD_1190_VIG_CD-The-Best-Jewish-Songs-in-the-World.jpg 794w\" sizes=\"(max-width: 221px) 100vw, 221px\" \/><figcaption id=\"caption-attachment-83889\" class=\"wp-caption-text\"><strong>The Best Jewish Songs in the World<\/strong><\/figcaption><\/figure>\n<p>Dieses Projekt war f\u00fcr ihn die Gelegenheit, seinen damals k\u00fcrzlich verstorbenen Vater zu ehren, der ein gro\u00dfer Liebhaber traditioneller j\u00fcdischer Musik war. Seine Mutter, eine begabte Pianistin, half ihm zur Transkription der Lieder und Melodie, die sie auf dem Klavier im Wohnzimmer spielte, wenn sie die sp\u00e4ten Schabbat-Abende f\u00fcr die zahlreichen G\u00e4ste ihres Mannes nach dem Verlassen der Synagoge unterhielt. Diese Platte, die ein gewisser Erflog kannte, wurde einige Zeit sp\u00e4ter von der Ver\u00f6ffentlichung einer zweiten Schallpatte 33 Umdrehungen mit dem Titel <em>Jewish Memories <\/em>verfolgt, die 14 neue Melodien enth\u00e4lt. Diese beiden Platten wurden zusammengestellt und mehrfach auf verschiedenen Medien wiederver\u00f6ffentlicht, sei es als Audiokassette (<em>The World of Traditional Jewish Memories<\/em>) oder als CD\u00a0(<a href=\"https:\/\/www.iemj.org\/de\/the-best-jewish-songs-in-the-world\/\" target=\"_blank\" rel=\"noopener\"><em>The Best Jewish Songs in the World, played by Benedict Silberman<\/em><\/a> <em>oder 30 greatest Jewish Songs, played by Benedict Silberman<\/em>).<\/p>\n<figure id=\"attachment_83912\" aria-describedby=\"caption-attachment-83912\" style=\"width: 825px\" class=\"wp-caption aligncenter\"><img loading=\"lazy\" decoding=\"async\" class=\"wp-image-83912\" src=\"https:\/\/www.iemj.org\/wp-content\/uploads\/2022\/05\/Famille-kluger-lors-enrgtt-avec-B-Silberman-300x109.jpg\" alt=\"\" width=\"825\" height=\"300\" srcset=\"https:\/\/www.iemj.org\/wp-content\/uploads\/2022\/05\/Famille-kluger-lors-enrgtt-avec-B-Silberman-300x109.jpg 300w, https:\/\/www.iemj.org\/wp-content\/uploads\/2022\/05\/Famille-kluger-lors-enrgtt-avec-B-Silberman-768x279.jpg 768w, https:\/\/www.iemj.org\/wp-content\/uploads\/2022\/05\/Famille-kluger-lors-enrgtt-avec-B-Silberman-600x218.jpg 600w, https:\/\/www.iemj.org\/wp-content\/uploads\/2022\/05\/Famille-kluger-lors-enrgtt-avec-B-Silberman.jpg 826w\" sizes=\"(max-width: 825px) 100vw, 825px\" \/><figcaption id=\"caption-attachment-83912\" class=\"wp-caption-text\"><strong>Die Familie Kluger bei der Aufnahme mit B. Silberman<\/strong><\/figcaption><\/figure>\n<p>Ende der 1950er Jahre begannen seine beiden \u00e4ltesten S\u00f6hne, Jean und sp\u00e4ter Roland, mit ihm zu arbeiten. Leider erkrankte er 1961 an der Charcot-Krankheit (ALS), die unheilbar ist und ihn sehr schnell daran hinderte, seine T\u00e4tigkeit fortzusetzen. Zwei Jahre sp\u00e4ter, am 26. Mai 1963, starb er im Alter von 51 Jahren und k\u00fcrzte damit ein Leben voller Musik, Reisen und Begegnungen. Er schaffte in 15 Jahren, was ein ganzes Leben lang gefordert war, und lebte f\u00fcr seine Leidenschaft. Zu seinem Leidwesen und dem seiner Familie fehlte ihm nur eines: Die Zeit, es zu genie\u00dfen.<\/p>\n<p>Biografie erstellt im April 2022 von Arthur, einem der Urenkel von Jacques Kluger<\/p>\n<div class=\"speaker-mute footnotes_reference_container\"> <div class=\"footnote_container_prepare\"><p><span role=\"button\" tabindex=\"0\" class=\"footnote_reference_container_label pointer\" onclick=\"footnote_expand_collapse_reference_container_84173_1();\">&#x202F;<\/span><span role=\"button\" tabindex=\"0\" class=\"footnote_reference_container_collapse_button\" style=\"display: none;\" onclick=\"footnote_expand_collapse_reference_container_84173_1();\">[<a id=\"footnote_reference_container_collapse_button_84173_1\">+<\/a>]<\/span><\/p><\/div> <div id=\"footnote_references_container_84173_1\" style=\"\"><table class=\"footnotes_table footnote-reference-container\"><caption class=\"accessibility\">References<\/caption> <tbody> \r\n\r\n<tr class=\"footnotes_plugin_reference_row\"> <th scope=\"row\" class=\"footnote_plugin_index_combi pointer\"  onclick=\"footnote_moveToAnchor_84173_1('footnote_plugin_tooltip_84173_1_1');\"><a id=\"footnote_plugin_reference_84173_1_1\" class=\"footnote_backlink\">1<\/a><\/th> <td class=\"footnote_plugin_text\">Jacques Kluger und Felix Faecq sind die ersten Vertreter Belgiens der Firma Mercury mit den neuen LP 25 und 30 Zentimeter<\/td><\/tr>\r\n\r\n <\/tbody> <\/table> <\/div><\/div><script type=\"text\/javascript\"> function footnote_expand_reference_container_84173_1() { jQuery('#footnote_references_container_84173_1').show(); jQuery('#footnote_reference_container_collapse_button_84173_1').text('\u2212'); } function footnote_collapse_reference_container_84173_1() { jQuery('#footnote_references_container_84173_1').hide(); jQuery('#footnote_reference_container_collapse_button_84173_1').text('+'); } function footnote_expand_collapse_reference_container_84173_1() { if (jQuery('#footnote_references_container_84173_1').is(':hidden')) { footnote_expand_reference_container_84173_1(); } else { footnote_collapse_reference_container_84173_1(); } } function footnote_moveToReference_84173_1(p_str_TargetID) { footnote_expand_reference_container_84173_1(); var l_obj_Target = jQuery('#' + p_str_TargetID); if (l_obj_Target.length) { jQuery( 'html, body' ).delay( 0 ); jQuery('html, body').animate({ scrollTop: l_obj_Target.offset().top - window.innerHeight * 0.2 }, 380); } } function footnote_moveToAnchor_84173_1(p_str_TargetID) { footnote_expand_reference_container_84173_1(); var l_obj_Target = jQuery('#' + p_str_TargetID); if (l_obj_Target.length) { jQuery( 'html, body' ).delay( 0 ); jQuery('html, body').animate({ scrollTop: l_obj_Target.offset().top - window.innerHeight * 0.2 }, 380); } }<\/script>","protected":false},"excerpt":{"rendered":"<p>Jacques Kluger wurde am 23. Januar 1912 in Antwerpen geboren. Sein Vater Maurice, ein 1883 in Wisjnicz in Galizien (heutige Polen) geborener Diamantenh\u00e4ndler, richtete sich 1905 in Antwerpen ein. Er<\/p>\n","protected":false},"author":5,"featured_media":83878,"comment_status":"closed","ping_status":"closed","sticky":false,"template":"","format":"standard","meta":{"_acf_changed":false,"footnotes":""},"categories":[1415],"tags":[],"technique":[],"squelettes":[],"sujet":[],"formation":[],"genre":[],"fonds":[],"tradition":[],"type-de-contenu":[],"interprete-compositeur":[],"frise":[],"type-devenement":[],"tableaux-liens-externes":[],"class_list":["post-84173","post","type-post","status-publish","format-standard","has-post-thumbnail","hentry","category-biografien-de"],"acf":[],"yoast_head":"<!-- This site is optimized with the Yoast SEO plugin v27.3 - https:\/\/yoast.com\/product\/yoast-seo-wordpress\/ -->\n<title>Kluger, Jacques (1912-1963) - Institut Europ\u00e9en des Musiques Juives<\/title>\n<meta name=\"robots\" content=\"index, follow, max-snippet:-1, max-image-preview:large, max-video-preview:-1\" \/>\n<link rel=\"canonical\" href=\"https:\/\/www.iemj.org\/de\/kluger-jacques-1912-1963\/\" \/>\n<meta property=\"og:locale\" content=\"de_DE\" \/>\n<meta property=\"og:type\" content=\"article\" \/>\n<meta property=\"og:title\" content=\"Kluger, Jacques (1912-1963) - Institut Europ\u00e9en des Musiques Juives\" \/>\n<meta property=\"og:description\" content=\"Jacques Kluger wurde am 23. Januar 1912 in Antwerpen geboren. Sein Vater Maurice, ein 1883 in Wisjnicz in Galizien (heutige Polen) geborener Diamantenh\u00e4ndler, richtete sich 1905 in Antwerpen ein. Er\" \/>\n<meta property=\"og:url\" content=\"https:\/\/www.iemj.org\/de\/kluger-jacques-1912-1963\/\" \/>\n<meta property=\"og:site_name\" content=\"Institut Europ\u00e9en des Musiques Juives\" \/>\n<meta property=\"article:publisher\" content=\"https:\/\/www.facebook.com\/MusiquesJuives\/\" \/>\n<meta property=\"article:published_time\" content=\"2022-05-11T12:29:37+00:00\" \/>\n<meta property=\"article:modified_time\" content=\"2022-05-17T10:40:33+00:00\" \/>\n<meta property=\"og:image\" content=\"https:\/\/www.iemj.org\/wp-content\/uploads\/2022\/05\/Logo-Bio-Jacques-Kluger.jpg\" \/>\n\t<meta property=\"og:image:width\" content=\"172\" \/>\n\t<meta property=\"og:image:height\" content=\"218\" \/>\n\t<meta property=\"og:image:type\" content=\"image\/jpeg\" \/>\n<meta name=\"author\" content=\"Jacqueline ROTEN\" \/>\n<meta name=\"twitter:card\" content=\"summary_large_image\" \/>\n<meta name=\"twitter:label1\" content=\"Verfasst von\" \/>\n\t<meta name=\"twitter:data1\" content=\"Jacqueline ROTEN\" \/>\n\t<meta name=\"twitter:label2\" content=\"Gesch\u00e4tzte Lesezeit\" \/>\n\t<meta name=\"twitter:data2\" content=\"8\u00a0Minuten\" \/>\n<script type=\"application\/ld+json\" class=\"yoast-schema-graph\">{\"@context\":\"https:\\\/\\\/schema.org\",\"@graph\":[{\"@type\":\"Article\",\"@id\":\"https:\\\/\\\/www.iemj.org\\\/de\\\/kluger-jacques-1912-1963\\\/#article\",\"isPartOf\":{\"@id\":\"https:\\\/\\\/www.iemj.org\\\/de\\\/kluger-jacques-1912-1963\\\/\"},\"author\":{\"name\":\"Jacqueline ROTEN\",\"@id\":\"https:\\\/\\\/www.iemj.org\\\/de\\\/#\\\/schema\\\/person\\\/358e26c18aca017fcc4cc15437f7279c\"},\"headline\":\"Kluger, Jacques (1912-1963)\",\"datePublished\":\"2022-05-11T12:29:37+00:00\",\"dateModified\":\"2022-05-17T10:40:33+00:00\",\"mainEntityOfPage\":{\"@id\":\"https:\\\/\\\/www.iemj.org\\\/de\\\/kluger-jacques-1912-1963\\\/\"},\"wordCount\":1367,\"publisher\":{\"@id\":\"https:\\\/\\\/www.iemj.org\\\/de\\\/#organization\"},\"image\":{\"@id\":\"https:\\\/\\\/www.iemj.org\\\/de\\\/kluger-jacques-1912-1963\\\/#primaryimage\"},\"thumbnailUrl\":\"https:\\\/\\\/www.iemj.org\\\/wp-content\\\/uploads\\\/2022\\\/05\\\/Logo-Bio-Jacques-Kluger.jpg\",\"articleSection\":[\"Biografien\"],\"inLanguage\":\"de\"},{\"@type\":\"WebPage\",\"@id\":\"https:\\\/\\\/www.iemj.org\\\/de\\\/kluger-jacques-1912-1963\\\/\",\"url\":\"https:\\\/\\\/www.iemj.org\\\/de\\\/kluger-jacques-1912-1963\\\/\",\"name\":\"Kluger, Jacques (1912-1963) - Institut Europ\u00e9en des Musiques Juives\",\"isPartOf\":{\"@id\":\"https:\\\/\\\/www.iemj.org\\\/de\\\/#website\"},\"primaryImageOfPage\":{\"@id\":\"https:\\\/\\\/www.iemj.org\\\/de\\\/kluger-jacques-1912-1963\\\/#primaryimage\"},\"image\":{\"@id\":\"https:\\\/\\\/www.iemj.org\\\/de\\\/kluger-jacques-1912-1963\\\/#primaryimage\"},\"thumbnailUrl\":\"https:\\\/\\\/www.iemj.org\\\/wp-content\\\/uploads\\\/2022\\\/05\\\/Logo-Bio-Jacques-Kluger.jpg\",\"datePublished\":\"2022-05-11T12:29:37+00:00\",\"dateModified\":\"2022-05-17T10:40:33+00:00\",\"breadcrumb\":{\"@id\":\"https:\\\/\\\/www.iemj.org\\\/de\\\/kluger-jacques-1912-1963\\\/#breadcrumb\"},\"inLanguage\":\"de\",\"potentialAction\":[{\"@type\":\"ReadAction\",\"target\":[\"https:\\\/\\\/www.iemj.org\\\/de\\\/kluger-jacques-1912-1963\\\/\"]}]},{\"@type\":\"ImageObject\",\"inLanguage\":\"de\",\"@id\":\"https:\\\/\\\/www.iemj.org\\\/de\\\/kluger-jacques-1912-1963\\\/#primaryimage\",\"url\":\"https:\\\/\\\/www.iemj.org\\\/wp-content\\\/uploads\\\/2022\\\/05\\\/Logo-Bio-Jacques-Kluger.jpg\",\"contentUrl\":\"https:\\\/\\\/www.iemj.org\\\/wp-content\\\/uploads\\\/2022\\\/05\\\/Logo-Bio-Jacques-Kluger.jpg\",\"width\":172,\"height\":218},{\"@type\":\"BreadcrumbList\",\"@id\":\"https:\\\/\\\/www.iemj.org\\\/de\\\/kluger-jacques-1912-1963\\\/#breadcrumb\",\"itemListElement\":[{\"@type\":\"ListItem\",\"position\":1,\"name\":\"Accueil\",\"item\":\"https:\\\/\\\/www.iemj.org\\\/de\\\/\"},{\"@type\":\"ListItem\",\"position\":2,\"name\":\"Kluger, Jacques (1912-1963)\"}]},{\"@type\":\"WebSite\",\"@id\":\"https:\\\/\\\/www.iemj.org\\\/de\\\/#website\",\"url\":\"https:\\\/\\\/www.iemj.org\\\/de\\\/\",\"name\":\"Institut Europ\u00e9en des Musiques Juives\",\"description\":\"Des traditions musicales \u00e0 la port\u00e9e de tous\",\"publisher\":{\"@id\":\"https:\\\/\\\/www.iemj.org\\\/de\\\/#organization\"},\"potentialAction\":[{\"@type\":\"SearchAction\",\"target\":{\"@type\":\"EntryPoint\",\"urlTemplate\":\"https:\\\/\\\/www.iemj.org\\\/de\\\/?s={search_term_string}\"},\"query-input\":{\"@type\":\"PropertyValueSpecification\",\"valueRequired\":true,\"valueName\":\"search_term_string\"}}],\"inLanguage\":\"de\"},{\"@type\":\"Organization\",\"@id\":\"https:\\\/\\\/www.iemj.org\\\/de\\\/#organization\",\"name\":\"Institut Europ\u00e9en des Musiques Juives\",\"url\":\"https:\\\/\\\/www.iemj.org\\\/de\\\/\",\"logo\":{\"@type\":\"ImageObject\",\"inLanguage\":\"de\",\"@id\":\"https:\\\/\\\/www.iemj.org\\\/de\\\/#\\\/schema\\\/logo\\\/image\\\/\",\"url\":\"https:\\\/\\\/www.iemj.org\\\/wp-content\\\/uploads\\\/2021\\\/09\\\/Logo-IEMJ-Paypal.jpg\",\"contentUrl\":\"https:\\\/\\\/www.iemj.org\\\/wp-content\\\/uploads\\\/2021\\\/09\\\/Logo-IEMJ-Paypal.jpg\",\"width\":150,\"height\":50,\"caption\":\"Institut Europ\u00e9en des Musiques Juives\"},\"image\":{\"@id\":\"https:\\\/\\\/www.iemj.org\\\/de\\\/#\\\/schema\\\/logo\\\/image\\\/\"},\"sameAs\":[\"https:\\\/\\\/www.facebook.com\\\/MusiquesJuives\\\/\",\"https:\\\/\\\/www.instagram.com\\\/musiquesjuives\\\/\",\"https:\\\/\\\/www.youtube.com\\\/user\\\/musiquesjuives\"]},{\"@type\":\"Person\",\"@id\":\"https:\\\/\\\/www.iemj.org\\\/de\\\/#\\\/schema\\\/person\\\/358e26c18aca017fcc4cc15437f7279c\",\"name\":\"Jacqueline ROTEN\",\"image\":{\"@type\":\"ImageObject\",\"inLanguage\":\"de\",\"@id\":\"https:\\\/\\\/secure.gravatar.com\\\/avatar\\\/5964256d6c6957de3a3505278957e0fb2a35119ac47ea41827a65301213c810b?s=96&d=mm&r=g\",\"url\":\"https:\\\/\\\/secure.gravatar.com\\\/avatar\\\/5964256d6c6957de3a3505278957e0fb2a35119ac47ea41827a65301213c810b?s=96&d=mm&r=g\",\"contentUrl\":\"https:\\\/\\\/secure.gravatar.com\\\/avatar\\\/5964256d6c6957de3a3505278957e0fb2a35119ac47ea41827a65301213c810b?s=96&d=mm&r=g\",\"caption\":\"Jacqueline ROTEN\"}}]}<\/script>\n<!-- \/ Yoast SEO plugin. -->","yoast_head_json":{"title":"Kluger, Jacques (1912-1963) - Institut Europ\u00e9en des Musiques Juives","robots":{"index":"index","follow":"follow","max-snippet":"max-snippet:-1","max-image-preview":"max-image-preview:large","max-video-preview":"max-video-preview:-1"},"canonical":"https:\/\/www.iemj.org\/de\/kluger-jacques-1912-1963\/","og_locale":"de_DE","og_type":"article","og_title":"Kluger, Jacques (1912-1963) - Institut Europ\u00e9en des Musiques Juives","og_description":"Jacques Kluger wurde am 23. Januar 1912 in Antwerpen geboren. Sein Vater Maurice, ein 1883 in Wisjnicz in Galizien (heutige Polen) geborener Diamantenh\u00e4ndler, richtete sich 1905 in Antwerpen ein. Er","og_url":"https:\/\/www.iemj.org\/de\/kluger-jacques-1912-1963\/","og_site_name":"Institut Europ\u00e9en des Musiques Juives","article_publisher":"https:\/\/www.facebook.com\/MusiquesJuives\/","article_published_time":"2022-05-11T12:29:37+00:00","article_modified_time":"2022-05-17T10:40:33+00:00","og_image":[{"width":172,"height":218,"url":"https:\/\/www.iemj.org\/wp-content\/uploads\/2022\/05\/Logo-Bio-Jacques-Kluger.jpg","type":"image\/jpeg"}],"author":"Jacqueline ROTEN","twitter_card":"summary_large_image","twitter_misc":{"Verfasst von":"Jacqueline ROTEN","Gesch\u00e4tzte Lesezeit":"8\u00a0Minuten"},"schema":{"@context":"https:\/\/schema.org","@graph":[{"@type":"Article","@id":"https:\/\/www.iemj.org\/de\/kluger-jacques-1912-1963\/#article","isPartOf":{"@id":"https:\/\/www.iemj.org\/de\/kluger-jacques-1912-1963\/"},"author":{"name":"Jacqueline ROTEN","@id":"https:\/\/www.iemj.org\/de\/#\/schema\/person\/358e26c18aca017fcc4cc15437f7279c"},"headline":"Kluger, Jacques (1912-1963)","datePublished":"2022-05-11T12:29:37+00:00","dateModified":"2022-05-17T10:40:33+00:00","mainEntityOfPage":{"@id":"https:\/\/www.iemj.org\/de\/kluger-jacques-1912-1963\/"},"wordCount":1367,"publisher":{"@id":"https:\/\/www.iemj.org\/de\/#organization"},"image":{"@id":"https:\/\/www.iemj.org\/de\/kluger-jacques-1912-1963\/#primaryimage"},"thumbnailUrl":"https:\/\/www.iemj.org\/wp-content\/uploads\/2022\/05\/Logo-Bio-Jacques-Kluger.jpg","articleSection":["Biografien"],"inLanguage":"de"},{"@type":"WebPage","@id":"https:\/\/www.iemj.org\/de\/kluger-jacques-1912-1963\/","url":"https:\/\/www.iemj.org\/de\/kluger-jacques-1912-1963\/","name":"Kluger, Jacques (1912-1963) - Institut Europ\u00e9en des Musiques Juives","isPartOf":{"@id":"https:\/\/www.iemj.org\/de\/#website"},"primaryImageOfPage":{"@id":"https:\/\/www.iemj.org\/de\/kluger-jacques-1912-1963\/#primaryimage"},"image":{"@id":"https:\/\/www.iemj.org\/de\/kluger-jacques-1912-1963\/#primaryimage"},"thumbnailUrl":"https:\/\/www.iemj.org\/wp-content\/uploads\/2022\/05\/Logo-Bio-Jacques-Kluger.jpg","datePublished":"2022-05-11T12:29:37+00:00","dateModified":"2022-05-17T10:40:33+00:00","breadcrumb":{"@id":"https:\/\/www.iemj.org\/de\/kluger-jacques-1912-1963\/#breadcrumb"},"inLanguage":"de","potentialAction":[{"@type":"ReadAction","target":["https:\/\/www.iemj.org\/de\/kluger-jacques-1912-1963\/"]}]},{"@type":"ImageObject","inLanguage":"de","@id":"https:\/\/www.iemj.org\/de\/kluger-jacques-1912-1963\/#primaryimage","url":"https:\/\/www.iemj.org\/wp-content\/uploads\/2022\/05\/Logo-Bio-Jacques-Kluger.jpg","contentUrl":"https:\/\/www.iemj.org\/wp-content\/uploads\/2022\/05\/Logo-Bio-Jacques-Kluger.jpg","width":172,"height":218},{"@type":"BreadcrumbList","@id":"https:\/\/www.iemj.org\/de\/kluger-jacques-1912-1963\/#breadcrumb","itemListElement":[{"@type":"ListItem","position":1,"name":"Accueil","item":"https:\/\/www.iemj.org\/de\/"},{"@type":"ListItem","position":2,"name":"Kluger, Jacques (1912-1963)"}]},{"@type":"WebSite","@id":"https:\/\/www.iemj.org\/de\/#website","url":"https:\/\/www.iemj.org\/de\/","name":"Institut Europ\u00e9en des Musiques Juives","description":"Des traditions musicales \u00e0 la port\u00e9e de tous","publisher":{"@id":"https:\/\/www.iemj.org\/de\/#organization"},"potentialAction":[{"@type":"SearchAction","target":{"@type":"EntryPoint","urlTemplate":"https:\/\/www.iemj.org\/de\/?s={search_term_string}"},"query-input":{"@type":"PropertyValueSpecification","valueRequired":true,"valueName":"search_term_string"}}],"inLanguage":"de"},{"@type":"Organization","@id":"https:\/\/www.iemj.org\/de\/#organization","name":"Institut Europ\u00e9en des Musiques Juives","url":"https:\/\/www.iemj.org\/de\/","logo":{"@type":"ImageObject","inLanguage":"de","@id":"https:\/\/www.iemj.org\/de\/#\/schema\/logo\/image\/","url":"https:\/\/www.iemj.org\/wp-content\/uploads\/2021\/09\/Logo-IEMJ-Paypal.jpg","contentUrl":"https:\/\/www.iemj.org\/wp-content\/uploads\/2021\/09\/Logo-IEMJ-Paypal.jpg","width":150,"height":50,"caption":"Institut Europ\u00e9en des Musiques Juives"},"image":{"@id":"https:\/\/www.iemj.org\/de\/#\/schema\/logo\/image\/"},"sameAs":["https:\/\/www.facebook.com\/MusiquesJuives\/","https:\/\/www.instagram.com\/musiquesjuives\/","https:\/\/www.youtube.com\/user\/musiquesjuives"]},{"@type":"Person","@id":"https:\/\/www.iemj.org\/de\/#\/schema\/person\/358e26c18aca017fcc4cc15437f7279c","name":"Jacqueline ROTEN","image":{"@type":"ImageObject","inLanguage":"de","@id":"https:\/\/secure.gravatar.com\/avatar\/5964256d6c6957de3a3505278957e0fb2a35119ac47ea41827a65301213c810b?s=96&d=mm&r=g","url":"https:\/\/secure.gravatar.com\/avatar\/5964256d6c6957de3a3505278957e0fb2a35119ac47ea41827a65301213c810b?s=96&d=mm&r=g","contentUrl":"https:\/\/secure.gravatar.com\/avatar\/5964256d6c6957de3a3505278957e0fb2a35119ac47ea41827a65301213c810b?s=96&d=mm&r=g","caption":"Jacqueline ROTEN"}}]}},"_links":{"self":[{"href":"https:\/\/www.iemj.org\/de\/wp-json\/wp\/v2\/posts\/84173","targetHints":{"allow":["GET"]}}],"collection":[{"href":"https:\/\/www.iemj.org\/de\/wp-json\/wp\/v2\/posts"}],"about":[{"href":"https:\/\/www.iemj.org\/de\/wp-json\/wp\/v2\/types\/post"}],"author":[{"embeddable":true,"href":"https:\/\/www.iemj.org\/de\/wp-json\/wp\/v2\/users\/5"}],"replies":[{"embeddable":true,"href":"https:\/\/www.iemj.org\/de\/wp-json\/wp\/v2\/comments?post=84173"}],"version-history":[{"count":0,"href":"https:\/\/www.iemj.org\/de\/wp-json\/wp\/v2\/posts\/84173\/revisions"}],"wp:featuredmedia":[{"embeddable":true,"href":"https:\/\/www.iemj.org\/de\/wp-json\/wp\/v2\/media\/83878"}],"wp:attachment":[{"href":"https:\/\/www.iemj.org\/de\/wp-json\/wp\/v2\/media?parent=84173"}],"wp:term":[{"taxonomy":"category","embeddable":true,"href":"https:\/\/www.iemj.org\/de\/wp-json\/wp\/v2\/categories?post=84173"},{"taxonomy":"post_tag","embeddable":true,"href":"https:\/\/www.iemj.org\/de\/wp-json\/wp\/v2\/tags?post=84173"},{"taxonomy":"technique","embeddable":true,"href":"https:\/\/www.iemj.org\/de\/wp-json\/wp\/v2\/technique?post=84173"},{"taxonomy":"squelettes","embeddable":true,"href":"https:\/\/www.iemj.org\/de\/wp-json\/wp\/v2\/squelettes?post=84173"},{"taxonomy":"sujet","embeddable":true,"href":"https:\/\/www.iemj.org\/de\/wp-json\/wp\/v2\/sujet?post=84173"},{"taxonomy":"formation","embeddable":true,"href":"https:\/\/www.iemj.org\/de\/wp-json\/wp\/v2\/formation?post=84173"},{"taxonomy":"genre","embeddable":true,"href":"https:\/\/www.iemj.org\/de\/wp-json\/wp\/v2\/genre?post=84173"},{"taxonomy":"fonds","embeddable":true,"href":"https:\/\/www.iemj.org\/de\/wp-json\/wp\/v2\/fonds?post=84173"},{"taxonomy":"tradition","embeddable":true,"href":"https:\/\/www.iemj.org\/de\/wp-json\/wp\/v2\/tradition?post=84173"},{"taxonomy":"type-de-contenu","embeddable":true,"href":"https:\/\/www.iemj.org\/de\/wp-json\/wp\/v2\/type-de-contenu?post=84173"},{"taxonomy":"interprete-compositeur","embeddable":true,"href":"https:\/\/www.iemj.org\/de\/wp-json\/wp\/v2\/interprete-compositeur?post=84173"},{"taxonomy":"frise","embeddable":true,"href":"https:\/\/www.iemj.org\/de\/wp-json\/wp\/v2\/frise?post=84173"},{"taxonomy":"type-devenement","embeddable":true,"href":"https:\/\/www.iemj.org\/de\/wp-json\/wp\/v2\/type-devenement?post=84173"},{"taxonomy":"tableaux-liens-externes","embeddable":true,"href":"https:\/\/www.iemj.org\/de\/wp-json\/wp\/v2\/tableaux-liens-externes?post=84173"}],"curies":[{"name":"wp","href":"https:\/\/api.w.org\/{rel}","templated":true}]}}