{"id":84228,"date":"2022-05-16T10:37:08","date_gmt":"2022-05-16T08:37:08","guid":{"rendered":"https:\/\/www.iemj.org\/jacques-arnold-une-vie-au-service-de-la-hazzanout\/"},"modified":"2022-05-18T11:49:26","modified_gmt":"2022-05-18T09:49:26","slug":"jacques-arnold-une-vie-au-service-de-la-hazzanout","status":"publish","type":"post","link":"https:\/\/www.iemj.org\/de\/jacques-arnold-une-vie-au-service-de-la-hazzanout\/","title":{"rendered":"Jacques Arnold, ein Leben im Dienste der Chasanut"},"content":{"rendered":"<p>Der in Paris 1946 geborene Kantor und emeritierte Rabbiner <a href=\"https:\/\/www.iemj.org\/de\/arnold-jacques-1946\/\">Jacques Arnold<\/a>&nbsp;erz\u00e4hlt in diese Video seine Lebensgeschichte, ab seinen Studien an der \u00c9cole Yavn\u00e9, seine Aufnahme in der Liturgie-P\u00e4dadogie-Abteilung des S\u00e9minaire Isra\u00e9lite de France im Jahr 1963, wo er die Kurse von L\u00e9on Algazi, Alberto Hemsi, Roland Moss\u00e9, Adolphe Attia und Shalom Berlinski besuchte, seine Verpflichtung in den Gemeinschaften von La Varenne, Bayonne, La Victoire und am Oratorium des Altenheims der Fondation de Rothschild (Rothschild Stiftung) &#8211; Stra\u00dfe Picpus, 12. Arrondissement von Paris, wo er die Gottesdienste 36 Jahre lang geleitet hat.<\/p>\n<p>Ein seltener und begeisternder Bericht eines Lebens im Dienste der Chasanut!<\/p>\n<p><a href=\"https:\/\/www.iemj.org\/?s=Jacques+Arnold&amp;search_type=main&amp;submit=Search\" target=\"_blank\" rel=\"noopener\">Mehr \u00fcber Jacques Arnold erfahren und seine Radiosendungen auf die Website des IEMJ anh\u00f6ren<\/a><\/p>\n<p><a href=\"https:\/\/www.iemj.org\/le-hazzan-vecteur-du-chant-synagogal-jacques-arnold\/\" target=\"_blank\" rel=\"noopener\">Die Konferenz von Jacques Arnold \u00fcber die Rolle des Chasan im synagogalen Kult anh\u00f6ren<\/a><\/p>\n<p><a href=\"https:\/\/www.iemj.org\/de\/fonds-jacques-arnold\/\" target=\"_blank\" rel=\"noopener\">Im von Jacques Arnold bei dem IEMJ hinterlegten Archivbestand (Audioaufnahme, Partituren\u2026 usw.) nachsehen <\/a><\/p>\n<p><a href=\"#_ftnref1\" name=\"_ftn1\"><\/a><\/p>\n\n\n<figure class=\"wp-block-embed is-type-video is-provider-youtube wp-block-embed-youtube wp-embed-aspect-16-9 wp-has-aspect-ratio\"><div class=\"wp-block-embed__wrapper\">\n<iframe title=\"Jacques Arnold, une vie au service de la hazzanout\" width=\"640\" height=\"360\" src=\"https:\/\/www.youtube.com\/embed\/J_MirIV41pw?feature=oembed\" frameborder=\"0\" allow=\"accelerometer; autoplay; clipboard-write; encrypted-media; gyroscope; picture-in-picture; web-share\" referrerpolicy=\"strict-origin-when-cross-origin\" allowfullscreen><\/iframe>\n<\/div><\/figure>\n","protected":false},"excerpt":{"rendered":"<p>Der in Paris 1946 geborene Kantor und emeritierte Rabbiner Jacques Arnold&nbsp;erz\u00e4hlt in diese Video seine Lebensgeschichte, ab seinen Studien an der \u00c9cole Yavn\u00e9, seine Aufnahme in der Liturgie-P\u00e4dadogie-Abteilung des S\u00e9minaire<\/p>\n","protected":false},"author":5,"featured_media":84293,"comment_status":"closed","ping_status":"closed","sticky":false,"template":"","format":"standard","meta":{"_acf_changed":false,"footnotes":""},"categories":[1533],"tags":[],"technique":[],"squelettes":[],"sujet":[2107],"formation":[],"genre":[],"fonds":[],"tradition":[],"type-de-contenu":[],"interprete-compositeur":[],"frise":[],"type-devenement":[],"tableaux-liens-externes":[],"class_list":["post-84228","post","type-post","status-publish","format-standard","has-post-thumbnail","hentry","category-fernsehsendungen-videos-de","sujet-der-sanger-hazzan-de"],"acf":[],"yoast_head":"<!-- This site is optimized with the Yoast SEO plugin v27.3 - https:\/\/yoast.com\/product\/yoast-seo-wordpress\/ -->\n<title>Jacques Arnold, ein Leben im Dienste der Chasanut - Institut Europ\u00e9en des Musiques Juives<\/title>\n<meta name=\"robots\" content=\"index, follow, max-snippet:-1, max-image-preview:large, max-video-preview:-1\" \/>\n<link rel=\"canonical\" href=\"https:\/\/www.iemj.org\/de\/jacques-arnold-une-vie-au-service-de-la-hazzanout\/\" \/>\n<meta property=\"og:locale\" content=\"de_DE\" \/>\n<meta property=\"og:type\" content=\"article\" \/>\n<meta property=\"og:title\" content=\"Jacques Arnold, ein Leben im Dienste der Chasanut - Institut Europ\u00e9en des Musiques Juives\" \/>\n<meta property=\"og:description\" content=\"Der in Paris 1946 geborene Kantor und emeritierte Rabbiner Jacques Arnold&nbsp;erz\u00e4hlt in diese Video seine Lebensgeschichte, ab seinen Studien an der \u00c9cole Yavn\u00e9, seine Aufnahme in der Liturgie-P\u00e4dadogie-Abteilung des S\u00e9minaire\" \/>\n<meta property=\"og:url\" content=\"https:\/\/www.iemj.org\/de\/jacques-arnold-une-vie-au-service-de-la-hazzanout\/\" \/>\n<meta property=\"og:site_name\" content=\"Institut Europ\u00e9en des Musiques Juives\" \/>\n<meta property=\"article:publisher\" content=\"https:\/\/www.facebook.com\/MusiquesJuives\/\" \/>\n<meta property=\"article:published_time\" content=\"2022-05-16T08:37:08+00:00\" \/>\n<meta property=\"article:modified_time\" content=\"2022-05-18T09:49:26+00:00\" \/>\n<meta property=\"og:image\" content=\"https:\/\/www.iemj.org\/wp-content\/uploads\/2022\/05\/Logo-Video-J.A.-OK.jpg\" \/>\n\t<meta property=\"og:image:width\" content=\"350\" \/>\n\t<meta property=\"og:image:height\" content=\"350\" \/>\n\t<meta property=\"og:image:type\" content=\"image\/jpeg\" \/>\n<meta name=\"author\" content=\"Jacqueline ROTEN\" \/>\n<meta name=\"twitter:card\" content=\"summary_large_image\" \/>\n<meta name=\"twitter:label1\" content=\"Verfasst von\" \/>\n\t<meta name=\"twitter:data1\" content=\"Jacqueline ROTEN\" \/>\n\t<meta name=\"twitter:label2\" content=\"Gesch\u00e4tzte Lesezeit\" \/>\n\t<meta name=\"twitter:data2\" content=\"1\u00a0Minute\" \/>\n<script type=\"application\/ld+json\" class=\"yoast-schema-graph\">{\"@context\":\"https:\\\/\\\/schema.org\",\"@graph\":[{\"@type\":\"Article\",\"@id\":\"https:\\\/\\\/www.iemj.org\\\/de\\\/jacques-arnold-une-vie-au-service-de-la-hazzanout\\\/#article\",\"isPartOf\":{\"@id\":\"https:\\\/\\\/www.iemj.org\\\/de\\\/jacques-arnold-une-vie-au-service-de-la-hazzanout\\\/\"},\"author\":{\"name\":\"Jacqueline ROTEN\",\"@id\":\"https:\\\/\\\/www.iemj.org\\\/de\\\/#\\\/schema\\\/person\\\/358e26c18aca017fcc4cc15437f7279c\"},\"headline\":\"Jacques Arnold, ein Leben im Dienste der Chasanut\",\"datePublished\":\"2022-05-16T08:37:08+00:00\",\"dateModified\":\"2022-05-18T09:49:26+00:00\",\"mainEntityOfPage\":{\"@id\":\"https:\\\/\\\/www.iemj.org\\\/de\\\/jacques-arnold-une-vie-au-service-de-la-hazzanout\\\/\"},\"wordCount\":166,\"publisher\":{\"@id\":\"https:\\\/\\\/www.iemj.org\\\/de\\\/#organization\"},\"image\":{\"@id\":\"https:\\\/\\\/www.iemj.org\\\/de\\\/jacques-arnold-une-vie-au-service-de-la-hazzanout\\\/#primaryimage\"},\"thumbnailUrl\":\"https:\\\/\\\/www.iemj.org\\\/wp-content\\\/uploads\\\/2022\\\/05\\\/Logo-Video-J.A.-OK.jpg\",\"articleSection\":[\"Fernsehsendungen \\\/ Videos\"],\"inLanguage\":\"de\"},{\"@type\":\"WebPage\",\"@id\":\"https:\\\/\\\/www.iemj.org\\\/de\\\/jacques-arnold-une-vie-au-service-de-la-hazzanout\\\/\",\"url\":\"https:\\\/\\\/www.iemj.org\\\/de\\\/jacques-arnold-une-vie-au-service-de-la-hazzanout\\\/\",\"name\":\"Jacques Arnold, ein Leben im Dienste der Chasanut - Institut Europ\u00e9en des Musiques Juives\",\"isPartOf\":{\"@id\":\"https:\\\/\\\/www.iemj.org\\\/de\\\/#website\"},\"primaryImageOfPage\":{\"@id\":\"https:\\\/\\\/www.iemj.org\\\/de\\\/jacques-arnold-une-vie-au-service-de-la-hazzanout\\\/#primaryimage\"},\"image\":{\"@id\":\"https:\\\/\\\/www.iemj.org\\\/de\\\/jacques-arnold-une-vie-au-service-de-la-hazzanout\\\/#primaryimage\"},\"thumbnailUrl\":\"https:\\\/\\\/www.iemj.org\\\/wp-content\\\/uploads\\\/2022\\\/05\\\/Logo-Video-J.A.-OK.jpg\",\"datePublished\":\"2022-05-16T08:37:08+00:00\",\"dateModified\":\"2022-05-18T09:49:26+00:00\",\"breadcrumb\":{\"@id\":\"https:\\\/\\\/www.iemj.org\\\/de\\\/jacques-arnold-une-vie-au-service-de-la-hazzanout\\\/#breadcrumb\"},\"inLanguage\":\"de\",\"potentialAction\":[{\"@type\":\"ReadAction\",\"target\":[\"https:\\\/\\\/www.iemj.org\\\/de\\\/jacques-arnold-une-vie-au-service-de-la-hazzanout\\\/\"]}]},{\"@type\":\"ImageObject\",\"inLanguage\":\"de\",\"@id\":\"https:\\\/\\\/www.iemj.org\\\/de\\\/jacques-arnold-une-vie-au-service-de-la-hazzanout\\\/#primaryimage\",\"url\":\"https:\\\/\\\/www.iemj.org\\\/wp-content\\\/uploads\\\/2022\\\/05\\\/Logo-Video-J.A.-OK.jpg\",\"contentUrl\":\"https:\\\/\\\/www.iemj.org\\\/wp-content\\\/uploads\\\/2022\\\/05\\\/Logo-Video-J.A.-OK.jpg\",\"width\":350,\"height\":350,\"caption\":\"Logo Vid\u00e9o\"},{\"@type\":\"BreadcrumbList\",\"@id\":\"https:\\\/\\\/www.iemj.org\\\/de\\\/jacques-arnold-une-vie-au-service-de-la-hazzanout\\\/#breadcrumb\",\"itemListElement\":[{\"@type\":\"ListItem\",\"position\":1,\"name\":\"Accueil\",\"item\":\"https:\\\/\\\/www.iemj.org\\\/de\\\/\"},{\"@type\":\"ListItem\",\"position\":2,\"name\":\"Jacques Arnold, ein Leben im Dienste der Chasanut\"}]},{\"@type\":\"WebSite\",\"@id\":\"https:\\\/\\\/www.iemj.org\\\/de\\\/#website\",\"url\":\"https:\\\/\\\/www.iemj.org\\\/de\\\/\",\"name\":\"Institut Europ\u00e9en des Musiques Juives\",\"description\":\"Des traditions musicales \u00e0 la port\u00e9e de tous\",\"publisher\":{\"@id\":\"https:\\\/\\\/www.iemj.org\\\/de\\\/#organization\"},\"potentialAction\":[{\"@type\":\"SearchAction\",\"target\":{\"@type\":\"EntryPoint\",\"urlTemplate\":\"https:\\\/\\\/www.iemj.org\\\/de\\\/?s={search_term_string}\"},\"query-input\":{\"@type\":\"PropertyValueSpecification\",\"valueRequired\":true,\"valueName\":\"search_term_string\"}}],\"inLanguage\":\"de\"},{\"@type\":\"Organization\",\"@id\":\"https:\\\/\\\/www.iemj.org\\\/de\\\/#organization\",\"name\":\"Institut Europ\u00e9en des Musiques Juives\",\"url\":\"https:\\\/\\\/www.iemj.org\\\/de\\\/\",\"logo\":{\"@type\":\"ImageObject\",\"inLanguage\":\"de\",\"@id\":\"https:\\\/\\\/www.iemj.org\\\/de\\\/#\\\/schema\\\/logo\\\/image\\\/\",\"url\":\"https:\\\/\\\/www.iemj.org\\\/wp-content\\\/uploads\\\/2021\\\/09\\\/Logo-IEMJ-Paypal.jpg\",\"contentUrl\":\"https:\\\/\\\/www.iemj.org\\\/wp-content\\\/uploads\\\/2021\\\/09\\\/Logo-IEMJ-Paypal.jpg\",\"width\":150,\"height\":50,\"caption\":\"Institut Europ\u00e9en des Musiques Juives\"},\"image\":{\"@id\":\"https:\\\/\\\/www.iemj.org\\\/de\\\/#\\\/schema\\\/logo\\\/image\\\/\"},\"sameAs\":[\"https:\\\/\\\/www.facebook.com\\\/MusiquesJuives\\\/\",\"https:\\\/\\\/www.instagram.com\\\/musiquesjuives\\\/\",\"https:\\\/\\\/www.youtube.com\\\/user\\\/musiquesjuives\"]},{\"@type\":\"Person\",\"@id\":\"https:\\\/\\\/www.iemj.org\\\/de\\\/#\\\/schema\\\/person\\\/358e26c18aca017fcc4cc15437f7279c\",\"name\":\"Jacqueline ROTEN\",\"image\":{\"@type\":\"ImageObject\",\"inLanguage\":\"de\",\"@id\":\"https:\\\/\\\/secure.gravatar.com\\\/avatar\\\/5964256d6c6957de3a3505278957e0fb2a35119ac47ea41827a65301213c810b?s=96&d=mm&r=g\",\"url\":\"https:\\\/\\\/secure.gravatar.com\\\/avatar\\\/5964256d6c6957de3a3505278957e0fb2a35119ac47ea41827a65301213c810b?s=96&d=mm&r=g\",\"contentUrl\":\"https:\\\/\\\/secure.gravatar.com\\\/avatar\\\/5964256d6c6957de3a3505278957e0fb2a35119ac47ea41827a65301213c810b?s=96&d=mm&r=g\",\"caption\":\"Jacqueline ROTEN\"}}]}<\/script>\n<!-- \/ Yoast SEO plugin. -->","yoast_head_json":{"title":"Jacques Arnold, ein Leben im Dienste der Chasanut - Institut Europ\u00e9en des Musiques Juives","robots":{"index":"index","follow":"follow","max-snippet":"max-snippet:-1","max-image-preview":"max-image-preview:large","max-video-preview":"max-video-preview:-1"},"canonical":"https:\/\/www.iemj.org\/de\/jacques-arnold-une-vie-au-service-de-la-hazzanout\/","og_locale":"de_DE","og_type":"article","og_title":"Jacques Arnold, ein Leben im Dienste der Chasanut - Institut Europ\u00e9en des Musiques Juives","og_description":"Der in Paris 1946 geborene Kantor und emeritierte Rabbiner Jacques Arnold&nbsp;erz\u00e4hlt in diese Video seine Lebensgeschichte, ab seinen Studien an der \u00c9cole Yavn\u00e9, seine Aufnahme in der Liturgie-P\u00e4dadogie-Abteilung des S\u00e9minaire","og_url":"https:\/\/www.iemj.org\/de\/jacques-arnold-une-vie-au-service-de-la-hazzanout\/","og_site_name":"Institut Europ\u00e9en des Musiques Juives","article_publisher":"https:\/\/www.facebook.com\/MusiquesJuives\/","article_published_time":"2022-05-16T08:37:08+00:00","article_modified_time":"2022-05-18T09:49:26+00:00","og_image":[{"width":350,"height":350,"url":"https:\/\/www.iemj.org\/wp-content\/uploads\/2022\/05\/Logo-Video-J.A.-OK.jpg","type":"image\/jpeg"}],"author":"Jacqueline ROTEN","twitter_card":"summary_large_image","twitter_misc":{"Verfasst von":"Jacqueline ROTEN","Gesch\u00e4tzte Lesezeit":"1\u00a0Minute"},"schema":{"@context":"https:\/\/schema.org","@graph":[{"@type":"Article","@id":"https:\/\/www.iemj.org\/de\/jacques-arnold-une-vie-au-service-de-la-hazzanout\/#article","isPartOf":{"@id":"https:\/\/www.iemj.org\/de\/jacques-arnold-une-vie-au-service-de-la-hazzanout\/"},"author":{"name":"Jacqueline ROTEN","@id":"https:\/\/www.iemj.org\/de\/#\/schema\/person\/358e26c18aca017fcc4cc15437f7279c"},"headline":"Jacques Arnold, ein Leben im Dienste der Chasanut","datePublished":"2022-05-16T08:37:08+00:00","dateModified":"2022-05-18T09:49:26+00:00","mainEntityOfPage":{"@id":"https:\/\/www.iemj.org\/de\/jacques-arnold-une-vie-au-service-de-la-hazzanout\/"},"wordCount":166,"publisher":{"@id":"https:\/\/www.iemj.org\/de\/#organization"},"image":{"@id":"https:\/\/www.iemj.org\/de\/jacques-arnold-une-vie-au-service-de-la-hazzanout\/#primaryimage"},"thumbnailUrl":"https:\/\/www.iemj.org\/wp-content\/uploads\/2022\/05\/Logo-Video-J.A.-OK.jpg","articleSection":["Fernsehsendungen \/ Videos"],"inLanguage":"de"},{"@type":"WebPage","@id":"https:\/\/www.iemj.org\/de\/jacques-arnold-une-vie-au-service-de-la-hazzanout\/","url":"https:\/\/www.iemj.org\/de\/jacques-arnold-une-vie-au-service-de-la-hazzanout\/","name":"Jacques Arnold, ein Leben im Dienste der Chasanut - Institut Europ\u00e9en des Musiques Juives","isPartOf":{"@id":"https:\/\/www.iemj.org\/de\/#website"},"primaryImageOfPage":{"@id":"https:\/\/www.iemj.org\/de\/jacques-arnold-une-vie-au-service-de-la-hazzanout\/#primaryimage"},"image":{"@id":"https:\/\/www.iemj.org\/de\/jacques-arnold-une-vie-au-service-de-la-hazzanout\/#primaryimage"},"thumbnailUrl":"https:\/\/www.iemj.org\/wp-content\/uploads\/2022\/05\/Logo-Video-J.A.-OK.jpg","datePublished":"2022-05-16T08:37:08+00:00","dateModified":"2022-05-18T09:49:26+00:00","breadcrumb":{"@id":"https:\/\/www.iemj.org\/de\/jacques-arnold-une-vie-au-service-de-la-hazzanout\/#breadcrumb"},"inLanguage":"de","potentialAction":[{"@type":"ReadAction","target":["https:\/\/www.iemj.org\/de\/jacques-arnold-une-vie-au-service-de-la-hazzanout\/"]}]},{"@type":"ImageObject","inLanguage":"de","@id":"https:\/\/www.iemj.org\/de\/jacques-arnold-une-vie-au-service-de-la-hazzanout\/#primaryimage","url":"https:\/\/www.iemj.org\/wp-content\/uploads\/2022\/05\/Logo-Video-J.A.-OK.jpg","contentUrl":"https:\/\/www.iemj.org\/wp-content\/uploads\/2022\/05\/Logo-Video-J.A.-OK.jpg","width":350,"height":350,"caption":"Logo Vid\u00e9o"},{"@type":"BreadcrumbList","@id":"https:\/\/www.iemj.org\/de\/jacques-arnold-une-vie-au-service-de-la-hazzanout\/#breadcrumb","itemListElement":[{"@type":"ListItem","position":1,"name":"Accueil","item":"https:\/\/www.iemj.org\/de\/"},{"@type":"ListItem","position":2,"name":"Jacques Arnold, ein Leben im Dienste der Chasanut"}]},{"@type":"WebSite","@id":"https:\/\/www.iemj.org\/de\/#website","url":"https:\/\/www.iemj.org\/de\/","name":"Institut Europ\u00e9en des Musiques Juives","description":"Des traditions musicales \u00e0 la port\u00e9e de tous","publisher":{"@id":"https:\/\/www.iemj.org\/de\/#organization"},"potentialAction":[{"@type":"SearchAction","target":{"@type":"EntryPoint","urlTemplate":"https:\/\/www.iemj.org\/de\/?s={search_term_string}"},"query-input":{"@type":"PropertyValueSpecification","valueRequired":true,"valueName":"search_term_string"}}],"inLanguage":"de"},{"@type":"Organization","@id":"https:\/\/www.iemj.org\/de\/#organization","name":"Institut Europ\u00e9en des Musiques Juives","url":"https:\/\/www.iemj.org\/de\/","logo":{"@type":"ImageObject","inLanguage":"de","@id":"https:\/\/www.iemj.org\/de\/#\/schema\/logo\/image\/","url":"https:\/\/www.iemj.org\/wp-content\/uploads\/2021\/09\/Logo-IEMJ-Paypal.jpg","contentUrl":"https:\/\/www.iemj.org\/wp-content\/uploads\/2021\/09\/Logo-IEMJ-Paypal.jpg","width":150,"height":50,"caption":"Institut Europ\u00e9en des Musiques Juives"},"image":{"@id":"https:\/\/www.iemj.org\/de\/#\/schema\/logo\/image\/"},"sameAs":["https:\/\/www.facebook.com\/MusiquesJuives\/","https:\/\/www.instagram.com\/musiquesjuives\/","https:\/\/www.youtube.com\/user\/musiquesjuives"]},{"@type":"Person","@id":"https:\/\/www.iemj.org\/de\/#\/schema\/person\/358e26c18aca017fcc4cc15437f7279c","name":"Jacqueline ROTEN","image":{"@type":"ImageObject","inLanguage":"de","@id":"https:\/\/secure.gravatar.com\/avatar\/5964256d6c6957de3a3505278957e0fb2a35119ac47ea41827a65301213c810b?s=96&d=mm&r=g","url":"https:\/\/secure.gravatar.com\/avatar\/5964256d6c6957de3a3505278957e0fb2a35119ac47ea41827a65301213c810b?s=96&d=mm&r=g","contentUrl":"https:\/\/secure.gravatar.com\/avatar\/5964256d6c6957de3a3505278957e0fb2a35119ac47ea41827a65301213c810b?s=96&d=mm&r=g","caption":"Jacqueline ROTEN"}}]}},"_links":{"self":[{"href":"https:\/\/www.iemj.org\/de\/wp-json\/wp\/v2\/posts\/84228","targetHints":{"allow":["GET"]}}],"collection":[{"href":"https:\/\/www.iemj.org\/de\/wp-json\/wp\/v2\/posts"}],"about":[{"href":"https:\/\/www.iemj.org\/de\/wp-json\/wp\/v2\/types\/post"}],"author":[{"embeddable":true,"href":"https:\/\/www.iemj.org\/de\/wp-json\/wp\/v2\/users\/5"}],"replies":[{"embeddable":true,"href":"https:\/\/www.iemj.org\/de\/wp-json\/wp\/v2\/comments?post=84228"}],"version-history":[{"count":0,"href":"https:\/\/www.iemj.org\/de\/wp-json\/wp\/v2\/posts\/84228\/revisions"}],"wp:featuredmedia":[{"embeddable":true,"href":"https:\/\/www.iemj.org\/de\/wp-json\/wp\/v2\/media\/84293"}],"wp:attachment":[{"href":"https:\/\/www.iemj.org\/de\/wp-json\/wp\/v2\/media?parent=84228"}],"wp:term":[{"taxonomy":"category","embeddable":true,"href":"https:\/\/www.iemj.org\/de\/wp-json\/wp\/v2\/categories?post=84228"},{"taxonomy":"post_tag","embeddable":true,"href":"https:\/\/www.iemj.org\/de\/wp-json\/wp\/v2\/tags?post=84228"},{"taxonomy":"technique","embeddable":true,"href":"https:\/\/www.iemj.org\/de\/wp-json\/wp\/v2\/technique?post=84228"},{"taxonomy":"squelettes","embeddable":true,"href":"https:\/\/www.iemj.org\/de\/wp-json\/wp\/v2\/squelettes?post=84228"},{"taxonomy":"sujet","embeddable":true,"href":"https:\/\/www.iemj.org\/de\/wp-json\/wp\/v2\/sujet?post=84228"},{"taxonomy":"formation","embeddable":true,"href":"https:\/\/www.iemj.org\/de\/wp-json\/wp\/v2\/formation?post=84228"},{"taxonomy":"genre","embeddable":true,"href":"https:\/\/www.iemj.org\/de\/wp-json\/wp\/v2\/genre?post=84228"},{"taxonomy":"fonds","embeddable":true,"href":"https:\/\/www.iemj.org\/de\/wp-json\/wp\/v2\/fonds?post=84228"},{"taxonomy":"tradition","embeddable":true,"href":"https:\/\/www.iemj.org\/de\/wp-json\/wp\/v2\/tradition?post=84228"},{"taxonomy":"type-de-contenu","embeddable":true,"href":"https:\/\/www.iemj.org\/de\/wp-json\/wp\/v2\/type-de-contenu?post=84228"},{"taxonomy":"interprete-compositeur","embeddable":true,"href":"https:\/\/www.iemj.org\/de\/wp-json\/wp\/v2\/interprete-compositeur?post=84228"},{"taxonomy":"frise","embeddable":true,"href":"https:\/\/www.iemj.org\/de\/wp-json\/wp\/v2\/frise?post=84228"},{"taxonomy":"type-devenement","embeddable":true,"href":"https:\/\/www.iemj.org\/de\/wp-json\/wp\/v2\/type-devenement?post=84228"},{"taxonomy":"tableaux-liens-externes","embeddable":true,"href":"https:\/\/www.iemj.org\/de\/wp-json\/wp\/v2\/tableaux-liens-externes?post=84228"}],"curies":[{"name":"wp","href":"https:\/\/api.w.org\/{rel}","templated":true}]}}