{"id":84441,"date":"2022-05-19T10:55:25","date_gmt":"2022-05-19T08:55:25","guid":{"rendered":"https:\/\/www.iemj.org\/la-nouvelle-ecole-juive-de-st-petersbourg\/"},"modified":"2023-02-23T12:43:12","modified_gmt":"2023-02-23T11:43:12","slug":"la-nouvelle-ecole-juive-de-st-petersbourg","status":"publish","type":"post","link":"https:\/\/www.iemj.org\/de\/la-nouvelle-ecole-juive-de-st-petersbourg\/","title":{"rendered":"Konzert Die NEUE J\u00dcDISCHE SCHULE VON ST. PETERSBURG"},"content":{"rendered":"\n<p><\/p>\n\n\n<p>2016 hatten Sarah Iancu, Solocellistin des Orchestre National de Toulouse und David Bismuth, Klaviervirtuose, ihres erste Opus <strong><em>M\u00e9lodies h\u00e9bra\u00efques, volume 1 <\/em><\/strong><em>(hebr\u00e4ische Melodien, Band 1) <\/em>an den Archives nationales (<em>Nationalarchiven<\/em>) im Rahmen des Festivals der j\u00fcdischen Kulturen vorgestellt.<\/p>\n<p>Sechs Jahre sp\u00e4ter empf\u00e4ngt das Festival sie mit vieler Freude zur\u00fcck, damit sie ihr zweites Opus vorstellen, vom Institut Europ\u00e9en des Musiques Juives produziert und zum gro\u00dfen Teil der Komponisten aus der <strong>Neuen j\u00fcdischen Schule von St. Petersburg<\/strong> gewidmet.<\/p>\n<h2 style=\"text-align: center;\"><span style=\"color: #3c4b98;\"><strong>Donnerstag, dem 16. Juni 2022, 20:00<\/strong><\/span><\/h2>\n<h2 style=\"text-align: center;\"><span style=\"color: #3c4b98;\"><strong>Archives nationales \/ H\u00f4tel de Soubise<\/strong><\/span><\/h2>\n<p><\/p>\n<h2 class=\"paragraph\" style=\"text-align: center;\"><span style=\"color: #3c4b98;\"><em><strong><span class=\"normaltextrun\">VOM INSTITUT EUROP\u00c9EN DES MUSIQUES JUIVES,<\/span><\/strong><\/em><\/span><\/h2>\n<h2 class=\"paragraph\" style=\"text-align: center;\"><span style=\"color: #3c4b98;\"><em><strong><span class=\"normaltextrun\">DEN ARCHIVES NATIONALES UND DEM FSJU VORGESCHLAGT<\/span><\/strong><\/em><\/span><\/h2>\n<p><\/p>\n<p style=\"text-align: center;\"><strong style=\"font-size: revert; background-color: var(--bs-body-bg); color: var(--bs-body-color); font-family: var(--bs-body-font-family); text-align: var(--bs-body-text-align);\">Sarah Iancu<\/strong><span style=\"font-size: revert; background-color: var(--bs-body-bg); color: var(--bs-body-color); font-family: var(--bs-body-font-family); font-weight: var(--bs-body-font-weight); text-align: var(--bs-body-text-align);\">, Cello<\/span><\/p>\n<p style=\"text-align: center;\"><strong>David Bismuth<\/strong>, Klavier<\/p>\n<p>Sarah Iancu und David Bismuth laden euch zur Entdeckung von Komponisten wie Joel Engel, Alexander Krein, Lazare Saminski, Joachim Stoutchevski, Jacob Weinberg, Leo Zeitlin, die unter Einfluss von der russischen folkloristischen Bewegung um die 20. Jahrhundertwende, fingen an, jiddische Melodien und liturgische Lieder, die als Basis f\u00fcr ihre Kompositionen dienten, zu sammeln, aufzunehmen und zu transkribieren, um eine nationale j\u00fcdische Musik zu schaffen.<\/p>\n<p>Osteuropa war zu dieser Zeit ein Ort des Kunstexperiments, der sich vor allem in der jiddischen Literatur und im jiddischen Theater \u00e4u\u00dferte, wobei letzteres stark auf Lieder zur\u00fcckgriff, die schnell in das popul\u00e4re Repertoire einflossen.<\/p>\n<p>Diese jiddischen Lieder, die nach den Vereinigten Staaten importiert wurden, verursachten 1925 die Schaffung des Lieds <em>My yiddish Momme<\/em>&nbsp;von Jack Yellen, das ein weltweiter Hit wird.<\/p>\n<p>Diese Lieder, Meditationen, T\u00e4nze, Gebete, Psalmodien widerhallen von einer universellen Sch\u00f6nheit und sind f\u00fcr uns eine uferlose Inspirationsquelle.<\/p>\n<p><strong>Einheitstarif: 12 \u20ac<\/strong><\/p>\n<p><strong><a href=\"https:\/\/www.festivaldesculturesjuives.org\/billetterie\/\" target=\"_blank\" rel=\"noopener\">Online-Buchung<\/a><\/strong><\/p>\n\n\n<div class=\"wp-block-columns is-layout-flex wp-container-core-columns-is-layout-9d6595d7 wp-block-columns-is-layout-flex\">\n<div class=\"wp-block-column is-layout-flow wp-block-column-is-layout-flow\" style=\"flex-basis:100%\">\n<div class=\"wp-block-columns is-layout-flex wp-container-core-columns-is-layout-9d6595d7 wp-block-columns-is-layout-flex\">\n<div class=\"wp-block-column is-layout-flow wp-block-column-is-layout-flow\">\n<figure class=\"wp-block-image alignfull size-full\"><img decoding=\"async\" src=\"https:\/\/www.iemj.org\/wp-content\/uploads\/2022\/01\/Logo-IEMJ-horizontal-courrier-et-rapport-site-IEMJ-e1642590912187.jpg\" alt=\"\" class=\"wp-image-77967\"\/><\/figure>\n<\/div>\n\n\n\n<div class=\"wp-block-column is-layout-flow wp-block-column-is-layout-flow\">\n<figure class=\"wp-block-image alignfull size-full\"><img fetchpriority=\"high\" decoding=\"async\" width=\"420\" height=\"144\" src=\"https:\/\/www.iemj.org\/wp-content\/uploads\/2022\/05\/logo-Archives-nationales.jpg\" alt=\"\" class=\"wp-image-84356\" srcset=\"https:\/\/www.iemj.org\/wp-content\/uploads\/2022\/05\/logo-Archives-nationales.jpg 420w, https:\/\/www.iemj.org\/wp-content\/uploads\/2022\/05\/logo-Archives-nationales-300x103.jpg 300w\" sizes=\"(max-width: 420px) 100vw, 420px\" \/><\/figure>\n<\/div>\n\n\n\n<div class=\"wp-block-column is-layout-flow wp-block-column-is-layout-flow\"><div class=\"wp-block-image\">\n<figure class=\"aligncenter size-full\"><img decoding=\"async\" width=\"423\" height=\"112\" src=\"https:\/\/www.iemj.org\/wp-content\/uploads\/2022\/05\/LOGO_FESTIVAL-1.jpg\" alt=\"\" class=\"wp-image-84596\" srcset=\"https:\/\/www.iemj.org\/wp-content\/uploads\/2022\/05\/LOGO_FESTIVAL-1.jpg 423w, https:\/\/www.iemj.org\/wp-content\/uploads\/2022\/05\/LOGO_FESTIVAL-1-300x79.jpg 300w\" sizes=\"(max-width: 423px) 100vw, 423px\" \/><\/figure>\n<\/div><\/div>\n<\/div>\n<\/div>\n<\/div>\n\n\n\n<figure class=\"wp-block-embed is-type-video is-provider-youtube wp-block-embed-youtube wp-embed-aspect-16-9 wp-has-aspect-ratio\"><div class=\"wp-block-embed__wrapper\">\n<iframe title=\"CONCERT LA NOUVELLE \u00c9COLE JUIVE DE SAINT-P\u00c9TERSBOURG\" width=\"640\" height=\"360\" src=\"https:\/\/www.youtube.com\/embed\/M-yXM3A_m6I?feature=oembed\" frameborder=\"0\" allow=\"accelerometer; autoplay; clipboard-write; encrypted-media; gyroscope; picture-in-picture; web-share\" referrerpolicy=\"strict-origin-when-cross-origin\" allowfullscreen><\/iframe>\n<\/div><figcaption class=\"wp-element-caption\"><strong>Sehen Sie sich Videoausschnitte des Konzerts an<\/strong><\/figcaption><\/figure>\n","protected":false},"excerpt":{"rendered":"<p>2016 hatten Sarah Iancu, Solocellistin des Orchestre National de Toulouse und David Bismuth, Klaviervirtuose, ihres erste Opus M\u00e9lodies h\u00e9bra\u00efques, volume 1 (hebr\u00e4ische Melodien, Band 1) an den Archives nationales (Nationalarchiven)<\/p>\n","protected":false},"author":5,"featured_media":84969,"comment_status":"closed","ping_status":"open","sticky":false,"template":"","format":"standard","meta":{"_acf_changed":false,"footnotes":""},"categories":[1378,1370],"tags":[2225],"technique":[],"squelettes":[],"sujet":[],"formation":[],"genre":[],"fonds":[],"tradition":[],"type-de-contenu":[],"interprete-compositeur":[],"frise":[],"type-devenement":[],"tableaux-liens-externes":[],"class_list":["post-84441","post","type-post","status-publish","format-standard","has-post-thumbnail","hentry","category-konzerte-veranstaltungen-de","category-veranstaltungen-de","tag-veranstaltungen-iemj-de"],"acf":[],"yoast_head":"<!-- This site is optimized with the Yoast SEO plugin v27.3 - https:\/\/yoast.com\/product\/yoast-seo-wordpress\/ -->\n<title>Konzert Die NEUE J\u00dcDISCHE SCHULE VON ST. PETERSBURG - Institut Europ\u00e9en des Musiques Juives<\/title>\n<meta name=\"robots\" content=\"index, follow, max-snippet:-1, max-image-preview:large, max-video-preview:-1\" \/>\n<link rel=\"canonical\" href=\"https:\/\/www.iemj.org\/de\/la-nouvelle-ecole-juive-de-st-petersbourg\/\" \/>\n<meta property=\"og:locale\" content=\"de_DE\" \/>\n<meta property=\"og:type\" content=\"article\" \/>\n<meta property=\"og:title\" content=\"Konzert Die NEUE J\u00dcDISCHE SCHULE VON ST. PETERSBURG - Institut Europ\u00e9en des Musiques Juives\" \/>\n<meta property=\"og:description\" content=\"2016 hatten Sarah Iancu, Solocellistin des Orchestre National de Toulouse und David Bismuth, Klaviervirtuose, ihres erste Opus M\u00e9lodies h\u00e9bra\u00efques, volume 1 (hebr\u00e4ische Melodien, Band 1) an den Archives nationales (Nationalarchiven)\" \/>\n<meta property=\"og:url\" content=\"https:\/\/www.iemj.org\/de\/la-nouvelle-ecole-juive-de-st-petersbourg\/\" \/>\n<meta property=\"og:site_name\" content=\"Institut Europ\u00e9en des Musiques Juives\" \/>\n<meta property=\"article:publisher\" content=\"https:\/\/www.facebook.com\/MusiquesJuives\/\" \/>\n<meta property=\"article:published_time\" content=\"2022-05-19T08:55:25+00:00\" \/>\n<meta property=\"article:modified_time\" content=\"2023-02-23T11:43:12+00:00\" \/>\n<meta property=\"og:image\" content=\"https:\/\/www.iemj.org\/wp-content\/uploads\/2022\/05\/concert-ecole-st-petersb-1.jpeg\" \/>\n\t<meta property=\"og:image:width\" content=\"350\" \/>\n\t<meta property=\"og:image:height\" content=\"350\" \/>\n\t<meta property=\"og:image:type\" content=\"image\/jpeg\" \/>\n<meta name=\"author\" content=\"Jacqueline ROTEN\" \/>\n<meta name=\"twitter:card\" content=\"summary_large_image\" \/>\n<meta name=\"twitter:label1\" content=\"Verfasst von\" \/>\n\t<meta name=\"twitter:data1\" content=\"Jacqueline ROTEN\" \/>\n\t<meta name=\"twitter:label2\" content=\"Gesch\u00e4tzte Lesezeit\" \/>\n\t<meta name=\"twitter:data2\" content=\"2\u00a0Minuten\" \/>\n<script type=\"application\/ld+json\" class=\"yoast-schema-graph\">{\"@context\":\"https:\\\/\\\/schema.org\",\"@graph\":[{\"@type\":\"Article\",\"@id\":\"https:\\\/\\\/www.iemj.org\\\/de\\\/la-nouvelle-ecole-juive-de-st-petersbourg\\\/#article\",\"isPartOf\":{\"@id\":\"https:\\\/\\\/www.iemj.org\\\/de\\\/la-nouvelle-ecole-juive-de-st-petersbourg\\\/\"},\"author\":{\"name\":\"Jacqueline ROTEN\",\"@id\":\"https:\\\/\\\/www.iemj.org\\\/de\\\/#\\\/schema\\\/person\\\/358e26c18aca017fcc4cc15437f7279c\"},\"headline\":\"Konzert Die NEUE J\u00dcDISCHE SCHULE VON ST. PETERSBURG\",\"datePublished\":\"2022-05-19T08:55:25+00:00\",\"dateModified\":\"2023-02-23T11:43:12+00:00\",\"mainEntityOfPage\":{\"@id\":\"https:\\\/\\\/www.iemj.org\\\/de\\\/la-nouvelle-ecole-juive-de-st-petersbourg\\\/\"},\"wordCount\":289,\"publisher\":{\"@id\":\"https:\\\/\\\/www.iemj.org\\\/de\\\/#organization\"},\"image\":{\"@id\":\"https:\\\/\\\/www.iemj.org\\\/de\\\/la-nouvelle-ecole-juive-de-st-petersbourg\\\/#primaryimage\"},\"thumbnailUrl\":\"https:\\\/\\\/www.iemj.org\\\/wp-content\\\/uploads\\\/2022\\\/05\\\/concert-ecole-st-petersb-1.jpeg\",\"keywords\":[\"Veranstaltungen IEMJ\"],\"articleSection\":[\"Konzerte\",\"Veranstaltungen\"],\"inLanguage\":\"de\"},{\"@type\":\"WebPage\",\"@id\":\"https:\\\/\\\/www.iemj.org\\\/de\\\/la-nouvelle-ecole-juive-de-st-petersbourg\\\/\",\"url\":\"https:\\\/\\\/www.iemj.org\\\/de\\\/la-nouvelle-ecole-juive-de-st-petersbourg\\\/\",\"name\":\"Konzert Die NEUE J\u00dcDISCHE SCHULE VON ST. PETERSBURG - Institut Europ\u00e9en des Musiques Juives\",\"isPartOf\":{\"@id\":\"https:\\\/\\\/www.iemj.org\\\/de\\\/#website\"},\"primaryImageOfPage\":{\"@id\":\"https:\\\/\\\/www.iemj.org\\\/de\\\/la-nouvelle-ecole-juive-de-st-petersbourg\\\/#primaryimage\"},\"image\":{\"@id\":\"https:\\\/\\\/www.iemj.org\\\/de\\\/la-nouvelle-ecole-juive-de-st-petersbourg\\\/#primaryimage\"},\"thumbnailUrl\":\"https:\\\/\\\/www.iemj.org\\\/wp-content\\\/uploads\\\/2022\\\/05\\\/concert-ecole-st-petersb-1.jpeg\",\"datePublished\":\"2022-05-19T08:55:25+00:00\",\"dateModified\":\"2023-02-23T11:43:12+00:00\",\"breadcrumb\":{\"@id\":\"https:\\\/\\\/www.iemj.org\\\/de\\\/la-nouvelle-ecole-juive-de-st-petersbourg\\\/#breadcrumb\"},\"inLanguage\":\"de\",\"potentialAction\":[{\"@type\":\"ReadAction\",\"target\":[\"https:\\\/\\\/www.iemj.org\\\/de\\\/la-nouvelle-ecole-juive-de-st-petersbourg\\\/\"]}]},{\"@type\":\"ImageObject\",\"inLanguage\":\"de\",\"@id\":\"https:\\\/\\\/www.iemj.org\\\/de\\\/la-nouvelle-ecole-juive-de-st-petersbourg\\\/#primaryimage\",\"url\":\"https:\\\/\\\/www.iemj.org\\\/wp-content\\\/uploads\\\/2022\\\/05\\\/concert-ecole-st-petersb-1.jpeg\",\"contentUrl\":\"https:\\\/\\\/www.iemj.org\\\/wp-content\\\/uploads\\\/2022\\\/05\\\/concert-ecole-st-petersb-1.jpeg\",\"width\":350,\"height\":350},{\"@type\":\"BreadcrumbList\",\"@id\":\"https:\\\/\\\/www.iemj.org\\\/de\\\/la-nouvelle-ecole-juive-de-st-petersbourg\\\/#breadcrumb\",\"itemListElement\":[{\"@type\":\"ListItem\",\"position\":1,\"name\":\"Accueil\",\"item\":\"https:\\\/\\\/www.iemj.org\\\/de\\\/\"},{\"@type\":\"ListItem\",\"position\":2,\"name\":\"Konzert Die NEUE J\u00dcDISCHE SCHULE VON ST. PETERSBURG\"}]},{\"@type\":\"WebSite\",\"@id\":\"https:\\\/\\\/www.iemj.org\\\/de\\\/#website\",\"url\":\"https:\\\/\\\/www.iemj.org\\\/de\\\/\",\"name\":\"Institut Europ\u00e9en des Musiques Juives\",\"description\":\"Des traditions musicales \u00e0 la port\u00e9e de tous\",\"publisher\":{\"@id\":\"https:\\\/\\\/www.iemj.org\\\/de\\\/#organization\"},\"potentialAction\":[{\"@type\":\"SearchAction\",\"target\":{\"@type\":\"EntryPoint\",\"urlTemplate\":\"https:\\\/\\\/www.iemj.org\\\/de\\\/?s={search_term_string}\"},\"query-input\":{\"@type\":\"PropertyValueSpecification\",\"valueRequired\":true,\"valueName\":\"search_term_string\"}}],\"inLanguage\":\"de\"},{\"@type\":\"Organization\",\"@id\":\"https:\\\/\\\/www.iemj.org\\\/de\\\/#organization\",\"name\":\"Institut Europ\u00e9en des Musiques Juives\",\"url\":\"https:\\\/\\\/www.iemj.org\\\/de\\\/\",\"logo\":{\"@type\":\"ImageObject\",\"inLanguage\":\"de\",\"@id\":\"https:\\\/\\\/www.iemj.org\\\/de\\\/#\\\/schema\\\/logo\\\/image\\\/\",\"url\":\"https:\\\/\\\/www.iemj.org\\\/wp-content\\\/uploads\\\/2021\\\/09\\\/Logo-IEMJ-Paypal.jpg\",\"contentUrl\":\"https:\\\/\\\/www.iemj.org\\\/wp-content\\\/uploads\\\/2021\\\/09\\\/Logo-IEMJ-Paypal.jpg\",\"width\":150,\"height\":50,\"caption\":\"Institut Europ\u00e9en des Musiques Juives\"},\"image\":{\"@id\":\"https:\\\/\\\/www.iemj.org\\\/de\\\/#\\\/schema\\\/logo\\\/image\\\/\"},\"sameAs\":[\"https:\\\/\\\/www.facebook.com\\\/MusiquesJuives\\\/\",\"https:\\\/\\\/www.instagram.com\\\/musiquesjuives\\\/\",\"https:\\\/\\\/www.youtube.com\\\/user\\\/musiquesjuives\"]},{\"@type\":\"Person\",\"@id\":\"https:\\\/\\\/www.iemj.org\\\/de\\\/#\\\/schema\\\/person\\\/358e26c18aca017fcc4cc15437f7279c\",\"name\":\"Jacqueline ROTEN\",\"image\":{\"@type\":\"ImageObject\",\"inLanguage\":\"de\",\"@id\":\"https:\\\/\\\/secure.gravatar.com\\\/avatar\\\/5964256d6c6957de3a3505278957e0fb2a35119ac47ea41827a65301213c810b?s=96&d=mm&r=g\",\"url\":\"https:\\\/\\\/secure.gravatar.com\\\/avatar\\\/5964256d6c6957de3a3505278957e0fb2a35119ac47ea41827a65301213c810b?s=96&d=mm&r=g\",\"contentUrl\":\"https:\\\/\\\/secure.gravatar.com\\\/avatar\\\/5964256d6c6957de3a3505278957e0fb2a35119ac47ea41827a65301213c810b?s=96&d=mm&r=g\",\"caption\":\"Jacqueline ROTEN\"}}]}<\/script>\n<!-- \/ Yoast SEO plugin. -->","yoast_head_json":{"title":"Konzert Die NEUE J\u00dcDISCHE SCHULE VON ST. PETERSBURG - Institut Europ\u00e9en des Musiques Juives","robots":{"index":"index","follow":"follow","max-snippet":"max-snippet:-1","max-image-preview":"max-image-preview:large","max-video-preview":"max-video-preview:-1"},"canonical":"https:\/\/www.iemj.org\/de\/la-nouvelle-ecole-juive-de-st-petersbourg\/","og_locale":"de_DE","og_type":"article","og_title":"Konzert Die NEUE J\u00dcDISCHE SCHULE VON ST. PETERSBURG - Institut Europ\u00e9en des Musiques Juives","og_description":"2016 hatten Sarah Iancu, Solocellistin des Orchestre National de Toulouse und David Bismuth, Klaviervirtuose, ihres erste Opus M\u00e9lodies h\u00e9bra\u00efques, volume 1 (hebr\u00e4ische Melodien, Band 1) an den Archives nationales (Nationalarchiven)","og_url":"https:\/\/www.iemj.org\/de\/la-nouvelle-ecole-juive-de-st-petersbourg\/","og_site_name":"Institut Europ\u00e9en des Musiques Juives","article_publisher":"https:\/\/www.facebook.com\/MusiquesJuives\/","article_published_time":"2022-05-19T08:55:25+00:00","article_modified_time":"2023-02-23T11:43:12+00:00","og_image":[{"width":350,"height":350,"url":"https:\/\/www.iemj.org\/wp-content\/uploads\/2022\/05\/concert-ecole-st-petersb-1.jpeg","type":"image\/jpeg"}],"author":"Jacqueline ROTEN","twitter_card":"summary_large_image","twitter_misc":{"Verfasst von":"Jacqueline ROTEN","Gesch\u00e4tzte Lesezeit":"2\u00a0Minuten"},"schema":{"@context":"https:\/\/schema.org","@graph":[{"@type":"Article","@id":"https:\/\/www.iemj.org\/de\/la-nouvelle-ecole-juive-de-st-petersbourg\/#article","isPartOf":{"@id":"https:\/\/www.iemj.org\/de\/la-nouvelle-ecole-juive-de-st-petersbourg\/"},"author":{"name":"Jacqueline ROTEN","@id":"https:\/\/www.iemj.org\/de\/#\/schema\/person\/358e26c18aca017fcc4cc15437f7279c"},"headline":"Konzert Die NEUE J\u00dcDISCHE SCHULE VON ST. PETERSBURG","datePublished":"2022-05-19T08:55:25+00:00","dateModified":"2023-02-23T11:43:12+00:00","mainEntityOfPage":{"@id":"https:\/\/www.iemj.org\/de\/la-nouvelle-ecole-juive-de-st-petersbourg\/"},"wordCount":289,"publisher":{"@id":"https:\/\/www.iemj.org\/de\/#organization"},"image":{"@id":"https:\/\/www.iemj.org\/de\/la-nouvelle-ecole-juive-de-st-petersbourg\/#primaryimage"},"thumbnailUrl":"https:\/\/www.iemj.org\/wp-content\/uploads\/2022\/05\/concert-ecole-st-petersb-1.jpeg","keywords":["Veranstaltungen IEMJ"],"articleSection":["Konzerte","Veranstaltungen"],"inLanguage":"de"},{"@type":"WebPage","@id":"https:\/\/www.iemj.org\/de\/la-nouvelle-ecole-juive-de-st-petersbourg\/","url":"https:\/\/www.iemj.org\/de\/la-nouvelle-ecole-juive-de-st-petersbourg\/","name":"Konzert Die NEUE J\u00dcDISCHE SCHULE VON ST. PETERSBURG - Institut Europ\u00e9en des Musiques Juives","isPartOf":{"@id":"https:\/\/www.iemj.org\/de\/#website"},"primaryImageOfPage":{"@id":"https:\/\/www.iemj.org\/de\/la-nouvelle-ecole-juive-de-st-petersbourg\/#primaryimage"},"image":{"@id":"https:\/\/www.iemj.org\/de\/la-nouvelle-ecole-juive-de-st-petersbourg\/#primaryimage"},"thumbnailUrl":"https:\/\/www.iemj.org\/wp-content\/uploads\/2022\/05\/concert-ecole-st-petersb-1.jpeg","datePublished":"2022-05-19T08:55:25+00:00","dateModified":"2023-02-23T11:43:12+00:00","breadcrumb":{"@id":"https:\/\/www.iemj.org\/de\/la-nouvelle-ecole-juive-de-st-petersbourg\/#breadcrumb"},"inLanguage":"de","potentialAction":[{"@type":"ReadAction","target":["https:\/\/www.iemj.org\/de\/la-nouvelle-ecole-juive-de-st-petersbourg\/"]}]},{"@type":"ImageObject","inLanguage":"de","@id":"https:\/\/www.iemj.org\/de\/la-nouvelle-ecole-juive-de-st-petersbourg\/#primaryimage","url":"https:\/\/www.iemj.org\/wp-content\/uploads\/2022\/05\/concert-ecole-st-petersb-1.jpeg","contentUrl":"https:\/\/www.iemj.org\/wp-content\/uploads\/2022\/05\/concert-ecole-st-petersb-1.jpeg","width":350,"height":350},{"@type":"BreadcrumbList","@id":"https:\/\/www.iemj.org\/de\/la-nouvelle-ecole-juive-de-st-petersbourg\/#breadcrumb","itemListElement":[{"@type":"ListItem","position":1,"name":"Accueil","item":"https:\/\/www.iemj.org\/de\/"},{"@type":"ListItem","position":2,"name":"Konzert Die NEUE J\u00dcDISCHE SCHULE VON ST. PETERSBURG"}]},{"@type":"WebSite","@id":"https:\/\/www.iemj.org\/de\/#website","url":"https:\/\/www.iemj.org\/de\/","name":"Institut Europ\u00e9en des Musiques Juives","description":"Des traditions musicales \u00e0 la port\u00e9e de tous","publisher":{"@id":"https:\/\/www.iemj.org\/de\/#organization"},"potentialAction":[{"@type":"SearchAction","target":{"@type":"EntryPoint","urlTemplate":"https:\/\/www.iemj.org\/de\/?s={search_term_string}"},"query-input":{"@type":"PropertyValueSpecification","valueRequired":true,"valueName":"search_term_string"}}],"inLanguage":"de"},{"@type":"Organization","@id":"https:\/\/www.iemj.org\/de\/#organization","name":"Institut Europ\u00e9en des Musiques Juives","url":"https:\/\/www.iemj.org\/de\/","logo":{"@type":"ImageObject","inLanguage":"de","@id":"https:\/\/www.iemj.org\/de\/#\/schema\/logo\/image\/","url":"https:\/\/www.iemj.org\/wp-content\/uploads\/2021\/09\/Logo-IEMJ-Paypal.jpg","contentUrl":"https:\/\/www.iemj.org\/wp-content\/uploads\/2021\/09\/Logo-IEMJ-Paypal.jpg","width":150,"height":50,"caption":"Institut Europ\u00e9en des Musiques Juives"},"image":{"@id":"https:\/\/www.iemj.org\/de\/#\/schema\/logo\/image\/"},"sameAs":["https:\/\/www.facebook.com\/MusiquesJuives\/","https:\/\/www.instagram.com\/musiquesjuives\/","https:\/\/www.youtube.com\/user\/musiquesjuives"]},{"@type":"Person","@id":"https:\/\/www.iemj.org\/de\/#\/schema\/person\/358e26c18aca017fcc4cc15437f7279c","name":"Jacqueline ROTEN","image":{"@type":"ImageObject","inLanguage":"de","@id":"https:\/\/secure.gravatar.com\/avatar\/5964256d6c6957de3a3505278957e0fb2a35119ac47ea41827a65301213c810b?s=96&d=mm&r=g","url":"https:\/\/secure.gravatar.com\/avatar\/5964256d6c6957de3a3505278957e0fb2a35119ac47ea41827a65301213c810b?s=96&d=mm&r=g","contentUrl":"https:\/\/secure.gravatar.com\/avatar\/5964256d6c6957de3a3505278957e0fb2a35119ac47ea41827a65301213c810b?s=96&d=mm&r=g","caption":"Jacqueline ROTEN"}}]}},"_links":{"self":[{"href":"https:\/\/www.iemj.org\/de\/wp-json\/wp\/v2\/posts\/84441","targetHints":{"allow":["GET"]}}],"collection":[{"href":"https:\/\/www.iemj.org\/de\/wp-json\/wp\/v2\/posts"}],"about":[{"href":"https:\/\/www.iemj.org\/de\/wp-json\/wp\/v2\/types\/post"}],"author":[{"embeddable":true,"href":"https:\/\/www.iemj.org\/de\/wp-json\/wp\/v2\/users\/5"}],"replies":[{"embeddable":true,"href":"https:\/\/www.iemj.org\/de\/wp-json\/wp\/v2\/comments?post=84441"}],"version-history":[{"count":0,"href":"https:\/\/www.iemj.org\/de\/wp-json\/wp\/v2\/posts\/84441\/revisions"}],"wp:featuredmedia":[{"embeddable":true,"href":"https:\/\/www.iemj.org\/de\/wp-json\/wp\/v2\/media\/84969"}],"wp:attachment":[{"href":"https:\/\/www.iemj.org\/de\/wp-json\/wp\/v2\/media?parent=84441"}],"wp:term":[{"taxonomy":"category","embeddable":true,"href":"https:\/\/www.iemj.org\/de\/wp-json\/wp\/v2\/categories?post=84441"},{"taxonomy":"post_tag","embeddable":true,"href":"https:\/\/www.iemj.org\/de\/wp-json\/wp\/v2\/tags?post=84441"},{"taxonomy":"technique","embeddable":true,"href":"https:\/\/www.iemj.org\/de\/wp-json\/wp\/v2\/technique?post=84441"},{"taxonomy":"squelettes","embeddable":true,"href":"https:\/\/www.iemj.org\/de\/wp-json\/wp\/v2\/squelettes?post=84441"},{"taxonomy":"sujet","embeddable":true,"href":"https:\/\/www.iemj.org\/de\/wp-json\/wp\/v2\/sujet?post=84441"},{"taxonomy":"formation","embeddable":true,"href":"https:\/\/www.iemj.org\/de\/wp-json\/wp\/v2\/formation?post=84441"},{"taxonomy":"genre","embeddable":true,"href":"https:\/\/www.iemj.org\/de\/wp-json\/wp\/v2\/genre?post=84441"},{"taxonomy":"fonds","embeddable":true,"href":"https:\/\/www.iemj.org\/de\/wp-json\/wp\/v2\/fonds?post=84441"},{"taxonomy":"tradition","embeddable":true,"href":"https:\/\/www.iemj.org\/de\/wp-json\/wp\/v2\/tradition?post=84441"},{"taxonomy":"type-de-contenu","embeddable":true,"href":"https:\/\/www.iemj.org\/de\/wp-json\/wp\/v2\/type-de-contenu?post=84441"},{"taxonomy":"interprete-compositeur","embeddable":true,"href":"https:\/\/www.iemj.org\/de\/wp-json\/wp\/v2\/interprete-compositeur?post=84441"},{"taxonomy":"frise","embeddable":true,"href":"https:\/\/www.iemj.org\/de\/wp-json\/wp\/v2\/frise?post=84441"},{"taxonomy":"type-devenement","embeddable":true,"href":"https:\/\/www.iemj.org\/de\/wp-json\/wp\/v2\/type-devenement?post=84441"},{"taxonomy":"tableaux-liens-externes","embeddable":true,"href":"https:\/\/www.iemj.org\/de\/wp-json\/wp\/v2\/tableaux-liens-externes?post=84441"}],"curies":[{"name":"wp","href":"https:\/\/api.w.org\/{rel}","templated":true}]}}