{"id":84463,"date":"2022-05-19T12:02:47","date_gmt":"2022-05-19T10:02:47","guid":{"rendered":"https:\/\/www.iemj.org\/meimoun-francois-1979\/"},"modified":"2022-05-23T11:59:53","modified_gmt":"2022-05-23T09:59:53","slug":"meimoun-francois-1979","status":"publish","type":"post","link":"https:\/\/www.iemj.org\/de\/meimoun-francois-1979\/","title":{"rendered":"Me\u00efmoun, Fran\u00e7ois (1979)"},"content":{"rendered":"<p>Fran\u00e7ois Me\u00efmoun wurde 1979 geboren. Er hat am Conservatoire national sup\u00e9rieur de Musique et de Danse von Paris (CNSMDP) mit Micha\u00ebl Levinas, an der Universit\u00e4t Sorbonne-Paris IV und an der \u00c9cole des Hautes \u00c9tudes studiert, wo er eine Doktorarbeit von Musikwissenschaft \u00fcber <em>Die Sprachkonstruktion von Pierre Boulez <\/em><em>(1942-1948) <\/em>best\u00e4tigte<em>. <\/em>Seit 2017 unterrichtet er die Musikanalyse am CNSMDP, und ist auch Leiter der Sammlung \u201eMusiken XX-XXI. Jahrhunderte\u201c im Verlag Aedam Musicae.<\/p>\n<p>Fran\u00e7ois Me\u00efmoun ist Preistr\u00e4ger mehrerer glanzvollen Preise f\u00fcr Komposition (Grand Prix der Sinfoniemusik, Preis Nadia et Lili Boulanger, Acad\u00e9mie des Beaux-Arts) und der Autor von etwa vierzig Instrumental- und Vokalwerken, vor allem vom Quartett Ardeo, Quartett Arditti, Quartett Tan, Quartett Voce, Orchestre Philarmonique de Radio France, den Percussions de Strasbourg sowie zahlreichen Solisten interpretiert, unter denen Alain Billard, \u00c9lise Chauvin, Marc Coppey, Christophe Desjardins, Chen Halevi, Garth Knox, Marie Kobayashi, Olivier Patey, H\u00e9l\u00e8ne Tysman, Marie Vermeulin, S\u00e9bastien Vichard und Vanessa Wagner. Er wird regelm\u00e4\u00dfig auf zahlreichen Festivals zu sehen, wie z. B. in Aix-en-Provence, Chaillol, Musica Strasbourg, ManiFeste, Musiques sur Ciel, Les Musiques de Marseille, Les Musicales de Colmar, Zeitkunst in Berlin und Belo Horizonte in Brasil.<\/p>\n<p>Eine gewisse Anzahl seiner Werke geh\u00f6ren zur j\u00fcdischen Tradition, aus der er stammt, wie <em>Tsimtsoum (Tzimtzum) <\/em>f\u00fcr Streichquintett (2015), <em>P\u00e9r\u00e8k Chira (Perek Shirah)<\/em> f\u00fcr Streichquartett mit Klavier (2015), <em>Hora<\/em> f\u00fcr zwei Klaviere (2017), <em>La danse de David (der Tanz Davids)<\/em> f\u00fcr Cello (2019), <em>Terouah \u2013 Psaume 150 (Teruah \u2013 Psalm 150)<\/em> f\u00fcr Orgel (2022) \u2026 Sein <strong><a href=\"https:\/\/www.iemj.org\/de\/francois-meimoun-kaddish-pour-mezzo-quatuor-a-cordes\/\" target=\"_blank\" rel=\"noopener\"><em>Kaddisch<\/em> f\u00fcr Mezzosopran und Streichquartett (2016)<\/a><\/strong> ist das Ergebnis eines Auftrages der ULIF-Copernic-Synagoge (Paris), die es am 13. November 2016 im Rahmen eines Konzerts zum Gedenken an alle Opfer des Terrorismus urauff\u00fchrte.<\/p>\n\n\n<p><\/p>\n","protected":false},"excerpt":{"rendered":"<p>Fran\u00e7ois Me\u00efmoun wurde 1979 geboren. Er hat am Conservatoire national sup\u00e9rieur de Musique et de Danse von Paris (CNSMDP) mit Micha\u00ebl Levinas, an der Universit\u00e4t Sorbonne-Paris IV und an der<\/p>\n","protected":false},"author":5,"featured_media":84342,"comment_status":"closed","ping_status":"closed","sticky":false,"template":"","format":"standard","meta":{"_acf_changed":false,"footnotes":""},"categories":[1415],"tags":[],"technique":[],"squelettes":[],"sujet":[],"formation":[],"genre":[],"fonds":[],"tradition":[],"type-de-contenu":[],"interprete-compositeur":[],"frise":[],"type-devenement":[],"tableaux-liens-externes":[],"class_list":["post-84463","post","type-post","status-publish","format-standard","has-post-thumbnail","hentry","category-biografien-de"],"acf":[],"yoast_head":"<!-- This site is optimized with the Yoast SEO plugin v27.3 - https:\/\/yoast.com\/product\/yoast-seo-wordpress\/ -->\n<title>Me\u00efmoun, Fran\u00e7ois (1979) - Institut Europ\u00e9en des Musiques Juives<\/title>\n<meta name=\"robots\" content=\"index, follow, max-snippet:-1, max-image-preview:large, max-video-preview:-1\" \/>\n<link rel=\"canonical\" href=\"https:\/\/www.iemj.org\/de\/meimoun-francois-1979\/\" \/>\n<meta property=\"og:locale\" content=\"de_DE\" \/>\n<meta property=\"og:type\" content=\"article\" \/>\n<meta property=\"og:title\" content=\"Me\u00efmoun, Fran\u00e7ois (1979) - Institut Europ\u00e9en des Musiques Juives\" \/>\n<meta property=\"og:description\" content=\"Fran\u00e7ois Me\u00efmoun wurde 1979 geboren. Er hat am Conservatoire national sup\u00e9rieur de Musique et de Danse von Paris (CNSMDP) mit Micha\u00ebl Levinas, an der Universit\u00e4t Sorbonne-Paris IV und an der\" \/>\n<meta property=\"og:url\" content=\"https:\/\/www.iemj.org\/de\/meimoun-francois-1979\/\" \/>\n<meta property=\"og:site_name\" content=\"Institut Europ\u00e9en des Musiques Juives\" \/>\n<meta property=\"article:publisher\" content=\"https:\/\/www.facebook.com\/MusiquesJuives\/\" \/>\n<meta property=\"article:published_time\" content=\"2022-05-19T10:02:47+00:00\" \/>\n<meta property=\"article:modified_time\" content=\"2022-05-23T09:59:53+00:00\" \/>\n<meta property=\"og:image\" content=\"https:\/\/www.iemj.org\/wp-content\/uploads\/2022\/05\/Photo-F-Meimoun_Vignette-boutique-e1653299752494.jpg\" \/>\n\t<meta property=\"og:image:width\" content=\"214\" \/>\n\t<meta property=\"og:image:height\" content=\"218\" \/>\n\t<meta property=\"og:image:type\" content=\"image\/jpeg\" \/>\n<meta name=\"author\" content=\"Jacqueline ROTEN\" \/>\n<meta name=\"twitter:card\" content=\"summary_large_image\" \/>\n<meta name=\"twitter:label1\" content=\"Verfasst von\" \/>\n\t<meta name=\"twitter:data1\" content=\"Jacqueline ROTEN\" \/>\n\t<meta name=\"twitter:label2\" content=\"Gesch\u00e4tzte Lesezeit\" \/>\n\t<meta name=\"twitter:data2\" content=\"2\u00a0Minuten\" \/>\n<script type=\"application\/ld+json\" class=\"yoast-schema-graph\">{\"@context\":\"https:\\\/\\\/schema.org\",\"@graph\":[{\"@type\":\"Article\",\"@id\":\"https:\\\/\\\/www.iemj.org\\\/de\\\/meimoun-francois-1979\\\/#article\",\"isPartOf\":{\"@id\":\"https:\\\/\\\/www.iemj.org\\\/de\\\/meimoun-francois-1979\\\/\"},\"author\":{\"name\":\"Jacqueline ROTEN\",\"@id\":\"https:\\\/\\\/www.iemj.org\\\/de\\\/#\\\/schema\\\/person\\\/358e26c18aca017fcc4cc15437f7279c\"},\"headline\":\"Me\u00efmoun, Fran\u00e7ois (1979)\",\"datePublished\":\"2022-05-19T10:02:47+00:00\",\"dateModified\":\"2022-05-23T09:59:53+00:00\",\"mainEntityOfPage\":{\"@id\":\"https:\\\/\\\/www.iemj.org\\\/de\\\/meimoun-francois-1979\\\/\"},\"wordCount\":290,\"publisher\":{\"@id\":\"https:\\\/\\\/www.iemj.org\\\/de\\\/#organization\"},\"image\":{\"@id\":\"https:\\\/\\\/www.iemj.org\\\/de\\\/meimoun-francois-1979\\\/#primaryimage\"},\"thumbnailUrl\":\"https:\\\/\\\/www.iemj.org\\\/wp-content\\\/uploads\\\/2022\\\/05\\\/Photo-F-Meimoun_Vignette-boutique-e1653299752494.jpg\",\"articleSection\":[\"Biografien\"],\"inLanguage\":\"de\"},{\"@type\":\"WebPage\",\"@id\":\"https:\\\/\\\/www.iemj.org\\\/de\\\/meimoun-francois-1979\\\/\",\"url\":\"https:\\\/\\\/www.iemj.org\\\/de\\\/meimoun-francois-1979\\\/\",\"name\":\"Me\u00efmoun, Fran\u00e7ois (1979) - Institut Europ\u00e9en des Musiques Juives\",\"isPartOf\":{\"@id\":\"https:\\\/\\\/www.iemj.org\\\/de\\\/#website\"},\"primaryImageOfPage\":{\"@id\":\"https:\\\/\\\/www.iemj.org\\\/de\\\/meimoun-francois-1979\\\/#primaryimage\"},\"image\":{\"@id\":\"https:\\\/\\\/www.iemj.org\\\/de\\\/meimoun-francois-1979\\\/#primaryimage\"},\"thumbnailUrl\":\"https:\\\/\\\/www.iemj.org\\\/wp-content\\\/uploads\\\/2022\\\/05\\\/Photo-F-Meimoun_Vignette-boutique-e1653299752494.jpg\",\"datePublished\":\"2022-05-19T10:02:47+00:00\",\"dateModified\":\"2022-05-23T09:59:53+00:00\",\"breadcrumb\":{\"@id\":\"https:\\\/\\\/www.iemj.org\\\/de\\\/meimoun-francois-1979\\\/#breadcrumb\"},\"inLanguage\":\"de\",\"potentialAction\":[{\"@type\":\"ReadAction\",\"target\":[\"https:\\\/\\\/www.iemj.org\\\/de\\\/meimoun-francois-1979\\\/\"]}]},{\"@type\":\"ImageObject\",\"inLanguage\":\"de\",\"@id\":\"https:\\\/\\\/www.iemj.org\\\/de\\\/meimoun-francois-1979\\\/#primaryimage\",\"url\":\"https:\\\/\\\/www.iemj.org\\\/wp-content\\\/uploads\\\/2022\\\/05\\\/Photo-F-Meimoun_Vignette-boutique-e1653299752494.jpg\",\"contentUrl\":\"https:\\\/\\\/www.iemj.org\\\/wp-content\\\/uploads\\\/2022\\\/05\\\/Photo-F-Meimoun_Vignette-boutique-e1653299752494.jpg\",\"width\":214,\"height\":218},{\"@type\":\"BreadcrumbList\",\"@id\":\"https:\\\/\\\/www.iemj.org\\\/de\\\/meimoun-francois-1979\\\/#breadcrumb\",\"itemListElement\":[{\"@type\":\"ListItem\",\"position\":1,\"name\":\"Accueil\",\"item\":\"https:\\\/\\\/www.iemj.org\\\/de\\\/\"},{\"@type\":\"ListItem\",\"position\":2,\"name\":\"Me\u00efmoun, Fran\u00e7ois (1979)\"}]},{\"@type\":\"WebSite\",\"@id\":\"https:\\\/\\\/www.iemj.org\\\/de\\\/#website\",\"url\":\"https:\\\/\\\/www.iemj.org\\\/de\\\/\",\"name\":\"Institut Europ\u00e9en des Musiques Juives\",\"description\":\"Des traditions musicales \u00e0 la port\u00e9e de tous\",\"publisher\":{\"@id\":\"https:\\\/\\\/www.iemj.org\\\/de\\\/#organization\"},\"potentialAction\":[{\"@type\":\"SearchAction\",\"target\":{\"@type\":\"EntryPoint\",\"urlTemplate\":\"https:\\\/\\\/www.iemj.org\\\/de\\\/?s={search_term_string}\"},\"query-input\":{\"@type\":\"PropertyValueSpecification\",\"valueRequired\":true,\"valueName\":\"search_term_string\"}}],\"inLanguage\":\"de\"},{\"@type\":\"Organization\",\"@id\":\"https:\\\/\\\/www.iemj.org\\\/de\\\/#organization\",\"name\":\"Institut Europ\u00e9en des Musiques Juives\",\"url\":\"https:\\\/\\\/www.iemj.org\\\/de\\\/\",\"logo\":{\"@type\":\"ImageObject\",\"inLanguage\":\"de\",\"@id\":\"https:\\\/\\\/www.iemj.org\\\/de\\\/#\\\/schema\\\/logo\\\/image\\\/\",\"url\":\"https:\\\/\\\/www.iemj.org\\\/wp-content\\\/uploads\\\/2021\\\/09\\\/Logo-IEMJ-Paypal.jpg\",\"contentUrl\":\"https:\\\/\\\/www.iemj.org\\\/wp-content\\\/uploads\\\/2021\\\/09\\\/Logo-IEMJ-Paypal.jpg\",\"width\":150,\"height\":50,\"caption\":\"Institut Europ\u00e9en des Musiques Juives\"},\"image\":{\"@id\":\"https:\\\/\\\/www.iemj.org\\\/de\\\/#\\\/schema\\\/logo\\\/image\\\/\"},\"sameAs\":[\"https:\\\/\\\/www.facebook.com\\\/MusiquesJuives\\\/\",\"https:\\\/\\\/www.instagram.com\\\/musiquesjuives\\\/\",\"https:\\\/\\\/www.youtube.com\\\/user\\\/musiquesjuives\"]},{\"@type\":\"Person\",\"@id\":\"https:\\\/\\\/www.iemj.org\\\/de\\\/#\\\/schema\\\/person\\\/358e26c18aca017fcc4cc15437f7279c\",\"name\":\"Jacqueline ROTEN\",\"image\":{\"@type\":\"ImageObject\",\"inLanguage\":\"de\",\"@id\":\"https:\\\/\\\/secure.gravatar.com\\\/avatar\\\/5964256d6c6957de3a3505278957e0fb2a35119ac47ea41827a65301213c810b?s=96&d=mm&r=g\",\"url\":\"https:\\\/\\\/secure.gravatar.com\\\/avatar\\\/5964256d6c6957de3a3505278957e0fb2a35119ac47ea41827a65301213c810b?s=96&d=mm&r=g\",\"contentUrl\":\"https:\\\/\\\/secure.gravatar.com\\\/avatar\\\/5964256d6c6957de3a3505278957e0fb2a35119ac47ea41827a65301213c810b?s=96&d=mm&r=g\",\"caption\":\"Jacqueline ROTEN\"}}]}<\/script>\n<!-- \/ Yoast SEO plugin. -->","yoast_head_json":{"title":"Me\u00efmoun, Fran\u00e7ois (1979) - Institut Europ\u00e9en des Musiques Juives","robots":{"index":"index","follow":"follow","max-snippet":"max-snippet:-1","max-image-preview":"max-image-preview:large","max-video-preview":"max-video-preview:-1"},"canonical":"https:\/\/www.iemj.org\/de\/meimoun-francois-1979\/","og_locale":"de_DE","og_type":"article","og_title":"Me\u00efmoun, Fran\u00e7ois (1979) - Institut Europ\u00e9en des Musiques Juives","og_description":"Fran\u00e7ois Me\u00efmoun wurde 1979 geboren. Er hat am Conservatoire national sup\u00e9rieur de Musique et de Danse von Paris (CNSMDP) mit Micha\u00ebl Levinas, an der Universit\u00e4t Sorbonne-Paris IV und an der","og_url":"https:\/\/www.iemj.org\/de\/meimoun-francois-1979\/","og_site_name":"Institut Europ\u00e9en des Musiques Juives","article_publisher":"https:\/\/www.facebook.com\/MusiquesJuives\/","article_published_time":"2022-05-19T10:02:47+00:00","article_modified_time":"2022-05-23T09:59:53+00:00","og_image":[{"width":214,"height":218,"url":"https:\/\/www.iemj.org\/wp-content\/uploads\/2022\/05\/Photo-F-Meimoun_Vignette-boutique-e1653299752494.jpg","type":"image\/jpeg"}],"author":"Jacqueline ROTEN","twitter_card":"summary_large_image","twitter_misc":{"Verfasst von":"Jacqueline ROTEN","Gesch\u00e4tzte Lesezeit":"2\u00a0Minuten"},"schema":{"@context":"https:\/\/schema.org","@graph":[{"@type":"Article","@id":"https:\/\/www.iemj.org\/de\/meimoun-francois-1979\/#article","isPartOf":{"@id":"https:\/\/www.iemj.org\/de\/meimoun-francois-1979\/"},"author":{"name":"Jacqueline ROTEN","@id":"https:\/\/www.iemj.org\/de\/#\/schema\/person\/358e26c18aca017fcc4cc15437f7279c"},"headline":"Me\u00efmoun, Fran\u00e7ois (1979)","datePublished":"2022-05-19T10:02:47+00:00","dateModified":"2022-05-23T09:59:53+00:00","mainEntityOfPage":{"@id":"https:\/\/www.iemj.org\/de\/meimoun-francois-1979\/"},"wordCount":290,"publisher":{"@id":"https:\/\/www.iemj.org\/de\/#organization"},"image":{"@id":"https:\/\/www.iemj.org\/de\/meimoun-francois-1979\/#primaryimage"},"thumbnailUrl":"https:\/\/www.iemj.org\/wp-content\/uploads\/2022\/05\/Photo-F-Meimoun_Vignette-boutique-e1653299752494.jpg","articleSection":["Biografien"],"inLanguage":"de"},{"@type":"WebPage","@id":"https:\/\/www.iemj.org\/de\/meimoun-francois-1979\/","url":"https:\/\/www.iemj.org\/de\/meimoun-francois-1979\/","name":"Me\u00efmoun, Fran\u00e7ois (1979) - Institut Europ\u00e9en des Musiques Juives","isPartOf":{"@id":"https:\/\/www.iemj.org\/de\/#website"},"primaryImageOfPage":{"@id":"https:\/\/www.iemj.org\/de\/meimoun-francois-1979\/#primaryimage"},"image":{"@id":"https:\/\/www.iemj.org\/de\/meimoun-francois-1979\/#primaryimage"},"thumbnailUrl":"https:\/\/www.iemj.org\/wp-content\/uploads\/2022\/05\/Photo-F-Meimoun_Vignette-boutique-e1653299752494.jpg","datePublished":"2022-05-19T10:02:47+00:00","dateModified":"2022-05-23T09:59:53+00:00","breadcrumb":{"@id":"https:\/\/www.iemj.org\/de\/meimoun-francois-1979\/#breadcrumb"},"inLanguage":"de","potentialAction":[{"@type":"ReadAction","target":["https:\/\/www.iemj.org\/de\/meimoun-francois-1979\/"]}]},{"@type":"ImageObject","inLanguage":"de","@id":"https:\/\/www.iemj.org\/de\/meimoun-francois-1979\/#primaryimage","url":"https:\/\/www.iemj.org\/wp-content\/uploads\/2022\/05\/Photo-F-Meimoun_Vignette-boutique-e1653299752494.jpg","contentUrl":"https:\/\/www.iemj.org\/wp-content\/uploads\/2022\/05\/Photo-F-Meimoun_Vignette-boutique-e1653299752494.jpg","width":214,"height":218},{"@type":"BreadcrumbList","@id":"https:\/\/www.iemj.org\/de\/meimoun-francois-1979\/#breadcrumb","itemListElement":[{"@type":"ListItem","position":1,"name":"Accueil","item":"https:\/\/www.iemj.org\/de\/"},{"@type":"ListItem","position":2,"name":"Me\u00efmoun, Fran\u00e7ois (1979)"}]},{"@type":"WebSite","@id":"https:\/\/www.iemj.org\/de\/#website","url":"https:\/\/www.iemj.org\/de\/","name":"Institut Europ\u00e9en des Musiques Juives","description":"Des traditions musicales \u00e0 la port\u00e9e de tous","publisher":{"@id":"https:\/\/www.iemj.org\/de\/#organization"},"potentialAction":[{"@type":"SearchAction","target":{"@type":"EntryPoint","urlTemplate":"https:\/\/www.iemj.org\/de\/?s={search_term_string}"},"query-input":{"@type":"PropertyValueSpecification","valueRequired":true,"valueName":"search_term_string"}}],"inLanguage":"de"},{"@type":"Organization","@id":"https:\/\/www.iemj.org\/de\/#organization","name":"Institut Europ\u00e9en des Musiques Juives","url":"https:\/\/www.iemj.org\/de\/","logo":{"@type":"ImageObject","inLanguage":"de","@id":"https:\/\/www.iemj.org\/de\/#\/schema\/logo\/image\/","url":"https:\/\/www.iemj.org\/wp-content\/uploads\/2021\/09\/Logo-IEMJ-Paypal.jpg","contentUrl":"https:\/\/www.iemj.org\/wp-content\/uploads\/2021\/09\/Logo-IEMJ-Paypal.jpg","width":150,"height":50,"caption":"Institut Europ\u00e9en des Musiques Juives"},"image":{"@id":"https:\/\/www.iemj.org\/de\/#\/schema\/logo\/image\/"},"sameAs":["https:\/\/www.facebook.com\/MusiquesJuives\/","https:\/\/www.instagram.com\/musiquesjuives\/","https:\/\/www.youtube.com\/user\/musiquesjuives"]},{"@type":"Person","@id":"https:\/\/www.iemj.org\/de\/#\/schema\/person\/358e26c18aca017fcc4cc15437f7279c","name":"Jacqueline ROTEN","image":{"@type":"ImageObject","inLanguage":"de","@id":"https:\/\/secure.gravatar.com\/avatar\/5964256d6c6957de3a3505278957e0fb2a35119ac47ea41827a65301213c810b?s=96&d=mm&r=g","url":"https:\/\/secure.gravatar.com\/avatar\/5964256d6c6957de3a3505278957e0fb2a35119ac47ea41827a65301213c810b?s=96&d=mm&r=g","contentUrl":"https:\/\/secure.gravatar.com\/avatar\/5964256d6c6957de3a3505278957e0fb2a35119ac47ea41827a65301213c810b?s=96&d=mm&r=g","caption":"Jacqueline ROTEN"}}]}},"_links":{"self":[{"href":"https:\/\/www.iemj.org\/de\/wp-json\/wp\/v2\/posts\/84463","targetHints":{"allow":["GET"]}}],"collection":[{"href":"https:\/\/www.iemj.org\/de\/wp-json\/wp\/v2\/posts"}],"about":[{"href":"https:\/\/www.iemj.org\/de\/wp-json\/wp\/v2\/types\/post"}],"author":[{"embeddable":true,"href":"https:\/\/www.iemj.org\/de\/wp-json\/wp\/v2\/users\/5"}],"replies":[{"embeddable":true,"href":"https:\/\/www.iemj.org\/de\/wp-json\/wp\/v2\/comments?post=84463"}],"version-history":[{"count":0,"href":"https:\/\/www.iemj.org\/de\/wp-json\/wp\/v2\/posts\/84463\/revisions"}],"wp:featuredmedia":[{"embeddable":true,"href":"https:\/\/www.iemj.org\/de\/wp-json\/wp\/v2\/media\/84342"}],"wp:attachment":[{"href":"https:\/\/www.iemj.org\/de\/wp-json\/wp\/v2\/media?parent=84463"}],"wp:term":[{"taxonomy":"category","embeddable":true,"href":"https:\/\/www.iemj.org\/de\/wp-json\/wp\/v2\/categories?post=84463"},{"taxonomy":"post_tag","embeddable":true,"href":"https:\/\/www.iemj.org\/de\/wp-json\/wp\/v2\/tags?post=84463"},{"taxonomy":"technique","embeddable":true,"href":"https:\/\/www.iemj.org\/de\/wp-json\/wp\/v2\/technique?post=84463"},{"taxonomy":"squelettes","embeddable":true,"href":"https:\/\/www.iemj.org\/de\/wp-json\/wp\/v2\/squelettes?post=84463"},{"taxonomy":"sujet","embeddable":true,"href":"https:\/\/www.iemj.org\/de\/wp-json\/wp\/v2\/sujet?post=84463"},{"taxonomy":"formation","embeddable":true,"href":"https:\/\/www.iemj.org\/de\/wp-json\/wp\/v2\/formation?post=84463"},{"taxonomy":"genre","embeddable":true,"href":"https:\/\/www.iemj.org\/de\/wp-json\/wp\/v2\/genre?post=84463"},{"taxonomy":"fonds","embeddable":true,"href":"https:\/\/www.iemj.org\/de\/wp-json\/wp\/v2\/fonds?post=84463"},{"taxonomy":"tradition","embeddable":true,"href":"https:\/\/www.iemj.org\/de\/wp-json\/wp\/v2\/tradition?post=84463"},{"taxonomy":"type-de-contenu","embeddable":true,"href":"https:\/\/www.iemj.org\/de\/wp-json\/wp\/v2\/type-de-contenu?post=84463"},{"taxonomy":"interprete-compositeur","embeddable":true,"href":"https:\/\/www.iemj.org\/de\/wp-json\/wp\/v2\/interprete-compositeur?post=84463"},{"taxonomy":"frise","embeddable":true,"href":"https:\/\/www.iemj.org\/de\/wp-json\/wp\/v2\/frise?post=84463"},{"taxonomy":"type-devenement","embeddable":true,"href":"https:\/\/www.iemj.org\/de\/wp-json\/wp\/v2\/type-devenement?post=84463"},{"taxonomy":"tableaux-liens-externes","embeddable":true,"href":"https:\/\/www.iemj.org\/de\/wp-json\/wp\/v2\/tableaux-liens-externes?post=84463"}],"curies":[{"name":"wp","href":"https:\/\/api.w.org\/{rel}","templated":true}]}}