{"id":84486,"date":"2022-05-19T16:50:05","date_gmt":"2022-05-19T14:50:05","guid":{"rendered":"https:\/\/www.iemj.org\/francois-meimoun-kaddish-pour-mezzo-quatuor-a-cordes\/"},"modified":"2022-05-23T12:12:11","modified_gmt":"2022-05-23T10:12:11","slug":"francois-meimoun-kaddish-pour-mezzo-quatuor-a-cordes","status":"publish","type":"post","link":"https:\/\/www.iemj.org\/de\/francois-meimoun-kaddish-pour-mezzo-quatuor-a-cordes\/","title":{"rendered":"Fran\u00e7ois Me\u00efmoun, KADDISCH, F\u00dcR MEZZO &#038; STREICHQUARTETT"},"content":{"rendered":"<p><a href=\"https:\/\/www.iemj.org\/de\/meimoun-francois-1979\/\" target=\"_blank\" rel=\"noopener\">Fran\u00e7ois Me\u00efmoun<\/a> ist Musicologe, Lehrer von Musikanalyse am Conservatoire national sup\u00e9rieur de musique et de danse in Paris, Preistr\u00e4ger mehrerer glanzvollen Preise f\u00fcr Komposition (Grand Prix der Sinfoniemusik, Preis Nadia et Lili Boulanger, Acad\u00e9mie des Beaux-Arts), und der Autor von etwa vierzig Instrumental- und Vokalwerken, regelm\u00e4\u00dfig bei zahlreichen Festivals und Konzerten in der ganzen Welt eingeplant.<\/p>\n<p>Eine gewisse Anzahl seiner Werke geh\u00f6ren zur j\u00fcdischen Tradition, aus der er stammt, wie <em>Tsimtsoum (Tzimtzum) <\/em>f\u00fcr Streichquintett (2015), <em>P\u00e9r\u00e8k Chira (Perek Shirah)<\/em> f\u00fcr Streichquartett mit Klavier (2015), <em>Hora<\/em> f\u00fcr zwei Klaviere (2017), <em>La danse de David (der Tanz Davids)<\/em> f\u00fcr Cello (2019), <em>Terouah \u2013 Psaume 150 (Teruah \u2013 Psalm 150)<\/em> f\u00fcr Orgel (2022) \u2026&nbsp;<\/p>\n<p>Die Partitur seines <em>Kaddisch<\/em> f\u00fcr Mezzosopran und Streichquartett, zum ersten Mal im Verlag des IEMJ ver\u00f6ffentlicht, ist das Ergebnis eines Auftrages der ULIF-Copernic-Synagoge (Paris), die es am 13. November 2016 im Rahmen eines Konzerts zum Gedenken an alle Opfer des Terrorismus urauff\u00fchrte<\/p>\n<h3><a href=\"https:\/\/www.iemj.org\/de\/produit\/meimoun-kaddish-pour-mezzo-quatuor-a-cordes\/\" target=\"_blank\" rel=\"noopener\">Die Partitur auf den Online-Shop des IEMJ bestellen<\/a><\/h3>\n<p><\/p>\n\n\n<figure class=\"wp-block-embed is-type-video is-provider-youtube wp-block-embed-youtube wp-embed-aspect-16-9 wp-has-aspect-ratio\"><div class=\"wp-block-embed__wrapper\">\n<iframe title=\"Fran\u00e7ois Me\u00efmoun : Kaddish\" width=\"640\" height=\"360\" src=\"https:\/\/www.youtube.com\/embed\/T-M2LvK1LCE?feature=oembed\" frameborder=\"0\" allow=\"accelerometer; autoplay; clipboard-write; encrypted-media; gyroscope; picture-in-picture; web-share\" referrerpolicy=\"strict-origin-when-cross-origin\" allowfullscreen><\/iframe>\n<\/div><\/figure>\n","protected":false},"excerpt":{"rendered":"<p>Fran\u00e7ois Me\u00efmoun ist Musicologe, Lehrer von Musikanalyse am Conservatoire national sup\u00e9rieur de musique et de danse in Paris, Preistr\u00e4ger mehrerer glanzvollen Preise f\u00fcr Komposition (Grand Prix der Sinfoniemusik, Preis Nadia<\/p>\n","protected":false},"author":5,"featured_media":84479,"comment_status":"closed","ping_status":"closed","sticky":false,"template":"","format":"standard","meta":{"_acf_changed":false,"footnotes":""},"categories":[1396,1390],"tags":[],"technique":[],"squelettes":[],"sujet":[],"formation":[],"genre":[],"fonds":[],"tradition":[],"type-de-contenu":[],"interprete-compositeur":[3856],"frise":[],"type-devenement":[],"tableaux-liens-externes":[],"class_list":["post-84486","post","type-post","status-publish","format-standard","has-post-thumbnail","hentry","category-partituren-iemj-de","category-veroffentlichungen-de","interprete-compositeur-francois-meimoun-de"],"acf":[],"yoast_head":"<!-- This site is optimized with the Yoast SEO plugin v27.3 - https:\/\/yoast.com\/product\/yoast-seo-wordpress\/ -->\n<title>Fran\u00e7ois Me\u00efmoun, KADDISCH, F\u00dcR MEZZO &amp; STREICHQUARTETT - Institut Europ\u00e9en des Musiques Juives<\/title>\n<meta name=\"robots\" content=\"index, follow, max-snippet:-1, max-image-preview:large, max-video-preview:-1\" \/>\n<link rel=\"canonical\" href=\"https:\/\/www.iemj.org\/de\/francois-meimoun-kaddish-pour-mezzo-quatuor-a-cordes\/\" \/>\n<meta property=\"og:locale\" content=\"de_DE\" \/>\n<meta property=\"og:type\" content=\"article\" \/>\n<meta property=\"og:title\" content=\"Fran\u00e7ois Me\u00efmoun, KADDISCH, F\u00dcR MEZZO &amp; STREICHQUARTETT - Institut Europ\u00e9en des Musiques Juives\" \/>\n<meta property=\"og:description\" content=\"Fran\u00e7ois Me\u00efmoun ist Musicologe, Lehrer von Musikanalyse am Conservatoire national sup\u00e9rieur de musique et de danse in Paris, Preistr\u00e4ger mehrerer glanzvollen Preise f\u00fcr Komposition (Grand Prix der Sinfoniemusik, Preis Nadia\" \/>\n<meta property=\"og:url\" content=\"https:\/\/www.iemj.org\/de\/francois-meimoun-kaddish-pour-mezzo-quatuor-a-cordes\/\" \/>\n<meta property=\"og:site_name\" content=\"Institut Europ\u00e9en des Musiques Juives\" \/>\n<meta property=\"article:publisher\" content=\"https:\/\/www.facebook.com\/MusiquesJuives\/\" \/>\n<meta property=\"article:published_time\" content=\"2022-05-19T14:50:05+00:00\" \/>\n<meta property=\"article:modified_time\" content=\"2022-05-23T10:12:11+00:00\" \/>\n<meta property=\"og:image\" content=\"https:\/\/www.iemj.org\/wp-content\/uploads\/2022\/05\/Logo-article-1.jpg\" \/>\n\t<meta property=\"og:image:width\" content=\"350\" \/>\n\t<meta property=\"og:image:height\" content=\"350\" \/>\n\t<meta property=\"og:image:type\" content=\"image\/jpeg\" \/>\n<meta name=\"author\" content=\"Jacqueline ROTEN\" \/>\n<meta name=\"twitter:card\" content=\"summary_large_image\" \/>\n<meta name=\"twitter:label1\" content=\"Verfasst von\" \/>\n\t<meta name=\"twitter:data1\" content=\"Jacqueline ROTEN\" \/>\n\t<meta name=\"twitter:label2\" content=\"Gesch\u00e4tzte Lesezeit\" \/>\n\t<meta name=\"twitter:data2\" content=\"1\u00a0Minute\" \/>\n<script type=\"application\/ld+json\" class=\"yoast-schema-graph\">{\"@context\":\"https:\\\/\\\/schema.org\",\"@graph\":[{\"@type\":\"Article\",\"@id\":\"https:\\\/\\\/www.iemj.org\\\/de\\\/francois-meimoun-kaddish-pour-mezzo-quatuor-a-cordes\\\/#article\",\"isPartOf\":{\"@id\":\"https:\\\/\\\/www.iemj.org\\\/de\\\/francois-meimoun-kaddish-pour-mezzo-quatuor-a-cordes\\\/\"},\"author\":{\"name\":\"Jacqueline ROTEN\",\"@id\":\"https:\\\/\\\/www.iemj.org\\\/de\\\/#\\\/schema\\\/person\\\/358e26c18aca017fcc4cc15437f7279c\"},\"headline\":\"Fran\u00e7ois Me\u00efmoun, KADDISCH, F\u00dcR MEZZO &#038; STREICHQUARTETT\",\"datePublished\":\"2022-05-19T14:50:05+00:00\",\"dateModified\":\"2022-05-23T10:12:11+00:00\",\"mainEntityOfPage\":{\"@id\":\"https:\\\/\\\/www.iemj.org\\\/de\\\/francois-meimoun-kaddish-pour-mezzo-quatuor-a-cordes\\\/\"},\"wordCount\":184,\"publisher\":{\"@id\":\"https:\\\/\\\/www.iemj.org\\\/de\\\/#organization\"},\"image\":{\"@id\":\"https:\\\/\\\/www.iemj.org\\\/de\\\/francois-meimoun-kaddish-pour-mezzo-quatuor-a-cordes\\\/#primaryimage\"},\"thumbnailUrl\":\"https:\\\/\\\/www.iemj.org\\\/wp-content\\\/uploads\\\/2022\\\/05\\\/Logo-article-1.jpg\",\"articleSection\":[\"Partituren IEMJ\",\"Ver\u00f6ffentlichungen\"],\"inLanguage\":\"de\"},{\"@type\":\"WebPage\",\"@id\":\"https:\\\/\\\/www.iemj.org\\\/de\\\/francois-meimoun-kaddish-pour-mezzo-quatuor-a-cordes\\\/\",\"url\":\"https:\\\/\\\/www.iemj.org\\\/de\\\/francois-meimoun-kaddish-pour-mezzo-quatuor-a-cordes\\\/\",\"name\":\"Fran\u00e7ois Me\u00efmoun, KADDISCH, F\u00dcR MEZZO & STREICHQUARTETT - Institut Europ\u00e9en des Musiques Juives\",\"isPartOf\":{\"@id\":\"https:\\\/\\\/www.iemj.org\\\/de\\\/#website\"},\"primaryImageOfPage\":{\"@id\":\"https:\\\/\\\/www.iemj.org\\\/de\\\/francois-meimoun-kaddish-pour-mezzo-quatuor-a-cordes\\\/#primaryimage\"},\"image\":{\"@id\":\"https:\\\/\\\/www.iemj.org\\\/de\\\/francois-meimoun-kaddish-pour-mezzo-quatuor-a-cordes\\\/#primaryimage\"},\"thumbnailUrl\":\"https:\\\/\\\/www.iemj.org\\\/wp-content\\\/uploads\\\/2022\\\/05\\\/Logo-article-1.jpg\",\"datePublished\":\"2022-05-19T14:50:05+00:00\",\"dateModified\":\"2022-05-23T10:12:11+00:00\",\"breadcrumb\":{\"@id\":\"https:\\\/\\\/www.iemj.org\\\/de\\\/francois-meimoun-kaddish-pour-mezzo-quatuor-a-cordes\\\/#breadcrumb\"},\"inLanguage\":\"de\",\"potentialAction\":[{\"@type\":\"ReadAction\",\"target\":[\"https:\\\/\\\/www.iemj.org\\\/de\\\/francois-meimoun-kaddish-pour-mezzo-quatuor-a-cordes\\\/\"]}]},{\"@type\":\"ImageObject\",\"inLanguage\":\"de\",\"@id\":\"https:\\\/\\\/www.iemj.org\\\/de\\\/francois-meimoun-kaddish-pour-mezzo-quatuor-a-cordes\\\/#primaryimage\",\"url\":\"https:\\\/\\\/www.iemj.org\\\/wp-content\\\/uploads\\\/2022\\\/05\\\/Logo-article-1.jpg\",\"contentUrl\":\"https:\\\/\\\/www.iemj.org\\\/wp-content\\\/uploads\\\/2022\\\/05\\\/Logo-article-1.jpg\",\"width\":350,\"height\":350},{\"@type\":\"BreadcrumbList\",\"@id\":\"https:\\\/\\\/www.iemj.org\\\/de\\\/francois-meimoun-kaddish-pour-mezzo-quatuor-a-cordes\\\/#breadcrumb\",\"itemListElement\":[{\"@type\":\"ListItem\",\"position\":1,\"name\":\"Accueil\",\"item\":\"https:\\\/\\\/www.iemj.org\\\/de\\\/\"},{\"@type\":\"ListItem\",\"position\":2,\"name\":\"Fran\u00e7ois Me\u00efmoun, KADDISCH, F\u00dcR MEZZO &#038; STREICHQUARTETT\"}]},{\"@type\":\"WebSite\",\"@id\":\"https:\\\/\\\/www.iemj.org\\\/de\\\/#website\",\"url\":\"https:\\\/\\\/www.iemj.org\\\/de\\\/\",\"name\":\"Institut Europ\u00e9en des Musiques Juives\",\"description\":\"Des traditions musicales \u00e0 la port\u00e9e de tous\",\"publisher\":{\"@id\":\"https:\\\/\\\/www.iemj.org\\\/de\\\/#organization\"},\"potentialAction\":[{\"@type\":\"SearchAction\",\"target\":{\"@type\":\"EntryPoint\",\"urlTemplate\":\"https:\\\/\\\/www.iemj.org\\\/de\\\/?s={search_term_string}\"},\"query-input\":{\"@type\":\"PropertyValueSpecification\",\"valueRequired\":true,\"valueName\":\"search_term_string\"}}],\"inLanguage\":\"de\"},{\"@type\":\"Organization\",\"@id\":\"https:\\\/\\\/www.iemj.org\\\/de\\\/#organization\",\"name\":\"Institut Europ\u00e9en des Musiques Juives\",\"url\":\"https:\\\/\\\/www.iemj.org\\\/de\\\/\",\"logo\":{\"@type\":\"ImageObject\",\"inLanguage\":\"de\",\"@id\":\"https:\\\/\\\/www.iemj.org\\\/de\\\/#\\\/schema\\\/logo\\\/image\\\/\",\"url\":\"https:\\\/\\\/www.iemj.org\\\/wp-content\\\/uploads\\\/2021\\\/09\\\/Logo-IEMJ-Paypal.jpg\",\"contentUrl\":\"https:\\\/\\\/www.iemj.org\\\/wp-content\\\/uploads\\\/2021\\\/09\\\/Logo-IEMJ-Paypal.jpg\",\"width\":150,\"height\":50,\"caption\":\"Institut Europ\u00e9en des Musiques Juives\"},\"image\":{\"@id\":\"https:\\\/\\\/www.iemj.org\\\/de\\\/#\\\/schema\\\/logo\\\/image\\\/\"},\"sameAs\":[\"https:\\\/\\\/www.facebook.com\\\/MusiquesJuives\\\/\",\"https:\\\/\\\/www.instagram.com\\\/musiquesjuives\\\/\",\"https:\\\/\\\/www.youtube.com\\\/user\\\/musiquesjuives\"]},{\"@type\":\"Person\",\"@id\":\"https:\\\/\\\/www.iemj.org\\\/de\\\/#\\\/schema\\\/person\\\/358e26c18aca017fcc4cc15437f7279c\",\"name\":\"Jacqueline ROTEN\",\"image\":{\"@type\":\"ImageObject\",\"inLanguage\":\"de\",\"@id\":\"https:\\\/\\\/secure.gravatar.com\\\/avatar\\\/5964256d6c6957de3a3505278957e0fb2a35119ac47ea41827a65301213c810b?s=96&d=mm&r=g\",\"url\":\"https:\\\/\\\/secure.gravatar.com\\\/avatar\\\/5964256d6c6957de3a3505278957e0fb2a35119ac47ea41827a65301213c810b?s=96&d=mm&r=g\",\"contentUrl\":\"https:\\\/\\\/secure.gravatar.com\\\/avatar\\\/5964256d6c6957de3a3505278957e0fb2a35119ac47ea41827a65301213c810b?s=96&d=mm&r=g\",\"caption\":\"Jacqueline ROTEN\"}}]}<\/script>\n<!-- \/ Yoast SEO plugin. -->","yoast_head_json":{"title":"Fran\u00e7ois Me\u00efmoun, KADDISCH, F\u00dcR MEZZO & STREICHQUARTETT - Institut Europ\u00e9en des Musiques Juives","robots":{"index":"index","follow":"follow","max-snippet":"max-snippet:-1","max-image-preview":"max-image-preview:large","max-video-preview":"max-video-preview:-1"},"canonical":"https:\/\/www.iemj.org\/de\/francois-meimoun-kaddish-pour-mezzo-quatuor-a-cordes\/","og_locale":"de_DE","og_type":"article","og_title":"Fran\u00e7ois Me\u00efmoun, KADDISCH, F\u00dcR MEZZO & STREICHQUARTETT - Institut Europ\u00e9en des Musiques Juives","og_description":"Fran\u00e7ois Me\u00efmoun ist Musicologe, Lehrer von Musikanalyse am Conservatoire national sup\u00e9rieur de musique et de danse in Paris, Preistr\u00e4ger mehrerer glanzvollen Preise f\u00fcr Komposition (Grand Prix der Sinfoniemusik, Preis Nadia","og_url":"https:\/\/www.iemj.org\/de\/francois-meimoun-kaddish-pour-mezzo-quatuor-a-cordes\/","og_site_name":"Institut Europ\u00e9en des Musiques Juives","article_publisher":"https:\/\/www.facebook.com\/MusiquesJuives\/","article_published_time":"2022-05-19T14:50:05+00:00","article_modified_time":"2022-05-23T10:12:11+00:00","og_image":[{"width":350,"height":350,"url":"https:\/\/www.iemj.org\/wp-content\/uploads\/2022\/05\/Logo-article-1.jpg","type":"image\/jpeg"}],"author":"Jacqueline ROTEN","twitter_card":"summary_large_image","twitter_misc":{"Verfasst von":"Jacqueline ROTEN","Gesch\u00e4tzte Lesezeit":"1\u00a0Minute"},"schema":{"@context":"https:\/\/schema.org","@graph":[{"@type":"Article","@id":"https:\/\/www.iemj.org\/de\/francois-meimoun-kaddish-pour-mezzo-quatuor-a-cordes\/#article","isPartOf":{"@id":"https:\/\/www.iemj.org\/de\/francois-meimoun-kaddish-pour-mezzo-quatuor-a-cordes\/"},"author":{"name":"Jacqueline ROTEN","@id":"https:\/\/www.iemj.org\/de\/#\/schema\/person\/358e26c18aca017fcc4cc15437f7279c"},"headline":"Fran\u00e7ois Me\u00efmoun, KADDISCH, F\u00dcR MEZZO &#038; STREICHQUARTETT","datePublished":"2022-05-19T14:50:05+00:00","dateModified":"2022-05-23T10:12:11+00:00","mainEntityOfPage":{"@id":"https:\/\/www.iemj.org\/de\/francois-meimoun-kaddish-pour-mezzo-quatuor-a-cordes\/"},"wordCount":184,"publisher":{"@id":"https:\/\/www.iemj.org\/de\/#organization"},"image":{"@id":"https:\/\/www.iemj.org\/de\/francois-meimoun-kaddish-pour-mezzo-quatuor-a-cordes\/#primaryimage"},"thumbnailUrl":"https:\/\/www.iemj.org\/wp-content\/uploads\/2022\/05\/Logo-article-1.jpg","articleSection":["Partituren IEMJ","Ver\u00f6ffentlichungen"],"inLanguage":"de"},{"@type":"WebPage","@id":"https:\/\/www.iemj.org\/de\/francois-meimoun-kaddish-pour-mezzo-quatuor-a-cordes\/","url":"https:\/\/www.iemj.org\/de\/francois-meimoun-kaddish-pour-mezzo-quatuor-a-cordes\/","name":"Fran\u00e7ois Me\u00efmoun, KADDISCH, F\u00dcR MEZZO & STREICHQUARTETT - Institut Europ\u00e9en des Musiques Juives","isPartOf":{"@id":"https:\/\/www.iemj.org\/de\/#website"},"primaryImageOfPage":{"@id":"https:\/\/www.iemj.org\/de\/francois-meimoun-kaddish-pour-mezzo-quatuor-a-cordes\/#primaryimage"},"image":{"@id":"https:\/\/www.iemj.org\/de\/francois-meimoun-kaddish-pour-mezzo-quatuor-a-cordes\/#primaryimage"},"thumbnailUrl":"https:\/\/www.iemj.org\/wp-content\/uploads\/2022\/05\/Logo-article-1.jpg","datePublished":"2022-05-19T14:50:05+00:00","dateModified":"2022-05-23T10:12:11+00:00","breadcrumb":{"@id":"https:\/\/www.iemj.org\/de\/francois-meimoun-kaddish-pour-mezzo-quatuor-a-cordes\/#breadcrumb"},"inLanguage":"de","potentialAction":[{"@type":"ReadAction","target":["https:\/\/www.iemj.org\/de\/francois-meimoun-kaddish-pour-mezzo-quatuor-a-cordes\/"]}]},{"@type":"ImageObject","inLanguage":"de","@id":"https:\/\/www.iemj.org\/de\/francois-meimoun-kaddish-pour-mezzo-quatuor-a-cordes\/#primaryimage","url":"https:\/\/www.iemj.org\/wp-content\/uploads\/2022\/05\/Logo-article-1.jpg","contentUrl":"https:\/\/www.iemj.org\/wp-content\/uploads\/2022\/05\/Logo-article-1.jpg","width":350,"height":350},{"@type":"BreadcrumbList","@id":"https:\/\/www.iemj.org\/de\/francois-meimoun-kaddish-pour-mezzo-quatuor-a-cordes\/#breadcrumb","itemListElement":[{"@type":"ListItem","position":1,"name":"Accueil","item":"https:\/\/www.iemj.org\/de\/"},{"@type":"ListItem","position":2,"name":"Fran\u00e7ois Me\u00efmoun, KADDISCH, F\u00dcR MEZZO &#038; STREICHQUARTETT"}]},{"@type":"WebSite","@id":"https:\/\/www.iemj.org\/de\/#website","url":"https:\/\/www.iemj.org\/de\/","name":"Institut Europ\u00e9en des Musiques Juives","description":"Des traditions musicales \u00e0 la port\u00e9e de tous","publisher":{"@id":"https:\/\/www.iemj.org\/de\/#organization"},"potentialAction":[{"@type":"SearchAction","target":{"@type":"EntryPoint","urlTemplate":"https:\/\/www.iemj.org\/de\/?s={search_term_string}"},"query-input":{"@type":"PropertyValueSpecification","valueRequired":true,"valueName":"search_term_string"}}],"inLanguage":"de"},{"@type":"Organization","@id":"https:\/\/www.iemj.org\/de\/#organization","name":"Institut Europ\u00e9en des Musiques Juives","url":"https:\/\/www.iemj.org\/de\/","logo":{"@type":"ImageObject","inLanguage":"de","@id":"https:\/\/www.iemj.org\/de\/#\/schema\/logo\/image\/","url":"https:\/\/www.iemj.org\/wp-content\/uploads\/2021\/09\/Logo-IEMJ-Paypal.jpg","contentUrl":"https:\/\/www.iemj.org\/wp-content\/uploads\/2021\/09\/Logo-IEMJ-Paypal.jpg","width":150,"height":50,"caption":"Institut Europ\u00e9en des Musiques Juives"},"image":{"@id":"https:\/\/www.iemj.org\/de\/#\/schema\/logo\/image\/"},"sameAs":["https:\/\/www.facebook.com\/MusiquesJuives\/","https:\/\/www.instagram.com\/musiquesjuives\/","https:\/\/www.youtube.com\/user\/musiquesjuives"]},{"@type":"Person","@id":"https:\/\/www.iemj.org\/de\/#\/schema\/person\/358e26c18aca017fcc4cc15437f7279c","name":"Jacqueline ROTEN","image":{"@type":"ImageObject","inLanguage":"de","@id":"https:\/\/secure.gravatar.com\/avatar\/5964256d6c6957de3a3505278957e0fb2a35119ac47ea41827a65301213c810b?s=96&d=mm&r=g","url":"https:\/\/secure.gravatar.com\/avatar\/5964256d6c6957de3a3505278957e0fb2a35119ac47ea41827a65301213c810b?s=96&d=mm&r=g","contentUrl":"https:\/\/secure.gravatar.com\/avatar\/5964256d6c6957de3a3505278957e0fb2a35119ac47ea41827a65301213c810b?s=96&d=mm&r=g","caption":"Jacqueline ROTEN"}}]}},"_links":{"self":[{"href":"https:\/\/www.iemj.org\/de\/wp-json\/wp\/v2\/posts\/84486","targetHints":{"allow":["GET"]}}],"collection":[{"href":"https:\/\/www.iemj.org\/de\/wp-json\/wp\/v2\/posts"}],"about":[{"href":"https:\/\/www.iemj.org\/de\/wp-json\/wp\/v2\/types\/post"}],"author":[{"embeddable":true,"href":"https:\/\/www.iemj.org\/de\/wp-json\/wp\/v2\/users\/5"}],"replies":[{"embeddable":true,"href":"https:\/\/www.iemj.org\/de\/wp-json\/wp\/v2\/comments?post=84486"}],"version-history":[{"count":0,"href":"https:\/\/www.iemj.org\/de\/wp-json\/wp\/v2\/posts\/84486\/revisions"}],"wp:featuredmedia":[{"embeddable":true,"href":"https:\/\/www.iemj.org\/de\/wp-json\/wp\/v2\/media\/84479"}],"wp:attachment":[{"href":"https:\/\/www.iemj.org\/de\/wp-json\/wp\/v2\/media?parent=84486"}],"wp:term":[{"taxonomy":"category","embeddable":true,"href":"https:\/\/www.iemj.org\/de\/wp-json\/wp\/v2\/categories?post=84486"},{"taxonomy":"post_tag","embeddable":true,"href":"https:\/\/www.iemj.org\/de\/wp-json\/wp\/v2\/tags?post=84486"},{"taxonomy":"technique","embeddable":true,"href":"https:\/\/www.iemj.org\/de\/wp-json\/wp\/v2\/technique?post=84486"},{"taxonomy":"squelettes","embeddable":true,"href":"https:\/\/www.iemj.org\/de\/wp-json\/wp\/v2\/squelettes?post=84486"},{"taxonomy":"sujet","embeddable":true,"href":"https:\/\/www.iemj.org\/de\/wp-json\/wp\/v2\/sujet?post=84486"},{"taxonomy":"formation","embeddable":true,"href":"https:\/\/www.iemj.org\/de\/wp-json\/wp\/v2\/formation?post=84486"},{"taxonomy":"genre","embeddable":true,"href":"https:\/\/www.iemj.org\/de\/wp-json\/wp\/v2\/genre?post=84486"},{"taxonomy":"fonds","embeddable":true,"href":"https:\/\/www.iemj.org\/de\/wp-json\/wp\/v2\/fonds?post=84486"},{"taxonomy":"tradition","embeddable":true,"href":"https:\/\/www.iemj.org\/de\/wp-json\/wp\/v2\/tradition?post=84486"},{"taxonomy":"type-de-contenu","embeddable":true,"href":"https:\/\/www.iemj.org\/de\/wp-json\/wp\/v2\/type-de-contenu?post=84486"},{"taxonomy":"interprete-compositeur","embeddable":true,"href":"https:\/\/www.iemj.org\/de\/wp-json\/wp\/v2\/interprete-compositeur?post=84486"},{"taxonomy":"frise","embeddable":true,"href":"https:\/\/www.iemj.org\/de\/wp-json\/wp\/v2\/frise?post=84486"},{"taxonomy":"type-devenement","embeddable":true,"href":"https:\/\/www.iemj.org\/de\/wp-json\/wp\/v2\/type-devenement?post=84486"},{"taxonomy":"tableaux-liens-externes","embeddable":true,"href":"https:\/\/www.iemj.org\/de\/wp-json\/wp\/v2\/tableaux-liens-externes?post=84486"}],"curies":[{"name":"wp","href":"https:\/\/api.w.org\/{rel}","templated":true}]}}