{"id":85390,"date":"2022-05-26T16:12:38","date_gmt":"2022-05-26T14:12:38","guid":{"rendered":"https:\/\/www.iemj.org\/concert-melodies-hebraiques-2-2\/"},"modified":"2022-09-22T11:50:10","modified_gmt":"2022-09-22T09:50:10","slug":"concert-melodies-hebraiques-2-2","status":"publish","type":"post","link":"https:\/\/www.iemj.org\/de\/concert-melodies-hebraiques-2-2\/","title":{"rendered":"Konzert M\u00c9LODIES H\u00c9BRA\u00cfQUES 2"},"content":{"rendered":"<p>Sehen Sie sich Ausschnitte aus dem Konzert der Cellistin Sarah Iancu und des Pianisten David Bismuth an, der am 9. Februar 2022 um 19 Uhr am MAHJ \u2013 Paris gegeben wurde, anl\u00e4sslich der Ver\u00f6ffentlichung der CD <a href=\"https:\/\/www.iemj.org\/de\/melodies-hebraiques-pour-violoncelle-et-piano-volume-2\/\" target=\"_blank\" rel=\"noopener\"><em>M\u00e9lodies h\u00e9bra\u00efques pour violoncelle et piano, vol. 2<\/em><\/a><\/p>\n<p><strong>Konzert angeboten von: <\/strong>dem Institut Europ\u00e9en des Musiques Juives und dem Mus\u00e9e d&#8217;Art et d&#8217;Histoire du Juda\u00efsme, mit der Unterst\u00fctzung der Fondation Henriette Halphen unter der Schirmherrschaft der Fondation du Juda\u00efsme Fran\u00e7ais<\/p>\n<p><a href=\"https:\/\/www.iemj.org\/de\/concert-de-melodies-hebraiques-pour-violoncelle-et-piano\/\" target=\"_blank\" rel=\"noopener\">Mehr \u00fcber das Konzert M\u00e9lodies h\u00e9bra\u00efques vom 9. Februar 2022 erfahren <\/a><\/p>\n<p><a href=\"https:\/\/www.iemj.org\/de\/produit\/hebrew-melodies\/\" target=\"_blank\" rel=\"noopener\">Bestellen Sie die CD M\u00e9lodies h\u00e9bra\u00efques, vol. 1<\/a><\/p>\n<p><a href=\"https:\/\/www.iemj.org\/de\/produit\/melodies-hebraiques-volume-2\/\" target=\"_blank\" rel=\"noopener\">Bestellen Sie die CD M\u00e9lodies h\u00e9bra\u00efques, vol. 2<\/a><\/p>\n\n\n<figure class=\"wp-block-embed is-type-video is-provider-youtube wp-block-embed-youtube wp-embed-aspect-16-9 wp-has-aspect-ratio\"><div class=\"wp-block-embed__wrapper\">\n<iframe title=\"CONCERT M\u00c9LODIES H\u00c9BRA\u00cfQUES POUR VIOLONCELLE ET PIANO\" width=\"640\" height=\"360\" src=\"https:\/\/www.youtube.com\/embed\/iLMg5s3Zdwo?feature=oembed\" frameborder=\"0\" allow=\"accelerometer; autoplay; clipboard-write; encrypted-media; gyroscope; picture-in-picture; web-share\" referrerpolicy=\"strict-origin-when-cross-origin\" allowfullscreen><\/iframe>\n<\/div><figcaption>Ausschnitte:<br><strong>00:08<\/strong>&nbsp;Ten Jewish songs (Jacob Weinberg)<br><strong>02:55<\/strong>&nbsp;Rozinkhes mit mandlen (Abraham Goldfaden)<br><strong>05:54<\/strong>&nbsp;Kaddisch (Maurice Ravel)<br><strong>07:00<\/strong>&nbsp;Pri\u00e8re (Fernand Halphen)<br><strong>08:16<\/strong>&nbsp;My Yiddishe Momme (Lew Pollack &amp; Jack Yellen) <br><strong>10:24<\/strong> Six Chants Populaires H\u00e9bra\u00efques&nbsp;(Darius Milhaud) <br><strong>11:44<\/strong> Drei Jiddische Lieder (Viktor Ullmann) <br><strong>13:35<\/strong> Seis Canciones populares sefardies (Joaquin Nin-Culmell) <br><strong>14:46<\/strong> Kol nidre (Mario Castelnuovo-Tedesco) <br><strong>15:45<\/strong> M\u00e9ditation h\u00e9bra\u00efque (Ernest Bloch) <br><strong>17:27<\/strong> De la po\u00e9sie populaire juive&nbsp;(n\u00b0 9, 7) (Dimitri Chostakovitch)<\/figcaption><\/figure>\n\n\n\n<div data-wp-interactive=\"core\/file\" class=\"wp-block-file\"><object data-wp-bind--hidden=\"!state.hasPdfPreview\" hidden class=\"wp-block-file__embed\" data=\"https:\/\/www.iemj.org\/wp-content\/uploads\/2022\/05\/Programme-Concert-Melodies-hebraiques.pdf\" type=\"application\/pdf\" style=\"width:100%;height:600px\" aria-label=\"Einbettung von Embed of Programm Concert M\u00e9lodies h\u00e9bra\u00efques..\"><\/object><a id=\"wp-block-file--media-0f28f3be-d649-4cf7-b062-7d272a082a0d\" href=\"https:\/\/www.iemj.org\/wp-content\/uploads\/2022\/05\/Programme-Concert-Melodies-hebraiques.pdf\">Programm Concert M\u00e9lodies h\u00e9bra\u00efques<\/a><a href=\"https:\/\/www.iemj.org\/wp-content\/uploads\/2022\/05\/Programme-Concert-Melodies-hebraiques.pdf\" class=\"wp-block-file__button\" download aria-describedby=\"wp-block-file--media-0f28f3be-d649-4cf7-b062-7d272a082a0d\">Herunterladen<\/a><\/div>\n\n\n\n<p><\/p>\n","protected":false},"excerpt":{"rendered":"<p>Sehen Sie sich Ausschnitte aus dem Konzert der Cellistin Sarah Iancu und des Pianisten David Bismuth an, der am 9. Februar 2022 um 19 Uhr am MAHJ \u2013 Paris gegeben<\/p>\n","protected":false},"author":5,"featured_media":85118,"comment_status":"closed","ping_status":"open","sticky":false,"template":"","format":"standard","meta":{"_acf_changed":false,"footnotes":""},"categories":[1516],"tags":[],"technique":[],"squelettes":[],"sujet":[],"formation":[],"genre":[],"fonds":[],"tradition":[],"type-de-contenu":[],"interprete-compositeur":[3131,3147,3165,3254],"frise":[],"type-devenement":[],"tableaux-liens-externes":[],"class_list":["post-85390","post","type-post","status-publish","format-standard","has-post-thumbnail","hentry","category-konzerte-film-de","interprete-compositeur-darius-milhaud-de","interprete-compositeur-ernest-bloch-de-2","interprete-compositeur-fernand-halphen-de","interprete-compositeur-maurice-ravel-2-de"],"acf":[],"yoast_head":"<!-- This site is optimized with the Yoast SEO plugin v27.3 - https:\/\/yoast.com\/product\/yoast-seo-wordpress\/ -->\n<title>Konzert M\u00c9LODIES H\u00c9BRA\u00cfQUES 2 - Institut Europ\u00e9en des Musiques Juives<\/title>\n<meta name=\"robots\" content=\"index, follow, max-snippet:-1, max-image-preview:large, max-video-preview:-1\" \/>\n<link rel=\"canonical\" href=\"https:\/\/www.iemj.org\/de\/concert-melodies-hebraiques-2-2\/\" \/>\n<meta property=\"og:locale\" content=\"de_DE\" \/>\n<meta property=\"og:type\" content=\"article\" \/>\n<meta property=\"og:title\" content=\"Konzert M\u00c9LODIES H\u00c9BRA\u00cfQUES 2 - Institut Europ\u00e9en des Musiques Juives\" \/>\n<meta property=\"og:description\" content=\"Sehen Sie sich Ausschnitte aus dem Konzert der Cellistin Sarah Iancu und des Pianisten David Bismuth an, der am 9. Februar 2022 um 19 Uhr am MAHJ \u2013 Paris gegeben\" \/>\n<meta property=\"og:url\" content=\"https:\/\/www.iemj.org\/de\/concert-melodies-hebraiques-2-2\/\" \/>\n<meta property=\"og:site_name\" content=\"Institut Europ\u00e9en des Musiques Juives\" \/>\n<meta property=\"article:publisher\" content=\"https:\/\/www.facebook.com\/MusiquesJuives\/\" \/>\n<meta property=\"article:published_time\" content=\"2022-05-26T14:12:38+00:00\" \/>\n<meta property=\"article:modified_time\" content=\"2022-09-22T09:50:10+00:00\" \/>\n<meta property=\"og:image\" content=\"https:\/\/www.iemj.org\/wp-content\/uploads\/2022\/05\/Logo-Video.jpg\" \/>\n\t<meta property=\"og:image:width\" content=\"350\" \/>\n\t<meta property=\"og:image:height\" content=\"350\" \/>\n\t<meta property=\"og:image:type\" content=\"image\/jpeg\" \/>\n<meta name=\"author\" content=\"Jacqueline ROTEN\" \/>\n<meta name=\"twitter:card\" content=\"summary_large_image\" \/>\n<meta name=\"twitter:label1\" content=\"Verfasst von\" \/>\n\t<meta name=\"twitter:data1\" content=\"Jacqueline ROTEN\" \/>\n\t<meta name=\"twitter:label2\" content=\"Gesch\u00e4tzte Lesezeit\" \/>\n\t<meta name=\"twitter:data2\" content=\"1\u00a0Minute\" \/>\n<script type=\"application\/ld+json\" class=\"yoast-schema-graph\">{\"@context\":\"https:\\\/\\\/schema.org\",\"@graph\":[{\"@type\":\"Article\",\"@id\":\"https:\\\/\\\/www.iemj.org\\\/de\\\/concert-melodies-hebraiques-2-2\\\/#article\",\"isPartOf\":{\"@id\":\"https:\\\/\\\/www.iemj.org\\\/de\\\/concert-melodies-hebraiques-2-2\\\/\"},\"author\":{\"name\":\"Jacqueline ROTEN\",\"@id\":\"https:\\\/\\\/www.iemj.org\\\/de\\\/#\\\/schema\\\/person\\\/358e26c18aca017fcc4cc15437f7279c\"},\"headline\":\"Konzert M\u00c9LODIES H\u00c9BRA\u00cfQUES 2\",\"datePublished\":\"2022-05-26T14:12:38+00:00\",\"dateModified\":\"2022-09-22T09:50:10+00:00\",\"mainEntityOfPage\":{\"@id\":\"https:\\\/\\\/www.iemj.org\\\/de\\\/concert-melodies-hebraiques-2-2\\\/\"},\"wordCount\":208,\"publisher\":{\"@id\":\"https:\\\/\\\/www.iemj.org\\\/de\\\/#organization\"},\"image\":{\"@id\":\"https:\\\/\\\/www.iemj.org\\\/de\\\/concert-melodies-hebraiques-2-2\\\/#primaryimage\"},\"thumbnailUrl\":\"https:\\\/\\\/www.iemj.org\\\/wp-content\\\/uploads\\\/2022\\\/05\\\/Logo-Video.jpg\",\"articleSection\":[\"Konzerte\"],\"inLanguage\":\"de\"},{\"@type\":\"WebPage\",\"@id\":\"https:\\\/\\\/www.iemj.org\\\/de\\\/concert-melodies-hebraiques-2-2\\\/\",\"url\":\"https:\\\/\\\/www.iemj.org\\\/de\\\/concert-melodies-hebraiques-2-2\\\/\",\"name\":\"Konzert M\u00c9LODIES H\u00c9BRA\u00cfQUES 2 - Institut Europ\u00e9en des Musiques Juives\",\"isPartOf\":{\"@id\":\"https:\\\/\\\/www.iemj.org\\\/de\\\/#website\"},\"primaryImageOfPage\":{\"@id\":\"https:\\\/\\\/www.iemj.org\\\/de\\\/concert-melodies-hebraiques-2-2\\\/#primaryimage\"},\"image\":{\"@id\":\"https:\\\/\\\/www.iemj.org\\\/de\\\/concert-melodies-hebraiques-2-2\\\/#primaryimage\"},\"thumbnailUrl\":\"https:\\\/\\\/www.iemj.org\\\/wp-content\\\/uploads\\\/2022\\\/05\\\/Logo-Video.jpg\",\"datePublished\":\"2022-05-26T14:12:38+00:00\",\"dateModified\":\"2022-09-22T09:50:10+00:00\",\"breadcrumb\":{\"@id\":\"https:\\\/\\\/www.iemj.org\\\/de\\\/concert-melodies-hebraiques-2-2\\\/#breadcrumb\"},\"inLanguage\":\"de\",\"potentialAction\":[{\"@type\":\"ReadAction\",\"target\":[\"https:\\\/\\\/www.iemj.org\\\/de\\\/concert-melodies-hebraiques-2-2\\\/\"]}]},{\"@type\":\"ImageObject\",\"inLanguage\":\"de\",\"@id\":\"https:\\\/\\\/www.iemj.org\\\/de\\\/concert-melodies-hebraiques-2-2\\\/#primaryimage\",\"url\":\"https:\\\/\\\/www.iemj.org\\\/wp-content\\\/uploads\\\/2022\\\/05\\\/Logo-Video.jpg\",\"contentUrl\":\"https:\\\/\\\/www.iemj.org\\\/wp-content\\\/uploads\\\/2022\\\/05\\\/Logo-Video.jpg\",\"width\":350,\"height\":350},{\"@type\":\"BreadcrumbList\",\"@id\":\"https:\\\/\\\/www.iemj.org\\\/de\\\/concert-melodies-hebraiques-2-2\\\/#breadcrumb\",\"itemListElement\":[{\"@type\":\"ListItem\",\"position\":1,\"name\":\"Accueil\",\"item\":\"https:\\\/\\\/www.iemj.org\\\/de\\\/\"},{\"@type\":\"ListItem\",\"position\":2,\"name\":\"Konzert M\u00c9LODIES H\u00c9BRA\u00cfQUES 2\"}]},{\"@type\":\"WebSite\",\"@id\":\"https:\\\/\\\/www.iemj.org\\\/de\\\/#website\",\"url\":\"https:\\\/\\\/www.iemj.org\\\/de\\\/\",\"name\":\"Institut Europ\u00e9en des Musiques Juives\",\"description\":\"Des traditions musicales \u00e0 la port\u00e9e de tous\",\"publisher\":{\"@id\":\"https:\\\/\\\/www.iemj.org\\\/de\\\/#organization\"},\"potentialAction\":[{\"@type\":\"SearchAction\",\"target\":{\"@type\":\"EntryPoint\",\"urlTemplate\":\"https:\\\/\\\/www.iemj.org\\\/de\\\/?s={search_term_string}\"},\"query-input\":{\"@type\":\"PropertyValueSpecification\",\"valueRequired\":true,\"valueName\":\"search_term_string\"}}],\"inLanguage\":\"de\"},{\"@type\":\"Organization\",\"@id\":\"https:\\\/\\\/www.iemj.org\\\/de\\\/#organization\",\"name\":\"Institut Europ\u00e9en des Musiques Juives\",\"url\":\"https:\\\/\\\/www.iemj.org\\\/de\\\/\",\"logo\":{\"@type\":\"ImageObject\",\"inLanguage\":\"de\",\"@id\":\"https:\\\/\\\/www.iemj.org\\\/de\\\/#\\\/schema\\\/logo\\\/image\\\/\",\"url\":\"https:\\\/\\\/www.iemj.org\\\/wp-content\\\/uploads\\\/2021\\\/09\\\/Logo-IEMJ-Paypal.jpg\",\"contentUrl\":\"https:\\\/\\\/www.iemj.org\\\/wp-content\\\/uploads\\\/2021\\\/09\\\/Logo-IEMJ-Paypal.jpg\",\"width\":150,\"height\":50,\"caption\":\"Institut Europ\u00e9en des Musiques Juives\"},\"image\":{\"@id\":\"https:\\\/\\\/www.iemj.org\\\/de\\\/#\\\/schema\\\/logo\\\/image\\\/\"},\"sameAs\":[\"https:\\\/\\\/www.facebook.com\\\/MusiquesJuives\\\/\",\"https:\\\/\\\/www.instagram.com\\\/musiquesjuives\\\/\",\"https:\\\/\\\/www.youtube.com\\\/user\\\/musiquesjuives\"]},{\"@type\":\"Person\",\"@id\":\"https:\\\/\\\/www.iemj.org\\\/de\\\/#\\\/schema\\\/person\\\/358e26c18aca017fcc4cc15437f7279c\",\"name\":\"Jacqueline ROTEN\",\"image\":{\"@type\":\"ImageObject\",\"inLanguage\":\"de\",\"@id\":\"https:\\\/\\\/secure.gravatar.com\\\/avatar\\\/5964256d6c6957de3a3505278957e0fb2a35119ac47ea41827a65301213c810b?s=96&d=mm&r=g\",\"url\":\"https:\\\/\\\/secure.gravatar.com\\\/avatar\\\/5964256d6c6957de3a3505278957e0fb2a35119ac47ea41827a65301213c810b?s=96&d=mm&r=g\",\"contentUrl\":\"https:\\\/\\\/secure.gravatar.com\\\/avatar\\\/5964256d6c6957de3a3505278957e0fb2a35119ac47ea41827a65301213c810b?s=96&d=mm&r=g\",\"caption\":\"Jacqueline ROTEN\"}}]}<\/script>\n<!-- \/ Yoast SEO plugin. -->","yoast_head_json":{"title":"Konzert M\u00c9LODIES H\u00c9BRA\u00cfQUES 2 - Institut Europ\u00e9en des Musiques Juives","robots":{"index":"index","follow":"follow","max-snippet":"max-snippet:-1","max-image-preview":"max-image-preview:large","max-video-preview":"max-video-preview:-1"},"canonical":"https:\/\/www.iemj.org\/de\/concert-melodies-hebraiques-2-2\/","og_locale":"de_DE","og_type":"article","og_title":"Konzert M\u00c9LODIES H\u00c9BRA\u00cfQUES 2 - Institut Europ\u00e9en des Musiques Juives","og_description":"Sehen Sie sich Ausschnitte aus dem Konzert der Cellistin Sarah Iancu und des Pianisten David Bismuth an, der am 9. Februar 2022 um 19 Uhr am MAHJ \u2013 Paris gegeben","og_url":"https:\/\/www.iemj.org\/de\/concert-melodies-hebraiques-2-2\/","og_site_name":"Institut Europ\u00e9en des Musiques Juives","article_publisher":"https:\/\/www.facebook.com\/MusiquesJuives\/","article_published_time":"2022-05-26T14:12:38+00:00","article_modified_time":"2022-09-22T09:50:10+00:00","og_image":[{"width":350,"height":350,"url":"https:\/\/www.iemj.org\/wp-content\/uploads\/2022\/05\/Logo-Video.jpg","type":"image\/jpeg"}],"author":"Jacqueline ROTEN","twitter_card":"summary_large_image","twitter_misc":{"Verfasst von":"Jacqueline ROTEN","Gesch\u00e4tzte Lesezeit":"1\u00a0Minute"},"schema":{"@context":"https:\/\/schema.org","@graph":[{"@type":"Article","@id":"https:\/\/www.iemj.org\/de\/concert-melodies-hebraiques-2-2\/#article","isPartOf":{"@id":"https:\/\/www.iemj.org\/de\/concert-melodies-hebraiques-2-2\/"},"author":{"name":"Jacqueline ROTEN","@id":"https:\/\/www.iemj.org\/de\/#\/schema\/person\/358e26c18aca017fcc4cc15437f7279c"},"headline":"Konzert M\u00c9LODIES H\u00c9BRA\u00cfQUES 2","datePublished":"2022-05-26T14:12:38+00:00","dateModified":"2022-09-22T09:50:10+00:00","mainEntityOfPage":{"@id":"https:\/\/www.iemj.org\/de\/concert-melodies-hebraiques-2-2\/"},"wordCount":208,"publisher":{"@id":"https:\/\/www.iemj.org\/de\/#organization"},"image":{"@id":"https:\/\/www.iemj.org\/de\/concert-melodies-hebraiques-2-2\/#primaryimage"},"thumbnailUrl":"https:\/\/www.iemj.org\/wp-content\/uploads\/2022\/05\/Logo-Video.jpg","articleSection":["Konzerte"],"inLanguage":"de"},{"@type":"WebPage","@id":"https:\/\/www.iemj.org\/de\/concert-melodies-hebraiques-2-2\/","url":"https:\/\/www.iemj.org\/de\/concert-melodies-hebraiques-2-2\/","name":"Konzert M\u00c9LODIES H\u00c9BRA\u00cfQUES 2 - Institut Europ\u00e9en des Musiques Juives","isPartOf":{"@id":"https:\/\/www.iemj.org\/de\/#website"},"primaryImageOfPage":{"@id":"https:\/\/www.iemj.org\/de\/concert-melodies-hebraiques-2-2\/#primaryimage"},"image":{"@id":"https:\/\/www.iemj.org\/de\/concert-melodies-hebraiques-2-2\/#primaryimage"},"thumbnailUrl":"https:\/\/www.iemj.org\/wp-content\/uploads\/2022\/05\/Logo-Video.jpg","datePublished":"2022-05-26T14:12:38+00:00","dateModified":"2022-09-22T09:50:10+00:00","breadcrumb":{"@id":"https:\/\/www.iemj.org\/de\/concert-melodies-hebraiques-2-2\/#breadcrumb"},"inLanguage":"de","potentialAction":[{"@type":"ReadAction","target":["https:\/\/www.iemj.org\/de\/concert-melodies-hebraiques-2-2\/"]}]},{"@type":"ImageObject","inLanguage":"de","@id":"https:\/\/www.iemj.org\/de\/concert-melodies-hebraiques-2-2\/#primaryimage","url":"https:\/\/www.iemj.org\/wp-content\/uploads\/2022\/05\/Logo-Video.jpg","contentUrl":"https:\/\/www.iemj.org\/wp-content\/uploads\/2022\/05\/Logo-Video.jpg","width":350,"height":350},{"@type":"BreadcrumbList","@id":"https:\/\/www.iemj.org\/de\/concert-melodies-hebraiques-2-2\/#breadcrumb","itemListElement":[{"@type":"ListItem","position":1,"name":"Accueil","item":"https:\/\/www.iemj.org\/de\/"},{"@type":"ListItem","position":2,"name":"Konzert M\u00c9LODIES H\u00c9BRA\u00cfQUES 2"}]},{"@type":"WebSite","@id":"https:\/\/www.iemj.org\/de\/#website","url":"https:\/\/www.iemj.org\/de\/","name":"Institut Europ\u00e9en des Musiques Juives","description":"Des traditions musicales \u00e0 la port\u00e9e de tous","publisher":{"@id":"https:\/\/www.iemj.org\/de\/#organization"},"potentialAction":[{"@type":"SearchAction","target":{"@type":"EntryPoint","urlTemplate":"https:\/\/www.iemj.org\/de\/?s={search_term_string}"},"query-input":{"@type":"PropertyValueSpecification","valueRequired":true,"valueName":"search_term_string"}}],"inLanguage":"de"},{"@type":"Organization","@id":"https:\/\/www.iemj.org\/de\/#organization","name":"Institut Europ\u00e9en des Musiques Juives","url":"https:\/\/www.iemj.org\/de\/","logo":{"@type":"ImageObject","inLanguage":"de","@id":"https:\/\/www.iemj.org\/de\/#\/schema\/logo\/image\/","url":"https:\/\/www.iemj.org\/wp-content\/uploads\/2021\/09\/Logo-IEMJ-Paypal.jpg","contentUrl":"https:\/\/www.iemj.org\/wp-content\/uploads\/2021\/09\/Logo-IEMJ-Paypal.jpg","width":150,"height":50,"caption":"Institut Europ\u00e9en des Musiques Juives"},"image":{"@id":"https:\/\/www.iemj.org\/de\/#\/schema\/logo\/image\/"},"sameAs":["https:\/\/www.facebook.com\/MusiquesJuives\/","https:\/\/www.instagram.com\/musiquesjuives\/","https:\/\/www.youtube.com\/user\/musiquesjuives"]},{"@type":"Person","@id":"https:\/\/www.iemj.org\/de\/#\/schema\/person\/358e26c18aca017fcc4cc15437f7279c","name":"Jacqueline ROTEN","image":{"@type":"ImageObject","inLanguage":"de","@id":"https:\/\/secure.gravatar.com\/avatar\/5964256d6c6957de3a3505278957e0fb2a35119ac47ea41827a65301213c810b?s=96&d=mm&r=g","url":"https:\/\/secure.gravatar.com\/avatar\/5964256d6c6957de3a3505278957e0fb2a35119ac47ea41827a65301213c810b?s=96&d=mm&r=g","contentUrl":"https:\/\/secure.gravatar.com\/avatar\/5964256d6c6957de3a3505278957e0fb2a35119ac47ea41827a65301213c810b?s=96&d=mm&r=g","caption":"Jacqueline ROTEN"}}]}},"_links":{"self":[{"href":"https:\/\/www.iemj.org\/de\/wp-json\/wp\/v2\/posts\/85390","targetHints":{"allow":["GET"]}}],"collection":[{"href":"https:\/\/www.iemj.org\/de\/wp-json\/wp\/v2\/posts"}],"about":[{"href":"https:\/\/www.iemj.org\/de\/wp-json\/wp\/v2\/types\/post"}],"author":[{"embeddable":true,"href":"https:\/\/www.iemj.org\/de\/wp-json\/wp\/v2\/users\/5"}],"replies":[{"embeddable":true,"href":"https:\/\/www.iemj.org\/de\/wp-json\/wp\/v2\/comments?post=85390"}],"version-history":[{"count":0,"href":"https:\/\/www.iemj.org\/de\/wp-json\/wp\/v2\/posts\/85390\/revisions"}],"wp:featuredmedia":[{"embeddable":true,"href":"https:\/\/www.iemj.org\/de\/wp-json\/wp\/v2\/media\/85118"}],"wp:attachment":[{"href":"https:\/\/www.iemj.org\/de\/wp-json\/wp\/v2\/media?parent=85390"}],"wp:term":[{"taxonomy":"category","embeddable":true,"href":"https:\/\/www.iemj.org\/de\/wp-json\/wp\/v2\/categories?post=85390"},{"taxonomy":"post_tag","embeddable":true,"href":"https:\/\/www.iemj.org\/de\/wp-json\/wp\/v2\/tags?post=85390"},{"taxonomy":"technique","embeddable":true,"href":"https:\/\/www.iemj.org\/de\/wp-json\/wp\/v2\/technique?post=85390"},{"taxonomy":"squelettes","embeddable":true,"href":"https:\/\/www.iemj.org\/de\/wp-json\/wp\/v2\/squelettes?post=85390"},{"taxonomy":"sujet","embeddable":true,"href":"https:\/\/www.iemj.org\/de\/wp-json\/wp\/v2\/sujet?post=85390"},{"taxonomy":"formation","embeddable":true,"href":"https:\/\/www.iemj.org\/de\/wp-json\/wp\/v2\/formation?post=85390"},{"taxonomy":"genre","embeddable":true,"href":"https:\/\/www.iemj.org\/de\/wp-json\/wp\/v2\/genre?post=85390"},{"taxonomy":"fonds","embeddable":true,"href":"https:\/\/www.iemj.org\/de\/wp-json\/wp\/v2\/fonds?post=85390"},{"taxonomy":"tradition","embeddable":true,"href":"https:\/\/www.iemj.org\/de\/wp-json\/wp\/v2\/tradition?post=85390"},{"taxonomy":"type-de-contenu","embeddable":true,"href":"https:\/\/www.iemj.org\/de\/wp-json\/wp\/v2\/type-de-contenu?post=85390"},{"taxonomy":"interprete-compositeur","embeddable":true,"href":"https:\/\/www.iemj.org\/de\/wp-json\/wp\/v2\/interprete-compositeur?post=85390"},{"taxonomy":"frise","embeddable":true,"href":"https:\/\/www.iemj.org\/de\/wp-json\/wp\/v2\/frise?post=85390"},{"taxonomy":"type-devenement","embeddable":true,"href":"https:\/\/www.iemj.org\/de\/wp-json\/wp\/v2\/type-devenement?post=85390"},{"taxonomy":"tableaux-liens-externes","embeddable":true,"href":"https:\/\/www.iemj.org\/de\/wp-json\/wp\/v2\/tableaux-liens-externes?post=85390"}],"curies":[{"name":"wp","href":"https:\/\/api.w.org\/{rel}","templated":true}]}}