{"id":85694,"date":"2022-06-21T12:35:48","date_gmt":"2022-06-21T10:35:48","guid":{"rendered":"https:\/\/www.iemj.org\/la-musique-juive-en-espagne\/"},"modified":"2022-06-23T15:01:53","modified_gmt":"2022-06-23T13:01:53","slug":"la-musique-juive-en-espagne","status":"publish","type":"post","link":"https:\/\/www.iemj.org\/de\/la-musique-juive-en-espagne\/","title":{"rendered":"Die J\u00fcdische Musik in Spanien"},"content":{"rendered":"<p style=\"text-align: left;\">Wie wir wissen, wurden die Juden 1492 aus Spanien vertrieben, obwohl es offensichtlich ist, dass viele blieben, nachdem sie zum Katholizismus konvertiert waren, und dass einige von ihnen ihren Glauben im Verborgenen weiter praktizierten. Wir besitzen weder die Partituren noch genug Dokumentation zur Musik der Juden, w\u00e4hrend sie fast tausend Jahren in der Iberischen Halbinsel lebten: nur Klagen von einigen Rabbinern bez\u00fcglich der Eingliederung von Melodien aus anderen religi\u00f6sen Gemeinschaften (moslemischen oder christlichen) in den Andachtsges\u00e4ngen <img fetchpriority=\"high\" decoding=\"async\" class=\"wp-image-85500 size-medium alignright\" src=\"https:\/\/www.iemj.org\/wp-content\/uploads\/2022\/06\/Autodafe-Inquisition-242x300.jpg\" alt=\"\" width=\"242\" height=\"300\" srcset=\"https:\/\/www.iemj.org\/wp-content\/uploads\/2022\/06\/Autodafe-Inquisition-242x300.jpg 242w, https:\/\/www.iemj.org\/wp-content\/uploads\/2022\/06\/Autodafe-Inquisition.jpg 282w\" sizes=\"(max-width: 242px) 100vw, 242px\" \/>(<em>piyyutim<\/em>), die gew\u00f6hnlicherweise zur Liturgie geh\u00f6ren. W\u00e4hrend ihrer langen Abwesenheit (oder Untergrund) kann man einige Zeugnisse f\u00fcr das Fortbestehen des spanischen Judentums in den Berichten anderer Gemeinden finden. Obwohl zum Beispiel die Zigeuner erst in der Zeit nach Spanien kamen, als die Juden abwanderten, hat sich im Flamenco-Erbe eine<em>buler\u00eda por sole\u00e1<\/em><span class=\"footnote_referrer\"><a role=\"button\" tabindex=\"0\" onclick=\"footnote_moveToReference_85694_1('footnote_plugin_reference_85694_1_1');\" onkeypress=\"footnote_moveToReference_85694_1('footnote_plugin_reference_85694_1_1');\" ><sup id=\"footnote_plugin_tooltip_85694_1_1\" class=\"footnote_plugin_tooltip_text\">[1]<\/sup><\/a><span id=\"footnote_plugin_tooltip_text_85694_1_1\" class=\"footnote_tooltip\">Buler\u00eda f\u00fcr Sole\u00e1: Flamencotanz mit intermedi\u00e4rem Rhythmus zwischen \u201eSole\u00e1\u201c und \u201eBuler\u00eda\u201c<span style=\"color: var(--bs-body-color); font-family: var(--bs-body-font-family); font-size: revert; font-weight: var(--bs-body-font-weight); text-align: var(--bs-body-text-align); background-color: var(--bs-body-bg);\"><\/span><\/span><script type=\"text\/javascript\"> jQuery('#footnote_plugin_tooltip_85694_1_1').tooltip({ tip: '#footnote_plugin_tooltip_text_85694_1_1', tipClass: 'footnote_tooltip', effect: 'fade', predelay: 0, fadeInSpeed: 200, delay: 400, fadeOutSpeed: 200, position: 'top center', relative: true, offset: [-7, 0], });<\/script> fest eingepr\u00e4gt, die einen schaudern l\u00e4sst, weil sie auf die <strong>Autodaf\u00e9s der Inquisition<\/strong> anspielt: \u201eDu bist wie die Juden, du bist wie die Juden; auch wenn sie die Kleider verbrennen, die du am K\u00f6rper tr\u00e4gst, verleugne nicht, was du gewesen bist.<\/span><span style=\"color: var(--bs-body-color); font-family: var(--bs-body-font-family); font-size: revert; font-weight: var(--bs-body-font-weight); text-align: var(--bs-body-text-align); background-color: var(--bs-body-bg);\"><span class=\"footnote_referrer\"><a role=\"button\" tabindex=\"0\" onclick=\"footnote_moveToReference_85694_1('footnote_plugin_reference_85694_1_2');\" onkeypress=\"footnote_moveToReference_85694_1('footnote_plugin_reference_85694_1_2');\" ><sup id=\"footnote_plugin_tooltip_85694_1_2\" class=\"footnote_plugin_tooltip_text\">[2]<\/sup><\/a><span id=\"footnote_plugin_tooltip_text_85694_1_2\" class=\"footnote_tooltip\"><\/span>Worte auf Spanisch: \u201eComo los jud\u00edos t\u00fa eres, t\u00fa eres como los jud\u00edos; aunque te quemen la ropa puesta en el cuerpo, no reniegas de lo que has <em>s\u00edo<\/em>\u201c<span style=\"color: var(--bs-body-color); font-family: var(--bs-body-font-family); font-size: revert; font-weight: var(--bs-body-font-weight); text-align: var(--bs-body-text-align); background-color: var(--bs-body-bg);\"><\/span><\/span><script type=\"text\/javascript\"> jQuery('#footnote_plugin_tooltip_85694_1_2').tooltip({ tip: '#footnote_plugin_tooltip_text_85694_1_2', tipClass: 'footnote_tooltip', effect: 'fade', predelay: 0, fadeInSpeed: 200, delay: 400, fadeOutSpeed: 200, position: 'top center', relative: true, offset: [-7, 0], });<\/script><\/span><\/p>\n<p><\/p>\n<figure id=\"attachment_85503\" aria-describedby=\"caption-attachment-85503\" style=\"width: 320px\" class=\"wp-caption alignleft\"><img decoding=\"async\" class=\"wp-image-85505\" src=\"https:\/\/www.iemj.org\/wp-content\/uploads\/2022\/06\/Ceuta-et-Melilla-300x213.jpg\" alt=\"\" width=\"320\" height=\"227\" srcset=\"https:\/\/www.iemj.org\/wp-content\/uploads\/2022\/06\/Ceuta-et-Melilla-300x213.jpg 300w, https:\/\/www.iemj.org\/wp-content\/uploads\/2022\/06\/Ceuta-et-Melilla.jpg 350w\" sizes=\"(max-width: 320px) 100vw, 320px\" \/><figcaption id=\"caption-attachment-85503\" class=\"wp-caption-text\"><strong>Ceuta et Melilla<\/strong><\/figcaption><\/figure>\n<p>Ab Mitte des 20. Jahrhunderts (nach der vierten und endg\u00fcltigen Abschaffung der Inquisition), kehrten die Juden schrittweise nach Spanien zur\u00fcck; die meisten kamen aus Zentraleuropa und waren mit modernen Industrien wie die Eisenbahn verbunden. In Melilla begann sich jedoch eine j\u00fcdische Gemeinschaft nordafrikanischer sephardischer Herkunft anzusiedeln, die ihre Riten und Melodien mitbrachte, obwohl diese Lieder nicht \u00fcber den Rahmen der Synagogen und der Familie hinausgingen. Einer der ersten, der dieses unbekannte Terrain erforschen hat, war <strong>Arcadio de Larrea Palac\u00edn<\/strong> (1907 \u2013 1985), Musikwissenschaftler und Flamenco-Spezialist, Folklorist und Mitglied der Real Academia de la Lengua (K\u00f6nigliche Akademie f\u00fcr Sprache), der Melilla und Ceuta besuchte, neben dem spanischen Protektorat in Marokko, wo er sich mehrere Volksmelodien notierte. Seine Arbeit ging jedoch \u00fcber den akademischen Rahmen nicht hinaus.<\/p>\n<p><\/p>\n<figure id=\"attachment_85508\" aria-describedby=\"caption-attachment-85508\" style=\"width: 321px\" class=\"wp-caption alignleft\"><img decoding=\"async\" class=\"wp-image-85510\" src=\"https:\/\/www.iemj.org\/wp-content\/uploads\/2022\/06\/Capture-Sophia-Noel-portrait-2-300x182.jpg\" alt=\"\" width=\"321\" height=\"195\" srcset=\"https:\/\/www.iemj.org\/wp-content\/uploads\/2022\/06\/Capture-Sophia-Noel-portrait-2-300x182.jpg 300w, https:\/\/www.iemj.org\/wp-content\/uploads\/2022\/06\/Capture-Sophia-Noel-portrait-2.jpg 350w\" sizes=\"(max-width: 321px) 100vw, 321px\" \/><figcaption id=\"caption-attachment-85508\" class=\"wp-caption-text\"><strong>Sof\u00eda Noel<\/strong><\/figcaption><\/figure>\n<p>Ab Anfang des 20. Jahrhunderts, vor allem dank der Arbeit des Senators \u00c1ngel Pulido (1852 \u2013 1932), entwickelte sich ein Gef\u00fchl des Philosemitismus, der 1924 zur Verk\u00fcndung einer Liste mit Namen von sephardischen Juden spanischer Herkunft f\u00fchrte, die erlaubte, die spanische Staatsangeh\u00f6rigkeit zu erlangen. Der Beginn des B\u00fcrgerkriegs 1936 und der Triumph des nationalistischen Lagers (das milit\u00e4risch von antisemitischen Regimen wie den Nazis unterst\u00fctzt wurde) unterbrachen dieser Ann\u00e4herungsschwung f\u00fcr Jahrzehnte. Dennoch kamen w\u00e4hrend dem Zweiten Weltkrieg mehrere Juden in Spanien an, die Zuflucht suchen, wie die Sopranistin und Musikwissenschaftlerin Sophie Heyman (1915 \u2013 2011), Tochter eines Sepharden und einer Aschkenasin (J\u00fcdin aus Osteuropa), die ihren Namen in <strong>Sof\u00eda Noel<\/strong> \u00e4nderte. Ihre Anwesenheit and ihr Talent inspirierten Komponisten wie Fernando Obradors zur Schaffung von Partituren, die sich auf die j\u00fcdisch-spanische Vergangenheit berufen. Bei ihren Tourneen wurde die Sopranistin Sof\u00eda Noel von Ricardo Vi\u00f1es am Klavier begleitet. Er war in Paris der Lehrer der sephardischen Pianistin Victoria Kamhi (1902 in Istanbul geboren und 1997 gestorben), die den Komponist Joaqu\u00edn Rodrigo heiratete (welcher vor allem f\u00fcr sein<em> Concierto de Aranjuez<\/em> bekannt ist).<\/p>\n<p><\/p>\n<figure id=\"attachment_85513\" aria-describedby=\"caption-attachment-85513\" style=\"width: 300px\" class=\"wp-caption alignright\"><img loading=\"lazy\" decoding=\"async\" class=\"wp-image-85515 size-medium\" src=\"https:\/\/www.iemj.org\/wp-content\/uploads\/2022\/06\/Joaquin-Diaz-300x252.jpg\" alt=\"\" width=\"300\" height=\"252\" srcset=\"https:\/\/www.iemj.org\/wp-content\/uploads\/2022\/06\/Joaquin-Diaz-300x252.jpg 300w, https:\/\/www.iemj.org\/wp-content\/uploads\/2022\/06\/Joaquin-Diaz.jpg 350w\" sizes=\"(max-width: 300px) 100vw, 300px\" \/><figcaption id=\"caption-attachment-85513\" class=\"wp-caption-text\"><strong>Joaqu\u00edn D\u00edaz<\/strong><\/figcaption><\/figure>\n<p>Nach dem Ende des Protektorats, der Unabh\u00e4ngigkeit von Marokko und insbesondere die Antisemitismuswelle, die dem Sechstagekrieg 1967 in Israel folgte, auswanderten zahlreiche sephardischen Juden aus Nordmarokko nach den spanischen Gro\u00dfst\u00e4dten (vor allem Madrid und Barcelona), und brachten ihre Riten und religi\u00f6se Musik mit, die haupts\u00e4chlich im synagogalen und Familienrahmen ausge\u00fcbt wurden. Im selben Jahr (1967) unternahm der Folklorist und Musiker <strong>Joaqu\u00edn D\u00edaz Gonz\u00e1lez <\/strong>eine Tournee mit Liederabenden und Vortr\u00e4gern an Universit\u00e4ten in den USA. So kennenlernte er den Gr\u00fcnder des Labels Folkways Records (Moses Asch), der ihm die Schallplatte mit sephardischen Volksliedern gab, die er 1959 herausgegeben hatte. Die Platte, von Gloria Levy interpretiert, machte ihm ein Repertoire und eine Sprache bekannt, von denen er nichts wusste, obwohl sie stark mit seinem eigenen Erbe verbunden waren; und er lie\u00df sich von diesen schnell beeinflussen. Seine ersten Platten, die von dieser Tradition inspiriert waren (auch wenn sie mit einem ausgepr\u00e4gten hispanischen Charakter interpretiert wurden), schufen die Grundlage f\u00fcr das, was in Spanien bis heute als <em>sephardische Musik<\/em> gilt. Zur gleichen Zeit ver\u00f6ffentlichte der israelische Musikwissenschaftler Itzhak (Isaac) Levy (Vater der S\u00e4ngerin Yasmin Levy), der 1919 in Manisa (heute T\u00fcrkei) geboren wurde und 1977 starb, zwei wichtige Sammlungen sephardischer Musik, die sowohl j\u00fcdisch-spanische Volksmusik als auch liturgische Ges\u00e4nge in hebr\u00e4ischer Sprache enthielten, die spanischen \u2013 und auch anderen \u2013 S\u00e4ngern als Referenz f\u00fcr die Auseinandersetzung mit diesem Repertoire dienten.<\/p>\n<audio class=\"wp-audio-shortcode\" id=\"audio-85694-1\" preload=\"none\" style=\"width: 100%;\" controls=\"controls\"><source type=\"audio\/mpeg\" src=\"https:\/\/www.iemj.org\/wp-content\/uploads\/2022\/06\/1.Barminan_Joaqin-Diaz-CD_699_21-3.mp3?_=1\" \/><a href=\"https:\/\/www.iemj.org\/wp-content\/uploads\/2022\/06\/1.Barminan_Joaqin-Diaz-CD_699_21-3.mp3\">https:\/\/www.iemj.org\/wp-content\/uploads\/2022\/06\/1.Barminan_Joaqin-Diaz-CD_699_21-3.mp3<\/a><\/audio>\n<p><strong>Barminan &#8211; Joaqin D\u00edaz<\/strong><\/p>\n<p><img loading=\"lazy\" decoding=\"async\" class=\" wp-image-85556 alignleft\" src=\"https:\/\/www.iemj.org\/wp-content\/uploads\/2022\/06\/Disque-Gloria-Levy-1959-D33-30_211_VIG-285x300.jpg\" alt=\"\" width=\"251\" height=\"264\" srcset=\"https:\/\/www.iemj.org\/wp-content\/uploads\/2022\/06\/Disque-Gloria-Levy-1959-D33-30_211_VIG-285x300.jpg 285w, https:\/\/www.iemj.org\/wp-content\/uploads\/2022\/06\/Disque-Gloria-Levy-1959-D33-30_211_VIG.jpg 333w\" sizes=\"(max-width: 251px) 100vw, 251px\" \/><\/p>\n<p>Diese Ereignisse kennzeichneten den Beginn der Karriere von S\u00e4ngern und Gruppen, die sich manchmal v\u00f6llig dem sephardischen Repertoire widmeten. Andere K\u00fcnstler haben das j\u00fcdisch-spanische Gesang neben spanischer Volksmusik in ihrem Repertoire aufgenommen. Parallel dazu entwickelte sich ein Interesse f\u00fcr die sephardische Musik liturgischer und paraliturgischer Herkunft auf Hebr\u00e4isch, was mehrmals zur <em>contrafacta<\/em> f\u00fchrte, d.h. die Ersetzung eines Textes durch einen anderen in der Vokalmusik unter Beibehaltung der Melodie. Dieser Mechanismus verst\u00e4rkte das Ideal einer \u201eMusik der <em>Drei Kulturen<\/em>\u201c, die auf die vermutliche Koexistenz und Toleranz zwischen die drei monotheistischen Religionen (Christlichen, Islamischen und Juden) im mittelalterlichen Spanien anspielt.<\/p>\n<audio class=\"wp-audio-shortcode\" id=\"audio-85694-2\" preload=\"none\" style=\"width: 100%;\" controls=\"controls\"><source type=\"audio\/mpeg\" src=\"https:\/\/www.iemj.org\/wp-content\/uploads\/2022\/06\/2.Quando-Veyi-Hija-Hermoza-Gloria-Levy-D33-30_211_01-3.mp3?_=2\" \/><a href=\"https:\/\/www.iemj.org\/wp-content\/uploads\/2022\/06\/2.Quando-Veyi-Hija-Hermoza-Gloria-Levy-D33-30_211_01-3.mp3\">https:\/\/www.iemj.org\/wp-content\/uploads\/2022\/06\/2.Quando-Veyi-Hija-Hermoza-Gloria-Levy-D33-30_211_01-3.mp3<\/a><\/audio>\n<p><strong>Quando Veyi Hija Hermoza &#8211; Gloria Levy <\/strong><\/p>\n<p><\/p>\n<p><img loading=\"lazy\" decoding=\"async\" class=\"wp-image-85521 alignright\" src=\"https:\/\/www.iemj.org\/wp-content\/uploads\/2022\/06\/Kroke-K7_563_VIG-296x300.jpg\" alt=\"\" width=\"240\" height=\"243\" srcset=\"https:\/\/www.iemj.org\/wp-content\/uploads\/2022\/06\/Kroke-K7_563_VIG-296x300.jpg 296w, https:\/\/www.iemj.org\/wp-content\/uploads\/2022\/06\/Kroke-K7_563_VIG-100x100.jpg 100w, https:\/\/www.iemj.org\/wp-content\/uploads\/2022\/06\/Kroke-K7_563_VIG.jpg 345w\" sizes=\"(max-width: 240px) 100vw, 240px\" \/><\/p>\n<p>Was die j\u00fcdische Musik der nicht-hispanischen Tradition betrifft, war seine Wirkung geringst. Beispielsweise ist die Klezmer-Musik (aus der Instrumentaltradition der osteurop\u00e4ischen Juden) unter nicht-spanischen und nicht-j\u00fcdischen Gruppen \u2013 wie die Polnischen Kroke \u2013 bekannter, obwohl in den letzten Jahrzehnten einige Nationalinitiativen wie die Gruppe <strong>Klezmer Sefard\u00ed<\/strong> (Sephardischer Klezmer) entstanden sind, die Musiker jeglicher Herkunft und Religion einbezieht. Andere Aspekte der j\u00fcdischen Musik (z. B. aus dem Nahen Osten) sind auf den B\u00fchnen der Halbinsel praktisch nicht vertreten.<\/p>\n<audio class=\"wp-audio-shortcode\" id=\"audio-85694-3\" preload=\"none\" style=\"width: 100%;\" controls=\"controls\"><source type=\"audio\/mpeg\" src=\"https:\/\/www.iemj.org\/wp-content\/uploads\/2022\/06\/3.Sun-Kroke-Extrait-CD_962_02_EX-3.mp3?_=3\" \/><a href=\"https:\/\/www.iemj.org\/wp-content\/uploads\/2022\/06\/3.Sun-Kroke-Extrait-CD_962_02_EX-3.mp3\">https:\/\/www.iemj.org\/wp-content\/uploads\/2022\/06\/3.Sun-Kroke-Extrait-CD_962_02_EX-3.mp3<\/a><\/audio>\n<p><strong>Sun &#8211; Kroke (Ausschnitt)<\/strong><\/p>\n<audio class=\"wp-audio-shortcode\" id=\"audio-85694-4\" preload=\"none\" style=\"width: 100%;\" controls=\"controls\"><source type=\"audio\/mpeg\" src=\"https:\/\/www.iemj.org\/wp-content\/uploads\/2022\/06\/4.Miserlou-Klezmer-Sefardi-Extrait-4.mp3?_=4\" \/><a href=\"https:\/\/www.iemj.org\/wp-content\/uploads\/2022\/06\/4.Miserlou-Klezmer-Sefardi-Extrait-4.mp3\">https:\/\/www.iemj.org\/wp-content\/uploads\/2022\/06\/4.Miserlou-Klezmer-Sefardi-Extrait-4.mp3<\/a><\/audio>\n<p><strong>Miserlou &#8211; Klezmer Sefardi (Ausschnitt)<\/strong><\/p>\n<p>Der geringe Anteil von Juden an der spanischen Bev\u00f6lkerung (ca. 0,1%) schr\u00e4nkt die k\u00fcnstlerischen M\u00f6glichkeiten derjenigen ein, die sich heute irgendeiner Form des j\u00fcdischen musikalischen Ausdrucks widmen m\u00f6chten. Dennoch finden wir wichtige j\u00fcdische Namen in popul\u00e4ren Musikgenres wie Jorge Drexler, Ariel Rot, Alejo Stivel oder Federico Lechner, aber auch eine gewisse Repr\u00e4sentativit\u00e4t unter den Interpreten klassischer Musik, obwohl die bekanntesten nationalen Vertreter der als j\u00fcdisch identifizierten Musik nicht Teil der genannten Gemeinschaft sind.<\/p>\n<p>Jorge Rozemblum<\/p>\n<p>Direktor von Radio Sefarad und spanischer Korrespondent des <strong><a href=\"https:\/\/www.iemj.org\/de\/iemj\/europaeisches-netzwerk\/\" target=\"_blank\" rel=\"noopener\">European Network of Jewish Music<\/a><\/strong><\/p>\n<p><a href=\"http:\/\/www.radiosefarad.com\/\">www.radiosefarad.com<\/a><\/p>\n<p><a href=\"#_ftnref1\" name=\"_ftn1\"><\/a><\/p>\n\n\n<figure class=\"wp-block-embed is-type-video is-provider-youtube wp-block-embed-youtube wp-embed-aspect-4-3 wp-has-aspect-ratio\"><div class=\"wp-block-embed__wrapper\">\n<iframe title=\"Dame Par\u00e1s\" width=\"640\" height=\"480\" src=\"https:\/\/www.youtube.com\/embed\/tp6qC0s5-FE?feature=oembed\" frameborder=\"0\" allow=\"accelerometer; autoplay; clipboard-write; encrypted-media; gyroscope; picture-in-picture; web-share\" referrerpolicy=\"strict-origin-when-cross-origin\" allowfullscreen><\/iframe>\n<\/div><\/figure>\n\n\n\n<p><\/p>\n<div class=\"speaker-mute footnotes_reference_container\"> <div class=\"footnote_container_prepare\"><p><span role=\"button\" tabindex=\"0\" class=\"footnote_reference_container_label pointer\" onclick=\"footnote_expand_collapse_reference_container_85694_1();\">&#x202F;<\/span><span role=\"button\" tabindex=\"0\" class=\"footnote_reference_container_collapse_button\" style=\"display: none;\" onclick=\"footnote_expand_collapse_reference_container_85694_1();\">[<a id=\"footnote_reference_container_collapse_button_85694_1\">+<\/a>]<\/span><\/p><\/div> <div id=\"footnote_references_container_85694_1\" style=\"\"><table class=\"footnotes_table footnote-reference-container\"><caption class=\"accessibility\">References<\/caption> <tbody> \r\n\r\n<tr class=\"footnotes_plugin_reference_row\"> <th scope=\"row\" class=\"footnote_plugin_index_combi pointer\"  onclick=\"footnote_moveToAnchor_85694_1('footnote_plugin_tooltip_85694_1_1');\"><a id=\"footnote_plugin_reference_85694_1_1\" class=\"footnote_backlink\">1<\/a><\/th> <td class=\"footnote_plugin_text\">Buler\u00eda f\u00fcr Sole\u00e1: Flamencotanz mit intermedi\u00e4rem Rhythmus zwischen \u201eSole\u00e1\u201c und \u201eBuler\u00eda\u201c<span style=\"color: var(--bs-body-color); font-family: var(--bs-body-font-family); font-size: revert; font-weight: var(--bs-body-font-weight); text-align: var(--bs-body-text-align); background-color: var(--bs-body-bg);\"><\/td><\/tr>\r\n\r\n<tr class=\"footnotes_plugin_reference_row\"> <th scope=\"row\" class=\"footnote_plugin_index_combi pointer\"  onclick=\"footnote_moveToAnchor_85694_1('footnote_plugin_tooltip_85694_1_2');\"><a id=\"footnote_plugin_reference_85694_1_2\" class=\"footnote_backlink\">2<\/a><\/th> <td class=\"footnote_plugin_text\"><\/span>Worte auf Spanisch: \u201eComo los jud\u00edos t\u00fa eres, t\u00fa eres como los jud\u00edos; aunque te quemen la ropa puesta en el cuerpo, no reniegas de lo que has <em>s\u00edo<\/em>\u201c<span style=\"color: var(--bs-body-color); font-family: var(--bs-body-font-family); font-size: revert; font-weight: var(--bs-body-font-weight); text-align: var(--bs-body-text-align); background-color: var(--bs-body-bg);\"><\/td><\/tr>\r\n\r\n <\/tbody> <\/table> <\/div><\/div><script type=\"text\/javascript\"> function footnote_expand_reference_container_85694_1() { jQuery('#footnote_references_container_85694_1').show(); jQuery('#footnote_reference_container_collapse_button_85694_1').text('\u2212'); } function footnote_collapse_reference_container_85694_1() { jQuery('#footnote_references_container_85694_1').hide(); jQuery('#footnote_reference_container_collapse_button_85694_1').text('+'); } function footnote_expand_collapse_reference_container_85694_1() { if (jQuery('#footnote_references_container_85694_1').is(':hidden')) { footnote_expand_reference_container_85694_1(); } else { footnote_collapse_reference_container_85694_1(); } } function footnote_moveToReference_85694_1(p_str_TargetID) { footnote_expand_reference_container_85694_1(); var l_obj_Target = jQuery('#' + p_str_TargetID); if (l_obj_Target.length) { jQuery( 'html, body' ).delay( 0 ); jQuery('html, body').animate({ scrollTop: l_obj_Target.offset().top - window.innerHeight * 0.2 }, 380); } } function footnote_moveToAnchor_85694_1(p_str_TargetID) { footnote_expand_reference_container_85694_1(); var l_obj_Target = jQuery('#' + p_str_TargetID); if (l_obj_Target.length) { jQuery( 'html, body' ).delay( 0 ); jQuery('html, body').animate({ scrollTop: l_obj_Target.offset().top - window.innerHeight * 0.2 }, 380); } }<\/script>","protected":false},"excerpt":{"rendered":"<p>Wie wir wissen, wurden die Juden 1492 aus Spanien vertrieben, obwohl es offensichtlich ist, dass viele blieben, nachdem sie zum Katholizismus konvertiert waren, und dass einige von ihnen ihren Glauben<\/p>\n","protected":false},"author":5,"featured_media":85548,"comment_status":"closed","ping_status":"closed","sticky":false,"template":"","format":"standard","meta":{"_acf_changed":false,"footnotes":""},"categories":[1406],"tags":[],"technique":[],"squelettes":[],"sujet":[],"formation":[],"genre":[],"fonds":[],"tradition":[],"type-de-contenu":[],"interprete-compositeur":[],"frise":[],"type-devenement":[],"tableaux-liens-externes":[],"class_list":["post-85694","post","type-post","status-publish","format-standard","has-post-thumbnail","hentry","category-hintergrundartikel-de"],"acf":[],"yoast_head":"<!-- This site is optimized with the Yoast SEO plugin v27.3 - https:\/\/yoast.com\/product\/yoast-seo-wordpress\/ -->\n<title>Die J\u00fcdische Musik in Spanien - Institut Europ\u00e9en des Musiques Juives<\/title>\n<meta name=\"robots\" content=\"index, follow, max-snippet:-1, max-image-preview:large, max-video-preview:-1\" \/>\n<link rel=\"canonical\" href=\"https:\/\/www.iemj.org\/de\/la-musique-juive-en-espagne\/\" \/>\n<meta property=\"og:locale\" content=\"de_DE\" \/>\n<meta property=\"og:type\" content=\"article\" \/>\n<meta property=\"og:title\" content=\"Die J\u00fcdische Musik in Spanien - Institut Europ\u00e9en des Musiques Juives\" \/>\n<meta property=\"og:description\" content=\"Wie wir wissen, wurden die Juden 1492 aus Spanien vertrieben, obwohl es offensichtlich ist, dass viele blieben, nachdem sie zum Katholizismus konvertiert waren, und dass einige von ihnen ihren Glauben\" \/>\n<meta property=\"og:url\" content=\"https:\/\/www.iemj.org\/de\/la-musique-juive-en-espagne\/\" \/>\n<meta property=\"og:site_name\" content=\"Institut Europ\u00e9en des Musiques Juives\" \/>\n<meta property=\"article:publisher\" content=\"https:\/\/www.facebook.com\/MusiquesJuives\/\" \/>\n<meta property=\"article:published_time\" content=\"2022-06-21T10:35:48+00:00\" \/>\n<meta property=\"article:modified_time\" content=\"2022-06-23T13:01:53+00:00\" \/>\n<meta property=\"og:image\" content=\"https:\/\/www.iemj.org\/wp-content\/uploads\/2022\/06\/Logo-Article.png\" \/>\n\t<meta property=\"og:image:width\" content=\"350\" \/>\n\t<meta property=\"og:image:height\" content=\"350\" \/>\n\t<meta property=\"og:image:type\" content=\"image\/png\" \/>\n<meta name=\"author\" content=\"Jacqueline ROTEN\" \/>\n<meta name=\"twitter:card\" content=\"summary_large_image\" \/>\n<meta name=\"twitter:label1\" content=\"Verfasst von\" \/>\n\t<meta name=\"twitter:data1\" content=\"Jacqueline ROTEN\" \/>\n\t<meta name=\"twitter:label2\" content=\"Gesch\u00e4tzte Lesezeit\" \/>\n\t<meta name=\"twitter:data2\" content=\"8\u00a0Minuten\" \/>\n<script type=\"application\/ld+json\" class=\"yoast-schema-graph\">{\"@context\":\"https:\\\/\\\/schema.org\",\"@graph\":[{\"@type\":\"Article\",\"@id\":\"https:\\\/\\\/www.iemj.org\\\/de\\\/la-musique-juive-en-espagne\\\/#article\",\"isPartOf\":{\"@id\":\"https:\\\/\\\/www.iemj.org\\\/de\\\/la-musique-juive-en-espagne\\\/\"},\"author\":{\"name\":\"Jacqueline ROTEN\",\"@id\":\"https:\\\/\\\/www.iemj.org\\\/de\\\/#\\\/schema\\\/person\\\/358e26c18aca017fcc4cc15437f7279c\"},\"headline\":\"Die J\u00fcdische Musik in Spanien\",\"datePublished\":\"2022-06-21T10:35:48+00:00\",\"dateModified\":\"2022-06-23T13:01:53+00:00\",\"mainEntityOfPage\":{\"@id\":\"https:\\\/\\\/www.iemj.org\\\/de\\\/la-musique-juive-en-espagne\\\/\"},\"wordCount\":1184,\"publisher\":{\"@id\":\"https:\\\/\\\/www.iemj.org\\\/de\\\/#organization\"},\"image\":{\"@id\":\"https:\\\/\\\/www.iemj.org\\\/de\\\/la-musique-juive-en-espagne\\\/#primaryimage\"},\"thumbnailUrl\":\"https:\\\/\\\/www.iemj.org\\\/wp-content\\\/uploads\\\/2022\\\/06\\\/Logo-Article.png\",\"articleSection\":[\"Hintergrundartikel\"],\"inLanguage\":\"de\"},{\"@type\":\"WebPage\",\"@id\":\"https:\\\/\\\/www.iemj.org\\\/de\\\/la-musique-juive-en-espagne\\\/\",\"url\":\"https:\\\/\\\/www.iemj.org\\\/de\\\/la-musique-juive-en-espagne\\\/\",\"name\":\"Die J\u00fcdische Musik in Spanien - Institut Europ\u00e9en des Musiques Juives\",\"isPartOf\":{\"@id\":\"https:\\\/\\\/www.iemj.org\\\/de\\\/#website\"},\"primaryImageOfPage\":{\"@id\":\"https:\\\/\\\/www.iemj.org\\\/de\\\/la-musique-juive-en-espagne\\\/#primaryimage\"},\"image\":{\"@id\":\"https:\\\/\\\/www.iemj.org\\\/de\\\/la-musique-juive-en-espagne\\\/#primaryimage\"},\"thumbnailUrl\":\"https:\\\/\\\/www.iemj.org\\\/wp-content\\\/uploads\\\/2022\\\/06\\\/Logo-Article.png\",\"datePublished\":\"2022-06-21T10:35:48+00:00\",\"dateModified\":\"2022-06-23T13:01:53+00:00\",\"breadcrumb\":{\"@id\":\"https:\\\/\\\/www.iemj.org\\\/de\\\/la-musique-juive-en-espagne\\\/#breadcrumb\"},\"inLanguage\":\"de\",\"potentialAction\":[{\"@type\":\"ReadAction\",\"target\":[\"https:\\\/\\\/www.iemj.org\\\/de\\\/la-musique-juive-en-espagne\\\/\"]}]},{\"@type\":\"ImageObject\",\"inLanguage\":\"de\",\"@id\":\"https:\\\/\\\/www.iemj.org\\\/de\\\/la-musique-juive-en-espagne\\\/#primaryimage\",\"url\":\"https:\\\/\\\/www.iemj.org\\\/wp-content\\\/uploads\\\/2022\\\/06\\\/Logo-Article.png\",\"contentUrl\":\"https:\\\/\\\/www.iemj.org\\\/wp-content\\\/uploads\\\/2022\\\/06\\\/Logo-Article.png\",\"width\":350,\"height\":350},{\"@type\":\"BreadcrumbList\",\"@id\":\"https:\\\/\\\/www.iemj.org\\\/de\\\/la-musique-juive-en-espagne\\\/#breadcrumb\",\"itemListElement\":[{\"@type\":\"ListItem\",\"position\":1,\"name\":\"Accueil\",\"item\":\"https:\\\/\\\/www.iemj.org\\\/de\\\/\"},{\"@type\":\"ListItem\",\"position\":2,\"name\":\"Die J\u00fcdische Musik in Spanien\"}]},{\"@type\":\"WebSite\",\"@id\":\"https:\\\/\\\/www.iemj.org\\\/de\\\/#website\",\"url\":\"https:\\\/\\\/www.iemj.org\\\/de\\\/\",\"name\":\"Institut Europ\u00e9en des Musiques Juives\",\"description\":\"Des traditions musicales \u00e0 la port\u00e9e de tous\",\"publisher\":{\"@id\":\"https:\\\/\\\/www.iemj.org\\\/de\\\/#organization\"},\"potentialAction\":[{\"@type\":\"SearchAction\",\"target\":{\"@type\":\"EntryPoint\",\"urlTemplate\":\"https:\\\/\\\/www.iemj.org\\\/de\\\/?s={search_term_string}\"},\"query-input\":{\"@type\":\"PropertyValueSpecification\",\"valueRequired\":true,\"valueName\":\"search_term_string\"}}],\"inLanguage\":\"de\"},{\"@type\":\"Organization\",\"@id\":\"https:\\\/\\\/www.iemj.org\\\/de\\\/#organization\",\"name\":\"Institut Europ\u00e9en des Musiques Juives\",\"url\":\"https:\\\/\\\/www.iemj.org\\\/de\\\/\",\"logo\":{\"@type\":\"ImageObject\",\"inLanguage\":\"de\",\"@id\":\"https:\\\/\\\/www.iemj.org\\\/de\\\/#\\\/schema\\\/logo\\\/image\\\/\",\"url\":\"https:\\\/\\\/www.iemj.org\\\/wp-content\\\/uploads\\\/2021\\\/09\\\/Logo-IEMJ-Paypal.jpg\",\"contentUrl\":\"https:\\\/\\\/www.iemj.org\\\/wp-content\\\/uploads\\\/2021\\\/09\\\/Logo-IEMJ-Paypal.jpg\",\"width\":150,\"height\":50,\"caption\":\"Institut Europ\u00e9en des Musiques Juives\"},\"image\":{\"@id\":\"https:\\\/\\\/www.iemj.org\\\/de\\\/#\\\/schema\\\/logo\\\/image\\\/\"},\"sameAs\":[\"https:\\\/\\\/www.facebook.com\\\/MusiquesJuives\\\/\",\"https:\\\/\\\/www.instagram.com\\\/musiquesjuives\\\/\",\"https:\\\/\\\/www.youtube.com\\\/user\\\/musiquesjuives\"]},{\"@type\":\"Person\",\"@id\":\"https:\\\/\\\/www.iemj.org\\\/de\\\/#\\\/schema\\\/person\\\/358e26c18aca017fcc4cc15437f7279c\",\"name\":\"Jacqueline ROTEN\",\"image\":{\"@type\":\"ImageObject\",\"inLanguage\":\"de\",\"@id\":\"https:\\\/\\\/secure.gravatar.com\\\/avatar\\\/5964256d6c6957de3a3505278957e0fb2a35119ac47ea41827a65301213c810b?s=96&d=mm&r=g\",\"url\":\"https:\\\/\\\/secure.gravatar.com\\\/avatar\\\/5964256d6c6957de3a3505278957e0fb2a35119ac47ea41827a65301213c810b?s=96&d=mm&r=g\",\"contentUrl\":\"https:\\\/\\\/secure.gravatar.com\\\/avatar\\\/5964256d6c6957de3a3505278957e0fb2a35119ac47ea41827a65301213c810b?s=96&d=mm&r=g\",\"caption\":\"Jacqueline ROTEN\"}}]}<\/script>\n<!-- \/ Yoast SEO plugin. -->","yoast_head_json":{"title":"Die J\u00fcdische Musik in Spanien - Institut Europ\u00e9en des Musiques Juives","robots":{"index":"index","follow":"follow","max-snippet":"max-snippet:-1","max-image-preview":"max-image-preview:large","max-video-preview":"max-video-preview:-1"},"canonical":"https:\/\/www.iemj.org\/de\/la-musique-juive-en-espagne\/","og_locale":"de_DE","og_type":"article","og_title":"Die J\u00fcdische Musik in Spanien - Institut Europ\u00e9en des Musiques Juives","og_description":"Wie wir wissen, wurden die Juden 1492 aus Spanien vertrieben, obwohl es offensichtlich ist, dass viele blieben, nachdem sie zum Katholizismus konvertiert waren, und dass einige von ihnen ihren Glauben","og_url":"https:\/\/www.iemj.org\/de\/la-musique-juive-en-espagne\/","og_site_name":"Institut Europ\u00e9en des Musiques Juives","article_publisher":"https:\/\/www.facebook.com\/MusiquesJuives\/","article_published_time":"2022-06-21T10:35:48+00:00","article_modified_time":"2022-06-23T13:01:53+00:00","og_image":[{"width":350,"height":350,"url":"https:\/\/www.iemj.org\/wp-content\/uploads\/2022\/06\/Logo-Article.png","type":"image\/png"}],"author":"Jacqueline ROTEN","twitter_card":"summary_large_image","twitter_misc":{"Verfasst von":"Jacqueline ROTEN","Gesch\u00e4tzte Lesezeit":"8\u00a0Minuten"},"schema":{"@context":"https:\/\/schema.org","@graph":[{"@type":"Article","@id":"https:\/\/www.iemj.org\/de\/la-musique-juive-en-espagne\/#article","isPartOf":{"@id":"https:\/\/www.iemj.org\/de\/la-musique-juive-en-espagne\/"},"author":{"name":"Jacqueline ROTEN","@id":"https:\/\/www.iemj.org\/de\/#\/schema\/person\/358e26c18aca017fcc4cc15437f7279c"},"headline":"Die J\u00fcdische Musik in Spanien","datePublished":"2022-06-21T10:35:48+00:00","dateModified":"2022-06-23T13:01:53+00:00","mainEntityOfPage":{"@id":"https:\/\/www.iemj.org\/de\/la-musique-juive-en-espagne\/"},"wordCount":1184,"publisher":{"@id":"https:\/\/www.iemj.org\/de\/#organization"},"image":{"@id":"https:\/\/www.iemj.org\/de\/la-musique-juive-en-espagne\/#primaryimage"},"thumbnailUrl":"https:\/\/www.iemj.org\/wp-content\/uploads\/2022\/06\/Logo-Article.png","articleSection":["Hintergrundartikel"],"inLanguage":"de"},{"@type":"WebPage","@id":"https:\/\/www.iemj.org\/de\/la-musique-juive-en-espagne\/","url":"https:\/\/www.iemj.org\/de\/la-musique-juive-en-espagne\/","name":"Die J\u00fcdische Musik in Spanien - Institut Europ\u00e9en des Musiques Juives","isPartOf":{"@id":"https:\/\/www.iemj.org\/de\/#website"},"primaryImageOfPage":{"@id":"https:\/\/www.iemj.org\/de\/la-musique-juive-en-espagne\/#primaryimage"},"image":{"@id":"https:\/\/www.iemj.org\/de\/la-musique-juive-en-espagne\/#primaryimage"},"thumbnailUrl":"https:\/\/www.iemj.org\/wp-content\/uploads\/2022\/06\/Logo-Article.png","datePublished":"2022-06-21T10:35:48+00:00","dateModified":"2022-06-23T13:01:53+00:00","breadcrumb":{"@id":"https:\/\/www.iemj.org\/de\/la-musique-juive-en-espagne\/#breadcrumb"},"inLanguage":"de","potentialAction":[{"@type":"ReadAction","target":["https:\/\/www.iemj.org\/de\/la-musique-juive-en-espagne\/"]}]},{"@type":"ImageObject","inLanguage":"de","@id":"https:\/\/www.iemj.org\/de\/la-musique-juive-en-espagne\/#primaryimage","url":"https:\/\/www.iemj.org\/wp-content\/uploads\/2022\/06\/Logo-Article.png","contentUrl":"https:\/\/www.iemj.org\/wp-content\/uploads\/2022\/06\/Logo-Article.png","width":350,"height":350},{"@type":"BreadcrumbList","@id":"https:\/\/www.iemj.org\/de\/la-musique-juive-en-espagne\/#breadcrumb","itemListElement":[{"@type":"ListItem","position":1,"name":"Accueil","item":"https:\/\/www.iemj.org\/de\/"},{"@type":"ListItem","position":2,"name":"Die J\u00fcdische Musik in Spanien"}]},{"@type":"WebSite","@id":"https:\/\/www.iemj.org\/de\/#website","url":"https:\/\/www.iemj.org\/de\/","name":"Institut Europ\u00e9en des Musiques Juives","description":"Des traditions musicales \u00e0 la port\u00e9e de tous","publisher":{"@id":"https:\/\/www.iemj.org\/de\/#organization"},"potentialAction":[{"@type":"SearchAction","target":{"@type":"EntryPoint","urlTemplate":"https:\/\/www.iemj.org\/de\/?s={search_term_string}"},"query-input":{"@type":"PropertyValueSpecification","valueRequired":true,"valueName":"search_term_string"}}],"inLanguage":"de"},{"@type":"Organization","@id":"https:\/\/www.iemj.org\/de\/#organization","name":"Institut Europ\u00e9en des Musiques Juives","url":"https:\/\/www.iemj.org\/de\/","logo":{"@type":"ImageObject","inLanguage":"de","@id":"https:\/\/www.iemj.org\/de\/#\/schema\/logo\/image\/","url":"https:\/\/www.iemj.org\/wp-content\/uploads\/2021\/09\/Logo-IEMJ-Paypal.jpg","contentUrl":"https:\/\/www.iemj.org\/wp-content\/uploads\/2021\/09\/Logo-IEMJ-Paypal.jpg","width":150,"height":50,"caption":"Institut Europ\u00e9en des Musiques Juives"},"image":{"@id":"https:\/\/www.iemj.org\/de\/#\/schema\/logo\/image\/"},"sameAs":["https:\/\/www.facebook.com\/MusiquesJuives\/","https:\/\/www.instagram.com\/musiquesjuives\/","https:\/\/www.youtube.com\/user\/musiquesjuives"]},{"@type":"Person","@id":"https:\/\/www.iemj.org\/de\/#\/schema\/person\/358e26c18aca017fcc4cc15437f7279c","name":"Jacqueline ROTEN","image":{"@type":"ImageObject","inLanguage":"de","@id":"https:\/\/secure.gravatar.com\/avatar\/5964256d6c6957de3a3505278957e0fb2a35119ac47ea41827a65301213c810b?s=96&d=mm&r=g","url":"https:\/\/secure.gravatar.com\/avatar\/5964256d6c6957de3a3505278957e0fb2a35119ac47ea41827a65301213c810b?s=96&d=mm&r=g","contentUrl":"https:\/\/secure.gravatar.com\/avatar\/5964256d6c6957de3a3505278957e0fb2a35119ac47ea41827a65301213c810b?s=96&d=mm&r=g","caption":"Jacqueline ROTEN"}}]}},"_links":{"self":[{"href":"https:\/\/www.iemj.org\/de\/wp-json\/wp\/v2\/posts\/85694","targetHints":{"allow":["GET"]}}],"collection":[{"href":"https:\/\/www.iemj.org\/de\/wp-json\/wp\/v2\/posts"}],"about":[{"href":"https:\/\/www.iemj.org\/de\/wp-json\/wp\/v2\/types\/post"}],"author":[{"embeddable":true,"href":"https:\/\/www.iemj.org\/de\/wp-json\/wp\/v2\/users\/5"}],"replies":[{"embeddable":true,"href":"https:\/\/www.iemj.org\/de\/wp-json\/wp\/v2\/comments?post=85694"}],"version-history":[{"count":0,"href":"https:\/\/www.iemj.org\/de\/wp-json\/wp\/v2\/posts\/85694\/revisions"}],"wp:featuredmedia":[{"embeddable":true,"href":"https:\/\/www.iemj.org\/de\/wp-json\/wp\/v2\/media\/85548"}],"wp:attachment":[{"href":"https:\/\/www.iemj.org\/de\/wp-json\/wp\/v2\/media?parent=85694"}],"wp:term":[{"taxonomy":"category","embeddable":true,"href":"https:\/\/www.iemj.org\/de\/wp-json\/wp\/v2\/categories?post=85694"},{"taxonomy":"post_tag","embeddable":true,"href":"https:\/\/www.iemj.org\/de\/wp-json\/wp\/v2\/tags?post=85694"},{"taxonomy":"technique","embeddable":true,"href":"https:\/\/www.iemj.org\/de\/wp-json\/wp\/v2\/technique?post=85694"},{"taxonomy":"squelettes","embeddable":true,"href":"https:\/\/www.iemj.org\/de\/wp-json\/wp\/v2\/squelettes?post=85694"},{"taxonomy":"sujet","embeddable":true,"href":"https:\/\/www.iemj.org\/de\/wp-json\/wp\/v2\/sujet?post=85694"},{"taxonomy":"formation","embeddable":true,"href":"https:\/\/www.iemj.org\/de\/wp-json\/wp\/v2\/formation?post=85694"},{"taxonomy":"genre","embeddable":true,"href":"https:\/\/www.iemj.org\/de\/wp-json\/wp\/v2\/genre?post=85694"},{"taxonomy":"fonds","embeddable":true,"href":"https:\/\/www.iemj.org\/de\/wp-json\/wp\/v2\/fonds?post=85694"},{"taxonomy":"tradition","embeddable":true,"href":"https:\/\/www.iemj.org\/de\/wp-json\/wp\/v2\/tradition?post=85694"},{"taxonomy":"type-de-contenu","embeddable":true,"href":"https:\/\/www.iemj.org\/de\/wp-json\/wp\/v2\/type-de-contenu?post=85694"},{"taxonomy":"interprete-compositeur","embeddable":true,"href":"https:\/\/www.iemj.org\/de\/wp-json\/wp\/v2\/interprete-compositeur?post=85694"},{"taxonomy":"frise","embeddable":true,"href":"https:\/\/www.iemj.org\/de\/wp-json\/wp\/v2\/frise?post=85694"},{"taxonomy":"type-devenement","embeddable":true,"href":"https:\/\/www.iemj.org\/de\/wp-json\/wp\/v2\/type-devenement?post=85694"},{"taxonomy":"tableaux-liens-externes","embeddable":true,"href":"https:\/\/www.iemj.org\/de\/wp-json\/wp\/v2\/tableaux-liens-externes?post=85694"}],"curies":[{"name":"wp","href":"https:\/\/api.w.org\/{rel}","templated":true}]}}