{"id":86197,"date":"2022-07-20T18:02:13","date_gmt":"2022-07-20T16:02:13","guid":{"rendered":"https:\/\/www.iemj.org\/journo-raoul-1911-2001\/"},"modified":"2022-07-21T14:13:05","modified_gmt":"2022-07-21T12:13:05","slug":"journo-raoul-1911-2001","status":"publish","type":"post","link":"https:\/\/www.iemj.org\/de\/journo-raoul-1911-2001\/","title":{"rendered":"Journo, Raoul (1911-2001)"},"content":{"rendered":"<p><strong>Von Herv\u00e9 Roten<\/strong><\/p>\n<p>Raoul Journo wurde 1911 in Tunis geboren, und starb 2001 in Paris. Er war der Texter, Komponist und S\u00e4nger von mehr als 90 Lieder, die im dem reinsten Stil der orientalischen Musik geschrieben wurden. Er hatte eine kr\u00e4ftige Stimme und spezialisierte sich auf der Interpretation von Ta\u00e2lil, diesen improvisierten Lobliedern bei Familienfeiern (Geburt, Beschneidung, Bar Mitzwa, Henna, Hochzeit&#8230;). Doch hinter der Musik steht die Geschichte eines Mannes, der das Schicksal erzwingen musste, um dem Elend zu entgehen.<\/p>\n<p>Raoul Journo wurde am 18. Januar 1911 in einem Arbeiterviertel in Tunis geboren, wo Juden und Araber friedlich zusammenlebten. Seine Familie lebte in unzureichenden Bedingungen. Sein Vater war Anstreicher und verdiente kaum genug, um seine Familie zu ern\u00e4hren. Und seine kleine Schwester starb im Alter von f\u00fcnf Jahren an Entbehrungen und mangelnder Pflege.<\/p>\n<p><img decoding=\"async\" class=\"alignleft wp-image-86182\" src=\"https:\/\/www.iemj.org\/wp-content\/uploads\/2022\/07\/D45-17_390_VIG_Raoul-Journo-292x300.jpg\" alt=\"\" width=\"193\" height=\"198\" srcset=\"https:\/\/www.iemj.org\/wp-content\/uploads\/2022\/07\/D45-17_390_VIG_Raoul-Journo-292x300.jpg 292w, https:\/\/www.iemj.org\/wp-content\/uploads\/2022\/07\/D45-17_390_VIG_Raoul-Journo.jpg 341w\" sizes=\"(max-width: 193px) 100vw, 193px\" \/><\/p>\n<p>Von Kindesbeinen an wurde Raoul Journo von der Musik und vom Gesang angezogen, zur Verzweiflung seiner Mutter, die sich w\u00fcnschte, dass er Arzt oder Anwalt wird. Jedoch war es die melodi\u00f6se Stimme seiner Mutter, die Gedichte und <em>Aroubis<\/em> (gesungene nostalgische Gedichte) vortrug, die den jungen Raoul in seinem Wunsch best\u00e4rkte, S\u00e4nger zu werden. Der Gesang diente ihm als Ventil, um seine miserablen Lebensumst\u00e4nde zu \u00fcberwinden.<\/p>\n<p>Ab 9 ging er jeden Samstag ab 2 Uhr morgens mit seinem Vater zum Beten in zwei Synagogen. Seine melodi\u00f6se und kraftvolle Stimme, die die Sabbatgebete anstimmte, fesselte die Gl\u00e4ubigen und war seines Vaters Stolz. Nach seiner Bar Mitzwa im Jahr 1924, ging er in die Synagoge jeden Montag- und Donnerstagmorgen.<\/p>\n<p><img decoding=\"async\" class=\"wp-image-86177 alignright\" src=\"https:\/\/www.iemj.org\/wp-content\/uploads\/2022\/07\/CD_1296_VIG-Habiba-Msika-300x298.jpg\" alt=\"\" width=\"215\" height=\"214\" srcset=\"https:\/\/www.iemj.org\/wp-content\/uploads\/2022\/07\/CD_1296_VIG-Habiba-Msika-300x300.jpg 300w, https:\/\/www.iemj.org\/wp-content\/uploads\/2022\/07\/CD_1296_VIG-Habiba-Msika-150x150.jpg 150w, https:\/\/www.iemj.org\/wp-content\/uploads\/2022\/07\/CD_1296_VIG-Habiba-Msika-100x100.jpg 100w, https:\/\/www.iemj.org\/wp-content\/uploads\/2022\/07\/CD_1296_VIG-Habiba-Msika.jpg 352w\" sizes=\"(max-width: 215px) 100vw, 215px\" \/><\/p>\n<p>In den Caf\u00e9s machte er sich mit den Melodien und Liedern seiner Zeit vertraut. Damals spielten die Caf\u00e9besitzer auf Grammophonen die Wachsplatten der wichtigsten modischen S\u00e4nger ab: Chiri El Hassanin, Zaki Mourad, Habiba Msika, Umm Kulthum, Cheikh Salama, El Abedih Chir El Chafti, Abdel Wab&#8230; An der israelitischen Schule der Hafsia besuchte er u.a. Gesangskurse bei Gaston Bchiri, der ihn Malouf-St\u00fccke, \u00e4gyptische, tunesische und tripolitanische Lieder lehrte. Eines Tages ging Gaston Bchiri, der vom Talent seines jungen Sch\u00fclers beeindruckt war, zu Raouls Vater und schlag ihm vor, dass sein Sohn ihn auf den Konzertabenden, bei denen er eingestellt war, begleitet. Doch sein Vater lehnte dies kategorisch ab. Zu dieser Zeit galt S\u00e4nger als ein Beruf f\u00fcr vulg\u00e4re und verdorbene Menschen.<\/p>\n<p><img decoding=\"async\" class=\"wp-image-86164 alignleft\" src=\"https:\/\/www.iemj.org\/wp-content\/uploads\/2022\/07\/Louisa-Tounsia-300x300.jpg\" alt=\"\" width=\"208\" height=\"208\" srcset=\"https:\/\/www.iemj.org\/wp-content\/uploads\/2022\/07\/Louisa-Tounsia-300x300.jpg 300w, https:\/\/www.iemj.org\/wp-content\/uploads\/2022\/07\/Louisa-Tounsia-150x150.jpg 150w, https:\/\/www.iemj.org\/wp-content\/uploads\/2022\/07\/Louisa-Tounsia-100x100.jpg 100w, https:\/\/www.iemj.org\/wp-content\/uploads\/2022\/07\/Louisa-Tounsia.jpg 349w\" sizes=\"(max-width: 208px) 100vw, 208px\" \/><\/p>\n<p>Mit 15 Jahren war Raoul Journo gezwungen, die Schule zu verlassen, um eine Arbeit zu finden, mit der seine Familie \u00fcberleben konnte. Fast sechs Jahre lang machte er verschiedene Umschlagarbeiten, und sang gleichzeitig weiterhin, wenn sich die Gelegenheit bot. Mit 17 kaufte er eine Oud (orientalische Laute) und beherrschte das Spiel schnell, ohne jemals einen Kurs besuchen zu haben. Er wurde schrittweise bekannter und immer h\u00e4ufiger f\u00fcr Auftritte gefragt, bei denen er manchmal mit Stars wie Habiba Msika zusammenarbeitete. Er besuchte auch regelm\u00e4\u00dfig die Konzerte von Louisia Tounsia.<\/p>\n<p>Als Raoul Journo 18 Jahre alt wurde, war er sich seines Talents und seiner k\u00fcnstlerischen M\u00f6glichkeiten bewusst. Er h\u00f6rte auf, in Caf\u00e9s und miese Restaurants aufzutreten und nahm Gesangsunterricht. Mit 21 Jahren lernte er seine zuk\u00fcnftige Frau \u00c9milie kennen, die ihn aufforderte, auf eine musikalische Karriere zu verzichten. Gl\u00fccklicherweise begann er, seine ersten Erfolge als S\u00e4nger und Komponist bei Radio Tunis zu erzielen, wo er regelm\u00e4\u00dfig eingeladen wurde. Er wurde daraufhin in die SACEM aufgenommen und nahm 1933 seine erste Schallplatte unter der Leitung des ber\u00fchmten Pianisten Messaoud Ahbib auf, der Dirigent und gleichzeitig Direktor des Plattenlabels Path\u00e9 Marconi war. Diese erste Platte, die in ganz Nordafrika ein gro\u00dfer Erfolg war, katapultierte Raoul Journo an die Spitze des Musikgesch\u00e4fts und erm\u00f6glichte es ihm endlich, von seiner Kunst zu leben.<\/p>\n<p>1933 ging Raoul Journo an Bord eines Passagierschiffs in Richtung Paris. Nach einer Aufnahme von zehn Liedern bei Path\u00e9-Marconi unterschrieb er bei Polydor zwei weitere Platten mit jeweils zehn Liedern. Nach seiner R\u00fcckkehr nach Tunis gr\u00fcndete er dank seiner in Paris erworbenen Bekanntheit sein eigenes professionelles Orchester und heiratete am 24. Juni 1934 \u00c9milie, trotz ihres unterschiedlichen sozialen Hintergrunds.<\/p>\n<p><img loading=\"lazy\" decoding=\"async\" class=\" wp-image-86187 alignright\" src=\"https:\/\/www.iemj.org\/wp-content\/uploads\/2022\/07\/COUV-livre-Raoul-Journo-193x300.jpg\" alt=\"\" width=\"210\" height=\"327\" srcset=\"https:\/\/www.iemj.org\/wp-content\/uploads\/2022\/07\/COUV-livre-Raoul-Journo-193x300.jpg 193w, https:\/\/www.iemj.org\/wp-content\/uploads\/2022\/07\/COUV-livre-Raoul-Journo-660x1024.jpg 660w, https:\/\/www.iemj.org\/wp-content\/uploads\/2022\/07\/COUV-livre-Raoul-Journo-768x1192.jpg 768w, https:\/\/www.iemj.org\/wp-content\/uploads\/2022\/07\/COUV-livre-Raoul-Journo-990x1536.jpg 990w, https:\/\/www.iemj.org\/wp-content\/uploads\/2022\/07\/COUV-livre-Raoul-Journo-1320x2048.jpg 1320w, https:\/\/www.iemj.org\/wp-content\/uploads\/2022\/07\/COUV-livre-Raoul-Journo-600x931.jpg 600w, https:\/\/www.iemj.org\/wp-content\/uploads\/2022\/07\/COUV-livre-Raoul-Journo-scaled.jpg 1649w\" sizes=\"(max-width: 210px) 100vw, 210px\" \/><span style=\"background-color: var(--bs-body-bg); color: var(--bs-body-color); font-family: var(--bs-body-font-family); font-size: revert; font-weight: var(--bs-body-font-weight); text-align: var(--bs-body-text-align);\">Ihre erste Tochter Lyli wurde 1935 geboren, aber Raoul Journos K\u00fcnstlergagen, von denen er einen Teil an seine Eltern abf\u00fchrte, reichten nicht aus, um dem Paar und ihrem Baby ein angemessenes Leben zu erm\u00f6glichen. Raoul Journo, der immer noch Schwierigkeiten damit hat, eine Bezahlung f\u00fcr seine Auftritte als S\u00e4nger zu akzeptieren, war gezwungen, weiterhin nebenher zu arbeiten. Gleichzeitig setzte ihn der tunesische Rundfunk, wo er regelm\u00e4\u00dfig Hochzeitslieder vortrug, als Idol f\u00fcr arabische Hochzeiten durch. Auch Juden ersuchten ihn f\u00fcr Brit Mila, Bar Mitzwa, Henna, Hochzeiten und Geburtstage.<\/span><\/p>\n<p>1938 wurde ihre zweite Tochter Simone geboren. Raouls Karriere war zu dieser Zeit auf dem H\u00f6hepunkt, aber der Krieg und die Besatzung Tunesiens durch die Nazis beendete die Konzerte. Die Zeiten waren hart und die M\u00e4gen leer. Nach der Befreiung konnte Raoul seine k\u00fcnstlerischen Aktivit\u00e4ten wieder aufnehmen. Er war h\u00e4ufig vom Bey und hohen Pers\u00f6nlichkeiten Tunesiens eingeladen.<\/p>\n<p>Im August 1946 und Juni 1950 wurden zwei weitere Tochter geboren: Flavie und Dany. Raoul Journo unternahm triumphale Tourneen durch Marokko und Algerien. In Casablanca trat er mit Le\u00efla Tounsia und Samy El Maghribi auf, nicht weit vom Kabarett <em>Au coq d&#8217;or<\/em> entfernt, in dem Salim Halalli sang.<\/p>\n<p>1967 verlassen \u00c9milie und Raoul Tunis, um zu drei ihrer T\u00f6chter zu ziehen, die sich in Paris niedergelassen hatten. Zu seiner \u00dcberraschung nahm er bereits 1971 eine Pariser Karriere mit seinem neuen Orchesterensemble Ari Bock auf. Er trat w\u00e4hrend Bar Mitzwas, Hochzeiten und anderen j\u00fcdischen Zeremonien auf, aber auch im franz\u00f6sischen Fernsehen im Pariser Casino (1987), im Olympia (1991), oder auch in der Cit\u00e9 Bleue in Genf (1999).<\/p>\n<p>Am 3. August 1980 wurde er vom tunesischen Pr\u00e4sident Bourguiba mit der Medaille des Kulturverdienstordens ausgezeichnet. Am 3. Oktober 1985 wurde er vom franz\u00f6sischen Kulturminister Jack Lang zum Chevalier des Arts et des Lettres (Ritter der K\u00fcnste und Literatur) ernannt.<\/p>\n<p>Raoul Journo starb am 22. November 2001 im Alter von 91 Jahren. Er wurde in Jerusalem bestattet. Er komponierte w\u00e4hrend seiner langen Karriere mehr als 90 Lieder, von denen die meisten heute auf CD oder im Internet erh\u00e4ltlich sind.<\/p>\n<p>Biografie: <em>Raoul Journo, ma vie, par ma fille Flavie<\/em>, Biblieurope, 2002, 236 S.<\/p>\n<ul>\n<li class=\"xmsonormal\"><a href=\"https:\/\/www.iemj.org\/chants-des-juifs-de-tunisie\/\" target=\"_blank\" rel=\"noopener\">H\u00f6ren Sie sich die Playlist \u00fcber den Gesang der Juden Tunesiens an<\/a><\/li>\n<li class=\"xmsonormal\"><a href=\"https:\/\/www.iemj.org\/chants-des-juifs-de-tunisie-2\/\" target=\"_blank\" rel=\"noopener\">H\u00f6ren Sie die Playlist \u00fcber den Gesang der Juden Tunesiens 2<\/a><\/li>\n<li class=\"xmsonormal\"><a href=\"https:\/\/www.iemj.org\/chanteurs-juifs-de-tunisie-2\/\" target=\"_blank\" rel=\"noopener\">H\u00f6ren Sie sich die von Herv\u00e9 Roten moderierte Radiosendung &#8211; J\u00fcdische S\u00e4nger aus Tunesien an<\/a><\/li>\n<li><a href=\"https:\/\/www.iemj.org\/raoul-journo\/\" target=\"_blank\" rel=\"noopener\">H\u00f6ren Sie einige Ausz\u00fcge aus der CD Raoul Journo an<\/a><\/li>\n<\/ul>\n\n\n<p><\/p>\n","protected":false},"excerpt":{"rendered":"<p>Von Herv\u00e9 Roten Raoul Journo wurde 1911 in Tunis geboren, und starb 2001 in Paris. Er war der Texter, Komponist und S\u00e4nger von mehr als 90 Lieder, die im dem<\/p>\n","protected":false},"author":5,"featured_media":86171,"comment_status":"closed","ping_status":"closed","sticky":false,"template":"","format":"standard","meta":{"_acf_changed":false,"footnotes":""},"categories":[1415],"tags":[],"technique":[],"squelettes":[],"sujet":[],"formation":[],"genre":[1914],"fonds":[],"tradition":[],"type-de-contenu":[],"interprete-compositeur":[],"frise":[],"type-devenement":[],"tableaux-liens-externes":[],"class_list":["post-86197","post","type-post","status-publish","format-standard","has-post-thumbnail","hentry","category-biografien-de","genre-oriental-de"],"acf":[],"yoast_head":"<!-- This site is optimized with the Yoast SEO plugin v27.3 - https:\/\/yoast.com\/product\/yoast-seo-wordpress\/ -->\n<title>Journo, Raoul (1911-2001) - Institut Europ\u00e9en des Musiques Juives<\/title>\n<meta name=\"robots\" content=\"index, follow, max-snippet:-1, max-image-preview:large, max-video-preview:-1\" \/>\n<link rel=\"canonical\" href=\"https:\/\/www.iemj.org\/de\/journo-raoul-1911-2001\/\" \/>\n<meta property=\"og:locale\" content=\"de_DE\" \/>\n<meta property=\"og:type\" content=\"article\" \/>\n<meta property=\"og:title\" content=\"Journo, Raoul (1911-2001) - Institut Europ\u00e9en des Musiques Juives\" \/>\n<meta property=\"og:description\" content=\"Von Herv\u00e9 Roten Raoul Journo wurde 1911 in Tunis geboren, und starb 2001 in Paris. Er war der Texter, Komponist und S\u00e4nger von mehr als 90 Lieder, die im dem\" \/>\n<meta property=\"og:url\" content=\"https:\/\/www.iemj.org\/de\/journo-raoul-1911-2001\/\" \/>\n<meta property=\"og:site_name\" content=\"Institut Europ\u00e9en des Musiques Juives\" \/>\n<meta property=\"article:publisher\" content=\"https:\/\/www.facebook.com\/MusiquesJuives\/\" \/>\n<meta property=\"article:published_time\" content=\"2022-07-20T16:02:13+00:00\" \/>\n<meta property=\"article:modified_time\" content=\"2022-07-21T12:13:05+00:00\" \/>\n<meta property=\"og:image\" content=\"https:\/\/www.iemj.org\/wp-content\/uploads\/2022\/07\/Logo-bio-Raoul-Journo.jpg\" \/>\n\t<meta property=\"og:image:width\" content=\"225\" \/>\n\t<meta property=\"og:image:height\" content=\"218\" \/>\n\t<meta property=\"og:image:type\" content=\"image\/jpeg\" \/>\n<meta name=\"author\" content=\"Jacqueline ROTEN\" \/>\n<meta name=\"twitter:card\" content=\"summary_large_image\" \/>\n<meta name=\"twitter:label1\" content=\"Verfasst von\" \/>\n\t<meta name=\"twitter:data1\" content=\"Jacqueline ROTEN\" \/>\n\t<meta name=\"twitter:label2\" content=\"Gesch\u00e4tzte Lesezeit\" \/>\n\t<meta name=\"twitter:data2\" content=\"7\u00a0Minuten\" \/>\n<script type=\"application\/ld+json\" class=\"yoast-schema-graph\">{\"@context\":\"https:\\\/\\\/schema.org\",\"@graph\":[{\"@type\":\"Article\",\"@id\":\"https:\\\/\\\/www.iemj.org\\\/de\\\/journo-raoul-1911-2001\\\/#article\",\"isPartOf\":{\"@id\":\"https:\\\/\\\/www.iemj.org\\\/de\\\/journo-raoul-1911-2001\\\/\"},\"author\":{\"name\":\"Jacqueline ROTEN\",\"@id\":\"https:\\\/\\\/www.iemj.org\\\/de\\\/#\\\/schema\\\/person\\\/358e26c18aca017fcc4cc15437f7279c\"},\"headline\":\"Journo, Raoul (1911-2001)\",\"datePublished\":\"2022-07-20T16:02:13+00:00\",\"dateModified\":\"2022-07-21T12:13:05+00:00\",\"mainEntityOfPage\":{\"@id\":\"https:\\\/\\\/www.iemj.org\\\/de\\\/journo-raoul-1911-2001\\\/\"},\"wordCount\":1083,\"publisher\":{\"@id\":\"https:\\\/\\\/www.iemj.org\\\/de\\\/#organization\"},\"image\":{\"@id\":\"https:\\\/\\\/www.iemj.org\\\/de\\\/journo-raoul-1911-2001\\\/#primaryimage\"},\"thumbnailUrl\":\"https:\\\/\\\/www.iemj.org\\\/wp-content\\\/uploads\\\/2022\\\/07\\\/Logo-bio-Raoul-Journo.jpg\",\"articleSection\":[\"Biografien\"],\"inLanguage\":\"de\"},{\"@type\":\"WebPage\",\"@id\":\"https:\\\/\\\/www.iemj.org\\\/de\\\/journo-raoul-1911-2001\\\/\",\"url\":\"https:\\\/\\\/www.iemj.org\\\/de\\\/journo-raoul-1911-2001\\\/\",\"name\":\"Journo, Raoul (1911-2001) - Institut Europ\u00e9en des Musiques Juives\",\"isPartOf\":{\"@id\":\"https:\\\/\\\/www.iemj.org\\\/de\\\/#website\"},\"primaryImageOfPage\":{\"@id\":\"https:\\\/\\\/www.iemj.org\\\/de\\\/journo-raoul-1911-2001\\\/#primaryimage\"},\"image\":{\"@id\":\"https:\\\/\\\/www.iemj.org\\\/de\\\/journo-raoul-1911-2001\\\/#primaryimage\"},\"thumbnailUrl\":\"https:\\\/\\\/www.iemj.org\\\/wp-content\\\/uploads\\\/2022\\\/07\\\/Logo-bio-Raoul-Journo.jpg\",\"datePublished\":\"2022-07-20T16:02:13+00:00\",\"dateModified\":\"2022-07-21T12:13:05+00:00\",\"breadcrumb\":{\"@id\":\"https:\\\/\\\/www.iemj.org\\\/de\\\/journo-raoul-1911-2001\\\/#breadcrumb\"},\"inLanguage\":\"de\",\"potentialAction\":[{\"@type\":\"ReadAction\",\"target\":[\"https:\\\/\\\/www.iemj.org\\\/de\\\/journo-raoul-1911-2001\\\/\"]}]},{\"@type\":\"ImageObject\",\"inLanguage\":\"de\",\"@id\":\"https:\\\/\\\/www.iemj.org\\\/de\\\/journo-raoul-1911-2001\\\/#primaryimage\",\"url\":\"https:\\\/\\\/www.iemj.org\\\/wp-content\\\/uploads\\\/2022\\\/07\\\/Logo-bio-Raoul-Journo.jpg\",\"contentUrl\":\"https:\\\/\\\/www.iemj.org\\\/wp-content\\\/uploads\\\/2022\\\/07\\\/Logo-bio-Raoul-Journo.jpg\",\"width\":225,\"height\":218},{\"@type\":\"BreadcrumbList\",\"@id\":\"https:\\\/\\\/www.iemj.org\\\/de\\\/journo-raoul-1911-2001\\\/#breadcrumb\",\"itemListElement\":[{\"@type\":\"ListItem\",\"position\":1,\"name\":\"Accueil\",\"item\":\"https:\\\/\\\/www.iemj.org\\\/de\\\/\"},{\"@type\":\"ListItem\",\"position\":2,\"name\":\"Journo, Raoul (1911-2001)\"}]},{\"@type\":\"WebSite\",\"@id\":\"https:\\\/\\\/www.iemj.org\\\/de\\\/#website\",\"url\":\"https:\\\/\\\/www.iemj.org\\\/de\\\/\",\"name\":\"Institut Europ\u00e9en des Musiques Juives\",\"description\":\"Des traditions musicales \u00e0 la port\u00e9e de tous\",\"publisher\":{\"@id\":\"https:\\\/\\\/www.iemj.org\\\/de\\\/#organization\"},\"potentialAction\":[{\"@type\":\"SearchAction\",\"target\":{\"@type\":\"EntryPoint\",\"urlTemplate\":\"https:\\\/\\\/www.iemj.org\\\/de\\\/?s={search_term_string}\"},\"query-input\":{\"@type\":\"PropertyValueSpecification\",\"valueRequired\":true,\"valueName\":\"search_term_string\"}}],\"inLanguage\":\"de\"},{\"@type\":\"Organization\",\"@id\":\"https:\\\/\\\/www.iemj.org\\\/de\\\/#organization\",\"name\":\"Institut Europ\u00e9en des Musiques Juives\",\"url\":\"https:\\\/\\\/www.iemj.org\\\/de\\\/\",\"logo\":{\"@type\":\"ImageObject\",\"inLanguage\":\"de\",\"@id\":\"https:\\\/\\\/www.iemj.org\\\/de\\\/#\\\/schema\\\/logo\\\/image\\\/\",\"url\":\"https:\\\/\\\/www.iemj.org\\\/wp-content\\\/uploads\\\/2021\\\/09\\\/Logo-IEMJ-Paypal.jpg\",\"contentUrl\":\"https:\\\/\\\/www.iemj.org\\\/wp-content\\\/uploads\\\/2021\\\/09\\\/Logo-IEMJ-Paypal.jpg\",\"width\":150,\"height\":50,\"caption\":\"Institut Europ\u00e9en des Musiques Juives\"},\"image\":{\"@id\":\"https:\\\/\\\/www.iemj.org\\\/de\\\/#\\\/schema\\\/logo\\\/image\\\/\"},\"sameAs\":[\"https:\\\/\\\/www.facebook.com\\\/MusiquesJuives\\\/\",\"https:\\\/\\\/www.instagram.com\\\/musiquesjuives\\\/\",\"https:\\\/\\\/www.youtube.com\\\/user\\\/musiquesjuives\"]},{\"@type\":\"Person\",\"@id\":\"https:\\\/\\\/www.iemj.org\\\/de\\\/#\\\/schema\\\/person\\\/358e26c18aca017fcc4cc15437f7279c\",\"name\":\"Jacqueline ROTEN\",\"image\":{\"@type\":\"ImageObject\",\"inLanguage\":\"de\",\"@id\":\"https:\\\/\\\/secure.gravatar.com\\\/avatar\\\/5964256d6c6957de3a3505278957e0fb2a35119ac47ea41827a65301213c810b?s=96&d=mm&r=g\",\"url\":\"https:\\\/\\\/secure.gravatar.com\\\/avatar\\\/5964256d6c6957de3a3505278957e0fb2a35119ac47ea41827a65301213c810b?s=96&d=mm&r=g\",\"contentUrl\":\"https:\\\/\\\/secure.gravatar.com\\\/avatar\\\/5964256d6c6957de3a3505278957e0fb2a35119ac47ea41827a65301213c810b?s=96&d=mm&r=g\",\"caption\":\"Jacqueline ROTEN\"}}]}<\/script>\n<!-- \/ Yoast SEO plugin. -->","yoast_head_json":{"title":"Journo, Raoul (1911-2001) - Institut Europ\u00e9en des Musiques Juives","robots":{"index":"index","follow":"follow","max-snippet":"max-snippet:-1","max-image-preview":"max-image-preview:large","max-video-preview":"max-video-preview:-1"},"canonical":"https:\/\/www.iemj.org\/de\/journo-raoul-1911-2001\/","og_locale":"de_DE","og_type":"article","og_title":"Journo, Raoul (1911-2001) - Institut Europ\u00e9en des Musiques Juives","og_description":"Von Herv\u00e9 Roten Raoul Journo wurde 1911 in Tunis geboren, und starb 2001 in Paris. Er war der Texter, Komponist und S\u00e4nger von mehr als 90 Lieder, die im dem","og_url":"https:\/\/www.iemj.org\/de\/journo-raoul-1911-2001\/","og_site_name":"Institut Europ\u00e9en des Musiques Juives","article_publisher":"https:\/\/www.facebook.com\/MusiquesJuives\/","article_published_time":"2022-07-20T16:02:13+00:00","article_modified_time":"2022-07-21T12:13:05+00:00","og_image":[{"width":225,"height":218,"url":"https:\/\/www.iemj.org\/wp-content\/uploads\/2022\/07\/Logo-bio-Raoul-Journo.jpg","type":"image\/jpeg"}],"author":"Jacqueline ROTEN","twitter_card":"summary_large_image","twitter_misc":{"Verfasst von":"Jacqueline ROTEN","Gesch\u00e4tzte Lesezeit":"7\u00a0Minuten"},"schema":{"@context":"https:\/\/schema.org","@graph":[{"@type":"Article","@id":"https:\/\/www.iemj.org\/de\/journo-raoul-1911-2001\/#article","isPartOf":{"@id":"https:\/\/www.iemj.org\/de\/journo-raoul-1911-2001\/"},"author":{"name":"Jacqueline ROTEN","@id":"https:\/\/www.iemj.org\/de\/#\/schema\/person\/358e26c18aca017fcc4cc15437f7279c"},"headline":"Journo, Raoul (1911-2001)","datePublished":"2022-07-20T16:02:13+00:00","dateModified":"2022-07-21T12:13:05+00:00","mainEntityOfPage":{"@id":"https:\/\/www.iemj.org\/de\/journo-raoul-1911-2001\/"},"wordCount":1083,"publisher":{"@id":"https:\/\/www.iemj.org\/de\/#organization"},"image":{"@id":"https:\/\/www.iemj.org\/de\/journo-raoul-1911-2001\/#primaryimage"},"thumbnailUrl":"https:\/\/www.iemj.org\/wp-content\/uploads\/2022\/07\/Logo-bio-Raoul-Journo.jpg","articleSection":["Biografien"],"inLanguage":"de"},{"@type":"WebPage","@id":"https:\/\/www.iemj.org\/de\/journo-raoul-1911-2001\/","url":"https:\/\/www.iemj.org\/de\/journo-raoul-1911-2001\/","name":"Journo, Raoul (1911-2001) - Institut Europ\u00e9en des Musiques Juives","isPartOf":{"@id":"https:\/\/www.iemj.org\/de\/#website"},"primaryImageOfPage":{"@id":"https:\/\/www.iemj.org\/de\/journo-raoul-1911-2001\/#primaryimage"},"image":{"@id":"https:\/\/www.iemj.org\/de\/journo-raoul-1911-2001\/#primaryimage"},"thumbnailUrl":"https:\/\/www.iemj.org\/wp-content\/uploads\/2022\/07\/Logo-bio-Raoul-Journo.jpg","datePublished":"2022-07-20T16:02:13+00:00","dateModified":"2022-07-21T12:13:05+00:00","breadcrumb":{"@id":"https:\/\/www.iemj.org\/de\/journo-raoul-1911-2001\/#breadcrumb"},"inLanguage":"de","potentialAction":[{"@type":"ReadAction","target":["https:\/\/www.iemj.org\/de\/journo-raoul-1911-2001\/"]}]},{"@type":"ImageObject","inLanguage":"de","@id":"https:\/\/www.iemj.org\/de\/journo-raoul-1911-2001\/#primaryimage","url":"https:\/\/www.iemj.org\/wp-content\/uploads\/2022\/07\/Logo-bio-Raoul-Journo.jpg","contentUrl":"https:\/\/www.iemj.org\/wp-content\/uploads\/2022\/07\/Logo-bio-Raoul-Journo.jpg","width":225,"height":218},{"@type":"BreadcrumbList","@id":"https:\/\/www.iemj.org\/de\/journo-raoul-1911-2001\/#breadcrumb","itemListElement":[{"@type":"ListItem","position":1,"name":"Accueil","item":"https:\/\/www.iemj.org\/de\/"},{"@type":"ListItem","position":2,"name":"Journo, Raoul (1911-2001)"}]},{"@type":"WebSite","@id":"https:\/\/www.iemj.org\/de\/#website","url":"https:\/\/www.iemj.org\/de\/","name":"Institut Europ\u00e9en des Musiques Juives","description":"Des traditions musicales \u00e0 la port\u00e9e de tous","publisher":{"@id":"https:\/\/www.iemj.org\/de\/#organization"},"potentialAction":[{"@type":"SearchAction","target":{"@type":"EntryPoint","urlTemplate":"https:\/\/www.iemj.org\/de\/?s={search_term_string}"},"query-input":{"@type":"PropertyValueSpecification","valueRequired":true,"valueName":"search_term_string"}}],"inLanguage":"de"},{"@type":"Organization","@id":"https:\/\/www.iemj.org\/de\/#organization","name":"Institut Europ\u00e9en des Musiques Juives","url":"https:\/\/www.iemj.org\/de\/","logo":{"@type":"ImageObject","inLanguage":"de","@id":"https:\/\/www.iemj.org\/de\/#\/schema\/logo\/image\/","url":"https:\/\/www.iemj.org\/wp-content\/uploads\/2021\/09\/Logo-IEMJ-Paypal.jpg","contentUrl":"https:\/\/www.iemj.org\/wp-content\/uploads\/2021\/09\/Logo-IEMJ-Paypal.jpg","width":150,"height":50,"caption":"Institut Europ\u00e9en des Musiques Juives"},"image":{"@id":"https:\/\/www.iemj.org\/de\/#\/schema\/logo\/image\/"},"sameAs":["https:\/\/www.facebook.com\/MusiquesJuives\/","https:\/\/www.instagram.com\/musiquesjuives\/","https:\/\/www.youtube.com\/user\/musiquesjuives"]},{"@type":"Person","@id":"https:\/\/www.iemj.org\/de\/#\/schema\/person\/358e26c18aca017fcc4cc15437f7279c","name":"Jacqueline ROTEN","image":{"@type":"ImageObject","inLanguage":"de","@id":"https:\/\/secure.gravatar.com\/avatar\/5964256d6c6957de3a3505278957e0fb2a35119ac47ea41827a65301213c810b?s=96&d=mm&r=g","url":"https:\/\/secure.gravatar.com\/avatar\/5964256d6c6957de3a3505278957e0fb2a35119ac47ea41827a65301213c810b?s=96&d=mm&r=g","contentUrl":"https:\/\/secure.gravatar.com\/avatar\/5964256d6c6957de3a3505278957e0fb2a35119ac47ea41827a65301213c810b?s=96&d=mm&r=g","caption":"Jacqueline ROTEN"}}]}},"_links":{"self":[{"href":"https:\/\/www.iemj.org\/de\/wp-json\/wp\/v2\/posts\/86197","targetHints":{"allow":["GET"]}}],"collection":[{"href":"https:\/\/www.iemj.org\/de\/wp-json\/wp\/v2\/posts"}],"about":[{"href":"https:\/\/www.iemj.org\/de\/wp-json\/wp\/v2\/types\/post"}],"author":[{"embeddable":true,"href":"https:\/\/www.iemj.org\/de\/wp-json\/wp\/v2\/users\/5"}],"replies":[{"embeddable":true,"href":"https:\/\/www.iemj.org\/de\/wp-json\/wp\/v2\/comments?post=86197"}],"version-history":[{"count":0,"href":"https:\/\/www.iemj.org\/de\/wp-json\/wp\/v2\/posts\/86197\/revisions"}],"wp:featuredmedia":[{"embeddable":true,"href":"https:\/\/www.iemj.org\/de\/wp-json\/wp\/v2\/media\/86171"}],"wp:attachment":[{"href":"https:\/\/www.iemj.org\/de\/wp-json\/wp\/v2\/media?parent=86197"}],"wp:term":[{"taxonomy":"category","embeddable":true,"href":"https:\/\/www.iemj.org\/de\/wp-json\/wp\/v2\/categories?post=86197"},{"taxonomy":"post_tag","embeddable":true,"href":"https:\/\/www.iemj.org\/de\/wp-json\/wp\/v2\/tags?post=86197"},{"taxonomy":"technique","embeddable":true,"href":"https:\/\/www.iemj.org\/de\/wp-json\/wp\/v2\/technique?post=86197"},{"taxonomy":"squelettes","embeddable":true,"href":"https:\/\/www.iemj.org\/de\/wp-json\/wp\/v2\/squelettes?post=86197"},{"taxonomy":"sujet","embeddable":true,"href":"https:\/\/www.iemj.org\/de\/wp-json\/wp\/v2\/sujet?post=86197"},{"taxonomy":"formation","embeddable":true,"href":"https:\/\/www.iemj.org\/de\/wp-json\/wp\/v2\/formation?post=86197"},{"taxonomy":"genre","embeddable":true,"href":"https:\/\/www.iemj.org\/de\/wp-json\/wp\/v2\/genre?post=86197"},{"taxonomy":"fonds","embeddable":true,"href":"https:\/\/www.iemj.org\/de\/wp-json\/wp\/v2\/fonds?post=86197"},{"taxonomy":"tradition","embeddable":true,"href":"https:\/\/www.iemj.org\/de\/wp-json\/wp\/v2\/tradition?post=86197"},{"taxonomy":"type-de-contenu","embeddable":true,"href":"https:\/\/www.iemj.org\/de\/wp-json\/wp\/v2\/type-de-contenu?post=86197"},{"taxonomy":"interprete-compositeur","embeddable":true,"href":"https:\/\/www.iemj.org\/de\/wp-json\/wp\/v2\/interprete-compositeur?post=86197"},{"taxonomy":"frise","embeddable":true,"href":"https:\/\/www.iemj.org\/de\/wp-json\/wp\/v2\/frise?post=86197"},{"taxonomy":"type-devenement","embeddable":true,"href":"https:\/\/www.iemj.org\/de\/wp-json\/wp\/v2\/type-devenement?post=86197"},{"taxonomy":"tableaux-liens-externes","embeddable":true,"href":"https:\/\/www.iemj.org\/de\/wp-json\/wp\/v2\/tableaux-liens-externes?post=86197"}],"curies":[{"name":"wp","href":"https:\/\/api.w.org\/{rel}","templated":true}]}}